{"id":30046,"date":"2020-01-05T14:12:25","date_gmt":"2020-01-05T14:12:25","guid":{"rendered":"https:\/\/www.shqiperia.com\/blog\/?p=30046"},"modified":"2020-01-05T14:12:25","modified_gmt":"2020-01-05T14:12:25","slug":"ligj-per-ruajtjen-e-gjuhes-shqipe-akademiku-nese-nuk-e-mbrojme-ne-ska-kush-e-ben-tjeter","status":"publish","type":"post","link":"https:\/\/www.shqiperia.com\/blog\/ligj-per-ruajtjen-e-gjuhes-shqipe-akademiku-nese-nuk-e-mbrojme-ne-ska-kush-e-ben-tjeter\/","title":{"rendered":"Ligj p\u00ebr ruajtjen e Gjuh\u00ebs Shqipe, akademiku: &#8211; N\u00ebse nuk e mbrojm\u00eb ne, s\u2019ka kush e b\u00ebn tjet\u00ebr!"},"content":{"rendered":"<p><img data-recalc-dims=\"1\" loading=\"lazy\" decoding=\"async\" data-attachment-id=\"30047\" data-permalink=\"https:\/\/www.shqiperia.com\/blog\/ligj-per-ruajtjen-e-gjuhes-shqipe-akademiku-nese-nuk-e-mbrojme-ne-ska-kush-e-ben-tjeter\/hqdefault-19\/\" data-orig-file=\"https:\/\/i0.wp.com\/www.shqiperia.com\/blog\/wp-content\/uploads\/2020\/01\/hqdefault.jpg?fit=480%2C249&amp;ssl=1\" data-orig-size=\"480,249\" data-comments-opened=\"1\" data-image-meta=\"{&quot;aperture&quot;:&quot;0&quot;,&quot;credit&quot;:&quot;&quot;,&quot;camera&quot;:&quot;&quot;,&quot;caption&quot;:&quot;&quot;,&quot;created_timestamp&quot;:&quot;0&quot;,&quot;copyright&quot;:&quot;&quot;,&quot;focal_length&quot;:&quot;0&quot;,&quot;iso&quot;:&quot;0&quot;,&quot;shutter_speed&quot;:&quot;0&quot;,&quot;title&quot;:&quot;&quot;,&quot;orientation&quot;:&quot;0&quot;}\" data-image-title=\"hqdefault\" data-image-description=\"\" data-image-caption=\"\" data-medium-file=\"https:\/\/i0.wp.com\/www.shqiperia.com\/blog\/wp-content\/uploads\/2020\/01\/hqdefault.jpg?fit=300%2C156&amp;ssl=1\" data-large-file=\"https:\/\/i0.wp.com\/www.shqiperia.com\/blog\/wp-content\/uploads\/2020\/01\/hqdefault.jpg?fit=480%2C249&amp;ssl=1\" class=\"alignnone  wp-image-30047\" alt=\"\" src=\"https:\/\/i0.wp.com\/www.shqiperia.com\/blog\/wp-content\/uploads\/2020\/01\/hqdefault.jpg?resize=498%2C259&#038;ssl=1\" width=\"498\" height=\"259\" srcset=\"https:\/\/i0.wp.com\/www.shqiperia.com\/blog\/wp-content\/uploads\/2020\/01\/hqdefault.jpg?resize=300%2C156&amp;ssl=1 300w, https:\/\/i0.wp.com\/www.shqiperia.com\/blog\/wp-content\/uploads\/2020\/01\/hqdefault.jpg?resize=450%2C233&amp;ssl=1 450w, https:\/\/i0.wp.com\/www.shqiperia.com\/blog\/wp-content\/uploads\/2020\/01\/hqdefault.jpg?resize=400%2C208&amp;ssl=1 400w, https:\/\/i0.wp.com\/www.shqiperia.com\/blog\/wp-content\/uploads\/2020\/01\/hqdefault.jpg?w=480&amp;ssl=1 480w\" sizes=\"auto, (max-width: 498px) 100vw, 498px\" \/><\/p>\n<p><strong>Ligj p\u00ebr ruajtjen e Gjuh\u00ebs Shqipe, akademiku: &#8211; N\u00ebse nuk e mbrojm\u00eb ne, s\u2019ka kush e b\u00ebn tjet\u00ebr!<\/strong><\/p>\n<p><em>Akademia e Shkencave p\u00ebr vitin 2020 do t\u00eb ket\u00eb prioritet edhe gjuh\u00ebn shqipe. Kryetari i k\u00ebtij institucioni, Sk\u00ebnder Gjinushi shpjegon se do t\u2019i propozojn\u00eb qeveris\u00eb nj\u00eb ligj p\u00ebr ruajtjen edhe zhvillimin e saj. Nd\u00ebrsa, gjuh\u00ebtari Gjovalin Shkurtaj shprehet, se kjo duhet b\u00ebr\u00eb pa qen\u00eb von\u00eb<\/em><\/p>\n<p>Nga <a href=\"https:\/\/shqiptarja.com\/autori\/218\">Valeria Dedaj\u00a0<\/a><\/p>\n<p>5 Janar, 2019<\/p>\n<p>Dikur populli shqiptar ka qen\u00eb analfabet, por fliste bukur, nd\u00ebrsa sot njer\u00ebzit kan\u00eb shum\u00eb diploma \u00a0dhe flasin keq. K\u00ebt\u00eb shqet\u00ebsim ngre akademiku edhe gjuh\u00ebtari Gjovalin Shkurtaj, teksa thot\u00eb se duhet m\u00eb shum\u00eb kujdes p\u00ebr ruajtjen e gjuh\u00ebs shqipe, ve\u00e7mas nga institucionet n\u00eb vend. Nd\u00ebrsa, kryetari i Akademis\u00eb s\u00eb Shkencave Sk\u00ebnder Gjinushi e cil\u00ebson si nj\u00eb nga prioritetet e institucionit q\u00eb ai drejton p\u00ebr vitin 2020, hartimin e nj\u00eb fjalori t\u00eb plot\u00eb p\u00ebr gjuh\u00ebn shqipe dhe t\u00eb nj\u00eb ligji, q\u00eb ta mbroj\u00eb at\u00eb.<\/p>\n<p><em>\u00a0\u201cN\u00ebse se mbrojm\u00eb ne gjuh\u00ebn shqipe, s\u2019ka kush ta mbroj\u00eb tjet\u00ebr. N\u00eb fush\u00ebn e albanologjis\u00eb, Shqip\u00ebria dhe Akademia e Shkencave duhet q\u00eb t\u00eb jet\u00eb n\u00eb avangard\u00eb. N\u00eb k\u00ebt\u00eb drejtim duhet nj\u00eb ligj, edhe nj\u00eb fjalor i plot\u00eb. ASH ka b\u00ebr\u00eb projekte m\u00eb par\u00eb, por do t\u2019i rishikoj\u00eb dhe riprozoj\u00eb, me ligj edhe me vendime t\u00eb K\u00ebshillit t\u00eb Ministrave p\u00ebr gjuh\u00ebn n\u00eb institucionet publike\u201d, shprehet akademiku Sk\u00ebnder Gjinushi.<\/em><\/p>\n<p>Ndon\u00ebse, nuk \u00ebsht\u00eb hera e par\u00eb q\u00eb Akademia e Shkencave propozon ligj p\u00ebr gjuh\u00ebn shqipe, k\u00ebsaj here Gjinushi shprehet i vendosur p\u00ebr m\u00eb shum\u00eb p\u00ebr v\u00ebmendje, edhe pse ky ligj do t\u00eb prek\u00a0institucionet, q\u00eb shpeshher\u00eb si\u00e7 rr\u00ebfen gjuh\u00ebtari Gjovalin Shkurtaj nuk kan\u00eb as korrektor edhe as redaktor.<\/p>\n<p><em>\u00a0\u201cBesoj se \u00ebsht\u00eb nj\u00eb gj\u00eb e d\u00ebshirueshme, jo vet\u00ebm p\u00ebr mua, por \u00a0p\u00ebr cilido shqiptar q\u00eb do t\u00eb mir\u00ebn e Shqip\u00ebris\u00eb edhe ka krenari se \u00ebsht\u00eb shqiptar. Sa mir\u00eb do t\u00eb ishte q\u00eb t\u00eb flasim shqip, t\u00eb kujdesemi p\u00ebr gjuh\u00ebn edhe para se t\u00eb themi fjal\u00ebn ta mendojm\u00eb mir\u00eb. Do t\u00eb d\u00ebshiroja q\u00eb viti 2020 t\u00eb jet\u00eb nj\u00eb vit i k\u00ebndelljes p\u00ebr gjuh\u00ebn shqipe. Populli shqiptar ka nj\u00eb pasuri fjal\u00ebsh edhe shprehjesh, \u00ebsht\u00eb nj\u00eb popull q\u00eb\u00a0 ka qen\u00eb analfabet, por fliste bukur, nd\u00ebrsa sot ka m\u00eb shum\u00eb diploma edhe flitet m\u00eb keq&#8230;\u201d, shprehet Shkurtaj.<\/em><\/p>\n<p>Prej 15 vitesh gjuha shqipe nuk ka nj\u00eb fjalor t\u00eb ri. Fjalori i fundit i Gjuh\u00ebs Shqipe, me rreth 48 mij\u00eb fjal\u00eb \u00ebsht\u00eb botuar n\u00eb vitin 2006 nga Instituti i Gjuh\u00ebsis\u00eb dhe Let\u00ebrsis\u00eb, q\u00eb asokohe n\u00eb var\u00ebsi t\u00eb Akademis\u00eb s\u00eb Shkencave.<\/p>\n<p>Shqiptarja.com<\/p>\n","protected":false},"excerpt":{"rendered":"<p>Ligj p\u00ebr ruajtjen e Gjuh\u00ebs Shqipe, akademiku: &#8211; N\u00ebse nuk e mbrojm\u00eb ne, s\u2019ka kush e b\u00ebn tjet\u00ebr! Akademia e Shkencave p\u00ebr vitin 2020 do t\u00eb ket\u00eb prioritet edhe gjuh\u00ebn shqipe. Kryetari i k\u00ebtij institucioni, Sk\u00ebnder Gjinushi shpjegon se do t\u2019i propozojn\u00eb qeveris\u00eb nj\u00eb ligj p\u00ebr ruajtjen edhe zhvillimin e saj. Nd\u00ebrsa, gjuh\u00ebtari Gjovalin Shkurtaj [&hellip;]<\/p>\n","protected":false},"author":9,"featured_media":30047,"comment_status":"open","ping_status":"open","sticky":false,"template":"","format":"standard","meta":{"jetpack_post_was_ever_published":false,"_jetpack_newsletter_access":"","_jetpack_dont_email_post_to_subs":false,"_jetpack_newsletter_tier_id":0,"_jetpack_memberships_contains_paywalled_content":false,"_jetpack_memberships_contains_paid_content":false,"footnotes":"","jetpack_publicize_message":"","jetpack_publicize_feature_enabled":true,"jetpack_social_post_already_shared":true,"jetpack_social_options":{"image_generator_settings":{"template":"highway","default_image_id":0,"font":"","enabled":false},"version":2}},"categories":[27,10,86],"tags":[],"class_list":["post-30046","post","type-post","status-publish","format-standard","has-post-thumbnail","hentry","category-blogu-i-udhetarit","category-kultura","category-trashegimi-kulturore"],"jetpack_publicize_connections":[],"jetpack_featured_media_url":"https:\/\/i0.wp.com\/www.shqiperia.com\/blog\/wp-content\/uploads\/2020\/01\/hqdefault.jpg?fit=480%2C249&ssl=1","jetpack_sharing_enabled":true,"jetpack_shortlink":"https:\/\/wp.me\/p5Z6wp-7OC","jetpack-related-posts":[{"id":84362,"url":"https:\/\/www.shqiperia.com\/blog\/gjuha-shqipe-paralajmerimi-i-gjuhetarit-rrezikon-te-kete-fatin-e-latinishtes\/","url_meta":{"origin":30046,"position":0},"title":"\u201cGjuha shqipe\u201d, paralajm\u00ebrimi i gjuh\u00ebtarit: &#8211; Rrezikon t\u00eb ket\u00eb fatin e latinishtes","author":"Kurt Farka","date":"September 12, 2024","format":false,"excerpt":"12 Shtator 2024 \u201cStandardi i gjuh\u00ebs shqipe duhet t\u00eb reformohet pa prekur baz\u00ebn e tosk\u00ebrishtes nga dijetar\u00eb t\u00eb men\u00e7ur q\u00eb iu rreh zemra shqip\u201d, k\u00ebshtu deklaroi n\u00eb nj\u00eb intervist\u00ebn p\u00ebr Merita Haklajn gjuh\u00ebtari Mehmet Elezi, pasi n\u00eb t\u00eb kund\u00ebrt gjuha shqipe \u00ebsht\u00eb e rrezikuar.\u201cNuk jam kurrsesi p\u00ebr p\u00ebrmbysjen. Ky standard\u2026","rel":"","context":"In &quot;Blogu i Udh\u00ebtarit&quot;","block_context":{"text":"Blogu i Udh\u00ebtarit","link":"https:\/\/www.shqiperia.com\/blog\/category\/blogu-i-udhetarit\/"},"img":{"alt_text":"","src":"https:\/\/i0.wp.com\/www.shqiperia.com\/blog\/wp-content\/uploads\/2024\/09\/Mehmet-Elezi.jpg?fit=975%2C523&ssl=1&resize=350%2C200","width":350,"height":200,"srcset":"https:\/\/i0.wp.com\/www.shqiperia.com\/blog\/wp-content\/uploads\/2024\/09\/Mehmet-Elezi.jpg?fit=975%2C523&ssl=1&resize=350%2C200 1x, https:\/\/i0.wp.com\/www.shqiperia.com\/blog\/wp-content\/uploads\/2024\/09\/Mehmet-Elezi.jpg?fit=975%2C523&ssl=1&resize=525%2C300 1.5x, https:\/\/i0.wp.com\/www.shqiperia.com\/blog\/wp-content\/uploads\/2024\/09\/Mehmet-Elezi.jpg?fit=975%2C523&ssl=1&resize=700%2C400 2x"},"classes":[]},{"id":64902,"url":"https:\/\/www.shqiperia.com\/blog\/akademia-e-shkencave-te-distancohet-prej-sigurimsave-ose-te-shpalle-publikisht-se-eshte-pale-me-ta-flet-gjuhetarja-ledi-shamku-shkreli\/","url_meta":{"origin":30046,"position":1},"title":"Akademia e Shkencave te distancohet prej sigurimsave ose te shpalle publikisht se eshte pal\u00eb me ta\u2026 &#8211; Flet gjuh\u00ebtarja Ledi Shamku Shkreli","author":"Kurt Farka","date":"November 29, 2022","format":false,"excerpt":"29 Nentor 2022 Gjuh\u00ebtarja e njohur Ledi Shamku Shkreli, k\u00ebrkon nga Akademia e Shkencave q\u00eb t\u00eb distancohet nga \u201csigurimsat\u201d, pas nj\u00eb rasti t\u00eb publikuar n\u00eb Newsbomb.al, p\u00ebr ish-Atasheun e Kultur\u00ebs dhe gjuh\u00ebtarin Gjovalin Shkurtaj. Ky i fundit, n\u00eb korrik \u201990 raportonte nga Roma p\u00ebr shqiptar\u00ebt q\u00eb i iknin diktatur\u00ebs, edhe\u2026","rel":"","context":"In &quot;Blogu i Udh\u00ebtarit&quot;","block_context":{"text":"Blogu i Udh\u00ebtarit","link":"https:\/\/www.shqiperia.com\/blog\/category\/blogu-i-udhetarit\/"},"img":{"alt_text":"","src":"https:\/\/i0.wp.com\/www.shqiperia.com\/blog\/wp-content\/uploads\/2022\/11\/Ledi-Shamku-Shkreli.jpg?fit=696%2C448&ssl=1&resize=350%2C200","width":350,"height":200,"srcset":"https:\/\/i0.wp.com\/www.shqiperia.com\/blog\/wp-content\/uploads\/2022\/11\/Ledi-Shamku-Shkreli.jpg?fit=696%2C448&ssl=1&resize=350%2C200 1x, https:\/\/i0.wp.com\/www.shqiperia.com\/blog\/wp-content\/uploads\/2022\/11\/Ledi-Shamku-Shkreli.jpg?fit=696%2C448&ssl=1&resize=525%2C300 1.5x"},"classes":[]},{"id":78582,"url":"https:\/\/www.shqiperia.com\/blog\/viti-2024-38588-milone-leke-te-rinje-per-akademine-dhe-institutet-tek-shkencat\/","url_meta":{"origin":30046,"position":2},"title":"Viti 2024\/ 385,88 milon\u00eb lek\u00eb t\u00eb rinj\u00eb p\u00ebr Akademin\u00eb dhe Institutet tek &#8220;Shkencat&#8221;","author":"Kurt Farka","date":"February 24, 2024","format":false,"excerpt":"24 Shkurt 2024 Asambleja e Akademis\u00eb s\u00eb Shkencave u mblodh k\u00ebt\u00eb t\u00eb premte p\u00ebr t\u00eb b\u00ebr\u00eb \u201cbilancin\u201d mbi veprimtarin\u00eb e vitit t\u00eb kaluar si dhe p\u00ebr t\u00eb prezantuar pikat ky\u00e7e t\u00eb programit p\u00ebr vitin 2024. Si\u00e7 thon\u00eb akademik\u00ebt tranzicioni \u201cshkencor\u201d tanim\u00eb ka p\u00ebrfunduar, dhe ndon\u00ebse i imponuar me vendim qeverie,\u2026","rel":"","context":"In &quot;Kultura&quot;","block_context":{"text":"Kultura","link":"https:\/\/www.shqiperia.com\/blog\/category\/kultura\/"},"img":{"alt_text":"","src":"https:\/\/i0.wp.com\/www.shqiperia.com\/blog\/wp-content\/uploads\/2024\/02\/1708723942_akademia.jpg?fit=780%2C440&ssl=1&resize=350%2C200","width":350,"height":200,"srcset":"https:\/\/i0.wp.com\/www.shqiperia.com\/blog\/wp-content\/uploads\/2024\/02\/1708723942_akademia.jpg?fit=780%2C440&ssl=1&resize=350%2C200 1x, https:\/\/i0.wp.com\/www.shqiperia.com\/blog\/wp-content\/uploads\/2024\/02\/1708723942_akademia.jpg?fit=780%2C440&ssl=1&resize=525%2C300 1.5x, https:\/\/i0.wp.com\/www.shqiperia.com\/blog\/wp-content\/uploads\/2024\/02\/1708723942_akademia.jpg?fit=780%2C440&ssl=1&resize=700%2C400 2x"},"classes":[]},{"id":7089,"url":"https:\/\/www.shqiperia.com\/blog\/brikena-vajza-e-eqrem-cabejt-promovojme-joklin-ne-nje-kohe-te-trishtuar-per-trashegimine\/","url_meta":{"origin":30046,"position":3},"title":"Brikena, vajza e Eqrem \u00c7abejt: Promovojm\u00eb Joklin n\u00eb nj\u00eb koh\u00eb t\u00eb trishtuar p\u00ebr trash\u00ebgimin\u00eb.-","author":"Kurt Farka","date":"May 5, 2018","format":false,"excerpt":"Brikena, vajza e Eqrem \u00c7abejt: Promovojm\u00eb Joklin n\u00eb nj\u00eb koh\u00eb t\u00eb trishtuar p\u00ebr trash\u00ebgimin\u00eb.- Nga: Dhurata Hamzai.- \u00a0 Nj\u00eb lib\u00ebr i shkruar nga Norbert Jokli n\u00eb vitin 1923 dhe i p\u00ebrkthyer nga gjuh\u00ebtari i shquar Eqrem \u00c7abej, q\u00eb titullohet \u201cStudime p\u00ebrmbi etimologjin\u00eb dhe fjal\u00ebformimin e shqipes\u201d \u00ebsht\u00eb promovuar keti dite\u2026","rel":"","context":"In &quot;Kultura&quot;","block_context":{"text":"Kultura","link":"https:\/\/www.shqiperia.com\/blog\/category\/kultura\/"},"img":{"alt_text":"","src":"https:\/\/i0.wp.com\/www.shqiperia.com\/blog\/wp-content\/uploads\/2018\/05\/1-Brikena-%C3%87abej.jpg?fit=367%2C284&ssl=1&resize=350%2C200","width":350,"height":200},"classes":[]},{"id":18998,"url":"https:\/\/www.shqiperia.com\/blog\/gustav-weigand-gjuhetari-gjerman-qe-i-dhuroi-bibliotekes-kombetare-200-libra-te-rralle\/","url_meta":{"origin":30046,"position":4},"title":"Gustav Weigand, gjuh\u00ebtari gjerman q\u00eb i dhuroi Bibliotek\u00ebs Komb\u00ebtare 200 libra t\u00eb rrall\u00eb.-","author":"Kurt Farka","date":"April 1, 2019","format":false,"excerpt":"Gustav Weigand, gjuh\u00ebtari gjerman q\u00eb i dhuroi Bibliotek\u00ebs Komb\u00ebtare 200 libra t\u00eb rrall\u00eb.- Gustav Weigand Gjermani Gustav Weigand, 1860 \u2013 1930, ka qen\u00eb nj\u00eb linguist i dipllomuar p\u00ebr gjuh\u00ebt romane n\u00eb universitetin e Lajpcigut. Me koh\u00eb dhe me shum\u00eb pun\u00eb, ai arriti t\u00eb b\u00ebhej specialist i shquar p\u00ebr gjuh\u00ebt ballkanike\u2026","rel":"","context":"In &quot;Kultura&quot;","block_context":{"text":"Kultura","link":"https:\/\/www.shqiperia.com\/blog\/category\/kultura\/"},"img":{"alt_text":"","src":"https:\/\/i0.wp.com\/www.shqiperia.com\/blog\/wp-content\/uploads\/2019\/04\/Gustav-Weigand-gjuh%C3%ABtari-gjerman-q%C3%AB-i-dhuroi-Bibliotek%C3%ABs-Komb%C3%ABtare-2.jpg?fit=713%2C386&ssl=1&resize=350%2C200","width":350,"height":200,"srcset":"https:\/\/i0.wp.com\/www.shqiperia.com\/blog\/wp-content\/uploads\/2019\/04\/Gustav-Weigand-gjuh%C3%ABtari-gjerman-q%C3%AB-i-dhuroi-Bibliotek%C3%ABs-Komb%C3%ABtare-2.jpg?fit=713%2C386&ssl=1&resize=350%2C200 1x, https:\/\/i0.wp.com\/www.shqiperia.com\/blog\/wp-content\/uploads\/2019\/04\/Gustav-Weigand-gjuh%C3%ABtari-gjerman-q%C3%AB-i-dhuroi-Bibliotek%C3%ABs-Komb%C3%ABtare-2.jpg?fit=713%2C386&ssl=1&resize=525%2C300 1.5x, https:\/\/i0.wp.com\/www.shqiperia.com\/blog\/wp-content\/uploads\/2019\/04\/Gustav-Weigand-gjuh%C3%ABtari-gjerman-q%C3%AB-i-dhuroi-Bibliotek%C3%ABs-Komb%C3%ABtare-2.jpg?fit=713%2C386&ssl=1&resize=700%2C400 2x"},"classes":[]},{"id":6682,"url":"https:\/\/www.shqiperia.com\/blog\/ismail-kadare-gjuha-shqipe-nje-nga-makinat-me-te-persosura-te-europes-interviste\/","url_meta":{"origin":30046,"position":5},"title":"Ismail Kadare: Gjuha shqipe, nj\u00eb nga makinat m\u00eb t\u00eb p\u00ebrsosura t\u00eb Europ\u00ebs (interviste). &#8211;","author":"Kurt Farka","date":"April 19, 2018","format":false,"excerpt":"\u00a0(Me rastin e 45 vjetorit t\u00eb Kongresit t\u00eb Drejtshkrimit\u00a0 t\u00eb gjuh\u00ebs shqipe) Kongresi i Drejtshkrimit nuk \u00ebsht\u00eb as nj\u00eb gj\u00eb p\u00ebr t\u2019i ngritur monument, p\u00ebr ta glorifikuar, por nuk \u00ebsht\u00eb as edhe nj\u00eb gj\u00eb q\u00eb duhet mallkuar, q\u00eb duhet rr\u00ebzuar. Pyetje:\u00a0Zoti Kadare, \u00e7far\u00eb vlere ka p\u00ebr ju sot Kongresi i\u2026","rel":"","context":"In &quot;Histori&quot;","block_context":{"text":"Histori","link":"https:\/\/www.shqiperia.com\/blog\/category\/histori\/"},"img":{"alt_text":"","src":"https:\/\/i0.wp.com\/www.shqiperia.com\/blog\/wp-content\/uploads\/2018\/04\/ismail-kadare1-Copy.jpg?fit=454%2C337&ssl=1&resize=350%2C200","width":350,"height":200},"classes":[]}],"_links":{"self":[{"href":"https:\/\/www.shqiperia.com\/blog\/wp-json\/wp\/v2\/posts\/30046","targetHints":{"allow":["GET"]}}],"collection":[{"href":"https:\/\/www.shqiperia.com\/blog\/wp-json\/wp\/v2\/posts"}],"about":[{"href":"https:\/\/www.shqiperia.com\/blog\/wp-json\/wp\/v2\/types\/post"}],"author":[{"embeddable":true,"href":"https:\/\/www.shqiperia.com\/blog\/wp-json\/wp\/v2\/users\/9"}],"replies":[{"embeddable":true,"href":"https:\/\/www.shqiperia.com\/blog\/wp-json\/wp\/v2\/comments?post=30046"}],"version-history":[{"count":1,"href":"https:\/\/www.shqiperia.com\/blog\/wp-json\/wp\/v2\/posts\/30046\/revisions"}],"predecessor-version":[{"id":30048,"href":"https:\/\/www.shqiperia.com\/blog\/wp-json\/wp\/v2\/posts\/30046\/revisions\/30048"}],"wp:featuredmedia":[{"embeddable":true,"href":"https:\/\/www.shqiperia.com\/blog\/wp-json\/wp\/v2\/media\/30047"}],"wp:attachment":[{"href":"https:\/\/www.shqiperia.com\/blog\/wp-json\/wp\/v2\/media?parent=30046"}],"wp:term":[{"taxonomy":"category","embeddable":true,"href":"https:\/\/www.shqiperia.com\/blog\/wp-json\/wp\/v2\/categories?post=30046"},{"taxonomy":"post_tag","embeddable":true,"href":"https:\/\/www.shqiperia.com\/blog\/wp-json\/wp\/v2\/tags?post=30046"}],"curies":[{"name":"wp","href":"https:\/\/api.w.org\/{rel}","templated":true}]}}