{"id":30043,"date":"2020-01-05T13:35:21","date_gmt":"2020-01-05T13:35:21","guid":{"rendered":"https:\/\/www.shqiperia.com\/blog\/?p=30043"},"modified":"2020-01-05T13:35:21","modified_gmt":"2020-01-05T13:35:21","slug":"rikthehet-tensioni-te-ambasada-malazeze-serbet-thirrje-anti-shqiptare","status":"publish","type":"post","link":"https:\/\/www.shqiperia.com\/blog\/rikthehet-tensioni-te-ambasada-malazeze-serbet-thirrje-anti-shqiptare\/","title":{"rendered":"Rikthehet tensioni te ambasada malazeze, serb\u00ebt thirrje anti-shqiptare"},"content":{"rendered":"<p><img data-recalc-dims=\"1\" loading=\"lazy\" decoding=\"async\" data-attachment-id=\"30044\" data-permalink=\"https:\/\/www.shqiperia.com\/blog\/rikthehet-tensioni-te-ambasada-malazeze-serbet-thirrje-anti-shqiptare\/tritan-shehu-905x450\/\" data-orig-file=\"https:\/\/i0.wp.com\/www.shqiperia.com\/blog\/wp-content\/uploads\/2020\/01\/tritan-shehu-905x450-1.jpg?fit=905%2C450&amp;ssl=1\" data-orig-size=\"905,450\" data-comments-opened=\"1\" data-image-meta=\"{&quot;aperture&quot;:&quot;0&quot;,&quot;credit&quot;:&quot;&quot;,&quot;camera&quot;:&quot;&quot;,&quot;caption&quot;:&quot;&quot;,&quot;created_timestamp&quot;:&quot;0&quot;,&quot;copyright&quot;:&quot;&quot;,&quot;focal_length&quot;:&quot;0&quot;,&quot;iso&quot;:&quot;0&quot;,&quot;shutter_speed&quot;:&quot;0&quot;,&quot;title&quot;:&quot;&quot;,&quot;orientation&quot;:&quot;0&quot;}\" data-image-title=\"tritan-shehu-905&#215;450\" data-image-description=\"\" data-image-caption=\"\" data-medium-file=\"https:\/\/i0.wp.com\/www.shqiperia.com\/blog\/wp-content\/uploads\/2020\/01\/tritan-shehu-905x450-1.jpg?fit=300%2C149&amp;ssl=1\" data-large-file=\"https:\/\/i0.wp.com\/www.shqiperia.com\/blog\/wp-content\/uploads\/2020\/01\/tritan-shehu-905x450-1.jpg?fit=905%2C450&amp;ssl=1\" class=\"alignnone  wp-image-30044\" alt=\"\" src=\"https:\/\/i0.wp.com\/www.shqiperia.com\/blog\/wp-content\/uploads\/2020\/01\/tritan-shehu-905x450-1.jpg?resize=530%2C263&#038;ssl=1\" width=\"530\" height=\"263\" srcset=\"https:\/\/i0.wp.com\/www.shqiperia.com\/blog\/wp-content\/uploads\/2020\/01\/tritan-shehu-905x450-1.jpg?resize=300%2C149&amp;ssl=1 300w, https:\/\/i0.wp.com\/www.shqiperia.com\/blog\/wp-content\/uploads\/2020\/01\/tritan-shehu-905x450-1.jpg?resize=768%2C382&amp;ssl=1 768w, https:\/\/i0.wp.com\/www.shqiperia.com\/blog\/wp-content\/uploads\/2020\/01\/tritan-shehu-905x450-1.jpg?resize=450%2C224&amp;ssl=1 450w, https:\/\/i0.wp.com\/www.shqiperia.com\/blog\/wp-content\/uploads\/2020\/01\/tritan-shehu-905x450-1.jpg?resize=600%2C298&amp;ssl=1 600w, https:\/\/i0.wp.com\/www.shqiperia.com\/blog\/wp-content\/uploads\/2020\/01\/tritan-shehu-905x450-1.jpg?resize=400%2C199&amp;ssl=1 400w, https:\/\/i0.wp.com\/www.shqiperia.com\/blog\/wp-content\/uploads\/2020\/01\/tritan-shehu-905x450-1.jpg?w=905&amp;ssl=1 905w\" sizes=\"auto, (max-width: 530px) 100vw, 530px\" \/><\/p>\n<p><strong>Rikthehet tensioni te ambasada malazeze, serb\u00ebt thirrje anti-shqiptare<\/strong><\/p>\n<p>5 janar 2020<\/p>\n<p>Protestues jan\u00eb mbledhur edhe mbr\u00ebm\u00eb para ambasad\u00ebs se Malit t\u00eb Zi n\u00eb Beograd.<\/p>\n<p>Tensionet e para nis\u00ebn m\u00eb 3 janar, kur turma sulmoi ambasad\u00ebn dhe u p\u00ebrpoq t\u00eb djeg\u00eb flamurin malazez mbi godin\u00eb.<\/p>\n<p>Protestuestit kund\u00ebrshtojn\u00eb ligjin e ri p\u00ebr t\u00eb drejtat fetare.<\/p>\n<p>Ata thon\u00eb se ligji i ri i mund\u00ebson Malit t\u00eb Zi t\u00eb konfiskoj\u00eb pronat e kish\u00ebs, duke p\u00ebrfshir\u00eb manastiret, kishat dhe pasuri t\u00eb tjera.<\/p>\n<p>N\u00eb video protestuesit ndodhen para ambasad\u00ebs malazeze n\u00eb Beograd dhe mes t\u00eb tjerash b\u00ebjn\u00eb thirrje kund\u00ebr shqiptar\u00ebve.<\/p>\n<p>Gazeta Dita<\/p>\n","protected":false},"excerpt":{"rendered":"<p>Rikthehet tensioni te ambasada malazeze, serb\u00ebt thirrje anti-shqiptare 5 janar 2020 Protestues jan\u00eb mbledhur edhe mbr\u00ebm\u00eb para ambasad\u00ebs se Malit t\u00eb Zi n\u00eb Beograd. Tensionet e para nis\u00ebn m\u00eb 3 janar, kur turma sulmoi ambasad\u00ebn dhe u p\u00ebrpoq t\u00eb djeg\u00eb flamurin malazez mbi godin\u00eb. Protestuestit kund\u00ebrshtojn\u00eb ligjin e ri p\u00ebr t\u00eb drejtat fetare. Ata thon\u00eb [&hellip;]<\/p>\n","protected":false},"author":9,"featured_media":30044,"comment_status":"open","ping_status":"open","sticky":false,"template":"","format":"standard","meta":{"jetpack_post_was_ever_published":false,"_jetpack_newsletter_access":"","_jetpack_dont_email_post_to_subs":false,"_jetpack_newsletter_tier_id":0,"_jetpack_memberships_contains_paywalled_content":false,"_jetpack_memberships_contains_paid_content":false,"footnotes":"","jetpack_publicize_message":"","jetpack_publicize_feature_enabled":true,"jetpack_social_post_already_shared":true,"jetpack_social_options":{"image_generator_settings":{"template":"highway","default_image_id":0,"font":"","enabled":false},"version":2}},"categories":[27,1],"tags":[],"class_list":["post-30043","post","type-post","status-publish","format-standard","has-post-thumbnail","hentry","category-blogu-i-udhetarit","category-njoftime-shtypi"],"jetpack_publicize_connections":[],"jetpack_featured_media_url":"https:\/\/i0.wp.com\/www.shqiperia.com\/blog\/wp-content\/uploads\/2020\/01\/tritan-shehu-905x450-1.jpg?fit=905%2C450&ssl=1","jetpack_sharing_enabled":true,"jetpack_shortlink":"https:\/\/wp.me\/p5Z6wp-7Oz","jetpack-related-posts":[{"id":84293,"url":"https:\/\/www.shqiperia.com\/blog\/bllokohet-pika-kufitare-mes-malit-te-zi-dhe-shqiperise-shfaqet-banderola-me-mesazh-provokues\/","url_meta":{"origin":30043,"position":0},"title":"Bllokohet pika kufitare mes Malit t\u00eb Zi dhe Shqip\u00ebris\u00eb, shfaqet banderola me mesazh provokues","author":"Kurt Farka","date":"September 10, 2024","format":false,"excerpt":"10 Shtator 2024. Nj\u00eb akt i r\u00ebnd\u00eb \u00ebsht\u00eb sh\u00ebnuar t\u00eb diel\u00ebn n\u00eb af\u00ebrsi t\u00eb kufirit me Shqip\u00ebrin\u00eb n\u00eb aksin Tuz \u2013 Bozhaj. Nj\u00eb grup qytetar\u00ebsh kan\u00eb organizuar nj\u00eb bllokad\u00eb t\u00eb pik\u00ebs kufitare Bozaj nd\u00ebrmjet Malit t\u00eb Zi dhe Shqip\u00ebris\u00eb me q\u00ebllim t\u00eb mb\u00ebshtetjes p\u00ebr serb\u00ebt n\u00eb Kosov\u00eb. Sipas mediave malazeze,\u2026","rel":"","context":"In &quot;Blogu i Udh\u00ebtarit&quot;","block_context":{"text":"Blogu i Udh\u00ebtarit","link":"https:\/\/www.shqiperia.com\/blog\/category\/blogu-i-udhetarit\/"},"img":{"alt_text":"","src":"https:\/\/i0.wp.com\/www.shqiperia.com\/blog\/wp-content\/uploads\/2024\/09\/640-0-ae121831155b361e59ee017127bf9ade.png?fit=640%2C361&ssl=1&resize=350%2C200","width":350,"height":200,"srcset":"https:\/\/i0.wp.com\/www.shqiperia.com\/blog\/wp-content\/uploads\/2024\/09\/640-0-ae121831155b361e59ee017127bf9ade.png?fit=640%2C361&ssl=1&resize=350%2C200 1x, https:\/\/i0.wp.com\/www.shqiperia.com\/blog\/wp-content\/uploads\/2024\/09\/640-0-ae121831155b361e59ee017127bf9ade.png?fit=640%2C361&ssl=1&resize=525%2C300 1.5x"},"classes":[]},{"id":49635,"url":"https:\/\/www.shqiperia.com\/blog\/cetina-perplas-fort-malazezet-me-serbet-tensione-per-ceremonine-e-mitropolitit-te-kishes-ortodokse-serbe-ne-malin-e-zi\/","url_meta":{"origin":30043,"position":1},"title":"Cetina p\u00ebrplas fort malazez\u00ebt me serb\u00ebt. &#8211; \u00a0Tensione p\u00ebr ceremonin\u00eb e mitropolitit t\u00eb kish\u00ebs ortodokse serbe ne Malin e Zi","author":"Kurt Farka","date":"September 4, 2021","format":false,"excerpt":"Cetina p\u00ebrplas fort malazez\u00ebt me serb\u00ebt. - \u00a0Tensione p\u00ebr ceremonin\u00eb e mitropolitit t\u00eb kish\u00ebs ortodokse serbe ne Malin e Zi 4 shtator 2021 Ceremonia e marrjes s\u00eb detyr\u00ebs t\u00eb mitropolitit t\u00eb Kish\u00ebs Ortodokse Serbe n\u00eb Mal t\u00eb Zi, e planifikuar p\u00ebr dit\u00ebn e diel ka rritur tensionet mes malazez\u00ebve dhe\u2026","rel":"","context":"In &quot;Blogu i Udh\u00ebtarit&quot;","block_context":{"text":"Blogu i Udh\u00ebtarit","link":"https:\/\/www.shqiperia.com\/blog\/category\/blogu-i-udhetarit\/"},"img":{"alt_text":"","src":"https:\/\/i0.wp.com\/www.shqiperia.com\/blog\/wp-content\/uploads\/2021\/09\/640-0-6133ddd675343.jpg?fit=640%2C360&ssl=1&resize=350%2C200","width":350,"height":200,"srcset":"https:\/\/i0.wp.com\/www.shqiperia.com\/blog\/wp-content\/uploads\/2021\/09\/640-0-6133ddd675343.jpg?fit=640%2C360&ssl=1&resize=350%2C200 1x, https:\/\/i0.wp.com\/www.shqiperia.com\/blog\/wp-content\/uploads\/2021\/09\/640-0-6133ddd675343.jpg?fit=640%2C360&ssl=1&resize=525%2C300 1.5x"},"classes":[]},{"id":72721,"url":"https:\/\/www.shqiperia.com\/blog\/ne-tirane-ekspozite-me-kostumet-shekullore-malazeze-cullafiq-ne-kohen-e-krajl-nikolles-kushtonin-sa-nje-shtepi-amaneti-i-te-pareve-per-to\/","url_meta":{"origin":30043,"position":2},"title":"N\u00eb Tiran\u00eb Ekspozite me kostumet shekullore malazeze! \u00c7ullafiq: &#8211; N\u00eb koh\u00ebn e Krajl Nikoll\u00ebs kushtonin sa nj\u00eb sht\u00ebpi! Amaneti i t\u00eb par\u00ebve p\u00ebr to","author":"Kurt Farka","date":"July 14, 2023","format":false,"excerpt":"14 Korrik 2023 Nga Anila Dedaj\u00a0 N\u00eb dit\u00ebn e tret\u00eb t\u00eb Jav\u00ebs Kulturore Malazeze, Marinko \u00c7ullafiq, p\u00ebrfaq\u00ebsuesi i k\u00ebsaj pakice n\u00eb vend tregon p\u00ebr tradit\u00ebn shekullore t\u00eb kostumeve vendase ekspozuar n\u00eb Kalan\u00eb e Tiran\u00ebs, parad\u00ebn \u2018mazoretkinja\u2019 q\u00eb joshi qytetar\u00ebt Tiranas dhe bashk\u00ebjetes\u00ebn harmonike me shqiptar\u00ebt. \u00cbsht\u00eb dita e tret\u00eb e\u2026","rel":"","context":"In &quot;Blogu i Udh\u00ebtarit&quot;","block_context":{"text":"Blogu i Udh\u00ebtarit","link":"https:\/\/www.shqiperia.com\/blog\/category\/blogu-i-udhetarit\/"},"img":{"alt_text":"","src":"https:\/\/i0.wp.com\/www.shqiperia.com\/blog\/wp-content\/uploads\/2023\/07\/1689171921_3590486212505922543957654993177081449794793n.jpg?fit=1200%2C800&ssl=1&resize=350%2C200","width":350,"height":200,"srcset":"https:\/\/i0.wp.com\/www.shqiperia.com\/blog\/wp-content\/uploads\/2023\/07\/1689171921_3590486212505922543957654993177081449794793n.jpg?fit=1200%2C800&ssl=1&resize=350%2C200 1x, https:\/\/i0.wp.com\/www.shqiperia.com\/blog\/wp-content\/uploads\/2023\/07\/1689171921_3590486212505922543957654993177081449794793n.jpg?fit=1200%2C800&ssl=1&resize=525%2C300 1.5x, https:\/\/i0.wp.com\/www.shqiperia.com\/blog\/wp-content\/uploads\/2023\/07\/1689171921_3590486212505922543957654993177081449794793n.jpg?fit=1200%2C800&ssl=1&resize=700%2C400 2x, https:\/\/i0.wp.com\/www.shqiperia.com\/blog\/wp-content\/uploads\/2023\/07\/1689171921_3590486212505922543957654993177081449794793n.jpg?fit=1200%2C800&ssl=1&resize=1050%2C600 3x"},"classes":[]},{"id":37896,"url":"https:\/\/www.shqiperia.com\/blog\/shperthen-perplasja-civile-ne-rruget-e-podgorices\/","url_meta":{"origin":30043,"position":3},"title":"Shp\u00ebrthen p\u00ebrplasja civile n\u00eb rrug\u00ebt e Podgoric\u00ebs","author":"Kurt Farka","date":"September 1, 2020","format":false,"excerpt":"Shp\u00ebrthen p\u00ebrplasja civile n\u00eb rrug\u00ebt e Podgoric\u00ebs 1 SHTATOR 2020 Tensioni i lart\u00eb i manifestuar pas zhvillimit t\u00eb zgjedhjeve n\u00eb Mal t\u00eb Zi \u00ebsht\u00eb derdhur n\u00eb rrug\u00eb ku ka pasur p\u00ebrplasje me gur\u00eb e mjete t\u00eb forta nd\u00ebrmjet civil\u00ebsh. Gjith\u00e7ka ka ndodhur n\u00eb or\u00ebt e vona t\u00eb nat\u00ebs n\u00eb rrug\u00ebt\u2026","rel":"","context":"In &quot;Blogu i Udh\u00ebtarit&quot;","block_context":{"text":"Blogu i Udh\u00ebtarit","link":"https:\/\/www.shqiperia.com\/blog\/category\/blogu-i-udhetarit\/"},"img":{"alt_text":"","src":"https:\/\/i0.wp.com\/www.shqiperia.com\/blog\/wp-content\/uploads\/2020\/09\/1.png?fit=640%2C351&ssl=1&resize=350%2C200","width":350,"height":200,"srcset":"https:\/\/i0.wp.com\/www.shqiperia.com\/blog\/wp-content\/uploads\/2020\/09\/1.png?fit=640%2C351&ssl=1&resize=350%2C200 1x, https:\/\/i0.wp.com\/www.shqiperia.com\/blog\/wp-content\/uploads\/2020\/09\/1.png?fit=640%2C351&ssl=1&resize=525%2C300 1.5x"},"classes":[]},{"id":49645,"url":"https:\/\/www.shqiperia.com\/blog\/e-pabesueshme-tym-e-flake-dhe-kaos-patriarku-vjen-me-helikopter-dhe-antiplumb-nga-serbia-dhe-fronezohet-ne-malin-e-zi\/","url_meta":{"origin":30043,"position":4},"title":"E pabesueshme! Tym e flak\u00eb dhe kaos, Patriarku vjen me helikopter dhe antiplumb nga Serbia dhe fron\u00ebzohet n\u00eb Malin e Zi","author":"Kurt Farka","date":"September 5, 2021","format":false,"excerpt":"E pabesueshme! Tym e flak\u00eb dhe kaos, Patriarku vjen me helikopter dhe antiplumb nga Serbia dhe fron\u00ebzohet n\u00eb Malin e Zi 5 SHTATOR 2021 Tym e flak\u00eb n\u00eb Malin e Zi! Ceremonia e fron\u00ebzimit t\u00eb Patriarkut nga Serbia n\u00eb kish\u00ebn ortodokse t\u00eb Cetinj\u00ebs, nj\u00eb nga simbolet e malazez\u00ebve ka shkaktuar\u2026","rel":"","context":"In &quot;Blogu i Udh\u00ebtarit&quot;","block_context":{"text":"Blogu i Udh\u00ebtarit","link":"https:\/\/www.shqiperia.com\/blog\/category\/blogu-i-udhetarit\/"},"img":{"alt_text":"","src":"https:\/\/i0.wp.com\/www.shqiperia.com\/blog\/wp-content\/uploads\/2021\/09\/640-0-6134899e459db.jpg?fit=640%2C322&ssl=1&resize=350%2C200","width":350,"height":200,"srcset":"https:\/\/i0.wp.com\/www.shqiperia.com\/blog\/wp-content\/uploads\/2021\/09\/640-0-6134899e459db.jpg?fit=640%2C322&ssl=1&resize=350%2C200 1x, https:\/\/i0.wp.com\/www.shqiperia.com\/blog\/wp-content\/uploads\/2021\/09\/640-0-6134899e459db.jpg?fit=640%2C322&ssl=1&resize=525%2C300 1.5x"},"classes":[]},{"id":53385,"url":"https:\/\/www.shqiperia.com\/blog\/shperthejne-tensionet-ne-malin-e-zi-thellohet-konflikti-mes-krivokapic-dhe-abazovic\/","url_meta":{"origin":30043,"position":5},"title":"Shp\u00ebrthejn\u00eb tensionet n\u00eb Malin e Zi. &#8211; Thellohet konflikti mes Krivokapi\u00e7 dhe Abazovi\u00e7","author":"Kurt Farka","date":"January 22, 2022","format":false,"excerpt":"Shp\u00ebrthejn\u00eb tensionet n\u00eb Malin e Zi. - Thellohet konflikti mes Krivokapi\u00e7 dhe Abazovi\u00e7 22 JANAR 2022 Q\u00eb nga momenti kur u paralajm\u00ebrua mocioni i mosbesimit ndaj qeveris\u00eb s\u00eb kryeministrit Zdravko Krivokapiq n\u00eb Mal t\u00eb Zi filluan akuzat mes Kryeminist\u00ebrit dhe Zv\/kryeministrit, protestat n\u00eb rrug\u00eb dhe s\u00eb fundmi erdhi edhe propozimi\u2026","rel":"","context":"In &quot;Blogu i Udh\u00ebtarit&quot;","block_context":{"text":"Blogu i Udh\u00ebtarit","link":"https:\/\/www.shqiperia.com\/blog\/category\/blogu-i-udhetarit\/"},"img":{"alt_text":"","src":"https:\/\/i0.wp.com\/www.shqiperia.com\/blog\/wp-content\/uploads\/2022\/01\/Shperthejne-tensionet-ne-Malin-e-Zi.-Thellohet-konflikti-mes-Krivokapic-dhe-Abazovic.jpg?fit=800%2C450&ssl=1&resize=350%2C200","width":350,"height":200,"srcset":"https:\/\/i0.wp.com\/www.shqiperia.com\/blog\/wp-content\/uploads\/2022\/01\/Shperthejne-tensionet-ne-Malin-e-Zi.-Thellohet-konflikti-mes-Krivokapic-dhe-Abazovic.jpg?fit=800%2C450&ssl=1&resize=350%2C200 1x, https:\/\/i0.wp.com\/www.shqiperia.com\/blog\/wp-content\/uploads\/2022\/01\/Shperthejne-tensionet-ne-Malin-e-Zi.-Thellohet-konflikti-mes-Krivokapic-dhe-Abazovic.jpg?fit=800%2C450&ssl=1&resize=525%2C300 1.5x, https:\/\/i0.wp.com\/www.shqiperia.com\/blog\/wp-content\/uploads\/2022\/01\/Shperthejne-tensionet-ne-Malin-e-Zi.-Thellohet-konflikti-mes-Krivokapic-dhe-Abazovic.jpg?fit=800%2C450&ssl=1&resize=700%2C400 2x"},"classes":[]}],"_links":{"self":[{"href":"https:\/\/www.shqiperia.com\/blog\/wp-json\/wp\/v2\/posts\/30043","targetHints":{"allow":["GET"]}}],"collection":[{"href":"https:\/\/www.shqiperia.com\/blog\/wp-json\/wp\/v2\/posts"}],"about":[{"href":"https:\/\/www.shqiperia.com\/blog\/wp-json\/wp\/v2\/types\/post"}],"author":[{"embeddable":true,"href":"https:\/\/www.shqiperia.com\/blog\/wp-json\/wp\/v2\/users\/9"}],"replies":[{"embeddable":true,"href":"https:\/\/www.shqiperia.com\/blog\/wp-json\/wp\/v2\/comments?post=30043"}],"version-history":[{"count":1,"href":"https:\/\/www.shqiperia.com\/blog\/wp-json\/wp\/v2\/posts\/30043\/revisions"}],"predecessor-version":[{"id":30045,"href":"https:\/\/www.shqiperia.com\/blog\/wp-json\/wp\/v2\/posts\/30043\/revisions\/30045"}],"wp:featuredmedia":[{"embeddable":true,"href":"https:\/\/www.shqiperia.com\/blog\/wp-json\/wp\/v2\/media\/30044"}],"wp:attachment":[{"href":"https:\/\/www.shqiperia.com\/blog\/wp-json\/wp\/v2\/media?parent=30043"}],"wp:term":[{"taxonomy":"category","embeddable":true,"href":"https:\/\/www.shqiperia.com\/blog\/wp-json\/wp\/v2\/categories?post=30043"},{"taxonomy":"post_tag","embeddable":true,"href":"https:\/\/www.shqiperia.com\/blog\/wp-json\/wp\/v2\/tags?post=30043"}],"curies":[{"name":"wp","href":"https:\/\/api.w.org\/{rel}","templated":true}]}}