{"id":30039,"date":"2020-01-05T13:14:57","date_gmt":"2020-01-05T13:14:57","guid":{"rendered":"https:\/\/www.shqiperia.com\/blog\/?p=30039"},"modified":"2024-01-23T04:51:32","modified_gmt":"2024-01-23T04:51:32","slug":"dokument-proteste-e-krereve-te-mirdites-pukes-kthelles-malesise-se-lezhes-dhe-lures-drejtuar-te-plotfuqishmeve-te-fuqive-te-medha-ne-kongresin-e-berlinit-me-kerkesen-per-njohjen-e-autonomis","status":"publish","type":"post","link":"https:\/\/www.shqiperia.com\/blog\/dokument-proteste-e-krereve-te-mirdites-pukes-kthelles-malesise-se-lezhes-dhe-lures-drejtuar-te-plotfuqishmeve-te-fuqive-te-medha-ne-kongresin-e-berlinit-me-kerkesen-per-njohjen-e-autonomis\/","title":{"rendered":"Dokument: -Protest\u00eb e krer\u00ebve t\u00eb Mirdit\u00ebs, Puk\u00ebs, Kthell\u00ebs, Mal\u00ebsis\u00eb s\u00eb Lezh\u00ebs dhe Lur\u00ebs drejtuar t\u00eb plotfuqishm\u00ebve t\u00eb Fuqive t\u00eb M\u00ebdha n\u00eb Kon\u00adgresin e Berlinit me k\u00ebrkes\u00ebn p\u00ebr njohjen e autonomis\u00eb. krahinore, si dhe t\u00eb s\u00eb drejt\u00ebs p\u00ebr krijimin e nj\u00eb shteti autonom"},"content":{"rendered":"<p><img data-recalc-dims=\"1\" loading=\"lazy\" decoding=\"async\" data-attachment-id=\"30040\" data-permalink=\"https:\/\/www.shqiperia.com\/blog\/dokument-proteste-e-krereve-te-mirdites-pukes-kthelles-malesise-se-lezhes-dhe-lures-drejtuar-te-plotfuqishmeve-te-fuqive-te-medha-ne-kongresin-e-berlinit-me-kerkesen-per-njohjen-e-autonomis\/5-harte-e-bregut-adriatikas-te-shqiperise-venedikase-fragment-autori-vincenzo-maria-coronelli-botuar-ne-venezia-me-1688\/\" data-orig-file=\"https:\/\/i0.wp.com\/www.shqiperia.com\/blog\/wp-content\/uploads\/2020\/01\/5.-Hart%C3%AB-e-bregut-adriatikas-t%C3%AB-Shqip%C3%ABris%C3%AB-venedikase-fragment.-Autori-Vincenzo-maria-Coronelli-botuar-n%C3%AB-venezia-m%C3%AB-1688.jpg?fit=1848%2C1145&amp;ssl=1\" data-orig-size=\"1848,1145\" data-comments-opened=\"1\" data-image-meta=\"{&quot;aperture&quot;:&quot;0&quot;,&quot;credit&quot;:&quot;&quot;,&quot;camera&quot;:&quot;&quot;,&quot;caption&quot;:&quot;&quot;,&quot;created_timestamp&quot;:&quot;0&quot;,&quot;copyright&quot;:&quot;&quot;,&quot;focal_length&quot;:&quot;0&quot;,&quot;iso&quot;:&quot;0&quot;,&quot;shutter_speed&quot;:&quot;0&quot;,&quot;title&quot;:&quot;&quot;,&quot;orientation&quot;:&quot;0&quot;}\" data-image-title=\"5.-Hart\u00eb-e-bregut-adriatikas-t\u00eb-Shqip\u00ebris\u00eb-venedikase-fragment.-Autori-Vincenzo-maria-Coronelli-botuar-n\u00eb-venezia-m\u00eb-1688\" data-image-description=\"\" data-image-caption=\"\" data-medium-file=\"https:\/\/i0.wp.com\/www.shqiperia.com\/blog\/wp-content\/uploads\/2020\/01\/5.-Hart%C3%AB-e-bregut-adriatikas-t%C3%AB-Shqip%C3%ABris%C3%AB-venedikase-fragment.-Autori-Vincenzo-maria-Coronelli-botuar-n%C3%AB-venezia-m%C3%AB-1688.jpg?fit=300%2C186&amp;ssl=1\" data-large-file=\"https:\/\/i0.wp.com\/www.shqiperia.com\/blog\/wp-content\/uploads\/2020\/01\/5.-Hart%C3%AB-e-bregut-adriatikas-t%C3%AB-Shqip%C3%ABris%C3%AB-venedikase-fragment.-Autori-Vincenzo-maria-Coronelli-botuar-n%C3%AB-venezia-m%C3%AB-1688.jpg?fit=1024%2C634&amp;ssl=1\" class=\"alignnone wp-image-30040\" alt=\"\" src=\"https:\/\/i0.wp.com\/www.shqiperia.com\/blog\/wp-content\/uploads\/2020\/01\/5.-Hart%C3%AB-e-bregut-adriatikas-t%C3%AB-Shqip%C3%ABris%C3%AB-venedikase-fragment.-Autori-Vincenzo-maria-Coronelli-botuar-n%C3%AB-venezia-m%C3%AB-1688.jpg?resize=510%2C316&#038;ssl=1\" width=\"510\" height=\"316\" srcset=\"https:\/\/i0.wp.com\/www.shqiperia.com\/blog\/wp-content\/uploads\/2020\/01\/5.-Hart%C3%AB-e-bregut-adriatikas-t%C3%AB-Shqip%C3%ABris%C3%AB-venedikase-fragment.-Autori-Vincenzo-maria-Coronelli-botuar-n%C3%AB-venezia-m%C3%AB-1688.jpg?resize=300%2C186&amp;ssl=1 300w, https:\/\/i0.wp.com\/www.shqiperia.com\/blog\/wp-content\/uploads\/2020\/01\/5.-Hart%C3%AB-e-bregut-adriatikas-t%C3%AB-Shqip%C3%ABris%C3%AB-venedikase-fragment.-Autori-Vincenzo-maria-Coronelli-botuar-n%C3%AB-venezia-m%C3%AB-1688.jpg?resize=1024%2C634&amp;ssl=1 1024w, https:\/\/i0.wp.com\/www.shqiperia.com\/blog\/wp-content\/uploads\/2020\/01\/5.-Hart%C3%AB-e-bregut-adriatikas-t%C3%AB-Shqip%C3%ABris%C3%AB-venedikase-fragment.-Autori-Vincenzo-maria-Coronelli-botuar-n%C3%AB-venezia-m%C3%AB-1688.jpg?resize=768%2C476&amp;ssl=1 768w, https:\/\/i0.wp.com\/www.shqiperia.com\/blog\/wp-content\/uploads\/2020\/01\/5.-Hart%C3%AB-e-bregut-adriatikas-t%C3%AB-Shqip%C3%ABris%C3%AB-venedikase-fragment.-Autori-Vincenzo-maria-Coronelli-botuar-n%C3%AB-venezia-m%C3%AB-1688.jpg?resize=1536%2C952&amp;ssl=1 1536w, https:\/\/i0.wp.com\/www.shqiperia.com\/blog\/wp-content\/uploads\/2020\/01\/5.-Hart%C3%AB-e-bregut-adriatikas-t%C3%AB-Shqip%C3%ABris%C3%AB-venedikase-fragment.-Autori-Vincenzo-maria-Coronelli-botuar-n%C3%AB-venezia-m%C3%AB-1688.jpg?resize=450%2C279&amp;ssl=1 450w, https:\/\/i0.wp.com\/www.shqiperia.com\/blog\/wp-content\/uploads\/2020\/01\/5.-Hart%C3%AB-e-bregut-adriatikas-t%C3%AB-Shqip%C3%ABris%C3%AB-venedikase-fragment.-Autori-Vincenzo-maria-Coronelli-botuar-n%C3%AB-venezia-m%C3%AB-1688.jpg?resize=600%2C372&amp;ssl=1 600w, https:\/\/i0.wp.com\/www.shqiperia.com\/blog\/wp-content\/uploads\/2020\/01\/5.-Hart%C3%AB-e-bregut-adriatikas-t%C3%AB-Shqip%C3%ABris%C3%AB-venedikase-fragment.-Autori-Vincenzo-maria-Coronelli-botuar-n%C3%AB-venezia-m%C3%AB-1688.jpg?resize=1500%2C929&amp;ssl=1 1500w, https:\/\/i0.wp.com\/www.shqiperia.com\/blog\/wp-content\/uploads\/2020\/01\/5.-Hart%C3%AB-e-bregut-adriatikas-t%C3%AB-Shqip%C3%ABris%C3%AB-venedikase-fragment.-Autori-Vincenzo-maria-Coronelli-botuar-n%C3%AB-venezia-m%C3%AB-1688.jpg?resize=1300%2C805&amp;ssl=1 1300w, https:\/\/i0.wp.com\/www.shqiperia.com\/blog\/wp-content\/uploads\/2020\/01\/5.-Hart%C3%AB-e-bregut-adriatikas-t%C3%AB-Shqip%C3%ABris%C3%AB-venedikase-fragment.-Autori-Vincenzo-maria-Coronelli-botuar-n%C3%AB-venezia-m%C3%AB-1688.jpg?resize=400%2C248&amp;ssl=1 400w, https:\/\/i0.wp.com\/www.shqiperia.com\/blog\/wp-content\/uploads\/2020\/01\/5.-Hart%C3%AB-e-bregut-adriatikas-t%C3%AB-Shqip%C3%ABris%C3%AB-venedikase-fragment.-Autori-Vincenzo-maria-Coronelli-botuar-n%C3%AB-venezia-m%C3%AB-1688.jpg?w=1848&amp;ssl=1 1848w\" sizes=\"auto, (max-width: 510px) 100vw, 510px\" \/><\/p>\n<p>Dokument: -Protest\u00eb e krer\u00ebve t\u00eb Mirdit\u00ebs, Puk\u00ebs, Kthell\u00ebs, Mal\u00ebsis\u00eb s\u00eb Lezh\u00ebs dhe Lur\u00ebs drejtuar t\u00eb plotfuqishm\u00ebve t\u00eb Fuqive t\u00eb M\u00ebdha n\u00eb Kon\u00adgresin e Berlinit me k\u00ebrkes\u00ebn p\u00ebr njohjen e autonomis\u00eb. krahinore, si dhe t\u00eb s\u00eb drejt\u00ebs p\u00ebr krijimin e nj\u00eb shteti autonom<\/p>\n<p><em>\u00a0<\/em><em>18 <\/em><em>qershor 1878. <\/em><\/p>\n<p>Protest\u00eb e krer\u00ebve t\u00eb Mirdit\u00ebs, Puk\u00ebs, Kthell\u00ebs, Mal\u00ebsis\u00eb s\u00eb Lezh\u00ebs dhe Lur\u00ebs drejtuar t\u00eb plotfuqishm\u00ebve t\u00eb Fuqive t\u00eb M\u00ebdha<sup>1<\/sup> n\u00eb Kon\u00adgresin e Berlinit me k\u00ebrkes\u00ebn p\u00ebr njohjen e autonomis\u00eb. krahinore, si dhe t\u00eb s\u00eb drejt\u00ebs p\u00ebr krijimin e nj\u00eb shteti autonom .<\/p>\n<p>. . . Ne t\u00eb n\u00ebnshkruarit, krer\u00eb e pleq t\u00eb Mirdit\u00ebs, t\u00eb Puk\u00ebs, t\u00eb Ohrit t\u00eb Vog\u00ebl, t\u00eb Mal\u00ebsive t\u00eb Lezh\u00ebs, i lutemi &#8230; asaj konsullate t\u00eb nderuar, q\u00eb t\u00eb ket\u00eb mir\u00ebsin\u00eb t&#8217;u transmetoj\u00eb dhe t&#8217;u parashtroj\u00eb sa. m\u00eb par\u00eb zo\u00adt\u00ebrinjve t\u00eb plotfuqish\u00ebm n\u00eb Kongresin Evropian n\u00eb Berlin lutjen ton\u00eb si m\u00eb posht\u00eb vijon:<\/p>\n<p>Vendet tona, sikurse dihet, jan\u00eb rregulluar dhe jan\u00eb qeverisur kur\u00addoher\u00eb me ligjet e veta dhe p\u00ebr pasoj\u00eb, n\u00eb fakt, kan\u00eb g\u00ebzuar autonomin\u00eb. Prandaj ne lutemi q\u00eb kjo autonomi t\u00eb njihet zyrtarisht edhe nga Fuqit\u00eb e M\u00ebdha Evropiane dhe Puka, Ohri i Vog\u00ebl, Mal\u00ebsit\u00eb e Lezh\u00ebs dhe Lura t\u00eb bashkohen me Mirdit\u00ebn dhe t\u00eb mbeten n\u00ebn komand\u00ebn e menj\u00ebher\u00adshme dhe t\u00eb drejtp\u00ebrdrejt\u00eb t\u00eb kryetarit ton\u00eb shum\u00eb t\u00eb dashur, t\u00eb natyr\u00adsh\u00ebm dhe trash\u00ebgimtar, Prenk\u00eb Bib\u00eb Dod\u00ebs. Vendet tona her\u00eb pas here e kan\u00eb shfaqur d\u00ebshir\u00ebn e p\u00ebrbashk\u00ebt p\u00ebr t\u00eb formuar nj\u00eb shtet t\u00eb njohur autonom t\u00eb vet\u00ebm me Mirdit\u00ebn dhe nj\u00eb d\u00ebshmi e ve\u00e7ant\u00eb jan\u00eb faktet q\u00eb kan\u00eb. ndodhur prej dy vjet\u00ebsh e k\u00ebtej, prandaj shpresojm\u00eb se aspira\u00adtat tona, me q\u00ebllim q\u00eb edhe t\u00eb mund t\u00eb ecim n\u00eb fund t\u00eb fundit n\u00eb rrug\u00ebn e p\u00ebrparimit dhe t\u00eb qytet\u00ebrimit q\u00eb aq shum\u00eb e d\u00ebshirojm\u00eb, do t\u00eb merren parasysh dhe do t\u00eb ken\u00eb miratimin e zot\u00ebrinjv;e t\u00eb plotfuqish\u00ebm n\u00eb Kongresin e Berlinit. \u00a0\u00a0 . \u00a0\u00a0\u00a0\u00a0\u00a0\u00a0\u00a0\u00a0\u00a0 .<\/p>\n<p>Me besim se ajo konsullat\u00eb e nderuar do t\u00eb ket\u00eb mir\u00ebsin\u00eb t&#8217;i jap\u00eb nj\u00eb mb\u00ebshtetje t\u00eb fort\u00eb dhe rrug\u00eb t\u00eb shpejt\u00eb k\u00ebsaj lutjes son\u00eb, kemi nderin t\u00eb shprehim ndjenjat e respektit m\u00eb t\u00eb thell\u00eb\u2026<\/p>\n<p>Llesh Mar Shtiefni plak.<\/p>\n<p>Llesh Gjeta.<\/p>\n<p>Ndue Lleshi<\/p>\n<p>Per Ndoj<\/p>\n<p>Per Nikolla.<\/p>\n<p>Llesh Ndoka.<\/p>\n<p>Gjergj Gjoka.<\/p>\n<p>Per Deda krye.<\/p>\n<p>Per Nikolla<\/p>\n<p>Llesh Mash Preni.<\/p>\n<p>Per Gjergji<\/p>\n<p>Kol\u00eb Ndoka<\/p>\n<p>Prek Kola plak.<\/p>\n<p>Nikoll\u00eb Ndreca krye.<\/p>\n<p>Ohri i Vog\u00ebl<\/p>\n<p>Llesh Preka krye<\/p>\n<p>Nikoll\u00eb Gjeta.<\/p>\n<p>Bush Shuli<\/p>\n<p>Mark Ndue Gjeta krye.<\/p>\n<p>Bib Gjoka<\/p>\n<p>Marka Gjini<\/p>\n<p>Llesh Doda<\/p>\n<p>Ndue Per Doda krye<\/p>\n<p>Gjok Gega plak<\/p>\n<p>Gjin Gega<\/p>\n<p>Kros Maca.<\/p>\n<p>Geg Deda<\/p>\n<p><em>Mal\u00ebsia <\/em>e <em>Lezh\u00ebs<\/em><\/p>\n<p>Geg Preni krye<\/p>\n<p>Geg Marku<\/p>\n<p>Jak Ndoi<\/p>\n<p>Kol Toma<\/p>\n<p>Simoh Leka krye<\/p>\n<p>Prend Nikolla<\/p>\n<p>Ded\u00eb Paloka<\/p>\n<p>Gjergj Dushi plak<\/p>\n<p>PUKA<\/p>\n<p>Pjet\u00ebr Smaili plak<\/p>\n<p>Kol\u00eb Marashi<\/p>\n<p>Ndue Mar Nikolli \u00a0\u00a0\u00a0\u00a0\u00a0\u00a0\u00a0\u00a0\u00a0\u00a0\u00a0\u00a0\u00a0\u00a0\u00a0\u00a0\u00a0\u00a0\u00a0\u00a0\u00a0\u00a0\u00a0\u00a0\u00a0\u00a0\u00a0\u00a0\u00a0\u00a0 <em>\u00a0<\/em><\/p>\n<p>Prenk\u00eb Pali krye<\/p>\n<p>Gjok\u00eb Gjergji plak<\/p>\n<p>Ndrec Preni<\/p>\n<p>Pjet\u00ebr Mirashi<\/p>\n<p>Kol\u00eb Rexha<\/p>\n<p><em>LURA\u00a0\u00a0\u00a0\u00a0\u00a0\u00a0\u00a0\u00a0\u00a0\u00a0\u00a0\u00a0\u00a0\u00a0\u00a0\u00a0\u00a0\u00a0\u00a0\u00a0\u00a0\u00a0\u00a0\u00a0\u00a0\u00a0\u00a0\u00a0\u00a0\u00a0\u00a0\u00a0\u00a0\u00a0\u00a0\u00a0\u00a0 <\/em><\/p>\n<p>Kol\u00eb Bushi krye<\/p>\n<p>Ded\u00eb Vladi<\/p>\n<p>Ded\u00eb Vladi<\/p>\n<p>Selman Re\u00e7i<\/p>\n<p>Ali Meria<\/p>\n<p>Hasan Ajazi<\/p>\n<p>Ali Limani plak<\/p>\n<p><em>\u00a0<\/em><\/p>\n<p><strong>HHStA<\/strong><strong>, PA<\/strong><strong>, Konsullata <\/strong><strong>e <\/strong><strong>Shkodr\u00ebs, XXXVIII \/226, 230, <\/strong><strong>235, 240, 243, 248. Shtojc\u00eb e informacionit t\u00eb konsullit t\u00eb Austro-Hungaris\u00eb n\u00eb Shkod\u00ebr Lipih, dat\u00eb 24 qershor 1878 pr. 60; AIH, mf. A-797, f. 55-56, pr. 60. AMAE, epe, ishte mohimi i autQll10mis\u00eb komb\u00ebtare t\u00eb Konsullata e Shkodr\u00ebs, v\u00ebll. 21, fl. 156 TV. Fo-195, 337, x154383. P\u00ebrkthyer nga origjinali italisht. <\/strong><\/p>\n<p><em>1) Kjo lutje u \u00ebsht\u00eb dor\u00ebzuar nj\u00ebkoh\u00ebsisht konsullatave franceze, angleze, ita\u00adliane dhe austro-hungareze, n\u00eb Shkod\u00ebr. <\/em><\/p>\n<p><em>2) Kuptohet se k\u00ebtu kemi t\u00eb b\u00ebjm\u00eb me nj\u00eb k\u00ebrkes\u00eb t\u00eb Mal\u00ebsive p\u00ebr njohjen e autonomis\u00eb s\u00eb tyre. N\u00eb k\u00ebt\u00eb drejtim ndikonin si krer\u00ebt feudal\u00eb me Prenk\u00eb Bib\u00eb Dod\u00ebn n\u00eb krye, ashtu dhe politika e Fuqirve. t\u00eb M\u00ebdho!l, ve\u00e7an\u00ebrisht Austro-Hungaris\u00eb dhe Franc\u00ebs, q\u00eb synonin t\u00eb mbandn \u00abpI&#8217;otektoIatin fetar\u00bb mbi popullsit\u00eb katolike t\u00eb Pe\u00adrandoris\u00eb Osmane. <\/em><\/p>\n<p><em>Kongresi i Berlinit n\u00ebnshkoi nj\u00eb protokoll t\u00eb ve\u00e7ant\u00eb p\u00ebr \u00abprivilegjet dhe lirit\u00eb e posa\u00e7me\u00bb t\u00eb Mirdit\u00ebs n\u00eb kuadrin e Perandoris\u00eb, por kjo nuk mund t\u00eb barazohet me autonomin\u00eb shqilptare, sepse ngrihej mbi partikulariunin lokal. <\/em><\/p>\n","protected":false},"excerpt":{"rendered":"<p>Dokument: -Protest\u00eb e krer\u00ebve t\u00eb Mirdit\u00ebs, Puk\u00ebs, Kthell\u00ebs, Mal\u00ebsis\u00eb s\u00eb Lezh\u00ebs dhe Lur\u00ebs drejtuar t\u00eb plotfuqishm\u00ebve t\u00eb Fuqive t\u00eb M\u00ebdha n\u00eb Kon\u00adgresin e Berlinit me k\u00ebrkes\u00ebn p\u00ebr njohjen e autonomis\u00eb. krahinore, si dhe t\u00eb s\u00eb drejt\u00ebs p\u00ebr krijimin e nj\u00eb shteti autonom \u00a018 qershor 1878. Protest\u00eb e krer\u00ebve t\u00eb Mirdit\u00ebs, Puk\u00ebs, Kthell\u00ebs, Mal\u00ebsis\u00eb s\u00eb Lezh\u00ebs [&hellip;]<\/p>\n","protected":false},"author":9,"featured_media":30040,"comment_status":"open","ping_status":"open","sticky":false,"template":"","format":"standard","meta":{"jetpack_post_was_ever_published":false,"_jetpack_newsletter_access":"","_jetpack_dont_email_post_to_subs":false,"_jetpack_newsletter_tier_id":0,"_jetpack_memberships_contains_paywalled_content":false,"_jetpack_memberships_contains_paid_content":false,"footnotes":"","jetpack_publicize_message":"","jetpack_publicize_feature_enabled":true,"jetpack_social_post_already_shared":true,"jetpack_social_options":{"image_generator_settings":{"template":"highway","default_image_id":0,"font":"","enabled":false},"version":2}},"categories":[27,85],"tags":[],"class_list":["post-30039","post","type-post","status-publish","format-standard","has-post-thumbnail","hentry","category-blogu-i-udhetarit","category-histori"],"jetpack_publicize_connections":[],"jetpack_featured_media_url":"https:\/\/i0.wp.com\/www.shqiperia.com\/blog\/wp-content\/uploads\/2020\/01\/5.-Hart%C3%AB-e-bregut-adriatikas-t%C3%AB-Shqip%C3%ABris%C3%AB-venedikase-fragment.-Autori-Vincenzo-maria-Coronelli-botuar-n%C3%AB-venezia-m%C3%AB-1688.jpg?fit=1848%2C1145&ssl=1","jetpack_sharing_enabled":true,"jetpack_shortlink":"https:\/\/wp.me\/p5Z6wp-7Ov","jetpack-related-posts":[{"id":91669,"url":"https:\/\/www.shqiperia.com\/blog\/piktoret-e-alpeve-shqiptare-ne-ekspoziten-e-gka-se-ne-shkoder\/","url_meta":{"origin":30039,"position":0},"title":"Piktor\u00ebt e Alpeve shqiptare, n\u00eb ekspozit\u00ebn e GKA-s\u00eb n\u00eb Shkod\u00ebr","author":"Kurt Farka","date":"April 20, 2025","format":false,"excerpt":"20 Prill 2025 Galeria Komb\u00ebtare e Arteve \u00e7eli n\u00eb Shkod\u00ebr ekspozit\u00ebn e projektit \u201cPsikologjia shqiptare n\u00eb artet pamore\u201d. Kjo \u00ebsht\u00eb ekspozita p\u00ebrmbyll\u00ebse e k\u00ebtij projekti, i cili k\u00ebt\u00eb her\u00eb udh\u00ebtoi drejt Shkodr\u00ebs si nj\u00eb nga pikat m\u00eb t\u00eb r\u00ebnd\u00ebsishme historike e kulturore t\u00eb Shqip\u00ebris\u00eb. Ky projekt u drejtua nga Olsi\u2026","rel":"","context":"In &quot;Arte&quot;","block_context":{"text":"Arte","link":"https:\/\/www.shqiperia.com\/blog\/category\/arte\/"},"img":{"alt_text":"","src":"https:\/\/i0.wp.com\/www.shqiperia.com\/blog\/wp-content\/uploads\/2025\/04\/640-0-ekspozita-e-gka-ne-shkoder2-1745045739.png?fit=640%2C479&ssl=1&resize=350%2C200","width":350,"height":200,"srcset":"https:\/\/i0.wp.com\/www.shqiperia.com\/blog\/wp-content\/uploads\/2025\/04\/640-0-ekspozita-e-gka-ne-shkoder2-1745045739.png?fit=640%2C479&ssl=1&resize=350%2C200 1x, https:\/\/i0.wp.com\/www.shqiperia.com\/blog\/wp-content\/uploads\/2025\/04\/640-0-ekspozita-e-gka-ne-shkoder2-1745045739.png?fit=640%2C479&ssl=1&resize=525%2C300 1.5x"},"classes":[]},{"id":97880,"url":"https:\/\/www.shqiperia.com\/blog\/kullat-e-mirdites-pasuri-e-trashegimise-kulturore-bashkia-nis-identifikimin-dhe-dokumentimin-e-tyre-per-te-perfituar-nga-programi-i-rijetezimit\/","url_meta":{"origin":30039,"position":1},"title":"Kullat e Mirdit\u00ebs pasuri e trash\u00ebgimis\u00eb kulturore! Bashkia nis identifikimin dhe dokumentimin e tyre p\u00ebr t\u00eb p\u00ebrfituar nga programi i rijet\u00ebzimit","author":"Kurt Farka","date":"February 21, 2026","format":false,"excerpt":"21 Shkurt 2026 Nga: Elvis Hila\u00a0 Kullat shekullore p\u00ebrb\u00ebjn\u00eb nj\u00eb pasuri t\u00eb r\u00ebnd\u00ebsishme t\u00eb trash\u00ebgimis\u00eb kulturore n\u00eb\u00a0Mirdit\u00eb. T\u00eb nd\u00ebrtuara me mure guri dhe me arkitektur\u00eb t\u00eb ve\u00e7ant\u00eb, ato kan\u00eb nj\u00eb p\u00ebrhapje t\u00eb gjer\u00eb n\u00eb t\u00eb gjith\u00eb territorin e k\u00ebsaj bashkie, por nj\u00eb pjes\u00eb e tyre ndodhen n\u00eb gjendje t\u00eb amortizuar\u2026","rel":"","context":"In &quot;Histori&quot;","block_context":{"text":"Histori","link":"https:\/\/www.shqiperia.com\/blog\/category\/histori\/"},"img":{"alt_text":"","src":"https:\/\/i0.wp.com\/www.shqiperia.com\/blog\/wp-content\/uploads\/2026\/02\/1771660649_xv.jpg?fit=780%2C440&ssl=1&resize=350%2C200","width":350,"height":200,"srcset":"https:\/\/i0.wp.com\/www.shqiperia.com\/blog\/wp-content\/uploads\/2026\/02\/1771660649_xv.jpg?fit=780%2C440&ssl=1&resize=350%2C200 1x, https:\/\/i0.wp.com\/www.shqiperia.com\/blog\/wp-content\/uploads\/2026\/02\/1771660649_xv.jpg?fit=780%2C440&ssl=1&resize=525%2C300 1.5x, https:\/\/i0.wp.com\/www.shqiperia.com\/blog\/wp-content\/uploads\/2026\/02\/1771660649_xv.jpg?fit=780%2C440&ssl=1&resize=700%2C400 2x"},"classes":[]},{"id":10417,"url":"https:\/\/www.shqiperia.com\/blog\/cilet-ishin-vellezerit-gazulli\/","url_meta":{"origin":30039,"position":2},"title":"Cil\u00ebt ishin v\u00ebllez\u00ebrit Gazulli. &#8211;","author":"Kurt Farka","date":"July 30, 2018","format":false,"excerpt":"Cil\u00ebt ishin v\u00ebllez\u00ebrit Gazulli. - Familja Gazulli n\u00eb mesjet\u00eb ishte nj\u00eb nga familjet e njohura feudale shqiptare nga Kabashi i Puk\u00ebs dhe Nd\u00ebrfana e Mirdit\u00ebs. Pal Gazulli (1405-1470) ishte humanist shqiptar, diplomat, pedagog, orator dhe nj\u00eb nd\u00ebr bashk\u00ebpun\u00ebtor\u00ebt e ngusht\u00eb t\u00eb Sk\u00ebnderbeut. V\u00ebllai i tij Gjon Gazulli (1400-1465)\u00a0 i njohur\u2026","rel":"","context":"In &quot;Histori&quot;","block_context":{"text":"Histori","link":"https:\/\/www.shqiperia.com\/blog\/category\/histori\/"},"img":{"alt_text":"","src":"https:\/\/i0.wp.com\/www.shqiperia.com\/blog\/wp-content\/uploads\/2018\/07\/gjon-gazulli-arberor.jpg?fit=567%2C498&ssl=1&resize=350%2C200","width":350,"height":200,"srcset":"https:\/\/i0.wp.com\/www.shqiperia.com\/blog\/wp-content\/uploads\/2018\/07\/gjon-gazulli-arberor.jpg?fit=567%2C498&ssl=1&resize=350%2C200 1x, https:\/\/i0.wp.com\/www.shqiperia.com\/blog\/wp-content\/uploads\/2018\/07\/gjon-gazulli-arberor.jpg?fit=567%2C498&ssl=1&resize=525%2C300 1.5x"},"classes":[]},{"id":26523,"url":"https:\/\/www.shqiperia.com\/blog\/portret-studiusi-nikoll-kimza\/","url_meta":{"origin":30039,"position":3},"title":"Portret studiusi: &#8211; Nikoll Kimza. &#8211;","author":"Kurt Farka","date":"October 1, 2019","format":false,"excerpt":"Portret studiusi: - Nikoll Kimza. Kimza \u00ebsht\u00eb nj\u00eb fshat n\u00eb lart\u00ebsit\u00eb e Spa\u00e7it, n\u00eb shpin\u00eb t\u00eb Munell\u00ebs. Prej andej rridhte Dom Nikoll Kimza, q\u00eb kishte lindur n\u00eb Gjakov\u00eb me 20 gusht 1878. Kur ishte 14-vje\u00e7 fillon m\u00ebsimet si nx\u00ebn\u00ebs n\u00eb kolegjin Papnor t\u00eb Shkodr\u00ebs n\u00eb vitin 1892. Nuk dim\u00eb gj\u00eb\u2026","rel":"","context":"In &quot;Blogu i Udh\u00ebtarit&quot;","block_context":{"text":"Blogu i Udh\u00ebtarit","link":"https:\/\/www.shqiperia.com\/blog\/category\/blogu-i-udhetarit\/"},"img":{"alt_text":"","src":"https:\/\/i0.wp.com\/www.shqiperia.com\/blog\/wp-content\/uploads\/2019\/10\/u1_Dom-Nikolle-Kimza.jpg?resize=350%2C200&ssl=1","width":350,"height":200},"classes":[]},{"id":8666,"url":"https:\/\/www.shqiperia.com\/blog\/propaganda-fide-porta-e-larte-ankohet-per-perfshirjen-e-klerit-ne-politike\/","url_meta":{"origin":30039,"position":4},"title":"Propaganda Fide: Porta e Lart\u00eb ankohet p\u00ebr p\u00ebrfshirjen e klerit n\u00eb politik\u00eb. &#8211;","author":"Kurt Farka","date":"June 12, 2018","format":false,"excerpt":"Propaganda Fide: Porta e Lart\u00eb ankohet p\u00ebr p\u00ebrfshirjen e klerit n\u00eb politik\u00eb. - Fatmira Nikolli\u00a0 \u2013 Nj\u00eb let\u00ebr e Zyr\u00ebs s\u00eb Propagand\u00ebs s\u00eb Fes\u00eb n\u00eb Rom\u00eb d\u00ebrguar mbik\u00ebqyr\u00ebsit apostolik n\u00eb Lezh\u00eb, b\u00ebn me dije se Porta e Lart\u00eb ka shprehur pak\u00ebnaq\u00ebsit\u00eb e veta p\u00ebr pjes\u00ebmarrjen e klerik\u00ebve katolik\u00eb n\u00eb L\u00ebvizjen\u2026","rel":"","context":"In &quot;Histori&quot;","block_context":{"text":"Histori","link":"https:\/\/www.shqiperia.com\/blog\/category\/histori\/"},"img":{"alt_text":"","src":"https:\/\/i0.wp.com\/www.shqiperia.com\/blog\/wp-content\/uploads\/2018\/06\/stenda-10-770x433.jpg?fit=770%2C433&ssl=1&resize=350%2C200","width":350,"height":200,"srcset":"https:\/\/i0.wp.com\/www.shqiperia.com\/blog\/wp-content\/uploads\/2018\/06\/stenda-10-770x433.jpg?fit=770%2C433&ssl=1&resize=350%2C200 1x, https:\/\/i0.wp.com\/www.shqiperia.com\/blog\/wp-content\/uploads\/2018\/06\/stenda-10-770x433.jpg?fit=770%2C433&ssl=1&resize=525%2C300 1.5x, https:\/\/i0.wp.com\/www.shqiperia.com\/blog\/wp-content\/uploads\/2018\/06\/stenda-10-770x433.jpg?fit=770%2C433&ssl=1&resize=700%2C400 2x"},"classes":[]},{"id":3264,"url":"https:\/\/www.shqiperia.com\/blog\/botime-veshje-popullore-shqiptare-albanian-folk-costumes\/","url_meta":{"origin":30039,"position":5},"title":"Botime: &#8220;Veshje Popullore Shqiptare&#8221;, ( Albanian Folk Costumes).-","author":"Kurt Farka","date":"February 16, 2018","format":false,"excerpt":"Botime t\u00eb reja t\u00eb Akademis\u00eb s\u00eb Shkencave \"Veshje Popullore Shqiptare\", ( Albanian Folk Costumes) V\u00ebllimi 4, Akademia e Shkencave e Shqip\u00ebris\u00eb& Instituti i Antropologjis\u00eb Kulturore e Studimit t\u00eb Artit, Tiran\u00eb 2016, 288 f. \u00a0 Botimi m\u00eb i ri i Akademis\u00eb s\u00eb Shkencave n\u00eb bashk\u00ebpunim me Institutin e Antropologjis\u00eb Kulturore e\u2026","rel":"","context":"In &quot;Trashegimi Kulturore&quot;","block_context":{"text":"Trashegimi Kulturore","link":"https:\/\/www.shqiperia.com\/blog\/category\/trashegimi-kulturore\/"},"img":{"alt_text":"","src":"https:\/\/i0.wp.com\/www.shqiperia.com\/blog\/wp-content\/uploads\/2018\/02\/27866988_350588665349322_485229334867913111_n.jpg?fit=720%2C960&ssl=1&resize=350%2C200","width":350,"height":200,"srcset":"https:\/\/i0.wp.com\/www.shqiperia.com\/blog\/wp-content\/uploads\/2018\/02\/27866988_350588665349322_485229334867913111_n.jpg?fit=720%2C960&ssl=1&resize=350%2C200 1x, https:\/\/i0.wp.com\/www.shqiperia.com\/blog\/wp-content\/uploads\/2018\/02\/27866988_350588665349322_485229334867913111_n.jpg?fit=720%2C960&ssl=1&resize=525%2C300 1.5x, https:\/\/i0.wp.com\/www.shqiperia.com\/blog\/wp-content\/uploads\/2018\/02\/27866988_350588665349322_485229334867913111_n.jpg?fit=720%2C960&ssl=1&resize=700%2C400 2x"},"classes":[]}],"_links":{"self":[{"href":"https:\/\/www.shqiperia.com\/blog\/wp-json\/wp\/v2\/posts\/30039","targetHints":{"allow":["GET"]}}],"collection":[{"href":"https:\/\/www.shqiperia.com\/blog\/wp-json\/wp\/v2\/posts"}],"about":[{"href":"https:\/\/www.shqiperia.com\/blog\/wp-json\/wp\/v2\/types\/post"}],"author":[{"embeddable":true,"href":"https:\/\/www.shqiperia.com\/blog\/wp-json\/wp\/v2\/users\/9"}],"replies":[{"embeddable":true,"href":"https:\/\/www.shqiperia.com\/blog\/wp-json\/wp\/v2\/comments?post=30039"}],"version-history":[{"count":4,"href":"https:\/\/www.shqiperia.com\/blog\/wp-json\/wp\/v2\/posts\/30039\/revisions"}],"predecessor-version":[{"id":77563,"href":"https:\/\/www.shqiperia.com\/blog\/wp-json\/wp\/v2\/posts\/30039\/revisions\/77563"}],"wp:featuredmedia":[{"embeddable":true,"href":"https:\/\/www.shqiperia.com\/blog\/wp-json\/wp\/v2\/media\/30040"}],"wp:attachment":[{"href":"https:\/\/www.shqiperia.com\/blog\/wp-json\/wp\/v2\/media?parent=30039"}],"wp:term":[{"taxonomy":"category","embeddable":true,"href":"https:\/\/www.shqiperia.com\/blog\/wp-json\/wp\/v2\/categories?post=30039"},{"taxonomy":"post_tag","embeddable":true,"href":"https:\/\/www.shqiperia.com\/blog\/wp-json\/wp\/v2\/tags?post=30039"}],"curies":[{"name":"wp","href":"https:\/\/api.w.org\/{rel}","templated":true}]}}