{"id":30028,"date":"2020-01-05T11:51:50","date_gmt":"2020-01-05T11:51:50","guid":{"rendered":"https:\/\/www.shqiperia.com\/blog\/?p=30028"},"modified":"2020-01-05T11:52:11","modified_gmt":"2020-01-05T11:52:11","slug":"paftat-e-mesit-me-argjend-qe-perdoreshin-stoli-per-grate-dhe-burat-ne-berat-ne-shekujt-e-kaluar","status":"publish","type":"post","link":"https:\/\/www.shqiperia.com\/blog\/paftat-e-mesit-me-argjend-qe-perdoreshin-stoli-per-grate-dhe-burat-ne-berat-ne-shekujt-e-kaluar\/","title":{"rendered":"PAFTAT E MESIT ME ARGJEND Q\u00cb P\u00cbRDORESHIN STOLI P\u00cbR GRAT\u00cb DHE BURAT N\u00cb BERAT NE SHEKUJT E KALUAR."},"content":{"rendered":"<p><img data-recalc-dims=\"1\" loading=\"lazy\" decoding=\"async\" data-attachment-id=\"30029\" data-permalink=\"https:\/\/www.shqiperia.com\/blog\/paftat-e-mesit-me-argjend-qe-perdoreshin-stoli-per-grate-dhe-burat-ne-berat-ne-shekujt-e-kaluar\/feb71d906a36bd5781017921406a82cc\/\" data-orig-file=\"https:\/\/i0.wp.com\/www.shqiperia.com\/blog\/wp-content\/uploads\/2020\/01\/feb71d906a36bd5781017921406a82cc.jpg?fit=564%2C295&amp;ssl=1\" data-orig-size=\"564,295\" data-comments-opened=\"1\" data-image-meta=\"{&quot;aperture&quot;:&quot;0&quot;,&quot;credit&quot;:&quot;&quot;,&quot;camera&quot;:&quot;&quot;,&quot;caption&quot;:&quot;&quot;,&quot;created_timestamp&quot;:&quot;0&quot;,&quot;copyright&quot;:&quot;&quot;,&quot;focal_length&quot;:&quot;0&quot;,&quot;iso&quot;:&quot;0&quot;,&quot;shutter_speed&quot;:&quot;0&quot;,&quot;title&quot;:&quot;&quot;,&quot;orientation&quot;:&quot;0&quot;}\" data-image-title=\"feb71d906a36bd5781017921406a82cc\" data-image-description=\"\" data-image-caption=\"\" data-medium-file=\"https:\/\/i0.wp.com\/www.shqiperia.com\/blog\/wp-content\/uploads\/2020\/01\/feb71d906a36bd5781017921406a82cc.jpg?fit=300%2C157&amp;ssl=1\" data-large-file=\"https:\/\/i0.wp.com\/www.shqiperia.com\/blog\/wp-content\/uploads\/2020\/01\/feb71d906a36bd5781017921406a82cc.jpg?fit=564%2C295&amp;ssl=1\" class=\"alignnone wp-image-30029\" alt=\"\" src=\"https:\/\/i0.wp.com\/www.shqiperia.com\/blog\/wp-content\/uploads\/2020\/01\/feb71d906a36bd5781017921406a82cc.jpg?resize=587%2C309&#038;ssl=1\" width=\"587\" height=\"309\" \/><\/p>\n<p><strong>PAFTAT E MESIT ME ARGJEND Q\u00cb P\u00cbRDORESHIN STOLI P\u00cbR GRAT\u00cb DHE BURAT N\u00cb BERAT NE SHEKUJT E KALUAR.<\/strong><\/p>\n<p>Nga: Agron Dingo Piktor-restaurator \/<\/p>\n<p>Arti popullor tradicional ne Berat, produktiv nj\u00eb aktivitet brenda materialit popullor t\u00eb jet\u00ebs dhe ritmin e ngadalt\u00eb t\u00eb shoq\u00ebris\u00eb para-industriale te punuar me dore\u00a0 te nevojave dhe q\u00ebllimeve dhe vlerave simbolike e jet\u00ebs s\u00eb p\u00ebrditshme\u00a0 e cila, paralelisht, kan\u00eb nj\u00eb apel estetik dhe adhurimin e popullit, dhe e kan\u00eb treguar at\u00eb kund\u00ebr vendet e teknologjis\u00eb dhe, n\u00eb p\u00ebrgjith\u00ebsi, kulturore.<\/p>\n<p><img data-recalc-dims=\"1\" loading=\"lazy\" decoding=\"async\" data-attachment-id=\"30030\" data-permalink=\"https:\/\/www.shqiperia.com\/blog\/paftat-e-mesit-me-argjend-qe-perdoreshin-stoli-per-grate-dhe-burat-ne-berat-ne-shekujt-e-kaluar\/agroni-studim-735x400\/\" data-orig-file=\"https:\/\/i0.wp.com\/www.shqiperia.com\/blog\/wp-content\/uploads\/2020\/01\/AGRONI-STUDIM-735x400-1.jpg?fit=735%2C400&amp;ssl=1\" data-orig-size=\"735,400\" data-comments-opened=\"1\" data-image-meta=\"{&quot;aperture&quot;:&quot;0&quot;,&quot;credit&quot;:&quot;&quot;,&quot;camera&quot;:&quot;&quot;,&quot;caption&quot;:&quot;&quot;,&quot;created_timestamp&quot;:&quot;0&quot;,&quot;copyright&quot;:&quot;&quot;,&quot;focal_length&quot;:&quot;0&quot;,&quot;iso&quot;:&quot;0&quot;,&quot;shutter_speed&quot;:&quot;0&quot;,&quot;title&quot;:&quot;&quot;,&quot;orientation&quot;:&quot;1&quot;}\" data-image-title=\"AGRONI-STUDIM-735&#215;400\" data-image-description=\"\" data-image-caption=\"\" data-medium-file=\"https:\/\/i0.wp.com\/www.shqiperia.com\/blog\/wp-content\/uploads\/2020\/01\/AGRONI-STUDIM-735x400-1.jpg?fit=300%2C163&amp;ssl=1\" data-large-file=\"https:\/\/i0.wp.com\/www.shqiperia.com\/blog\/wp-content\/uploads\/2020\/01\/AGRONI-STUDIM-735x400-1.jpg?fit=735%2C400&amp;ssl=1\" class=\"alignnone wp-image-30030\" alt=\"\" src=\"https:\/\/i0.wp.com\/www.shqiperia.com\/blog\/wp-content\/uploads\/2020\/01\/AGRONI-STUDIM-735x400-1.jpg?resize=652%2C354&#038;ssl=1\" width=\"652\" height=\"354\" srcset=\"https:\/\/i0.wp.com\/www.shqiperia.com\/blog\/wp-content\/uploads\/2020\/01\/AGRONI-STUDIM-735x400-1.jpg?resize=300%2C163&amp;ssl=1 300w, https:\/\/i0.wp.com\/www.shqiperia.com\/blog\/wp-content\/uploads\/2020\/01\/AGRONI-STUDIM-735x400-1.jpg?resize=450%2C245&amp;ssl=1 450w, https:\/\/i0.wp.com\/www.shqiperia.com\/blog\/wp-content\/uploads\/2020\/01\/AGRONI-STUDIM-735x400-1.jpg?resize=600%2C327&amp;ssl=1 600w, https:\/\/i0.wp.com\/www.shqiperia.com\/blog\/wp-content\/uploads\/2020\/01\/AGRONI-STUDIM-735x400-1.jpg?resize=400%2C218&amp;ssl=1 400w, https:\/\/i0.wp.com\/www.shqiperia.com\/blog\/wp-content\/uploads\/2020\/01\/AGRONI-STUDIM-735x400-1.jpg?w=735&amp;ssl=1 735w\" sizes=\"auto, (max-width: 652px) 100vw, 652px\" \/><\/p>\n<p><strong>Tregtar\u00ebt\u00a0 Shqiptare\u00a0 jasht\u00eb vendit krijuan deg\u00eb komerciale n\u00eb Evrop\u00eb<\/strong><\/p>\n<p>Brenda rrjetit ekonomik dhe ideologjik t\u00eb epok\u00ebs mjeshtrit t\u00eb vet\u00ebshpallur krijojn\u00eb at\u00eb q\u00eb dine vepra te arkitektur\u00ebs popullore,Unitet i ve\u00e7ant\u00eb i punimeve t\u00eb arit t\u00eb shekullit argjendi, stoli, jan\u00eb bizhuterit\u00eb, t\u00eb cilat n\u00eb fakt ata ishin lloji i artit popullor q\u00eb ata b\u00ebn\u00eb m\u00eb t\u00eb hershme, por edhe m\u00eb t\u00eb m\u00ebdha por nga niveli i p\u00ebrdorimit praktik n\u00eb nivel te shprehjes estetike dhe artistike.<\/p>\n<p>Borgjezia e hershme u formua me prodhim dhe aktivitete tregtare, dhe me shum\u00eb p\u00ebrpunuesit e uritur, zejtar\u00ebt dhe t\u00eb tjer\u00ebt. P\u00ebr k\u00ebt\u00eb koh\u00eb ne kemi informacionin e pare emrat p\u00ebr argjendar\u00ebt e famsh\u00ebm.<\/p>\n<p>Gavril Dhimiter Mita . Gavril Dhimiter Buda . Jorgji Gili (Buda ). Vellezrit\u00a0 Pali dhe Leksi . Todi Gili ( Buda ). Vangjel( Gili Buda ). Dhimiter Buda . Agathangjel Mbrica\u00a0 1883-1957. Pali Mbrica . Mit Mbrica . Kom Mbrica .Andrea Plaku. Harilla Basku . Dhimiter Kristodhi . Filip Anastasi. Apostol Jakovi . Jako Voskopojari . Stergji Dhimiter Goga. Gabriel D. Tiranasi . Gjergj Voskopojari . Janko Papagjergjit . Petros Makrundi (Mokvani ). Josif\u00a0 Kaveotis . Kosta\u00a0 Kalariti . Dhimiter Papadhopus. Mantheu\u00a0 Vasili. Joan Kupageorij. Dhimiter Gogu .<\/p>\n<p><em>Profesioni i Argjendareve\u00a0 te Beratit\u00a0 ishte nj\u00eb monopol i elementit t\u00eb krishter\u00eb, q\u00eb kishte shenjtore mbrojt\u00ebs i Sh\u00ebn Konstandinit, u trash\u00ebgua\u00a0 dhe me prani t\u00eb fort\u00eb n\u00eb tregun e qytetit, ku shume\u00a0\u00a0 punishte\u00a0 ishin n\u00eb veprim<\/em><\/p>\n<p>Nga viti 1842 deri n\u00eb vitin 1888,\u00a0 numri i punishteve zejtare dhe tregtar\u00ebve n\u00eb Berat u rrit nga 680 n\u00eb 820. N\u00eb Berat, p\u00ebrve\u00e7 zanat\u00e7injve dhe tregtar\u00ebve, ishin dhe selit\u00eb e pronar\u00ebve t\u00eb m\u00ebdhenj\u00a0 Hysen Pasha, q\u00eb kishte n\u00eb\u00a0 Berat 100 dyqane , nga 900 dyqane q\u00eb ishin gjithsej. Kalaja e Beratit kishte 60 sht\u00ebpi dhe 60 dyqane zejtarie. N\u00eb lagjen e Vak\u00ebfit kishte 10 punishte (sara\u00e7\u00eb e xhokaxhinj). N\u00eb k\u00ebt\u00eb periudh\u00eb\u00a0 numri i zanat\u00e7injve ishte : kova\u00e7\u00eb 41, kazanxhinj 5 , hekurpunues 1,\u00a0 kujunxhinj argjendar\u00eb 7, marangoz\u00eb 19, tavanxhinj 20, qirinxhinj 5, kallanxhinj 9 dhe zanat\u00e7inj t\u00eb prodhimit t\u00eb veglave t\u00eb pun\u00ebs dhe sendeve n\u00eb prodhim 235.<\/p>\n<p><img data-recalc-dims=\"1\" loading=\"lazy\" decoding=\"async\" data-attachment-id=\"30031\" data-permalink=\"https:\/\/www.shqiperia.com\/blog\/paftat-e-mesit-me-argjend-qe-perdoreshin-stoli-per-grate-dhe-burat-ne-berat-ne-shekujt-e-kaluar\/6-togeza\/\" data-orig-file=\"https:\/\/i0.wp.com\/www.shqiperia.com\/blog\/wp-content\/uploads\/2020\/01\/6-togeza.jpg?fit=419%2C477&amp;ssl=1\" data-orig-size=\"419,477\" data-comments-opened=\"1\" data-image-meta=\"{&quot;aperture&quot;:&quot;0&quot;,&quot;credit&quot;:&quot;&quot;,&quot;camera&quot;:&quot;HP Scanjet djf2100&quot;,&quot;caption&quot;:&quot;&quot;,&quot;created_timestamp&quot;:&quot;1334332700&quot;,&quot;copyright&quot;:&quot;&quot;,&quot;focal_length&quot;:&quot;0&quot;,&quot;iso&quot;:&quot;0&quot;,&quot;shutter_speed&quot;:&quot;0&quot;,&quot;title&quot;:&quot;&quot;,&quot;orientation&quot;:&quot;1&quot;}\" data-image-title=\"6-togeza\" data-image-description=\"\" data-image-caption=\"\" data-medium-file=\"https:\/\/i0.wp.com\/www.shqiperia.com\/blog\/wp-content\/uploads\/2020\/01\/6-togeza.jpg?fit=264%2C300&amp;ssl=1\" data-large-file=\"https:\/\/i0.wp.com\/www.shqiperia.com\/blog\/wp-content\/uploads\/2020\/01\/6-togeza.jpg?fit=419%2C477&amp;ssl=1\" class=\"alignnone wp-image-30031\" alt=\"\" src=\"https:\/\/i0.wp.com\/www.shqiperia.com\/blog\/wp-content\/uploads\/2020\/01\/6-togeza.jpg?resize=514%2C584&#038;ssl=1\" width=\"514\" height=\"584\" srcset=\"https:\/\/i0.wp.com\/www.shqiperia.com\/blog\/wp-content\/uploads\/2020\/01\/6-togeza.jpg?resize=264%2C300&amp;ssl=1 264w, https:\/\/i0.wp.com\/www.shqiperia.com\/blog\/wp-content\/uploads\/2020\/01\/6-togeza.jpg?resize=400%2C455&amp;ssl=1 400w, https:\/\/i0.wp.com\/www.shqiperia.com\/blog\/wp-content\/uploads\/2020\/01\/6-togeza.jpg?w=419&amp;ssl=1 419w\" sizes=\"auto, (max-width: 514px) 100vw, 514px\" \/><\/p>\n<p><strong>Llojet e bizhuterive<\/strong><\/p>\n<p><em>K\u00ebtu p\u00ebrfshihet nj\u00eb diversitet tipologjik kryesisht bizhuteri t\u00eb grave: kok\u00ebn e qaf\u00eb, gjoks, bel, skaj dhe k\u00ebmb\u00eb duart .<\/em><\/p>\n<p>Si stoli, por edhe si stoli e belit ishin t\u00eb destinuara p\u00ebr\u00a0 paftat e mesit . punuar me te gjitha teknikat (formohen forma dhe modele te ndryshme .dhe shpesh dhe me kombinimet e tyre, mbahen , dy hapje t\u00eb kund\u00ebrta t\u00eb gjoksit t\u00eb tyre ,veshje (femra sangun, mashkull jelek, etj) ose jan\u00eb lidhur me rripin e rrobave te belit dhe plot\u00ebsoi funksionin e saj. Xhevahir i shquar i belit ishte brezi i pasur, nga pllaka argjendi me dekorime t\u00eb gdhendura, me smalt e\u00a0 savane, ose madje me nj\u00eb form\u00eb,\u00a0 her\u00eb me dor\u00ebshkrim, dhe me Silver pllaka n\u00eb mbyllje.<\/p>\n<p>Ballafaqohemi me trupa t\u00eb vegj\u00ebl, te medhenj , dekorimet ishin t\u00eb lidhura me madh\u00ebsin\u00eb e tyre, por gjithashtu si nj\u00eb e t\u00ebr\u00eb, ose sip\u00ebrfaqja e tyre duke shkaktuar humor dekorativ) me shpend\u00ebt, kokat e shqiponjes, motive bimore, lule, deg\u00ebt, gjethet, ose madje edhe tema gjeometrike, spiralet, kryqe,\u00a0 rubin ose gur\u00eb me ngjyre.<\/p>\n<p>N\u00eb p\u00ebrgjith\u00ebsi, sistemi i dekorimit si nj\u00eb e t\u00ebr\u00eb gruaja e re, nusja kryesisht pasqyron, me p\u00ebrmbajtjen e saj vegjetale, simbolizmin dhe q\u00ebllimi, i identifikuar me rikrijimin e tij t\u00eb p\u00ebrhersh\u00ebm jeta bimore ku vdekja \u00ebsht\u00eb e p\u00ebrkohshme dhe t\u00ebrhiqet para rregullsis\u00eb me t\u00eb cil\u00ebn jeta e re, bimore, jeta e re \u00ebsht\u00eb rishfaqur\u00a0 dhe kujton, para s\u00eb gjithash, nj\u00eb d\u00ebshir\u00eb p\u00ebr te \u00e7ifti i ri, si tr\u00ebndafilat, gjithashtu nj\u00eb simbol pjelloris\u00eb si dhe zogjve, n\u00eb p\u00ebrgjith\u00ebsi, qe simbolizojn\u00eb \u00e7iftin e sapomartuar. elemente t\u00eb tilla si kryqi (t\u00eb cilin e takojm\u00eb) dhe si nj\u00eb xhevahir i pavarur), nj\u00eb simbol nga nj\u00ebra an\u00eb krishterimi, q\u00eb nga shekulli i 4-t\u00eb.<\/p>\n<p>Bizhuteri t\u00eb veshjeve tradicionale te Beratit , t\u00eb cilat kombinojn\u00eb objektin utilitar me vepr\u00ebn e artit, karakterizohen nga nj\u00eb homogjenitet, si n\u00eb p\u00ebrdorimin e materialeve dhe n\u00eb teknik\u00eb si dhe n\u00eb axhend\u00ebn dekorative polimorfike. Sa materialet dhe teknikat morfoplastike jan\u00eb element\u00ebt e jasht\u00ebm t\u00eb cilat shprehin imagjinat\u00ebn, aft\u00ebsit\u00eb dhe fuqin\u00eb e tyre ndjeshm\u00ebrin\u00eb estetike t\u00eb krijuesit popullor, nd\u00ebrsa subjektet e tij dekorim, p\u00ebr kulte, dhe besimet magjike. Kontakti i drejtp\u00ebrdrejt\u00eb i bizhuterive me trupin krijoi nevoj\u00ebn p\u00ebr t\u00eb mbuluar at\u00eb per ta zbukuruar me elemente bind\u00ebse\u00a0 dhe e siguruan at\u00eb lumturia e atij q\u00eb e veshi at\u00eb.<\/p>\n<p><img data-recalc-dims=\"1\" loading=\"lazy\" decoding=\"async\" data-attachment-id=\"30032\" data-permalink=\"https:\/\/www.shqiperia.com\/blog\/paftat-e-mesit-me-argjend-qe-perdoreshin-stoli-per-grate-dhe-burat-ne-berat-ne-shekujt-e-kaluar\/costume-della-zona-di-lunxheria\/\" data-orig-file=\"https:\/\/i0.wp.com\/www.shqiperia.com\/blog\/wp-content\/uploads\/2020\/01\/Costume-della-zona-di-Lunxheria.jpg?fit=402%2C600&amp;ssl=1\" data-orig-size=\"402,600\" data-comments-opened=\"1\" data-image-meta=\"{&quot;aperture&quot;:&quot;0&quot;,&quot;credit&quot;:&quot;&quot;,&quot;camera&quot;:&quot;&quot;,&quot;caption&quot;:&quot;&quot;,&quot;created_timestamp&quot;:&quot;0&quot;,&quot;copyright&quot;:&quot;&quot;,&quot;focal_length&quot;:&quot;0&quot;,&quot;iso&quot;:&quot;0&quot;,&quot;shutter_speed&quot;:&quot;0&quot;,&quot;title&quot;:&quot;&quot;,&quot;orientation&quot;:&quot;0&quot;}\" data-image-title=\"Costume-della-zona-di-Lunxheria\" data-image-description=\"\" data-image-caption=\"\" data-medium-file=\"https:\/\/i0.wp.com\/www.shqiperia.com\/blog\/wp-content\/uploads\/2020\/01\/Costume-della-zona-di-Lunxheria.jpg?fit=201%2C300&amp;ssl=1\" data-large-file=\"https:\/\/i0.wp.com\/www.shqiperia.com\/blog\/wp-content\/uploads\/2020\/01\/Costume-della-zona-di-Lunxheria.jpg?fit=402%2C600&amp;ssl=1\" class=\"alignnone wp-image-30032\" alt=\"\" src=\"https:\/\/i0.wp.com\/www.shqiperia.com\/blog\/wp-content\/uploads\/2020\/01\/Costume-della-zona-di-Lunxheria.jpg?resize=527%2C787&#038;ssl=1\" width=\"527\" height=\"787\" srcset=\"https:\/\/i0.wp.com\/www.shqiperia.com\/blog\/wp-content\/uploads\/2020\/01\/Costume-della-zona-di-Lunxheria.jpg?resize=201%2C300&amp;ssl=1 201w, https:\/\/i0.wp.com\/www.shqiperia.com\/blog\/wp-content\/uploads\/2020\/01\/Costume-della-zona-di-Lunxheria.jpg?resize=400%2C597&amp;ssl=1 400w, https:\/\/i0.wp.com\/www.shqiperia.com\/blog\/wp-content\/uploads\/2020\/01\/Costume-della-zona-di-Lunxheria.jpg?w=402&amp;ssl=1 402w\" sizes=\"auto, (max-width: 527px) 100vw, 527px\" \/><\/p>\n<p>PAFTAT E\u00a0 MESIT (BREZORET).<\/p>\n<p>Mjeshtrit e talentuar argjendar\u00eb t\u00eb qyteteve, gjat\u00eb shekujve XVIII-XIX, kan\u00eb punuar p\u00ebr t\u00eb veshur me pafta argjendi nj\u00eb num\u00ebr shum\u00eb t\u00eb madh pushk\u00ebsh t\u00eb gjata, koburesh, jatagan\u00ebsh, vezmesh, q\u00eb konsideroheshin si pajisje t\u00eb nevojshme t\u00eb \u00e7do burri, nga t\u00eb cilat, nj\u00eb num\u00ebr i mir\u00eb ruhet ende n\u00ebp\u00ebr muzet\u00eb e vendit. Madje, ka shum\u00eb prej tyre, q\u00eb jan\u00eb edhe t\u00eb lara me ar.\u00a0 Midis t\u00eb gjitha objekteve prej argjendi t\u00eb ekzekutuara me teknika t\u00eb ndryshme (me t\u00eb rrahur, me t\u00eb derdhur, etj), fines\u00eb t\u00eb ve\u00e7ant\u00eb paraqesin punimet me filigram\u00eb, q\u00eb ishin m\u00eb fort nj\u00eb specialitet i mjesht\u00ebrve argjendar\u00eb t\u00eb qyteteve t\u00eb veriut se sa i atyre t\u00eb jugut.<\/p>\n<p>Argjendar\u00ebt n\u00ebp\u00ebrmjet veshjes kan\u00eb p\u00ebrftuar shum\u00eb objekte t\u00eb bukura ku midis punimeve q\u00eb shquhen jan\u00eb edhe paftat e mesit p\u00ebr zbukurimin e veshjeve t\u00eb grave, brezat, sumbullat etj, n\u00eb t\u00eb cilat kemi edhe punime me derdhje, kemi dhe kall\u00ebpet e paftave t\u00eb punuara nga Andrea Thanas Plaku. K\u00ebto jan\u00eb stoli q\u00eb p\u00ebrdoreshin n\u00eb veshjet e nus\u00ebris\u00eb, n\u00eb veshjen e festave t\u00eb ndryshme dhe dhurata q\u00eb b\u00ebheshin\u00a0 nga dh\u00ebnd\u00ebrri apo nusja p\u00ebr fejesat.<\/p>\n<p>Paftat e mesit i kemi n\u00eb disa variante t\u00eb ndryshme nga nj\u00ebra- tjetra n\u00eb form\u00eb, n\u00eb motive dhe n\u00eb madh\u00ebsi.<\/p>\n<p>Mendoj se k\u00ebto paraqesin dhe faza t\u00eb ndryshme zhvillimi nga format m\u00eb t\u00eb vjetra dhe m\u00eb t\u00eb thjeshta, deri n\u00eb format m\u00eb t\u00eb reja e m\u00eb t\u00eb nd\u00eblikuara. Argjendar\u00ebt i kushtonin kujdes t\u00eb ve\u00e7ant\u00eb objekteve t\u00eb zbukurimit q\u00eb p\u00ebrdoreshin p\u00ebr veshjet e grave, sidomos gjerdan\u00ebt, kapsat e atyre q\u00eb vareshin n\u00eb qaf\u00eb dhe n\u00eb gjoks. P\u00ebr grat\u00eb, stolit\u00eb e argjendta ishin t\u00eb pamungueshme, me sa duket, kishin r\u00ebnd\u00ebsi jo vet\u00ebm p\u00ebr funksionin e tyre estetik, por edhe p\u00ebr funksionin magjik q\u00eb u atribuohej, m\u00eb shum\u00eb zbukuroheshin jelek\u00ebt, fustanet,brezat me paftat etj.<\/p>\n<p>K\u00ebshtu nj\u00eb paft\u00eb e stilizuar bukur, e nj\u00eb niveli t\u00eb lart\u00eb, ku si nga plastika, forma\u00a0 e saj, ashtu dhe nga motivet\u00a0 jan\u00eb futur elemente t\u00eb shumta, si lulja, kafsh\u00eb t\u00eb ndryshme dhe zogj. N\u00eb nj\u00eb paft\u00eb tjet\u00ebr \u00ebsht\u00eb trajtuar motivi \u201cguack\u201d dhe n\u00eb disa pafta t\u00eb\u00a0\u00a0 tjera motivi tr\u00ebndafil (rosances), n\u00eb forma gjeometrike.<\/p>\n<p>Kemi n\u00eb paftat e rrumbullakta simbolin e diellit. Midis gjith\u00eb k\u00ebtyre motiveve spikat ai q\u00eb simbolizon shqiponj\u00ebn. T\u00eb shprehurit nga format m\u00eb interesante, k\u00ebt\u00eb shpend simbol force e krenarie e gjen n\u00eb \u00e7do objekt, her\u00eb si motiv qendror e her\u00eb duke e p\u00ebrs\u00ebritur nj\u00eb n\u00eb qend\u00ebr t\u00eb madhe dhe dy motive t\u00eb vegj\u00ebl an\u00ebsor\u00eb.<\/p>\n<p>N\u00eb format m\u00eb t\u00eb p\u00ebrkryera ai paraqitet n\u00eb bashkimin e dy paftave. N\u00eb k\u00ebto stilizime t\u00eb ndryshme e paraqesin shpendin me dy krer\u00eb, ku krer\u00ebt kan\u00eb kapur krah\u00ebt. Krah\u00ebt jepen nga format m\u00eb t\u00eb ndryshme t\u00eb stilizuara bukur, jepen n\u00eb nj\u00eb\u00a0 m\u00ebnyr\u00eb q\u00eb i japin shqiponj\u00ebs nj\u00eb pamje madh\u00ebshtore.<\/p>\n<p><img data-recalc-dims=\"1\" loading=\"lazy\" decoding=\"async\" data-attachment-id=\"30033\" data-permalink=\"https:\/\/www.shqiperia.com\/blog\/paftat-e-mesit-me-argjend-qe-perdoreshin-stoli-per-grate-dhe-burat-ne-berat-ne-shekujt-e-kaluar\/3-togeza\/\" data-orig-file=\"https:\/\/i0.wp.com\/www.shqiperia.com\/blog\/wp-content\/uploads\/2020\/01\/3-togeza-.jpg?fit=467%2C234&amp;ssl=1\" data-orig-size=\"467,234\" data-comments-opened=\"1\" data-image-meta=\"{&quot;aperture&quot;:&quot;0&quot;,&quot;credit&quot;:&quot;&quot;,&quot;camera&quot;:&quot;HP Scanjet djf2100&quot;,&quot;caption&quot;:&quot;&quot;,&quot;created_timestamp&quot;:&quot;1334321454&quot;,&quot;copyright&quot;:&quot;&quot;,&quot;focal_length&quot;:&quot;0&quot;,&quot;iso&quot;:&quot;0&quot;,&quot;shutter_speed&quot;:&quot;0&quot;,&quot;title&quot;:&quot;&quot;,&quot;orientation&quot;:&quot;0&quot;}\" data-image-title=\"3-togeza-\" data-image-description=\"\" data-image-caption=\"\" data-medium-file=\"https:\/\/i0.wp.com\/www.shqiperia.com\/blog\/wp-content\/uploads\/2020\/01\/3-togeza-.jpg?fit=300%2C150&amp;ssl=1\" data-large-file=\"https:\/\/i0.wp.com\/www.shqiperia.com\/blog\/wp-content\/uploads\/2020\/01\/3-togeza-.jpg?fit=467%2C234&amp;ssl=1\" class=\"alignnone wp-image-30033\" alt=\"\" src=\"https:\/\/i0.wp.com\/www.shqiperia.com\/blog\/wp-content\/uploads\/2020\/01\/3-togeza-.jpg?resize=668%2C334&#038;ssl=1\" width=\"668\" height=\"334\" srcset=\"https:\/\/i0.wp.com\/www.shqiperia.com\/blog\/wp-content\/uploads\/2020\/01\/3-togeza-.jpg?resize=300%2C150&amp;ssl=1 300w, https:\/\/i0.wp.com\/www.shqiperia.com\/blog\/wp-content\/uploads\/2020\/01\/3-togeza-.jpg?resize=450%2C225&amp;ssl=1 450w, https:\/\/i0.wp.com\/www.shqiperia.com\/blog\/wp-content\/uploads\/2020\/01\/3-togeza-.jpg?resize=400%2C200&amp;ssl=1 400w, https:\/\/i0.wp.com\/www.shqiperia.com\/blog\/wp-content\/uploads\/2020\/01\/3-togeza-.jpg?w=467&amp;ssl=1 467w\" sizes=\"auto, (max-width: 668px) 100vw, 668px\" \/> <img data-recalc-dims=\"1\" loading=\"lazy\" decoding=\"async\" data-attachment-id=\"30034\" data-permalink=\"https:\/\/www.shqiperia.com\/blog\/paftat-e-mesit-me-argjend-qe-perdoreshin-stoli-per-grate-dhe-burat-ne-berat-ne-shekujt-e-kaluar\/5-togeza\/\" data-orig-file=\"https:\/\/i0.wp.com\/www.shqiperia.com\/blog\/wp-content\/uploads\/2020\/01\/5-togeza.jpg?fit=457%2C273&amp;ssl=1\" data-orig-size=\"457,273\" data-comments-opened=\"1\" data-image-meta=\"{&quot;aperture&quot;:&quot;0&quot;,&quot;credit&quot;:&quot;&quot;,&quot;camera&quot;:&quot;HP Scanjet djf2100&quot;,&quot;caption&quot;:&quot;&quot;,&quot;created_timestamp&quot;:&quot;1334321454&quot;,&quot;copyright&quot;:&quot;&quot;,&quot;focal_length&quot;:&quot;0&quot;,&quot;iso&quot;:&quot;0&quot;,&quot;shutter_speed&quot;:&quot;0&quot;,&quot;title&quot;:&quot;&quot;,&quot;orientation&quot;:&quot;0&quot;}\" data-image-title=\"5-togeza\" data-image-description=\"\" data-image-caption=\"\" data-medium-file=\"https:\/\/i0.wp.com\/www.shqiperia.com\/blog\/wp-content\/uploads\/2020\/01\/5-togeza.jpg?fit=300%2C179&amp;ssl=1\" data-large-file=\"https:\/\/i0.wp.com\/www.shqiperia.com\/blog\/wp-content\/uploads\/2020\/01\/5-togeza.jpg?fit=457%2C273&amp;ssl=1\" class=\"alignnone wp-image-30034\" alt=\"\" src=\"https:\/\/i0.wp.com\/www.shqiperia.com\/blog\/wp-content\/uploads\/2020\/01\/5-togeza.jpg?resize=432%2C258&#038;ssl=1\" width=\"432\" height=\"258\" srcset=\"https:\/\/i0.wp.com\/www.shqiperia.com\/blog\/wp-content\/uploads\/2020\/01\/5-togeza.jpg?resize=300%2C179&amp;ssl=1 300w, https:\/\/i0.wp.com\/www.shqiperia.com\/blog\/wp-content\/uploads\/2020\/01\/5-togeza.jpg?resize=450%2C269&amp;ssl=1 450w, https:\/\/i0.wp.com\/www.shqiperia.com\/blog\/wp-content\/uploads\/2020\/01\/5-togeza.jpg?resize=400%2C239&amp;ssl=1 400w, https:\/\/i0.wp.com\/www.shqiperia.com\/blog\/wp-content\/uploads\/2020\/01\/5-togeza.jpg?w=457&amp;ssl=1 457w\" sizes=\"auto, (max-width: 432px) 100vw, 432px\" \/><\/p>\n<p><img data-recalc-dims=\"1\" loading=\"lazy\" decoding=\"async\" data-attachment-id=\"30037\" data-permalink=\"https:\/\/www.shqiperia.com\/blog\/paftat-e-mesit-me-argjend-qe-perdoreshin-stoli-per-grate-dhe-burat-ne-berat-ne-shekujt-e-kaluar\/rripi-i-nje-sakoje-nga-berati-ketu-dallohet-figuracioni-i-palloit-foto-nga-dorina-arapi-1-2\/\" data-orig-file=\"https:\/\/i0.wp.com\/www.shqiperia.com\/blog\/wp-content\/uploads\/2020\/01\/Rripi-i-nj%C3%AB-sakoje-nga-Berati.-K%C3%ABtu-dallohet-figuracioni-i-palloit.-Foto-nga-Dorina-Arapi-1-1.jpg?fit=960%2C707&amp;ssl=1\" data-orig-size=\"960,707\" data-comments-opened=\"1\" data-image-meta=\"{&quot;aperture&quot;:&quot;0&quot;,&quot;credit&quot;:&quot;&quot;,&quot;camera&quot;:&quot;&quot;,&quot;caption&quot;:&quot;&quot;,&quot;created_timestamp&quot;:&quot;0&quot;,&quot;copyright&quot;:&quot;&quot;,&quot;focal_length&quot;:&quot;0&quot;,&quot;iso&quot;:&quot;0&quot;,&quot;shutter_speed&quot;:&quot;0&quot;,&quot;title&quot;:&quot;&quot;,&quot;orientation&quot;:&quot;0&quot;}\" data-image-title=\"Rripi-i-nj\u00eb-sakoje-nga-Berati.-K\u00ebtu-dallohet-figuracioni-i-palloit.-Foto-nga-Dorina-Arapi-1\" data-image-description=\"\" data-image-caption=\"\" data-medium-file=\"https:\/\/i0.wp.com\/www.shqiperia.com\/blog\/wp-content\/uploads\/2020\/01\/Rripi-i-nj%C3%AB-sakoje-nga-Berati.-K%C3%ABtu-dallohet-figuracioni-i-palloit.-Foto-nga-Dorina-Arapi-1-1.jpg?fit=300%2C221&amp;ssl=1\" data-large-file=\"https:\/\/i0.wp.com\/www.shqiperia.com\/blog\/wp-content\/uploads\/2020\/01\/Rripi-i-nj%C3%AB-sakoje-nga-Berati.-K%C3%ABtu-dallohet-figuracioni-i-palloit.-Foto-nga-Dorina-Arapi-1-1.jpg?fit=960%2C707&amp;ssl=1\" class=\"alignnone wp-image-30037\" alt=\"\" src=\"https:\/\/i0.wp.com\/www.shqiperia.com\/blog\/wp-content\/uploads\/2020\/01\/Rripi-i-nj%C3%AB-sakoje-nga-Berati.-K%C3%ABtu-dallohet-figuracioni-i-palloit.-Foto-nga-Dorina-Arapi-1-1.jpg?resize=718%2C529&#038;ssl=1\" width=\"718\" height=\"529\" srcset=\"https:\/\/i0.wp.com\/www.shqiperia.com\/blog\/wp-content\/uploads\/2020\/01\/Rripi-i-nj%C3%AB-sakoje-nga-Berati.-K%C3%ABtu-dallohet-figuracioni-i-palloit.-Foto-nga-Dorina-Arapi-1-1.jpg?resize=300%2C221&amp;ssl=1 300w, https:\/\/i0.wp.com\/www.shqiperia.com\/blog\/wp-content\/uploads\/2020\/01\/Rripi-i-nj%C3%AB-sakoje-nga-Berati.-K%C3%ABtu-dallohet-figuracioni-i-palloit.-Foto-nga-Dorina-Arapi-1-1.jpg?resize=768%2C566&amp;ssl=1 768w, https:\/\/i0.wp.com\/www.shqiperia.com\/blog\/wp-content\/uploads\/2020\/01\/Rripi-i-nj%C3%AB-sakoje-nga-Berati.-K%C3%ABtu-dallohet-figuracioni-i-palloit.-Foto-nga-Dorina-Arapi-1-1.jpg?resize=450%2C331&amp;ssl=1 450w, https:\/\/i0.wp.com\/www.shqiperia.com\/blog\/wp-content\/uploads\/2020\/01\/Rripi-i-nj%C3%AB-sakoje-nga-Berati.-K%C3%ABtu-dallohet-figuracioni-i-palloit.-Foto-nga-Dorina-Arapi-1-1.jpg?resize=600%2C442&amp;ssl=1 600w, https:\/\/i0.wp.com\/www.shqiperia.com\/blog\/wp-content\/uploads\/2020\/01\/Rripi-i-nj%C3%AB-sakoje-nga-Berati.-K%C3%ABtu-dallohet-figuracioni-i-palloit.-Foto-nga-Dorina-Arapi-1-1.jpg?resize=400%2C295&amp;ssl=1 400w, https:\/\/i0.wp.com\/www.shqiperia.com\/blog\/wp-content\/uploads\/2020\/01\/Rripi-i-nj%C3%AB-sakoje-nga-Berati.-K%C3%ABtu-dallohet-figuracioni-i-palloit.-Foto-nga-Dorina-Arapi-1-1.jpg?w=960&amp;ssl=1 960w\" sizes=\"auto, (max-width: 718px) 100vw, 718px\" \/><\/p>\n<p><strong>Pafta mesi , Muzeu i Kultures Popullore Berat.<\/strong><\/p>\n<p>Autori anonim . Shek. i 18-t\u00eb .Pafta (tog\u00ebza ) argjendi. Muzeu i Kult. Popull. Berat.<\/p>\n<p>Nj\u00eb ve\u00e7ori p\u00ebrb\u00ebn m\u00ebnyra e kompozimit, trajtimi i vet shpendit me plastik\u00ebn e tij ,vendosur midis dy paftave. N\u00eb forma m\u00eb t\u00eb pasura n\u00eb disa pafta kemi n\u00eb bllokun qendror, ndryshe nga ato an\u00ebsoret, ku n\u00eb qend\u00ebr kemi pafta q\u00eb jan\u00eb t\u00eb vendosura dhe me gur\u00eb me ngjyr\u00eb p\u00ebr t\u00eb pasuruar akoma m\u00eb shum\u00eb objektin.<\/p>\n<p>N\u00eb nj\u00eb m\u00ebnyr\u00eb origjinale jan\u00eb kompozuar kapset an\u00ebsore t\u00eb paftave n\u00eb form\u00eb trek\u00ebnd\u00ebshi t\u00eb kompozuara me motive t\u00eb ndryshme ku ndryshojn\u00eb nga nj\u00ebra -tjetra.\u00a0 Paftat jan\u00eb t\u00eb trajtuara me motive t\u00eb lidhura, nd\u00ebrsa n\u00eb disa t\u00eb tjera me motive t\u00eb shk\u00ebputura.<\/p>\n<p>N\u00eb t\u00ebr\u00ebsi n\u00eb k\u00ebto objekte t\u00eb zbukurimit t\u00eb gruas shqiptare p\u00ebrmbajn\u00eb vlera t\u00eb m\u00ebdha artistike. Argjendar\u00ebt beratas arrit\u00ebn t\u00eb krijojn\u00eb n\u00eb k\u00ebt\u00eb gjini objekte t\u00eb p\u00ebrkryera q\u00eb z\u00ebn\u00eb vend n\u00eb thesarin e kultur\u00ebs popullore n\u00eb Berat.<\/p>\n<p>Paftat i kemi n\u00eb disa variante. T\u00eb gjitha pak a shum\u00eb kan\u00eb t\u00eb nj\u00ebjt\u00ebn form\u00eb n\u00eb grupime. Ato ndryshojn\u00eb n\u00eb motive dhe n\u00eb p\u00ebrmasa. K\u00ebto paraqesin dhe faza t\u00eb ndryshme zhvillimi nga format m\u00eb t\u00eb vjetra e t\u00eb thjeshta, deri n\u00eb format e reja e t\u00eb nd\u00ebrlikuara<\/p>\n","protected":false},"excerpt":{"rendered":"<p>PAFTAT E MESIT ME ARGJEND Q\u00cb P\u00cbRDORESHIN STOLI P\u00cbR GRAT\u00cb DHE BURAT N\u00cb BERAT NE SHEKUJT E KALUAR. Nga: Agron Dingo Piktor-restaurator \/ Arti popullor tradicional ne Berat, produktiv nj\u00eb aktivitet brenda materialit popullor t\u00eb jet\u00ebs dhe ritmin e ngadalt\u00eb t\u00eb shoq\u00ebris\u00eb para-industriale te punuar me dore\u00a0 te nevojave dhe q\u00ebllimeve dhe vlerave simbolike e [&hellip;]<\/p>\n","protected":false},"author":9,"featured_media":30029,"comment_status":"open","ping_status":"open","sticky":false,"template":"","format":"standard","meta":{"jetpack_post_was_ever_published":false,"_jetpack_newsletter_access":"","_jetpack_dont_email_post_to_subs":false,"_jetpack_newsletter_tier_id":0,"_jetpack_memberships_contains_paywalled_content":false,"_jetpack_memberships_contains_paid_content":false,"footnotes":"","jetpack_publicize_message":"","jetpack_publicize_feature_enabled":true,"jetpack_social_post_already_shared":true,"jetpack_social_options":{"image_generator_settings":{"template":"highway","default_image_id":0,"font":"","enabled":false},"version":2}},"categories":[87,10,86],"tags":[],"class_list":["post-30028","post","type-post","status-publish","format-standard","has-post-thumbnail","hentry","category-arte","category-kultura","category-trashegimi-kulturore"],"jetpack_publicize_connections":[],"jetpack_featured_media_url":"https:\/\/i0.wp.com\/www.shqiperia.com\/blog\/wp-content\/uploads\/2020\/01\/feb71d906a36bd5781017921406a82cc.jpg?fit=564%2C295&ssl=1","jetpack_sharing_enabled":true,"jetpack_shortlink":"https:\/\/wp.me\/p5Z6wp-7Ok","jetpack-related-posts":[{"id":13801,"url":"https:\/\/www.shqiperia.com\/blog\/qytetaret-fitone-besimin-se-ne-muze-ruhen-objektet-artefaktet-qendres-kombetare-te-muzeut-berat-i-dhurohen-dy-objekte-nga-piktori-agron-dingo\/","url_meta":{"origin":30028,"position":0},"title":"Qytetaret fitojne besimin se ne Muze ruhen Objektet (artefaktet). &#8211; Qendres Kombetare t\u00eb Muzeut Berat i dhurohen dy objekte nga piktori Agron Dingo. &#8211;","author":"Kurt Farka","date":"November 17, 2018","format":false,"excerpt":"Qytetaret fitojne besimin se ne Muze ruhen Objektet (artefaktet). - Qendres Kombetare t\u00eb Muzeut Berat i dhurohen dy objekte nga piktori Agron Dingo. - Dy objekte t\u00eb ve\u00e7ant\u00eb i jan\u00eb shtuar koleksionit t\u00eb Muzeut Etnografik Berat. Objektet n\u00eb fjal\u00eb jan\u00eb kall\u00ebpe q\u00eb kan\u00eb sh\u00ebrbyer p\u00ebr realizimin e paftave t\u00eb mesit\u2026","rel":"","context":"In &quot;Arte&quot;","block_context":{"text":"Arte","link":"https:\/\/www.shqiperia.com\/blog\/category\/arte\/"},"img":{"alt_text":"","src":"https:\/\/i0.wp.com\/www.shqiperia.com\/blog\/wp-content\/uploads\/2018\/11\/Kallepe-per-Pafta-Brezi-punuar-nga-Andrea-Thanas-Plaku-Copy.png?fit=432%2C223&ssl=1&resize=350%2C200","width":350,"height":200},"classes":[]},{"id":80416,"url":"https:\/\/www.shqiperia.com\/blog\/ne-ar-e-argjend-kapaket-e-arte-te-ungjillit-qe-ruhen-ne-muzeun-ikonografik-onufri-berat\/","url_meta":{"origin":30028,"position":1},"title":"N\u00eb ar e argjend &#8211; Kapak\u00ebt e art\u00eb t\u00eb ungjillit q\u00eb ruhen n\u00eb Muzeun Ikonografik \u201cOnufri\u201d Berat.","author":"Kurt Farka","date":"April 25, 2024","format":false,"excerpt":"25 Prill 2024 Qendra Komb\u00ebtare e Muzeumeve Berat publikoi n\u00eb rrjetet sociale nj\u00eb prej objekteve m\u00eb me vler\u00eb q\u00eb ruhen nga Muzeu Ikonografik \u201cOnufri\u201d. B\u00ebhet fjal\u00eb p\u00ebr kapak\u00ebt e ungjillit t\u00eb realizuar me mjesht\u00ebri n\u00eb ar e argjend dhe q\u00eb jan\u00eb t\u00eb ekspozuar n\u00eb nj\u00eb nga stendat e Muzeut Ikonografik.\u2026","rel":"","context":"In &quot;Arte&quot;","block_context":{"text":"Arte","link":"https:\/\/www.shqiperia.com\/blog\/category\/arte\/"},"img":{"alt_text":"","src":"https:\/\/i0.wp.com\/www.shqiperia.com\/blog\/wp-content\/uploads\/2024\/04\/640-0-ikon-1714034739.jpg?fit=640%2C427&ssl=1&resize=350%2C200","width":350,"height":200,"srcset":"https:\/\/i0.wp.com\/www.shqiperia.com\/blog\/wp-content\/uploads\/2024\/04\/640-0-ikon-1714034739.jpg?fit=640%2C427&ssl=1&resize=350%2C200 1x, https:\/\/i0.wp.com\/www.shqiperia.com\/blog\/wp-content\/uploads\/2024\/04\/640-0-ikon-1714034739.jpg?fit=640%2C427&ssl=1&resize=525%2C300 1.5x"},"classes":[]},{"id":94009,"url":"https:\/\/www.shqiperia.com\/blog\/nje-mije-e-nje-fije-xhubleta-ne-javen-e-modes-ne-milano\/","url_meta":{"origin":30028,"position":2},"title":"\u201cNj\u00eb mij\u00eb e nj\u00eb fije\u201d, xhubleta n\u00eb Jav\u00ebn e Mod\u00ebs n\u00eb Milano!","author":"Kurt Farka","date":"September 27, 2025","format":false,"excerpt":"27 Shtator 2025 N\u00eb Jav\u00ebn e Mod\u00ebs Milano u prezantua mbr\u00ebm\u00eb nj\u00eb koleksion kushtuar xhublet\u00ebs shqiptare i realizuar nga Moralda Durra dhe i titulluar \u201cNj\u00eb mij\u00eb e nj\u00eb fije\u201d. Xhubleta u prezantua mbr\u00ebm\u00eb n\u00eb sfilat\u00ebn e organizuar n\u00eb hotelin \u201cFour Seasons\u201d, t\u00eb Milanos. Ky koleksion \u00ebsht\u00eb nj\u00eb homazh bashk\u00ebkohor p\u00ebr\u2026","rel":"","context":"In &quot;Blogu i Udh\u00ebtarit&quot;","block_context":{"text":"Blogu i Udh\u00ebtarit","link":"https:\/\/www.shqiperia.com\/blog\/category\/blogu-i-udhetarit\/"},"img":{"alt_text":"","src":"https:\/\/i0.wp.com\/www.shqiperia.com\/blog\/wp-content\/uploads\/2025\/09\/705060-4OqBrcAKQx.jpg?fit=780%2C500&ssl=1&resize=350%2C200","width":350,"height":200,"srcset":"https:\/\/i0.wp.com\/www.shqiperia.com\/blog\/wp-content\/uploads\/2025\/09\/705060-4OqBrcAKQx.jpg?fit=780%2C500&ssl=1&resize=350%2C200 1x, https:\/\/i0.wp.com\/www.shqiperia.com\/blog\/wp-content\/uploads\/2025\/09\/705060-4OqBrcAKQx.jpg?fit=780%2C500&ssl=1&resize=525%2C300 1.5x, https:\/\/i0.wp.com\/www.shqiperia.com\/blog\/wp-content\/uploads\/2025\/09\/705060-4OqBrcAKQx.jpg?fit=780%2C500&ssl=1&resize=700%2C400 2x"},"classes":[]},{"id":40530,"url":"https:\/\/www.shqiperia.com\/blog\/marianne-graf-autore-e-nje-botimi-te-pak-viteve-me-pare-me-vlera-per-shoqerine-shqiptare\/","url_meta":{"origin":30028,"position":3},"title":"Marianne Graf autore e nje botimi te pak viteve me pare, me vlera per shoqerine shqiptare.","author":"Kurt Farka","date":"November 4, 2020","format":false,"excerpt":"Marianne Graf autore e nje botimi te pak viteve me pare, me vlera per shoqerine shqiptare. Albumi: Marianne Graf, Shqiperia e Veriut, Tirane, 194 faqe. Ne vitin 2006 Bamirsia austriake Marianne Graf botoi nje album fotografik. Tema ishte e gjendja shoqerore-ekonomike dhe kulturore kryesisht per Shqiperine e Veriut. Fotot dokumentare\u2026","rel":"","context":"In &quot;Blogu i Udh\u00ebtarit&quot;","block_context":{"text":"Blogu i Udh\u00ebtarit","link":"https:\/\/www.shqiperia.com\/blog\/category\/blogu-i-udhetarit\/"},"img":{"alt_text":"","src":"https:\/\/i0.wp.com\/www.shqiperia.com\/blog\/wp-content\/uploads\/2020\/11\/Marianne-Graf-3.jpg?fit=897%2C578&ssl=1&resize=350%2C200","width":350,"height":200,"srcset":"https:\/\/i0.wp.com\/www.shqiperia.com\/blog\/wp-content\/uploads\/2020\/11\/Marianne-Graf-3.jpg?fit=897%2C578&ssl=1&resize=350%2C200 1x, https:\/\/i0.wp.com\/www.shqiperia.com\/blog\/wp-content\/uploads\/2020\/11\/Marianne-Graf-3.jpg?fit=897%2C578&ssl=1&resize=525%2C300 1.5x, https:\/\/i0.wp.com\/www.shqiperia.com\/blog\/wp-content\/uploads\/2020\/11\/Marianne-Graf-3.jpg?fit=897%2C578&ssl=1&resize=700%2C400 2x"},"classes":[]},{"id":18357,"url":"https:\/\/www.shqiperia.com\/blog\/stoli-te-grave-te-shqiperise-se-veriut\/","url_meta":{"origin":30028,"position":4},"title":"Stoli te grave te Shqiperise se Veriut","author":"Kurt Farka","date":"March 15, 2019","format":false,"excerpt":"Nje pale Veth (Vathe) karakteristik te stolive te grave mirditore dhe nje Unaze Argjendi, qe mbahej si objekt zbukurimi nga grate e Shqiperise se Veriut. foto: J. Brahaj.","rel":"","context":"In &quot;Arte&quot;","block_context":{"text":"Arte","link":"https:\/\/www.shqiperia.com\/blog\/category\/arte\/"},"img":{"alt_text":"","src":"https:\/\/i0.wp.com\/www.shqiperia.com\/blog\/wp-content\/uploads\/2019\/03\/3.jpg?fit=779%2C442&ssl=1&resize=350%2C200","width":350,"height":200,"srcset":"https:\/\/i0.wp.com\/www.shqiperia.com\/blog\/wp-content\/uploads\/2019\/03\/3.jpg?fit=779%2C442&ssl=1&resize=350%2C200 1x, https:\/\/i0.wp.com\/www.shqiperia.com\/blog\/wp-content\/uploads\/2019\/03\/3.jpg?fit=779%2C442&ssl=1&resize=525%2C300 1.5x, https:\/\/i0.wp.com\/www.shqiperia.com\/blog\/wp-content\/uploads\/2019\/03\/3.jpg?fit=779%2C442&ssl=1&resize=700%2C400 2x"},"classes":[]},{"id":3421,"url":"https:\/\/www.shqiperia.com\/blog\/kisha-e-shen-kollit-ne-fshatin-perondi-berat\/","url_meta":{"origin":30028,"position":5},"title":"Kisha e Sh\u00ebn Kollit n\u00eb fshatin Perondi &#8211; Berat. &#8211;","author":"Kurt Farka","date":"February 17, 2018","format":false,"excerpt":"Kembanorja, mendohet qe eshte nga m\u00eb t\u00eb hershmet n\u00eb provincat bizantine t\u00eb Ballkanit. Kisha e Sh\u00ebn Kollit ndodhet n\u00eb fshatin Perondi, rrethi i Ku\u00e7ov\u00ebs, rreth 18 km nga qyteti mesjetar i Beratit dhe p\u00ebrb\u00ebn nj\u00eb nga monumentet m\u00eb t\u00eb hershme bizantine n\u00eb Shqip\u00ebri. Gjat\u00eb shekujve kisha ka p\u00ebsuar mjaft transformime\u2026","rel":"","context":"In &quot;Trashegimi Kulturore&quot;","block_context":{"text":"Trashegimi Kulturore","link":"https:\/\/www.shqiperia.com\/blog\/category\/trashegimi-kulturore\/"},"img":{"alt_text":"","src":"https:\/\/i0.wp.com\/www.shqiperia.com\/blog\/wp-content\/uploads\/2018\/02\/Kisha-e-Sh%C3%ABn-Kollit-Perondi.jpg?fit=1200%2C675&ssl=1&resize=350%2C200","width":350,"height":200,"srcset":"https:\/\/i0.wp.com\/www.shqiperia.com\/blog\/wp-content\/uploads\/2018\/02\/Kisha-e-Sh%C3%ABn-Kollit-Perondi.jpg?fit=1200%2C675&ssl=1&resize=350%2C200 1x, https:\/\/i0.wp.com\/www.shqiperia.com\/blog\/wp-content\/uploads\/2018\/02\/Kisha-e-Sh%C3%ABn-Kollit-Perondi.jpg?fit=1200%2C675&ssl=1&resize=525%2C300 1.5x, https:\/\/i0.wp.com\/www.shqiperia.com\/blog\/wp-content\/uploads\/2018\/02\/Kisha-e-Sh%C3%ABn-Kollit-Perondi.jpg?fit=1200%2C675&ssl=1&resize=700%2C400 2x, https:\/\/i0.wp.com\/www.shqiperia.com\/blog\/wp-content\/uploads\/2018\/02\/Kisha-e-Sh%C3%ABn-Kollit-Perondi.jpg?fit=1200%2C675&ssl=1&resize=1050%2C600 3x"},"classes":[]}],"_links":{"self":[{"href":"https:\/\/www.shqiperia.com\/blog\/wp-json\/wp\/v2\/posts\/30028","targetHints":{"allow":["GET"]}}],"collection":[{"href":"https:\/\/www.shqiperia.com\/blog\/wp-json\/wp\/v2\/posts"}],"about":[{"href":"https:\/\/www.shqiperia.com\/blog\/wp-json\/wp\/v2\/types\/post"}],"author":[{"embeddable":true,"href":"https:\/\/www.shqiperia.com\/blog\/wp-json\/wp\/v2\/users\/9"}],"replies":[{"embeddable":true,"href":"https:\/\/www.shqiperia.com\/blog\/wp-json\/wp\/v2\/comments?post=30028"}],"version-history":[{"count":1,"href":"https:\/\/www.shqiperia.com\/blog\/wp-json\/wp\/v2\/posts\/30028\/revisions"}],"predecessor-version":[{"id":30038,"href":"https:\/\/www.shqiperia.com\/blog\/wp-json\/wp\/v2\/posts\/30028\/revisions\/30038"}],"wp:featuredmedia":[{"embeddable":true,"href":"https:\/\/www.shqiperia.com\/blog\/wp-json\/wp\/v2\/media\/30029"}],"wp:attachment":[{"href":"https:\/\/www.shqiperia.com\/blog\/wp-json\/wp\/v2\/media?parent=30028"}],"wp:term":[{"taxonomy":"category","embeddable":true,"href":"https:\/\/www.shqiperia.com\/blog\/wp-json\/wp\/v2\/categories?post=30028"},{"taxonomy":"post_tag","embeddable":true,"href":"https:\/\/www.shqiperia.com\/blog\/wp-json\/wp\/v2\/tags?post=30028"}],"curies":[{"name":"wp","href":"https:\/\/api.w.org\/{rel}","templated":true}]}}