{"id":29927,"date":"2020-01-01T01:45:33","date_gmt":"2020-01-01T01:45:33","guid":{"rendered":"https:\/\/www.shqiperia.com\/blog\/?p=29927"},"modified":"2020-01-01T01:45:33","modified_gmt":"2020-01-01T01:45:33","slug":"gezuar-vitin-e-ri-2020","status":"publish","type":"post","link":"https:\/\/www.shqiperia.com\/blog\/gezuar-vitin-e-ri-2020\/","title":{"rendered":"Gezuar Vitin e Ri 2020"},"content":{"rendered":"<p><img data-recalc-dims=\"1\" loading=\"lazy\" decoding=\"async\" data-attachment-id=\"29928\" data-permalink=\"https:\/\/www.shqiperia.com\/blog\/gezuar-vitin-e-ri-2020\/81363649_2611439452412675_909310766304198656_o-copy\/\" data-orig-file=\"https:\/\/i0.wp.com\/www.shqiperia.com\/blog\/wp-content\/uploads\/2020\/01\/81363649_2611439452412675_909310766304198656_o-Copy.jpg?fit=821%2C449&amp;ssl=1\" data-orig-size=\"821,449\" data-comments-opened=\"1\" data-image-meta=\"{&quot;aperture&quot;:&quot;0&quot;,&quot;credit&quot;:&quot;&quot;,&quot;camera&quot;:&quot;&quot;,&quot;caption&quot;:&quot;&quot;,&quot;created_timestamp&quot;:&quot;0&quot;,&quot;copyright&quot;:&quot;&quot;,&quot;focal_length&quot;:&quot;0&quot;,&quot;iso&quot;:&quot;0&quot;,&quot;shutter_speed&quot;:&quot;0&quot;,&quot;title&quot;:&quot;&quot;,&quot;orientation&quot;:&quot;0&quot;}\" data-image-title=\"81363649_2611439452412675_909310766304198656_o &#8211; Copy\" data-image-description=\"\" data-image-caption=\"\" data-medium-file=\"https:\/\/i0.wp.com\/www.shqiperia.com\/blog\/wp-content\/uploads\/2020\/01\/81363649_2611439452412675_909310766304198656_o-Copy.jpg?fit=300%2C164&amp;ssl=1\" data-large-file=\"https:\/\/i0.wp.com\/www.shqiperia.com\/blog\/wp-content\/uploads\/2020\/01\/81363649_2611439452412675_909310766304198656_o-Copy.jpg?fit=821%2C449&amp;ssl=1\" class=\"alignnone  wp-image-29928\" alt=\"\" src=\"https:\/\/i0.wp.com\/www.shqiperia.com\/blog\/wp-content\/uploads\/2020\/01\/81363649_2611439452412675_909310766304198656_o-Copy.jpg?resize=648%2C354&#038;ssl=1\" width=\"648\" height=\"354\" srcset=\"https:\/\/i0.wp.com\/www.shqiperia.com\/blog\/wp-content\/uploads\/2020\/01\/81363649_2611439452412675_909310766304198656_o-Copy.jpg?resize=300%2C164&amp;ssl=1 300w, https:\/\/i0.wp.com\/www.shqiperia.com\/blog\/wp-content\/uploads\/2020\/01\/81363649_2611439452412675_909310766304198656_o-Copy.jpg?resize=768%2C420&amp;ssl=1 768w, https:\/\/i0.wp.com\/www.shqiperia.com\/blog\/wp-content\/uploads\/2020\/01\/81363649_2611439452412675_909310766304198656_o-Copy.jpg?resize=450%2C246&amp;ssl=1 450w, https:\/\/i0.wp.com\/www.shqiperia.com\/blog\/wp-content\/uploads\/2020\/01\/81363649_2611439452412675_909310766304198656_o-Copy.jpg?resize=600%2C328&amp;ssl=1 600w, https:\/\/i0.wp.com\/www.shqiperia.com\/blog\/wp-content\/uploads\/2020\/01\/81363649_2611439452412675_909310766304198656_o-Copy.jpg?resize=400%2C219&amp;ssl=1 400w, https:\/\/i0.wp.com\/www.shqiperia.com\/blog\/wp-content\/uploads\/2020\/01\/81363649_2611439452412675_909310766304198656_o-Copy.jpg?w=821&amp;ssl=1 821w\" sizes=\"auto, (max-width: 648px) 100vw, 648px\" \/><\/p>\n<p>Shiperia.Com ju Uron Gezuar Vitin e Ri 2020<\/p>\n<p><img data-recalc-dims=\"1\" loading=\"lazy\" decoding=\"async\" data-attachment-id=\"29930\" data-permalink=\"https:\/\/www.shqiperia.com\/blog\/gezuar-vitin-e-ri-2020\/81363649_2611439452412675_909310766304198656_o-3\/\" data-orig-file=\"https:\/\/i0.wp.com\/www.shqiperia.com\/blog\/wp-content\/uploads\/2020\/01\/81363649_2611439452412675_909310766304198656_o-2.jpg?fit=821%2C703&amp;ssl=1\" data-orig-size=\"821,703\" data-comments-opened=\"1\" data-image-meta=\"{&quot;aperture&quot;:&quot;0&quot;,&quot;credit&quot;:&quot;&quot;,&quot;camera&quot;:&quot;&quot;,&quot;caption&quot;:&quot;&quot;,&quot;created_timestamp&quot;:&quot;0&quot;,&quot;copyright&quot;:&quot;&quot;,&quot;focal_length&quot;:&quot;0&quot;,&quot;iso&quot;:&quot;0&quot;,&quot;shutter_speed&quot;:&quot;0&quot;,&quot;title&quot;:&quot;&quot;,&quot;orientation&quot;:&quot;0&quot;}\" data-image-title=\"81363649_2611439452412675_909310766304198656_o\" data-image-description=\"\" data-image-caption=\"\" data-medium-file=\"https:\/\/i0.wp.com\/www.shqiperia.com\/blog\/wp-content\/uploads\/2020\/01\/81363649_2611439452412675_909310766304198656_o-2.jpg?fit=300%2C257&amp;ssl=1\" data-large-file=\"https:\/\/i0.wp.com\/www.shqiperia.com\/blog\/wp-content\/uploads\/2020\/01\/81363649_2611439452412675_909310766304198656_o-2.jpg?fit=821%2C703&amp;ssl=1\" class=\"alignnone  wp-image-29930\" alt=\"\" src=\"https:\/\/i0.wp.com\/www.shqiperia.com\/blog\/wp-content\/uploads\/2020\/01\/81363649_2611439452412675_909310766304198656_o-2.jpg?resize=897%2C771&#038;ssl=1\" width=\"897\" height=\"771\" srcset=\"https:\/\/i0.wp.com\/www.shqiperia.com\/blog\/wp-content\/uploads\/2020\/01\/81363649_2611439452412675_909310766304198656_o-2.jpg?resize=300%2C257&amp;ssl=1 300w, https:\/\/i0.wp.com\/www.shqiperia.com\/blog\/wp-content\/uploads\/2020\/01\/81363649_2611439452412675_909310766304198656_o-2.jpg?resize=400%2C343&amp;ssl=1 400w\" sizes=\"auto, (max-width: 897px) 100vw, 897px\" \/><\/p>\n","protected":false},"excerpt":{"rendered":"<p>Shiperia.Com ju Uron Gezuar Vitin e Ri 2020<\/p>\n","protected":false},"author":9,"featured_media":29928,"comment_status":"open","ping_status":"open","sticky":false,"template":"","format":"standard","meta":{"jetpack_post_was_ever_published":false,"_jetpack_newsletter_access":"","_jetpack_dont_email_post_to_subs":false,"_jetpack_newsletter_tier_id":0,"_jetpack_memberships_contains_paywalled_content":false,"_jetpack_memberships_contains_paid_content":false,"footnotes":"","jetpack_publicize_message":"","jetpack_publicize_feature_enabled":true,"jetpack_social_post_already_shared":true,"jetpack_social_options":{"image_generator_settings":{"template":"highway","default_image_id":0,"font":"","enabled":false},"version":2}},"categories":[27,35],"tags":[],"class_list":["post-29927","post","type-post","status-publish","format-standard","has-post-thumbnail","hentry","category-blogu-i-udhetarit","category-shoqerore"],"jetpack_publicize_connections":[],"jetpack_featured_media_url":"https:\/\/i0.wp.com\/www.shqiperia.com\/blog\/wp-content\/uploads\/2020\/01\/81363649_2611439452412675_909310766304198656_o-Copy.jpg?fit=821%2C449&ssl=1","jetpack_sharing_enabled":true,"jetpack_shortlink":"https:\/\/wp.me\/p5Z6wp-7MH","jetpack-related-posts":[{"id":15451,"url":"https:\/\/www.shqiperia.com\/blog\/shqiperia-com-ju-uron-gezuar-vitin-e-ri-gjithe-lexuesve-dhe-bashkepunetoreve\/","url_meta":{"origin":29927,"position":0},"title":"Shqiperia.com, ju Uron Gezuar Vitin e Ri gjithe lexuesve dhe bashkepunetoreve.","author":"Kurt Farka","date":"December 31, 2018","format":false,"excerpt":"Shqiperia.com, ju Uron Gezuar Vitin e Ri gjithe lexuesve dhe bashkepunetoreve.","rel":"","context":"In &quot;Arte&quot;","block_context":{"text":"Arte","link":"https:\/\/www.shqiperia.com\/blog\/category\/arte\/"},"img":{"alt_text":"","src":"https:\/\/i0.wp.com\/www.shqiperia.com\/blog\/wp-content\/uploads\/2018\/12\/20181231_085813.jpg?fit=693%2C1200&ssl=1&resize=350%2C200","width":350,"height":200,"srcset":"https:\/\/i0.wp.com\/www.shqiperia.com\/blog\/wp-content\/uploads\/2018\/12\/20181231_085813.jpg?fit=693%2C1200&ssl=1&resize=350%2C200 1x, https:\/\/i0.wp.com\/www.shqiperia.com\/blog\/wp-content\/uploads\/2018\/12\/20181231_085813.jpg?fit=693%2C1200&ssl=1&resize=525%2C300 1.5x"},"classes":[]},{"id":15479,"url":"https:\/\/www.shqiperia.com\/blog\/shqiperia-com-ju-uron-gezuar-vitin-e-ri-te-gjithe-lexuesve-dhe-bashkepunetoreve\/","url_meta":{"origin":29927,"position":1},"title":"Shqiperia.Com,  Ju uron Gezuar Vitin e Ri te gjithe lexuesve dhe bashkepunetoreve.","author":"Kurt Farka","date":"January 1, 2019","format":false,"excerpt":"Shqiperia.Com,\u00a0 Ju uron Gezuar Vitin e Ri te gjithe lexuesve dhe bashkepunetoreve.","rel":"","context":"In &quot;Kultura&quot;","block_context":{"text":"Kultura","link":"https:\/\/www.shqiperia.com\/blog\/category\/kultura\/"},"img":{"alt_text":"","src":"https:\/\/i0.wp.com\/www.shqiperia.com\/blog\/wp-content\/uploads\/2019\/01\/27655436_150612298957772_2504853169382012032_n-Copy.jpg?fit=942%2C553&ssl=1&resize=350%2C200","width":350,"height":200,"srcset":"https:\/\/i0.wp.com\/www.shqiperia.com\/blog\/wp-content\/uploads\/2019\/01\/27655436_150612298957772_2504853169382012032_n-Copy.jpg?fit=942%2C553&ssl=1&resize=350%2C200 1x, https:\/\/i0.wp.com\/www.shqiperia.com\/blog\/wp-content\/uploads\/2019\/01\/27655436_150612298957772_2504853169382012032_n-Copy.jpg?fit=942%2C553&ssl=1&resize=525%2C300 1.5x, https:\/\/i0.wp.com\/www.shqiperia.com\/blog\/wp-content\/uploads\/2019\/01\/27655436_150612298957772_2504853169382012032_n-Copy.jpg?fit=942%2C553&ssl=1&resize=700%2C400 2x"},"classes":[]},{"id":87497,"url":"https:\/\/www.shqiperia.com\/blog\/benet-beci-rikthen-komunizmin-ne-shkoder-kisha-katolike-mirenjohja-ka-mbaresine-mosmirenjohja-ndahet-me-turp\/","url_meta":{"origin":29927,"position":2},"title":"Benet Beci \u201crikthen\u201d komunizmin n\u00eb Shkod\u00ebr, Kisha Katolike: Mir\u00ebnjohja ka mbar\u00ebsin\u00eb, mosmir\u00ebnjohja ndahet me turp!","author":"Kurt Farka","date":"December 17, 2024","format":false,"excerpt":"17 Dhjetor 2024 Kisha Katolike n\u00eb Shkod\u00ebr ka reaguar n\u00eb lidhje me atmosfer\u00ebn festive t\u00eb munguar n\u00eb qytet p\u00ebr festat e fundvitit, ku bashkia nuk ka vendosur asnj\u00eb pankart\u00eb ku tu urohet qytetar\u00ebve \u2018G\u00ebsuar Krishtlindjen dhe Vitin e Ri 2025\u2019, a thua se n\u00eb qytet \u00ebsht\u00eb rikthyer periudha e komunizmit,\u2026","rel":"","context":"In &quot;Blogu i Udh\u00ebtarit&quot;","block_context":{"text":"Blogu i Udh\u00ebtarit","link":"https:\/\/www.shqiperia.com\/blog\/category\/blogu-i-udhetarit\/"},"img":{"alt_text":"","src":"https:\/\/i0.wp.com\/www.shqiperia.com\/blog\/wp-content\/uploads\/2024\/12\/640-0-opa5-1734379883.jpg?fit=640%2C332&ssl=1&resize=350%2C200","width":350,"height":200,"srcset":"https:\/\/i0.wp.com\/www.shqiperia.com\/blog\/wp-content\/uploads\/2024\/12\/640-0-opa5-1734379883.jpg?fit=640%2C332&ssl=1&resize=350%2C200 1x, https:\/\/i0.wp.com\/www.shqiperia.com\/blog\/wp-content\/uploads\/2024\/12\/640-0-opa5-1734379883.jpg?fit=640%2C332&ssl=1&resize=525%2C300 1.5x"},"classes":[]},{"id":51790,"url":"https:\/\/www.shqiperia.com\/blog\/shqiperia-com-ju-uron-gezuar-festen-e-kombit-shqiptar\/","url_meta":{"origin":29927,"position":3},"title":"Shqiperia.Com Ju Uron:  &#8211; Gezuar Festen e Kombit Shqiptar!","author":"Kurt Farka","date":"November 28, 2021","format":false,"excerpt":"Shqiperia.Com Ju Uron: - Gezuar Festen e Kombit Shqiptar!","rel":"","context":"In &quot;Blogu i Udh\u00ebtarit&quot;","block_context":{"text":"Blogu i Udh\u00ebtarit","link":"https:\/\/www.shqiperia.com\/blog\/category\/blogu-i-udhetarit\/"},"img":{"alt_text":"","src":"https:\/\/i0.wp.com\/www.shqiperia.com\/blog\/wp-content\/uploads\/2021\/11\/Isa-Boletini-ne-Gjunje-Para-Flamurit..jpg?fit=1200%2C743&ssl=1&resize=350%2C200","width":350,"height":200,"srcset":"https:\/\/i0.wp.com\/www.shqiperia.com\/blog\/wp-content\/uploads\/2021\/11\/Isa-Boletini-ne-Gjunje-Para-Flamurit..jpg?fit=1200%2C743&ssl=1&resize=350%2C200 1x, https:\/\/i0.wp.com\/www.shqiperia.com\/blog\/wp-content\/uploads\/2021\/11\/Isa-Boletini-ne-Gjunje-Para-Flamurit..jpg?fit=1200%2C743&ssl=1&resize=525%2C300 1.5x, https:\/\/i0.wp.com\/www.shqiperia.com\/blog\/wp-content\/uploads\/2021\/11\/Isa-Boletini-ne-Gjunje-Para-Flamurit..jpg?fit=1200%2C743&ssl=1&resize=700%2C400 2x, https:\/\/i0.wp.com\/www.shqiperia.com\/blog\/wp-content\/uploads\/2021\/11\/Isa-Boletini-ne-Gjunje-Para-Flamurit..jpg?fit=1200%2C743&ssl=1&resize=1050%2C600 3x"},"classes":[]},{"id":87955,"url":"https:\/\/www.shqiperia.com\/blog\/spanjollet-festojne-vitin-e-ri-ne-plazhin-e-barcelones\/","url_meta":{"origin":29927,"position":4},"title":"Spanjoll\u00ebt festojn\u00eb Vitin e Ri n\u00eb plazhin e Barcelon\u00ebs","author":"Kurt Farka","date":"January 2, 2025","format":false,"excerpt":"2 Janar 2024 Qindra spanjoll\u00eb n\u00eb plazhin e Barcelon\u00ebs. Duke shijuar diellin, pjes\u00ebmarr\u00ebsit vrapuan \u00a0drejt plazhit, i cili kishte nj\u00eb temperatur\u00eb prej vet\u00ebm 13 grad\u00eb Celsius. Festimet vazhduan p\u00ebr disa or\u00eb, ku shikuesit kureshtar\u00eb, notar\u00ebt dhe turist\u00ebt e huaj festuan dit\u00ebn e par\u00eb t\u00eb vitit n\u00eb plazhin e njohur t\u00eb\u2026","rel":"","context":"In &quot;Blogu i Udh\u00ebtarit&quot;","block_context":{"text":"Blogu i Udh\u00ebtarit","link":"https:\/\/www.shqiperia.com\/blog\/category\/blogu-i-udhetarit\/"},"img":{"alt_text":"","src":"https:\/\/i0.wp.com\/www.shqiperia.com\/blog\/wp-content\/uploads\/2025\/01\/viti-i-ri-ne-spanje-1024x670-1.png?fit=1024%2C670&ssl=1&resize=350%2C200","width":350,"height":200,"srcset":"https:\/\/i0.wp.com\/www.shqiperia.com\/blog\/wp-content\/uploads\/2025\/01\/viti-i-ri-ne-spanje-1024x670-1.png?fit=1024%2C670&ssl=1&resize=350%2C200 1x, https:\/\/i0.wp.com\/www.shqiperia.com\/blog\/wp-content\/uploads\/2025\/01\/viti-i-ri-ne-spanje-1024x670-1.png?fit=1024%2C670&ssl=1&resize=525%2C300 1.5x, https:\/\/i0.wp.com\/www.shqiperia.com\/blog\/wp-content\/uploads\/2025\/01\/viti-i-ri-ne-spanje-1024x670-1.png?fit=1024%2C670&ssl=1&resize=700%2C400 2x"},"classes":[]},{"id":91317,"url":"https:\/\/www.shqiperia.com\/blog\/lacivita-e-nis-fjalimin-me-sloganin-e-donald-trump-bejeni-shqiperine-serish-te-madhe-mos-votoni-nje-parti-me-12-vjet-deshtime-jepini-berishes-nje-shans-te-ri\/","url_meta":{"origin":29927,"position":5},"title":"LaCivita e nis fjalimin me sloganin e Donald Trump: &#8211; B\u00ebjeni Shqip\u00ebrin\u00eb s\u00ebrish t\u00eb madhe! &#8211; Mos votoni nj\u00eb parti me 12 vjet d\u00ebshtime, jepini Berish\u00ebs nj\u00eb shans t\u00eb ri","author":"Kurt Farka","date":"April 11, 2025","format":false,"excerpt":"11 Prill 2025 Kush \u00ebsht\u00eb gati ta b\u00ebj\u00eb Shqip\u00ebrin\u00eb madh\u00ebshtore s\u00ebrish? N\u00eb vitin 2024, n\u00eb Shtetet e Bashkuara, socialist\u00ebt u p\u00ebrpoq\u00ebn t\u00eb fusnin n\u00eb burg Donald Trump. Donald Trump nuk u dor\u00ebzua. Ata d\u00ebshtuan. N\u00eb vitin 2025, k\u00ebtu n\u00eb Shqip\u00ebri, socialist\u00ebt duan t\u00eb fusin n\u00eb burg gjith\u00eb opozit\u00ebn e tyre.\u2026","rel":"","context":"In &quot;Blogu i Udh\u00ebtarit&quot;","block_context":{"text":"Blogu i Udh\u00ebtarit","link":"https:\/\/www.shqiperia.com\/blog\/category\/blogu-i-udhetarit\/"},"img":{"alt_text":"","src":"https:\/\/i0.wp.com\/www.shqiperia.com\/blog\/wp-content\/uploads\/2025\/04\/e456a378-431f-4829-9654-0ba3d5d44200.jpg?fit=1200%2C800&ssl=1&resize=350%2C200","width":350,"height":200,"srcset":"https:\/\/i0.wp.com\/www.shqiperia.com\/blog\/wp-content\/uploads\/2025\/04\/e456a378-431f-4829-9654-0ba3d5d44200.jpg?fit=1200%2C800&ssl=1&resize=350%2C200 1x, https:\/\/i0.wp.com\/www.shqiperia.com\/blog\/wp-content\/uploads\/2025\/04\/e456a378-431f-4829-9654-0ba3d5d44200.jpg?fit=1200%2C800&ssl=1&resize=525%2C300 1.5x, https:\/\/i0.wp.com\/www.shqiperia.com\/blog\/wp-content\/uploads\/2025\/04\/e456a378-431f-4829-9654-0ba3d5d44200.jpg?fit=1200%2C800&ssl=1&resize=700%2C400 2x, https:\/\/i0.wp.com\/www.shqiperia.com\/blog\/wp-content\/uploads\/2025\/04\/e456a378-431f-4829-9654-0ba3d5d44200.jpg?fit=1200%2C800&ssl=1&resize=1050%2C600 3x"},"classes":[]}],"_links":{"self":[{"href":"https:\/\/www.shqiperia.com\/blog\/wp-json\/wp\/v2\/posts\/29927","targetHints":{"allow":["GET"]}}],"collection":[{"href":"https:\/\/www.shqiperia.com\/blog\/wp-json\/wp\/v2\/posts"}],"about":[{"href":"https:\/\/www.shqiperia.com\/blog\/wp-json\/wp\/v2\/types\/post"}],"author":[{"embeddable":true,"href":"https:\/\/www.shqiperia.com\/blog\/wp-json\/wp\/v2\/users\/9"}],"replies":[{"embeddable":true,"href":"https:\/\/www.shqiperia.com\/blog\/wp-json\/wp\/v2\/comments?post=29927"}],"version-history":[{"count":1,"href":"https:\/\/www.shqiperia.com\/blog\/wp-json\/wp\/v2\/posts\/29927\/revisions"}],"predecessor-version":[{"id":29931,"href":"https:\/\/www.shqiperia.com\/blog\/wp-json\/wp\/v2\/posts\/29927\/revisions\/29931"}],"wp:featuredmedia":[{"embeddable":true,"href":"https:\/\/www.shqiperia.com\/blog\/wp-json\/wp\/v2\/media\/29928"}],"wp:attachment":[{"href":"https:\/\/www.shqiperia.com\/blog\/wp-json\/wp\/v2\/media?parent=29927"}],"wp:term":[{"taxonomy":"category","embeddable":true,"href":"https:\/\/www.shqiperia.com\/blog\/wp-json\/wp\/v2\/categories?post=29927"},{"taxonomy":"post_tag","embeddable":true,"href":"https:\/\/www.shqiperia.com\/blog\/wp-json\/wp\/v2\/tags?post=29927"}],"curies":[{"name":"wp","href":"https:\/\/api.w.org\/{rel}","templated":true}]}}