{"id":29915,"date":"2019-12-31T14:33:49","date_gmt":"2019-12-31T14:33:49","guid":{"rendered":"https:\/\/www.shqiperia.com\/blog\/?p=29915"},"modified":"2019-12-31T14:33:49","modified_gmt":"2019-12-31T14:33:49","slug":"shqiperia-e-para-ka-numrin-me-te-larte-te-grave-te-diplomuara-ne-shkence","status":"publish","type":"post","link":"https:\/\/www.shqiperia.com\/blog\/shqiperia-e-para-ka-numrin-me-te-larte-te-grave-te-diplomuara-ne-shkence\/","title":{"rendered":"Shqip\u00ebria e para, ka numrin m\u00eb t\u00eb lart\u00eb t\u00eb grave t\u00eb diplomuara n\u00eb shkenc\u00eb. &#8211;"},"content":{"rendered":"<div id=\"attachment_29916\" style=\"width: 566px\" class=\"wp-caption alignnone\"><img data-recalc-dims=\"1\" loading=\"lazy\" decoding=\"async\" aria-describedby=\"caption-attachment-29916\" data-attachment-id=\"29916\" data-permalink=\"https:\/\/www.shqiperia.com\/blog\/shqiperia-e-para-ka-numrin-me-te-larte-te-grave-te-diplomuara-ne-shkence\/grate-hulumtuese-shkencore-905x450\/\" data-orig-file=\"https:\/\/i0.wp.com\/www.shqiperia.com\/blog\/wp-content\/uploads\/2019\/12\/grate-hulumtuese-shkencore-905x450-1.jpg?fit=905%2C450&amp;ssl=1\" data-orig-size=\"905,450\" data-comments-opened=\"1\" data-image-meta=\"{&quot;aperture&quot;:&quot;0&quot;,&quot;credit&quot;:&quot;&quot;,&quot;camera&quot;:&quot;&quot;,&quot;caption&quot;:&quot;&quot;,&quot;created_timestamp&quot;:&quot;0&quot;,&quot;copyright&quot;:&quot;&quot;,&quot;focal_length&quot;:&quot;0&quot;,&quot;iso&quot;:&quot;0&quot;,&quot;shutter_speed&quot;:&quot;0&quot;,&quot;title&quot;:&quot;&quot;,&quot;orientation&quot;:&quot;0&quot;}\" data-image-title=\"grate-hulumtuese-shkencore-905&#215;450\" data-image-description=\"\" data-image-caption=\"&lt;p&gt;Shqip\u00ebria e para, ka numrin m\u00eb t\u00eb lart\u00eb t\u00eb grave t\u00eb diplomuara n\u00eb shkenc\u00eb&lt;\/p&gt;\n\" data-medium-file=\"https:\/\/i0.wp.com\/www.shqiperia.com\/blog\/wp-content\/uploads\/2019\/12\/grate-hulumtuese-shkencore-905x450-1.jpg?fit=300%2C149&amp;ssl=1\" data-large-file=\"https:\/\/i0.wp.com\/www.shqiperia.com\/blog\/wp-content\/uploads\/2019\/12\/grate-hulumtuese-shkencore-905x450-1.jpg?fit=905%2C450&amp;ssl=1\" class=\" wp-image-29916\" alt=\"\" src=\"https:\/\/i0.wp.com\/www.shqiperia.com\/blog\/wp-content\/uploads\/2019\/12\/grate-hulumtuese-shkencore-905x450-1.jpg?resize=556%2C276&#038;ssl=1\" width=\"556\" height=\"276\" srcset=\"https:\/\/i0.wp.com\/www.shqiperia.com\/blog\/wp-content\/uploads\/2019\/12\/grate-hulumtuese-shkencore-905x450-1.jpg?resize=300%2C149&amp;ssl=1 300w, https:\/\/i0.wp.com\/www.shqiperia.com\/blog\/wp-content\/uploads\/2019\/12\/grate-hulumtuese-shkencore-905x450-1.jpg?resize=768%2C382&amp;ssl=1 768w, https:\/\/i0.wp.com\/www.shqiperia.com\/blog\/wp-content\/uploads\/2019\/12\/grate-hulumtuese-shkencore-905x450-1.jpg?resize=450%2C224&amp;ssl=1 450w, https:\/\/i0.wp.com\/www.shqiperia.com\/blog\/wp-content\/uploads\/2019\/12\/grate-hulumtuese-shkencore-905x450-1.jpg?resize=600%2C298&amp;ssl=1 600w, https:\/\/i0.wp.com\/www.shqiperia.com\/blog\/wp-content\/uploads\/2019\/12\/grate-hulumtuese-shkencore-905x450-1.jpg?resize=400%2C199&amp;ssl=1 400w, https:\/\/i0.wp.com\/www.shqiperia.com\/blog\/wp-content\/uploads\/2019\/12\/grate-hulumtuese-shkencore-905x450-1.jpg?w=905&amp;ssl=1 905w\" sizes=\"auto, (max-width: 556px) 100vw, 556px\" \/><p id=\"caption-attachment-29916\" class=\"wp-caption-text\">Shqip\u00ebria e para, ka numrin m\u00eb t\u00eb lart\u00eb t\u00eb grave t\u00eb diplomuara n\u00eb shkenc\u00eb<\/p><\/div>\n<p><strong>Shqip\u00ebria e para, ka numrin m\u00eb t\u00eb lart\u00eb t\u00eb grave t\u00eb diplomuara n\u00eb shkenc\u00eb.<\/strong><\/p>\n<p>Gazeta Italiane \u201c Il Sole InfoData 24 hours\u201d publikoi nj\u00eb grafik, ku pas vendit ton\u00eb, shteti i cili rezultonte me p\u00ebrqindjen m\u00eb t\u00eb lart\u00eb t\u00eb grave t\u00eb diplomuara n\u00eb deg\u00eb t\u00eb ndryshme t\u00eb shkenc\u00ebs ishte Maqedonia me 45.1%.<\/p>\n<p>Pra p\u00ebrqindja m\u00eb e lart\u00eb e grave t\u00eb diplomuara rezultonte n\u00eb vendet e Europ\u00ebs Lindore nd\u00ebrsa p\u00ebrqindja m\u00eb e ul\u00ebt n\u00eb vendet e Europ\u00ebs Per\u00ebndimore.<\/p>\n<p>Shqip\u00ebria rezulton t\u00eb jet\u00eb shteti me p\u00ebrqindjen m\u00eb t\u00eb lart\u00eb t\u00eb grave n\u00eb Europ\u00eb t\u00eb cilat studiojn\u00eb deg\u00eb t\u00eb ndryshme t\u00eb shkenc\u00ebs si Teknologji, Inxhinieri dhe Matematik\u00eb.<\/p>\n<p>N\u00eb vitin 2015 p\u00ebrqindja e grave t\u00eb diplomuara kapte shifr\u00ebn 53.1%.<\/p>\n<p>Konkretisht, Shqip\u00ebria \u00ebsht\u00eb shteti i vet\u00ebm n\u00eb Europ\u00eb ku numri i grave t\u00eb diplomuara n\u00eb shkenc\u00eb \u00ebsht\u00eb m\u00eb i lart\u00eb se ai i burrave.<\/p>\n<p>Nj\u00eb studim i kryer s\u00eb fundmi nga dy psikolog\u00eb n\u00eb Universitetin e Missurit nxorri n\u00eb pah se barazia gjinore \u00ebsht\u00eb nj\u00eb faktor q\u00eb i mban grat\u00eb larg shkenc\u00ebs.<\/p>\n<p>Ndryshe ky fenomen \u00ebsht\u00eb quajtur \u201cParadoksi i barazis\u00eb gjinore\u201d.<\/p>\n<p>Fenomeni ka nj\u00eb shpjegim t\u00eb till\u00eb se n\u00eb ato shoq\u00ebri ku ekziston barazia gjinore, numri i grave q\u00eb studiojn\u00eb p\u00ebr Teknologji, Inxhinieri apo Matematik\u00eb \u00ebsht\u00eb relativisht i ul\u00ebt dhe lidhja midis k\u00ebtyre dy indikator\u00ebve \u00ebsht\u00eb shum\u00eb negative.<\/p>\n<p>Luksemburgu \u00ebsht\u00eb shteti me p\u00ebrqindjen m\u00eb t\u00eb ul\u00ebt t\u00eb grave t\u00eb diplomuara n\u00eb shkenc\u00eb me 21.8 % si edhe Zvicra me 22.73%.<\/p>\n<p>Shqip\u00ebria krahasuar me vendet e tjera t\u00eb rajonit ka p\u00ebrqindjen m\u00eb t\u00eb lart\u00eb t\u00eb grave t\u00eb diplomuara pasi barazia gjinore nuk i pengon ato t\u00eb studiojn\u00eb n\u00eb k\u00ebt\u00eb fush\u00eb.<\/p>\n<div id=\"attachment_29917\" style=\"width: 1051px\" class=\"wp-caption alignnone\"><img data-recalc-dims=\"1\" loading=\"lazy\" decoding=\"async\" aria-describedby=\"caption-attachment-29917\" data-attachment-id=\"29917\" data-permalink=\"https:\/\/www.shqiperia.com\/blog\/shqiperia-e-para-ka-numrin-me-te-larte-te-grave-te-diplomuara-ne-shkence\/grate-hulumtuese-shkencore\/\" data-orig-file=\"https:\/\/i0.wp.com\/www.shqiperia.com\/blog\/wp-content\/uploads\/2019\/12\/grate-hulumtuese-shkencore.jpg?fit=905%2C450&amp;ssl=1\" data-orig-size=\"905,450\" data-comments-opened=\"1\" data-image-meta=\"{&quot;aperture&quot;:&quot;0&quot;,&quot;credit&quot;:&quot;&quot;,&quot;camera&quot;:&quot;&quot;,&quot;caption&quot;:&quot;&quot;,&quot;created_timestamp&quot;:&quot;0&quot;,&quot;copyright&quot;:&quot;&quot;,&quot;focal_length&quot;:&quot;0&quot;,&quot;iso&quot;:&quot;0&quot;,&quot;shutter_speed&quot;:&quot;0&quot;,&quot;title&quot;:&quot;&quot;,&quot;orientation&quot;:&quot;0&quot;}\" data-image-title=\"grate-hulumtuese-shkencore\" data-image-description=\"\" data-image-caption=\"&lt;p&gt;Shqip\u00ebria e para, ka numrin m\u00eb t\u00eb lart\u00eb t\u00eb grave t\u00eb diplomuara n\u00eb shkenc\u00eb&lt;\/p&gt;\n\" data-medium-file=\"https:\/\/i0.wp.com\/www.shqiperia.com\/blog\/wp-content\/uploads\/2019\/12\/grate-hulumtuese-shkencore.jpg?fit=300%2C149&amp;ssl=1\" data-large-file=\"https:\/\/i0.wp.com\/www.shqiperia.com\/blog\/wp-content\/uploads\/2019\/12\/grate-hulumtuese-shkencore.jpg?fit=905%2C450&amp;ssl=1\" class=\" wp-image-29917\" alt=\"\" src=\"https:\/\/i0.wp.com\/www.shqiperia.com\/blog\/wp-content\/uploads\/2019\/12\/grate-hulumtuese-shkencore.jpg?resize=1041%2C517&#038;ssl=1\" width=\"1041\" height=\"517\" srcset=\"https:\/\/i0.wp.com\/www.shqiperia.com\/blog\/wp-content\/uploads\/2019\/12\/grate-hulumtuese-shkencore.jpg?resize=300%2C149&amp;ssl=1 300w, https:\/\/i0.wp.com\/www.shqiperia.com\/blog\/wp-content\/uploads\/2019\/12\/grate-hulumtuese-shkencore.jpg?resize=768%2C382&amp;ssl=1 768w, https:\/\/i0.wp.com\/www.shqiperia.com\/blog\/wp-content\/uploads\/2019\/12\/grate-hulumtuese-shkencore.jpg?resize=450%2C224&amp;ssl=1 450w, https:\/\/i0.wp.com\/www.shqiperia.com\/blog\/wp-content\/uploads\/2019\/12\/grate-hulumtuese-shkencore.jpg?resize=600%2C298&amp;ssl=1 600w, https:\/\/i0.wp.com\/www.shqiperia.com\/blog\/wp-content\/uploads\/2019\/12\/grate-hulumtuese-shkencore.jpg?resize=400%2C199&amp;ssl=1 400w, https:\/\/i0.wp.com\/www.shqiperia.com\/blog\/wp-content\/uploads\/2019\/12\/grate-hulumtuese-shkencore.jpg?w=905&amp;ssl=1 905w\" sizes=\"auto, (max-width: 1000px) 100vw, 1000px\" \/><p id=\"caption-attachment-29917\" class=\"wp-caption-text\">Shqip\u00ebria e para, ka numrin m\u00eb t\u00eb lart\u00eb t\u00eb grave t\u00eb diplomuara n\u00eb shkenc\u00eb<\/p><\/div>\n<p>N\u00ebse shohim Finland\u00ebn apo Norvegjin\u00eb, edhe k\u00ebto dy shtete nuk e kan\u00eb aspak penges\u00eb barazin\u00eb gjinore sepse 27% dhe 29% e k\u00ebtyre grave kan\u00eb karrierat e tyre n\u00eb profile t\u00eb ndryshme t\u00eb shkenc\u00ebs.<\/p>\n<p><em>j.l.\/ dita<\/em><\/p>\n","protected":false},"excerpt":{"rendered":"<p>Shqip\u00ebria e para, ka numrin m\u00eb t\u00eb lart\u00eb t\u00eb grave t\u00eb diplomuara n\u00eb shkenc\u00eb. Gazeta Italiane \u201c Il Sole InfoData 24 hours\u201d publikoi nj\u00eb grafik, ku pas vendit ton\u00eb, shteti i cili rezultonte me p\u00ebrqindjen m\u00eb t\u00eb lart\u00eb t\u00eb grave t\u00eb diplomuara n\u00eb deg\u00eb t\u00eb ndryshme t\u00eb shkenc\u00ebs ishte Maqedonia me 45.1%. Pra p\u00ebrqindja m\u00eb [&hellip;]<\/p>\n","protected":false},"author":9,"featured_media":29916,"comment_status":"open","ping_status":"open","sticky":false,"template":"","format":"standard","meta":{"jetpack_post_was_ever_published":false,"_jetpack_newsletter_access":"","_jetpack_dont_email_post_to_subs":false,"_jetpack_newsletter_tier_id":0,"_jetpack_memberships_contains_paywalled_content":false,"_jetpack_memberships_contains_paid_content":false,"footnotes":"","jetpack_publicize_message":"","jetpack_publicize_feature_enabled":true,"jetpack_social_post_already_shared":true,"jetpack_social_options":{"image_generator_settings":{"template":"highway","default_image_id":0,"font":"","enabled":false},"version":2}},"categories":[27,10,35],"tags":[],"class_list":["post-29915","post","type-post","status-publish","format-standard","has-post-thumbnail","hentry","category-blogu-i-udhetarit","category-kultura","category-shoqerore"],"jetpack_publicize_connections":[],"jetpack_featured_media_url":"https:\/\/i0.wp.com\/www.shqiperia.com\/blog\/wp-content\/uploads\/2019\/12\/grate-hulumtuese-shkencore-905x450-1.jpg?fit=905%2C450&ssl=1","jetpack_sharing_enabled":true,"jetpack_shortlink":"https:\/\/wp.me\/p5Z6wp-7Mv","jetpack-related-posts":[{"id":93319,"url":"https:\/\/www.shqiperia.com\/blog\/anketa-shqiperia-me-nivelin-me-te-larte-te-planeve-per-emigrim-10-ikin-brenda-vitit\/","url_meta":{"origin":29915,"position":0},"title":"Anketa\/ Shqip\u00ebria me nivelin m\u00eb t\u00eb lart\u00eb t\u00eb planeve p\u00ebr emigrim, 10 % ikin brenda vitit","author":"Kurt Farka","date":"August 28, 2025","format":false,"excerpt":"28 Gusht 2025 Rreth 33% e shqiptar\u00ebve e konsiderojn\u00eb emigrimin p\u00ebrkoh\u00ebsisht ose p\u00ebrgjithmon\u00eb brenda dhjet\u00eb viteve t\u00eb ardhshme, nd\u00ebrsa 10 p\u00ebr qind e tyre synojn\u00eb largimin brenda vitit. K\u00ebto ishin rezultatet e anket\u00ebs q\u00eb zhvilloi n\u00eb n\u00ebntor t\u00eb vitit 2024 Banka Qendrore e Austris\u00eb n\u00eb vendet e Europ\u00ebs, Qendrore, Juglindore\u2026","rel":"","context":"In &quot;Blogu i Udh\u00ebtarit&quot;","block_context":{"text":"Blogu i Udh\u00ebtarit","link":"https:\/\/www.shqiperia.com\/blog\/category\/blogu-i-udhetarit\/"},"img":{"alt_text":"","src":"https:\/\/i0.wp.com\/www.shqiperia.com\/blog\/wp-content\/uploads\/2025\/08\/Emigracioni-1188-1024x576-1.jpg?fit=1024%2C576&ssl=1&resize=350%2C200","width":350,"height":200,"srcset":"https:\/\/i0.wp.com\/www.shqiperia.com\/blog\/wp-content\/uploads\/2025\/08\/Emigracioni-1188-1024x576-1.jpg?fit=1024%2C576&ssl=1&resize=350%2C200 1x, https:\/\/i0.wp.com\/www.shqiperia.com\/blog\/wp-content\/uploads\/2025\/08\/Emigracioni-1188-1024x576-1.jpg?fit=1024%2C576&ssl=1&resize=525%2C300 1.5x, https:\/\/i0.wp.com\/www.shqiperia.com\/blog\/wp-content\/uploads\/2025\/08\/Emigracioni-1188-1024x576-1.jpg?fit=1024%2C576&ssl=1&resize=700%2C400 2x"},"classes":[]},{"id":90249,"url":"https:\/\/www.shqiperia.com\/blog\/shqiperia-me-numrin-me-te-madh-te-punonjesve-pa-kontrata-ne-rajon\/","url_meta":{"origin":29915,"position":1},"title":"Shqip\u00ebria, me numrin m\u00eb t\u00eb madh t\u00eb punonj\u00ebsve pa kontrata n\u00eb rajon","author":"Kurt Farka","date":"March 10, 2025","format":false,"excerpt":"10 Mars 2025 Shqip\u00ebria ka treg pune problematik n\u00eb raport me rajonin dhe vendet fqinj\u00eb p\u00ebr shkak t\u00eb informalitetit t\u00eb lart\u00eb, pagave t\u00eb ul\u00ebta dhe pun\u00ebsimit t\u00eb pasigurte (pa kontrata). Fondacioni Europian i Trajnimeve (ETF) q\u00eb operon n\u00eb ombrell\u00ebn e BE, v\u00ebrejti n\u00eb nj\u00eb studim fundit se pun\u00ebsimi pa kontrata\u2026","rel":"","context":"In &quot;Blogu i Udh\u00ebtarit&quot;","block_context":{"text":"Blogu i Udh\u00ebtarit","link":"https:\/\/www.shqiperia.com\/blog\/category\/blogu-i-udhetarit\/"},"img":{"alt_text":"","src":"https:\/\/i0.wp.com\/www.shqiperia.com\/blog\/wp-content\/uploads\/2025\/03\/640-0-842192e23d845a05331bf3b967f641e0.png?fit=640%2C336&ssl=1&resize=350%2C200","width":350,"height":200,"srcset":"https:\/\/i0.wp.com\/www.shqiperia.com\/blog\/wp-content\/uploads\/2025\/03\/640-0-842192e23d845a05331bf3b967f641e0.png?fit=640%2C336&ssl=1&resize=350%2C200 1x, https:\/\/i0.wp.com\/www.shqiperia.com\/blog\/wp-content\/uploads\/2025\/03\/640-0-842192e23d845a05331bf3b967f641e0.png?fit=640%2C336&ssl=1&resize=525%2C300 1.5x"},"classes":[]},{"id":72506,"url":"https:\/\/www.shqiperia.com\/blog\/ulet-perqindja-e-burrave-e-grave-qe-punojne-ne-bujqesi-rrezikohen-mallrat-e-shportes-dhe-rritja-e-cmimeve\/","url_meta":{"origin":29915,"position":2},"title":"Ulet p\u00ebrqindja e burrave e grave q\u00eb punojn\u00eb n\u00eb bujq\u00ebsi! &#8211; Rrezikohen mallrat e shport\u00ebs dhe rritja e \u00e7mimeve","author":"Kurt Farka","date":"June 29, 2023","format":false,"excerpt":"29 Qershor 2023 Me m\u00eb shum\u00eb se nj\u00eb gjenerat\u00eb vones\u00eb krahasuar me vendet e tjera europiane, Shqip\u00ebria vazhdon t\u00eb p\u00ebrballet me l\u00ebvizje nd\u00ebr-sektorial\u00eb, nga aktivitetet bujq\u00ebsore tek ato jobujq\u00ebsore. Prirja vlen si p\u00ebr grat\u00eb, ashtu edhe p\u00ebr burrat. Kjo sjell disa ndikime n\u00eb perspektivat e pun\u00ebs dhe migracionit n\u00eb t\u00eb\u2026","rel":"","context":"In &quot;Blogu i Udh\u00ebtarit&quot;","block_context":{"text":"Blogu i Udh\u00ebtarit","link":"https:\/\/www.shqiperia.com\/blog\/category\/blogu-i-udhetarit\/"},"img":{"alt_text":"","src":"https:\/\/i0.wp.com\/www.shqiperia.com\/blog\/wp-content\/uploads\/2023\/06\/bujqesia.jpg?fit=1200%2C800&ssl=1&resize=350%2C200","width":350,"height":200,"srcset":"https:\/\/i0.wp.com\/www.shqiperia.com\/blog\/wp-content\/uploads\/2023\/06\/bujqesia.jpg?fit=1200%2C800&ssl=1&resize=350%2C200 1x, https:\/\/i0.wp.com\/www.shqiperia.com\/blog\/wp-content\/uploads\/2023\/06\/bujqesia.jpg?fit=1200%2C800&ssl=1&resize=525%2C300 1.5x, https:\/\/i0.wp.com\/www.shqiperia.com\/blog\/wp-content\/uploads\/2023\/06\/bujqesia.jpg?fit=1200%2C800&ssl=1&resize=700%2C400 2x, https:\/\/i0.wp.com\/www.shqiperia.com\/blog\/wp-content\/uploads\/2023\/06\/bujqesia.jpg?fit=1200%2C800&ssl=1&resize=1050%2C600 3x"},"classes":[]},{"id":71535,"url":"https:\/\/www.shqiperia.com\/blog\/tre-bashki-rrezikojne-rinumerimin-shkak-perqindja-e-larte-e-votave-te-pavlefshme\/","url_meta":{"origin":29915,"position":3},"title":"Tre bashki rrezikojn\u00eb rinum\u00ebrimin, shkak p\u00ebrqindja e lart\u00eb e votave t\u00eb pavlefshme","author":"Kurt Farka","date":"May 18, 2023","format":false,"excerpt":"18 Maji 2023 Nga rezultati i gar\u00ebs s\u00eb 14 Majit, 3 bashki kan\u00eb m\u00eb shum\u00eb shanse p\u00ebr t\u2019ju n\u00ebnshtruar procesit t\u00eb rinum\u00ebrimit. B\u00ebhet fjal\u00eb p\u00ebr Himar\u00ebn, Rrogozhin\u00ebn dhe Belshin, ku numri i votave t\u00eb pavlefshme \u00ebsht\u00eb shum\u00eb m\u00eb i lart\u00eb se diferenca mes kandidat\u00ebve. Nga k\u00ebto tre bashki, numrin m\u00eb\u2026","rel":"","context":"In &quot;Blogu i Udh\u00ebtarit&quot;","block_context":{"text":"Blogu i Udh\u00ebtarit","link":"https:\/\/www.shqiperia.com\/blog\/category\/blogu-i-udhetarit\/"},"img":{"alt_text":"","src":"https:\/\/i0.wp.com\/www.shqiperia.com\/blog\/wp-content\/uploads\/2023\/05\/shkolla-hasan-tasin-tirane-1-1.jpg?fit=1200%2C800&ssl=1&resize=350%2C200","width":350,"height":200,"srcset":"https:\/\/i0.wp.com\/www.shqiperia.com\/blog\/wp-content\/uploads\/2023\/05\/shkolla-hasan-tasin-tirane-1-1.jpg?fit=1200%2C800&ssl=1&resize=350%2C200 1x, https:\/\/i0.wp.com\/www.shqiperia.com\/blog\/wp-content\/uploads\/2023\/05\/shkolla-hasan-tasin-tirane-1-1.jpg?fit=1200%2C800&ssl=1&resize=525%2C300 1.5x, https:\/\/i0.wp.com\/www.shqiperia.com\/blog\/wp-content\/uploads\/2023\/05\/shkolla-hasan-tasin-tirane-1-1.jpg?fit=1200%2C800&ssl=1&resize=700%2C400 2x, https:\/\/i0.wp.com\/www.shqiperia.com\/blog\/wp-content\/uploads\/2023\/05\/shkolla-hasan-tasin-tirane-1-1.jpg?fit=1200%2C800&ssl=1&resize=1050%2C600 3x"},"classes":[]},{"id":59641,"url":"https:\/\/www.shqiperia.com\/blog\/shqiperia-po-plaket-shpejt-mosha-mesatare-e-grave-arrin-39-1-vjec-e-burrave-37-3\/","url_meta":{"origin":29915,"position":4},"title":"Shqip\u00ebria po plaket shpejt, mosha mesatare e grave arrin 39.1 vje\u00e7, e burrave 37.3","author":"Kurt Farka","date":"July 1, 2022","format":false,"excerpt":"Shqip\u00ebria po plaket shpejt, mosha mediane e grave arrin 39.1 vje\u00e7, e burrave 37.3 P\u00ebr shkak se jetojn\u00eb m\u00eb gjat\u00eb, mosha mediane e grave n\u00eb Shqip\u00ebri \u00ebsht\u00eb m\u00eb e lart\u00eb se burrave. N\u00eb vitin 2022, mosha mediane e grave shqiptare arriti 39,1 vjet (mosha mediane n\u00ebnkupton q\u00eb 50% t\u00eb grave\u2026","rel":"","context":"In &quot;Kultura&quot;","block_context":{"text":"Kultura","link":"https:\/\/www.shqiperia.com\/blog\/category\/kultura\/"},"img":{"alt_text":"","src":"https:\/\/i0.wp.com\/www.shqiperia.com\/blog\/wp-content\/uploads\/2022\/07\/Shqiperia-po-plaket-shpejt-mosha-mediane-e-grave-arrin-39.1-vjec-e-burrave-37.3.jpg?fit=380%2C233&ssl=1&resize=350%2C200","width":350,"height":200},"classes":[]},{"id":45644,"url":"https:\/\/www.shqiperia.com\/blog\/raporti-per-2020-ne-europe-popullsia-mbi-65-vjec-shume-shpejt-do-te-jete-me-e-larte-se-ajo-nen-15-vjec-shqiperia-po-plaket-me-ritme-edhe-me-te-shpejta\/","url_meta":{"origin":29915,"position":5},"title":"Raporti p\u00ebr 2020: &#8211; N\u00eb Europ\u00eb, popullsia mbi 65 vje\u00e7 shum\u00eb shpejt do t\u00eb jet\u00eb m\u00eb e lart\u00eb se ajo n\u00ebn 15 vje\u00e7! Shqip\u00ebria po plaket me ritme edhe m\u00eb t\u00eb shpejta","author":"Kurt Farka","date":"March 23, 2021","format":false,"excerpt":"Raporti p\u00ebr 2020: - N\u00eb Europ\u00eb, popullsia mbi 65 vje\u00e7 shum\u00eb shpejt do t\u00eb jet\u00eb m\u00eb e lart\u00eb se ajo n\u00ebn 15 vje\u00e7! Shqip\u00ebria po plaket me ritme edhe m\u00eb t\u00eb shpejta 17 mars 2021 Si kurr\u00eb m\u00eb par\u00eb n\u00eb historin\u00eb demografike t\u00eb Europ\u00ebs, popullsia mbi 65 vje\u00e7 shum\u00eb shpejt\u2026","rel":"","context":"In &quot;Blogu i Udh\u00ebtarit&quot;","block_context":{"text":"Blogu i Udh\u00ebtarit","link":"https:\/\/www.shqiperia.com\/blog\/category\/blogu-i-udhetarit\/"},"img":{"alt_text":"","src":"https:\/\/i0.wp.com\/www.shqiperia.com\/blog\/wp-content\/uploads\/2021\/03\/CCCCXXXX-905x450-1.jpg?fit=905%2C450&ssl=1&resize=350%2C200","width":350,"height":200,"srcset":"https:\/\/i0.wp.com\/www.shqiperia.com\/blog\/wp-content\/uploads\/2021\/03\/CCCCXXXX-905x450-1.jpg?fit=905%2C450&ssl=1&resize=350%2C200 1x, https:\/\/i0.wp.com\/www.shqiperia.com\/blog\/wp-content\/uploads\/2021\/03\/CCCCXXXX-905x450-1.jpg?fit=905%2C450&ssl=1&resize=525%2C300 1.5x, https:\/\/i0.wp.com\/www.shqiperia.com\/blog\/wp-content\/uploads\/2021\/03\/CCCCXXXX-905x450-1.jpg?fit=905%2C450&ssl=1&resize=700%2C400 2x"},"classes":[]}],"_links":{"self":[{"href":"https:\/\/www.shqiperia.com\/blog\/wp-json\/wp\/v2\/posts\/29915","targetHints":{"allow":["GET"]}}],"collection":[{"href":"https:\/\/www.shqiperia.com\/blog\/wp-json\/wp\/v2\/posts"}],"about":[{"href":"https:\/\/www.shqiperia.com\/blog\/wp-json\/wp\/v2\/types\/post"}],"author":[{"embeddable":true,"href":"https:\/\/www.shqiperia.com\/blog\/wp-json\/wp\/v2\/users\/9"}],"replies":[{"embeddable":true,"href":"https:\/\/www.shqiperia.com\/blog\/wp-json\/wp\/v2\/comments?post=29915"}],"version-history":[{"count":1,"href":"https:\/\/www.shqiperia.com\/blog\/wp-json\/wp\/v2\/posts\/29915\/revisions"}],"predecessor-version":[{"id":29918,"href":"https:\/\/www.shqiperia.com\/blog\/wp-json\/wp\/v2\/posts\/29915\/revisions\/29918"}],"wp:featuredmedia":[{"embeddable":true,"href":"https:\/\/www.shqiperia.com\/blog\/wp-json\/wp\/v2\/media\/29916"}],"wp:attachment":[{"href":"https:\/\/www.shqiperia.com\/blog\/wp-json\/wp\/v2\/media?parent=29915"}],"wp:term":[{"taxonomy":"category","embeddable":true,"href":"https:\/\/www.shqiperia.com\/blog\/wp-json\/wp\/v2\/categories?post=29915"},{"taxonomy":"post_tag","embeddable":true,"href":"https:\/\/www.shqiperia.com\/blog\/wp-json\/wp\/v2\/tags?post=29915"}],"curies":[{"name":"wp","href":"https:\/\/api.w.org\/{rel}","templated":true}]}}