{"id":29880,"date":"2019-12-30T16:35:03","date_gmt":"2019-12-30T16:35:03","guid":{"rendered":"https:\/\/www.shqiperia.com\/blog\/?p=29880"},"modified":"2019-12-30T16:35:03","modified_gmt":"2019-12-30T16:35:03","slug":"apel-te-pakten-na-sistemoni-pleqte-e-invalidet","status":"publish","type":"post","link":"https:\/\/www.shqiperia.com\/blog\/apel-te-pakten-na-sistemoni-pleqte-e-invalidet\/","title":{"rendered":"Apel: &#8211; T\u00eb pakt\u00ebn na sistemoni pleqt\u00eb e invalid\u00ebt."},"content":{"rendered":"<p><strong> <img data-recalc-dims=\"1\" loading=\"lazy\" decoding=\"async\" data-attachment-id=\"29881\" data-permalink=\"https:\/\/www.shqiperia.com\/blog\/apel-te-pakten-na-sistemoni-pleqte-e-invalidet\/1577720771_cadra\/\" data-orig-file=\"https:\/\/i0.wp.com\/www.shqiperia.com\/blog\/wp-content\/uploads\/2019\/12\/1577720771_cadra.jpg?fit=780%2C440&amp;ssl=1\" data-orig-size=\"780,440\" data-comments-opened=\"1\" data-image-meta=\"{&quot;aperture&quot;:&quot;0&quot;,&quot;credit&quot;:&quot;&quot;,&quot;camera&quot;:&quot;&quot;,&quot;caption&quot;:&quot;&quot;,&quot;created_timestamp&quot;:&quot;0&quot;,&quot;copyright&quot;:&quot;&quot;,&quot;focal_length&quot;:&quot;0&quot;,&quot;iso&quot;:&quot;0&quot;,&quot;shutter_speed&quot;:&quot;0&quot;,&quot;title&quot;:&quot;&quot;,&quot;orientation&quot;:&quot;0&quot;}\" data-image-title=\"1577720771_cadra\" data-image-description=\"\" data-image-caption=\"\" data-medium-file=\"https:\/\/i0.wp.com\/www.shqiperia.com\/blog\/wp-content\/uploads\/2019\/12\/1577720771_cadra.jpg?fit=300%2C169&amp;ssl=1\" data-large-file=\"https:\/\/i0.wp.com\/www.shqiperia.com\/blog\/wp-content\/uploads\/2019\/12\/1577720771_cadra.jpg?fit=780%2C440&amp;ssl=1\" class=\"alignnone  wp-image-29881\" alt=\"\" src=\"https:\/\/i0.wp.com\/www.shqiperia.com\/blog\/wp-content\/uploads\/2019\/12\/1577720771_cadra.jpg?resize=680%2C383&#038;ssl=1\" width=\"680\" height=\"383\" srcset=\"https:\/\/i0.wp.com\/www.shqiperia.com\/blog\/wp-content\/uploads\/2019\/12\/1577720771_cadra.jpg?resize=300%2C169&amp;ssl=1 300w, https:\/\/i0.wp.com\/www.shqiperia.com\/blog\/wp-content\/uploads\/2019\/12\/1577720771_cadra.jpg?resize=768%2C433&amp;ssl=1 768w, https:\/\/i0.wp.com\/www.shqiperia.com\/blog\/wp-content\/uploads\/2019\/12\/1577720771_cadra.jpg?resize=450%2C254&amp;ssl=1 450w, https:\/\/i0.wp.com\/www.shqiperia.com\/blog\/wp-content\/uploads\/2019\/12\/1577720771_cadra.jpg?resize=600%2C338&amp;ssl=1 600w, https:\/\/i0.wp.com\/www.shqiperia.com\/blog\/wp-content\/uploads\/2019\/12\/1577720771_cadra.jpg?resize=400%2C226&amp;ssl=1 400w, https:\/\/i0.wp.com\/www.shqiperia.com\/blog\/wp-content\/uploads\/2019\/12\/1577720771_cadra.jpg?w=780&amp;ssl=1 780w\" sizes=\"auto, (max-width: 680px) 100vw, 680px\" \/><\/strong><\/p>\n<p><strong>Apel: &#8211; T\u00eb pakt\u00ebn na sistemoni pleqt\u00eb e invalid\u00ebt.<\/strong><\/p>\n<p><strong>Banes\u00ebn ia shembi t\u00ebrmeti, prind\u00ebrit e moshuar i \u00e7on n\u00eb &#8217;emigrim&#8217; nga acari i dimrit, apeli.<\/strong><\/p>\n<p><em>Moti i ftoht\u00eb ka v\u00ebshtir\u00ebsuar jetes\u00ebn e familjeve t\u00eb cilat jan\u00eb n\u00eb \u00e7ad\u00ebr pasi t\u00ebrmeti u d\u00ebmtoi sht\u00ebpit\u00eb. Disa prej tyre jan\u00eb detyruar q\u00eb t\u00eb d\u00ebrgojn\u00eb t\u00eb moshuarit te t\u00eb af\u00ebrmit jasht\u00eb vendit pasi nuk mund t\u00eb p\u00ebrballojn\u00eb t\u00eb ftohtin n\u00eb \u00e7ad\u00ebr.<\/em><\/p>\n<p>:30 Dhjetor 2019<\/p>\n<p>Dit\u00ebt e fundit vendi yn\u00eb \u00ebsht\u00eb p\u00ebrfshir\u00eb nga moti i acart\u00eb. Termometri ka zbritur n\u00ebn zero grad\u00eb celsius. Kjo e ka b\u00ebr\u00eb akoma m\u00eb t\u00eb v\u00ebshtir\u00eb jetes\u00ebn p\u00ebr qindra banor\u00eb t\u00eb cil\u00ebt q\u00ebndrojn\u00eb n\u00eb \u00e7ad\u00ebr prej m\u00eb shum\u00eb se nj\u00eb muaj pasi t\u00ebrmeti i prishi sht\u00ebpit\u00eb.<\/p>\n<p>Shum\u00eb familje q\u00eb jetojn\u00eb n\u00eb \u00e7ad\u00ebr kan\u00eb f\u00ebmij\u00eb, t\u00eb moshuar dhe an\u00ebtar\u00eb t\u00eb s\u00ebmur\u00eb. Por moti i ftoht\u00eb e ka b\u00ebr\u00eb t\u00eb pamundur jetes\u00ebn n\u00ebn tend\u00ebn e nj\u00eb \u00e7adre. K\u00ebshtu ata jan\u00eb detyruar q\u00eb disa t\u00eb strehohen te t\u00eb af\u00ebrmit n\u00eb Shqip\u00ebri dhe disa t\u00eb tjer\u00eb t\u00eb largohen jasht\u00eb vendit ku kan\u00eb edhe persona t\u00eb tjer\u00eb t\u00eb familjes.<\/p>\n<div id=\"attachment_29882\" style=\"width: 866px\" class=\"wp-caption alignnone\"><img data-recalc-dims=\"1\" loading=\"lazy\" decoding=\"async\" aria-describedby=\"caption-attachment-29882\" data-attachment-id=\"29882\" data-permalink=\"https:\/\/www.shqiperia.com\/blog\/apel-te-pakten-na-sistemoni-pleqte-e-invalidet\/david-doda-nga-bilaj-fushe-kruje\/\" data-orig-file=\"https:\/\/i0.wp.com\/www.shqiperia.com\/blog\/wp-content\/uploads\/2019\/12\/David-Doda-nga-Bilaj-Fushe-Kruje.jpg?fit=780%2C440&amp;ssl=1\" data-orig-size=\"780,440\" data-comments-opened=\"1\" data-image-meta=\"{&quot;aperture&quot;:&quot;0&quot;,&quot;credit&quot;:&quot;&quot;,&quot;camera&quot;:&quot;&quot;,&quot;caption&quot;:&quot;&quot;,&quot;created_timestamp&quot;:&quot;0&quot;,&quot;copyright&quot;:&quot;&quot;,&quot;focal_length&quot;:&quot;0&quot;,&quot;iso&quot;:&quot;0&quot;,&quot;shutter_speed&quot;:&quot;0&quot;,&quot;title&quot;:&quot;&quot;,&quot;orientation&quot;:&quot;0&quot;}\" data-image-title=\"David Doda nga Bilaj, Fushe Kruje\" data-image-description=\"\" data-image-caption=\"&lt;p&gt;David Doda nga Bilaj, Fushe Kruje&lt;\/p&gt;\n\" data-medium-file=\"https:\/\/i0.wp.com\/www.shqiperia.com\/blog\/wp-content\/uploads\/2019\/12\/David-Doda-nga-Bilaj-Fushe-Kruje.jpg?fit=300%2C169&amp;ssl=1\" data-large-file=\"https:\/\/i0.wp.com\/www.shqiperia.com\/blog\/wp-content\/uploads\/2019\/12\/David-Doda-nga-Bilaj-Fushe-Kruje.jpg?fit=780%2C440&amp;ssl=1\" class=\" wp-image-29882\" alt=\"\" src=\"https:\/\/i0.wp.com\/www.shqiperia.com\/blog\/wp-content\/uploads\/2019\/12\/David-Doda-nga-Bilaj-Fushe-Kruje.jpg?resize=856%2C482&#038;ssl=1\" width=\"856\" height=\"482\" srcset=\"https:\/\/i0.wp.com\/www.shqiperia.com\/blog\/wp-content\/uploads\/2019\/12\/David-Doda-nga-Bilaj-Fushe-Kruje.jpg?resize=300%2C169&amp;ssl=1 300w, https:\/\/i0.wp.com\/www.shqiperia.com\/blog\/wp-content\/uploads\/2019\/12\/David-Doda-nga-Bilaj-Fushe-Kruje.jpg?resize=768%2C433&amp;ssl=1 768w, https:\/\/i0.wp.com\/www.shqiperia.com\/blog\/wp-content\/uploads\/2019\/12\/David-Doda-nga-Bilaj-Fushe-Kruje.jpg?resize=450%2C254&amp;ssl=1 450w, https:\/\/i0.wp.com\/www.shqiperia.com\/blog\/wp-content\/uploads\/2019\/12\/David-Doda-nga-Bilaj-Fushe-Kruje.jpg?resize=600%2C338&amp;ssl=1 600w, https:\/\/i0.wp.com\/www.shqiperia.com\/blog\/wp-content\/uploads\/2019\/12\/David-Doda-nga-Bilaj-Fushe-Kruje.jpg?resize=400%2C226&amp;ssl=1 400w, https:\/\/i0.wp.com\/www.shqiperia.com\/blog\/wp-content\/uploads\/2019\/12\/David-Doda-nga-Bilaj-Fushe-Kruje.jpg?w=780&amp;ssl=1 780w\" sizes=\"auto, (max-width: 856px) 100vw, 856px\" \/><p id=\"caption-attachment-29882\" class=\"wp-caption-text\">David Doda nga Bilaj, Fushe Kruje<\/p><\/div>\n<p>Familja Doda nga fshati Bilaj i Fush\u00eb-Kruj\u00ebs banesa t\u00eb cil\u00ebve \u00ebsht\u00eb shkat\u00ebrruar nga t\u00ebrmeti \u00ebsht\u00eb detyruar q\u00eb dy prind\u00ebrit e moshuar ti d\u00ebrgojn\u00eb n\u00eb shtetin fqinj n\u00eb Itali t\u00eb familjar\u00ebt e tjer\u00eb. Prej nj\u00eb muaji t\u00eb moshuarit kan\u00eb q\u00ebndruar n\u00eb \u00e7ad\u00ebr por p\u00ebr shkak t\u00eb motit t\u00eb ftoht\u00eb i biri \u00ebsht\u00eb detyruar t\u2019i d\u00ebrgoj\u00eb jasht\u00eb vendit.<\/p>\n<p>David Doda, djali i t\u00eb moshuarve thot\u00eb se prind\u00ebrit jan\u00eb t\u00eb dy t\u00eb s\u00ebmur\u00eb, n\u00ebna n\u00eb karrige me rrota dhe babai vuan nga skleroza. Ai shprehet se dhe p\u00ebr shkak t\u00eb mosh\u00ebs ka frik\u00eb ti mbaj\u00eb t\u00eb moshuarit n\u00eb \u00e7ad\u00ebr pasi nuk e di n\u00ebse do zgjohen n\u00eb m\u00ebngjes.<\/p>\n<p><em>\u201cPrind\u00ebrit aktualisht jan\u00eb n\u00eb Itali nga kjo q\u00eb ndodhi, nuk kan\u00eb mund\u00ebsi t\u00eb rrin\u00eb n\u00eb \u00e7ad\u00ebr, plus q\u00eb \u00ebsht\u00eb \u00e7ad\u00ebr verore. A rrihet n\u00eb \u00e7ad\u00ebr n\u00eb dim\u00ebr. \u00cbsht\u00eb detyruar v\u00ebllai t\u00eb vij\u00eb nga Italia dhe t\u2019i marr\u00eb. P\u00ebr momentin ndodhen n\u00eb Itali prind\u00ebrit, pasi jan\u00eb edhe shum\u00eb t\u00eb s\u00ebmur\u00eb. Nuk b\u00ebhet fjal\u00eb n\u00ebse i l\u00eb n\u00eb \u00e7ad\u00ebr n\u00eb k\u00ebt\u00eb t\u00eb ftoht\u00eb n\u00eb m\u00ebngjes nuk i gjen gjall\u00eb, jan\u00eb nga 80 vje\u00e7. Plus edhe jan\u00eb t\u00eb s\u00ebmur\u00eb, babai vuan nga skleroza dhe \u00ebsht\u00eb i pavet\u00ebdijsh\u00ebm kurse n\u00ebna vuan nga gjunj\u00ebt, \u00ebsht\u00eb n\u00eb karroc\u00eb me rrota\u201d,<\/em>\u00a0tha David Doda<\/p>\n<p>David Doda b\u00ebn apel q\u00eb fillimisht t\u00eb gjendet nj\u00eb zgjidhje p\u00ebr familjet q\u00eb kan\u00eb an\u00ebtar\u00eb t\u00eb s\u00ebmur\u00eb ose t\u00eb moshuar dhe m\u00eb pas t\u00eb shikohen familjet e tjera. Pasi k\u00ebto kategori personash e kan\u00eb edhe m\u00eb t\u00eb v\u00ebshtir\u00eb q\u00ebndrimin n\u00eb \u00e7ad\u00ebr.<\/p>\n<p><em>\u201cI lutem shtetit, brenda mund\u00ebsive sepse edhe shteti ka v\u00ebshtir\u00ebsit\u00eb e veta ket\u00eb e kuptojm\u00eb. Por t\u00eb pakt\u00ebn k\u00ebta q\u00eb jan\u00eb pensionist\u00eb, jan\u00eb invalid\u00eb ose t\u00eb s\u00ebmur\u00eb dhe sht\u00ebpin\u00eb e kan\u00eb t\u00eb d\u00ebmtuar t\u00eb fillojn\u00eb me k\u00ebta nj\u00ebher\u00eb, \u00ebsht\u00eb tjet\u00ebr gj\u00eb sepse nj\u00eb me mosh\u00eb m\u00eb t\u00eb re edhe e p\u00ebrballon \u00e7adr\u00ebn. Mua m\u00eb duhet q\u00eb ta ruaj se ik\u00ebn dhe m\u00eb gjen ndonj\u00eb fatkeq\u00ebsi\u201d,\u00a0<\/em>tha i biri i t\u00eb moshuarve.<\/p>\n<p>N\u00eb prag t\u00eb nd\u00ebrrimit t\u00eb viteve shum\u00eb familje vijojn\u00eb ende t\u00eb jetojn\u00eb n\u00eb \u00e7adra. P\u00ebr shkak t\u00eb kushteve jo t\u00eb mira \u00ebsht\u00eb e v\u00ebshtir\u00eb p\u00ebr t\u00eb pasur fest\u00eb n\u00eb k\u00ebto familje, por moti i ftoht\u00eb duket sikur e ka shtuar edhe m\u00eb shum\u00eb nivelin e v\u00ebshtir\u00ebsis\u00eb.<\/p>\n<p>Nga Gazeta Shiptarja.com<\/p>\n","protected":false},"excerpt":{"rendered":"<p>Apel: &#8211; T\u00eb pakt\u00ebn na sistemoni pleqt\u00eb e invalid\u00ebt. Banes\u00ebn ia shembi t\u00ebrmeti, prind\u00ebrit e moshuar i \u00e7on n\u00eb &#8217;emigrim&#8217; nga acari i dimrit, apeli. Moti i ftoht\u00eb ka v\u00ebshtir\u00ebsuar jetes\u00ebn e familjeve t\u00eb cilat jan\u00eb n\u00eb \u00e7ad\u00ebr pasi t\u00ebrmeti u d\u00ebmtoi sht\u00ebpit\u00eb. Disa prej tyre jan\u00eb detyruar q\u00eb t\u00eb d\u00ebrgojn\u00eb t\u00eb moshuarit te t\u00eb [&hellip;]<\/p>\n","protected":false},"author":9,"featured_media":29881,"comment_status":"open","ping_status":"open","sticky":false,"template":"","format":"standard","meta":{"jetpack_post_was_ever_published":false,"_jetpack_newsletter_access":"","_jetpack_dont_email_post_to_subs":false,"_jetpack_newsletter_tier_id":0,"_jetpack_memberships_contains_paywalled_content":false,"_jetpack_memberships_contains_paid_content":false,"footnotes":"","jetpack_publicize_message":"","jetpack_publicize_feature_enabled":true,"jetpack_social_post_already_shared":true,"jetpack_social_options":{"image_generator_settings":{"template":"highway","default_image_id":0,"font":"","enabled":false},"version":2}},"categories":[27,35],"tags":[],"class_list":["post-29880","post","type-post","status-publish","format-standard","has-post-thumbnail","hentry","category-blogu-i-udhetarit","category-shoqerore"],"jetpack_publicize_connections":[],"jetpack_featured_media_url":"https:\/\/i0.wp.com\/www.shqiperia.com\/blog\/wp-content\/uploads\/2019\/12\/1577720771_cadra.jpg?fit=780%2C440&ssl=1","jetpack_sharing_enabled":true,"jetpack_shortlink":"https:\/\/wp.me\/p5Z6wp-7LW","jetpack-related-posts":[{"id":44288,"url":"https:\/\/www.shqiperia.com\/blog\/stuhia-demtoi-cadrat-te-pastrehet-e-termetit-ne-meshire-te-acarit\/","url_meta":{"origin":29880,"position":0},"title":"Stuhia d\u00ebmtoi \u00e7adrat, t\u00eb pastreh\u00ebt e t\u00ebrmetit n\u00eb m\u00ebshir\u00eb t\u00eb acarit","author":"Kurt Farka","date":"February 15, 2021","format":false,"excerpt":"Stuhia d\u00ebmtoi \u00e7adrat, t\u00eb pastreh\u00ebt e t\u00ebrmetit n\u00eb m\u00ebshir\u00eb t\u00eb acarit Disa dhjetra familje q\u00eb strehohen n\u00eb \u00e7adra q\u00eb prej t\u00ebrmetit t\u00eb vitit q\u00eb shkoi n\u00eb Qarkun e Lezh\u00ebs, thon\u00eb se jan\u00eb n\u00eb rrezik p\u00ebr jet\u00ebn nd\u00ebrsa \u00e7adrat nuk ndihmojn\u00eb n\u00eb temperatura disa grad\u00eb n\u00ebn zero. Nga Elvis Hila Nat\u00ebn\u2026","rel":"","context":"In &quot;Blogu i Udh\u00ebtarit&quot;","block_context":{"text":"Blogu i Udh\u00ebtarit","link":"https:\/\/www.shqiperia.com\/blog\/category\/blogu-i-udhetarit\/"},"img":{"alt_text":"","src":"https:\/\/i0.wp.com\/www.shqiperia.com\/blog\/wp-content\/uploads\/2021\/02\/foto-banesa-dhe-cdara-e-familjes-murati1111-534x400-1.jpg?fit=534%2C298&ssl=1&resize=350%2C200","width":350,"height":200,"srcset":"https:\/\/i0.wp.com\/www.shqiperia.com\/blog\/wp-content\/uploads\/2021\/02\/foto-banesa-dhe-cdara-e-familjes-murati1111-534x400-1.jpg?fit=534%2C298&ssl=1&resize=350%2C200 1x, https:\/\/i0.wp.com\/www.shqiperia.com\/blog\/wp-content\/uploads\/2021\/02\/foto-banesa-dhe-cdara-e-familjes-murati1111-534x400-1.jpg?fit=534%2C298&ssl=1&resize=525%2C300 1.5x"},"classes":[]},{"id":29142,"url":"https:\/\/www.shqiperia.com\/blog\/termeti-ne-korce-si-premtimet-e-edi-rames-i-treti-koha\/","url_meta":{"origin":29880,"position":1},"title":"T\u00ebrmeti n\u00eb Kor\u00e7\u00eb. &#8211; Si premtimet e Edi Ram\u00ebs i treti koha","author":"Kurt Farka","date":"December 10, 2019","format":false,"excerpt":"T\u00ebrmeti n\u00eb Kor\u00e7\u00eb. - Si premtimet e Edi Ram\u00ebs i treti koha Dhjetor 9, 2019 Banor\u00ebt e fshatrave t\u00eb Kor\u00e7\u00ebs ankohen se premtimi i kryeministrit Edi Rama se \u2018t\u00eb gjitha banesat e rr\u00ebnuara nga t\u00ebrmeti i qershorit do t\u00eb rind\u00ebrtoheshin\u2019 po harrohet nga administrata, nd\u00ebrkoh\u00eb q\u00eb dhjetra banor\u00eb vazhdojn\u00eb t\u00eb\u2026","rel":"","context":"In &quot;Blogu i Udh\u00ebtarit&quot;","block_context":{"text":"Blogu i Udh\u00ebtarit","link":"https:\/\/www.shqiperia.com\/blog\/category\/blogu-i-udhetarit\/"},"img":{"alt_text":"","src":"https:\/\/i0.wp.com\/www.shqiperia.com\/blog\/wp-content\/uploads\/2019\/12\/Qafezez-familja-e-festimit-533x400.jpeg?fit=533%2C400&ssl=1&resize=350%2C200","width":350,"height":200,"srcset":"https:\/\/i0.wp.com\/www.shqiperia.com\/blog\/wp-content\/uploads\/2019\/12\/Qafezez-familja-e-festimit-533x400.jpeg?fit=533%2C400&ssl=1&resize=350%2C200 1x, https:\/\/i0.wp.com\/www.shqiperia.com\/blog\/wp-content\/uploads\/2019\/12\/Qafezez-familja-e-festimit-533x400.jpeg?fit=533%2C400&ssl=1&resize=525%2C300 1.5x"},"classes":[]},{"id":68003,"url":"https:\/\/www.shqiperia.com\/blog\/73-shqiptare-kane-nderruar-jete-nga-termeti-katastrofik-ne-turqi\/","url_meta":{"origin":29880,"position":2},"title":"73 SHQIPTAR\u00cb kan\u00eb nd\u00ebrruar jet\u00eb nga t\u00ebrmeti katastrofik n\u00eb Turqi","author":"Kurt Farka","date":"February 14, 2023","format":false,"excerpt":"14 Shkurt 2023 T\u00ebrmeti i friksh\u00ebm i r\u00ebn\u00eb n\u00eb Turqi ka marr\u00eb jet\u00ebn e 73 shqiptar\u00ebve, q\u00eb jetonin n\u00eb zon\u00ebn e Kahramanmaras s\u00eb Turqis\u00eb dhe n\u00eb Hatay. Ky num\u00ebr \u00ebsht\u00eb konfirmuar nga ana e Kryetarit t\u00eb Shoqat\u00ebs s\u00eb Kultur\u00ebs dhe Solidaritetit t\u00eb Shqiptar\u00ebve, Evren Kaya. Kaya shprehet se deri m\u00eb\u2026","rel":"","context":"In &quot;Blogu i Udh\u00ebtarit&quot;","block_context":{"text":"Blogu i Udh\u00ebtarit","link":"https:\/\/www.shqiperia.com\/blog\/category\/blogu-i-udhetarit\/"},"img":{"alt_text":"","src":"https:\/\/i0.wp.com\/www.shqiperia.com\/blog\/wp-content\/uploads\/2023\/02\/640-0-bef00fa0321b8e36c3398d8fb8ddb1de.jpg?fit=640%2C360&ssl=1&resize=350%2C200","width":350,"height":200,"srcset":"https:\/\/i0.wp.com\/www.shqiperia.com\/blog\/wp-content\/uploads\/2023\/02\/640-0-bef00fa0321b8e36c3398d8fb8ddb1de.jpg?fit=640%2C360&ssl=1&resize=350%2C200 1x, https:\/\/i0.wp.com\/www.shqiperia.com\/blog\/wp-content\/uploads\/2023\/02\/640-0-bef00fa0321b8e36c3398d8fb8ddb1de.jpg?fit=640%2C360&ssl=1&resize=525%2C300 1.5x"},"classes":[]},{"id":29581,"url":"https:\/\/www.shqiperia.com\/blog\/kjo-cader-eshte-sot-ne-mamurras\/","url_meta":{"origin":29880,"position":3},"title":"Kjo \u00e7ader eshte sot ne Mamurras \u2026","author":"Kurt Farka","date":"December 22, 2019","format":false,"excerpt":"Kjo \u00e7ader eshte sot ne Mamurras \u2026 Nga: Edlira \u00c7epani Kjo \u00e7ader eshte ne Mamurras ne mes te baltes ne kete shi me 5 femije te vegjel. Si kjo jane qindra cadra neper fshatra me femije, te moshuar e njerez te semure. Sot do jene permbytur te gjitha...ky dimer nuk\u2026","rel":"","context":"In &quot;Blogu i Udh\u00ebtarit&quot;","block_context":{"text":"Blogu i Udh\u00ebtarit","link":"https:\/\/www.shqiperia.com\/blog\/category\/blogu-i-udhetarit\/"},"img":{"alt_text":"","src":"https:\/\/i0.wp.com\/www.shqiperia.com\/blog\/wp-content\/uploads\/2019\/12\/80390219_10162824370015471_6922097786217299968_o.jpg?fit=960%2C552&ssl=1&resize=350%2C200","width":350,"height":200,"srcset":"https:\/\/i0.wp.com\/www.shqiperia.com\/blog\/wp-content\/uploads\/2019\/12\/80390219_10162824370015471_6922097786217299968_o.jpg?fit=960%2C552&ssl=1&resize=350%2C200 1x, https:\/\/i0.wp.com\/www.shqiperia.com\/blog\/wp-content\/uploads\/2019\/12\/80390219_10162824370015471_6922097786217299968_o.jpg?fit=960%2C552&ssl=1&resize=525%2C300 1.5x, https:\/\/i0.wp.com\/www.shqiperia.com\/blog\/wp-content\/uploads\/2019\/12\/80390219_10162824370015471_6922097786217299968_o.jpg?fit=960%2C552&ssl=1&resize=700%2C400 2x"},"classes":[]},{"id":31556,"url":"https:\/\/www.shqiperia.com\/blog\/foto-reportazh-te-braktisur-dhe-pa-zgjidhje-rikthehen-ne-shtepite-e-demtuara-nga-termeti\/","url_meta":{"origin":29880,"position":4},"title":"Foto-Reportazh \/ T\u00eb braktisur dhe pa zgjidhje, rikthehen n\u00eb sht\u00ebpit\u00eb e d\u00ebmtuara nga t\u00ebrmeti","author":"Kurt Farka","date":"February 16, 2020","format":false,"excerpt":"Foto-Reportazh \/ T\u00eb braktisur dhe pa zgjidhje, rikthehen n\u00eb sht\u00ebpit\u00eb e d\u00ebmtuara nga t\u00ebrmeti 15 shkurt 2020 Nga Elvis Hila Dhjetra familje n\u00eb La\u00e7 jan\u00eb rikthyer n\u00eb apartamentet e shpallura t\u00eb pabanueshme pas nxjerrjes nga hotelet ku u strehuan pas t\u00ebrmetit t\u00eb 26 n\u00ebntorit. T\u00eb lodhur para burokracive, shum\u00eb prej\u2026","rel":"","context":"In &quot;Blogu i Udh\u00ebtarit&quot;","block_context":{"text":"Blogu i Udh\u00ebtarit","link":"https:\/\/www.shqiperia.com\/blog\/category\/blogu-i-udhetarit\/"},"img":{"alt_text":"","src":"https:\/\/i0.wp.com\/www.shqiperia.com\/blog\/wp-content\/uploads\/2020\/02\/Ish-konvikti-ne-Lac-533x400-Copy-300x157.jpg?resize=350%2C200&ssl=1","width":350,"height":200,"srcset":"https:\/\/i0.wp.com\/www.shqiperia.com\/blog\/wp-content\/uploads\/2020\/02\/Ish-konvikti-ne-Lac-533x400-Copy-300x157.jpg?resize=350%2C200&ssl=1 1x, https:\/\/i0.wp.com\/www.shqiperia.com\/blog\/wp-content\/uploads\/2020\/02\/Ish-konvikti-ne-Lac-533x400-Copy-300x157.jpg?resize=525%2C300&ssl=1 1.5x"},"classes":[]},{"id":67506,"url":"https:\/\/www.shqiperia.com\/blog\/deri-me-tani-mbi-40-pasgoditje-termeti-ne-turqi-ja-cfare-paralajmerohet-per-ditet-ne-vazhdim\/","url_meta":{"origin":29880,"position":5},"title":"Deri m\u00eb tani mbi 40 pasgoditje termeti ne Turqi. &#8211; Ja \u00e7far\u00eb paralajm\u00ebrohet p\u00ebr dit\u00ebt n\u00eb vazhdim","author":"Kurt Farka","date":"February 6, 2023","format":false,"excerpt":"6 Shkurt 2023 Pasgoditjet e t\u00ebrmetit shkat\u00ebrrues n\u00eb Turqi dhe Siri mund t\u00eb zgjasin p\u00ebr dit\u00eb edhe jav\u00eb, ka paralajm\u00ebruar nj\u00eb inxhinier k\u00ebrkimi dhe shp\u00ebtimi. Duke folur p\u00ebr Sky News, Mark Scorer tha se shtat\u00eb dit\u00ebt e ardhshme do t\u00eb jen\u00eb \u201ckritike p\u00ebr gjetjen e jet\u00ebve n\u00ebn rr\u00ebnoja\u201d. Ai shtoi\u2026","rel":"","context":"In &quot;Blogu i Udh\u00ebtarit&quot;","block_context":{"text":"Blogu i Udh\u00ebtarit","link":"https:\/\/www.shqiperia.com\/blog\/category\/blogu-i-udhetarit\/"},"img":{"alt_text":"","src":"https:\/\/i0.wp.com\/www.shqiperia.com\/blog\/wp-content\/uploads\/2023\/02\/800-0-63e0c8087fc37.jpg?fit=800%2C406&ssl=1&resize=350%2C200","width":350,"height":200,"srcset":"https:\/\/i0.wp.com\/www.shqiperia.com\/blog\/wp-content\/uploads\/2023\/02\/800-0-63e0c8087fc37.jpg?fit=800%2C406&ssl=1&resize=350%2C200 1x, https:\/\/i0.wp.com\/www.shqiperia.com\/blog\/wp-content\/uploads\/2023\/02\/800-0-63e0c8087fc37.jpg?fit=800%2C406&ssl=1&resize=525%2C300 1.5x, https:\/\/i0.wp.com\/www.shqiperia.com\/blog\/wp-content\/uploads\/2023\/02\/800-0-63e0c8087fc37.jpg?fit=800%2C406&ssl=1&resize=700%2C400 2x"},"classes":[]}],"_links":{"self":[{"href":"https:\/\/www.shqiperia.com\/blog\/wp-json\/wp\/v2\/posts\/29880","targetHints":{"allow":["GET"]}}],"collection":[{"href":"https:\/\/www.shqiperia.com\/blog\/wp-json\/wp\/v2\/posts"}],"about":[{"href":"https:\/\/www.shqiperia.com\/blog\/wp-json\/wp\/v2\/types\/post"}],"author":[{"embeddable":true,"href":"https:\/\/www.shqiperia.com\/blog\/wp-json\/wp\/v2\/users\/9"}],"replies":[{"embeddable":true,"href":"https:\/\/www.shqiperia.com\/blog\/wp-json\/wp\/v2\/comments?post=29880"}],"version-history":[{"count":1,"href":"https:\/\/www.shqiperia.com\/blog\/wp-json\/wp\/v2\/posts\/29880\/revisions"}],"predecessor-version":[{"id":29883,"href":"https:\/\/www.shqiperia.com\/blog\/wp-json\/wp\/v2\/posts\/29880\/revisions\/29883"}],"wp:featuredmedia":[{"embeddable":true,"href":"https:\/\/www.shqiperia.com\/blog\/wp-json\/wp\/v2\/media\/29881"}],"wp:attachment":[{"href":"https:\/\/www.shqiperia.com\/blog\/wp-json\/wp\/v2\/media?parent=29880"}],"wp:term":[{"taxonomy":"category","embeddable":true,"href":"https:\/\/www.shqiperia.com\/blog\/wp-json\/wp\/v2\/categories?post=29880"},{"taxonomy":"post_tag","embeddable":true,"href":"https:\/\/www.shqiperia.com\/blog\/wp-json\/wp\/v2\/tags?post=29880"}],"curies":[{"name":"wp","href":"https:\/\/api.w.org\/{rel}","templated":true}]}}