{"id":29872,"date":"2019-12-30T15:18:34","date_gmt":"2019-12-30T15:18:34","guid":{"rendered":"https:\/\/www.shqiperia.com\/blog\/?p=29872"},"modified":"2019-12-30T15:18:51","modified_gmt":"2019-12-30T15:18:51","slug":"mrekulli-e-dores-se-njeriut-fushe-bulqize-lepurake-album-foto","status":"publish","type":"post","link":"https:\/\/www.shqiperia.com\/blog\/mrekulli-e-dores-se-njeriut-fushe-bulqize-lepurake-album-foto\/","title":{"rendered":"Mrekulli e dores se Njeriut: FUSH\u00cb &#8211; BULQIZ\u00cb (LEPURAK\u00cb), Album foto  &#8230;"},"content":{"rendered":"<p><img data-recalc-dims=\"1\" loading=\"lazy\" decoding=\"async\" data-attachment-id=\"29873\" data-permalink=\"https:\/\/www.shqiperia.com\/blog\/mrekulli-e-dores-se-njeriut-fushe-bulqize-lepurake-album-foto\/1-kulla-e-lulzim-hupit-fushe-bulqize-5\/\" data-orig-file=\"https:\/\/i0.wp.com\/www.shqiperia.com\/blog\/wp-content\/uploads\/2019\/12\/1-Kulla-e-Lulzim-Hupit-Fushe-Bulqize.-5.jpg?fit=933%2C475&amp;ssl=1\" data-orig-size=\"933,475\" data-comments-opened=\"1\" data-image-meta=\"{&quot;aperture&quot;:&quot;0&quot;,&quot;credit&quot;:&quot;&quot;,&quot;camera&quot;:&quot;&quot;,&quot;caption&quot;:&quot;&quot;,&quot;created_timestamp&quot;:&quot;0&quot;,&quot;copyright&quot;:&quot;&quot;,&quot;focal_length&quot;:&quot;0&quot;,&quot;iso&quot;:&quot;0&quot;,&quot;shutter_speed&quot;:&quot;0&quot;,&quot;title&quot;:&quot;&quot;,&quot;orientation&quot;:&quot;0&quot;}\" data-image-title=\"1 Kulla e Lulzim Hupit Fushe Bulqize. (5)\" data-image-description=\"\" data-image-caption=\"\" data-medium-file=\"https:\/\/i0.wp.com\/www.shqiperia.com\/blog\/wp-content\/uploads\/2019\/12\/1-Kulla-e-Lulzim-Hupit-Fushe-Bulqize.-5.jpg?fit=300%2C153&amp;ssl=1\" data-large-file=\"https:\/\/i0.wp.com\/www.shqiperia.com\/blog\/wp-content\/uploads\/2019\/12\/1-Kulla-e-Lulzim-Hupit-Fushe-Bulqize.-5.jpg?fit=933%2C475&amp;ssl=1\" class=\"alignnone wp-image-29873\" alt=\"\" src=\"https:\/\/i0.wp.com\/www.shqiperia.com\/blog\/wp-content\/uploads\/2019\/12\/1-Kulla-e-Lulzim-Hupit-Fushe-Bulqize.-5.jpg?resize=692%2C353&#038;ssl=1\" width=\"692\" height=\"353\" srcset=\"https:\/\/i0.wp.com\/www.shqiperia.com\/blog\/wp-content\/uploads\/2019\/12\/1-Kulla-e-Lulzim-Hupit-Fushe-Bulqize.-5.jpg?resize=300%2C153&amp;ssl=1 300w, https:\/\/i0.wp.com\/www.shqiperia.com\/blog\/wp-content\/uploads\/2019\/12\/1-Kulla-e-Lulzim-Hupit-Fushe-Bulqize.-5.jpg?resize=768%2C391&amp;ssl=1 768w, https:\/\/i0.wp.com\/www.shqiperia.com\/blog\/wp-content\/uploads\/2019\/12\/1-Kulla-e-Lulzim-Hupit-Fushe-Bulqize.-5.jpg?resize=450%2C229&amp;ssl=1 450w, https:\/\/i0.wp.com\/www.shqiperia.com\/blog\/wp-content\/uploads\/2019\/12\/1-Kulla-e-Lulzim-Hupit-Fushe-Bulqize.-5.jpg?resize=600%2C305&amp;ssl=1 600w, https:\/\/i0.wp.com\/www.shqiperia.com\/blog\/wp-content\/uploads\/2019\/12\/1-Kulla-e-Lulzim-Hupit-Fushe-Bulqize.-5.jpg?resize=400%2C204&amp;ssl=1 400w, https:\/\/i0.wp.com\/www.shqiperia.com\/blog\/wp-content\/uploads\/2019\/12\/1-Kulla-e-Lulzim-Hupit-Fushe-Bulqize.-5.jpg?w=933&amp;ssl=1 933w\" sizes=\"auto, (max-width: 692px) 100vw, 692px\" \/><\/p>\n<p><strong>Mrekulli e dores se Njeriut: <\/strong>FUSH\u00cb &#8211; BULQIZ\u00cb (LEPURAK\u00cb),<\/p>\n<p>N\u00eb kull\u00ebn (bujtin\u00ebn) turistike \u201cHUPI\u201d, q\u00eb k\u00ebt\u00eb vit (2019) ka pritur mbi 600 turist\u00eb t\u00eb huaj dhe jo pak vendas.<\/p>\n<p>Arkitekture e trasheguar -Vleresim nga pasardhesit njerez te punes dhe Kultures.<\/p>\n<div id=\"attachment_29874\" style=\"width: 801px\" class=\"wp-caption alignnone\"><img data-recalc-dims=\"1\" loading=\"lazy\" decoding=\"async\" aria-describedby=\"caption-attachment-29874\" data-attachment-id=\"29874\" data-permalink=\"https:\/\/www.shqiperia.com\/blog\/mrekulli-e-dores-se-njeriut-fushe-bulqize-lepurake-album-foto\/kulla-e-lulzim-hupit-fushe-bulqize\/\" data-orig-file=\"https:\/\/i0.wp.com\/www.shqiperia.com\/blog\/wp-content\/uploads\/2019\/12\/Kulla-e-Lulzim-Hupit-Fushe-Bulqize..jpg?fit=720%2C535&amp;ssl=1\" data-orig-size=\"720,535\" data-comments-opened=\"1\" data-image-meta=\"{&quot;aperture&quot;:&quot;0&quot;,&quot;credit&quot;:&quot;&quot;,&quot;camera&quot;:&quot;&quot;,&quot;caption&quot;:&quot;&quot;,&quot;created_timestamp&quot;:&quot;0&quot;,&quot;copyright&quot;:&quot;&quot;,&quot;focal_length&quot;:&quot;0&quot;,&quot;iso&quot;:&quot;0&quot;,&quot;shutter_speed&quot;:&quot;0&quot;,&quot;title&quot;:&quot;&quot;,&quot;orientation&quot;:&quot;0&quot;}\" data-image-title=\"Kulla e Lulzim Hupit Fushe Bulqize.\" data-image-description=\"\" data-image-caption=\"&lt;p&gt;Kulla e Lulzim Hupit Fushe Bulqize.&lt;\/p&gt;\n\" data-medium-file=\"https:\/\/i0.wp.com\/www.shqiperia.com\/blog\/wp-content\/uploads\/2019\/12\/Kulla-e-Lulzim-Hupit-Fushe-Bulqize..jpg?fit=300%2C223&amp;ssl=1\" data-large-file=\"https:\/\/i0.wp.com\/www.shqiperia.com\/blog\/wp-content\/uploads\/2019\/12\/Kulla-e-Lulzim-Hupit-Fushe-Bulqize..jpg?fit=720%2C535&amp;ssl=1\" class=\" wp-image-29874\" alt=\"\" src=\"https:\/\/i0.wp.com\/www.shqiperia.com\/blog\/wp-content\/uploads\/2019\/12\/Kulla-e-Lulzim-Hupit-Fushe-Bulqize..jpg?resize=791%2C588&#038;ssl=1\" width=\"791\" height=\"588\" srcset=\"https:\/\/i0.wp.com\/www.shqiperia.com\/blog\/wp-content\/uploads\/2019\/12\/Kulla-e-Lulzim-Hupit-Fushe-Bulqize..jpg?resize=300%2C223&amp;ssl=1 300w, https:\/\/i0.wp.com\/www.shqiperia.com\/blog\/wp-content\/uploads\/2019\/12\/Kulla-e-Lulzim-Hupit-Fushe-Bulqize..jpg?resize=450%2C334&amp;ssl=1 450w, https:\/\/i0.wp.com\/www.shqiperia.com\/blog\/wp-content\/uploads\/2019\/12\/Kulla-e-Lulzim-Hupit-Fushe-Bulqize..jpg?resize=600%2C446&amp;ssl=1 600w, https:\/\/i0.wp.com\/www.shqiperia.com\/blog\/wp-content\/uploads\/2019\/12\/Kulla-e-Lulzim-Hupit-Fushe-Bulqize..jpg?resize=400%2C297&amp;ssl=1 400w, https:\/\/i0.wp.com\/www.shqiperia.com\/blog\/wp-content\/uploads\/2019\/12\/Kulla-e-Lulzim-Hupit-Fushe-Bulqize..jpg?w=720&amp;ssl=1 720w\" sizes=\"auto, (max-width: 791px) 100vw, 791px\" \/><p id=\"caption-attachment-29874\" class=\"wp-caption-text\">Kulla e Lulzim Hupit Fushe Bulqize.<\/p><\/div>\n<p>Mbase askund m\u00eb mir\u00eb se n\u00eb k\u00ebt\u00eb kull\u00eb bujare dibrane nuk merr kuptim ai q\u00eb quhet \u201cturizmi familjar\u201d. Dhe protagonisti i gjith\u00eb k\u00ebsaj \u00ebsht\u00eb i zoti i sht\u00ebpis\u00eb, i riu 33-vje\u00e7ar Lulzim Hupi, i njohur nga publiku p\u00ebrmes emisioneve t\u00eb ndryshme televizive. Por m\u00eb mir\u00eb ai njihet n\u00eb votr\u00ebn e tij&#8230;<\/p>\n<div id=\"attachment_29875\" style=\"width: 926px\" class=\"wp-caption alignnone\"><img data-recalc-dims=\"1\" loading=\"lazy\" decoding=\"async\" aria-describedby=\"caption-attachment-29875\" data-attachment-id=\"29875\" data-permalink=\"https:\/\/www.shqiperia.com\/blog\/mrekulli-e-dores-se-njeriut-fushe-bulqize-lepurake-album-foto\/kulla-e-lulzim-hupit-fushe-bulqize-2\/\" data-orig-file=\"https:\/\/i0.wp.com\/www.shqiperia.com\/blog\/wp-content\/uploads\/2019\/12\/Kulla-e-Lulzim-Hupit-Fushe-Bulqize.-2.jpg?fit=960%2C720&amp;ssl=1\" data-orig-size=\"960,720\" data-comments-opened=\"1\" data-image-meta=\"{&quot;aperture&quot;:&quot;0&quot;,&quot;credit&quot;:&quot;&quot;,&quot;camera&quot;:&quot;&quot;,&quot;caption&quot;:&quot;&quot;,&quot;created_timestamp&quot;:&quot;0&quot;,&quot;copyright&quot;:&quot;&quot;,&quot;focal_length&quot;:&quot;0&quot;,&quot;iso&quot;:&quot;0&quot;,&quot;shutter_speed&quot;:&quot;0&quot;,&quot;title&quot;:&quot;&quot;,&quot;orientation&quot;:&quot;0&quot;}\" data-image-title=\"Kulla e Lulzim Hupit Fushe Bulqize. (2)\" data-image-description=\"\" data-image-caption=\"&lt;p&gt;Kulla e Lulzim Hupit Fushe Bulqize.&lt;\/p&gt;\n\" data-medium-file=\"https:\/\/i0.wp.com\/www.shqiperia.com\/blog\/wp-content\/uploads\/2019\/12\/Kulla-e-Lulzim-Hupit-Fushe-Bulqize.-2.jpg?fit=300%2C225&amp;ssl=1\" data-large-file=\"https:\/\/i0.wp.com\/www.shqiperia.com\/blog\/wp-content\/uploads\/2019\/12\/Kulla-e-Lulzim-Hupit-Fushe-Bulqize.-2.jpg?fit=960%2C720&amp;ssl=1\" class=\" wp-image-29875\" alt=\"\" src=\"https:\/\/i0.wp.com\/www.shqiperia.com\/blog\/wp-content\/uploads\/2019\/12\/Kulla-e-Lulzim-Hupit-Fushe-Bulqize.-2.jpg?resize=916%2C687&#038;ssl=1\" width=\"916\" height=\"687\" srcset=\"https:\/\/i0.wp.com\/www.shqiperia.com\/blog\/wp-content\/uploads\/2019\/12\/Kulla-e-Lulzim-Hupit-Fushe-Bulqize.-2.jpg?resize=300%2C225&amp;ssl=1 300w, https:\/\/i0.wp.com\/www.shqiperia.com\/blog\/wp-content\/uploads\/2019\/12\/Kulla-e-Lulzim-Hupit-Fushe-Bulqize.-2.jpg?resize=768%2C576&amp;ssl=1 768w, https:\/\/i0.wp.com\/www.shqiperia.com\/blog\/wp-content\/uploads\/2019\/12\/Kulla-e-Lulzim-Hupit-Fushe-Bulqize.-2.jpg?resize=450%2C338&amp;ssl=1 450w, https:\/\/i0.wp.com\/www.shqiperia.com\/blog\/wp-content\/uploads\/2019\/12\/Kulla-e-Lulzim-Hupit-Fushe-Bulqize.-2.jpg?resize=600%2C450&amp;ssl=1 600w, https:\/\/i0.wp.com\/www.shqiperia.com\/blog\/wp-content\/uploads\/2019\/12\/Kulla-e-Lulzim-Hupit-Fushe-Bulqize.-2.jpg?resize=400%2C300&amp;ssl=1 400w, https:\/\/i0.wp.com\/www.shqiperia.com\/blog\/wp-content\/uploads\/2019\/12\/Kulla-e-Lulzim-Hupit-Fushe-Bulqize.-2.jpg?w=960&amp;ssl=1 960w\" sizes=\"auto, (max-width: 916px) 100vw, 916px\" \/><p id=\"caption-attachment-29875\" class=\"wp-caption-text\">Kulla e Lulzim Hupit Fushe Bulqize.<\/p><\/div>\n<div id=\"attachment_29876\" style=\"width: 792px\" class=\"wp-caption alignnone\"><img data-recalc-dims=\"1\" loading=\"lazy\" decoding=\"async\" aria-describedby=\"caption-attachment-29876\" data-attachment-id=\"29876\" data-permalink=\"https:\/\/www.shqiperia.com\/blog\/mrekulli-e-dores-se-njeriut-fushe-bulqize-lepurake-album-foto\/kulla-e-lulzim-hupit-fushe-bulqize-copy\/\" data-orig-file=\"https:\/\/i0.wp.com\/www.shqiperia.com\/blog\/wp-content\/uploads\/2019\/12\/Kulla-e-Lulzim-Hupit-Fushe-Bulqize.-Copy.jpg?fit=720%2C960&amp;ssl=1\" data-orig-size=\"720,960\" data-comments-opened=\"1\" data-image-meta=\"{&quot;aperture&quot;:&quot;0&quot;,&quot;credit&quot;:&quot;&quot;,&quot;camera&quot;:&quot;&quot;,&quot;caption&quot;:&quot;&quot;,&quot;created_timestamp&quot;:&quot;0&quot;,&quot;copyright&quot;:&quot;&quot;,&quot;focal_length&quot;:&quot;0&quot;,&quot;iso&quot;:&quot;0&quot;,&quot;shutter_speed&quot;:&quot;0&quot;,&quot;title&quot;:&quot;&quot;,&quot;orientation&quot;:&quot;0&quot;}\" data-image-title=\"Kulla e Lulzim Hupit Fushe Bulqize. &#8211; Copy\" data-image-description=\"\" data-image-caption=\"&lt;p&gt;Kulla e Lulzim Hupit Fushe Bulqize.&lt;\/p&gt;\n\" data-medium-file=\"https:\/\/i0.wp.com\/www.shqiperia.com\/blog\/wp-content\/uploads\/2019\/12\/Kulla-e-Lulzim-Hupit-Fushe-Bulqize.-Copy.jpg?fit=225%2C300&amp;ssl=1\" data-large-file=\"https:\/\/i0.wp.com\/www.shqiperia.com\/blog\/wp-content\/uploads\/2019\/12\/Kulla-e-Lulzim-Hupit-Fushe-Bulqize.-Copy.jpg?fit=720%2C960&amp;ssl=1\" class=\" wp-image-29876\" alt=\"\" src=\"https:\/\/i0.wp.com\/www.shqiperia.com\/blog\/wp-content\/uploads\/2019\/12\/Kulla-e-Lulzim-Hupit-Fushe-Bulqize.-Copy.jpg?resize=782%2C1043&#038;ssl=1\" width=\"782\" height=\"1043\" srcset=\"https:\/\/i0.wp.com\/www.shqiperia.com\/blog\/wp-content\/uploads\/2019\/12\/Kulla-e-Lulzim-Hupit-Fushe-Bulqize.-Copy.jpg?resize=225%2C300&amp;ssl=1 225w, https:\/\/i0.wp.com\/www.shqiperia.com\/blog\/wp-content\/uploads\/2019\/12\/Kulla-e-Lulzim-Hupit-Fushe-Bulqize.-Copy.jpg?resize=450%2C600&amp;ssl=1 450w, https:\/\/i0.wp.com\/www.shqiperia.com\/blog\/wp-content\/uploads\/2019\/12\/Kulla-e-Lulzim-Hupit-Fushe-Bulqize.-Copy.jpg?resize=600%2C800&amp;ssl=1 600w, https:\/\/i0.wp.com\/www.shqiperia.com\/blog\/wp-content\/uploads\/2019\/12\/Kulla-e-Lulzim-Hupit-Fushe-Bulqize.-Copy.jpg?resize=400%2C533&amp;ssl=1 400w, https:\/\/i0.wp.com\/www.shqiperia.com\/blog\/wp-content\/uploads\/2019\/12\/Kulla-e-Lulzim-Hupit-Fushe-Bulqize.-Copy.jpg?w=720&amp;ssl=1 720w\" sizes=\"auto, (max-width: 782px) 100vw, 782px\" \/><p id=\"caption-attachment-29876\" class=\"wp-caption-text\">Kulla e Lulzim Hupit Fushe Bulqize.<\/p><\/div>\n<div id=\"attachment_29877\" style=\"width: 813px\" class=\"wp-caption alignnone\"><img data-recalc-dims=\"1\" loading=\"lazy\" decoding=\"async\" aria-describedby=\"caption-attachment-29877\" data-attachment-id=\"29877\" data-permalink=\"https:\/\/www.shqiperia.com\/blog\/mrekulli-e-dores-se-njeriut-fushe-bulqize-lepurake-album-foto\/kulla-e-lulzim-hupit-fushe-bulqize-3\/\" data-orig-file=\"https:\/\/i0.wp.com\/www.shqiperia.com\/blog\/wp-content\/uploads\/2019\/12\/Kulla-e-Lulzim-Hupit-Fushe-Bulqize.-3.jpg?fit=960%2C720&amp;ssl=1\" data-orig-size=\"960,720\" data-comments-opened=\"1\" data-image-meta=\"{&quot;aperture&quot;:&quot;0&quot;,&quot;credit&quot;:&quot;&quot;,&quot;camera&quot;:&quot;&quot;,&quot;caption&quot;:&quot;&quot;,&quot;created_timestamp&quot;:&quot;0&quot;,&quot;copyright&quot;:&quot;&quot;,&quot;focal_length&quot;:&quot;0&quot;,&quot;iso&quot;:&quot;0&quot;,&quot;shutter_speed&quot;:&quot;0&quot;,&quot;title&quot;:&quot;&quot;,&quot;orientation&quot;:&quot;0&quot;}\" data-image-title=\"Kulla e Lulzim Hupit Fushe Bulqize. (3)\" data-image-description=\"\" data-image-caption=\"&lt;p&gt;Kulla e Lulzim Hupit Fushe Bulqize.&lt;\/p&gt;\n\" data-medium-file=\"https:\/\/i0.wp.com\/www.shqiperia.com\/blog\/wp-content\/uploads\/2019\/12\/Kulla-e-Lulzim-Hupit-Fushe-Bulqize.-3.jpg?fit=300%2C225&amp;ssl=1\" data-large-file=\"https:\/\/i0.wp.com\/www.shqiperia.com\/blog\/wp-content\/uploads\/2019\/12\/Kulla-e-Lulzim-Hupit-Fushe-Bulqize.-3.jpg?fit=960%2C720&amp;ssl=1\" class=\" wp-image-29877\" alt=\"\" src=\"https:\/\/i0.wp.com\/www.shqiperia.com\/blog\/wp-content\/uploads\/2019\/12\/Kulla-e-Lulzim-Hupit-Fushe-Bulqize.-3.jpg?resize=803%2C602&#038;ssl=1\" width=\"803\" height=\"602\" srcset=\"https:\/\/i0.wp.com\/www.shqiperia.com\/blog\/wp-content\/uploads\/2019\/12\/Kulla-e-Lulzim-Hupit-Fushe-Bulqize.-3.jpg?resize=300%2C225&amp;ssl=1 300w, https:\/\/i0.wp.com\/www.shqiperia.com\/blog\/wp-content\/uploads\/2019\/12\/Kulla-e-Lulzim-Hupit-Fushe-Bulqize.-3.jpg?resize=768%2C576&amp;ssl=1 768w, https:\/\/i0.wp.com\/www.shqiperia.com\/blog\/wp-content\/uploads\/2019\/12\/Kulla-e-Lulzim-Hupit-Fushe-Bulqize.-3.jpg?resize=450%2C338&amp;ssl=1 450w, https:\/\/i0.wp.com\/www.shqiperia.com\/blog\/wp-content\/uploads\/2019\/12\/Kulla-e-Lulzim-Hupit-Fushe-Bulqize.-3.jpg?resize=600%2C450&amp;ssl=1 600w, https:\/\/i0.wp.com\/www.shqiperia.com\/blog\/wp-content\/uploads\/2019\/12\/Kulla-e-Lulzim-Hupit-Fushe-Bulqize.-3.jpg?resize=400%2C300&amp;ssl=1 400w, https:\/\/i0.wp.com\/www.shqiperia.com\/blog\/wp-content\/uploads\/2019\/12\/Kulla-e-Lulzim-Hupit-Fushe-Bulqize.-3.jpg?w=960&amp;ssl=1 960w\" sizes=\"auto, (max-width: 803px) 100vw, 803px\" \/><p id=\"caption-attachment-29877\" class=\"wp-caption-text\">Kulla e Lulzim Hupit Fushe Bulqize.<\/p><\/div>\n<p><img data-recalc-dims=\"1\" loading=\"lazy\" decoding=\"async\" data-attachment-id=\"29878\" data-permalink=\"https:\/\/www.shqiperia.com\/blog\/mrekulli-e-dores-se-njeriut-fushe-bulqize-lepurake-album-foto\/kulla-e-lulzim-hupit-fushe-bulqize-4\/\" data-orig-file=\"https:\/\/i0.wp.com\/www.shqiperia.com\/blog\/wp-content\/uploads\/2019\/12\/Kulla-e-Lulzim-Hupit-Fushe-Bulqize.-4.jpg?fit=960%2C720&amp;ssl=1\" data-orig-size=\"960,720\" data-comments-opened=\"1\" data-image-meta=\"{&quot;aperture&quot;:&quot;0&quot;,&quot;credit&quot;:&quot;&quot;,&quot;camera&quot;:&quot;&quot;,&quot;caption&quot;:&quot;&quot;,&quot;created_timestamp&quot;:&quot;0&quot;,&quot;copyright&quot;:&quot;&quot;,&quot;focal_length&quot;:&quot;0&quot;,&quot;iso&quot;:&quot;0&quot;,&quot;shutter_speed&quot;:&quot;0&quot;,&quot;title&quot;:&quot;&quot;,&quot;orientation&quot;:&quot;0&quot;}\" data-image-title=\"Kulla e Lulzim Hupit Fushe Bulqize. (4)\" data-image-description=\"\" data-image-caption=\"\" data-medium-file=\"https:\/\/i0.wp.com\/www.shqiperia.com\/blog\/wp-content\/uploads\/2019\/12\/Kulla-e-Lulzim-Hupit-Fushe-Bulqize.-4.jpg?fit=300%2C225&amp;ssl=1\" data-large-file=\"https:\/\/i0.wp.com\/www.shqiperia.com\/blog\/wp-content\/uploads\/2019\/12\/Kulla-e-Lulzim-Hupit-Fushe-Bulqize.-4.jpg?fit=960%2C720&amp;ssl=1\" class=\"alignnone wp-image-29878\" alt=\"\" src=\"https:\/\/i0.wp.com\/www.shqiperia.com\/blog\/wp-content\/uploads\/2019\/12\/Kulla-e-Lulzim-Hupit-Fushe-Bulqize.-4.jpg?resize=803%2C602&#038;ssl=1\" width=\"803\" height=\"602\" srcset=\"https:\/\/i0.wp.com\/www.shqiperia.com\/blog\/wp-content\/uploads\/2019\/12\/Kulla-e-Lulzim-Hupit-Fushe-Bulqize.-4.jpg?resize=300%2C225&amp;ssl=1 300w, https:\/\/i0.wp.com\/www.shqiperia.com\/blog\/wp-content\/uploads\/2019\/12\/Kulla-e-Lulzim-Hupit-Fushe-Bulqize.-4.jpg?resize=768%2C576&amp;ssl=1 768w, https:\/\/i0.wp.com\/www.shqiperia.com\/blog\/wp-content\/uploads\/2019\/12\/Kulla-e-Lulzim-Hupit-Fushe-Bulqize.-4.jpg?resize=450%2C338&amp;ssl=1 450w, https:\/\/i0.wp.com\/www.shqiperia.com\/blog\/wp-content\/uploads\/2019\/12\/Kulla-e-Lulzim-Hupit-Fushe-Bulqize.-4.jpg?resize=600%2C450&amp;ssl=1 600w, https:\/\/i0.wp.com\/www.shqiperia.com\/blog\/wp-content\/uploads\/2019\/12\/Kulla-e-Lulzim-Hupit-Fushe-Bulqize.-4.jpg?resize=400%2C300&amp;ssl=1 400w, https:\/\/i0.wp.com\/www.shqiperia.com\/blog\/wp-content\/uploads\/2019\/12\/Kulla-e-Lulzim-Hupit-Fushe-Bulqize.-4.jpg?w=960&amp;ssl=1 960w\" sizes=\"auto, (max-width: 803px) 100vw, 803px\" \/><\/p>\n<p>Nga <a href=\"https:\/\/www.facebook.com\/ndue.dedaj.56?__tn__=%2CdC-R-R&amp;eid=ARCl9bQdmUMsTZjE5TDPNa3Rwj99UCXMLXZ2_qe1Oe6cSazft4xilYt00UxVsIfAuixxe1lYT9FOzCWe&amp;hc_ref=ARRlgdI-4YwId0qsHfARCDYgsC6ql0K3cOzNLw48CiElTcRwHHMA3IyUSjUza-L2Uf4&amp;fref=nf\"><strong>Ndue Dedaj<\/strong><\/a><\/p>\n","protected":false},"excerpt":{"rendered":"<p>Mrekulli e dores se Njeriut: FUSH\u00cb &#8211; BULQIZ\u00cb (LEPURAK\u00cb), N\u00eb kull\u00ebn (bujtin\u00ebn) turistike \u201cHUPI\u201d, q\u00eb k\u00ebt\u00eb vit (2019) ka pritur mbi 600 turist\u00eb t\u00eb huaj dhe jo pak vendas. Arkitekture e trasheguar -Vleresim nga pasardhesit njerez te punes dhe Kultures. Mbase askund m\u00eb mir\u00eb se n\u00eb k\u00ebt\u00eb kull\u00eb bujare dibrane nuk merr kuptim ai q\u00eb [&hellip;]<\/p>\n","protected":false},"author":9,"featured_media":29873,"comment_status":"open","ping_status":"open","sticky":false,"template":"","format":"standard","meta":{"jetpack_post_was_ever_published":false,"_jetpack_newsletter_access":"","_jetpack_dont_email_post_to_subs":false,"_jetpack_newsletter_tier_id":0,"_jetpack_memberships_contains_paywalled_content":false,"_jetpack_memberships_contains_paid_content":false,"footnotes":"","jetpack_publicize_message":"","jetpack_publicize_feature_enabled":true,"jetpack_social_post_already_shared":true,"jetpack_social_options":{"image_generator_settings":{"template":"highway","default_image_id":0,"font":"","enabled":false},"version":2}},"categories":[85,10,86],"tags":[],"class_list":["post-29872","post","type-post","status-publish","format-standard","has-post-thumbnail","hentry","category-histori","category-kultura","category-trashegimi-kulturore"],"jetpack_publicize_connections":[],"jetpack_featured_media_url":"https:\/\/i0.wp.com\/www.shqiperia.com\/blog\/wp-content\/uploads\/2019\/12\/1-Kulla-e-Lulzim-Hupit-Fushe-Bulqize.-5.jpg?fit=933%2C475&ssl=1","jetpack_sharing_enabled":true,"jetpack_shortlink":"https:\/\/wp.me\/p5Z6wp-7LO","jetpack-related-posts":[{"id":56896,"url":"https:\/\/www.shqiperia.com\/blog\/rikthehet-fuqishem-dimri-ne-pranvere-nen-zero-termometri-pritet-te-zbrese-ne-bulqize-erseke-fushe-arrez-bajram-curri\/","url_meta":{"origin":29872,"position":0},"title":"Rikthehet \u201cfuqish\u00ebm\u201d dimri n\u00eb pranver\u00eb.  &#8211; N\u00ebn zero termometri pritet t\u00eb zbres\u00eb n\u00eb Bulqiz\u00eb, Ersek\u00eb, Fush\u00eb-Arr\u00ebz, Bajram Curri.","author":"Kurt Farka","date":"April 18, 2022","format":false,"excerpt":"Rikthehet \u201cfuqish\u00ebm\u201d dimri n\u00eb pranver\u00eb. - N\u00ebn zero termometri pritet t\u00eb zbres\u00eb n\u00eb Bulqiz\u00eb, Ersek\u00eb, Fush\u00eb-Arr\u00ebz, Bajram Curri. 18 PRILL 2022 Nga temperaturat n\u00ebn zero te reshjet e d\u00ebbor\u00ebs, si pritet t\u00eb jet\u00eb moti n\u00eb dit\u00ebt n\u00eb vijim Pas disa dit\u00ebsh tipike p\u00ebr stin\u00ebn n\u00eb t\u00eb cil\u00ebn ndodhemi, e h\u00ebna\u2026","rel":"","context":"In &quot;Blogu i Udh\u00ebtarit&quot;","block_context":{"text":"Blogu i Udh\u00ebtarit","link":"https:\/\/www.shqiperia.com\/blog\/category\/blogu-i-udhetarit\/"},"img":{"alt_text":"","src":"https:\/\/i0.wp.com\/www.shqiperia.com\/blog\/wp-content\/uploads\/2022\/04\/800-0-9decdfb70e070dedcffaaedf6dc634e0.jpg?fit=800%2C399&ssl=1&resize=350%2C200","width":350,"height":200,"srcset":"https:\/\/i0.wp.com\/www.shqiperia.com\/blog\/wp-content\/uploads\/2022\/04\/800-0-9decdfb70e070dedcffaaedf6dc634e0.jpg?fit=800%2C399&ssl=1&resize=350%2C200 1x, https:\/\/i0.wp.com\/www.shqiperia.com\/blog\/wp-content\/uploads\/2022\/04\/800-0-9decdfb70e070dedcffaaedf6dc634e0.jpg?fit=800%2C399&ssl=1&resize=525%2C300 1.5x, https:\/\/i0.wp.com\/www.shqiperia.com\/blog\/wp-content\/uploads\/2022\/04\/800-0-9decdfb70e070dedcffaaedf6dc634e0.jpg?fit=800%2C399&ssl=1&resize=700%2C400 2x"},"classes":[]},{"id":83416,"url":"https:\/\/www.shqiperia.com\/blog\/del-jashte-kontrollit-zjarri-ne-kuroren-e-liqenit-te-zi-ne-bulqize-kerkohet-nderhyrje-nga-ajri\/","url_meta":{"origin":29872,"position":1},"title":"Del jasht\u00eb kontrollit zjarri n\u00eb kuror\u00ebn e Liqenit t\u00eb Zi n\u00eb Bulqiz\u00eb, k\u00ebrkohet nd\u00ebrhyrje nga ajri","author":"Kurt Farka","date":"August 9, 2024","format":false,"excerpt":"9 Gusht 2024 Zjarri n\u00eb masivin pyjor me pish\u00eb, ah e bredh n\u00eb kuror\u00ebn e gjelb\u00ebr n\u00eb Zerqan t\u00eb Bulqiz\u00ebs ka dal\u00eb jasht\u00eb kontrollit. Me gjith\u00eb nd\u00ebrhyrjen e b\u00ebr\u00eb nga toka p\u00ebr 7 dit\u00eb radhazi ka qen\u00eb e pamundur q\u00eb flak\u00ebt t\u00eb shuhen plot\u00ebsisht dhe k\u00ebt\u00eb t\u00eb premte jan\u00eb shfaqur\u2026","rel":"","context":"In &quot;Blogu i Udh\u00ebtarit&quot;","block_context":{"text":"Blogu i Udh\u00ebtarit","link":"https:\/\/www.shqiperia.com\/blog\/category\/blogu-i-udhetarit\/"},"img":{"alt_text":"","src":"https:\/\/i0.wp.com\/www.shqiperia.com\/blog\/wp-content\/uploads\/2024\/08\/075f4b0b-33f3-4aab-a80b-adb33bb25190-600x450-1.jpg?fit=600%2C393&ssl=1&resize=350%2C200","width":350,"height":200,"srcset":"https:\/\/i0.wp.com\/www.shqiperia.com\/blog\/wp-content\/uploads\/2024\/08\/075f4b0b-33f3-4aab-a80b-adb33bb25190-600x450-1.jpg?fit=600%2C393&ssl=1&resize=350%2C200 1x, https:\/\/i0.wp.com\/www.shqiperia.com\/blog\/wp-content\/uploads\/2024\/08\/075f4b0b-33f3-4aab-a80b-adb33bb25190-600x450-1.jpg?fit=600%2C393&ssl=1&resize=525%2C300 1.5x"},"classes":[]},{"id":93457,"url":"https:\/\/www.shqiperia.com\/blog\/bulqize-zbulohet-nje-varr-monumental-i-periudhes-romake-arkeologu-eshte-i-shek-iii-iv\/","url_meta":{"origin":29872,"position":2},"title":"Bulqiz\u00eb\/ Zbulohet nj\u00eb varr monumental i periudh\u00ebs romake, arkeologu: \u00cbsht\u00eb i shek. III-IV","author":"Kurt Farka","date":"September 2, 2025","format":false,"excerpt":"2 Shtator 2025 Nj\u00eb varr monumental q\u00eb i p\u00ebrket periudh\u00ebs romake \u00ebsht\u00eb zbuluar n\u00eb Bulqiz\u00eb. Zbulimi \u00ebsht\u00eb b\u00ebr\u00eb n\u00eb vendin e quajtur \u201cFusha e Gurr\u00ebs\u201d t\u00eb fshatit Strik\u00e7an, nga g\u00ebrmimet e nj\u00eb grupi arkeolog\u00ebsh pran\u00eb Institutit t\u00eb Arkeologjis\u00eb. Nga hulumtimi paraprak arkeolog\u00ebt vler\u00ebsojn\u00eb se ky varr i p\u00ebrket shekullit t\u00eb\u2026","rel":"","context":"In &quot;Blogu i Udh\u00ebtarit&quot;","block_context":{"text":"Blogu i Udh\u00ebtarit","link":"https:\/\/www.shqiperia.com\/blog\/category\/blogu-i-udhetarit\/"},"img":{"alt_text":"","src":"https:\/\/i0.wp.com\/www.shqiperia.com\/blog\/wp-content\/uploads\/2025\/09\/640-0-8df55b43-4be2-4fc9-9520-b0c87f6d1112-1756739617.jpeg?fit=640%2C472&ssl=1&resize=350%2C200","width":350,"height":200,"srcset":"https:\/\/i0.wp.com\/www.shqiperia.com\/blog\/wp-content\/uploads\/2025\/09\/640-0-8df55b43-4be2-4fc9-9520-b0c87f6d1112-1756739617.jpeg?fit=640%2C472&ssl=1&resize=350%2C200 1x, https:\/\/i0.wp.com\/www.shqiperia.com\/blog\/wp-content\/uploads\/2025\/09\/640-0-8df55b43-4be2-4fc9-9520-b0c87f6d1112-1756739617.jpeg?fit=640%2C472&ssl=1&resize=525%2C300 1.5x"},"classes":[]},{"id":28949,"url":"https:\/\/www.shqiperia.com\/blog\/protesta-e-minatoreve-ne-bulqize-policia-shoqeron-kater-protestues\/","url_meta":{"origin":29872,"position":3},"title":"Protesta e minator\u00ebve n\u00eb Bulqiz\u00eb, policia shoq\u00ebron kat\u00ebr protestues.-","author":"Kurt Farka","date":"December 5, 2019","format":false,"excerpt":"Protesta e minator\u00ebve n\u00eb Bulqiz\u00eb, policia shoq\u00ebron kat\u00ebr protestues 4 Dhjetor 2019 Policia e Shtetit shoq\u00ebroi 4 protestues p\u00ebrfshi kryetarin e Sindikat\u00ebs s\u00eb Minator\u00ebve t\u00eb Bashkuar t\u00eb Bulqiz\u00ebs, nd\u00ebrsa i akuzon ata p\u00ebr tubim t\u00eb paligjsh\u00ebm, edhe pse protestuesit thon\u00eb se shehsi ku protestojn\u00eb nuk pengon qarkullimin e mjeteve dhe\u2026","rel":"","context":"In &quot;Blogu i Udh\u00ebtarit&quot;","block_context":{"text":"Blogu i Udh\u00ebtarit","link":"https:\/\/www.shqiperia.com\/blog\/category\/blogu-i-udhetarit\/"},"img":{"alt_text":"","src":"https:\/\/i0.wp.com\/www.shqiperia.com\/blog\/wp-content\/uploads\/2019\/12\/76205497_1432191813600205_1150979934575919104_n-600x400.jpg?fit=600%2C338&ssl=1&resize=350%2C200","width":350,"height":200,"srcset":"https:\/\/i0.wp.com\/www.shqiperia.com\/blog\/wp-content\/uploads\/2019\/12\/76205497_1432191813600205_1150979934575919104_n-600x400.jpg?fit=600%2C338&ssl=1&resize=350%2C200 1x, https:\/\/i0.wp.com\/www.shqiperia.com\/blog\/wp-content\/uploads\/2019\/12\/76205497_1432191813600205_1150979934575919104_n-600x400.jpg?fit=600%2C338&ssl=1&resize=525%2C300 1.5x"},"classes":[]},{"id":24275,"url":"https:\/\/www.shqiperia.com\/blog\/banden-e-rilindjes-e-kane-braktisur-dhe-socialistet-basha-nga-fushe-arrezi-koha-ti-ofrojme-shqiptareve-rrugedaljet-nga-kjo-krize\/","url_meta":{"origin":29872,"position":4},"title":"\u201cBand\u00ebn e Rilindjes e kan\u00eb braktisur dhe socialist\u00ebt\u201d- Basha nga Fush\u00eb-Arr\u00ebzi: Koha ti ofrojm\u00eb shqiptar\u00ebve rrug\u00ebdaljet nga kjo kriz\u00eb. &#8211;","author":"Kurt Farka","date":"August 4, 2019","format":false,"excerpt":"\u201cBand\u00ebn e Rilindjes e kan\u00eb braktisur dhe socialist\u00ebt\u201d- Basha nga Fush\u00eb-Arr\u00ebzi: Koha ti ofrojm\u00eb shqiptar\u00ebve rrug\u00ebdaljet nga kjo kriz\u00eb. - 4 gusht 2019 Lideri i opozit\u00ebs Lulzim Basha deklaroi nga Fush\u00eb-Arr\u00ebzi se Partia Demokratike me aleat\u00ebt e saj \u00ebsht\u00eb fituese e zgjedhjeve t\u00eb lira e t\u00eb ndershme kurdo q\u00eb t\u00eb\u2026","rel":"","context":"In &quot;Kultura&quot;","block_context":{"text":"Kultura","link":"https:\/\/www.shqiperia.com\/blog\/category\/kultura\/"},"img":{"alt_text":"","src":"https:\/\/i0.wp.com\/www.shqiperia.com\/blog\/wp-content\/uploads\/2019\/08\/basha1.jpg?fit=1000%2C667&ssl=1&resize=350%2C200","width":350,"height":200,"srcset":"https:\/\/i0.wp.com\/www.shqiperia.com\/blog\/wp-content\/uploads\/2019\/08\/basha1.jpg?fit=1000%2C667&ssl=1&resize=350%2C200 1x, https:\/\/i0.wp.com\/www.shqiperia.com\/blog\/wp-content\/uploads\/2019\/08\/basha1.jpg?fit=1000%2C667&ssl=1&resize=525%2C300 1.5x, https:\/\/i0.wp.com\/www.shqiperia.com\/blog\/wp-content\/uploads\/2019\/08\/basha1.jpg?fit=1000%2C667&ssl=1&resize=700%2C400 2x"},"classes":[]},{"id":53813,"url":"https:\/\/www.shqiperia.com\/blog\/reshjet-e-dendura-te-shiut-dhe-debores-dhjetera-fshatra-pa-energji-elektrike-dhe-te-bllokuar\/","url_meta":{"origin":29872,"position":5},"title":"Reshjet e dendura t\u00eb shiut dhe d\u00ebbor\u00ebs. &#8211; \u00a0Dhjet\u00ebra fshatra pa energji elektrike dhe t\u00eb bllokuar","author":"Kurt Farka","date":"February 8, 2022","format":false,"excerpt":"Reshjet e dendura t\u00eb shiut dhe d\u00ebbor\u00ebs. - \u00a0Dhjet\u00ebra fshatra pa energji elektrike dhe t\u00eb bllokuar 8 SHKURT 2022 Situata n\u00eb disa zona t\u00eb vendit nuk paraqitet e mir\u00eb, pas uljes s\u00eb temperaturave dhe reshjeve t\u00eb shiut dhe bor\u00ebs. Dhjet\u00ebra fshatra n\u00eb disa qarqe jan\u00eb pa energji elektrike p\u00ebr shkak\u2026","rel":"","context":"In &quot;Blogu i Udh\u00ebtarit&quot;","block_context":{"text":"Blogu i Udh\u00ebtarit","link":"https:\/\/www.shqiperia.com\/blog\/category\/blogu-i-udhetarit\/"},"img":{"alt_text":"","src":"https:\/\/i0.wp.com\/www.shqiperia.com\/blog\/wp-content\/uploads\/2022\/02\/640-0-620256f97fdb0.jpg?fit=640%2C360&ssl=1&resize=350%2C200","width":350,"height":200,"srcset":"https:\/\/i0.wp.com\/www.shqiperia.com\/blog\/wp-content\/uploads\/2022\/02\/640-0-620256f97fdb0.jpg?fit=640%2C360&ssl=1&resize=350%2C200 1x, https:\/\/i0.wp.com\/www.shqiperia.com\/blog\/wp-content\/uploads\/2022\/02\/640-0-620256f97fdb0.jpg?fit=640%2C360&ssl=1&resize=525%2C300 1.5x"},"classes":[]}],"_links":{"self":[{"href":"https:\/\/www.shqiperia.com\/blog\/wp-json\/wp\/v2\/posts\/29872","targetHints":{"allow":["GET"]}}],"collection":[{"href":"https:\/\/www.shqiperia.com\/blog\/wp-json\/wp\/v2\/posts"}],"about":[{"href":"https:\/\/www.shqiperia.com\/blog\/wp-json\/wp\/v2\/types\/post"}],"author":[{"embeddable":true,"href":"https:\/\/www.shqiperia.com\/blog\/wp-json\/wp\/v2\/users\/9"}],"replies":[{"embeddable":true,"href":"https:\/\/www.shqiperia.com\/blog\/wp-json\/wp\/v2\/comments?post=29872"}],"version-history":[{"count":1,"href":"https:\/\/www.shqiperia.com\/blog\/wp-json\/wp\/v2\/posts\/29872\/revisions"}],"predecessor-version":[{"id":29879,"href":"https:\/\/www.shqiperia.com\/blog\/wp-json\/wp\/v2\/posts\/29872\/revisions\/29879"}],"wp:featuredmedia":[{"embeddable":true,"href":"https:\/\/www.shqiperia.com\/blog\/wp-json\/wp\/v2\/media\/29873"}],"wp:attachment":[{"href":"https:\/\/www.shqiperia.com\/blog\/wp-json\/wp\/v2\/media?parent=29872"}],"wp:term":[{"taxonomy":"category","embeddable":true,"href":"https:\/\/www.shqiperia.com\/blog\/wp-json\/wp\/v2\/categories?post=29872"},{"taxonomy":"post_tag","embeddable":true,"href":"https:\/\/www.shqiperia.com\/blog\/wp-json\/wp\/v2\/tags?post=29872"}],"curies":[{"name":"wp","href":"https:\/\/api.w.org\/{rel}","templated":true}]}}