{"id":29865,"date":"2019-12-30T13:49:34","date_gmt":"2019-12-30T13:49:34","guid":{"rendered":"https:\/\/www.shqiperia.com\/blog\/?p=29865"},"modified":"2019-12-30T13:49:34","modified_gmt":"2019-12-30T13:49:34","slug":"zbardhet-debati-fevziu-replika-te-teatri-per-kutelin-pse-nuk-e-denoi-kadareja-a-ka-folur-njeri-se-kush-i-ka-bere-letrat-te","status":"publish","type":"post","link":"https:\/\/www.shqiperia.com\/blog\/zbardhet-debati-fevziu-replika-te-teatri-per-kutelin-pse-nuk-e-denoi-kadareja-a-ka-folur-njeri-se-kush-i-ka-bere-letrat-te\/","title":{"rendered":"Zbardhet debati\/ Fevziu replika te Teatri p\u00ebr Kutelin: Pse nuk e d\u00ebnoi Kadareja. A ka folur njeri se kush i ka b\u00ebr\u00eb letrat te&#8230;"},"content":{"rendered":"<p><img data-recalc-dims=\"1\" loading=\"lazy\" decoding=\"async\" data-attachment-id=\"29868\" data-permalink=\"https:\/\/www.shqiperia.com\/blog\/zbardhet-debati-fevziu-replika-te-teatri-per-kutelin-pse-nuk-e-denoi-kadareja-a-ka-folur-njeri-se-kush-i-ka-bere-letrat-te\/mitrush-kuteli-736x1024-copy-3\/\" data-orig-file=\"https:\/\/i0.wp.com\/www.shqiperia.com\/blog\/wp-content\/uploads\/2019\/12\/mitrush-kuteli-736x1024-Copy-2.jpg?fit=736%2C452&amp;ssl=1\" data-orig-size=\"736,452\" data-comments-opened=\"1\" data-image-meta=\"{&quot;aperture&quot;:&quot;0&quot;,&quot;credit&quot;:&quot;&quot;,&quot;camera&quot;:&quot;&quot;,&quot;caption&quot;:&quot;?????????????????????????????????????????????????????????&quot;,&quot;created_timestamp&quot;:&quot;0&quot;,&quot;copyright&quot;:&quot;&quot;,&quot;focal_length&quot;:&quot;0&quot;,&quot;iso&quot;:&quot;0&quot;,&quot;shutter_speed&quot;:&quot;0&quot;,&quot;title&quot;:&quot;&quot;,&quot;orientation&quot;:&quot;0&quot;}\" data-image-title=\"mitrush-kuteli-736&#215;1024 &#8211; Copy\" data-image-description=\"\" data-image-caption=\"&lt;p&gt;?????????????????????????????????????????????????????????&lt;\/p&gt;\n\" data-medium-file=\"https:\/\/i0.wp.com\/www.shqiperia.com\/blog\/wp-content\/uploads\/2019\/12\/mitrush-kuteli-736x1024-Copy-2.jpg?fit=300%2C184&amp;ssl=1\" data-large-file=\"https:\/\/i0.wp.com\/www.shqiperia.com\/blog\/wp-content\/uploads\/2019\/12\/mitrush-kuteli-736x1024-Copy-2.jpg?fit=736%2C452&amp;ssl=1\" class=\" wp-image-29868\" alt=\"\" src=\"https:\/\/i0.wp.com\/www.shqiperia.com\/blog\/wp-content\/uploads\/2019\/12\/mitrush-kuteli-736x1024-Copy-2.jpg?resize=559%2C343&#038;ssl=1\" width=\"559\" height=\"343\" srcset=\"https:\/\/i0.wp.com\/www.shqiperia.com\/blog\/wp-content\/uploads\/2019\/12\/mitrush-kuteli-736x1024-Copy-2.jpg?resize=300%2C184&amp;ssl=1 300w, https:\/\/i0.wp.com\/www.shqiperia.com\/blog\/wp-content\/uploads\/2019\/12\/mitrush-kuteli-736x1024-Copy-2.jpg?resize=450%2C276&amp;ssl=1 450w, https:\/\/i0.wp.com\/www.shqiperia.com\/blog\/wp-content\/uploads\/2019\/12\/mitrush-kuteli-736x1024-Copy-2.jpg?resize=600%2C368&amp;ssl=1 600w, https:\/\/i0.wp.com\/www.shqiperia.com\/blog\/wp-content\/uploads\/2019\/12\/mitrush-kuteli-736x1024-Copy-2.jpg?resize=400%2C246&amp;ssl=1 400w, https:\/\/i0.wp.com\/www.shqiperia.com\/blog\/wp-content\/uploads\/2019\/12\/mitrush-kuteli-736x1024-Copy-2.jpg?w=736&amp;ssl=1 736w\" sizes=\"auto, (max-width: 559px) 100vw, 559px\" \/><\/p>\n<p>Zbardhet debati\/ Fevziu replika te Teatri p\u00ebr Kutelin: Pse nuk e d\u00ebnoi Kadareja. A ka folur njeri se kush i ka b\u00ebr\u00eb letrat te\u2026<\/p>\n<p><em>19 dhjetor 2019<\/em><\/p>\n<p><strong>ANILA DEDAJ\/\u00a0Teatri Komb\u00ebtar, gjat\u00eb m\u00eb shum\u00eb se nj\u00eb viti protestash, q\u00ebndron n\u00eb k\u00ebmb\u00eb, mb\u00ebshtetur n\u00eb kolonat e artit, kultur\u00ebs, bamir\u00ebsis\u00eb, fjal\u00ebs s\u00eb lir\u00eb.<\/strong><\/p>\n<p>Mitrush Kuteli me te shoqen<\/p>\n<p>Dryni institucional q\u00eb iu vendos \u201cMek\u00ebs\u201d s\u00eb aktor\u00ebve, n\u00eb k\u00ebto muaj rezistence, u z\u00ebvend\u00ebsua me dyer hapur qytet\u00ebrimit e kujtes\u00ebs, q\u00eb th\u00ebrret ata kolos\u00eb q\u00eb u p\u00ebrpoq\u00ebn p\u00ebr t\u00eb vendosur themelet e nj\u00eb shoq\u00ebrie demokratike, si poliedriku Mitrush Kuteli (Dhimit\u00ebr Pasko). Mbr\u00ebmjen e s\u00eb m\u00ebrkur\u00ebs, n\u00eb sall\u00ebn \u201cKadri Roshi\u201d, artistja Justina Aliaj, poetja Rita Filipi Petro, gazetari e publicisti Blendi Fevziu, si dhe aktor\u00ebt Edmond Budina e Naun Shundi u b\u00ebn\u00eb bashk\u00eb p\u00ebr t\u00eb kujtuar kolosin e letrave, bashk\u00ebthemeluesin e proz\u00ebs moderne shqiptare e nj\u00eb nga kritik\u00ebt e par\u00eb t\u00eb let\u00ebrsis\u00eb.<\/p>\n<p><span> <img data-recalc-dims=\"1\" loading=\"lazy\" decoding=\"async\" data-attachment-id=\"29869\" data-permalink=\"https:\/\/www.shqiperia.com\/blog\/zbardhet-debati-fevziu-replika-te-teatri-per-kutelin-pse-nuk-e-denoi-kadareja-a-ka-folur-njeri-se-kush-i-ka-bere-letrat-te\/pjimage-181\/\" data-orig-file=\"https:\/\/i0.wp.com\/www.shqiperia.com\/blog\/wp-content\/uploads\/2019\/12\/pjimage-181.jpg?fit=1000%2C1000&amp;ssl=1\" data-orig-size=\"1000,1000\" data-comments-opened=\"1\" data-image-meta=\"{&quot;aperture&quot;:&quot;0&quot;,&quot;credit&quot;:&quot;&quot;,&quot;camera&quot;:&quot;&quot;,&quot;caption&quot;:&quot;&quot;,&quot;created_timestamp&quot;:&quot;0&quot;,&quot;copyright&quot;:&quot;&quot;,&quot;focal_length&quot;:&quot;0&quot;,&quot;iso&quot;:&quot;0&quot;,&quot;shutter_speed&quot;:&quot;0&quot;,&quot;title&quot;:&quot;&quot;,&quot;orientation&quot;:&quot;0&quot;}\" data-image-title=\"pjimage-181\" data-image-description=\"\" data-image-caption=\"\" data-medium-file=\"https:\/\/i0.wp.com\/www.shqiperia.com\/blog\/wp-content\/uploads\/2019\/12\/pjimage-181.jpg?fit=300%2C300&amp;ssl=1\" data-large-file=\"https:\/\/i0.wp.com\/www.shqiperia.com\/blog\/wp-content\/uploads\/2019\/12\/pjimage-181.jpg?fit=1000%2C1000&amp;ssl=1\" class=\"alignnone  wp-image-29869\" alt=\"\" src=\"https:\/\/i0.wp.com\/www.shqiperia.com\/blog\/wp-content\/uploads\/2019\/12\/pjimage-181.jpg?resize=836%2C836&#038;ssl=1\" width=\"836\" height=\"836\" srcset=\"https:\/\/i0.wp.com\/www.shqiperia.com\/blog\/wp-content\/uploads\/2019\/12\/pjimage-181.jpg?resize=300%2C300&amp;ssl=1 300w, https:\/\/i0.wp.com\/www.shqiperia.com\/blog\/wp-content\/uploads\/2019\/12\/pjimage-181.jpg?resize=150%2C150&amp;ssl=1 150w, https:\/\/i0.wp.com\/www.shqiperia.com\/blog\/wp-content\/uploads\/2019\/12\/pjimage-181.jpg?resize=768%2C768&amp;ssl=1 768w, https:\/\/i0.wp.com\/www.shqiperia.com\/blog\/wp-content\/uploads\/2019\/12\/pjimage-181.jpg?resize=450%2C450&amp;ssl=1 450w, https:\/\/i0.wp.com\/www.shqiperia.com\/blog\/wp-content\/uploads\/2019\/12\/pjimage-181.jpg?resize=600%2C600&amp;ssl=1 600w, https:\/\/i0.wp.com\/www.shqiperia.com\/blog\/wp-content\/uploads\/2019\/12\/pjimage-181.jpg?resize=65%2C65&amp;ssl=1 65w, https:\/\/i0.wp.com\/www.shqiperia.com\/blog\/wp-content\/uploads\/2019\/12\/pjimage-181.jpg?resize=50%2C50&amp;ssl=1 50w, https:\/\/i0.wp.com\/www.shqiperia.com\/blog\/wp-content\/uploads\/2019\/12\/pjimage-181.jpg?resize=400%2C400&amp;ssl=1 400w, https:\/\/i0.wp.com\/www.shqiperia.com\/blog\/wp-content\/uploads\/2019\/12\/pjimage-181.jpg?w=1000&amp;ssl=1 1000w\" sizes=\"auto, (max-width: 836px) 100vw, 836px\" \/><\/span><\/p>\n<p>Mbr\u00ebmja poetike \u201cNuk harrojm\u00eb Mitrush Kutelin\u201d, moderuar nga gazetarja Raimonda Shundi ku t\u00eb ftuarit u bashkuan n\u00eb vler\u00ebsimin b\u00ebr\u00eb vepr\u00ebs s\u00eb madhe letrare dhe qytetare t\u00eb eruditit, u shoq\u00ebrua edhe me debate, ku diskutimi u p\u00ebrqendrua mbi ndikimin e shkrimtarit Ismail Kadare mbi vepr\u00ebn dhe imazhin e Kutelit. Nd\u00ebrsa regjisori dhe aktori Edmond Budina solli n\u00eb v\u00ebmendje d\u00ebshmit\u00eb \u201cakuz\u00eb\u201d t\u00eb trash\u00ebgimtar\u00ebve t\u00eb Kutelit n\u00eb \u201cNet moldave\u201d kundrejt Kadares\u00eb, p\u00ebr p\u00ebrfoljen q\u00eb u ka b\u00ebr\u00eb p\u00ebr pjes\u00ebmarrjen n\u00eb \u201cBetej\u00ebn e Stalingradit\u201d.<\/p>\n<p>Fevziu replikoi, duke i m\u00ebshuar faktit se Kadareja nuk mund t\u00eb ket\u00eb ndikuar n\u00eb d\u00ebnimet q\u00eb iu b\u00ebn\u00eb Kutelit nga regjimi komunist, edhe p\u00ebr faktin se ai asokohe ka qen\u00eb f\u00ebmij\u00eb.<\/p>\n<p>\u201cPavar\u00ebsisht k\u00ebsaj, q\u00ebndron fakti se Kadareja e ka rip\u00ebrmendur k\u00ebt\u00eb fakt edhe n\u00eb 2014-\u00ebn, n\u00eb librin e tij \u2018M\u00ebngjese n\u00eb kafe Rostand\u2019\u201d, theksoi Budina gjat\u00eb debatit, duke p\u00ebrmendur edhe p\u00ebrgjigjen e Kutelit dh\u00ebn\u00eb \u201cshok\u00ebve\u201d akuzator\u00eb t\u00eb trajtuar nga Sk\u00ebnder Luarasi. \u201cKa qen\u00eb n\u00eb Institutin e Kultur\u00ebs e ua ka dh\u00ebn\u00eb vet p\u00ebrgjigjen. Hyri n\u00eb sall\u00ebn e pedagog\u00ebve e hodhi para nj\u00eb tuf\u00eb gazetash, ku disa nga pedagog\u00ebt shfaqeshin n\u00eb foto me k\u00ebmisha t\u00eb zeza dhe me simbole t\u00eb fashizmit n\u00eb mb\u00ebshtetje t\u00eb Musolinit. E u thot\u00eb: Ju nuk m\u00eb doni se paskam qen\u00eb n\u00eb Gard\u00ebn e Hekurt n\u00eb Rumani, po ja \u00e7far\u00eb keni qen\u00eb ju\u201d, citon Budina, duke iu referuar Luarasit dhe duke n\u00ebnvizuar faktin se \u201cshok\u00ebt\u201d n\u00eb fjal\u00eb, pask\u00ebshin qen\u00eb Udh\u00ebheq\u00ebsit e Lidhjes.<\/p>\n<p>Gazetari Blendi Fevziu, pas leximit t\u00eb d\u00ebshmive, k\u00ebmb\u00ebnguli n\u00eb q\u00ebndrimin e tij, se sot, m\u00eb shum\u00eb se 7 dekada pas d\u00ebnimit t\u00eb letrarit, fokusi m\u00eb i madh duhet t\u00eb jet\u00eb te fajtor\u00ebt e v\u00ebrtet\u00eb q\u00eb shkaktuan vuajtjet n\u00eb burg t\u00eb Paskos, nga viti 1947 deri m\u00eb 1949-\u00ebn. Fevizu, si\u00e7 ka b\u00ebr\u00eb edhe vet\u00eb Kadare n\u00eb p\u00ebrgjigjen e k\u00ebtyre akuzave, thekson se shkrimtari n\u00eb shkrimet e tij nuk pohon pjes\u00ebmarrjen e Kutelit n\u00eb \u201cBetej\u00ebn e Stalingradit\u201d, por aludon n\u00eb baz\u00eb t\u00eb asaj q\u00eb ka d\u00ebgjuar t\u00eb p\u00ebrflitet (\u201csipas nj\u00eb p\u00ebshp\u00ebrime jo fort t\u00eb besueshme\u201d shkruan Kadare).<\/p>\n<p>Gazetari shprehet q\u00eb n\u00eb krye t\u00eb fjal\u00ebs s\u00eb tij se goditja ndaj Kutelit b\u00ebn pjes\u00eb n\u00eb goditjen q\u00eb iu b\u00eb nj\u00eb grupi intelektual\u00ebsh, duke i persekutuar dhe izoluar, pasi asokohe ndiqej parimi se \u201c\u00e7do gj\u00eb nis nga hi\u00e7i\u201d. \u201cKadare mund t\u00eb ket\u00eb q\u00ebndrimin e tij, q\u00eb mund t\u00eb jet\u00eb i gabuar ose jo. Por duhet theksuar se ai e ka shkruar nj\u00eb aludim t\u00eb till\u00eb n\u00eb vitin \u201989, pra 22 vjet pas vdekjes s\u00eb Kutelit. Por a ka folur njeri se kush e d\u00ebnoi Dhimit\u00ebr Paskon? Kush i ka b\u00ebr\u00eb letrat n\u00eb \u2018Lidhjen e Shkrimtar\u00ebve\u2019, q\u00eb t\u00eb mos botohej vepra e tij, pra po flas p\u00ebr letrat q\u00eb b\u00ebn\u00eb q\u00eb Pasko t\u00eb futej n\u00eb burg. Kadare n\u00eb at\u00eb koh\u00eb ka qen\u00eb vet\u00ebm 10 vje\u00e7. N\u00eb Shqip\u00ebri \u00ebsht\u00eb b\u00ebr\u00eb gati i p\u00ebrhersh\u00ebm nj\u00eb fenomen i till\u00eb, pra gjendet nj\u00eb njeri q\u00eb ka vlera dhe p\u00ebrmendet vazhdimisht. Masakrat m\u00eb t\u00eb m\u00ebdha jan\u00eb b\u00ebr\u00eb n\u00eb vitet 1945-\u201847, \u00e7\u2019kuptim ka t\u00eb b\u00ebsh p\u00ebrgjegj\u00ebs Kadaren\u00eb p\u00ebr jet\u00ebn e Mitrush Kutelit, q\u00eb iku nga kjo bot\u00eb m\u00eb 1967-\u00ebn, nd\u00ebrkoh\u00eb q\u00eb Kadare kishte botuar vepr\u00ebn e par\u00eb gjat\u00eb vitit 1963-\u201864\u2026 Pyetja q\u00eb duhet t\u00eb shtrohet \u00ebsht\u00eb: Cili \u00ebsht\u00eb personi q\u00eb e ka d\u00ebnuar? Kush jan\u00eb njer\u00ebzit q\u00eb kan\u00eb dal\u00eb d\u00ebshmitar\u00eb, pasi nuk d\u00ebnoheshe n\u00eb at\u00eb koh\u00eb pa d\u00ebshmitar. Dikush ia ka p\u00ebrmendur emrin. Kush ia ka lexuar relacionet? Pse askush nuk shkon drejt k\u00ebsaj pike?\u201d, tha Fevziu, duke theksuar se Kadare ka qen\u00eb shum\u00eb i ri asokohe dhe do t\u00eb ishte absurde t\u2019i vishje p\u00ebrgjegj\u00ebsin\u00eb p\u00ebr d\u00ebnimin e Kutelit.<\/p>\n<p><img data-recalc-dims=\"1\" loading=\"lazy\" decoding=\"async\" data-attachment-id=\"29870\" data-permalink=\"https:\/\/www.shqiperia.com\/blog\/zbardhet-debati-fevziu-replika-te-teatri-per-kutelin-pse-nuk-e-denoi-kadareja-a-ka-folur-njeri-se-kush-i-ka-bere-letrat-te\/ismail-kadare-7\/\" data-orig-file=\"https:\/\/i0.wp.com\/www.shqiperia.com\/blog\/wp-content\/uploads\/2019\/12\/Ismail-Kadare.jpg?fit=884%2C530&amp;ssl=1\" data-orig-size=\"884,530\" data-comments-opened=\"1\" data-image-meta=\"{&quot;aperture&quot;:&quot;0&quot;,&quot;credit&quot;:&quot;&quot;,&quot;camera&quot;:&quot;&quot;,&quot;caption&quot;:&quot;&quot;,&quot;created_timestamp&quot;:&quot;0&quot;,&quot;copyright&quot;:&quot;&quot;,&quot;focal_length&quot;:&quot;0&quot;,&quot;iso&quot;:&quot;0&quot;,&quot;shutter_speed&quot;:&quot;0&quot;,&quot;title&quot;:&quot;&quot;,&quot;orientation&quot;:&quot;0&quot;}\" data-image-title=\"Ismail-Kadare\" data-image-description=\"\" data-image-caption=\"\" data-medium-file=\"https:\/\/i0.wp.com\/www.shqiperia.com\/blog\/wp-content\/uploads\/2019\/12\/Ismail-Kadare.jpg?fit=300%2C180&amp;ssl=1\" data-large-file=\"https:\/\/i0.wp.com\/www.shqiperia.com\/blog\/wp-content\/uploads\/2019\/12\/Ismail-Kadare.jpg?fit=884%2C530&amp;ssl=1\" class=\"alignnone  wp-image-29870\" alt=\"\" src=\"https:\/\/i0.wp.com\/www.shqiperia.com\/blog\/wp-content\/uploads\/2019\/12\/Ismail-Kadare.jpg?resize=793%2C476&#038;ssl=1\" width=\"793\" height=\"476\" srcset=\"https:\/\/i0.wp.com\/www.shqiperia.com\/blog\/wp-content\/uploads\/2019\/12\/Ismail-Kadare.jpg?resize=300%2C180&amp;ssl=1 300w, https:\/\/i0.wp.com\/www.shqiperia.com\/blog\/wp-content\/uploads\/2019\/12\/Ismail-Kadare.jpg?resize=768%2C460&amp;ssl=1 768w, https:\/\/i0.wp.com\/www.shqiperia.com\/blog\/wp-content\/uploads\/2019\/12\/Ismail-Kadare.jpg?resize=450%2C270&amp;ssl=1 450w, https:\/\/i0.wp.com\/www.shqiperia.com\/blog\/wp-content\/uploads\/2019\/12\/Ismail-Kadare.jpg?resize=600%2C360&amp;ssl=1 600w, https:\/\/i0.wp.com\/www.shqiperia.com\/blog\/wp-content\/uploads\/2019\/12\/Ismail-Kadare.jpg?resize=400%2C240&amp;ssl=1 400w, https:\/\/i0.wp.com\/www.shqiperia.com\/blog\/wp-content\/uploads\/2019\/12\/Ismail-Kadare.jpg?w=884&amp;ssl=1 884w\" sizes=\"auto, (max-width: 793px) 100vw, 793px\" \/><\/p>\n<p>Sipas gazetarit, personat q\u00eb e kan\u00eb urryer Kutelin dhe q\u00eb kan\u00eb ndikuar n\u00eb jet\u00ebn e tij plot vuajtje n\u00eb diktatur\u00eb, kan\u00eb qen\u00eb moshatar\u00eb t\u00eb tij.<\/p>\n<p>\u201cAi \u00ebsht\u00eb d\u00ebnuar nga shok\u00ebt e tij. Edhe n\u00eb \u201989-\u00ebn, ka pas mllef ndaj tij, nga ana e pedagog\u00ebve\u201d, shtoi m\u00eb tej Fevziu. Mes t\u00eb ftuarve, poetja dhe botuesja Rita Petro solli n\u00eb v\u00ebmendje faktin se relacionet p\u00ebr t\u00eb cilat Fevziu p\u00ebrmendi nuk ishte e leht\u00eb t\u00eb shiheshin, duke qen\u00eb se dosja e Kutelit ishte bosh. Petro ndali edhe te fakti se d\u00ebshmit\u00eb asokohe nuk ishte e v\u00ebshtir\u00eb t\u2019i gjeje, pasi sipas saj, diktatura ka shfryt\u00ebzuar gjat\u00eb ekzistenc\u00ebs s\u00eb saj pjes\u00ebn m\u00eb t\u00eb keqe t\u00eb popullsis\u00eb.<\/p>\n<p>\u201cJo m\u00eb kot Kuteli n\u00eb \u2018Testamentin\u2019 e tij, thekson se \u2018let\u00ebrsia \u00ebsht\u00eb nj\u00eb terren ku g\u00eblojn\u00eb gjarp\u00ebrinjt\u00eb\u2019\u201d. Petro duke evidentuar vlerat e m\u00ebdha t\u00eb shkrimtarit, si n\u00eb fush\u00ebn letrare, at\u00eb ekonomike, ashtu edhe n\u00eb vepr\u00ebn qytetare, n\u00ebnvizoi se \u201cqoft\u00eb si shkrimtar i madh, ashtu edhe si bankier i madh, Kuteli u b\u00ebnte hije t\u00eb gjith\u00ebve\u201d. Petro solli mbr\u00ebmjen e djeshme n\u00eb v\u00ebmendje edhe Kutelin si njeri t\u00eb ndersh\u00ebm e me vlera, q\u00eb edhe pse n\u00eb funksione t\u00eb larta, zgjodhi, si\u00e7 p\u00ebrmend edhe n\u00eb \u201cTestamentin\u201d e tij, t\u00eb q\u00ebndronte larg \u201cvjedhjes dhe tradhtis\u00eb\u201d e t\u00eb mbeste ndoshta nd\u00ebr t\u00eb pakt\u00ebt \u201cdrejtor\u00eb banke t\u00eb varf\u00ebr\u201d.<\/p>\n<p><strong>SI U P\u00cbRGJIGJ KADARE: \u201cK\u00cbRKESA P\u00cbR ARRESTIMIN E KUTELIT \u00cbSHT\u00cb B\u00cbR\u00cb PREJ JUGOSLLAVIS\u00cb\u201d<\/strong><\/p>\n<p>Nd\u00ebrkoh\u00eb q\u00eb n\u00eb sall\u00ebn \u201cKadri Roshi\u201d diskutohej p\u00ebr d\u00ebshmit\u00eb-\u201dakuz\u00eb\u201d t\u00eb trash\u00ebgimtar\u00ebve t\u00eb Kutelit ndaj Kadares\u00eb, t\u00eb pranish\u00ebm gjat\u00eb debatit qen\u00eb edhe njer\u00ebz t\u00eb medias e kultur\u00ebs. N\u00eb \u2018shfaj\u00ebsimin\u2019 e shkrimtarit, Fevziu, duket se ishte gati i vet\u00ebm. Mir\u00ebpo, Kadare \u201cmbrojtjen\u201d e tij e ka b\u00ebr\u00eb gjat\u00eb replik\u00ebs n\u00eb nj\u00eb intervist\u00eb p\u00ebr mediat vite m\u00eb par\u00eb, ku nd\u00ebr t\u00eb tjera thot\u00eb: \u201cNuk kam b\u00ebr\u00eb ndonj\u00eb pandehm\u00eb p\u00ebr pjes\u00ebmarrjen e Dhimit\u00ebr Paskos n\u00eb betej\u00ebn e Stalingradit. P\u00ebrkundrazi, kam shkruar se \u2018sipas nj\u00eb p\u00ebshp\u00ebrime jo fort t\u00eb besueshme\u2019, \u00ebsht\u00eb p\u00ebrhapur kjo pandehm\u00eb ose ky trillim\u201d. Kadare, n\u00eb k\u00ebt\u00eb intervist\u00eb, hedh tez\u00ebn se k\u00ebrkesa p\u00ebr arrestimin e burgosjes s\u00eb Kutelit \u00ebsht\u00eb b\u00ebr\u00eb prej Jugosllavis\u00eb, p\u00ebr shkak t\u00eb angazhimit t\u00eb tij p\u00ebr \u00e7\u00ebshtjen e Kosov\u00ebs dhe t\u00eb nj\u00eb poeme me subjekt Kosov\u00ebn.<\/p>\n<p><strong>\u201c\u00c7\u2019m\u00eb tha Petro Marko n\u00eb \u201991-shin\u201d<\/strong><\/p>\n<p>Gazetari Blendi Fevziu, sapo Budina sjell n\u00eb v\u00ebmendje akuz\u00ebn e ngritur ndaj Mitrush Kutelit, se kishte marr\u00eb pjes\u00eb n\u00eb betej\u00ebn e Stalingradit, replikon duke theksuar se nuk e gjen me vend q\u00eb t\u2019u jepet pesh\u00eb thashethemeve t\u00eb komunizmit. Sipas tij, edhe n\u00ebse ky fakt do t\u00eb kishte qen\u00eb i v\u00ebrtet\u00eb, pra n\u00ebse do t\u00eb kishte marr\u00eb pjes\u00eb n\u00eb k\u00ebt\u00eb betej\u00eb, nuk do t\u00eb ishte nj\u00eb element q\u00eb p\u00ebrbalte figur\u00ebn e shkrimtarit, pasi ai asokohe ka qen\u00eb shtetas rumun dhe si i till\u00eb duhej t\u00eb zbatonte urdhrat q\u00eb i jepeshin. Nd\u00ebrkoh\u00eb q\u00eb t\u00eb pranishmit n\u00eb panel k\u00ebmb\u00ebngulin n\u00eb ndikimin e Kadares\u00eb, duke e risjell\u00eb n\u00eb v\u00ebmendje k\u00ebt\u00eb fakt, qoft\u00eb m\u00eb \u201989-\u00ebn te parath\u00ebnia \u201cArdhja e Migjenit n\u00eb let\u00ebrsin\u00eb shqipe\u201d, ashtu edhe n\u00eb 2014-\u00ebn n\u00eb \u201cM\u00ebngjese n\u00eb kafe Rostand\u201d, Fevziu thekson se \u201ckur flitet p\u00ebr krijues dhe njer\u00ebz politik\u00eb, vler\u00ebsimi duhet b\u00ebr\u00eb bazuar n\u00eb vepr\u00ebn e tyre\u201d. Gazetari, p\u00ebr t\u00eb p\u00ebrforcuar th\u00ebnien e tij, i referohet fjal\u00ebs s\u00eb Petro Markos n\u00eb takimin q\u00eb ka pasur me t\u00eb gjat\u00eb r\u00ebnies s\u00eb diktatur\u00ebs. \u201cKam dashur ta takoj kur botoi \u2018Nata e Ustik\u00ebs\u2019. E takova m\u00eb \u201991-shin e m\u00eb tha nj\u00eb gj\u00eb m\u00eb ka mbetur n\u00eb mendje: \u2018Njeriun mund ta l\u00ebn\u00eb t\u00eb gjith\u00eb e t\u00eb mbetet pa hi\u00e7, pa gruan, f\u00ebmij\u00ebt, t\u00eb ardhurat, por e vetmja gj\u00eb q\u00eb nuk e l\u00eb kurr\u00eb, \u00ebsht\u00eb vepra e tij\u2019. Njeriu gjykohet mbi vepr\u00ebn, mbi asgj\u00eb tjet\u00ebr. \u00cbsht\u00eb vepra ajo q\u00eb mbetet\u201d.<\/p>\n<p><strong><em>PANORAMA<\/em><\/strong><\/p>\n","protected":false},"excerpt":{"rendered":"<p>Zbardhet debati\/ Fevziu replika te Teatri p\u00ebr Kutelin: Pse nuk e d\u00ebnoi Kadareja. A ka folur njeri se kush i ka b\u00ebr\u00eb letrat te\u2026 19 dhjetor 2019 ANILA DEDAJ\/\u00a0Teatri Komb\u00ebtar, gjat\u00eb m\u00eb shum\u00eb se nj\u00eb viti protestash, q\u00ebndron n\u00eb k\u00ebmb\u00eb, mb\u00ebshtetur n\u00eb kolonat e artit, kultur\u00ebs, bamir\u00ebsis\u00eb, fjal\u00ebs s\u00eb lir\u00eb. Mitrush Kuteli me te shoqen [&hellip;]<\/p>\n","protected":false},"author":9,"featured_media":29866,"comment_status":"open","ping_status":"open","sticky":false,"template":"","format":"standard","meta":{"jetpack_post_was_ever_published":false,"_jetpack_newsletter_access":"","_jetpack_dont_email_post_to_subs":false,"_jetpack_newsletter_tier_id":0,"_jetpack_memberships_contains_paywalled_content":false,"_jetpack_memberships_contains_paid_content":false,"footnotes":"","jetpack_publicize_message":"","jetpack_publicize_feature_enabled":true,"jetpack_social_post_already_shared":true,"jetpack_social_options":{"image_generator_settings":{"template":"highway","default_image_id":0,"font":"","enabled":false},"version":2}},"categories":[27,85,10],"tags":[],"class_list":["post-29865","post","type-post","status-publish","format-standard","has-post-thumbnail","hentry","category-blogu-i-udhetarit","category-histori","category-kultura"],"jetpack_publicize_connections":[],"jetpack_featured_media_url":"https:\/\/i0.wp.com\/www.shqiperia.com\/blog\/wp-content\/uploads\/2019\/12\/mitrush-kuteli-736x1024-Copy.jpg?fit=736%2C570&ssl=1","jetpack_sharing_enabled":true,"jetpack_shortlink":"https:\/\/wp.me\/p5Z6wp-7LH","jetpack-related-posts":[{"id":6006,"url":"https:\/\/www.shqiperia.com\/blog\/mitrush-kuteli-kontributi-i-panjohur-i-shkrimtarit-e-kritikut-te-letersise\/","url_meta":{"origin":29865,"position":0},"title":"Mitrush Kuteli, kontributi i panjohur i shkrimtarit e kritikut t\u00eb let\u00ebrsis\u00eb. &#8211;","author":"Kurt Farka","date":"April 7, 2018","format":false,"excerpt":"Nga Nadire Buzo Shum\u00eb e duan Mitrush Kutelin porse pak e thon\u00eb, kjo nga nj\u00eb droj\u00eb e shp\u00ebrthimeve t\u00eb dhimbshme q\u00eb asgj\u00eb nuk e mbush zbraz\u00ebtir\u00ebn q\u00eb mbeti pas nj\u00eb jete t\u00eb mbushur me shum\u00eb ngjarje. Shkrimtar me bot\u00eb t\u00eb madhe intelektuale dhe krijuese t\u00eb ve\u00e7ant\u00eb n\u00eb shum\u00eb fusha\u00a0 t\u00eb\u2026","rel":"","context":"In &quot;Blogu i Udh\u00ebtarit&quot;","block_context":{"text":"Blogu i Udh\u00ebtarit","link":"https:\/\/www.shqiperia.com\/blog\/category\/blogu-i-udhetarit\/"},"img":{"alt_text":"","src":"https:\/\/i0.wp.com\/www.shqiperia.com\/blog\/wp-content\/uploads\/2018\/04\/Mitrush-Kuteli.jpg?fit=810%2C761&ssl=1&resize=350%2C200","width":350,"height":200,"srcset":"https:\/\/i0.wp.com\/www.shqiperia.com\/blog\/wp-content\/uploads\/2018\/04\/Mitrush-Kuteli.jpg?fit=810%2C761&ssl=1&resize=350%2C200 1x, https:\/\/i0.wp.com\/www.shqiperia.com\/blog\/wp-content\/uploads\/2018\/04\/Mitrush-Kuteli.jpg?fit=810%2C761&ssl=1&resize=525%2C300 1.5x, https:\/\/i0.wp.com\/www.shqiperia.com\/blog\/wp-content\/uploads\/2018\/04\/Mitrush-Kuteli.jpg?fit=810%2C761&ssl=1&resize=700%2C400 2x"},"classes":[]},{"id":21669,"url":"https:\/\/www.shqiperia.com\/blog\/fevziu-ben-per-uje-te-ftohte-vangjush-dakon-ska-bthe-njeri-te-me-thote-mua-mos-bej-kete-gje\/","url_meta":{"origin":29865,"position":1},"title":"Fevziu b\u00ebn p\u00ebr \u201cuj\u00eb t\u00eb ftoht\u00eb\u201d Vangjush Dakon: S\u2019ka b*th\u00eb njeri t\u00eb m\u00eb thot\u00eb mua mos b\u00ebj k\u00ebt\u00eb gj\u00eb\u2026","author":"Kurt Farka","date":"June 6, 2019","format":false,"excerpt":"Fevziu b\u00ebn p\u00ebr \u201cuj\u00eb t\u00eb ftoht\u00eb\u201d Vangjush Dakon: S\u2019ka b*th\u00eb njeri t\u00eb m\u00eb thot\u00eb mua mos b\u00ebj k\u00ebt\u00eb gj\u00eb\u2026 6 qershor 2019 Teksa p\u00ebrpiqej t\u00eb tregonte se gjithkush mund t\u00eb flas\u00eb n\u00eb telefon, kryebashkiaku i Durr\u00ebsit, Vangjush Dako iu kthye drejtuesit t\u00eb Opinion Blendi Fevziu se edhe at\u00eb e merrnin\u2026","rel":"","context":"In &quot;Blogu i Udh\u00ebtarit&quot;","block_context":{"text":"Blogu i Udh\u00ebtarit","link":"https:\/\/www.shqiperia.com\/blog\/category\/blogu-i-udhetarit\/"},"img":{"alt_text":"","src":"https:\/\/i0.wp.com\/www.shqiperia.com\/blog\/wp-content\/uploads\/2019\/06\/d3-1-Copy.png?fit=459%2C255&ssl=1&resize=350%2C200","width":350,"height":200},"classes":[]},{"id":93712,"url":"https:\/\/www.shqiperia.com\/blog\/118-vite-nga-lindja-e-mitrush-kutelit-themeluesi-i-prozes-moderne\/","url_meta":{"origin":29865,"position":2},"title":"118 vite nga lindja e Mitrush Kutelit, themeluesi i proz\u00ebs moderne","author":"Kurt Farka","date":"September 14, 2025","format":false,"excerpt":"14 Shtator 2025 Muzeu Historik Komb\u00ebtar kujton sot n\u00eb 118-vjetorin e lindjes Mitrush Kutelin, nj\u00eb prej figurave m\u00eb t\u00eb r\u00ebnd\u00ebsishme t\u00eb kultur\u00ebs shqiptare. Dhimit\u00ebr Pasko, i njohur me emrin e artit si Mitrush Kuteli, lindi n\u00eb Pogradec m\u00eb 13 shtator 1907. Shkrimtar, ekonomist, kritik letrar, p\u00ebrkthyes dhe folklorist, ai ishte\u2026","rel":"","context":"In &quot;Blogu i Udh\u00ebtarit&quot;","block_context":{"text":"Blogu i Udh\u00ebtarit","link":"https:\/\/www.shqiperia.com\/blog\/category\/blogu-i-udhetarit\/"},"img":{"alt_text":"","src":"https:\/\/i0.wp.com\/www.shqiperia.com\/blog\/wp-content\/uploads\/2025\/09\/Mitrush-Kuteli.jpg?fit=728%2C430&ssl=1&resize=350%2C200","width":350,"height":200,"srcset":"https:\/\/i0.wp.com\/www.shqiperia.com\/blog\/wp-content\/uploads\/2025\/09\/Mitrush-Kuteli.jpg?fit=728%2C430&ssl=1&resize=350%2C200 1x, https:\/\/i0.wp.com\/www.shqiperia.com\/blog\/wp-content\/uploads\/2025\/09\/Mitrush-Kuteli.jpg?fit=728%2C430&ssl=1&resize=525%2C300 1.5x, https:\/\/i0.wp.com\/www.shqiperia.com\/blog\/wp-content\/uploads\/2025\/09\/Mitrush-Kuteli.jpg?fit=728%2C430&ssl=1&resize=700%2C400 2x"},"classes":[]},{"id":54974,"url":"https:\/\/www.shqiperia.com\/blog\/blendi-fevziu-shperthen-ndaj-bashes-te-mbushe-valixhet-edhe-te-ike-as-sa-nje-kooperativist-nuk-eshte\/","url_meta":{"origin":29865,"position":3},"title":"Blendi Fevziu shp\u00ebrthen ndaj Bash\u00ebs: &#8211; T\u00eb mbush\u00eb valixhet edhe t\u00eb ik\u00eb, as sa nj\u00eb kooperativist nuk \u00ebsht\u00eb","author":"Kurt Farka","date":"March 7, 2022","format":false,"excerpt":"Blendi Fevziu shp\u00ebrthen ndaj Bash\u00ebs: - T\u00eb mbush\u00eb valixhet edhe t\u00eb ik\u00eb, as sa nj\u00eb kooperativist nuk \u00ebsht\u00eb 7 MARS 2022 Blendi Fevziu ka folur p\u00ebr humbjen dramatike t\u00eb Partis\u00eb Demokratike dhe Lulzim Bash\u00ebs. I pyetur p\u00ebr argumentin e Bash\u00ebs se zgjedhjet u manipuluan, Fevziu tha se ky argument nuk\u2026","rel":"","context":"In &quot;Blogu i Udh\u00ebtarit&quot;","block_context":{"text":"Blogu i Udh\u00ebtarit","link":"https:\/\/www.shqiperia.com\/blog\/category\/blogu-i-udhetarit\/"},"img":{"alt_text":"","src":"https:\/\/i0.wp.com\/www.shqiperia.com\/blog\/wp-content\/uploads\/2022\/03\/Lulzim-Basha.png?fit=590%2C365&ssl=1&resize=350%2C200","width":350,"height":200,"srcset":"https:\/\/i0.wp.com\/www.shqiperia.com\/blog\/wp-content\/uploads\/2022\/03\/Lulzim-Basha.png?fit=590%2C365&ssl=1&resize=350%2C200 1x, https:\/\/i0.wp.com\/www.shqiperia.com\/blog\/wp-content\/uploads\/2022\/03\/Lulzim-Basha.png?fit=590%2C365&ssl=1&resize=525%2C300 1.5x"},"classes":[]},{"id":83184,"url":"https:\/\/www.shqiperia.com\/blog\/bosh-bosh-bosh-blendi-fevziu-rrezon-propaganden-dhe-nxjerr-videon-nga-gjiri-i-grames-sme-ka-ndodhur-kurre-ta-shoh-keshtu\/","url_meta":{"origin":29865,"position":4},"title":"\u201cBosh, bosh, bosh\u2026\u201d, Blendi Fevziu rr\u00ebzon propagand\u00ebn dhe nxjerr VIDEON nga Gjiri i Gram\u00ebs: &#8211; S&#8217;m\u00eb ka ndodhur kurr\u00eb ta shoh k\u00ebshtu","author":"Kurt Farka","date":"August 1, 2024","format":false,"excerpt":"1 Gusht 2024 Gazetari Blendi Fevziu ka publikuar pamjet nga plazhi m\u00eb i bukur n\u00eb jug t\u00eb vendit, pik\u00ebrisht nga Gjiri i Gram\u00ebs, i cili ngjan nj\u00eb \u201cshkret\u00ebtir\u00eb\u201d e v\u00ebrtet\u00eb. Kjo video nga gazetari \u00ebsht\u00eb b\u00ebr\u00eb pik\u00ebrisht dje, 31 korrik, ku supozohet q\u00eb jemi dhe n\u00eb pikun e sezonit turistik.\u2026","rel":"","context":"In &quot;Blogu i Udh\u00ebtarit&quot;","block_context":{"text":"Blogu i Udh\u00ebtarit","link":"https:\/\/www.shqiperia.com\/blog\/category\/blogu-i-udhetarit\/"},"img":{"alt_text":"","src":"https:\/\/i0.wp.com\/www.shqiperia.com\/blog\/wp-content\/uploads\/2024\/08\/640-0-fev-1722502926.jpg?fit=640%2C467&ssl=1&resize=350%2C200","width":350,"height":200,"srcset":"https:\/\/i0.wp.com\/www.shqiperia.com\/blog\/wp-content\/uploads\/2024\/08\/640-0-fev-1722502926.jpg?fit=640%2C467&ssl=1&resize=350%2C200 1x, https:\/\/i0.wp.com\/www.shqiperia.com\/blog\/wp-content\/uploads\/2024\/08\/640-0-fev-1722502926.jpg?fit=640%2C467&ssl=1&resize=525%2C300 1.5x"},"classes":[]},{"id":57051,"url":"https:\/\/www.shqiperia.com\/blog\/blendi-fevziu-nxjerr-zbuluar-skenarin-e-edi-rames-ben-deklaraten-e-papritur-ja-kush-mund-tia-prishe-qetesine-po-pergatit\/","url_meta":{"origin":29865,"position":5},"title":"Blendi Fevziu nxjerr zbuluar skenarin e Edi Ram\u00ebs, b\u00ebn deklarat\u00ebn e papritur: &#8211; Ja kush mund t\u2019ia prish\u00eb qet\u00ebsin\u00eb. Po p\u00ebrgatit&#8230;","author":"Kurt Farka","date":"April 22, 2022","format":false,"excerpt":"Blendi Fevziu nxjerr zbuluar skenarin e Edi Ram\u00ebs, b\u00ebn deklarat\u00ebn e papritur: Ja kush mund t\u2019ia prish\u00eb qet\u00ebsin\u00eb. Po p\u00ebrgatit... 22 PRILL 2022 ...\"Rama tani ka armikun dhe aleatin e tij vet\u00eb Ram\u00ebn\". Gazetari Blendi Fevziu ka deklaruar se kryeministrit t\u00eb vendit, Edi Ram\u00ebs i intereson situata aktuale n\u00eb Partin\u00eb\u2026","rel":"","context":"In &quot;Blogu i Udh\u00ebtarit&quot;","block_context":{"text":"Blogu i Udh\u00ebtarit","link":"https:\/\/www.shqiperia.com\/blog\/category\/blogu-i-udhetarit\/"},"img":{"alt_text":"","src":"https:\/\/i0.wp.com\/www.shqiperia.com\/blog\/wp-content\/uploads\/2022\/04\/Blendi-Fevziu.jpg?fit=1200%2C677&ssl=1&resize=350%2C200","width":350,"height":200,"srcset":"https:\/\/i0.wp.com\/www.shqiperia.com\/blog\/wp-content\/uploads\/2022\/04\/Blendi-Fevziu.jpg?fit=1200%2C677&ssl=1&resize=350%2C200 1x, https:\/\/i0.wp.com\/www.shqiperia.com\/blog\/wp-content\/uploads\/2022\/04\/Blendi-Fevziu.jpg?fit=1200%2C677&ssl=1&resize=525%2C300 1.5x, https:\/\/i0.wp.com\/www.shqiperia.com\/blog\/wp-content\/uploads\/2022\/04\/Blendi-Fevziu.jpg?fit=1200%2C677&ssl=1&resize=700%2C400 2x, https:\/\/i0.wp.com\/www.shqiperia.com\/blog\/wp-content\/uploads\/2022\/04\/Blendi-Fevziu.jpg?fit=1200%2C677&ssl=1&resize=1050%2C600 3x"},"classes":[]}],"_links":{"self":[{"href":"https:\/\/www.shqiperia.com\/blog\/wp-json\/wp\/v2\/posts\/29865","targetHints":{"allow":["GET"]}}],"collection":[{"href":"https:\/\/www.shqiperia.com\/blog\/wp-json\/wp\/v2\/posts"}],"about":[{"href":"https:\/\/www.shqiperia.com\/blog\/wp-json\/wp\/v2\/types\/post"}],"author":[{"embeddable":true,"href":"https:\/\/www.shqiperia.com\/blog\/wp-json\/wp\/v2\/users\/9"}],"replies":[{"embeddable":true,"href":"https:\/\/www.shqiperia.com\/blog\/wp-json\/wp\/v2\/comments?post=29865"}],"version-history":[{"count":1,"href":"https:\/\/www.shqiperia.com\/blog\/wp-json\/wp\/v2\/posts\/29865\/revisions"}],"predecessor-version":[{"id":29871,"href":"https:\/\/www.shqiperia.com\/blog\/wp-json\/wp\/v2\/posts\/29865\/revisions\/29871"}],"wp:featuredmedia":[{"embeddable":true,"href":"https:\/\/www.shqiperia.com\/blog\/wp-json\/wp\/v2\/media\/29866"}],"wp:attachment":[{"href":"https:\/\/www.shqiperia.com\/blog\/wp-json\/wp\/v2\/media?parent=29865"}],"wp:term":[{"taxonomy":"category","embeddable":true,"href":"https:\/\/www.shqiperia.com\/blog\/wp-json\/wp\/v2\/categories?post=29865"},{"taxonomy":"post_tag","embeddable":true,"href":"https:\/\/www.shqiperia.com\/blog\/wp-json\/wp\/v2\/tags?post=29865"}],"curies":[{"name":"wp","href":"https:\/\/api.w.org\/{rel}","templated":true}]}}