{"id":29862,"date":"2019-12-30T12:23:18","date_gmt":"2019-12-30T12:23:18","guid":{"rendered":"https:\/\/www.shqiperia.com\/blog\/?p=29862"},"modified":"2019-12-30T12:23:18","modified_gmt":"2019-12-30T12:23:18","slug":"gojet-e-liga-thone-raporti-i-fundit-pakesimi-i-frymeve-shton-te-ardhurat-per-fryme","status":"publish","type":"post","link":"https:\/\/www.shqiperia.com\/blog\/gojet-e-liga-thone-raporti-i-fundit-pakesimi-i-frymeve-shton-te-ardhurat-per-fryme\/","title":{"rendered":"Gojet e Liga Thone: &#8211; Raporti i fundit: Pak\u00ebsimi i frym\u00ebve shton t\u00eb ardhurat p\u00ebr frym\u00eb. &#8211;"},"content":{"rendered":"<p><img data-recalc-dims=\"1\" loading=\"lazy\" decoding=\"async\" data-attachment-id=\"29863\" data-permalink=\"https:\/\/www.shqiperia.com\/blog\/gojet-e-liga-thone-raporti-i-fundit-pakesimi-i-frymeve-shton-te-ardhurat-per-fryme\/varferia-905x395\/\" data-orig-file=\"https:\/\/i0.wp.com\/www.shqiperia.com\/blog\/wp-content\/uploads\/2019\/12\/Varferia-905x395-1.jpg?fit=905%2C395&amp;ssl=1\" data-orig-size=\"905,395\" data-comments-opened=\"1\" data-image-meta=\"{&quot;aperture&quot;:&quot;0&quot;,&quot;credit&quot;:&quot;&quot;,&quot;camera&quot;:&quot;&quot;,&quot;caption&quot;:&quot;&quot;,&quot;created_timestamp&quot;:&quot;0&quot;,&quot;copyright&quot;:&quot;&quot;,&quot;focal_length&quot;:&quot;0&quot;,&quot;iso&quot;:&quot;0&quot;,&quot;shutter_speed&quot;:&quot;0&quot;,&quot;title&quot;:&quot;&quot;,&quot;orientation&quot;:&quot;0&quot;}\" data-image-title=\"Varferia-905&#215;395\" data-image-description=\"\" data-image-caption=\"\" data-medium-file=\"https:\/\/i0.wp.com\/www.shqiperia.com\/blog\/wp-content\/uploads\/2019\/12\/Varferia-905x395-1.jpg?fit=300%2C131&amp;ssl=1\" data-large-file=\"https:\/\/i0.wp.com\/www.shqiperia.com\/blog\/wp-content\/uploads\/2019\/12\/Varferia-905x395-1.jpg?fit=905%2C395&amp;ssl=1\" class=\"alignnone  wp-image-29863\" alt=\"\" src=\"https:\/\/i0.wp.com\/www.shqiperia.com\/blog\/wp-content\/uploads\/2019\/12\/Varferia-905x395-1.jpg?resize=836%2C365&#038;ssl=1\" width=\"836\" height=\"365\" srcset=\"https:\/\/i0.wp.com\/www.shqiperia.com\/blog\/wp-content\/uploads\/2019\/12\/Varferia-905x395-1.jpg?resize=300%2C131&amp;ssl=1 300w, https:\/\/i0.wp.com\/www.shqiperia.com\/blog\/wp-content\/uploads\/2019\/12\/Varferia-905x395-1.jpg?resize=768%2C335&amp;ssl=1 768w, https:\/\/i0.wp.com\/www.shqiperia.com\/blog\/wp-content\/uploads\/2019\/12\/Varferia-905x395-1.jpg?resize=450%2C196&amp;ssl=1 450w, https:\/\/i0.wp.com\/www.shqiperia.com\/blog\/wp-content\/uploads\/2019\/12\/Varferia-905x395-1.jpg?resize=600%2C262&amp;ssl=1 600w, https:\/\/i0.wp.com\/www.shqiperia.com\/blog\/wp-content\/uploads\/2019\/12\/Varferia-905x395-1.jpg?resize=400%2C175&amp;ssl=1 400w, https:\/\/i0.wp.com\/www.shqiperia.com\/blog\/wp-content\/uploads\/2019\/12\/Varferia-905x395-1.jpg?w=905&amp;ssl=1 905w\" sizes=\"auto, (max-width: 836px) 100vw, 836px\" \/><\/p>\n<p><strong>Gojet e Liga Thone: &#8211; Raporti i fundit: Pak\u00ebsimi i frym\u00ebve shton t\u00eb ardhurat p\u00ebr frym\u00eb<\/strong><\/p>\n<p>16 Dhjetor 2019<\/p>\n<p>TIRAN\u00cb \u2013 Sipas raportit m\u00eb t\u00eb fundit nga InstaSTAT-i, Shqip\u00ebria ka rritur t\u00eb ardhurat p\u00ebr frym\u00eb n\u00eb 6-mujorin e par\u00eb t\u00eb vitit 2019.<\/p>\n<p>K\u00ebshtu, instituti i insta-statistikave b\u00ebn me dije se mbi 200 mij\u00eb shqiptar\u00eb e kan\u00eb kap\u00ebrcyer zyrtarisht nivelin e varf\u00ebris\u00eb, duke trokitur me guxim dhe kurajo n\u00eb radh\u00ebt e shtres\u00ebs s\u00eb mesme dhe duke i th\u00ebn\u00eb fukarall\u00ebkut \u2018tutje\u2019.<\/p>\n<p>Raporti sqaron se n\u00ebse deri von\u00eb rreth 35% e shqiptar\u00ebve jetonin me 5 dollar\u00eb amerikan\u00eb n\u00eb dit\u00eb, e nj\u00ebjta popullsi tani jeton me 8 pesos meksikan\u00eb n\u00eb dit\u00eb, duke sh\u00ebnuar nj\u00eb rritje t\u00eb dukshme n\u00eb boll\u00ebk, kamje, pla\u00e7k\u00eb, sht\u00ebpi e katandi.<\/p>\n<p><em>\u201cE v\u00ebrteta \u00ebsht\u00eb se, sipas studimit ton\u00eb, rritja e t\u00eb ardhurave p\u00ebr frym\u00eb ka lidhje direkte me pak\u00ebsimin e frym\u00ebve,\u201d\u00a0<\/em>pohon me objektivitet raporti i InstaSTAT-it, duke v\u00ebn\u00eb n\u00eb pah largpam\u00ebsin\u00eb e politikave qeveritare p\u00ebr t\u00eb orientuar me an\u00eb politikash zhvillimore-largimore, nj\u00eb mas\u00eb t\u00eb gjer\u00eb t\u00eb rinjsh dhe moshash mesatare, drejt m\u00ebsymjes s\u00eb kufijve shtet\u00ebror\u00eb nga toka, ajri e deti, n\u00eb k\u00ebrkim t\u00eb livadheve m\u00eb t\u00eb gjelbra.<\/p>\n<p><em>\u201cN\u00eb saj\u00eb t\u00eb nj\u00eb vrulli t\u00eb ri t\u00eb remitancave, \u00ebsht\u00eb mund\u00ebsuar shtimi i kuintancave, dhe rrjedhimisht amvisat kan\u00eb shpeshtuar blerjen e pjatancave, kompletimin e fajancave dhe konsolidimin e balancave,\u201d<\/em>\u00a0thot\u00eb disa paragraf\u00eb m\u00eb posht\u00eb raporti, mesa duket n\u00ebn shtytjen e nj\u00eb vale entuziazmi t\u00eb pakontrolluar t\u00eb autor\u00ebve t\u00eb tekstit p\u00ebr t\u00eb b\u00ebr\u00eb rima pa lidhje.<\/p>\n<p>Raportin e ka komentuar me modesti edhe Edi KM, i cili u b\u00ebri thirrje t\u00eb gjith\u00eb goj\u00ebprishurve q\u00eb deri dje ul\u00ebrisnin se Shqip\u00ebris\u00eb po i largohet rinia p\u00ebr her\u00eb t\u00eb tret\u00eb n\u00eb 30 vjet, t\u00eb ngrihen e t\u00eb k\u00ebrkojn\u00eb falje.<\/p>\n<p><em>\u201cH\u00eb mo, ku jan\u00eb tani ata alarmist\u00eb q\u00eb b\u00ebnin tellallin e kazanit e i binin tiganit duke m\u00eb akuzuar mua p\u00ebr keqmenaxhim t\u00eb tepsis\u00eb dhe p\u00ebrvet\u00ebsim t\u00eb sinis\u00eb, teksa i qanin hallin komshis\u00eb p\u00ebr pun\u00ebt e sht\u00ebpis\u00eb?\u201d,<\/em>\u00a0reagoi Edi KM n\u00eb nj\u00eb nga rrjetat sociale q\u00eb ka mbetur hapur edhe p\u00ebr pak dit\u00eb.<\/p>\n<p>Sipas Edi KM-s\u00eb, studimi tregon se pak\u00ebsimi i frym\u00ebve si mjet p\u00ebr t\u00eb rritur t\u00eb ardhurat p\u00ebr frym\u00eb, ka qen\u00eb nj\u00eb politik\u00eb e drejt\u00eb e qeveris\u00eb.<\/p>\n<p><em>\u201cProjekti i qeveris\u00eb \u00ebsht\u00eb q\u00eb n\u00eb vitin 2021 t\u00eb ardhurat p\u00ebr frym\u00eb t\u00eb arrijn\u00eb deri 15 juan n\u00eb dit\u00eb,\u201d<\/em>\u00a0deklaroi KM-ja.\u00a0<em>\u201cP\u00ebr k\u00ebt\u00eb, ne do t\u00eb punojm\u00eb q\u00eb frym\u00ebt t\u00eb pak\u00ebsohen fillimisht n\u00eb progresion aritmetik, pastaj n\u00eb progresion gjeometrik\u201d.<\/em><\/p>\n<p><em>\u201cShkurt muhabeti vlla, nj\u00eb Shqip\u00ebri me 800 mij\u00eb, hajt e shumta 1 milion shqiptar\u00eb, do ishte ideale,\u201d<\/em>\u00a0p\u00ebrfundoi Edi KM.<\/p>\n<p>*****<\/p>\n<p><strong>SH\u00cbNIM \/ Goj\u00ebt e Liga \u00ebsht\u00eb rubrik\u00eb satirike, ndaj duhet lexuar vet\u00ebm n\u00eb k\u00ebt\u00eb frym\u00eb. \u00a0<\/strong><\/p>\n","protected":false},"excerpt":{"rendered":"<p>Gojet e Liga Thone: &#8211; Raporti i fundit: Pak\u00ebsimi i frym\u00ebve shton t\u00eb ardhurat p\u00ebr frym\u00eb 16 Dhjetor 2019 TIRAN\u00cb \u2013 Sipas raportit m\u00eb t\u00eb fundit nga InstaSTAT-i, Shqip\u00ebria ka rritur t\u00eb ardhurat p\u00ebr frym\u00eb n\u00eb 6-mujorin e par\u00eb t\u00eb vitit 2019. K\u00ebshtu, instituti i insta-statistikave b\u00ebn me dije se mbi 200 mij\u00eb shqiptar\u00eb e [&hellip;]<\/p>\n","protected":false},"author":9,"featured_media":29863,"comment_status":"open","ping_status":"open","sticky":false,"template":"","format":"standard","meta":{"jetpack_post_was_ever_published":false,"_jetpack_newsletter_access":"","_jetpack_dont_email_post_to_subs":false,"_jetpack_newsletter_tier_id":0,"_jetpack_memberships_contains_paywalled_content":false,"_jetpack_memberships_contains_paid_content":false,"footnotes":"","jetpack_publicize_message":"","jetpack_publicize_feature_enabled":true,"jetpack_social_post_already_shared":true,"jetpack_social_options":{"image_generator_settings":{"template":"highway","default_image_id":0,"font":"","enabled":false},"version":2}},"categories":[27,14],"tags":[],"class_list":["post-29862","post","type-post","status-publish","format-standard","has-post-thumbnail","hentry","category-blogu-i-udhetarit","category-press-releases"],"jetpack_publicize_connections":[],"jetpack_featured_media_url":"https:\/\/i0.wp.com\/www.shqiperia.com\/blog\/wp-content\/uploads\/2019\/12\/Varferia-905x395-1.jpg?fit=905%2C395&ssl=1","jetpack_sharing_enabled":true,"jetpack_shortlink":"https:\/\/wp.me\/p5Z6wp-7LE","jetpack-related-posts":[{"id":88969,"url":"https:\/\/www.shqiperia.com\/blog\/raporti-i-bankes-boterore-shqiperia-me-nivelin-me-te-madh-te-varferise-ne-rajon\/","url_meta":{"origin":29862,"position":0},"title":"Raporti i Bank\u00ebs Bot\u00ebrore: Shqip\u00ebria me nivelin m\u00eb t\u00eb madh t\u00eb varf\u00ebris\u00eb n\u00eb Rajon","author":"Kurt Farka","date":"February 4, 2025","format":false,"excerpt":"Nga: Gazeta Dita Banka Bot\u00ebrore p\u00ebrllogarit se n\u00eb vitin 2023, t\u00eb ardhurat p\u00ebr frym\u00eb n\u00eb Shqip\u00ebri ishin 8,575 dollar\u00eb. T\u00eb ardhurat mesatare ditore p\u00ebr nj\u00eb person n\u00eb vendin ton\u00eb ishin 23.5 USD n\u00eb dit\u00eb, nj\u00eb vler\u00eb e p\u00ebraf\u00ebrt me standardin e prosperitetit 25 USD n\u00eb dit\u00eb t\u00eb p\u00ebrcaktuar nga BB\u2026","rel":"","context":"In &quot;Blogu i Udh\u00ebtarit&quot;","block_context":{"text":"Blogu i Udh\u00ebtarit","link":"https:\/\/www.shqiperia.com\/blog\/category\/blogu-i-udhetarit\/"},"img":{"alt_text":"","src":"https:\/\/i0.wp.com\/www.shqiperia.com\/blog\/wp-content\/uploads\/2025\/02\/IMG_0682.jpeg?fit=1100%2C482&ssl=1&resize=350%2C200","width":350,"height":200,"srcset":"https:\/\/i0.wp.com\/www.shqiperia.com\/blog\/wp-content\/uploads\/2025\/02\/IMG_0682.jpeg?fit=1100%2C482&ssl=1&resize=350%2C200 1x, https:\/\/i0.wp.com\/www.shqiperia.com\/blog\/wp-content\/uploads\/2025\/02\/IMG_0682.jpeg?fit=1100%2C482&ssl=1&resize=525%2C300 1.5x, https:\/\/i0.wp.com\/www.shqiperia.com\/blog\/wp-content\/uploads\/2025\/02\/IMG_0682.jpeg?fit=1100%2C482&ssl=1&resize=700%2C400 2x, https:\/\/i0.wp.com\/www.shqiperia.com\/blog\/wp-content\/uploads\/2025\/02\/IMG_0682.jpeg?fit=1100%2C482&ssl=1&resize=1050%2C600 3x"},"classes":[]},{"id":13417,"url":"https:\/\/www.shqiperia.com\/blog\/fmn-ka-publikuar-raportin-e-te-ardhurave-per-fryme-te-vendeve-te-europes-ja-ne-cfare-vendi-renditet-shqiperia\/","url_meta":{"origin":29862,"position":1},"title":"FMN ka publikuar raportin e t\u00eb ardhurave p\u00ebr frym\u00eb t\u00eb vendeve t\u00eb Europ\u00ebs, ja n\u00eb \u00e7far\u00eb vendi renditet Shqip\u00ebria.-","author":"Kurt Farka","date":"November 5, 2018","format":false,"excerpt":"FMN ka publikuar raportin e t\u00eb ardhurave p\u00ebr frym\u00eb t\u00eb vendeve t\u00eb Europ\u00ebs, ja n\u00eb \u00e7far\u00eb vendi renditet Shqip\u00ebria.- Dy shtetet shqipfol\u00ebse, Shqip\u00ebria dhe Kosova renditen t\u00eb fundit n\u00eb Europ\u00eb (pa p\u00ebrfshir\u00eb vendet e ish Bashkimit Sovjetik) p\u00ebr t\u00eb ardhurat p\u00ebr frym\u00eb, sipas t\u00eb dh\u00ebnave t\u00eb fundit t\u00eb Fondit Monetar\u2026","rel":"","context":"In &quot;Blogu i Udh\u00ebtarit&quot;","block_context":{"text":"Blogu i Udh\u00ebtarit","link":"https:\/\/www.shqiperia.com\/blog\/category\/blogu-i-udhetarit\/"},"img":{"alt_text":"","src":"https:\/\/i0.wp.com\/www.shqiperia.com\/blog\/wp-content\/uploads\/2018\/11\/ndihma9_1529427740-2136647-300x159.jpg?resize=350%2C200","width":350,"height":200,"srcset":"https:\/\/i0.wp.com\/www.shqiperia.com\/blog\/wp-content\/uploads\/2018\/11\/ndihma9_1529427740-2136647-300x159.jpg?resize=350%2C200 1x, https:\/\/i0.wp.com\/www.shqiperia.com\/blog\/wp-content\/uploads\/2018\/11\/ndihma9_1529427740-2136647-300x159.jpg?resize=525%2C300 1.5x"},"classes":[]},{"id":39844,"url":"https:\/\/www.shqiperia.com\/blog\/shifrat-e-frikshme-te-fmn-se-cdo-shqiptar-pritet-te-varferohet-ne-2020-n-te-gjithe-do-humbin\/","url_meta":{"origin":29862,"position":2},"title":"Shifrat e frikshme t\u00eb FMN-s\u00eb: \u00c7do shqiptar pritet t\u00eb varf\u00ebrohet n\u00eb 2020-n, t\u00eb gjith\u00eb do humbin&#8230;","author":"Kurt Farka","date":"October 19, 2020","format":false,"excerpt":"Shifrat e frikshme t\u00eb FMN-s\u00eb: \u00c7do shqiptar pritet t\u00eb varf\u00ebrohet n\u00eb 2020-n, t\u00eb gjith\u00eb do humbin... 19 TETOR 2020 T\u00eb ardhurat p\u00ebr frym\u00eb t\u00eb shqiptar\u00ebve n\u00eb vitin pritet t\u00eb ulen me 425 dollar\u00eb, ose me gati 8% n\u00eb krahasim me vitin e m\u00ebparsh\u00ebm, sipas tabelave t\u00eb p\u00ebrdit\u00ebsuara t\u00eb Fondit Monetar\u2026","rel":"","context":"In &quot;Blogu i Udh\u00ebtarit&quot;","block_context":{"text":"Blogu i Udh\u00ebtarit","link":"https:\/\/www.shqiperia.com\/blog\/category\/blogu-i-udhetarit\/"},"img":{"alt_text":"","src":"https:\/\/i0.wp.com\/www.shqiperia.com\/blog\/wp-content\/uploads\/2020\/10\/640-0-12c17e61b360640983cce3b33b613f32.jpg?fit=640%2C392&ssl=1&resize=350%2C200","width":350,"height":200,"srcset":"https:\/\/i0.wp.com\/www.shqiperia.com\/blog\/wp-content\/uploads\/2020\/10\/640-0-12c17e61b360640983cce3b33b613f32.jpg?fit=640%2C392&ssl=1&resize=350%2C200 1x, https:\/\/i0.wp.com\/www.shqiperia.com\/blog\/wp-content\/uploads\/2020\/10\/640-0-12c17e61b360640983cce3b33b613f32.jpg?fit=640%2C392&ssl=1&resize=525%2C300 1.5x"},"classes":[]},{"id":65490,"url":"https:\/\/www.shqiperia.com\/blog\/shifrat-e-eurostat-shqiperia-mbetet-me-e-varfra-dhe-e-fundit-ne-europe-per-te-ardhurat-per-fryme-dhe-konsumin\/","url_meta":{"origin":29862,"position":3},"title":"Shifrat e Eurostat, &#8211; Shqip\u00ebria mbetet m\u00eb e varfra dhe e fundit n\u00eb Europ\u00eb p\u00ebr t\u00eb ardhurat p\u00ebr frym\u00eb dhe konsumin","author":"Kurt Farka","date":"December 15, 2022","format":false,"excerpt":"15 Dhjetor 2022 Shqip\u00ebria ka vijuar t\u00eb jet\u00eb e fundit n\u00eb Europ\u00eb p\u00ebr t\u00eb ardhurat p\u00ebr frym\u00eb edhe n\u00eb vitin 2021 dhe me fuqin\u00eb m\u00eb t\u00eb ul\u00ebt bler\u00ebse, duke zgjatur k\u00ebshtu rekordin negativ t\u00eb mir\u00ebqenies s\u00eb banor\u00ebve t\u00eb saj, n\u00eb krahasim jo vet\u00ebm me vendet e Bashkimit Europian, por edhe\u2026","rel":"","context":"In &quot;Blogu i Udh\u00ebtarit&quot;","block_context":{"text":"Blogu i Udh\u00ebtarit","link":"https:\/\/www.shqiperia.com\/blog\/category\/blogu-i-udhetarit\/"},"img":{"alt_text":"","src":"https:\/\/i0.wp.com\/www.shqiperia.com\/blog\/wp-content\/uploads\/2022\/12\/640-0-632ea562df902.jpg?fit=640%2C360&ssl=1&resize=350%2C200","width":350,"height":200,"srcset":"https:\/\/i0.wp.com\/www.shqiperia.com\/blog\/wp-content\/uploads\/2022\/12\/640-0-632ea562df902.jpg?fit=640%2C360&ssl=1&resize=350%2C200 1x, https:\/\/i0.wp.com\/www.shqiperia.com\/blog\/wp-content\/uploads\/2022\/12\/640-0-632ea562df902.jpg?fit=640%2C360&ssl=1&resize=525%2C300 1.5x"},"classes":[]},{"id":81533,"url":"https:\/\/www.shqiperia.com\/blog\/ndertimi-nuk-rrit-mireqenien-shqiperia-serish-e-fundit-ne-europe-per-te-ardhurat-per-fryme\/","url_meta":{"origin":29862,"position":4},"title":"Nd\u00ebrtimi nuk rrit mir\u00ebqenien, Shqip\u00ebria, s\u00ebrish e fundit n\u00eb Europ\u00eb p\u00ebr t\u00eb ardhurat p\u00ebr frym\u00eb","author":"Kurt Farka","date":"June 1, 2024","format":false,"excerpt":"1 Qershor 2024 Rritja ekonomike e nxitur kryesisht nga fluksi i lart\u00eb i nd\u00ebrtimeve dhe shitjeve t\u00eb pasurive t\u00eb paluajtshme, apo dhe numri i lart\u00eb i turist\u00ebve nuk duket q\u00eb t\u00eb jen\u00eb p\u00ebrmir\u00ebsuar mir\u00ebqenien e shqiptar\u00ebve. T\u00eb dh\u00ebnat e fundit t\u00eb Eurostat b\u00ebn\u00eb t\u00eb ditur se n\u00eb vitin 2022, Shqip\u00ebria\u2026","rel":"","context":"In &quot;Blogu i Udh\u00ebtarit&quot;","block_context":{"text":"Blogu i Udh\u00ebtarit","link":"https:\/\/www.shqiperia.com\/blog\/category\/blogu-i-udhetarit\/"},"img":{"alt_text":"","src":"https:\/\/i0.wp.com\/www.shqiperia.com\/blog\/wp-content\/uploads\/2024\/06\/800-0-9ad0579136e982deb731b434f3197c9a.jpg?fit=800%2C450&ssl=1&resize=350%2C200","width":350,"height":200,"srcset":"https:\/\/i0.wp.com\/www.shqiperia.com\/blog\/wp-content\/uploads\/2024\/06\/800-0-9ad0579136e982deb731b434f3197c9a.jpg?fit=800%2C450&ssl=1&resize=350%2C200 1x, https:\/\/i0.wp.com\/www.shqiperia.com\/blog\/wp-content\/uploads\/2024\/06\/800-0-9ad0579136e982deb731b434f3197c9a.jpg?fit=800%2C450&ssl=1&resize=525%2C300 1.5x, https:\/\/i0.wp.com\/www.shqiperia.com\/blog\/wp-content\/uploads\/2024\/06\/800-0-9ad0579136e982deb731b434f3197c9a.jpg?fit=800%2C450&ssl=1&resize=700%2C400 2x"},"classes":[]},{"id":81975,"url":"https:\/\/www.shqiperia.com\/blog\/rritja-pa-mireqenie-shqiperia-e-fundit-ne-europe-per-te-ardhurat-dhe-konsumin-per-fryme-edhe-per-2023\/","url_meta":{"origin":29862,"position":5},"title":"Rritja pa mir\u00ebqenie, Shqip\u00ebria e fundit n\u00eb Europ\u00eb p\u00ebr t\u00eb ardhurat dhe konsumin p\u00ebr frym\u00eb edhe p\u00ebr 2023","author":"Kurt Farka","date":"June 20, 2024","format":false,"excerpt":"20 Qershor 2024 Ndon\u00ebse ekonomia shqiptare ka pasur nj\u00eb ecuri t\u00eb mir\u00eb pas pandemis\u00eb dhe turizmi ka arritur rekorde, kjo nuk po p\u00ebrkthehet n\u00eb m\u00eb shum\u00eb mir\u00ebqenie p\u00ebr qytetaret e vendit. T\u00eb dh\u00ebnat e fundit t\u00eb Eurostat, t\u00eb p\u00ebrdit\u00ebsuara p\u00ebr vitin 2023 e vendosin s\u00ebrish Shqip\u00ebrin\u00eb n\u00eb fund t\u00eb Europ\u00ebs\u2026","rel":"","context":"In &quot;Blogu i Udh\u00ebtarit&quot;","block_context":{"text":"Blogu i Udh\u00ebtarit","link":"https:\/\/www.shqiperia.com\/blog\/category\/blogu-i-udhetarit\/"},"img":{"alt_text":"","src":"https:\/\/i0.wp.com\/www.shqiperia.com\/blog\/wp-content\/uploads\/2024\/06\/varferia_1511339087-8623050.jpg?fit=633%2C347&ssl=1&resize=350%2C200","width":350,"height":200,"srcset":"https:\/\/i0.wp.com\/www.shqiperia.com\/blog\/wp-content\/uploads\/2024\/06\/varferia_1511339087-8623050.jpg?fit=633%2C347&ssl=1&resize=350%2C200 1x, https:\/\/i0.wp.com\/www.shqiperia.com\/blog\/wp-content\/uploads\/2024\/06\/varferia_1511339087-8623050.jpg?fit=633%2C347&ssl=1&resize=525%2C300 1.5x"},"classes":[]}],"_links":{"self":[{"href":"https:\/\/www.shqiperia.com\/blog\/wp-json\/wp\/v2\/posts\/29862","targetHints":{"allow":["GET"]}}],"collection":[{"href":"https:\/\/www.shqiperia.com\/blog\/wp-json\/wp\/v2\/posts"}],"about":[{"href":"https:\/\/www.shqiperia.com\/blog\/wp-json\/wp\/v2\/types\/post"}],"author":[{"embeddable":true,"href":"https:\/\/www.shqiperia.com\/blog\/wp-json\/wp\/v2\/users\/9"}],"replies":[{"embeddable":true,"href":"https:\/\/www.shqiperia.com\/blog\/wp-json\/wp\/v2\/comments?post=29862"}],"version-history":[{"count":1,"href":"https:\/\/www.shqiperia.com\/blog\/wp-json\/wp\/v2\/posts\/29862\/revisions"}],"predecessor-version":[{"id":29864,"href":"https:\/\/www.shqiperia.com\/blog\/wp-json\/wp\/v2\/posts\/29862\/revisions\/29864"}],"wp:featuredmedia":[{"embeddable":true,"href":"https:\/\/www.shqiperia.com\/blog\/wp-json\/wp\/v2\/media\/29863"}],"wp:attachment":[{"href":"https:\/\/www.shqiperia.com\/blog\/wp-json\/wp\/v2\/media?parent=29862"}],"wp:term":[{"taxonomy":"category","embeddable":true,"href":"https:\/\/www.shqiperia.com\/blog\/wp-json\/wp\/v2\/categories?post=29862"},{"taxonomy":"post_tag","embeddable":true,"href":"https:\/\/www.shqiperia.com\/blog\/wp-json\/wp\/v2\/tags?post=29862"}],"curies":[{"name":"wp","href":"https:\/\/api.w.org\/{rel}","templated":true}]}}