{"id":29857,"date":"2019-12-30T09:51:16","date_gmt":"2019-12-30T09:51:16","guid":{"rendered":"https:\/\/www.shqiperia.com\/blog\/?p=29857"},"modified":"2019-12-30T09:51:16","modified_gmt":"2019-12-30T09:51:16","slug":"orteku-gjigand-vret-nenen-25-vjecare-dhe-dy-vajza-ne-alpet-e-italise","status":"publish","type":"post","link":"https:\/\/www.shqiperia.com\/blog\/orteku-gjigand-vret-nenen-25-vjecare-dhe-dy-vajza-ne-alpet-e-italise\/","title":{"rendered":"Orteku gjigand vret n\u00ebn\u00ebn 25-vje\u00e7are dhe dy vajza n\u00eb Alpet e Italis\u00eb"},"content":{"rendered":"<p><img data-recalc-dims=\"1\" loading=\"lazy\" decoding=\"async\" data-attachment-id=\"29858\" data-permalink=\"https:\/\/www.shqiperia.com\/blog\/orteku-gjigand-vret-nenen-25-vjecare-dhe-dy-vajza-ne-alpet-e-italise\/https___cdn-cnn_-com_cnnnext_dam_assets_191229080516-02-val-senales-avalanche-1228-780x439\/\" data-orig-file=\"https:\/\/i0.wp.com\/www.shqiperia.com\/blog\/wp-content\/uploads\/2019\/12\/https___cdn.cnn_.com_cnnnext_dam_assets_191229080516-02-val-senales-avalanche-1228-780x439-1.jpg?fit=780%2C439&amp;ssl=1\" data-orig-size=\"780,439\" data-comments-opened=\"1\" data-image-meta=\"{&quot;aperture&quot;:&quot;0&quot;,&quot;credit&quot;:&quot;&quot;,&quot;camera&quot;:&quot;&quot;,&quot;caption&quot;:&quot;&quot;,&quot;created_timestamp&quot;:&quot;0&quot;,&quot;copyright&quot;:&quot;&quot;,&quot;focal_length&quot;:&quot;0&quot;,&quot;iso&quot;:&quot;0&quot;,&quot;shutter_speed&quot;:&quot;0&quot;,&quot;title&quot;:&quot;&quot;,&quot;orientation&quot;:&quot;0&quot;}\" data-image-title=\"https___cdn.cnn_.com_cnnnext_dam_assets_191229080516-02-val-senales-avalanche-1228-780&#215;439\" data-image-description=\"\" data-image-caption=\"\" data-medium-file=\"https:\/\/i0.wp.com\/www.shqiperia.com\/blog\/wp-content\/uploads\/2019\/12\/https___cdn.cnn_.com_cnnnext_dam_assets_191229080516-02-val-senales-avalanche-1228-780x439-1.jpg?fit=300%2C169&amp;ssl=1\" data-large-file=\"https:\/\/i0.wp.com\/www.shqiperia.com\/blog\/wp-content\/uploads\/2019\/12\/https___cdn.cnn_.com_cnnnext_dam_assets_191229080516-02-val-senales-avalanche-1228-780x439-1.jpg?fit=780%2C439&amp;ssl=1\" class=\"alignnone  wp-image-29858\" alt=\"\" src=\"https:\/\/i0.wp.com\/www.shqiperia.com\/blog\/wp-content\/uploads\/2019\/12\/https___cdn.cnn_.com_cnnnext_dam_assets_191229080516-02-val-senales-avalanche-1228-780x439-1.jpg?resize=628%2C354&#038;ssl=1\" width=\"628\" height=\"354\" srcset=\"https:\/\/i0.wp.com\/www.shqiperia.com\/blog\/wp-content\/uploads\/2019\/12\/https___cdn.cnn_.com_cnnnext_dam_assets_191229080516-02-val-senales-avalanche-1228-780x439-1.jpg?resize=300%2C169&amp;ssl=1 300w, https:\/\/i0.wp.com\/www.shqiperia.com\/blog\/wp-content\/uploads\/2019\/12\/https___cdn.cnn_.com_cnnnext_dam_assets_191229080516-02-val-senales-avalanche-1228-780x439-1.jpg?resize=768%2C432&amp;ssl=1 768w, https:\/\/i0.wp.com\/www.shqiperia.com\/blog\/wp-content\/uploads\/2019\/12\/https___cdn.cnn_.com_cnnnext_dam_assets_191229080516-02-val-senales-avalanche-1228-780x439-1.jpg?resize=450%2C253&amp;ssl=1 450w, https:\/\/i0.wp.com\/www.shqiperia.com\/blog\/wp-content\/uploads\/2019\/12\/https___cdn.cnn_.com_cnnnext_dam_assets_191229080516-02-val-senales-avalanche-1228-780x439-1.jpg?resize=600%2C338&amp;ssl=1 600w, https:\/\/i0.wp.com\/www.shqiperia.com\/blog\/wp-content\/uploads\/2019\/12\/https___cdn.cnn_.com_cnnnext_dam_assets_191229080516-02-val-senales-avalanche-1228-780x439-1.jpg?resize=400%2C225&amp;ssl=1 400w, https:\/\/i0.wp.com\/www.shqiperia.com\/blog\/wp-content\/uploads\/2019\/12\/https___cdn.cnn_.com_cnnnext_dam_assets_191229080516-02-val-senales-avalanche-1228-780x439-1.jpg?w=780&amp;ssl=1 780w\" sizes=\"auto, (max-width: 628px) 100vw, 628px\" \/><\/p>\n<p><strong>Orteku gjigand vret n\u00ebn\u00ebn 25-vje\u00e7are dhe dy vajza n\u00eb Alpet e Italis\u00eb<\/strong><\/p>\n<p><strong>30 Dhjetor 2019 <\/strong><\/p>\n<p>Nj\u00eb ortek ju ka marr\u00eb jet\u00ebn tre personave n\u00eb Alpet e Italis\u00eb. Viktimat jan\u00eb nj\u00eb grua 35-vje\u00e7are dhe dy vajza, t\u00eb gjitha nga Gjermania.<\/p>\n<p>Aksidenti ka ndodhur n\u00eb Alpet italiane, pran\u00eb kufirit me Austrin\u00eb, thuhet n\u00eb raportet e policis\u00eb italiane.<\/p>\n<p><img data-recalc-dims=\"1\" loading=\"lazy\" decoding=\"async\" data-attachment-id=\"29859\" data-permalink=\"https:\/\/www.shqiperia.com\/blog\/orteku-gjigand-vret-nenen-25-vjecare-dhe-dy-vajza-ne-alpet-e-italise\/22746766-7833087-image-a-3_1577564017779\/\" data-orig-file=\"https:\/\/i0.wp.com\/www.shqiperia.com\/blog\/wp-content\/uploads\/2019\/12\/22746766-7833087-image-a-3_1577564017779.jpg?fit=634%2C476&amp;ssl=1\" data-orig-size=\"634,476\" data-comments-opened=\"1\" data-image-meta=\"{&quot;aperture&quot;:&quot;0&quot;,&quot;credit&quot;:&quot;&quot;,&quot;camera&quot;:&quot;&quot;,&quot;caption&quot;:&quot;&quot;,&quot;created_timestamp&quot;:&quot;0&quot;,&quot;copyright&quot;:&quot;&quot;,&quot;focal_length&quot;:&quot;0&quot;,&quot;iso&quot;:&quot;0&quot;,&quot;shutter_speed&quot;:&quot;0&quot;,&quot;title&quot;:&quot;&quot;,&quot;orientation&quot;:&quot;0&quot;}\" data-image-title=\"22746766-7833087-image-a-3_1577564017779\" data-image-description=\"\" data-image-caption=\"\" data-medium-file=\"https:\/\/i0.wp.com\/www.shqiperia.com\/blog\/wp-content\/uploads\/2019\/12\/22746766-7833087-image-a-3_1577564017779.jpg?fit=300%2C225&amp;ssl=1\" data-large-file=\"https:\/\/i0.wp.com\/www.shqiperia.com\/blog\/wp-content\/uploads\/2019\/12\/22746766-7833087-image-a-3_1577564017779.jpg?fit=634%2C476&amp;ssl=1\" class=\"alignnone  wp-image-29859\" alt=\"\" src=\"https:\/\/i0.wp.com\/www.shqiperia.com\/blog\/wp-content\/uploads\/2019\/12\/22746766-7833087-image-a-3_1577564017779.jpg?resize=887%2C665&#038;ssl=1\" width=\"887\" height=\"665\" srcset=\"https:\/\/i0.wp.com\/www.shqiperia.com\/blog\/wp-content\/uploads\/2019\/12\/22746766-7833087-image-a-3_1577564017779.jpg?resize=300%2C225&amp;ssl=1 300w, https:\/\/i0.wp.com\/www.shqiperia.com\/blog\/wp-content\/uploads\/2019\/12\/22746766-7833087-image-a-3_1577564017779.jpg?resize=450%2C338&amp;ssl=1 450w, https:\/\/i0.wp.com\/www.shqiperia.com\/blog\/wp-content\/uploads\/2019\/12\/22746766-7833087-image-a-3_1577564017779.jpg?resize=600%2C450&amp;ssl=1 600w, https:\/\/i0.wp.com\/www.shqiperia.com\/blog\/wp-content\/uploads\/2019\/12\/22746766-7833087-image-a-3_1577564017779.jpg?resize=400%2C300&amp;ssl=1 400w, https:\/\/i0.wp.com\/www.shqiperia.com\/blog\/wp-content\/uploads\/2019\/12\/22746766-7833087-image-a-3_1577564017779.jpg?w=634&amp;ssl=1 634w\" sizes=\"auto, (max-width: 887px) 100vw, 887px\" \/><\/p>\n<p>Nj\u00eb ekip prej 70 punonj\u00ebsve t\u00eb shp\u00ebtimit, t\u00eb mb\u00ebshtetur nga tre helikopter\u00eb gjet\u00ebn trupat e pajet\u00eb t\u00eb gruas 35-vje\u00e7are dhe dy vajzave t\u00eb tjera, nj\u00ebra rreth mosh\u00ebs 7-vje\u00e7are. Dy persona t\u00eb tjer\u00eb mbet\u00ebn t\u00eb plagosur, por fatmir\u00ebsisht jan\u00eb jasht\u00eb rrezikut p\u00ebr jet\u00ebn.<\/p>\n<p><img data-recalc-dims=\"1\" loading=\"lazy\" decoding=\"async\" data-attachment-id=\"29860\" data-permalink=\"https:\/\/www.shqiperia.com\/blog\/orteku-gjigand-vret-nenen-25-vjecare-dhe-dy-vajza-ne-alpet-e-italise\/22769642-7834761-image-a-1_1577635250675\/\" data-orig-file=\"https:\/\/i0.wp.com\/www.shqiperia.com\/blog\/wp-content\/uploads\/2019\/12\/22769642-7834761-image-a-1_1577635250675.jpg?fit=634%2C423&amp;ssl=1\" data-orig-size=\"634,423\" data-comments-opened=\"1\" data-image-meta=\"{&quot;aperture&quot;:&quot;0&quot;,&quot;credit&quot;:&quot;&quot;,&quot;camera&quot;:&quot;&quot;,&quot;caption&quot;:&quot;&quot;,&quot;created_timestamp&quot;:&quot;0&quot;,&quot;copyright&quot;:&quot;&quot;,&quot;focal_length&quot;:&quot;0&quot;,&quot;iso&quot;:&quot;0&quot;,&quot;shutter_speed&quot;:&quot;0&quot;,&quot;title&quot;:&quot;&quot;,&quot;orientation&quot;:&quot;0&quot;}\" data-image-title=\"22769642-7834761-image-a-1_1577635250675\" data-image-description=\"\" data-image-caption=\"\" data-medium-file=\"https:\/\/i0.wp.com\/www.shqiperia.com\/blog\/wp-content\/uploads\/2019\/12\/22769642-7834761-image-a-1_1577635250675.jpg?fit=300%2C200&amp;ssl=1\" data-large-file=\"https:\/\/i0.wp.com\/www.shqiperia.com\/blog\/wp-content\/uploads\/2019\/12\/22769642-7834761-image-a-1_1577635250675.jpg?fit=634%2C423&amp;ssl=1\" class=\"alignnone  wp-image-29860\" alt=\"\" src=\"https:\/\/i0.wp.com\/www.shqiperia.com\/blog\/wp-content\/uploads\/2019\/12\/22769642-7834761-image-a-1_1577635250675.jpg?resize=791%2C527&#038;ssl=1\" width=\"791\" height=\"527\" srcset=\"https:\/\/i0.wp.com\/www.shqiperia.com\/blog\/wp-content\/uploads\/2019\/12\/22769642-7834761-image-a-1_1577635250675.jpg?resize=300%2C200&amp;ssl=1 300w, https:\/\/i0.wp.com\/www.shqiperia.com\/blog\/wp-content\/uploads\/2019\/12\/22769642-7834761-image-a-1_1577635250675.jpg?resize=600%2C400&amp;ssl=1 600w, https:\/\/i0.wp.com\/www.shqiperia.com\/blog\/wp-content\/uploads\/2019\/12\/22769642-7834761-image-a-1_1577635250675.jpg?resize=450%2C300&amp;ssl=1 450w, https:\/\/i0.wp.com\/www.shqiperia.com\/blog\/wp-content\/uploads\/2019\/12\/22769642-7834761-image-a-1_1577635250675.jpg?resize=400%2C267&amp;ssl=1 400w, https:\/\/i0.wp.com\/www.shqiperia.com\/blog\/wp-content\/uploads\/2019\/12\/22769642-7834761-image-a-1_1577635250675.jpg?w=634&amp;ssl=1 634w\" sizes=\"auto, (max-width: 791px) 100vw, 791px\" \/><\/p>\n<p><strong>\u00a9Copyright Gazeta SHQIP<\/strong><\/p>\n","protected":false},"excerpt":{"rendered":"<p>Orteku gjigand vret n\u00ebn\u00ebn 25-vje\u00e7are dhe dy vajza n\u00eb Alpet e Italis\u00eb 30 Dhjetor 2019 Nj\u00eb ortek ju ka marr\u00eb jet\u00ebn tre personave n\u00eb Alpet e Italis\u00eb. Viktimat jan\u00eb nj\u00eb grua 35-vje\u00e7are dhe dy vajza, t\u00eb gjitha nga Gjermania. Aksidenti ka ndodhur n\u00eb Alpet italiane, pran\u00eb kufirit me Austrin\u00eb, thuhet n\u00eb raportet e policis\u00eb italiane. [&hellip;]<\/p>\n","protected":false},"author":9,"featured_media":29858,"comment_status":"open","ping_status":"open","sticky":false,"template":"","format":"standard","meta":{"jetpack_post_was_ever_published":false,"_jetpack_newsletter_access":"","_jetpack_dont_email_post_to_subs":false,"_jetpack_newsletter_tier_id":0,"_jetpack_memberships_contains_paywalled_content":false,"_jetpack_memberships_contains_paid_content":false,"footnotes":"","jetpack_publicize_message":"","jetpack_publicize_feature_enabled":true,"jetpack_social_post_already_shared":true,"jetpack_social_options":{"image_generator_settings":{"template":"highway","default_image_id":0,"font":"","enabled":false},"version":2}},"categories":[27,35],"tags":[],"class_list":["post-29857","post","type-post","status-publish","format-standard","has-post-thumbnail","hentry","category-blogu-i-udhetarit","category-shoqerore"],"jetpack_publicize_connections":[],"jetpack_featured_media_url":"https:\/\/i0.wp.com\/www.shqiperia.com\/blog\/wp-content\/uploads\/2019\/12\/https___cdn.cnn_.com_cnnnext_dam_assets_191229080516-02-val-senales-avalanche-1228-780x439-1.jpg?fit=780%2C439&ssl=1","jetpack_sharing_enabled":true,"jetpack_shortlink":"https:\/\/wp.me\/p5Z6wp-7Lz","jetpack-related-posts":[{"id":28726,"url":"https:\/\/www.shqiperia.com\/blog\/e-hapa-vete-vrimen-dola-qytetari-tregon-si-i-spostoi-nje-per-nje-rrenojat-dhe-shpetoi-edhe-gruan-kam-brenda-ende-vajzen-21-vjecare\/","url_meta":{"origin":29857,"position":0},"title":"\u201cE hapa vet\u00eb vrim\u00ebn, dola\u201d, qytetari tregon si i spostoi nj\u00eb p\u00ebr nj\u00eb rr\u00ebnojat dhe shp\u00ebtoi edhe gruan: Kam brenda ende vajz\u00ebn 21-vje\u00e7are!","author":"Kurt Farka","date":"November 27, 2019","format":false,"excerpt":"\u201cE hapa vet\u00eb vrim\u00ebn, dola\u201d, qytetari tregon si i spostoi nj\u00eb p\u00ebr nj\u00eb rr\u00ebnojat dhe shp\u00ebtoi edhe gruan: Kam brenda ende vajz\u00ebn 21-vje\u00e7are! 27\/11\/2019 Haxhi Kabili, \u00ebsht\u00eb nj\u00eb nga t\u00eb mbijetuarit e t\u00ebrmetit q\u00eb ra m\u00ebngjesin e djesh\u00ebm n\u00eb Shqip\u00ebri, ku zonat m\u00eb t\u00eb prekura ishin Thumana dhe Durr\u00ebsi. Por\u2026","rel":"","context":"In &quot;Blogu i Udh\u00ebtarit&quot;","block_context":{"text":"Blogu i Udh\u00ebtarit","link":"https:\/\/www.shqiperia.com\/blog\/category\/blogu-i-udhetarit\/"},"img":{"alt_text":"","src":"https:\/\/i0.wp.com\/www.shqiperia.com\/blog\/wp-content\/uploads\/2019\/11\/1574840250_fc5d187f60f44b8382b40e6e5e784dd5_0-300x171.jpg?resize=350%2C200&ssl=1","width":350,"height":200,"srcset":"https:\/\/i0.wp.com\/www.shqiperia.com\/blog\/wp-content\/uploads\/2019\/11\/1574840250_fc5d187f60f44b8382b40e6e5e784dd5_0-300x171.jpg?resize=350%2C200&ssl=1 1x, https:\/\/i0.wp.com\/www.shqiperia.com\/blog\/wp-content\/uploads\/2019\/11\/1574840250_fc5d187f60f44b8382b40e6e5e784dd5_0-300x171.jpg?resize=525%2C300&ssl=1 1.5x"},"classes":[]},{"id":68947,"url":"https:\/\/www.shqiperia.com\/blog\/pas-grabitjes-gjenden-vizatimet-100-vjecare-te-piktorit-surrealist-salvador-dali\/","url_meta":{"origin":29857,"position":1},"title":"Pas grabitjes gjenden vizatimet 100-vje\u00e7are t\u00eb piktorit surrealist Salvador Dali","author":"Kurt Farka","date":"March 3, 2023","format":false,"excerpt":"3 Mars 2023 Ilustrime origjinale 100-vje\u00e7are t\u00eb piktorit surrealist Salvador Dali jan\u00eb gjetur nga policia spanjolle, nj\u00eb vit pas grabitjes. Tre v\u00ebllez\u00ebr hajdut\u00eb jan\u00eb v\u00ebn\u00eb n\u00eb pranga nd\u00ebrsa jan\u00eb sekuestruar edhe dhjet\u00ebra vepra t\u00eb tjera arti, bizhuteri e kart\u00ebmonedha. Gjenden dy vizatime 100-vje\u00e7are t\u00eb piktorit surrealist Salvador Dali q\u00eb u\u2026","rel":"","context":"In &quot;Arte&quot;","block_context":{"text":"Arte","link":"https:\/\/www.shqiperia.com\/blog\/category\/arte\/"},"img":{"alt_text":"","src":"https:\/\/i0.wp.com\/www.shqiperia.com\/blog\/wp-content\/uploads\/2023\/03\/640-0-6c4f7843fcaaf01e8cc5314b6b38c5ba.jpg?fit=640%2C310&ssl=1&resize=350%2C200","width":350,"height":200,"srcset":"https:\/\/i0.wp.com\/www.shqiperia.com\/blog\/wp-content\/uploads\/2023\/03\/640-0-6c4f7843fcaaf01e8cc5314b6b38c5ba.jpg?fit=640%2C310&ssl=1&resize=350%2C200 1x, https:\/\/i0.wp.com\/www.shqiperia.com\/blog\/wp-content\/uploads\/2023\/03\/640-0-6c4f7843fcaaf01e8cc5314b6b38c5ba.jpg?fit=640%2C310&ssl=1&resize=525%2C300 1.5x"},"classes":[]},{"id":9027,"url":"https:\/\/www.shqiperia.com\/blog\/nga-bregdeti-i-jugut-tek-alpet-ne-veri-media-suedeze-i-ben-jehone-shqiperise\/","url_meta":{"origin":29857,"position":2},"title":"Nga bregdeti i jugut tek alpet n\u00eb veri, media suedeze i b\u00ebn jehon\u00eb Shqip\u00ebris\u00eb. &#8211;","author":"Kurt Farka","date":"June 23, 2018","format":false,"excerpt":"Nga bregdeti i jugut tek alpet n\u00eb veri, media suedeze i b\u00ebn jehon\u00eb Shqip\u00ebris\u00eb Kreu i qeveris\u00eb e ka nisur m\u00ebngjesin e sot\u00ebm duke ndar\u00eb me ndjek\u00ebsit e tij n\u00eb Facebook nj\u00eb shkrim q\u00eb media suedeze i dedikon vendit ton\u00eb. \u201cMIR\u00cbM\u00cbNGJES dhe me k\u00ebt\u00eb tjet\u00ebr vler\u00ebsim t\u00eb Shqip\u00ebris\u00eb si nj\u00eb\u2026","rel":"","context":"In &quot;Blogu i Udh\u00ebtarit&quot;","block_context":{"text":"Blogu i Udh\u00ebtarit","link":"https:\/\/www.shqiperia.com\/blog\/category\/blogu-i-udhetarit\/"},"img":{"alt_text":"","src":"https:\/\/i0.wp.com\/www.shqiperia.com\/blog\/wp-content\/uploads\/2018\/06\/image-e1498680397772.jpeg?fit=800%2C600&ssl=1&resize=350%2C200","width":350,"height":200,"srcset":"https:\/\/i0.wp.com\/www.shqiperia.com\/blog\/wp-content\/uploads\/2018\/06\/image-e1498680397772.jpeg?fit=800%2C600&ssl=1&resize=350%2C200 1x, https:\/\/i0.wp.com\/www.shqiperia.com\/blog\/wp-content\/uploads\/2018\/06\/image-e1498680397772.jpeg?fit=800%2C600&ssl=1&resize=525%2C300 1.5x, https:\/\/i0.wp.com\/www.shqiperia.com\/blog\/wp-content\/uploads\/2018\/06\/image-e1498680397772.jpeg?fit=800%2C600&ssl=1&resize=700%2C400 2x"},"classes":[]},{"id":97507,"url":"https:\/\/www.shqiperia.com\/blog\/lojerat-olimpike-dimerore-italia-ne-panik-se-u-prene-disa-peme-demtohen-linjat-hekurudhore-qeveria-incidentet-akt-sabotimi-serioz\/","url_meta":{"origin":29857,"position":3},"title":"Loj\u00ebrat Olimpike Dim\u00ebrore\/ Italia n\u00eb panik se u prene disa peme. D\u00ebmtohen linjat hekurudhore, qeveria: Incidentet, akt sabotimi serioz","author":"Kurt Farka","date":"February 8, 2026","format":false,"excerpt":"8 Shkurt 2026 Sulmet e dyshuara n\u00eb rrjetin hekurudhor t\u00eb Italis\u00eb veriore kan\u00eb \u00e7uar n\u00eb nd\u00ebrprerje t\u00eb r\u00ebnda t\u00eb udh\u00ebtimit n\u00eb rajon, thon\u00eb autoritetet, nd\u00ebrsa mij\u00ebra njer\u00ebz u mblodh\u00ebn p\u00ebr fillimin e Loj\u00ebrave Olimpike Dim\u00ebrore. Sic shkruan BBC, policia raportoi tre incidente t\u00eb ndara q\u00eb p\u00ebrfshinin d\u00ebmtime n\u00eb linjat hekurudhore,\u2026","rel":"","context":"In &quot;Kultura&quot;","block_context":{"text":"Kultura","link":"https:\/\/www.shqiperia.com\/blog\/category\/kultura\/"},"img":{"alt_text":"","src":"https:\/\/i0.wp.com\/www.shqiperia.com\/blog\/wp-content\/uploads\/2026\/02\/itali-1.jpg?fit=887%2C574&ssl=1&resize=350%2C200","width":350,"height":200,"srcset":"https:\/\/i0.wp.com\/www.shqiperia.com\/blog\/wp-content\/uploads\/2026\/02\/itali-1.jpg?fit=887%2C574&ssl=1&resize=350%2C200 1x, https:\/\/i0.wp.com\/www.shqiperia.com\/blog\/wp-content\/uploads\/2026\/02\/itali-1.jpg?fit=887%2C574&ssl=1&resize=525%2C300 1.5x, https:\/\/i0.wp.com\/www.shqiperia.com\/blog\/wp-content\/uploads\/2026\/02\/itali-1.jpg?fit=887%2C574&ssl=1&resize=700%2C400 2x"},"classes":[]},{"id":34400,"url":"https:\/\/www.shqiperia.com\/blog\/foto-puthja-2800-vjecare-historia-e-dashurise-qe-sfidoi-vdekjen\/","url_meta":{"origin":29857,"position":4},"title":"FOTO: &#8211; Puthja 2800 vje\u00e7are, historia e dashuris\u00eb q\u00eb sfidoi vdekjen","author":"Kurt Farka","date":"May 8, 2020","format":false,"excerpt":"FOTO: - Puthja 2800 vje\u00e7are, historia e dashuris\u00eb q\u00eb sfidoi vdekjen Kjo foto \u00ebsht\u00eb shkrepur n\u00eb 1972 dhe do mbetet n\u00eb histori si simboli i dashuris\u00eb q\u00eb triumfon mbi jet\u00ebn dhe vdekjen. Njihet me emrin \u201cskeletet e Hasanlu\u201d \u2013 raporton DITA. B\u00ebhet fjal\u00eb p\u00ebr dy skelete t\u00eb zbuluar gjat\u00eb g\u00ebrmimeve\u2026","rel":"","context":"In &quot;Histori&quot;","block_context":{"text":"Histori","link":"https:\/\/www.shqiperia.com\/blog\/category\/histori\/"},"img":{"alt_text":"","src":"https:\/\/i0.wp.com\/www.shqiperia.com\/blog\/wp-content\/uploads\/2020\/05\/Amanti-Hasanlu-2.jpg?fit=737%2C428&ssl=1&resize=350%2C200","width":350,"height":200,"srcset":"https:\/\/i0.wp.com\/www.shqiperia.com\/blog\/wp-content\/uploads\/2020\/05\/Amanti-Hasanlu-2.jpg?fit=737%2C428&ssl=1&resize=350%2C200 1x, https:\/\/i0.wp.com\/www.shqiperia.com\/blog\/wp-content\/uploads\/2020\/05\/Amanti-Hasanlu-2.jpg?fit=737%2C428&ssl=1&resize=525%2C300 1.5x, https:\/\/i0.wp.com\/www.shqiperia.com\/blog\/wp-content\/uploads\/2020\/05\/Amanti-Hasanlu-2.jpg?fit=737%2C428&ssl=1&resize=700%2C400 2x"},"classes":[]},{"id":19322,"url":"https:\/\/www.shqiperia.com\/blog\/sqarohet-origjina-e-gjon-buzukut-ishte-nga-mjeda-fragment-nga-libri-i-jaho-brahajt-2005\/","url_meta":{"origin":29857,"position":5},"title":"Sqarohet Origjina e GJON BUZUKUT, Ishte nga Mjeda \u2013 Fragment nga Libri studimor: &#8220;Kronike e Deres se Gjon Buzukut&#8221; e autorit Jaho BRAHAJ (2005), f. 96-99. &#8211;","author":"Kurt Farka","date":"April 7, 2019","format":false,"excerpt":"N\u00eb kapitullin \u201cKronike gjenealogjike e der\u00ebs s\u00eb Gjon Buzukut\u201d, Tirane 2005, Jaho Brahaj shkruan se \u201cGjon Ded\u00eb (Bdek) Buzuku \u00ebsht\u00eb pasardh\u00ebs i familjes s\u00eb njohur Ren\u00ebsi-Buzuku, der\u00eb e njohur n\u00eb mesjet\u00ebn shqiptare. Selin\u00eb kjo der\u00eb e lasht\u00eb e kishte n\u00eb fshatin Ren\u00ebsi (Ranasi) t\u00eb Mjed\u00ebs, sot i zhdukur nga p\u00ebrmbytjet\u2026","rel":"","context":"In &quot;Blogu i Udh\u00ebtarit&quot;","block_context":{"text":"Blogu i Udh\u00ebtarit","link":"https:\/\/www.shqiperia.com\/blog\/category\/blogu-i-udhetarit\/"},"img":{"alt_text":"","src":"https:\/\/i0.wp.com\/www.shqiperia.com\/blog\/wp-content\/uploads\/2019\/04\/meshari-gjon-buzuku.jpg?fit=800%2C429&ssl=1&resize=350%2C200","width":350,"height":200,"srcset":"https:\/\/i0.wp.com\/www.shqiperia.com\/blog\/wp-content\/uploads\/2019\/04\/meshari-gjon-buzuku.jpg?fit=800%2C429&ssl=1&resize=350%2C200 1x, https:\/\/i0.wp.com\/www.shqiperia.com\/blog\/wp-content\/uploads\/2019\/04\/meshari-gjon-buzuku.jpg?fit=800%2C429&ssl=1&resize=525%2C300 1.5x, https:\/\/i0.wp.com\/www.shqiperia.com\/blog\/wp-content\/uploads\/2019\/04\/meshari-gjon-buzuku.jpg?fit=800%2C429&ssl=1&resize=700%2C400 2x"},"classes":[]}],"_links":{"self":[{"href":"https:\/\/www.shqiperia.com\/blog\/wp-json\/wp\/v2\/posts\/29857","targetHints":{"allow":["GET"]}}],"collection":[{"href":"https:\/\/www.shqiperia.com\/blog\/wp-json\/wp\/v2\/posts"}],"about":[{"href":"https:\/\/www.shqiperia.com\/blog\/wp-json\/wp\/v2\/types\/post"}],"author":[{"embeddable":true,"href":"https:\/\/www.shqiperia.com\/blog\/wp-json\/wp\/v2\/users\/9"}],"replies":[{"embeddable":true,"href":"https:\/\/www.shqiperia.com\/blog\/wp-json\/wp\/v2\/comments?post=29857"}],"version-history":[{"count":1,"href":"https:\/\/www.shqiperia.com\/blog\/wp-json\/wp\/v2\/posts\/29857\/revisions"}],"predecessor-version":[{"id":29861,"href":"https:\/\/www.shqiperia.com\/blog\/wp-json\/wp\/v2\/posts\/29857\/revisions\/29861"}],"wp:featuredmedia":[{"embeddable":true,"href":"https:\/\/www.shqiperia.com\/blog\/wp-json\/wp\/v2\/media\/29858"}],"wp:attachment":[{"href":"https:\/\/www.shqiperia.com\/blog\/wp-json\/wp\/v2\/media?parent=29857"}],"wp:term":[{"taxonomy":"category","embeddable":true,"href":"https:\/\/www.shqiperia.com\/blog\/wp-json\/wp\/v2\/categories?post=29857"},{"taxonomy":"post_tag","embeddable":true,"href":"https:\/\/www.shqiperia.com\/blog\/wp-json\/wp\/v2\/tags?post=29857"}],"curies":[{"name":"wp","href":"https:\/\/api.w.org\/{rel}","templated":true}]}}