{"id":29851,"date":"2019-12-30T09:15:28","date_gmt":"2019-12-30T09:15:28","guid":{"rendered":"https:\/\/www.shqiperia.com\/blog\/?p=29851"},"modified":"2019-12-30T09:15:28","modified_gmt":"2019-12-30T09:15:28","slug":"kalaja-e-krujes-specialistet-inspektim-per-perforcimin-e-struktures","status":"publish","type":"post","link":"https:\/\/www.shqiperia.com\/blog\/kalaja-e-krujes-specialistet-inspektim-per-perforcimin-e-struktures\/","title":{"rendered":"Kalaja e Kruj\u00ebs, specialist\u00ebt inspektim p\u00ebr p\u00ebrforcimin e struktur\u00ebs. &#8211;"},"content":{"rendered":"<p><img data-recalc-dims=\"1\" loading=\"lazy\" decoding=\"async\" data-attachment-id=\"29852\" data-permalink=\"https:\/\/www.shqiperia.com\/blog\/kalaja-e-krujes-specialistet-inspektim-per-perforcimin-e-struktures\/1574861051_kulla\/\" data-orig-file=\"https:\/\/i0.wp.com\/www.shqiperia.com\/blog\/wp-content\/uploads\/2019\/12\/1574861051_kulla.jpg?fit=780%2C440&amp;ssl=1\" data-orig-size=\"780,440\" data-comments-opened=\"1\" data-image-meta=\"{&quot;aperture&quot;:&quot;0&quot;,&quot;credit&quot;:&quot;&quot;,&quot;camera&quot;:&quot;&quot;,&quot;caption&quot;:&quot;&quot;,&quot;created_timestamp&quot;:&quot;0&quot;,&quot;copyright&quot;:&quot;&quot;,&quot;focal_length&quot;:&quot;0&quot;,&quot;iso&quot;:&quot;0&quot;,&quot;shutter_speed&quot;:&quot;0&quot;,&quot;title&quot;:&quot;&quot;,&quot;orientation&quot;:&quot;0&quot;}\" data-image-title=\"Kalaja e Kruj\u00ebs, specialist\u00ebt inspektim p\u00ebr p\u00ebrforcimin e struktur\u00ebs\" data-image-description=\"\" data-image-caption=\"\" data-medium-file=\"https:\/\/i0.wp.com\/www.shqiperia.com\/blog\/wp-content\/uploads\/2019\/12\/1574861051_kulla.jpg?fit=300%2C169&amp;ssl=1\" data-large-file=\"https:\/\/i0.wp.com\/www.shqiperia.com\/blog\/wp-content\/uploads\/2019\/12\/1574861051_kulla.jpg?fit=780%2C440&amp;ssl=1\" class=\"alignnone  wp-image-29852\" alt=\"\" src=\"https:\/\/i0.wp.com\/www.shqiperia.com\/blog\/wp-content\/uploads\/2019\/12\/1574861051_kulla.jpg?resize=536%2C302&#038;ssl=1\" width=\"536\" height=\"302\" srcset=\"https:\/\/i0.wp.com\/www.shqiperia.com\/blog\/wp-content\/uploads\/2019\/12\/1574861051_kulla.jpg?resize=300%2C169&amp;ssl=1 300w, https:\/\/i0.wp.com\/www.shqiperia.com\/blog\/wp-content\/uploads\/2019\/12\/1574861051_kulla.jpg?resize=768%2C433&amp;ssl=1 768w, https:\/\/i0.wp.com\/www.shqiperia.com\/blog\/wp-content\/uploads\/2019\/12\/1574861051_kulla.jpg?resize=450%2C254&amp;ssl=1 450w, https:\/\/i0.wp.com\/www.shqiperia.com\/blog\/wp-content\/uploads\/2019\/12\/1574861051_kulla.jpg?resize=600%2C338&amp;ssl=1 600w, https:\/\/i0.wp.com\/www.shqiperia.com\/blog\/wp-content\/uploads\/2019\/12\/1574861051_kulla.jpg?resize=400%2C226&amp;ssl=1 400w, https:\/\/i0.wp.com\/www.shqiperia.com\/blog\/wp-content\/uploads\/2019\/12\/1574861051_kulla.jpg?w=780&amp;ssl=1 780w\" sizes=\"auto, (max-width: 536px) 100vw, 536px\" \/><\/p>\n<p><strong>Kalaja e Kruj\u00ebs, specialist\u00ebt inspektim p\u00ebr p\u00ebrforcimin e struktur\u00ebs<\/strong><\/p>\n<p><strong>29\/12\/2019 <\/strong><\/p>\n<p>Specialist\u00ebt e Institutit Komb\u00ebtar t\u00eb Trash\u00ebgimis\u00eb Kulturore, s\u00eb bashku me specialist\u00ebt e Drejtoris\u00eb Rajonale t\u00eb Trash\u00ebgimis\u00eb Kulturore t\u00eb Tiran\u00ebs dhe me gjeolog\u00eb e konstruktor\u00eb kryen nj\u00eb inspektim n\u00eb kalan\u00eb e Kruj\u00ebs. IKTK shprehet se kjo u b\u00eb p\u00ebr studimin e zon\u00ebs s\u00eb kalas\u00eb dhe p\u00ebr t\u00eb gjetur m\u00ebnyr\u00ebn p\u00ebr t\u00eb p\u00ebrforcuar struktur\u00ebn. \u201cInspektimi pati si q\u00ebllim studimin gjeologjik t\u00eb zon\u00ebs s\u00eb kalas\u00eb p\u00ebr t\u00eb gjetur m\u00ebnyr\u00ebn e duhur p\u00ebr p\u00ebrforcimin e struktur\u00ebs shk\u00ebmbore mbi t\u00eb cil\u00ebn \u00ebsht\u00eb ngritur kalaja\u201d, shprehet Instituti Komb\u00ebtar i Trash\u00ebgimis\u00eb Kulturore, nd\u00ebrsa ka publikuar dhe foto gjat\u00eb k\u00ebtij inspektimi me specialist\u00ebt n\u00eb Kruj\u00eb. Kjo kala me trajt\u00eb eliptike dhe me perimet\u00ebr 804 m, z\u00eb nj\u00eb sip\u00ebrfaqe prej 2.5 ha tok\u00eb dhe \u00ebsht\u00eb ngritur n\u00eb nj\u00eb kod\u00ebr shk\u00ebmbore. G\u00ebrmimet arkeologjike t\u00eb vitit 1978 d\u00ebshmojn\u00eb se kodra ka qen\u00eb e banuar, q\u00eb n\u00eb shekullin e III p.e.r, nd\u00ebrsa kalaja \u00ebsht\u00eb ngritur n\u00eb shekullin e V-VI e.r. Pran\u00eb saj \u00ebsht\u00eb zbuluar nj\u00eb varrez\u00eb e madhe e kultur\u00ebs arb\u00ebrore.<\/p>\n<p><img data-recalc-dims=\"1\" loading=\"lazy\" decoding=\"async\" data-attachment-id=\"29854\" data-permalink=\"https:\/\/www.shqiperia.com\/blog\/kalaja-e-krujes-specialistet-inspektim-per-perforcimin-e-struktures\/demtohet-nga-termeti-kalaa-e-krujes\/\" data-orig-file=\"https:\/\/i0.wp.com\/www.shqiperia.com\/blog\/wp-content\/uploads\/2019\/12\/Demtohet-nga-Termeti-Kalaa-e-Krujes.jpg?fit=720%2C704&amp;ssl=1\" data-orig-size=\"720,704\" data-comments-opened=\"1\" data-image-meta=\"{&quot;aperture&quot;:&quot;0&quot;,&quot;credit&quot;:&quot;&quot;,&quot;camera&quot;:&quot;&quot;,&quot;caption&quot;:&quot;&quot;,&quot;created_timestamp&quot;:&quot;0&quot;,&quot;copyright&quot;:&quot;&quot;,&quot;focal_length&quot;:&quot;0&quot;,&quot;iso&quot;:&quot;0&quot;,&quot;shutter_speed&quot;:&quot;0&quot;,&quot;title&quot;:&quot;&quot;,&quot;orientation&quot;:&quot;0&quot;}\" data-image-title=\"Demtohet nga Termeti Kalaa e Krujes\" data-image-description=\"\" data-image-caption=\"\" data-medium-file=\"https:\/\/i0.wp.com\/www.shqiperia.com\/blog\/wp-content\/uploads\/2019\/12\/Demtohet-nga-Termeti-Kalaa-e-Krujes.jpg?fit=300%2C293&amp;ssl=1\" data-large-file=\"https:\/\/i0.wp.com\/www.shqiperia.com\/blog\/wp-content\/uploads\/2019\/12\/Demtohet-nga-Termeti-Kalaa-e-Krujes.jpg?fit=720%2C704&amp;ssl=1\" class=\"alignnone  wp-image-29854\" alt=\"\" src=\"https:\/\/i0.wp.com\/www.shqiperia.com\/blog\/wp-content\/uploads\/2019\/12\/Demtohet-nga-Termeti-Kalaa-e-Krujes.jpg?resize=751%2C733&#038;ssl=1\" width=\"751\" height=\"733\" srcset=\"https:\/\/i0.wp.com\/www.shqiperia.com\/blog\/wp-content\/uploads\/2019\/12\/Demtohet-nga-Termeti-Kalaa-e-Krujes.jpg?resize=300%2C293&amp;ssl=1 300w, https:\/\/i0.wp.com\/www.shqiperia.com\/blog\/wp-content\/uploads\/2019\/12\/Demtohet-nga-Termeti-Kalaa-e-Krujes.jpg?resize=450%2C440&amp;ssl=1 450w, https:\/\/i0.wp.com\/www.shqiperia.com\/blog\/wp-content\/uploads\/2019\/12\/Demtohet-nga-Termeti-Kalaa-e-Krujes.jpg?resize=600%2C587&amp;ssl=1 600w, https:\/\/i0.wp.com\/www.shqiperia.com\/blog\/wp-content\/uploads\/2019\/12\/Demtohet-nga-Termeti-Kalaa-e-Krujes.jpg?resize=50%2C50&amp;ssl=1 50w, https:\/\/i0.wp.com\/www.shqiperia.com\/blog\/wp-content\/uploads\/2019\/12\/Demtohet-nga-Termeti-Kalaa-e-Krujes.jpg?resize=400%2C391&amp;ssl=1 400w, https:\/\/i0.wp.com\/www.shqiperia.com\/blog\/wp-content\/uploads\/2019\/12\/Demtohet-nga-Termeti-Kalaa-e-Krujes.jpg?w=720&amp;ssl=1 720w\" sizes=\"auto, (max-width: 751px) 100vw, 751px\" \/><\/p>\n<p>P\u00ebrmendet me emrin e sot\u00ebm n\u00eb shekullin e IX bashk\u00eb me qytetin e Kruj\u00ebs si qend\u00ebr peshkopale. N\u00eb shekullin e XIII-XIV ishte qendra e shtetit t\u00eb Arbrit. Gjat\u00eb periudh\u00ebs s\u00eb Sk\u00ebnderbeut u b\u00eb kryefortesa e q\u00ebndres\u00ebs s\u00eb shqiptar\u00ebve kund\u00ebr pushtimit osman. Edhe n\u00eb dit\u00ebt e sotme \u00ebsht\u00eb nj\u00eb nd\u00ebr vendet m\u00eb t\u00eb njohura dhe m\u00eb t\u00eb vizituar nga turist\u00ebt. Hamami i kalas\u00eb ndodhet n\u00eb skajin jugper\u00ebndimor t\u00eb kalas\u00eb, af\u00ebr teqes\u00eb s\u00eb Dollm\u00ebs. Ky objekt p\u00ebrb\u00ebhet nga kat\u00ebr ambiente. Ambienti i zhveshjes sot ruhet i zbuluar pa \u00e7ati. Me shkall\u00eb prej k\u00ebndej zbritet n\u00eb ambientin nd\u00ebrmjet\u00ebs i cili djathtas ka gjurm\u00eb t\u00eb nj\u00eb vaske. M\u00eb n\u00eb thell\u00ebsi jan\u00eb dy ambientet e ve\u00e7ant\u00eb t\u00eb larjes, t\u00eb cil\u00ebt kan\u00eb pasur nga nj\u00eb vask\u00eb. Ambienti i djatht\u00eb komunikon me dritare me ster\u00ebn e ujit. Stera furnizohet me uj\u00eb me an\u00ebn e nj\u00eb dritareje t\u00eb vog\u00ebl n\u00eb qoshen pran\u00eb pusit t\u00eb sheshit. N\u00eb mes t\u00eb ster\u00ebs \u00ebsht\u00eb vendi i kazanit t\u00eb ujit, nd\u00ebrsa n\u00eb nj\u00ebrin skaj nj\u00eb kap\u00ebrderdh\u00ebs ve\u00e7on ujin e ftoht\u00eb. P\u00ebrball\u00eb muzeut \u201cGjergj Kastrioti Sk\u00ebnderbeu\u201d ndodhen rr\u00ebnojat e nj\u00eb ish-kishe, q\u00eb gjat\u00eb pushtimit osman u kthye n\u00eb xhami. N\u00eb cepin m\u00eb lindor t\u00eb k\u00ebshtjell\u00ebs ekziston ende nj\u00eb kull\u00eb kambanore e saj. Kjo kull\u00eb \u00ebsht\u00eb gjetur n\u00eb vitin 1988.<\/p>\n<div id=\"attachment_29855\" style=\"width: 692px\" class=\"wp-caption alignnone\"><img data-recalc-dims=\"1\" loading=\"lazy\" decoding=\"async\" aria-describedby=\"caption-attachment-29855\" data-attachment-id=\"29855\" data-permalink=\"https:\/\/www.shqiperia.com\/blog\/kalaja-e-krujes-specialistet-inspektim-per-perforcimin-e-struktures\/demtohet-nga-termeti-kalaa-e-krujes-2\/\" data-orig-file=\"https:\/\/i0.wp.com\/www.shqiperia.com\/blog\/wp-content\/uploads\/2019\/12\/Demtohet-nga-Termeti-Kalaa-e-Krujes-2.jpg?fit=300%2C250&amp;ssl=1\" data-orig-size=\"300,250\" data-comments-opened=\"1\" data-image-meta=\"{&quot;aperture&quot;:&quot;0&quot;,&quot;credit&quot;:&quot;&quot;,&quot;camera&quot;:&quot;&quot;,&quot;caption&quot;:&quot;&quot;,&quot;created_timestamp&quot;:&quot;0&quot;,&quot;copyright&quot;:&quot;&quot;,&quot;focal_length&quot;:&quot;0&quot;,&quot;iso&quot;:&quot;0&quot;,&quot;shutter_speed&quot;:&quot;0&quot;,&quot;title&quot;:&quot;&quot;,&quot;orientation&quot;:&quot;0&quot;}\" data-image-title=\"Demtohet nga Termeti Kalaa e Krujes (2)\" data-image-description=\"\" data-image-caption=\"&lt;p&gt;Demtohet nga Termeti Kalaa e Krujes&lt;\/p&gt;\n\" data-medium-file=\"https:\/\/i0.wp.com\/www.shqiperia.com\/blog\/wp-content\/uploads\/2019\/12\/Demtohet-nga-Termeti-Kalaa-e-Krujes-2.jpg?fit=300%2C250&amp;ssl=1\" data-large-file=\"https:\/\/i0.wp.com\/www.shqiperia.com\/blog\/wp-content\/uploads\/2019\/12\/Demtohet-nga-Termeti-Kalaa-e-Krujes-2.jpg?fit=300%2C250&amp;ssl=1\" class=\" wp-image-29855\" alt=\"\" src=\"https:\/\/i0.wp.com\/www.shqiperia.com\/blog\/wp-content\/uploads\/2019\/12\/Demtohet-nga-Termeti-Kalaa-e-Krujes-2.jpg?resize=682%2C568&#038;ssl=1\" width=\"682\" height=\"568\" \/><p id=\"caption-attachment-29855\" class=\"wp-caption-text\">Demtohet nga Termeti Kalaa e Krujes<\/p><\/div>\n<p><strong>\/Agjensia e Lajmeve Sot News\/<\/strong><\/p>\n","protected":false},"excerpt":{"rendered":"<p>Kalaja e Kruj\u00ebs, specialist\u00ebt inspektim p\u00ebr p\u00ebrforcimin e struktur\u00ebs 29\/12\/2019 Specialist\u00ebt e Institutit Komb\u00ebtar t\u00eb Trash\u00ebgimis\u00eb Kulturore, s\u00eb bashku me specialist\u00ebt e Drejtoris\u00eb Rajonale t\u00eb Trash\u00ebgimis\u00eb Kulturore t\u00eb Tiran\u00ebs dhe me gjeolog\u00eb e konstruktor\u00eb kryen nj\u00eb inspektim n\u00eb kalan\u00eb e Kruj\u00ebs. IKTK shprehet se kjo u b\u00eb p\u00ebr studimin e zon\u00ebs s\u00eb kalas\u00eb dhe p\u00ebr [&hellip;]<\/p>\n","protected":false},"author":9,"featured_media":29852,"comment_status":"open","ping_status":"open","sticky":false,"template":"","format":"standard","meta":{"jetpack_post_was_ever_published":false,"_jetpack_newsletter_access":"","_jetpack_dont_email_post_to_subs":false,"_jetpack_newsletter_tier_id":0,"_jetpack_memberships_contains_paywalled_content":false,"_jetpack_memberships_contains_paid_content":false,"footnotes":"","jetpack_publicize_message":"","jetpack_publicize_feature_enabled":true,"jetpack_social_post_already_shared":true,"jetpack_social_options":{"image_generator_settings":{"template":"highway","default_image_id":0,"font":"","enabled":false},"version":2}},"categories":[85,10,86],"tags":[],"class_list":["post-29851","post","type-post","status-publish","format-standard","has-post-thumbnail","hentry","category-histori","category-kultura","category-trashegimi-kulturore"],"jetpack_publicize_connections":[],"jetpack_featured_media_url":"https:\/\/i0.wp.com\/www.shqiperia.com\/blog\/wp-content\/uploads\/2019\/12\/1574861051_kulla.jpg?fit=780%2C440&ssl=1","jetpack_sharing_enabled":true,"jetpack_shortlink":"https:\/\/wp.me\/p5Z6wp-7Lt","jetpack-related-posts":[{"id":29728,"url":"https:\/\/www.shqiperia.com\/blog\/specialistet-e-trashegimise-inspektim-te-teqja-e-dollmes-ne-kruje-ajo-pesoi-edhe-deme-ne-strukture-dhe\/","url_meta":{"origin":29851,"position":0},"title":"Specialist\u00ebt e trash\u00ebgimis\u00eb, inspektim te teqja e Dollm\u00ebs n\u00eb Kruj\u00eb. &#8211; Ajo p\u00ebsoi edhe d\u00ebme n\u00eb strukture dhe \u2026","author":"Kurt Farka","date":"December 26, 2019","format":false,"excerpt":"Specialist\u00ebt e trash\u00ebgimis\u00eb, inspektim te teqja e Dollm\u00ebs n\u00eb Kruj\u00eb. - Ajo p\u00ebsoi edhe d\u00ebme n\u00eb strukture dhe \u2026 26\/12\/2019 N\u00eb Institutin Komb\u00ebtar t\u00eb Trash\u00ebgimis\u00eb Kulturore jan\u00eb ngritur grupe teknike p\u00ebr inspektime n\u00eb pasurit\u00eb kulturore, si dhe n\u00eb institucionet e artit, kultur\u00ebs dhe muzet\u00eb n\u00ebn administrimin e Ministris\u00eb s\u00eb Kultur\u00ebs.\u2026","rel":"","context":"In &quot;Histori&quot;","block_context":{"text":"Histori","link":"https:\/\/www.shqiperia.com\/blog\/category\/histori\/"},"img":{"alt_text":"","src":"https:\/\/i0.wp.com\/www.shqiperia.com\/blog\/wp-content\/uploads\/2019\/12\/81176462_1371990216306109_1937761258224746496_o-Copy.jpg?fit=720%2C422&ssl=1&resize=350%2C200","width":350,"height":200,"srcset":"https:\/\/i0.wp.com\/www.shqiperia.com\/blog\/wp-content\/uploads\/2019\/12\/81176462_1371990216306109_1937761258224746496_o-Copy.jpg?fit=720%2C422&ssl=1&resize=350%2C200 1x, https:\/\/i0.wp.com\/www.shqiperia.com\/blog\/wp-content\/uploads\/2019\/12\/81176462_1371990216306109_1937761258224746496_o-Copy.jpg?fit=720%2C422&ssl=1&resize=525%2C300 1.5x, https:\/\/i0.wp.com\/www.shqiperia.com\/blog\/wp-content\/uploads\/2019\/12\/81176462_1371990216306109_1937761258224746496_o-Copy.jpg?fit=720%2C422&ssl=1&resize=700%2C400 2x"},"classes":[]},{"id":31645,"url":"https:\/\/www.shqiperia.com\/blog\/miratohet-projekti-per-restaurimin-e-kalase-se-prezes-u-demtua-nga-termeti\/","url_meta":{"origin":29851,"position":1},"title":"Miratohet projekti p\u00ebr restaurimin e Kalas\u00eb s\u00eb Prez\u00ebs, u d\u00ebmtua nga t\u00ebrmeti","author":"Kurt Farka","date":"February 21, 2020","format":false,"excerpt":"Miratohet projekti p\u00ebr restaurimin e Kalas\u00eb s\u00eb Prez\u00ebs, u d\u00ebmtua nga t\u00ebrmeti 18\/02\/2020 K\u00ebshilli Komb\u00ebtar i Trash\u00ebgimis\u00eb Kulturore Materiale ka miratuar projektin e restaurimit t\u00eb Kalas\u00eb s\u00eb Prez\u00ebs n\u00eb kushte t\u00eb emergjenc\u00ebs, pas t\u00ebrmetit t\u00eb 26 n\u00ebntorit. Projekti i hartuar nga Instituti Komb\u00ebtar i Trash\u00ebgimis\u00eb Kulturore parashikon nd\u00ebrhyrje konservuese dhe\u2026","rel":"","context":"In &quot;Histori&quot;","block_context":{"text":"Histori","link":"https:\/\/www.shqiperia.com\/blog\/category\/histori\/"},"img":{"alt_text":"","src":"https:\/\/i0.wp.com\/www.shqiperia.com\/blog\/wp-content\/uploads\/2020\/02\/Preze-750x371-1.jpg?fit=698%2C371&ssl=1&resize=350%2C200","width":350,"height":200,"srcset":"https:\/\/i0.wp.com\/www.shqiperia.com\/blog\/wp-content\/uploads\/2020\/02\/Preze-750x371-1.jpg?fit=698%2C371&ssl=1&resize=350%2C200 1x, https:\/\/i0.wp.com\/www.shqiperia.com\/blog\/wp-content\/uploads\/2020\/02\/Preze-750x371-1.jpg?fit=698%2C371&ssl=1&resize=525%2C300 1.5x"},"classes":[]},{"id":90890,"url":"https:\/\/www.shqiperia.com\/blog\/specialistet-e-iktk-nje-ekspedite-per-projektin-e-restaurimi-te-piktures-murale-ne-kishen-e-manastirit-te-shen-merise-ne-dhermi\/","url_meta":{"origin":29851,"position":2},"title":"Specialist\u00ebt e IKTK nj\u00eb ekspedit\u00eb p\u00ebr projektin e restaurimi t\u00eb piktur\u00ebs murale n\u00eb kish\u00ebn e Manastirit t\u00eb Sh\u00ebn M\u00ebris\u00eb ne Dhermi","author":"Kurt Farka","date":"March 30, 2025","format":false,"excerpt":"30 Mars 2025 Kisha e Manastirit t\u00eb Sh\u00ebn M\u00ebris\u00eb n\u00eb Dh\u00ebrmi ruan vlera t\u00eb \u00e7muara t\u00eb artit bizantin dhe pasbizantin, me piktura murale t\u00eb realizuara n\u00eb disa faza, nga shek. XII-XIII deri n\u00eb shek. XVIII. - Specialist\u00ebt e Institutit Komb\u00ebtar t\u00eb Trash\u00ebgimis\u00eb Kulturore (IKTK) zhvilluan nj\u00eb ekspedit\u00eb dokumentuese p\u00ebr hartimin\u2026","rel":"","context":"In &quot;Arte&quot;","block_context":{"text":"Arte","link":"https:\/\/www.shqiperia.com\/blog\/category\/arte\/"},"img":{"alt_text":"","src":"https:\/\/i0.wp.com\/www.shqiperia.com\/blog\/wp-content\/uploads\/2025\/03\/kisha-faqe-18-2-Copy-1140x570-1.jpg?fit=1140%2C570&ssl=1&resize=350%2C200","width":350,"height":200,"srcset":"https:\/\/i0.wp.com\/www.shqiperia.com\/blog\/wp-content\/uploads\/2025\/03\/kisha-faqe-18-2-Copy-1140x570-1.jpg?fit=1140%2C570&ssl=1&resize=350%2C200 1x, https:\/\/i0.wp.com\/www.shqiperia.com\/blog\/wp-content\/uploads\/2025\/03\/kisha-faqe-18-2-Copy-1140x570-1.jpg?fit=1140%2C570&ssl=1&resize=525%2C300 1.5x, https:\/\/i0.wp.com\/www.shqiperia.com\/blog\/wp-content\/uploads\/2025\/03\/kisha-faqe-18-2-Copy-1140x570-1.jpg?fit=1140%2C570&ssl=1&resize=700%2C400 2x, https:\/\/i0.wp.com\/www.shqiperia.com\/blog\/wp-content\/uploads\/2025\/03\/kisha-faqe-18-2-Copy-1140x570-1.jpg?fit=1140%2C570&ssl=1&resize=1050%2C600 3x"},"classes":[]},{"id":37389,"url":"https:\/\/www.shqiperia.com\/blog\/specialistet-e-trashegimise-kulturore-inspektime-ne-dy-objekte-kulti\/","url_meta":{"origin":29851,"position":3},"title":"Specialist\u00ebt e trash\u00ebgimis\u00eb kulturore inspektime n\u00eb dy objekte kulti","author":"Kurt Farka","date":"August 19, 2020","format":false,"excerpt":"Specialist\u00ebt e trash\u00ebgimis\u00eb kulturore inspektime n\u00eb dy objekte kulti 18 GUSHT 2020 Specialist\u00ebt e Institutit Komb\u00ebtar t\u00eb Trash\u00ebgimis\u00eb Kulturore dhe ata t\u00eb Drejtoris\u00eb Rajonale t\u00eb Trash\u00ebgimis\u00eb Kulturore Vlor\u00eb, sektori Sarand\u00eb, kryen k\u00ebto dit\u00eb nj\u00eb ekspedit\u00eb me q\u00ebllim verifikimin e gjendjes s\u00eb konservimit t\u00eb piktur\u00ebs murale n\u00eb Kish\u00ebn e Manastirit t\u00eb\u2026","rel":"","context":"In &quot;Histori&quot;","block_context":{"text":"Histori","link":"https:\/\/www.shqiperia.com\/blog\/category\/histori\/"},"img":{"alt_text":"","src":"https:\/\/i0.wp.com\/www.shqiperia.com\/blog\/wp-content\/uploads\/2020\/08\/800-0-5f3b662fecedd.jpg?fit=800%2C368&ssl=1&resize=350%2C200","width":350,"height":200,"srcset":"https:\/\/i0.wp.com\/www.shqiperia.com\/blog\/wp-content\/uploads\/2020\/08\/800-0-5f3b662fecedd.jpg?fit=800%2C368&ssl=1&resize=350%2C200 1x, https:\/\/i0.wp.com\/www.shqiperia.com\/blog\/wp-content\/uploads\/2020\/08\/800-0-5f3b662fecedd.jpg?fit=800%2C368&ssl=1&resize=525%2C300 1.5x, https:\/\/i0.wp.com\/www.shqiperia.com\/blog\/wp-content\/uploads\/2020\/08\/800-0-5f3b662fecedd.jpg?fit=800%2C368&ssl=1&resize=700%2C400 2x"},"classes":[]},{"id":5856,"url":"https:\/\/www.shqiperia.com\/blog\/specialistet-e-trashegimise-situata-ne-kalane-e-gjirokastres-tejet-alarmante-ministria-justifikohet-me-termetet\/","url_meta":{"origin":29851,"position":4},"title":"Specialist\u00ebt e trash\u00ebgimis\u00eb: Situata n\u00eb kalan\u00eb e Gjirokastr\u00ebs tejet alarmante, ministria justifikohet me t\u00ebrmetet. &#8211;","author":"Kurt Farka","date":"March 30, 2018","format":false,"excerpt":"\u00a0 \u00a0 Nga: Julia VRAPI. - Kalaja e Gjirokastr\u00ebs e rrezikuar dhe specialist\u00ebt pohojn\u00eb se nga institucionet duhen marr\u00eb sa m\u00eb par\u00eb masat. \u00c7arja e mureve t\u00eb kull\u00ebs jugore t\u00eb kalas\u00eb sipas tyre tregon se monumenti rrezikohet, por deri tani nuk ka nd\u00ebrhyrje. N\u00eb reagimet e tyre ata pohojn\u00eb se\u2026","rel":"","context":"In &quot;Trashegimi Kulturore&quot;","block_context":{"text":"Trashegimi Kulturore","link":"https:\/\/www.shqiperia.com\/blog\/category\/trashegimi-kulturore\/"},"img":{"alt_text":"","src":"https:\/\/i0.wp.com\/www.shqiperia.com\/blog\/wp-content\/uploads\/2018\/03\/Kalaja-e-gjirokastres-ne-Rrezik.jpg?resize=350%2C200","width":350,"height":200},"classes":[]},{"id":94301,"url":"https:\/\/www.shqiperia.com\/blog\/specialistet-iktk-larg-detyrave-dhe-perspektives-se-mbrojtjes-se-monumenteve-keshillat-nuk-mund-te-krijohen-me\/","url_meta":{"origin":29851,"position":5},"title":"Specialist\u00ebt: IKTK larg detyrave dhe perspektiv\u00ebs s\u00eb mbrojtjes s\u00eb monumenteve, k\u00ebshillat nuk mund t\u00eb krijohen me\u2026","author":"Kurt Farka","date":"October 15, 2025","format":false,"excerpt":"15 Tetor 2025 Nga Julia Vrapi Ruajtja, dokumentimi, mbrojtja dhe promovimi i trash\u00ebgimis\u00eb kulturore ka v\u00ebn\u00eb her\u00eb pas here institucionet p\u00ebrgjegj\u00ebse p\u00ebrball\u00eb kritikave. Specialist\u00eb t\u00eb fush\u00ebs s\u00eb trash\u00ebgimis\u00eb kulturore, q\u00eb k\u00ebrkojn\u00eb mbrojtje institucionale , restaurim dhe jo nd\u00ebrhyrjeje t\u00eb paligjshme shprehen me kritika p\u00ebr Institutin Komb\u00ebtar t\u00eb Trash\u00ebgimis\u00eb Kulturore (IKTK),\u2026","rel":"","context":"In &quot;Histori&quot;","block_context":{"text":"Histori","link":"https:\/\/www.shqiperia.com\/blog\/category\/histori\/"},"img":{"alt_text":"","src":"https:\/\/i0.wp.com\/www.shqiperia.com\/blog\/wp-content\/uploads\/2025\/10\/Capture-317.jpg?fit=827%2C626&ssl=1&resize=350%2C200","width":350,"height":200,"srcset":"https:\/\/i0.wp.com\/www.shqiperia.com\/blog\/wp-content\/uploads\/2025\/10\/Capture-317.jpg?fit=827%2C626&ssl=1&resize=350%2C200 1x, https:\/\/i0.wp.com\/www.shqiperia.com\/blog\/wp-content\/uploads\/2025\/10\/Capture-317.jpg?fit=827%2C626&ssl=1&resize=525%2C300 1.5x, https:\/\/i0.wp.com\/www.shqiperia.com\/blog\/wp-content\/uploads\/2025\/10\/Capture-317.jpg?fit=827%2C626&ssl=1&resize=700%2C400 2x"},"classes":[]}],"_links":{"self":[{"href":"https:\/\/www.shqiperia.com\/blog\/wp-json\/wp\/v2\/posts\/29851","targetHints":{"allow":["GET"]}}],"collection":[{"href":"https:\/\/www.shqiperia.com\/blog\/wp-json\/wp\/v2\/posts"}],"about":[{"href":"https:\/\/www.shqiperia.com\/blog\/wp-json\/wp\/v2\/types\/post"}],"author":[{"embeddable":true,"href":"https:\/\/www.shqiperia.com\/blog\/wp-json\/wp\/v2\/users\/9"}],"replies":[{"embeddable":true,"href":"https:\/\/www.shqiperia.com\/blog\/wp-json\/wp\/v2\/comments?post=29851"}],"version-history":[{"count":1,"href":"https:\/\/www.shqiperia.com\/blog\/wp-json\/wp\/v2\/posts\/29851\/revisions"}],"predecessor-version":[{"id":29856,"href":"https:\/\/www.shqiperia.com\/blog\/wp-json\/wp\/v2\/posts\/29851\/revisions\/29856"}],"wp:featuredmedia":[{"embeddable":true,"href":"https:\/\/www.shqiperia.com\/blog\/wp-json\/wp\/v2\/media\/29852"}],"wp:attachment":[{"href":"https:\/\/www.shqiperia.com\/blog\/wp-json\/wp\/v2\/media?parent=29851"}],"wp:term":[{"taxonomy":"category","embeddable":true,"href":"https:\/\/www.shqiperia.com\/blog\/wp-json\/wp\/v2\/categories?post=29851"},{"taxonomy":"post_tag","embeddable":true,"href":"https:\/\/www.shqiperia.com\/blog\/wp-json\/wp\/v2\/tags?post=29851"}],"curies":[{"name":"wp","href":"https:\/\/api.w.org\/{rel}","templated":true}]}}