{"id":29845,"date":"2019-12-29T21:21:31","date_gmt":"2019-12-29T21:21:31","guid":{"rendered":"https:\/\/www.shqiperia.com\/blog\/?p=29845"},"modified":"2019-12-30T12:31:21","modified_gmt":"2019-12-30T12:31:21","slug":"re-ne-kerkim-te-historise-mesjetare-arberore-e-prof-dr-jahja-drancollitnje-monografi-historiko-shkenco","status":"publish","type":"post","link":"https:\/\/www.shqiperia.com\/blog\/re-ne-kerkim-te-historise-mesjetare-arberore-e-prof-dr-jahja-drancollitnje-monografi-historiko-shkenco\/","title":{"rendered":"Nje Monografi Historiko-Shkencore, &#8211; \u201cN\u00eb k\u00ebrkim t\u00eb Historis\u00eb Mesjetare Arb\u00ebrore\u201d e Prof. Dr. Jahja Drancollit."},"content":{"rendered":"<div id=\"attachment_29846\" style=\"width: 739px\" class=\"wp-caption alignnone\"><img data-recalc-dims=\"1\" loading=\"lazy\" decoding=\"async\" aria-describedby=\"caption-attachment-29846\" data-attachment-id=\"29846\" data-permalink=\"https:\/\/www.shqiperia.com\/blog\/re-ne-kerkim-te-historise-mesjetare-arberore-e-prof-dr-jahja-drancollitnje-monografi-historiko-shkenco\/jahja-drancolli-ne-kerkim-te-historise-mesjetare-arberore\/\" data-orig-file=\"https:\/\/i0.wp.com\/www.shqiperia.com\/blog\/wp-content\/uploads\/2019\/12\/Jahja-Drancolli-%E2%80%9CN%C3%AB-k%C3%ABrkim-t%C3%AB-Historis%C3%AB-Mesjetare-Arb%C3%ABrore.jpg?fit=559%2C380&amp;ssl=1\" data-orig-size=\"559,380\" data-comments-opened=\"1\" data-image-meta=\"{&quot;aperture&quot;:&quot;0&quot;,&quot;credit&quot;:&quot;&quot;,&quot;camera&quot;:&quot;&quot;,&quot;caption&quot;:&quot;&quot;,&quot;created_timestamp&quot;:&quot;0&quot;,&quot;copyright&quot;:&quot;&quot;,&quot;focal_length&quot;:&quot;0&quot;,&quot;iso&quot;:&quot;0&quot;,&quot;shutter_speed&quot;:&quot;0&quot;,&quot;title&quot;:&quot;&quot;,&quot;orientation&quot;:&quot;0&quot;}\" data-image-title=\"Jahja Drancolli, \u201cN\u00eb k\u00ebrkim t\u00eb Historis\u00eb Mesjetare Arb\u00ebrore\" data-image-description=\"\" data-image-caption=\"&lt;p&gt;Jahja Drancolli,  \u201cN\u00eb k\u00ebrkim t\u00eb Historis\u00eb Mesjetare Arb\u00ebrore&lt;\/p&gt;\n\" data-medium-file=\"https:\/\/i0.wp.com\/www.shqiperia.com\/blog\/wp-content\/uploads\/2019\/12\/Jahja-Drancolli-%E2%80%9CN%C3%AB-k%C3%ABrkim-t%C3%AB-Historis%C3%AB-Mesjetare-Arb%C3%ABrore.jpg?fit=300%2C204&amp;ssl=1\" data-large-file=\"https:\/\/i0.wp.com\/www.shqiperia.com\/blog\/wp-content\/uploads\/2019\/12\/Jahja-Drancolli-%E2%80%9CN%C3%AB-k%C3%ABrkim-t%C3%AB-Historis%C3%AB-Mesjetare-Arb%C3%ABrore.jpg?fit=559%2C380&amp;ssl=1\" class=\" wp-image-29846\" alt=\"\" src=\"https:\/\/i0.wp.com\/www.shqiperia.com\/blog\/wp-content\/uploads\/2019\/12\/Jahja-Drancolli-%E2%80%9CN%C3%AB-k%C3%ABrkim-t%C3%AB-Historis%C3%AB-Mesjetare-Arb%C3%ABrore.jpg?resize=729%2C496&#038;ssl=1\" width=\"729\" height=\"496\" srcset=\"https:\/\/i0.wp.com\/www.shqiperia.com\/blog\/wp-content\/uploads\/2019\/12\/Jahja-Drancolli-%E2%80%9CN%C3%AB-k%C3%ABrkim-t%C3%AB-Historis%C3%AB-Mesjetare-Arb%C3%ABrore.jpg?resize=300%2C204&amp;ssl=1 300w, https:\/\/i0.wp.com\/www.shqiperia.com\/blog\/wp-content\/uploads\/2019\/12\/Jahja-Drancolli-%E2%80%9CN%C3%AB-k%C3%ABrkim-t%C3%AB-Historis%C3%AB-Mesjetare-Arb%C3%ABrore.jpg?resize=450%2C306&amp;ssl=1 450w, https:\/\/i0.wp.com\/www.shqiperia.com\/blog\/wp-content\/uploads\/2019\/12\/Jahja-Drancolli-%E2%80%9CN%C3%AB-k%C3%ABrkim-t%C3%AB-Historis%C3%AB-Mesjetare-Arb%C3%ABrore.jpg?resize=235%2C160&amp;ssl=1 235w, https:\/\/i0.wp.com\/www.shqiperia.com\/blog\/wp-content\/uploads\/2019\/12\/Jahja-Drancolli-%E2%80%9CN%C3%AB-k%C3%ABrkim-t%C3%AB-Historis%C3%AB-Mesjetare-Arb%C3%ABrore.jpg?resize=400%2C272&amp;ssl=1 400w, https:\/\/i0.wp.com\/www.shqiperia.com\/blog\/wp-content\/uploads\/2019\/12\/Jahja-Drancolli-%E2%80%9CN%C3%AB-k%C3%ABrkim-t%C3%AB-Historis%C3%AB-Mesjetare-Arb%C3%ABrore.jpg?w=559&amp;ssl=1 559w\" sizes=\"auto, (max-width: 729px) 100vw, 729px\" \/><p id=\"caption-attachment-29846\" class=\"wp-caption-text\">Jahja Drancolli, \u201cN\u00eb k\u00ebrkim t\u00eb Historis\u00eb Mesjetare Arb\u00ebrore<\/p><\/div>\n<p><span>Nje Monografi Historiko-Shkencore, &#8211; \u201cN\u00eb k\u00ebrkim t\u00eb Historis\u00eb Mesjetare Arb\u00ebrore\u201d e Prof. Dr. Jahja Drancollit.<\/span><\/p>\n<p>Njoftimin e jep autori: -T\u00eb nderuar miq,<\/p>\n<p>K\u00ebto dit\u00eb n\u00eb Zagreb u botua libri im v\u00ebllimor \u201cN\u00eb k\u00ebrkim t\u00eb Historis\u00eb Mesjetare Arb\u00ebrore\u201d (\u201cIn search of Medieval Albanian History\u201d).<br \/>\n&#8211; Libri of<span>ron interpretime t\u00eb reja dhe mb\u00ebshtetet n\u00eb nj\u00eb pjes\u00eb t\u00eb arritjeve t\u00eb mija t\u00eb hulumtimit n\u00eb arkiva e biblioteka t\u00eb Italis\u00eb, Kroacis\u00eb, Turqis\u00eb dhe Austris\u00eb.<\/span><br \/>\n<span>&#8211; Libri ofron interpretime t\u00eb reja dhe bazohet n\u00eb rezultatet e hulumtimit shum\u00ebvje\u00e7ar, dhe pjes\u00ebrisht, t\u00eb pabotuar.<\/span><br \/>\n<span>&#8211; Libri trajton periudh\u00ebn mesjetare arb\u00ebrore, t\u00eb cil\u00ebn mua m\u00eb p\u00eblqen p\u00ebr ta quajtur si epoka e art\u00eb e historis\u00eb dhe shtet\u00ebsis\u00eb arb\u00ebrore-shqiptare, dhe \u00ebsht\u00eb pa dyshim nj\u00eb periudh\u00eb n\u00eb t\u00eb cil\u00ebn \u00e7do njoftim nga t\u00eb ndryshmet ngjall shum\u00eb emocione.<\/span><br \/>\n<span>&#8211; Theks i ve\u00e7ant\u00eb n\u00eb k\u00ebt\u00eb lib\u00ebr i vihet vazhdim\u00ebsis\u00eb iliro-arb\u00ebrore-shqiptare, ku historia jon\u00eb n\u00eb kushte mesjetare p\u00ebrfshinte arealin shum\u00eb m\u00eb t\u00eb gjer\u00eb sesa konsiderohen trojet e sotme etnike shqiptare, prandaj teza se arbrit gjat\u00eb mesjet\u00ebs kan\u00eb humbur pjes\u00eb t\u00eb territoreve t\u00eb veta, n\u00eb k\u00ebt\u00eb lib\u00ebr ka mb\u00ebshtetje historike.<\/span><br \/>\n<span>&#8211; Tema qendrore e k\u00ebtij libri \u00ebsht\u00eb formimi i identitetit arb\u00ebror mesjetar duke n\u00ebnvizuar dallimet rajonale; krijimi dhe p\u00ebrhapja e identitetit etnik arb\u00ebror; formimi i fuqis\u00eb politike t\u00eb arb\u00ebrve; zhvillimi shoq\u00ebror; kultura si shtyt\u00ebs i marr\u00ebdh\u00ebnieve shoq\u00ebrore, si dhe organizimi i jet\u00ebs fetare, tema k\u00ebto t\u00eb trajtuara n\u00eb m\u00ebnyr\u00eb origjinale dhe interdisiplinare t\u00eb mb\u00ebshtetura n\u00eb metodologji bashk\u00ebkohore.<\/span><br \/>\n<span>&#8211; N\u00eb lib\u00ebr \u00ebsht\u00eb b\u00ebr\u00eb p\u00ebrpjekje q\u00eb t\u00eb dekonstruktohen p\u00ebrfundimet e historiografis\u00eb tradicionale.<\/span><br \/>\n<span>&#8211; Me gjith\u00eb l\u00ebshimet e mundshme qofshin ato profesionale ose teknike, ndryshe nga shum\u00eb libra nga historiografia jon\u00eb, t\u00eb botuara n\u00eb dekada t\u00eb fundit te ne, libri n\u00eb fjal\u00eb do t\u00eb jetoi ca m\u00eb gjat\u00eb.<\/span><\/p>\n<div id=\"attachment_29847\" style=\"width: 845px\" class=\"wp-caption alignnone\"><img data-recalc-dims=\"1\" loading=\"lazy\" decoding=\"async\" aria-describedby=\"caption-attachment-29847\" data-attachment-id=\"29847\" data-permalink=\"https:\/\/www.shqiperia.com\/blog\/re-ne-kerkim-te-historise-mesjetare-arberore-e-prof-dr-jahja-drancollitnje-monografi-historiko-shkenco\/jahja-drancolli-ne-kerkim-te-historise-mesjetare-arberore-2\/\" data-orig-file=\"https:\/\/i0.wp.com\/www.shqiperia.com\/blog\/wp-content\/uploads\/2019\/12\/Jahja-Drancolli-%E2%80%9CN%C3%AB-k%C3%ABrkim-t%C3%AB-Historis%C3%AB-Mesjetare-Arb%C3%ABrore-2.jpg?fit=817%2C626&amp;ssl=1\" data-orig-size=\"817,626\" data-comments-opened=\"1\" data-image-meta=\"{&quot;aperture&quot;:&quot;0&quot;,&quot;credit&quot;:&quot;&quot;,&quot;camera&quot;:&quot;&quot;,&quot;caption&quot;:&quot;&quot;,&quot;created_timestamp&quot;:&quot;0&quot;,&quot;copyright&quot;:&quot;&quot;,&quot;focal_length&quot;:&quot;0&quot;,&quot;iso&quot;:&quot;0&quot;,&quot;shutter_speed&quot;:&quot;0&quot;,&quot;title&quot;:&quot;&quot;,&quot;orientation&quot;:&quot;0&quot;}\" data-image-title=\"Jahja Drancolli, \u201cN\u00eb k\u00ebrkim t\u00eb Historis\u00eb Mesjetare Arb\u00ebrore (2)\" data-image-description=\"\" data-image-caption=\"&lt;p&gt;Jahja Drancolli,  \u201cN\u00eb k\u00ebrkim t\u00eb Historis\u00eb Mesjetare Arb\u00ebrore&lt;\/p&gt;\n\" data-medium-file=\"https:\/\/i0.wp.com\/www.shqiperia.com\/blog\/wp-content\/uploads\/2019\/12\/Jahja-Drancolli-%E2%80%9CN%C3%AB-k%C3%ABrkim-t%C3%AB-Historis%C3%AB-Mesjetare-Arb%C3%ABrore-2.jpg?fit=300%2C230&amp;ssl=1\" data-large-file=\"https:\/\/i0.wp.com\/www.shqiperia.com\/blog\/wp-content\/uploads\/2019\/12\/Jahja-Drancolli-%E2%80%9CN%C3%AB-k%C3%ABrkim-t%C3%AB-Historis%C3%AB-Mesjetare-Arb%C3%ABrore-2.jpg?fit=817%2C626&amp;ssl=1\" class=\" wp-image-29847\" alt=\"\" src=\"https:\/\/i0.wp.com\/www.shqiperia.com\/blog\/wp-content\/uploads\/2019\/12\/Jahja-Drancolli-%E2%80%9CN%C3%AB-k%C3%ABrkim-t%C3%AB-Historis%C3%AB-Mesjetare-Arb%C3%ABrore-2.jpg?resize=835%2C640&#038;ssl=1\" width=\"835\" height=\"640\" srcset=\"https:\/\/i0.wp.com\/www.shqiperia.com\/blog\/wp-content\/uploads\/2019\/12\/Jahja-Drancolli-%E2%80%9CN%C3%AB-k%C3%ABrkim-t%C3%AB-Historis%C3%AB-Mesjetare-Arb%C3%ABrore-2.jpg?resize=300%2C230&amp;ssl=1 300w, https:\/\/i0.wp.com\/www.shqiperia.com\/blog\/wp-content\/uploads\/2019\/12\/Jahja-Drancolli-%E2%80%9CN%C3%AB-k%C3%ABrkim-t%C3%AB-Historis%C3%AB-Mesjetare-Arb%C3%ABrore-2.jpg?resize=768%2C588&amp;ssl=1 768w, https:\/\/i0.wp.com\/www.shqiperia.com\/blog\/wp-content\/uploads\/2019\/12\/Jahja-Drancolli-%E2%80%9CN%C3%AB-k%C3%ABrkim-t%C3%AB-Historis%C3%AB-Mesjetare-Arb%C3%ABrore-2.jpg?resize=450%2C345&amp;ssl=1 450w, https:\/\/i0.wp.com\/www.shqiperia.com\/blog\/wp-content\/uploads\/2019\/12\/Jahja-Drancolli-%E2%80%9CN%C3%AB-k%C3%ABrkim-t%C3%AB-Historis%C3%AB-Mesjetare-Arb%C3%ABrore-2.jpg?resize=600%2C460&amp;ssl=1 600w, https:\/\/i0.wp.com\/www.shqiperia.com\/blog\/wp-content\/uploads\/2019\/12\/Jahja-Drancolli-%E2%80%9CN%C3%AB-k%C3%ABrkim-t%C3%AB-Historis%C3%AB-Mesjetare-Arb%C3%ABrore-2.jpg?resize=400%2C306&amp;ssl=1 400w, https:\/\/i0.wp.com\/www.shqiperia.com\/blog\/wp-content\/uploads\/2019\/12\/Jahja-Drancolli-%E2%80%9CN%C3%AB-k%C3%ABrkim-t%C3%AB-Historis%C3%AB-Mesjetare-Arb%C3%ABrore-2.jpg?w=817&amp;ssl=1 817w\" sizes=\"auto, (max-width: 835px) 100vw, 835px\" \/><p id=\"caption-attachment-29847\" class=\"wp-caption-text\">Jahja Drancolli, \u201cN\u00eb k\u00ebrkim t\u00eb Historis\u00eb Mesjetare Arb\u00ebrore<\/p><\/div>\n<p><span>&#8211; Libri \u00ebsht\u00eb botuar me ndihm\u00ebn financiare t\u00eb Qeveris\u00eb s\u00eb Republik\u00ebs s\u00eb Kroacis\u00eb, si dhe t\u00eb botuesit &#8220;Unioni i shqiptar\u00ebve n\u00eb Republik\u00ebn e Kroacis\u00eb&#8221; me n\u00eb krye t\u00eb z. Esad \u00c7ollaku dhe z. Sejfedin Prekazi t\u00eb cil\u00ebve u shprehi mir\u00ebnjohje t\u00eb p\u00ebrzem\u00ebrta p\u00ebr kontributin e tyre.<\/span><\/p>\n<p>Shfryt\u00ebzoj rastin q\u00eb t\u00eb falenderoh\u00ebm familjen time, m\u00eb pastaj redaktorin gjuh\u00ebsor, prof. Edmond Ramadani; dizajnuesin profesor akademik Faik Krasniqi; autoren e kopertin\u00ebs ark. Kaltrina Dran\u00e7olli dhe realizuesin e pun\u00ebve digjitalizuese MA. sc. Ermal Gashi.<\/p>\n<p>Me respekt,<br \/>\nJahja Dran\u00e7olli<\/p>\n","protected":false},"excerpt":{"rendered":"<p>Nje Monografi Historiko-Shkencore, &#8211; \u201cN\u00eb k\u00ebrkim t\u00eb Historis\u00eb Mesjetare Arb\u00ebrore\u201d e Prof. Dr. Jahja Drancollit. Njoftimin e jep autori: -T\u00eb nderuar miq, K\u00ebto dit\u00eb n\u00eb Zagreb u botua libri im v\u00ebllimor \u201cN\u00eb k\u00ebrkim t\u00eb Historis\u00eb Mesjetare Arb\u00ebrore\u201d (\u201cIn search of Medieval Albanian History\u201d). &#8211; Libri ofron interpretime t\u00eb reja dhe mb\u00ebshtetet n\u00eb nj\u00eb pjes\u00eb t\u00eb [&hellip;]<\/p>\n","protected":false},"author":9,"featured_media":29846,"comment_status":"open","ping_status":"open","sticky":false,"template":"","format":"standard","meta":{"jetpack_post_was_ever_published":false,"_jetpack_newsletter_access":"","_jetpack_dont_email_post_to_subs":false,"_jetpack_newsletter_tier_id":0,"_jetpack_memberships_contains_paywalled_content":false,"_jetpack_memberships_contains_paid_content":false,"footnotes":"","jetpack_publicize_message":"","jetpack_publicize_feature_enabled":true,"jetpack_social_post_already_shared":true,"jetpack_social_options":{"image_generator_settings":{"template":"highway","default_image_id":0,"font":"","enabled":false},"version":2}},"categories":[27,85,10],"tags":[],"class_list":["post-29845","post","type-post","status-publish","format-standard","has-post-thumbnail","hentry","category-blogu-i-udhetarit","category-histori","category-kultura"],"jetpack_publicize_connections":[],"jetpack_featured_media_url":"https:\/\/i0.wp.com\/www.shqiperia.com\/blog\/wp-content\/uploads\/2019\/12\/Jahja-Drancolli-%E2%80%9CN%C3%AB-k%C3%ABrkim-t%C3%AB-Historis%C3%AB-Mesjetare-Arb%C3%ABrore.jpg?fit=559%2C380&ssl=1","jetpack_sharing_enabled":true,"jetpack_shortlink":"https:\/\/wp.me\/p5Z6wp-7Ln","jetpack-related-posts":[{"id":25543,"url":"https:\/\/www.shqiperia.com\/blog\/pervjetori-i-formacionit-te-pare-shteteror-te-aberise-mesjetare\/","url_meta":{"origin":29845,"position":0},"title":"P\u00ebrvjetori i formacionit t\u00eb par\u00eb shtet\u00ebror t\u00eb Ab\u00ebris\u00eb mesjetare. &#8211;","author":"Kurt Farka","date":"September 6, 2019","format":false,"excerpt":"P\u00ebrvjetori i formacionit t\u00eb par\u00eb shtet\u00ebror t\u00eb Ab\u00ebris\u00eb mesjetare. - ....Gjat\u00eb mesjet\u00ebs formacionet shtet\u00ebrore arb\u00ebrore u ngrit\u00ebn n\u00eb treva bregdetare q\u00eb nga Arta deri n\u00eb Raguz\u00eb .... Nga Jahja Drancolli. N\u00eb k\u00ebrkim t\u00eb historis\u00eb mij\u00ebvje\u00e7are: K\u00ebto dit\u00eb shtatori sh\u00ebnohet p\u00ebrvjetori i formacionit t\u00eb par\u00eb shtet\u00ebror t\u00eb Ab\u00ebris\u00eb mesjetare i p\u00ebrmendur\u2026","rel":"","context":"In &quot;Blogu i Udh\u00ebtarit&quot;","block_context":{"text":"Blogu i Udh\u00ebtarit","link":"https:\/\/www.shqiperia.com\/blog\/category\/blogu-i-udhetarit\/"},"img":{"alt_text":"","src":"https:\/\/i0.wp.com\/www.shqiperia.com\/blog\/wp-content\/uploads\/2019\/09\/P%C3%ABrvjetori-i-formacionit-t%C3%AB-par%C3%AB-shtet%C3%ABror-t%C3%AB-Ab%C3%ABris%C3%AB-mesjetare-2.jpg?fit=960%2C469&ssl=1&resize=350%2C200","width":350,"height":200,"srcset":"https:\/\/i0.wp.com\/www.shqiperia.com\/blog\/wp-content\/uploads\/2019\/09\/P%C3%ABrvjetori-i-formacionit-t%C3%AB-par%C3%AB-shtet%C3%ABror-t%C3%AB-Ab%C3%ABris%C3%AB-mesjetare-2.jpg?fit=960%2C469&ssl=1&resize=350%2C200 1x, https:\/\/i0.wp.com\/www.shqiperia.com\/blog\/wp-content\/uploads\/2019\/09\/P%C3%ABrvjetori-i-formacionit-t%C3%AB-par%C3%AB-shtet%C3%ABror-t%C3%AB-Ab%C3%ABris%C3%AB-mesjetare-2.jpg?fit=960%2C469&ssl=1&resize=525%2C300 1.5x, https:\/\/i0.wp.com\/www.shqiperia.com\/blog\/wp-content\/uploads\/2019\/09\/P%C3%ABrvjetori-i-formacionit-t%C3%AB-par%C3%AB-shtet%C3%ABror-t%C3%AB-Ab%C3%ABris%C3%AB-mesjetare-2.jpg?fit=960%2C469&ssl=1&resize=700%2C400 2x"},"classes":[]},{"id":1849,"url":"https:\/\/www.shqiperia.com\/blog\/studiuesi-matjan-dilaver-kurti\/","url_meta":{"origin":29845,"position":1},"title":"Studiuesi Matjan &#8211; Dilaver Kurti.","author":"Kurt Farka","date":"January 23, 2018","format":false,"excerpt":"DILAVER KURTI\u00a0 u lind n\u00eb Burrel m\u00eb 19 tetor 1934 n\u00eb nj\u00eb familje autoktone. M\u00ebsimet fillore i kreu n\u00eb Klos dhe Lis me rezultate t\u00eb shk\u00eblqyera. M\u00eb pas b\u00ebn pun\u00eb t\u00eb ndryshme n\u00eb Burrel, ku gjat\u00eb k\u00ebsaj kohe kryen dhe studimet e mesme. Studimet e larta i kreu pa shk\u00ebputje\u2026","rel":"","context":"In &quot;Blogu i Udh\u00ebtarit&quot;","block_context":{"text":"Blogu i Udh\u00ebtarit","link":"https:\/\/www.shqiperia.com\/blog\/category\/blogu-i-udhetarit\/"},"img":{"alt_text":"","src":"https:\/\/i0.wp.com\/www.shqiperia.com\/blog\/wp-content\/uploads\/2018\/01\/Dilaver-Kurti.jpg?fit=534%2C564&ssl=1&resize=350%2C200","width":350,"height":200,"srcset":"https:\/\/i0.wp.com\/www.shqiperia.com\/blog\/wp-content\/uploads\/2018\/01\/Dilaver-Kurti.jpg?fit=534%2C564&ssl=1&resize=350%2C200 1x, https:\/\/i0.wp.com\/www.shqiperia.com\/blog\/wp-content\/uploads\/2018\/01\/Dilaver-Kurti.jpg?fit=534%2C564&ssl=1&resize=525%2C300 1.5x"},"classes":[]},{"id":77714,"url":"https:\/\/www.shqiperia.com\/blog\/portret-i-studiuesit-dilaver-kurti\/","url_meta":{"origin":29845,"position":2},"title":"Portret i Studiuesit &#8211; Dilaver Kurti.","author":"Kurt Farka","date":"January 28, 2024","format":false,"excerpt":"28 Janar 202 DILAVER KURTI\u00a0 u lind n\u00eb Burrel m\u00eb 19 tetor 1934 n\u00eb nj\u00eb familje autoktone. M\u00ebsimet fillore i kreu n\u00eb Klos dhe Lis me rezultate t\u00eb shk\u00eblqyera. M\u00eb pas b\u00ebn pun\u00eb t\u00eb ndryshme n\u00eb Burrel, ku gjat\u00eb k\u00ebsaj kohe kryen dhe studimet e mesme. Studimet e larta i\u2026","rel":"","context":"In &quot;Histori&quot;","block_context":{"text":"Histori","link":"https:\/\/www.shqiperia.com\/blog\/category\/histori\/"},"img":{"alt_text":"","src":"https:\/\/i0.wp.com\/www.shqiperia.com\/blog\/wp-content\/uploads\/2024\/01\/Dilaver-Kurti-1-2-275x300.jpg?resize=350%2C200&ssl=1","width":350,"height":200,"srcset":"https:\/\/i0.wp.com\/www.shqiperia.com\/blog\/wp-content\/uploads\/2024\/01\/Dilaver-Kurti-1-2-275x300.jpg?resize=350%2C200&ssl=1 1x, https:\/\/i0.wp.com\/www.shqiperia.com\/blog\/wp-content\/uploads\/2024\/01\/Dilaver-Kurti-1-2-275x300.jpg?resize=525%2C300&ssl=1 1.5x"},"classes":[]},{"id":3676,"url":"https:\/\/www.shqiperia.com\/blog\/hena-spahiu-ne-qender-te-vemendjes-per-studimin-kultura-e-komanit\/","url_meta":{"origin":29845,"position":3},"title":"Hena Spahiu ne qender te vemendjes per studimin \u201cKultura e Komanit\u201d. &#8211;","author":"Kurt Farka","date":"February 21, 2018","format":false,"excerpt":"Hena Spahiu 1933-1933. Mbasi kreu shkoll\u00ebn e mesme ne Tirane, vazhdoi studimet e larta ne Universitetin e Budapestit ku dhe u diplomua, duke pasur si udh\u00ebheq\u00ebs Profesorin e shquar hungarez Lazio Gjulia, specialist i mir\u00ebnjohur i arkeologjis\u00eb se periudh\u00ebs \u201cSe Dyndjes se Madhe t\u00eb Popujve\u201d. Tema e diplomes, \u201cKultura e\u2026","rel":"","context":"In &quot;Blogu i Udh\u00ebtarit&quot;","block_context":{"text":"Blogu i Udh\u00ebtarit","link":"https:\/\/www.shqiperia.com\/blog\/category\/blogu-i-udhetarit\/"},"img":{"alt_text":"","src":"https:\/\/i0.wp.com\/www.shqiperia.com\/blog\/wp-content\/uploads\/2018\/02\/Hena-Spahiu.jpeg?resize=350%2C200","width":350,"height":200},"classes":[]},{"id":9060,"url":"https:\/\/www.shqiperia.com\/blog\/jahja-drancolli-repetitio-est-mater-studiorum-ose-zbulimi-i-znj-nadin-te-nje-libri-te-ri-me-autor-marin-barleci\/","url_meta":{"origin":29845,"position":4},"title":"Zbulim apo Rizbulim nga Lucia Nadin per Barletin.-","author":"Kurt Farka","date":"June 24, 2018","format":false,"excerpt":"Jahja Drancolli. -\u201cRepetitio est mater studiorum\u201d ose zbulimi i znj. Nadin t\u00eb nj\u00eb libri t\u00eb ri me autor Marin Barleci!- Shfryt\u00ebzoj\u00eb nga rasti q\u00eb n\u00eb \u201cVitin Mbar\u00ebkomb\u00ebtar t\u00eb Sk\u00ebnderbeut\u201d t\u00eb p\u00ebrg\u00ebzoj\u00eb znj. Nadin p\u00ebr k\u00ebmb\u00ebnguljen e saj n\u00eb th\u00ebllim e studimeve albanologjike, nd\u00ebrsa sa i p\u00ebrket zbulimit q\u00eb \u00ebsht\u00eb duke\u2026","rel":"","context":"In &quot;Histori&quot;","block_context":{"text":"Histori","link":"https:\/\/www.shqiperia.com\/blog\/category\/histori\/"},"img":{"alt_text":"","src":"https:\/\/i0.wp.com\/www.shqiperia.com\/blog\/wp-content\/uploads\/2018\/06\/36029580_1890297691269727_332188979879215104_n.jpg?fit=547%2C315&ssl=1&resize=350%2C200","width":350,"height":200,"srcset":"https:\/\/i0.wp.com\/www.shqiperia.com\/blog\/wp-content\/uploads\/2018\/06\/36029580_1890297691269727_332188979879215104_n.jpg?fit=547%2C315&ssl=1&resize=350%2C200 1x, https:\/\/i0.wp.com\/www.shqiperia.com\/blog\/wp-content\/uploads\/2018\/06\/36029580_1890297691269727_332188979879215104_n.jpg?fit=547%2C315&ssl=1&resize=525%2C300 1.5x"},"classes":[]},{"id":24426,"url":"https:\/\/www.shqiperia.com\/blog\/libri-shkencor-arkeologjik-tuma-e-rehoves-i-profesor-skender-aliut\/","url_meta":{"origin":29845,"position":5},"title":"Libri Shkencor Arkeologjik &#8220;Tuma e Rehoves&#8221; i Profesor Skender Aliut. &#8211;","author":"Kurt Farka","date":"August 7, 2019","format":false,"excerpt":"Libri Shkencor Arkeologjik Tuma e Rehoves i Profesor Skender Aliut megjithse ka pak vite qe eshte botuar eshte kthyer ne botim i rralle. Skender Aliu bir i Kolonjes eshte bere i pandare nga Pasuria\u00a0 arkeologjike\u00a0 e Kolonjes. Kjo fale perkushtimit dhe punes sistematike shkencore prej disa dekadash. Skenderi ka lindur\u2026","rel":"","context":"In &quot;Histori&quot;","block_context":{"text":"Histori","link":"https:\/\/www.shqiperia.com\/blog\/category\/histori\/"},"img":{"alt_text":"","src":"https:\/\/i0.wp.com\/www.shqiperia.com\/blog\/wp-content\/uploads\/2019\/08\/1-Tuma-e-Rehoves-Arkeologu-Skender-Aliu.jpg?fit=1200%2C814&ssl=1&resize=350%2C200","width":350,"height":200,"srcset":"https:\/\/i0.wp.com\/www.shqiperia.com\/blog\/wp-content\/uploads\/2019\/08\/1-Tuma-e-Rehoves-Arkeologu-Skender-Aliu.jpg?fit=1200%2C814&ssl=1&resize=350%2C200 1x, https:\/\/i0.wp.com\/www.shqiperia.com\/blog\/wp-content\/uploads\/2019\/08\/1-Tuma-e-Rehoves-Arkeologu-Skender-Aliu.jpg?fit=1200%2C814&ssl=1&resize=525%2C300 1.5x, https:\/\/i0.wp.com\/www.shqiperia.com\/blog\/wp-content\/uploads\/2019\/08\/1-Tuma-e-Rehoves-Arkeologu-Skender-Aliu.jpg?fit=1200%2C814&ssl=1&resize=700%2C400 2x, https:\/\/i0.wp.com\/www.shqiperia.com\/blog\/wp-content\/uploads\/2019\/08\/1-Tuma-e-Rehoves-Arkeologu-Skender-Aliu.jpg?fit=1200%2C814&ssl=1&resize=1050%2C600 3x"},"classes":[]}],"_links":{"self":[{"href":"https:\/\/www.shqiperia.com\/blog\/wp-json\/wp\/v2\/posts\/29845","targetHints":{"allow":["GET"]}}],"collection":[{"href":"https:\/\/www.shqiperia.com\/blog\/wp-json\/wp\/v2\/posts"}],"about":[{"href":"https:\/\/www.shqiperia.com\/blog\/wp-json\/wp\/v2\/types\/post"}],"author":[{"embeddable":true,"href":"https:\/\/www.shqiperia.com\/blog\/wp-json\/wp\/v2\/users\/9"}],"replies":[{"embeddable":true,"href":"https:\/\/www.shqiperia.com\/blog\/wp-json\/wp\/v2\/comments?post=29845"}],"version-history":[{"count":3,"href":"https:\/\/www.shqiperia.com\/blog\/wp-json\/wp\/v2\/posts\/29845\/revisions"}],"predecessor-version":[{"id":29850,"href":"https:\/\/www.shqiperia.com\/blog\/wp-json\/wp\/v2\/posts\/29845\/revisions\/29850"}],"wp:featuredmedia":[{"embeddable":true,"href":"https:\/\/www.shqiperia.com\/blog\/wp-json\/wp\/v2\/media\/29846"}],"wp:attachment":[{"href":"https:\/\/www.shqiperia.com\/blog\/wp-json\/wp\/v2\/media?parent=29845"}],"wp:term":[{"taxonomy":"category","embeddable":true,"href":"https:\/\/www.shqiperia.com\/blog\/wp-json\/wp\/v2\/categories?post=29845"},{"taxonomy":"post_tag","embeddable":true,"href":"https:\/\/www.shqiperia.com\/blog\/wp-json\/wp\/v2\/tags?post=29845"}],"curies":[{"name":"wp","href":"https:\/\/api.w.org\/{rel}","templated":true}]}}