{"id":29834,"date":"2019-12-29T10:26:20","date_gmt":"2019-12-29T10:26:20","guid":{"rendered":"https:\/\/www.shqiperia.com\/blog\/?p=29834"},"modified":"2019-12-29T10:29:56","modified_gmt":"2019-12-29T10:29:56","slug":"album-me-vepra-teartit-te-arteve-figurative-te-autorit-besmir-latifi","status":"publish","type":"post","link":"https:\/\/www.shqiperia.com\/blog\/album-me-vepra-teartit-te-arteve-figurative-te-autorit-besmir-latifi\/","title":{"rendered":"Album me vepra teartit te Arteve figurative te autorit Besmir Latifi"},"content":{"rendered":"<div id=\"attachment_29817\" style=\"width: 616px\" class=\"wp-caption alignnone\"><img data-recalc-dims=\"1\" loading=\"lazy\" decoding=\"async\" aria-describedby=\"caption-attachment-29817\" data-attachment-id=\"29817\" data-permalink=\"https:\/\/www.shqiperia.com\/blog\/album-me-vepra-teartit-te-arteve-figurative-te-autorit-besmir-latifi-2\/piktori-besmir-latifi-3\/\" data-orig-file=\"https:\/\/i0.wp.com\/www.shqiperia.com\/blog\/wp-content\/uploads\/2019\/12\/Piktori-Besmir-Latifi-3.jpeg?fit=1280%2C789&amp;ssl=1\" data-orig-size=\"1280,789\" data-comments-opened=\"1\" data-image-meta=\"{&quot;aperture&quot;:&quot;0&quot;,&quot;credit&quot;:&quot;&quot;,&quot;camera&quot;:&quot;&quot;,&quot;caption&quot;:&quot;&quot;,&quot;created_timestamp&quot;:&quot;0&quot;,&quot;copyright&quot;:&quot;&quot;,&quot;focal_length&quot;:&quot;0&quot;,&quot;iso&quot;:&quot;0&quot;,&quot;shutter_speed&quot;:&quot;0&quot;,&quot;title&quot;:&quot;&quot;,&quot;orientation&quot;:&quot;0&quot;}\" data-image-title=\"Piktori Besmir Latifi (3)\" data-image-description=\"\" data-image-caption=\"&lt;p&gt;Album me vepra teartit te Arteve figurative te autorit Besmir Latii&lt;\/p&gt;\n\" data-medium-file=\"https:\/\/i0.wp.com\/www.shqiperia.com\/blog\/wp-content\/uploads\/2019\/12\/Piktori-Besmir-Latifi-3.jpeg?fit=300%2C185&amp;ssl=1\" data-large-file=\"https:\/\/i0.wp.com\/www.shqiperia.com\/blog\/wp-content\/uploads\/2019\/12\/Piktori-Besmir-Latifi-3.jpeg?fit=1024%2C631&amp;ssl=1\" class=\" wp-image-29817\" alt=\"\" src=\"https:\/\/i0.wp.com\/www.shqiperia.com\/blog\/wp-content\/uploads\/2019\/12\/Piktori-Besmir-Latifi-3.jpeg?resize=606%2C374&#038;ssl=1\" width=\"606\" height=\"374\" srcset=\"https:\/\/i0.wp.com\/www.shqiperia.com\/blog\/wp-content\/uploads\/2019\/12\/Piktori-Besmir-Latifi-3.jpeg?resize=300%2C185&amp;ssl=1 300w, https:\/\/i0.wp.com\/www.shqiperia.com\/blog\/wp-content\/uploads\/2019\/12\/Piktori-Besmir-Latifi-3.jpeg?resize=1024%2C631&amp;ssl=1 1024w, https:\/\/i0.wp.com\/www.shqiperia.com\/blog\/wp-content\/uploads\/2019\/12\/Piktori-Besmir-Latifi-3.jpeg?resize=768%2C473&amp;ssl=1 768w, https:\/\/i0.wp.com\/www.shqiperia.com\/blog\/wp-content\/uploads\/2019\/12\/Piktori-Besmir-Latifi-3.jpeg?resize=450%2C277&amp;ssl=1 450w, https:\/\/i0.wp.com\/www.shqiperia.com\/blog\/wp-content\/uploads\/2019\/12\/Piktori-Besmir-Latifi-3.jpeg?resize=600%2C370&amp;ssl=1 600w, https:\/\/i0.wp.com\/www.shqiperia.com\/blog\/wp-content\/uploads\/2019\/12\/Piktori-Besmir-Latifi-3.jpeg?resize=400%2C247&amp;ssl=1 400w, https:\/\/i0.wp.com\/www.shqiperia.com\/blog\/wp-content\/uploads\/2019\/12\/Piktori-Besmir-Latifi-3.jpeg?w=1280&amp;ssl=1 1280w\" sizes=\"auto, (max-width: 606px) 100vw, 606px\" \/><p id=\"caption-attachment-29817\" class=\"wp-caption-text\">Album me vepra teartit te Arteve figurative te autorit Besmir Latifi<\/p><\/div>\n<h1 class=\"entry-title\">Album me vepra teartit te Arteve figurative te autorit Besmir Latifi<\/h1>\n<p><img data-recalc-dims=\"1\" loading=\"lazy\" decoding=\"async\" data-attachment-id=\"29824\" data-permalink=\"https:\/\/www.shqiperia.com\/blog\/album-me-vepra-teartit-te-arteve-figurative-te-autorit-besmir-latifi-2\/piktori-besmir-latifi-6\/\" data-orig-file=\"https:\/\/i0.wp.com\/www.shqiperia.com\/blog\/wp-content\/uploads\/2019\/12\/Piktori-Besmir-Latifi-6.jpeg?fit=900%2C1200&amp;ssl=1\" data-orig-size=\"900,1200\" data-comments-opened=\"1\" data-image-meta=\"{&quot;aperture&quot;:&quot;0&quot;,&quot;credit&quot;:&quot;&quot;,&quot;camera&quot;:&quot;&quot;,&quot;caption&quot;:&quot;&quot;,&quot;created_timestamp&quot;:&quot;0&quot;,&quot;copyright&quot;:&quot;&quot;,&quot;focal_length&quot;:&quot;0&quot;,&quot;iso&quot;:&quot;0&quot;,&quot;shutter_speed&quot;:&quot;0&quot;,&quot;title&quot;:&quot;&quot;,&quot;orientation&quot;:&quot;0&quot;}\" data-image-title=\"Piktori Besmir Latifi (6)\" data-image-description=\"\" data-image-caption=\"\" data-medium-file=\"https:\/\/i0.wp.com\/www.shqiperia.com\/blog\/wp-content\/uploads\/2019\/12\/Piktori-Besmir-Latifi-6.jpeg?fit=225%2C300&amp;ssl=1\" data-large-file=\"https:\/\/i0.wp.com\/www.shqiperia.com\/blog\/wp-content\/uploads\/2019\/12\/Piktori-Besmir-Latifi-6.jpeg?fit=768%2C1024&amp;ssl=1\" class=\"alignnone wp-image-29824\" alt=\"\" src=\"https:\/\/i0.wp.com\/www.shqiperia.com\/blog\/wp-content\/uploads\/2019\/12\/Piktori-Besmir-Latifi-6.jpeg?resize=371%2C495&#038;ssl=1\" width=\"371\" height=\"495\" srcset=\"https:\/\/i0.wp.com\/www.shqiperia.com\/blog\/wp-content\/uploads\/2019\/12\/Piktori-Besmir-Latifi-6.jpeg?resize=225%2C300&amp;ssl=1 225w, https:\/\/i0.wp.com\/www.shqiperia.com\/blog\/wp-content\/uploads\/2019\/12\/Piktori-Besmir-Latifi-6.jpeg?resize=768%2C1024&amp;ssl=1 768w, https:\/\/i0.wp.com\/www.shqiperia.com\/blog\/wp-content\/uploads\/2019\/12\/Piktori-Besmir-Latifi-6.jpeg?resize=450%2C600&amp;ssl=1 450w, https:\/\/i0.wp.com\/www.shqiperia.com\/blog\/wp-content\/uploads\/2019\/12\/Piktori-Besmir-Latifi-6.jpeg?resize=600%2C800&amp;ssl=1 600w, https:\/\/i0.wp.com\/www.shqiperia.com\/blog\/wp-content\/uploads\/2019\/12\/Piktori-Besmir-Latifi-6.jpeg?resize=400%2C533&amp;ssl=1 400w, https:\/\/i0.wp.com\/www.shqiperia.com\/blog\/wp-content\/uploads\/2019\/12\/Piktori-Besmir-Latifi-6.jpeg?w=900&amp;ssl=1 900w\" sizes=\"auto, (max-width: 371px) 100vw, 371px\" \/> <img data-recalc-dims=\"1\" loading=\"lazy\" decoding=\"async\" data-attachment-id=\"29823\" data-permalink=\"https:\/\/www.shqiperia.com\/blog\/album-me-vepra-teartit-te-arteve-figurative-te-autorit-besmir-latifi-2\/piktori-besmir-latifi-5\/\" data-orig-file=\"https:\/\/i0.wp.com\/www.shqiperia.com\/blog\/wp-content\/uploads\/2019\/12\/Piktori-Besmir-Latifi-5.jpeg?fit=960%2C1280&amp;ssl=1\" data-orig-size=\"960,1280\" data-comments-opened=\"1\" data-image-meta=\"{&quot;aperture&quot;:&quot;0&quot;,&quot;credit&quot;:&quot;&quot;,&quot;camera&quot;:&quot;&quot;,&quot;caption&quot;:&quot;&quot;,&quot;created_timestamp&quot;:&quot;0&quot;,&quot;copyright&quot;:&quot;&quot;,&quot;focal_length&quot;:&quot;0&quot;,&quot;iso&quot;:&quot;0&quot;,&quot;shutter_speed&quot;:&quot;0&quot;,&quot;title&quot;:&quot;&quot;,&quot;orientation&quot;:&quot;0&quot;}\" data-image-title=\"Piktori Besmir Latifi (5)\" data-image-description=\"\" data-image-caption=\"\" data-medium-file=\"https:\/\/i0.wp.com\/www.shqiperia.com\/blog\/wp-content\/uploads\/2019\/12\/Piktori-Besmir-Latifi-5.jpeg?fit=225%2C300&amp;ssl=1\" data-large-file=\"https:\/\/i0.wp.com\/www.shqiperia.com\/blog\/wp-content\/uploads\/2019\/12\/Piktori-Besmir-Latifi-5.jpeg?fit=768%2C1024&amp;ssl=1\" class=\"alignnone wp-image-29823\" alt=\"\" src=\"https:\/\/i0.wp.com\/www.shqiperia.com\/blog\/wp-content\/uploads\/2019\/12\/Piktori-Besmir-Latifi-5.jpeg?resize=471%2C628&#038;ssl=1\" width=\"471\" height=\"628\" srcset=\"https:\/\/i0.wp.com\/www.shqiperia.com\/blog\/wp-content\/uploads\/2019\/12\/Piktori-Besmir-Latifi-5.jpeg?resize=225%2C300&amp;ssl=1 225w, https:\/\/i0.wp.com\/www.shqiperia.com\/blog\/wp-content\/uploads\/2019\/12\/Piktori-Besmir-Latifi-5.jpeg?resize=768%2C1024&amp;ssl=1 768w, https:\/\/i0.wp.com\/www.shqiperia.com\/blog\/wp-content\/uploads\/2019\/12\/Piktori-Besmir-Latifi-5.jpeg?resize=450%2C600&amp;ssl=1 450w, https:\/\/i0.wp.com\/www.shqiperia.com\/blog\/wp-content\/uploads\/2019\/12\/Piktori-Besmir-Latifi-5.jpeg?resize=600%2C800&amp;ssl=1 600w, https:\/\/i0.wp.com\/www.shqiperia.com\/blog\/wp-content\/uploads\/2019\/12\/Piktori-Besmir-Latifi-5.jpeg?resize=400%2C533&amp;ssl=1 400w, https:\/\/i0.wp.com\/www.shqiperia.com\/blog\/wp-content\/uploads\/2019\/12\/Piktori-Besmir-Latifi-5.jpeg?w=960&amp;ssl=1 960w\" sizes=\"auto, (max-width: 471px) 100vw, 471px\" \/> <img data-recalc-dims=\"1\" loading=\"lazy\" decoding=\"async\" data-attachment-id=\"29822\" data-permalink=\"https:\/\/www.shqiperia.com\/blog\/album-me-vepra-teartit-te-arteve-figurative-te-autorit-besmir-latifi-2\/piktori-besmir-latifi-4\/\" data-orig-file=\"https:\/\/i0.wp.com\/www.shqiperia.com\/blog\/wp-content\/uploads\/2019\/12\/Piktori-Besmir-Latifi-4.jpeg?fit=960%2C1280&amp;ssl=1\" data-orig-size=\"960,1280\" data-comments-opened=\"1\" data-image-meta=\"{&quot;aperture&quot;:&quot;0&quot;,&quot;credit&quot;:&quot;&quot;,&quot;camera&quot;:&quot;&quot;,&quot;caption&quot;:&quot;&quot;,&quot;created_timestamp&quot;:&quot;0&quot;,&quot;copyright&quot;:&quot;&quot;,&quot;focal_length&quot;:&quot;0&quot;,&quot;iso&quot;:&quot;0&quot;,&quot;shutter_speed&quot;:&quot;0&quot;,&quot;title&quot;:&quot;&quot;,&quot;orientation&quot;:&quot;0&quot;}\" data-image-title=\"Piktori Besmir Latifi (4)\" data-image-description=\"\" data-image-caption=\"\" data-medium-file=\"https:\/\/i0.wp.com\/www.shqiperia.com\/blog\/wp-content\/uploads\/2019\/12\/Piktori-Besmir-Latifi-4.jpeg?fit=225%2C300&amp;ssl=1\" data-large-file=\"https:\/\/i0.wp.com\/www.shqiperia.com\/blog\/wp-content\/uploads\/2019\/12\/Piktori-Besmir-Latifi-4.jpeg?fit=768%2C1024&amp;ssl=1\" class=\"alignnone wp-image-29822\" alt=\"\" src=\"https:\/\/i0.wp.com\/www.shqiperia.com\/blog\/wp-content\/uploads\/2019\/12\/Piktori-Besmir-Latifi-4.jpeg?resize=725%2C965&#038;ssl=1\" width=\"725\" height=\"965\" srcset=\"https:\/\/i0.wp.com\/www.shqiperia.com\/blog\/wp-content\/uploads\/2019\/12\/Piktori-Besmir-Latifi-4.jpeg?resize=225%2C300&amp;ssl=1 225w, https:\/\/i0.wp.com\/www.shqiperia.com\/blog\/wp-content\/uploads\/2019\/12\/Piktori-Besmir-Latifi-4.jpeg?resize=450%2C600&amp;ssl=1 450w, https:\/\/i0.wp.com\/www.shqiperia.com\/blog\/wp-content\/uploads\/2019\/12\/Piktori-Besmir-Latifi-4.jpeg?resize=600%2C800&amp;ssl=1 600w, https:\/\/i0.wp.com\/www.shqiperia.com\/blog\/wp-content\/uploads\/2019\/12\/Piktori-Besmir-Latifi-4.jpeg?resize=400%2C533&amp;ssl=1 400w\" sizes=\"auto, (max-width: 725px) 100vw, 725px\" \/> <img data-recalc-dims=\"1\" loading=\"lazy\" decoding=\"async\" data-attachment-id=\"29821\" data-permalink=\"https:\/\/www.shqiperia.com\/blog\/album-me-vepra-teartit-te-arteve-figurative-te-autorit-besmir-latifi-2\/piktori-besmir-latifi-2\/\" data-orig-file=\"https:\/\/i0.wp.com\/www.shqiperia.com\/blog\/wp-content\/uploads\/2019\/12\/Piktori-Besmir-Latifi-2.jpeg?fit=720%2C1280&amp;ssl=1\" data-orig-size=\"720,1280\" data-comments-opened=\"1\" data-image-meta=\"{&quot;aperture&quot;:&quot;0&quot;,&quot;credit&quot;:&quot;&quot;,&quot;camera&quot;:&quot;&quot;,&quot;caption&quot;:&quot;&quot;,&quot;created_timestamp&quot;:&quot;0&quot;,&quot;copyright&quot;:&quot;&quot;,&quot;focal_length&quot;:&quot;0&quot;,&quot;iso&quot;:&quot;0&quot;,&quot;shutter_speed&quot;:&quot;0&quot;,&quot;title&quot;:&quot;&quot;,&quot;orientation&quot;:&quot;0&quot;}\" data-image-title=\"Piktori Besmir Latifi (2)\" data-image-description=\"\" data-image-caption=\"\" data-medium-file=\"https:\/\/i0.wp.com\/www.shqiperia.com\/blog\/wp-content\/uploads\/2019\/12\/Piktori-Besmir-Latifi-2.jpeg?fit=169%2C300&amp;ssl=1\" data-large-file=\"https:\/\/i0.wp.com\/www.shqiperia.com\/blog\/wp-content\/uploads\/2019\/12\/Piktori-Besmir-Latifi-2.jpeg?fit=576%2C1024&amp;ssl=1\" class=\"alignnone wp-image-29821\" alt=\"\" src=\"https:\/\/i0.wp.com\/www.shqiperia.com\/blog\/wp-content\/uploads\/2019\/12\/Piktori-Besmir-Latifi-2.jpeg?resize=468%2C831&#038;ssl=1\" width=\"468\" height=\"831\" srcset=\"https:\/\/i0.wp.com\/www.shqiperia.com\/blog\/wp-content\/uploads\/2019\/12\/Piktori-Besmir-Latifi-2.jpeg?resize=169%2C300&amp;ssl=1 169w, https:\/\/i0.wp.com\/www.shqiperia.com\/blog\/wp-content\/uploads\/2019\/12\/Piktori-Besmir-Latifi-2.jpeg?resize=576%2C1024&amp;ssl=1 576w, https:\/\/i0.wp.com\/www.shqiperia.com\/blog\/wp-content\/uploads\/2019\/12\/Piktori-Besmir-Latifi-2.jpeg?resize=450%2C800&amp;ssl=1 450w, https:\/\/i0.wp.com\/www.shqiperia.com\/blog\/wp-content\/uploads\/2019\/12\/Piktori-Besmir-Latifi-2.jpeg?resize=600%2C1067&amp;ssl=1 600w, https:\/\/i0.wp.com\/www.shqiperia.com\/blog\/wp-content\/uploads\/2019\/12\/Piktori-Besmir-Latifi-2.jpeg?resize=400%2C711&amp;ssl=1 400w, https:\/\/i0.wp.com\/www.shqiperia.com\/blog\/wp-content\/uploads\/2019\/12\/Piktori-Besmir-Latifi-2.jpeg?w=720&amp;ssl=1 720w\" sizes=\"auto, (max-width: 468px) 100vw, 468px\" \/> <img data-recalc-dims=\"1\" loading=\"lazy\" decoding=\"async\" data-attachment-id=\"29820\" data-permalink=\"https:\/\/www.shqiperia.com\/blog\/album-me-vepra-teartit-te-arteve-figurative-te-autorit-besmir-latifi-2\/whatsapp-image-2017-06-20-at-13-36-36\/\" data-orig-file=\"https:\/\/i0.wp.com\/www.shqiperia.com\/blog\/wp-content\/uploads\/2019\/12\/WhatsApp-Image-2017-06-20-at-13.36.36.jpeg?fit=1200%2C900&amp;ssl=1\" data-orig-size=\"1200,900\" data-comments-opened=\"1\" data-image-meta=\"{&quot;aperture&quot;:&quot;0&quot;,&quot;credit&quot;:&quot;&quot;,&quot;camera&quot;:&quot;&quot;,&quot;caption&quot;:&quot;&quot;,&quot;created_timestamp&quot;:&quot;0&quot;,&quot;copyright&quot;:&quot;&quot;,&quot;focal_length&quot;:&quot;0&quot;,&quot;iso&quot;:&quot;0&quot;,&quot;shutter_speed&quot;:&quot;0&quot;,&quot;title&quot;:&quot;&quot;,&quot;orientation&quot;:&quot;0&quot;}\" data-image-title=\"WhatsApp-Image-2017-06-20-at-13.36.36\" data-image-description=\"\" data-image-caption=\"\" data-medium-file=\"https:\/\/i0.wp.com\/www.shqiperia.com\/blog\/wp-content\/uploads\/2019\/12\/WhatsApp-Image-2017-06-20-at-13.36.36.jpeg?fit=300%2C225&amp;ssl=1\" data-large-file=\"https:\/\/i0.wp.com\/www.shqiperia.com\/blog\/wp-content\/uploads\/2019\/12\/WhatsApp-Image-2017-06-20-at-13.36.36.jpeg?fit=1024%2C768&amp;ssl=1\" class=\"alignnone wp-image-29820\" alt=\"\" src=\"https:\/\/i0.wp.com\/www.shqiperia.com\/blog\/wp-content\/uploads\/2019\/12\/WhatsApp-Image-2017-06-20-at-13.36.36.jpeg?resize=831%2C624&#038;ssl=1\" width=\"831\" height=\"624\" srcset=\"https:\/\/i0.wp.com\/www.shqiperia.com\/blog\/wp-content\/uploads\/2019\/12\/WhatsApp-Image-2017-06-20-at-13.36.36.jpeg?resize=300%2C225&amp;ssl=1 300w, https:\/\/i0.wp.com\/www.shqiperia.com\/blog\/wp-content\/uploads\/2019\/12\/WhatsApp-Image-2017-06-20-at-13.36.36.jpeg?resize=1024%2C768&amp;ssl=1 1024w, https:\/\/i0.wp.com\/www.shqiperia.com\/blog\/wp-content\/uploads\/2019\/12\/WhatsApp-Image-2017-06-20-at-13.36.36.jpeg?resize=768%2C576&amp;ssl=1 768w, https:\/\/i0.wp.com\/www.shqiperia.com\/blog\/wp-content\/uploads\/2019\/12\/WhatsApp-Image-2017-06-20-at-13.36.36.jpeg?resize=450%2C338&amp;ssl=1 450w, https:\/\/i0.wp.com\/www.shqiperia.com\/blog\/wp-content\/uploads\/2019\/12\/WhatsApp-Image-2017-06-20-at-13.36.36.jpeg?resize=600%2C450&amp;ssl=1 600w, https:\/\/i0.wp.com\/www.shqiperia.com\/blog\/wp-content\/uploads\/2019\/12\/WhatsApp-Image-2017-06-20-at-13.36.36.jpeg?resize=400%2C300&amp;ssl=1 400w, https:\/\/i0.wp.com\/www.shqiperia.com\/blog\/wp-content\/uploads\/2019\/12\/WhatsApp-Image-2017-06-20-at-13.36.36.jpeg?w=1200&amp;ssl=1 1200w\" sizes=\"auto, (max-width: 831px) 100vw, 831px\" \/> <img data-recalc-dims=\"1\" loading=\"lazy\" decoding=\"async\" data-attachment-id=\"29819\" data-permalink=\"https:\/\/www.shqiperia.com\/blog\/album-me-vepra-teartit-te-arteve-figurative-te-autorit-besmir-latifi-2\/piktori-besmir-latifi\/\" data-orig-file=\"https:\/\/i0.wp.com\/www.shqiperia.com\/blog\/wp-content\/uploads\/2019\/12\/Piktori-Besmir-Latifi.jpeg?fit=1280%2C960&amp;ssl=1\" data-orig-size=\"1280,960\" data-comments-opened=\"1\" data-image-meta=\"{&quot;aperture&quot;:&quot;0&quot;,&quot;credit&quot;:&quot;&quot;,&quot;camera&quot;:&quot;&quot;,&quot;caption&quot;:&quot;&quot;,&quot;created_timestamp&quot;:&quot;0&quot;,&quot;copyright&quot;:&quot;&quot;,&quot;focal_length&quot;:&quot;0&quot;,&quot;iso&quot;:&quot;0&quot;,&quot;shutter_speed&quot;:&quot;0&quot;,&quot;title&quot;:&quot;&quot;,&quot;orientation&quot;:&quot;0&quot;}\" data-image-title=\"Piktori Besmir Latifi\" data-image-description=\"\" data-image-caption=\"\" data-medium-file=\"https:\/\/i0.wp.com\/www.shqiperia.com\/blog\/wp-content\/uploads\/2019\/12\/Piktori-Besmir-Latifi.jpeg?fit=300%2C225&amp;ssl=1\" data-large-file=\"https:\/\/i0.wp.com\/www.shqiperia.com\/blog\/wp-content\/uploads\/2019\/12\/Piktori-Besmir-Latifi.jpeg?fit=1024%2C768&amp;ssl=1\" class=\"alignnone wp-image-29819\" alt=\"\" src=\"https:\/\/i0.wp.com\/www.shqiperia.com\/blog\/wp-content\/uploads\/2019\/12\/Piktori-Besmir-Latifi.jpeg?resize=835%2C626&#038;ssl=1\" width=\"835\" height=\"626\" srcset=\"https:\/\/i0.wp.com\/www.shqiperia.com\/blog\/wp-content\/uploads\/2019\/12\/Piktori-Besmir-Latifi.jpeg?resize=300%2C225&amp;ssl=1 300w, https:\/\/i0.wp.com\/www.shqiperia.com\/blog\/wp-content\/uploads\/2019\/12\/Piktori-Besmir-Latifi.jpeg?resize=1024%2C768&amp;ssl=1 1024w, https:\/\/i0.wp.com\/www.shqiperia.com\/blog\/wp-content\/uploads\/2019\/12\/Piktori-Besmir-Latifi.jpeg?resize=768%2C576&amp;ssl=1 768w, https:\/\/i0.wp.com\/www.shqiperia.com\/blog\/wp-content\/uploads\/2019\/12\/Piktori-Besmir-Latifi.jpeg?resize=450%2C338&amp;ssl=1 450w, https:\/\/i0.wp.com\/www.shqiperia.com\/blog\/wp-content\/uploads\/2019\/12\/Piktori-Besmir-Latifi.jpeg?resize=600%2C450&amp;ssl=1 600w, https:\/\/i0.wp.com\/www.shqiperia.com\/blog\/wp-content\/uploads\/2019\/12\/Piktori-Besmir-Latifi.jpeg?resize=400%2C300&amp;ssl=1 400w, https:\/\/i0.wp.com\/www.shqiperia.com\/blog\/wp-content\/uploads\/2019\/12\/Piktori-Besmir-Latifi.jpeg?w=1280&amp;ssl=1 1280w\" sizes=\"auto, (max-width: 835px) 100vw, 835px\" \/><\/p>\n<div id=\"attachment_29818\" style=\"width: 689px\" class=\"wp-caption alignnone\"><img data-recalc-dims=\"1\" loading=\"lazy\" decoding=\"async\" aria-describedby=\"caption-attachment-29818\" data-attachment-id=\"29818\" data-permalink=\"https:\/\/www.shqiperia.com\/blog\/album-me-vepra-teartit-te-arteve-figurative-te-autorit-besmir-latifi-2\/piktori-besmir-latifi-10\/\" data-orig-file=\"https:\/\/i0.wp.com\/www.shqiperia.com\/blog\/wp-content\/uploads\/2019\/12\/Piktori-Besmir-Latifi-10.jpeg?fit=873%2C1200&amp;ssl=1\" data-orig-size=\"873,1200\" data-comments-opened=\"1\" data-image-meta=\"{&quot;aperture&quot;:&quot;0&quot;,&quot;credit&quot;:&quot;&quot;,&quot;camera&quot;:&quot;&quot;,&quot;caption&quot;:&quot;&quot;,&quot;created_timestamp&quot;:&quot;0&quot;,&quot;copyright&quot;:&quot;&quot;,&quot;focal_length&quot;:&quot;0&quot;,&quot;iso&quot;:&quot;0&quot;,&quot;shutter_speed&quot;:&quot;0&quot;,&quot;title&quot;:&quot;&quot;,&quot;orientation&quot;:&quot;0&quot;}\" data-image-title=\"Piktori Besmir Latifi (10)\" data-image-description=\"\" data-image-caption=\"&lt;p&gt;Album me vepra teartit te Arteve figurative te autorit Besmir Latii&lt;\/p&gt;\n\" data-medium-file=\"https:\/\/i0.wp.com\/www.shqiperia.com\/blog\/wp-content\/uploads\/2019\/12\/Piktori-Besmir-Latifi-10.jpeg?fit=218%2C300&amp;ssl=1\" data-large-file=\"https:\/\/i0.wp.com\/www.shqiperia.com\/blog\/wp-content\/uploads\/2019\/12\/Piktori-Besmir-Latifi-10.jpeg?fit=745%2C1024&amp;ssl=1\" class=\" wp-image-29818\" alt=\"\" src=\"https:\/\/i0.wp.com\/www.shqiperia.com\/blog\/wp-content\/uploads\/2019\/12\/Piktori-Besmir-Latifi-10.jpeg?resize=679%2C934&#038;ssl=1\" width=\"679\" height=\"934\" srcset=\"https:\/\/i0.wp.com\/www.shqiperia.com\/blog\/wp-content\/uploads\/2019\/12\/Piktori-Besmir-Latifi-10.jpeg?resize=218%2C300&amp;ssl=1 218w, https:\/\/i0.wp.com\/www.shqiperia.com\/blog\/wp-content\/uploads\/2019\/12\/Piktori-Besmir-Latifi-10.jpeg?resize=745%2C1024&amp;ssl=1 745w, https:\/\/i0.wp.com\/www.shqiperia.com\/blog\/wp-content\/uploads\/2019\/12\/Piktori-Besmir-Latifi-10.jpeg?resize=768%2C1056&amp;ssl=1 768w, https:\/\/i0.wp.com\/www.shqiperia.com\/blog\/wp-content\/uploads\/2019\/12\/Piktori-Besmir-Latifi-10.jpeg?resize=450%2C619&amp;ssl=1 450w, https:\/\/i0.wp.com\/www.shqiperia.com\/blog\/wp-content\/uploads\/2019\/12\/Piktori-Besmir-Latifi-10.jpeg?resize=600%2C825&amp;ssl=1 600w, https:\/\/i0.wp.com\/www.shqiperia.com\/blog\/wp-content\/uploads\/2019\/12\/Piktori-Besmir-Latifi-10.jpeg?resize=400%2C550&amp;ssl=1 400w, https:\/\/i0.wp.com\/www.shqiperia.com\/blog\/wp-content\/uploads\/2019\/12\/Piktori-Besmir-Latifi-10.jpeg?w=873&amp;ssl=1 873w\" sizes=\"auto, (max-width: 679px) 100vw, 679px\" \/><p id=\"caption-attachment-29818\" class=\"wp-caption-text\">Album me vepra teartit te Arteve figurative te autorit Besmir Latii<\/p><\/div>\n<p><img data-recalc-dims=\"1\" loading=\"lazy\" decoding=\"async\" data-attachment-id=\"29837\" data-permalink=\"https:\/\/www.shqiperia.com\/blog\/album-me-vepra-teartit-te-arteve-figurative-te-autorit-besmir-latifi\/piktori-besmir-latifi-6-2\/\" data-orig-file=\"https:\/\/i0.wp.com\/www.shqiperia.com\/blog\/wp-content\/uploads\/2019\/12\/Piktori-Besmir-Latifi-6-1.jpeg?fit=900%2C1200&amp;ssl=1\" data-orig-size=\"900,1200\" data-comments-opened=\"1\" data-image-meta=\"{&quot;aperture&quot;:&quot;0&quot;,&quot;credit&quot;:&quot;&quot;,&quot;camera&quot;:&quot;&quot;,&quot;caption&quot;:&quot;&quot;,&quot;created_timestamp&quot;:&quot;0&quot;,&quot;copyright&quot;:&quot;&quot;,&quot;focal_length&quot;:&quot;0&quot;,&quot;iso&quot;:&quot;0&quot;,&quot;shutter_speed&quot;:&quot;0&quot;,&quot;title&quot;:&quot;&quot;,&quot;orientation&quot;:&quot;0&quot;}\" data-image-title=\"Piktori Besmir Latifi (6)\" data-image-description=\"\" data-image-caption=\"\" data-medium-file=\"https:\/\/i0.wp.com\/www.shqiperia.com\/blog\/wp-content\/uploads\/2019\/12\/Piktori-Besmir-Latifi-6-1.jpeg?fit=225%2C300&amp;ssl=1\" data-large-file=\"https:\/\/i0.wp.com\/www.shqiperia.com\/blog\/wp-content\/uploads\/2019\/12\/Piktori-Besmir-Latifi-6-1.jpeg?fit=768%2C1024&amp;ssl=1\" class=\"alignnone wp-image-29837\" alt=\"\" src=\"https:\/\/i0.wp.com\/www.shqiperia.com\/blog\/wp-content\/uploads\/2019\/12\/Piktori-Besmir-Latifi-6-1.jpeg?resize=604%2C805&#038;ssl=1\" width=\"604\" height=\"805\" srcset=\"https:\/\/i0.wp.com\/www.shqiperia.com\/blog\/wp-content\/uploads\/2019\/12\/Piktori-Besmir-Latifi-6-1.jpeg?resize=225%2C300&amp;ssl=1 225w, https:\/\/i0.wp.com\/www.shqiperia.com\/blog\/wp-content\/uploads\/2019\/12\/Piktori-Besmir-Latifi-6-1.jpeg?resize=768%2C1024&amp;ssl=1 768w, https:\/\/i0.wp.com\/www.shqiperia.com\/blog\/wp-content\/uploads\/2019\/12\/Piktori-Besmir-Latifi-6-1.jpeg?resize=450%2C600&amp;ssl=1 450w, https:\/\/i0.wp.com\/www.shqiperia.com\/blog\/wp-content\/uploads\/2019\/12\/Piktori-Besmir-Latifi-6-1.jpeg?resize=600%2C800&amp;ssl=1 600w, https:\/\/i0.wp.com\/www.shqiperia.com\/blog\/wp-content\/uploads\/2019\/12\/Piktori-Besmir-Latifi-6-1.jpeg?resize=400%2C533&amp;ssl=1 400w, https:\/\/i0.wp.com\/www.shqiperia.com\/blog\/wp-content\/uploads\/2019\/12\/Piktori-Besmir-Latifi-6-1.jpeg?w=900&amp;ssl=1 900w\" sizes=\"auto, (max-width: 604px) 100vw, 604px\" \/> <img data-recalc-dims=\"1\" loading=\"lazy\" decoding=\"async\" data-attachment-id=\"29838\" data-permalink=\"https:\/\/www.shqiperia.com\/blog\/album-me-vepra-teartit-te-arteve-figurative-te-autorit-besmir-latifi\/piktori-besmir-latifi-7-2\/\" data-orig-file=\"https:\/\/i0.wp.com\/www.shqiperia.com\/blog\/wp-content\/uploads\/2019\/12\/Piktori-Besmir-Latifi-7-1.jpeg?fit=1200%2C900&amp;ssl=1\" data-orig-size=\"1200,900\" data-comments-opened=\"1\" data-image-meta=\"{&quot;aperture&quot;:&quot;0&quot;,&quot;credit&quot;:&quot;&quot;,&quot;camera&quot;:&quot;&quot;,&quot;caption&quot;:&quot;&quot;,&quot;created_timestamp&quot;:&quot;0&quot;,&quot;copyright&quot;:&quot;&quot;,&quot;focal_length&quot;:&quot;0&quot;,&quot;iso&quot;:&quot;0&quot;,&quot;shutter_speed&quot;:&quot;0&quot;,&quot;title&quot;:&quot;&quot;,&quot;orientation&quot;:&quot;0&quot;}\" data-image-title=\"Piktori Besmir Latifi (7)\" data-image-description=\"\" data-image-caption=\"\" data-medium-file=\"https:\/\/i0.wp.com\/www.shqiperia.com\/blog\/wp-content\/uploads\/2019\/12\/Piktori-Besmir-Latifi-7-1.jpeg?fit=300%2C225&amp;ssl=1\" data-large-file=\"https:\/\/i0.wp.com\/www.shqiperia.com\/blog\/wp-content\/uploads\/2019\/12\/Piktori-Besmir-Latifi-7-1.jpeg?fit=1024%2C768&amp;ssl=1\" class=\"alignnone wp-image-29838\" alt=\"\" src=\"https:\/\/i0.wp.com\/www.shqiperia.com\/blog\/wp-content\/uploads\/2019\/12\/Piktori-Besmir-Latifi-7-1.jpeg?resize=879%2C659&#038;ssl=1\" width=\"879\" height=\"659\" srcset=\"https:\/\/i0.wp.com\/www.shqiperia.com\/blog\/wp-content\/uploads\/2019\/12\/Piktori-Besmir-Latifi-7-1.jpeg?resize=300%2C225&amp;ssl=1 300w, https:\/\/i0.wp.com\/www.shqiperia.com\/blog\/wp-content\/uploads\/2019\/12\/Piktori-Besmir-Latifi-7-1.jpeg?resize=1024%2C768&amp;ssl=1 1024w, https:\/\/i0.wp.com\/www.shqiperia.com\/blog\/wp-content\/uploads\/2019\/12\/Piktori-Besmir-Latifi-7-1.jpeg?resize=768%2C576&amp;ssl=1 768w, https:\/\/i0.wp.com\/www.shqiperia.com\/blog\/wp-content\/uploads\/2019\/12\/Piktori-Besmir-Latifi-7-1.jpeg?resize=450%2C338&amp;ssl=1 450w, https:\/\/i0.wp.com\/www.shqiperia.com\/blog\/wp-content\/uploads\/2019\/12\/Piktori-Besmir-Latifi-7-1.jpeg?resize=600%2C450&amp;ssl=1 600w, https:\/\/i0.wp.com\/www.shqiperia.com\/blog\/wp-content\/uploads\/2019\/12\/Piktori-Besmir-Latifi-7-1.jpeg?resize=400%2C300&amp;ssl=1 400w, https:\/\/i0.wp.com\/www.shqiperia.com\/blog\/wp-content\/uploads\/2019\/12\/Piktori-Besmir-Latifi-7-1.jpeg?w=1200&amp;ssl=1 1200w\" sizes=\"auto, (max-width: 879px) 100vw, 879px\" \/> <img data-recalc-dims=\"1\" loading=\"lazy\" decoding=\"async\" data-attachment-id=\"29839\" data-permalink=\"https:\/\/www.shqiperia.com\/blog\/album-me-vepra-teartit-te-arteve-figurative-te-autorit-besmir-latifi\/piktori-besmir-latifi-9-2\/\" data-orig-file=\"https:\/\/i0.wp.com\/www.shqiperia.com\/blog\/wp-content\/uploads\/2019\/12\/Piktori-Besmir-Latifi-9-1.jpeg?fit=1200%2C1200&amp;ssl=1\" data-orig-size=\"1200,1200\" data-comments-opened=\"1\" data-image-meta=\"{&quot;aperture&quot;:&quot;0&quot;,&quot;credit&quot;:&quot;&quot;,&quot;camera&quot;:&quot;&quot;,&quot;caption&quot;:&quot;&quot;,&quot;created_timestamp&quot;:&quot;0&quot;,&quot;copyright&quot;:&quot;&quot;,&quot;focal_length&quot;:&quot;0&quot;,&quot;iso&quot;:&quot;0&quot;,&quot;shutter_speed&quot;:&quot;0&quot;,&quot;title&quot;:&quot;&quot;,&quot;orientation&quot;:&quot;0&quot;}\" data-image-title=\"Piktori Besmir Latifi (9)\" data-image-description=\"\" data-image-caption=\"\" data-medium-file=\"https:\/\/i0.wp.com\/www.shqiperia.com\/blog\/wp-content\/uploads\/2019\/12\/Piktori-Besmir-Latifi-9-1.jpeg?fit=300%2C300&amp;ssl=1\" data-large-file=\"https:\/\/i0.wp.com\/www.shqiperia.com\/blog\/wp-content\/uploads\/2019\/12\/Piktori-Besmir-Latifi-9-1.jpeg?fit=1024%2C1024&amp;ssl=1\" class=\"alignnone wp-image-29839\" alt=\"\" src=\"https:\/\/i0.wp.com\/www.shqiperia.com\/blog\/wp-content\/uploads\/2019\/12\/Piktori-Besmir-Latifi-9-1.jpeg?resize=622%2C622&#038;ssl=1\" width=\"622\" height=\"622\" srcset=\"https:\/\/i0.wp.com\/www.shqiperia.com\/blog\/wp-content\/uploads\/2019\/12\/Piktori-Besmir-Latifi-9-1.jpeg?resize=300%2C300&amp;ssl=1 300w, https:\/\/i0.wp.com\/www.shqiperia.com\/blog\/wp-content\/uploads\/2019\/12\/Piktori-Besmir-Latifi-9-1.jpeg?resize=1024%2C1024&amp;ssl=1 1024w, https:\/\/i0.wp.com\/www.shqiperia.com\/blog\/wp-content\/uploads\/2019\/12\/Piktori-Besmir-Latifi-9-1.jpeg?resize=150%2C150&amp;ssl=1 150w, https:\/\/i0.wp.com\/www.shqiperia.com\/blog\/wp-content\/uploads\/2019\/12\/Piktori-Besmir-Latifi-9-1.jpeg?resize=768%2C768&amp;ssl=1 768w, https:\/\/i0.wp.com\/www.shqiperia.com\/blog\/wp-content\/uploads\/2019\/12\/Piktori-Besmir-Latifi-9-1.jpeg?resize=450%2C450&amp;ssl=1 450w, https:\/\/i0.wp.com\/www.shqiperia.com\/blog\/wp-content\/uploads\/2019\/12\/Piktori-Besmir-Latifi-9-1.jpeg?resize=600%2C600&amp;ssl=1 600w, https:\/\/i0.wp.com\/www.shqiperia.com\/blog\/wp-content\/uploads\/2019\/12\/Piktori-Besmir-Latifi-9-1.jpeg?resize=65%2C65&amp;ssl=1 65w, https:\/\/i0.wp.com\/www.shqiperia.com\/blog\/wp-content\/uploads\/2019\/12\/Piktori-Besmir-Latifi-9-1.jpeg?resize=50%2C50&amp;ssl=1 50w, https:\/\/i0.wp.com\/www.shqiperia.com\/blog\/wp-content\/uploads\/2019\/12\/Piktori-Besmir-Latifi-9-1.jpeg?resize=400%2C400&amp;ssl=1 400w, https:\/\/i0.wp.com\/www.shqiperia.com\/blog\/wp-content\/uploads\/2019\/12\/Piktori-Besmir-Latifi-9-1.jpeg?w=1200&amp;ssl=1 1200w\" sizes=\"auto, (max-width: 622px) 100vw, 622px\" \/><\/p>\n","protected":false},"excerpt":{"rendered":"<p>Album me vepra teartit te Arteve figurative te autorit Besmir Latifi<\/p>\n","protected":false},"author":9,"featured_media":29837,"comment_status":"open","ping_status":"open","sticky":false,"template":"","format":"standard","meta":{"jetpack_post_was_ever_published":false,"_jetpack_newsletter_access":"","_jetpack_dont_email_post_to_subs":false,"_jetpack_newsletter_tier_id":0,"_jetpack_memberships_contains_paywalled_content":false,"_jetpack_memberships_contains_paid_content":false,"footnotes":"","jetpack_publicize_message":"","jetpack_publicize_feature_enabled":true,"jetpack_social_post_already_shared":true,"jetpack_social_options":{"image_generator_settings":{"template":"highway","default_image_id":0,"font":"","enabled":false},"version":2}},"categories":[10],"tags":[],"class_list":["post-29834","post","type-post","status-publish","format-standard","has-post-thumbnail","hentry","category-kultura"],"jetpack_publicize_connections":[],"jetpack_featured_media_url":"https:\/\/i0.wp.com\/www.shqiperia.com\/blog\/wp-content\/uploads\/2019\/12\/Piktori-Besmir-Latifi-6-1.jpeg?fit=900%2C1200&ssl=1","jetpack_sharing_enabled":true,"jetpack_shortlink":"https:\/\/wp.me\/p5Z6wp-7Lc","jetpack-related-posts":[{"id":29816,"url":"https:\/\/www.shqiperia.com\/blog\/album-me-vepra-teartit-te-arteve-figurative-te-autorit-besmir-latifi-2\/","url_meta":{"origin":29834,"position":0},"title":"Album me vepra teartit te Arteve figurative te autorit Besmir Latifi","author":"Kurt Farka","date":"December 29, 2019","format":false,"excerpt":"Album me vepra te artit te Arteve Figurative te autorit Besmir Latifi.","rel":"","context":"In &quot;Arte&quot;","block_context":{"text":"Arte","link":"https:\/\/www.shqiperia.com\/blog\/category\/arte\/"},"img":{"alt_text":"","src":"https:\/\/i0.wp.com\/www.shqiperia.com\/blog\/wp-content\/uploads\/2019\/12\/Piktori-Besmir-Latifi-3.jpeg?fit=1200%2C740&ssl=1&resize=350%2C200","width":350,"height":200,"srcset":"https:\/\/i0.wp.com\/www.shqiperia.com\/blog\/wp-content\/uploads\/2019\/12\/Piktori-Besmir-Latifi-3.jpeg?fit=1200%2C740&ssl=1&resize=350%2C200 1x, https:\/\/i0.wp.com\/www.shqiperia.com\/blog\/wp-content\/uploads\/2019\/12\/Piktori-Besmir-Latifi-3.jpeg?fit=1200%2C740&ssl=1&resize=525%2C300 1.5x, https:\/\/i0.wp.com\/www.shqiperia.com\/blog\/wp-content\/uploads\/2019\/12\/Piktori-Besmir-Latifi-3.jpeg?fit=1200%2C740&ssl=1&resize=700%2C400 2x, https:\/\/i0.wp.com\/www.shqiperia.com\/blog\/wp-content\/uploads\/2019\/12\/Piktori-Besmir-Latifi-3.jpeg?fit=1200%2C740&ssl=1&resize=1050%2C600 3x"},"classes":[]},{"id":37381,"url":"https:\/\/www.shqiperia.com\/blog\/vepra-arti-ne-kryezi-puke\/","url_meta":{"origin":29834,"position":1},"title":"Vepra Arti ne Kryezi Puke","author":"Kurt Farka","date":"August 19, 2020","format":false,"excerpt":"Vepra Arti ne Kryezi Puke Ne Kyezi Puke ka filluar te marre rruge turizmi. Kjo fale punes dhe perkushtimit te banorit Nikolin Prenga. Ajo qe bie ne sy eshte qe krahas ambjentit te paster dhe sherbimit model, ketu te shfaqet edhe nje veper arti ne gjinine e puktures murale. Kjo\u2026","rel":"","context":"In &quot;Arte&quot;","block_context":{"text":"Arte","link":"https:\/\/www.shqiperia.com\/blog\/category\/arte\/"},"img":{"alt_text":"","src":"https:\/\/i0.wp.com\/www.shqiperia.com\/blog\/wp-content\/uploads\/2020\/08\/Kryezi-Puke.jpg?fit=557%2C257&ssl=1&resize=350%2C200","width":350,"height":200,"srcset":"https:\/\/i0.wp.com\/www.shqiperia.com\/blog\/wp-content\/uploads\/2020\/08\/Kryezi-Puke.jpg?fit=557%2C257&ssl=1&resize=350%2C200 1x, https:\/\/i0.wp.com\/www.shqiperia.com\/blog\/wp-content\/uploads\/2020\/08\/Kryezi-Puke.jpg?fit=557%2C257&ssl=1&resize=525%2C300 1.5x"},"classes":[]},{"id":86941,"url":"https:\/\/www.shqiperia.com\/blog\/kendi-i-fotografise-album-pikture-muhamet-kerpaci\/","url_meta":{"origin":29834,"position":2},"title":"Kendi i Fotografise: &#8211; Album Pikture, Muhamet Kerpaci","author":"Kurt Farka","date":"December 1, 2024","format":false,"excerpt":"1 Dhjetor 2024 Nga veprat e arritura te arteve figurative shqiptare te diteve tona po paraqesim disa krijime te autorit Muhamet Kerpaci. Muhameti eshte para artedashesve ne keto vite me realizime veprash te arritura artistikisht dhe me nje mjeshteri individuale e forme krejtesisht novatore, por gjithsesi vazhduese e tradites se\u2026","rel":"","context":"In &quot;Arte&quot;","block_context":{"text":"Arte","link":"https:\/\/www.shqiperia.com\/blog\/category\/arte\/"},"img":{"alt_text":"","src":"https:\/\/i0.wp.com\/www.shqiperia.com\/blog\/wp-content\/uploads\/2024\/12\/Muhamet-Kerpaci-8.jpg?fit=1200%2C792&ssl=1&resize=350%2C200","width":350,"height":200,"srcset":"https:\/\/i0.wp.com\/www.shqiperia.com\/blog\/wp-content\/uploads\/2024\/12\/Muhamet-Kerpaci-8.jpg?fit=1200%2C792&ssl=1&resize=350%2C200 1x, https:\/\/i0.wp.com\/www.shqiperia.com\/blog\/wp-content\/uploads\/2024\/12\/Muhamet-Kerpaci-8.jpg?fit=1200%2C792&ssl=1&resize=525%2C300 1.5x, https:\/\/i0.wp.com\/www.shqiperia.com\/blog\/wp-content\/uploads\/2024\/12\/Muhamet-Kerpaci-8.jpg?fit=1200%2C792&ssl=1&resize=700%2C400 2x, https:\/\/i0.wp.com\/www.shqiperia.com\/blog\/wp-content\/uploads\/2024\/12\/Muhamet-Kerpaci-8.jpg?fit=1200%2C792&ssl=1&resize=1050%2C600 3x"},"classes":[]},{"id":64646,"url":"https:\/\/www.shqiperia.com\/blog\/kendi-i-fotografise-arte-figurative-4\/","url_meta":{"origin":29834,"position":3},"title":"Kendi i Fotografise; &#8211; Arte Figurative.","author":"Kurt Farka","date":"November 22, 2022","format":false,"excerpt":"22 Nentor 2022 Kendi i Fotografise; - Arte Figurative. Ramazan Memishi Kompozim, Vepra ruhet ne Galerine Kombetare te Arteve, Tirane","rel":"","context":"In &quot;Arte&quot;","block_context":{"text":"Arte","link":"https:\/\/www.shqiperia.com\/blog\/category\/arte\/"},"img":{"alt_text":"","src":"https:\/\/i0.wp.com\/www.shqiperia.com\/blog\/wp-content\/uploads\/2022\/11\/Ramazan-Memishi-2.jpg?fit=526%2C364&ssl=1&resize=350%2C200","width":350,"height":200,"srcset":"https:\/\/i0.wp.com\/www.shqiperia.com\/blog\/wp-content\/uploads\/2022\/11\/Ramazan-Memishi-2.jpg?fit=526%2C364&ssl=1&resize=350%2C200 1x, https:\/\/i0.wp.com\/www.shqiperia.com\/blog\/wp-content\/uploads\/2022\/11\/Ramazan-Memishi-2.jpg?fit=526%2C364&ssl=1&resize=525%2C300 1.5x"},"classes":[]},{"id":10844,"url":"https:\/\/www.shqiperia.com\/blog\/galeria-arteve-ne-rikonstruksion-ruhen-4-mije-vepra-arti\/","url_meta":{"origin":29834,"position":4},"title":"Galeria Arteve n\u00eb rikonstruksion, ruhen 4 mij\u00eb vepra arti. &#8211;","author":"Kurt Farka","date":"August 20, 2018","format":false,"excerpt":"Galeria Arteve n\u00eb rikonstruksion, ruhen 4 mij\u00eb vepra arti. - Pas nj\u00eb nevoj\u00eb emergjente p\u00ebr nd\u00ebrhyrje, m\u00eb n\u00eb fund Galeria Komb\u00ebtare e Arteve do t\u2019i n\u00ebnshtrohet rikonstruksionit. GKA \u00ebsht\u00eb nj\u00eb institucion komb\u00ebtar qendror q\u00eb ka p\u00ebr q\u00ebllim prezantimin, ruajtjen dhe promovimin e trash\u00ebgimis\u00eb kulturore n\u00eb fush\u00ebn e arteve pamore. Q\u00eb\u2026","rel":"","context":"In &quot;Blogu i Udh\u00ebtarit&quot;","block_context":{"text":"Blogu i Udh\u00ebtarit","link":"https:\/\/www.shqiperia.com\/blog\/category\/blogu-i-udhetarit\/"},"img":{"alt_text":"","src":"https:\/\/i0.wp.com\/www.shqiperia.com\/blog\/wp-content\/uploads\/2018\/08\/GKA-800x450.jpg?fit=800%2C450&ssl=1&resize=350%2C200","width":350,"height":200,"srcset":"https:\/\/i0.wp.com\/www.shqiperia.com\/blog\/wp-content\/uploads\/2018\/08\/GKA-800x450.jpg?fit=800%2C450&ssl=1&resize=350%2C200 1x, https:\/\/i0.wp.com\/www.shqiperia.com\/blog\/wp-content\/uploads\/2018\/08\/GKA-800x450.jpg?fit=800%2C450&ssl=1&resize=525%2C300 1.5x, https:\/\/i0.wp.com\/www.shqiperia.com\/blog\/wp-content\/uploads\/2018\/08\/GKA-800x450.jpg?fit=800%2C450&ssl=1&resize=700%2C400 2x"},"classes":[]},{"id":6880,"url":"https:\/\/www.shqiperia.com\/blog\/piktori-pashk-pervathi-album\/","url_meta":{"origin":29834,"position":5},"title":"Piktori Pashk Pervathi. (+Album). &#8211;","author":"Kurt Farka","date":"May 1, 2018","format":false,"excerpt":"Piktori Pashk Pervathi. (+Album). -\u00a0 Pashk P\u00ebrvathi ka lindur n\u00eb Manati t\u00eb Lezh\u00ebs, me 27 Shkurt te vitit 1958.. Q\u00eb n\u00eb f\u00ebmij\u00ebri ushqen pasion p\u00ebr piktur\u00ebnN\u00eb mosh\u00ebn 21-vje\u00e7are paraqitet p\u00ebr her\u00eb t\u00eb par\u00eb n\u00eb Ekspozit\u00ebn Komb\u00ebtare n\u00eb vitin 1979 me peizazhin \"Vjesht\u00eb n\u00eb Manati\" p\u00ebrkrah piktor\u00ebve m\u00eb t\u00eb njohur t\u00eb\u2026","rel":"","context":"In &quot;Arte&quot;","block_context":{"text":"Arte","link":"https:\/\/www.shqiperia.com\/blog\/category\/arte\/"},"img":{"alt_text":"","src":"https:\/\/i0.wp.com\/www.shqiperia.com\/blog\/wp-content\/uploads\/2018\/05\/Studio-Pashk-Pervathi-2.jpg?fit=960%2C720&ssl=1&resize=350%2C200","width":350,"height":200,"srcset":"https:\/\/i0.wp.com\/www.shqiperia.com\/blog\/wp-content\/uploads\/2018\/05\/Studio-Pashk-Pervathi-2.jpg?fit=960%2C720&ssl=1&resize=350%2C200 1x, https:\/\/i0.wp.com\/www.shqiperia.com\/blog\/wp-content\/uploads\/2018\/05\/Studio-Pashk-Pervathi-2.jpg?fit=960%2C720&ssl=1&resize=525%2C300 1.5x, https:\/\/i0.wp.com\/www.shqiperia.com\/blog\/wp-content\/uploads\/2018\/05\/Studio-Pashk-Pervathi-2.jpg?fit=960%2C720&ssl=1&resize=700%2C400 2x"},"classes":[]}],"_links":{"self":[{"href":"https:\/\/www.shqiperia.com\/blog\/wp-json\/wp\/v2\/posts\/29834","targetHints":{"allow":["GET"]}}],"collection":[{"href":"https:\/\/www.shqiperia.com\/blog\/wp-json\/wp\/v2\/posts"}],"about":[{"href":"https:\/\/www.shqiperia.com\/blog\/wp-json\/wp\/v2\/types\/post"}],"author":[{"embeddable":true,"href":"https:\/\/www.shqiperia.com\/blog\/wp-json\/wp\/v2\/users\/9"}],"replies":[{"embeddable":true,"href":"https:\/\/www.shqiperia.com\/blog\/wp-json\/wp\/v2\/comments?post=29834"}],"version-history":[{"count":3,"href":"https:\/\/www.shqiperia.com\/blog\/wp-json\/wp\/v2\/posts\/29834\/revisions"}],"predecessor-version":[{"id":29840,"href":"https:\/\/www.shqiperia.com\/blog\/wp-json\/wp\/v2\/posts\/29834\/revisions\/29840"}],"wp:featuredmedia":[{"embeddable":true,"href":"https:\/\/www.shqiperia.com\/blog\/wp-json\/wp\/v2\/media\/29837"}],"wp:attachment":[{"href":"https:\/\/www.shqiperia.com\/blog\/wp-json\/wp\/v2\/media?parent=29834"}],"wp:term":[{"taxonomy":"category","embeddable":true,"href":"https:\/\/www.shqiperia.com\/blog\/wp-json\/wp\/v2\/categories?post=29834"},{"taxonomy":"post_tag","embeddable":true,"href":"https:\/\/www.shqiperia.com\/blog\/wp-json\/wp\/v2\/tags?post=29834"}],"curies":[{"name":"wp","href":"https:\/\/api.w.org\/{rel}","templated":true}]}}