{"id":29830,"date":"2019-12-29T10:19:24","date_gmt":"2019-12-29T10:19:24","guid":{"rendered":"https:\/\/www.shqiperia.com\/blog\/?p=29830"},"modified":"2019-12-29T10:19:24","modified_gmt":"2019-12-29T10:19:24","slug":"pergjigje-ndaj-te-pavertetave-qe-kompania-albchrome-iu-ka-nisur-mediave","status":"publish","type":"post","link":"https:\/\/www.shqiperia.com\/blog\/pergjigje-ndaj-te-pavertetave-qe-kompania-albchrome-iu-ka-nisur-mediave\/","title":{"rendered":"P\u00cbRGJIGJE NDAJ T\u00cb PAV\u00cbRTETAVE Q\u00cb KOMPANIA ALBCHROME IU KA NISUR MEDIAVE"},"content":{"rendered":"<p><img data-recalc-dims=\"1\" loading=\"lazy\" decoding=\"async\" data-attachment-id=\"29831\" data-permalink=\"https:\/\/www.shqiperia.com\/blog\/pergjigje-ndaj-te-pavertetave-qe-kompania-albchrome-iu-ka-nisur-mediave\/sindikata-e-bulqizes\/\" data-orig-file=\"https:\/\/i0.wp.com\/www.shqiperia.com\/blog\/wp-content\/uploads\/2019\/12\/Sindikata-e-Bulqizes.jpg?fit=960%2C473&amp;ssl=1\" data-orig-size=\"960,473\" data-comments-opened=\"1\" data-image-meta=\"{&quot;aperture&quot;:&quot;0&quot;,&quot;credit&quot;:&quot;&quot;,&quot;camera&quot;:&quot;&quot;,&quot;caption&quot;:&quot;&quot;,&quot;created_timestamp&quot;:&quot;0&quot;,&quot;copyright&quot;:&quot;&quot;,&quot;focal_length&quot;:&quot;0&quot;,&quot;iso&quot;:&quot;0&quot;,&quot;shutter_speed&quot;:&quot;0&quot;,&quot;title&quot;:&quot;&quot;,&quot;orientation&quot;:&quot;0&quot;}\" data-image-title=\"Sindikata e Bulqizes\" data-image-description=\"\" data-image-caption=\"\" data-medium-file=\"https:\/\/i0.wp.com\/www.shqiperia.com\/blog\/wp-content\/uploads\/2019\/12\/Sindikata-e-Bulqizes.jpg?fit=300%2C148&amp;ssl=1\" data-large-file=\"https:\/\/i0.wp.com\/www.shqiperia.com\/blog\/wp-content\/uploads\/2019\/12\/Sindikata-e-Bulqizes.jpg?fit=960%2C473&amp;ssl=1\" class=\"alignnone  wp-image-29831\" alt=\"\" src=\"https:\/\/i0.wp.com\/www.shqiperia.com\/blog\/wp-content\/uploads\/2019\/12\/Sindikata-e-Bulqizes.jpg?resize=535%2C264&#038;ssl=1\" width=\"535\" height=\"264\" srcset=\"https:\/\/i0.wp.com\/www.shqiperia.com\/blog\/wp-content\/uploads\/2019\/12\/Sindikata-e-Bulqizes.jpg?resize=300%2C148&amp;ssl=1 300w, https:\/\/i0.wp.com\/www.shqiperia.com\/blog\/wp-content\/uploads\/2019\/12\/Sindikata-e-Bulqizes.jpg?resize=768%2C378&amp;ssl=1 768w, https:\/\/i0.wp.com\/www.shqiperia.com\/blog\/wp-content\/uploads\/2019\/12\/Sindikata-e-Bulqizes.jpg?resize=450%2C222&amp;ssl=1 450w, https:\/\/i0.wp.com\/www.shqiperia.com\/blog\/wp-content\/uploads\/2019\/12\/Sindikata-e-Bulqizes.jpg?resize=600%2C296&amp;ssl=1 600w, https:\/\/i0.wp.com\/www.shqiperia.com\/blog\/wp-content\/uploads\/2019\/12\/Sindikata-e-Bulqizes.jpg?resize=400%2C197&amp;ssl=1 400w, https:\/\/i0.wp.com\/www.shqiperia.com\/blog\/wp-content\/uploads\/2019\/12\/Sindikata-e-Bulqizes.jpg?w=960&amp;ssl=1 960w\" sizes=\"auto, (max-width: 535px) 100vw, 535px\" \/><\/p>\n<p>P\u00cbRGJIGJE NDAJ T\u00cb PAV\u00cbRTETAVE Q\u00cb KOMPANIA ALBCHROME IU KA NISUR MEDIAVE<\/p>\n<p>Mbr\u00ebmjen e djeshme, m\u00eb 27 dhjetor 2019, kompania AlbChrome sh.p.k u ka nisur mediave nj\u00eb\u00a0q\u00ebndrim publik t\u00eb mbushur me t\u00eb pav\u00ebrteta ndaj Sindikat\u00ebs s\u00eb Minator\u00ebve t\u00eb Bashkuar t\u00eb Bulqiz\u00ebs, t\u00eb cilat p\u00ebr fat t\u00eb mir\u00eb jan\u00eb leht\u00ebsisht t\u00eb v\u00ebrtetueshme.<\/p>\n<p>Sindikata e Minator\u00ebve t\u00eb Bashkuar t\u00eb Bulqiz\u00ebs \u00ebsht\u00eb themeluar p\u00ebr t\u00eb p\u00ebrfaq\u00ebsuar minator\u00ebt dhe p\u00ebr t\u00eb mbrojtur t\u00eb drejtat e tyre me \u00e7do kusht. Q\u00eb prej fillimit e kemi ditur se k\u00eb do t\u00eb kishim p\u00ebrball\u00eb: jo thjesht njeriun m\u00eb t\u00eb pasur n\u00eb vend, por edhe m\u00eb t\u00eb pushtetshmin, at\u00eb para t\u00eb cilit q\u00ebndrojn\u00eb gatitu edhe kryeministrat. Megjithat\u00eb kjo nuk na tremb e as na step, se me vete kemi t\u00eb drejt\u00ebn, vullnetin dhe vendosm\u00ebrin\u00eb p\u00ebr t\u00eb mbrojtur at\u00eb q\u00eb na \u00ebsht\u00eb mohuar dhe at\u00eb q\u00eb na takon.<\/p>\n<p>Q\u00eb prej dit\u00ebs s\u00eb par\u00eb kur kemi marr\u00eb p\u00ebrsip\u00ebr k\u00ebt\u00eb nism\u00eb aspak t\u00eb leht\u00eb, vendimmarja demokratike, k\u00ebmb\u00ebngulja n\u00eb mbrojtjen e t\u00eb drejtave t\u00eb minator\u00ebve dhe transparenca, kan\u00eb qen\u00eb shtyllat tona m\u00eb t\u00eb r\u00ebnd\u00ebsishme. P\u00ebr hir t\u00eb s\u00eb v\u00ebrtet\u00ebs ndaj minator\u00ebve dhe an\u00ebtar\u00ebve tan\u00eb, por edhe ndaj mb\u00ebshtet\u00ebsve t\u00eb shumt\u00eb anek\u00ebnd Shqip\u00ebris\u00eb dhe sindikalist\u00ebve anemban\u00eb bot\u00ebs, po i kthejm\u00eb k\u00ebt\u00eb p\u00ebrgjigje paksa t\u00eb gjat\u00eb t\u00eb pav\u00ebrtetave t\u00eb shp\u00ebrndara nga AlbChrome sh.p.k.<\/p>\n<ol>\n<li>Nd\u00ebrsa kompania pretendon q\u00eb \u00ebsht\u00eb njohur zyrtarisht me njoftimin p\u00ebr krijimin e sindikat\u00ebs m\u00eb dat\u00eb 16 dhjetor, S.M.B.B v\u00eb n\u00eb dispozicion t\u00eb gjith\u00eb komunikimin q\u00eb ka pasur me kompanin\u00eb q\u00eb p\u00ebrpara shpalljes s\u00eb sindikat\u00ebs n\u00eb dat\u00ebn 17 n\u00ebntor 2019.<\/li>\n<\/ol>\n<p>M\u00eb konkretisht, kompania \u00ebsht\u00eb njoftuar p\u00ebr themelimin e S.M.B.B-s\u00eb nga dy takime q\u00eb kryetari i Sindikat\u00ebs, Elton Debreshi, ka patur fillimisht me Administratorin Lokal t\u00eb AlbChrome n\u00eb Bulqiz\u00eb (Petrit Cara) dhe pastaj me Drejtorin e P\u00ebrgjithsh\u00ebm t\u00eb AlbChrome (Luan Saliaj), pak dit\u00eb p\u00ebrpara shpalljes publike n\u00eb Bulqiz\u00eb t\u00eb Sindikat\u00ebs, ku u organizua nj\u00eb takim publik n\u00eb qend\u00ebr t\u00eb qytetit m\u00eb 17 n\u00ebntor 2019.<\/p>\n<p>Kryetari i saj Elton Debreshi dhe an\u00ebtar\u00ebt e K\u00ebshillit Sindikal, Beqir Duri\u00e7i dhe Behar Gjimi, kan\u00eb mbajtur fjal\u00ebn e tyre p\u00ebrsh\u00ebndet\u00ebse n\u00eb shpalljen e sindikat\u00ebs. Gjithashtu krijimi i SMBB-s\u00eb dhe shpallja e saj n\u00eb dat\u00ebn 17 n\u00ebntor 2019 \u00ebsht\u00eb b\u00ebr\u00eb publike si n\u00eb median lokale t\u00eb qytetit t\u00eb Bulqiz\u00ebs, ashtu edhe n\u00eb media komb\u00ebtare . P\u00ebr t\u00eb gjitha k\u00ebto arsye \u00ebsht\u00eb absolutisht e pamundur q\u00eb AlbChrome sh.p.k nuk ka q\u00ebn\u00eb n\u00eb dijeni t\u00eb krijimit t\u00eb sindikat\u00ebs dhe t\u00eb emrave e mbiemrave t\u00eb krer\u00ebve t\u00eb saj, ndaj t\u00eb cil\u00ebve jo rast\u00ebsisht u mor\u00ebn menj\u00ebher\u00eb masa t\u00eb ndryshme presioni deri n\u00eb pushimin nga puna.<\/p>\n<p>Komunikimi me kompanin\u00eb ka vazhduar dhe \u00ebsht\u00eb intensifikuar tre dit\u00eb pas pushimit nga puna t\u00eb kryetarit Elton Debreshi. K\u00ebshtu, m\u00eb 25 n\u00ebntor 2019, Sindikata i d\u00ebrgoi nj\u00eb shkres\u00eb kompanis\u00eb p\u00ebr k\u00ebt\u00eb shkelje t\u00eb t\u00eb drejtave baz\u00eb t\u00eb pun\u00ebtor\u00ebve t\u00eb garantuara nga Konventat Nd\u00ebrkomb\u00ebtare, Kushtetuta dhe Kodi i Pun\u00ebs. Shkresa k\u00ebrkonte gjithashtu edhe ndaljen e masave ndaj an\u00ebtar\u00ebve t\u00eb tjer\u00eb t\u00eb K\u00ebshillit Sindikal, Beqir Duri\u00e7it dhe Behar Gjimit. \u00c7do shkres\u00eb e d\u00ebrguar ka nisur me informimin p\u00ebr vendimin e njohjes nga gjykata t\u00eb S.M.B.B-s\u00eb.<\/p>\n<p>Kompanis\u00eb i \u00ebsht\u00eb v\u00ebn\u00eb n\u00eb dispozicion gjithashtu edhe dokumentacioni i themelimit t\u00eb sindikat\u00ebs p\u00ebrfshir\u00eb edhe list\u00ebn me 21 an\u00ebtar\u00ebt e K\u00ebshillit Sindikal. N\u00eb 11 dhjetor, AlbChrome ktheu nj\u00eb p\u00ebrgjigje ku uronte sindikat\u00ebn p\u00ebr formimin e saj. I gjith\u00eb informacioni i m\u00ebsip\u00ebrm hedh t\u00ebr\u00ebsisht posht\u00eb pretendimin se AlbChrome ka marr\u00eb informacion zyrtar p\u00ebr sindikat\u00ebn n\u00eb dat\u00ebn 16 dhjetor dhe se rrjedhimisht i ka hequr sindikalist\u00ebt nga puna pa e ditur p\u00ebr krijimin e sindikat\u00ebs.<\/p>\n<ol start=\"2\">\n<li>Pretendimi i AlbChrome se respekton t\u00eb drejt\u00ebn ligjore t\u00eb \u00e7do punonj\u00ebsi p\u00ebr t\u2019u grupuar n\u00eb sindikata bie ndesh kryek\u00ebput me aksionet e AlbChrome q\u00eb prej themelimit t\u00eb S.M.B.B-s\u00eb.<\/li>\n<\/ol>\n<p>Qartazi heqja nga puna e kat\u00ebr drejtuesve t\u00eb S.M.B.B, Elton Debreshi, Beqir Duri\u00e7i, Behar Gjimi dhe Ali Gjeta \u00ebsht\u00eb nj\u00eb akt flagrant i diskriminimit t\u00eb sindikalist\u00ebve, i cili \u00ebsht\u00eb i d\u00ebnuesh\u00ebm nga Konventat Nd\u00ebrkomb\u00ebtare t\u00eb Organizat\u00ebs Bot\u00ebrore t\u00eb Pun\u00ebs (ILO) Nr. 87 dhe 98. Shkeljet e disiplin\u00ebs n\u00eb pun\u00eb t\u00eb pretenduara nga AlbChrome supozohet se kan\u00eb ndodhur muaj m\u00eb par\u00eb, por AlbChrome i nxori nga sirtari vet\u00ebm pas themelimit t\u00eb sindikat\u00ebs.<\/p>\n<p>Gjithashtu nuk \u00ebsht\u00eb e v\u00ebrtet\u00eb se AlbChrome ka marr\u00eb masa vet\u00ebm ndaj 4 minator\u00ebve. Gjat\u00eb gjith\u00eb k\u00ebtyre dit\u00ebve, n\u00eb heshtjen dhe mosveprimin e turpsh\u00ebm t\u00eb insititucioneve shqiptare, AlbChrome sh.p.k po vazhdon t\u00eb b\u00ebj\u00eb presion mbi an\u00ebtar\u00ebt dhe drejtuesit e SMBB-s\u00eb si dhe mbi minator\u00ebt q\u00eb mor\u00ebn pjes\u00eb n\u00eb tubimin p\u00ebrpara AlbChrome. Jan\u00eb thirrur p\u00ebr takim dhe u \u00ebsht\u00eb b\u00ebr\u00eb presion edhe 19 minator\u00ebve t\u00eb tjer\u00eb:<\/p>\n<ol>\n<li>Hysen Deda, An\u00ebtar i S.M.B.B;<br \/>\n2. Eduart Keta, An\u00ebtar i K\u00ebshillit Sindikal t\u00eb S.M.B.B;<br \/>\n3. Hekuran Talja, An\u00ebtar Themelues i S.M.B.B;<br \/>\n4. Astrit Shehu, An\u00ebtar i S.M.B.B;<br \/>\n5. Albion Kola, An\u00ebtar i K\u00ebshillit Sindikal t\u00eb S.M.B.B;<br \/>\n6. Gani Xhaferri, An\u00ebtar i S.M.B.B;<br \/>\n7. Mersim Ko\u00e7i, An\u00ebtar i S.M.B.B;<br \/>\n8. Dali Boja, pjesmarr\u00ebs n\u00eb tubimin p\u00ebrpara AlbChrome;<br \/>\n9. Roland Debreshi, An\u00ebtar i S.M.B.B;<br \/>\n10. Neki Lica, An\u00ebtar i K\u00ebshillit Sindikal t\u00eb S.M.B.B;<br \/>\n11. Zaim Hidri, An\u00ebtar i S.M.B.B;<br \/>\n12. Rrahman Hoxha, An\u00ebtar i S.M.B.B;<br \/>\n13. Erion Boba, An\u00ebtar i S.M.B.B;<br \/>\n14. Lorenc Gjoka, An\u00ebtar i K\u00ebshillit Sindikal t\u00eb S.M.B.B;<br \/>\n15. Blerim Demiri, An\u00ebtar i S.M.B.B;<br \/>\n16. Ermal Muharremi, An\u00ebtar i S.M.B.B;<br \/>\n17. Staf \u00c7akalli, An\u00ebtar Themelues i S.M.B.B;<br \/>\n18. Vilson Sahiti, An\u00ebtar i S.M.B.B;<br \/>\n19. Bardhul Lukani, pjesmarr\u00ebs n\u00eb tubimin p\u00ebrpara AlbChrome.<\/li>\n<\/ol>\n<p>Arsyetimi i kompanis\u00eb se \u201cpo t\u00eb ishte kund\u00ebr sindikat\u00ebs mund t\u2019i kishte hequr t\u00eb gjith\u00eb an\u00ebtar\u00ebt e saj nga puna\u201d, mund t\u00eb bind\u00eb vet\u00ebm idhtar\u00ebt e kompanis\u00eb. AlbChrome \u00ebsht\u00eb duke praktikuar format klasike t\u00eb presionit: b\u00ebj shembull disa p\u00ebr t\u00eb mbajtur n\u00ebn terrorrin e heqjes nga puna t\u00eb gjith\u00eb pun\u00ebtor\u00ebt. Ky presion u shfaq p\u00ebr her\u00eb t\u00eb par\u00eb haptazi n\u00eb prill t\u00eb 2019, ku kat\u00ebr pun\u00ebtor\u00ebve iu dhan\u00eb masa t\u00eb padrejta disiplinore vet\u00ebm p\u00ebr shkak t\u00eb nj\u00eb peticioni q\u00eb nd\u00ebrmor\u00ebn (q\u00eb p\u00ebrfshihet te organizimi sindikal), nd\u00ebrsa dhjetra t\u00eb tjer\u00eb u penalizuan duke u ndryshuar vendet e pun\u00ebs. Dy prej k\u00ebtyre pun\u00ebtor\u00ebve ishin pik\u00ebrisht Elton Debreshi dhe Beqir Duri\u00e7i, vet\u00ebm sepse ngrit\u00ebn z\u00ebrin p\u00ebr at\u00eb q\u00eb u takon.<\/p>\n<div id=\"attachment_29832\" style=\"width: 765px\" class=\"wp-caption alignnone\"><img data-recalc-dims=\"1\" loading=\"lazy\" decoding=\"async\" aria-describedby=\"caption-attachment-29832\" data-attachment-id=\"29832\" data-permalink=\"https:\/\/www.shqiperia.com\/blog\/pergjigje-ndaj-te-pavertetave-qe-kompania-albchrome-iu-ka-nisur-mediave\/sindikata-e-bulqizes-2\/\" data-orig-file=\"https:\/\/i0.wp.com\/www.shqiperia.com\/blog\/wp-content\/uploads\/2019\/12\/Sindikata-e-Bulqizes-2.jpg?fit=960%2C640&amp;ssl=1\" data-orig-size=\"960,640\" data-comments-opened=\"1\" data-image-meta=\"{&quot;aperture&quot;:&quot;0&quot;,&quot;credit&quot;:&quot;&quot;,&quot;camera&quot;:&quot;&quot;,&quot;caption&quot;:&quot;&quot;,&quot;created_timestamp&quot;:&quot;0&quot;,&quot;copyright&quot;:&quot;&quot;,&quot;focal_length&quot;:&quot;0&quot;,&quot;iso&quot;:&quot;0&quot;,&quot;shutter_speed&quot;:&quot;0&quot;,&quot;title&quot;:&quot;&quot;,&quot;orientation&quot;:&quot;0&quot;}\" data-image-title=\"Sindikata e Bulqizes (2)\" data-image-description=\"\" data-image-caption=\"&lt;p&gt;Sindikata e Bulqizes&lt;\/p&gt;\n\" data-medium-file=\"https:\/\/i0.wp.com\/www.shqiperia.com\/blog\/wp-content\/uploads\/2019\/12\/Sindikata-e-Bulqizes-2.jpg?fit=300%2C200&amp;ssl=1\" data-large-file=\"https:\/\/i0.wp.com\/www.shqiperia.com\/blog\/wp-content\/uploads\/2019\/12\/Sindikata-e-Bulqizes-2.jpg?fit=960%2C640&amp;ssl=1\" class=\" wp-image-29832\" alt=\"\" src=\"https:\/\/i0.wp.com\/www.shqiperia.com\/blog\/wp-content\/uploads\/2019\/12\/Sindikata-e-Bulqizes-2.jpg?resize=755%2C503&#038;ssl=1\" width=\"755\" height=\"503\" srcset=\"https:\/\/i0.wp.com\/www.shqiperia.com\/blog\/wp-content\/uploads\/2019\/12\/Sindikata-e-Bulqizes-2.jpg?resize=300%2C200&amp;ssl=1 300w, https:\/\/i0.wp.com\/www.shqiperia.com\/blog\/wp-content\/uploads\/2019\/12\/Sindikata-e-Bulqizes-2.jpg?resize=768%2C512&amp;ssl=1 768w, https:\/\/i0.wp.com\/www.shqiperia.com\/blog\/wp-content\/uploads\/2019\/12\/Sindikata-e-Bulqizes-2.jpg?resize=600%2C400&amp;ssl=1 600w, https:\/\/i0.wp.com\/www.shqiperia.com\/blog\/wp-content\/uploads\/2019\/12\/Sindikata-e-Bulqizes-2.jpg?resize=450%2C300&amp;ssl=1 450w, https:\/\/i0.wp.com\/www.shqiperia.com\/blog\/wp-content\/uploads\/2019\/12\/Sindikata-e-Bulqizes-2.jpg?resize=400%2C267&amp;ssl=1 400w, https:\/\/i0.wp.com\/www.shqiperia.com\/blog\/wp-content\/uploads\/2019\/12\/Sindikata-e-Bulqizes-2.jpg?w=960&amp;ssl=1 960w\" sizes=\"auto, (max-width: 755px) 100vw, 755px\" \/><p id=\"caption-attachment-29832\" class=\"wp-caption-text\">Sindikata e Bulqizes<\/p><\/div>\n<ol start=\"3\">\n<li>Pretendimi i AlbChrome se ka nj\u00eb kontrat\u00eb kolektive me Federat\u00ebn e Sindikatave t\u00eb Industris\u00eb, ngelet p\u00ebr t\u2019u v\u00ebrtetuar.<\/li>\n<\/ol>\n<p>Pun\u00ebtor\u00ebt e AlbChrome nuk jan\u00eb pyetur kurr\u00eb p\u00ebr kushtet q\u00eb jan\u00eb negociuar me kompanin\u00eb dhe Kontrat\u00ebn Kolektive q\u00eb pretendohet se \u00ebsht\u00eb n\u00ebnshkruar dy vite m\u00eb par\u00eb. Asnj\u00eb pun\u00ebtor i AlbChrome nuk e ka par\u00eb kontrat\u00ebn kolektive. Sindikata e Minator\u00ebve t\u00eb Bashkuar t\u00eb Bulqiz\u00ebs, si p\u00ebrfaq\u00ebsuese e mbi 50% t\u00eb pun\u00ebtor\u00ebve t\u00eb AlbChrome n\u00eb Bulqiz\u00eb, q\u00eb prej dat\u00ebs 26 n\u00ebntor 2019 ka b\u00ebr\u00eb plot 4 k\u00ebrkesa q\u00eb kjo kontrat\u00eb t\u2019i vihet n\u00eb dispozicion nga kompania, nga Ministria e Financave dhe Ekonomis\u00eb, si dhe nga Zyra e Pun\u00ebsimit. Deri m\u00eb sot kemi nj\u00eb p\u00ebrgjigje vet\u00ebm nga Zyra Vendore e Pun\u00ebsimit &#8211; Bulqiz\u00eb, e cila shprehet se nuk ka dijeni fare p\u00ebr Kontrat\u00ebn Kolektive, \u00e7ka na shtyn n\u00eb dyshime serioze p\u00ebr ekzistenc\u00ebn reale t\u00eb k\u00ebsaj kontrate. Pa p\u00ebrmendur shkeljen e t\u00eb drejt\u00ebs s\u00eb informimit t\u00eb pun\u00ebtor\u00ebve nga AlbChrome dhe Ministria, p\u00ebr t\u00eb cil\u00ebn i jemi drejtuar edhe Komisionerit p\u00ebr t\u00eb Drejt\u00ebn e Informimit.<\/p>\n<p>Pavar\u00ebsisht ekzistenc\u00ebs apo jo t\u00eb k\u00ebsaj kontrate, S.M.B.B-ja si p\u00ebrfaq\u00ebsuese e mbi 320 minator\u00ebve i ka d\u00ebrguar AlbChrome m\u00eb 26 dhjetor 2019 k\u00ebrkes\u00ebn p\u00ebr bisedime p\u00ebr Kontrat\u00ebn e re Kolektive.<\/p>\n<ol start=\"4\">\n<li>Pretendimi i AlbChrome se trajtimi q\u00eb i b\u00ebn pun\u00ebtor\u00ebve \u00ebsht\u00eb m\u00eb dinjitozi i mundsh\u00ebm n\u00eb krahasim me secil\u00ebn prej 36 kompanive t\u00eb tjera t\u00eb shfryt\u00ebzimit t\u00eb kromit n\u00eb vend, bie ndesh me eksperienc\u00ebn e pun\u00ebtor\u00ebve.<\/li>\n<\/ol>\n<p>Nd\u00ebrsa AlbChrome gati ua ka dyfishuar normat pun\u00ebtor\u00ebve, pagat kan\u00eb mbetur t\u00eb pandryshuara. P\u00ebr m\u00eb tep\u00ebr, paga e 13-t\u00eb nuk \u00ebsht\u00eb ndonj\u00eb arritje e k\u00ebsaj kompanie, por nj\u00eb e drejt\u00eb q\u00eb minator\u00ebt e kan\u00eb patur q\u00eb prej periudh\u00ebs kur miniera ishte n\u00eb shfryt\u00ebzimin e kompanis\u00eb ACR. Nd\u00ebrkaq kushtet e siguris\u00eb n\u00eb pun\u00eb, ashtu si\u00e7 \u00ebsht\u00eb dokumentuar n\u00eb p\u00ebrgjigjen q\u00eb Inspektorati Shtet\u00ebror i Pun\u00ebs i ka d\u00ebrguar Publeaks, l\u00ebn\u00eb shum\u00eb p\u00ebr t\u00eb d\u00ebshiruar.<\/p>\n<p>P\u00ebr vite me radh\u00eb Inspektorati ka konstatuar shkelje t\u00eb r\u00ebnda t\u00eb siguris\u00eb n\u00eb pun\u00eb. P\u00ebr m\u00eb tep\u00ebr, fakti q\u00eb nga 19 pun\u00ebtor\u00eb t\u00eb vrar\u00eb n\u00eb Bulqiz\u00eb q\u00eb prej vitit 2013, 8 jan\u00eb vrar\u00eb n\u00eb minier\u00ebn ku operon AlbChrome, nuk tregon ndonj\u00eb arritje t\u00eb madhe. Pagat dinjitoze e kushtet e siguris\u00eb p\u00ebr jet\u00ebn dhe sh\u00ebndetin e minator\u00ebve, nuk jan\u00eb \u00e7\u00ebshtje mund\u00ebsish p\u00ebr nj\u00eb kompani q\u00eb investon miliona euro. Ato jan\u00eb para s\u00eb gjithash \u00e7\u00ebshtje prioritesh dhe AlbChrome ka treguar qartazi q\u00eb prioriteti i saj nuk jan\u00eb as minator\u00ebt e as familjet e tyre.<\/p>\n<ol start=\"5\">\n<li>Teorit\u00eb konspirative se kush q\u00ebndron prapa k\u00ebrkesave legjitime t\u00eb minator\u00ebve p\u00ebr kushte pune dinjitoze e paga t\u00eb drejta p\u00ebr gjakun e djers\u00ebn e tyre, jan\u00eb n\u00eb rastin m\u00eb t\u00eb mir\u00eb qesharake e n\u00eb rastin m\u00eb t\u00eb keq dashakeqe.<\/li>\n<\/ol>\n<p>Prapa 4 minator\u00ebve q\u00eb AlbChrome i ka pushuar n\u00eb m\u00ebnyr\u00eb t\u00eb paligjshme nga puna, q\u00ebndron vet\u00ebm angazhimi n\u00eb Sindikat\u00ebn e Minator\u00ebve t\u00eb Bashkuar t\u00eb Bulqiz\u00ebs, e drejta e tyre p\u00ebr t\u2019u organizuar sindikalisht dhe p\u00ebr t\u00eb negicuar kushte e paga m\u00eb t\u00eb mira p\u00ebr pun\u00ebtor\u00ebt. \u00cbsht\u00eb p\u00ebr t\u00eb ardhur keq q\u00eb kompania, ashtu si Federata Sindikale e Industris\u00eb, mendon se minator\u00ebt nuk kan\u00eb sy e mendje p\u00ebr t\u00eb par\u00eb sesi me djers\u00ebn e gjakun e tyre kompania po investon miliona euro p\u00ebr t\u00eb rritur kapacitet shfryt\u00ebzuese t\u00eb minier\u00ebs, por nuk ka para p\u00ebr t\u2019i dh\u00ebn\u00eb minator\u00ebve hakun e pun\u00ebs s\u00eb tyre.<\/p>\n<p>N\u00ebnvler\u00ebsimi q\u00eb i b\u00ebhet aft\u00ebsive t\u00eb pun\u00ebtor\u00ebve p\u00ebr t\u00eb kuptuar kush pasurohet n\u00eb kurriz t\u00eb tyre, \u00ebsht\u00eb sa ofendues aq edhe zem\u00ebrues.<\/p>\n<ol start=\"6\">\n<li>Pretendimi i AlbChrome se &#8220;sipas Kodit t\u00eb Pun\u00ebs, kur punonj\u00ebsi braktis vendin e pun\u00ebs dhe nuk njofton brenda 7 dit\u00ebve arsyen e munges\u00ebs, konsiderohet si zgjidhje e nj\u00ebanshme e kontrat\u00ebs nga punonj\u00ebsi (madje sipas kesaj dispozite, nenit 156, pun\u00ebdh\u00ebn\u00ebsi g\u00ebzon t\u00eb drejt\u00ebn e d\u00ebmshperblimit). Gjithashtu n\u00eb kontrat\u00ebn individuale t\u00eb pun\u00ebs, pal\u00ebt kan\u00eb parashikuar q\u00eb kur punonj\u00ebsi b\u00ebn m\u00eb shum\u00eb se 7 mungesa pa arsye n\u00eb nj\u00eb vit, punedh\u00ebn\u00ebsi g\u00ebzon t\u00eb drejt\u00ebn e zgjidhjes se nj\u00ebanshme t\u00eb kontrat\u00ebs s\u00eb pun\u00ebs. Kjo ka ndodhur edhe n\u00eb rastet tona, megjithat\u00eb duam t\u00eb theksojm\u00eb se largimi i tyre \u00ebsht\u00eb b\u00ebr\u00eb p\u00ebr shkelje t\u00eb ndodhura p\u00ebrpara se ata ta vinin n\u00eb dijeni kompanin\u00eb p\u00ebr krijimin e sindikat\u00ebs.&#8221;<\/li>\n<\/ol>\n<p>Kjo \u00ebsht\u00eb nj\u00eb alibi e ngritur nga AlbChrome vet\u00ebm dit\u00ebt e fundit, pas grev\u00ebs n\u00eb t\u00eb cil\u00ebn u detyruan t\u00eb hidhen shumica e pun\u00ebtor\u00ebve pas shkeljes s\u00eb ligjit nga AlbChrome me largimin nga puna t\u00eb kryetarit Elton Debreshi. As Elton Debreshi, as Beqir Duri\u00e7i, as Behar Gjimi dhe as Ali Gjeta nuk kan\u00eb \u201cbraktisur pun\u00ebn\u201d dhe as nuk kan\u00eb kryer ndonj\u00eb shkelje t\u00eb ndonj\u00eb lloji tjet\u00ebr. K\u00ebt\u00eb AlbChrome sh.p.k e ka shum\u00eb t\u00eb qart\u00eb. N\u00eb fakt as n\u00eb procesverbalet e takimit q\u00eb ka mbajtur me k\u00ebta minator\u00eb, procesverbale t\u00eb cilat jan\u00eb shkruar nga AlbChrome sipas d\u00ebshir\u00ebs s\u00eb vet\u00eb dhe pa pasqyruar komentet e minator\u00ebve t\u00eb thirrur, AlbChrome nuk ka q\u00ebn\u00eb n\u00eb gjendje t\u00eb p\u00ebrmend\u00eb ndonj\u00eb rrethan\u00eb konkrete shkeljeje.<\/p>\n<p>Sa i p\u00ebrket kontratave individuale t\u00eb pun\u00ebs, nga nj\u00ebra an\u00eb AlbChrome sh.p.k refuzon t\u2019u jap\u00eb minator\u00ebve kopje t\u00eb kontratave t\u00eb pun\u00ebs, gj\u00eb q\u00eb \u00ebsht\u00eb shkelje e r\u00ebnd\u00eb e Kodit t\u00eb Pun\u00ebs. Nga ana tjet\u00ebr k\u00ebrkon nga minator\u00ebt respektimin e kontrat\u00ebs s\u00eb pun\u00ebs. Edhe p\u00ebr k\u00ebt\u00eb kompania AlbChrome duhet dhe do t\u00eb mbaj\u00eb p\u00ebrgjegj\u00ebsi.<\/p>\n<ol start=\"7\">\n<li>&#8220;Ftojm\u00eb t\u00eb gjitha mediat q\u00eb t\u00eb vijn\u00eb t\u00eb investigojn\u00eb nga pran\u00eb ngjarjen, p\u00ebr t\u00eb par\u00eb se si q\u00ebndron e v\u00ebrteta.&#8221;<\/li>\n<\/ol>\n<p>Na duhet t\u00eb pranojm\u00eb q\u00eb kjo \u00ebsht\u00eb pika e vetme q\u00eb ndajm\u00eb t\u00eb nj\u00ebjtin q\u00ebndrim me AlbChrome sh.p.k. Pasi i ka detyruar mediat p\u00ebr jav\u00eb me radh\u00eb q\u00eb t\u00eb heshtin p\u00ebr ngjarjet n\u00eb Bulqiz\u00eb, m\u00eb n\u00eb fund ka \u201creflektuar\u201d dhe iu b\u00ebn thirrje q\u00eb t\u00eb investigojn\u00eb dhe t\u00eb zbulojn\u00eb t\u00eb v\u00ebrtet\u00ebn. T\u00eb nj\u00ebjtin apel b\u00ebn edhe Sindikata e Minator\u00ebve t\u00eb Bashkuar t\u00eb Bulqiz\u00ebs ndaj mediave: ejani e dokumentojeni paligjshm\u00ebrin\u00eb n\u00eb t\u00eb cil\u00ebn zhytet p\u00ebrdit\u00eb e m\u00eb shum\u00eb AlbChrome sh.p.k!<\/p>\n<p>Nd\u00ebrkaq, i b\u00ebjm\u00eb me dije AlbChrome dhe t\u00eb gjitha mediave se p\u00ebr t\u00eb gjitha shkeljet e AlbChrome, ne jemi n\u00eb kontakt me t\u00eb gjitha sindikatat bot\u00ebrore, por edhe me organizata ku AlbChrome b\u00ebn pjes\u00eb, si International Chrome Development Agency (ICDA), e cila po informohet dit\u00eb pas dite p\u00ebr shkeljet e t\u00eb drejtave themelore t\u00eb garantuara nga Konventat Themelore t\u00eb Organizat\u00ebs Bot\u00ebrore t\u00eb Pun\u00ebs, Kushtetuta e Shqip\u00ebris\u00eb dhe Kodi i Pun\u00ebs.<\/p>\n","protected":false},"excerpt":{"rendered":"<p>P\u00cbRGJIGJE NDAJ T\u00cb PAV\u00cbRTETAVE Q\u00cb KOMPANIA ALBCHROME IU KA NISUR MEDIAVE Mbr\u00ebmjen e djeshme, m\u00eb 27 dhjetor 2019, kompania AlbChrome sh.p.k u ka nisur mediave nj\u00eb\u00a0q\u00ebndrim publik t\u00eb mbushur me t\u00eb pav\u00ebrteta ndaj Sindikat\u00ebs s\u00eb Minator\u00ebve t\u00eb Bashkuar t\u00eb Bulqiz\u00ebs, t\u00eb cilat p\u00ebr fat t\u00eb mir\u00eb jan\u00eb leht\u00ebsisht t\u00eb v\u00ebrtetueshme. Sindikata e Minator\u00ebve t\u00eb Bashkuar [&hellip;]<\/p>\n","protected":false},"author":9,"featured_media":29831,"comment_status":"open","ping_status":"open","sticky":false,"template":"","format":"standard","meta":{"jetpack_post_was_ever_published":false,"_jetpack_newsletter_access":"","_jetpack_dont_email_post_to_subs":false,"_jetpack_newsletter_tier_id":0,"_jetpack_memberships_contains_paywalled_content":false,"_jetpack_memberships_contains_paid_content":false,"footnotes":"","jetpack_publicize_message":"","jetpack_publicize_feature_enabled":true,"jetpack_social_post_already_shared":true,"jetpack_social_options":{"image_generator_settings":{"template":"highway","default_image_id":0,"font":"","enabled":false},"version":2}},"categories":[27,1,35],"tags":[],"class_list":["post-29830","post","type-post","status-publish","format-standard","has-post-thumbnail","hentry","category-blogu-i-udhetarit","category-njoftime-shtypi","category-shoqerore"],"jetpack_publicize_connections":[],"jetpack_featured_media_url":"https:\/\/i0.wp.com\/www.shqiperia.com\/blog\/wp-content\/uploads\/2019\/12\/Sindikata-e-Bulqizes.jpg?fit=960%2C473&ssl=1","jetpack_sharing_enabled":true,"jetpack_shortlink":"https:\/\/wp.me\/p5Z6wp-7L8","jetpack-related-posts":[{"id":28949,"url":"https:\/\/www.shqiperia.com\/blog\/protesta-e-minatoreve-ne-bulqize-policia-shoqeron-kater-protestues\/","url_meta":{"origin":29830,"position":0},"title":"Protesta e minator\u00ebve n\u00eb Bulqiz\u00eb, policia shoq\u00ebron kat\u00ebr protestues.-","author":"Kurt Farka","date":"December 5, 2019","format":false,"excerpt":"Protesta e minator\u00ebve n\u00eb Bulqiz\u00eb, policia shoq\u00ebron kat\u00ebr protestues 4 Dhjetor 2019 Policia e Shtetit shoq\u00ebroi 4 protestues p\u00ebrfshi kryetarin e Sindikat\u00ebs s\u00eb Minator\u00ebve t\u00eb Bashkuar t\u00eb Bulqiz\u00ebs, nd\u00ebrsa i akuzon ata p\u00ebr tubim t\u00eb paligjsh\u00ebm, edhe pse protestuesit thon\u00eb se shehsi ku protestojn\u00eb nuk pengon qarkullimin e mjeteve dhe\u2026","rel":"","context":"In &quot;Blogu i Udh\u00ebtarit&quot;","block_context":{"text":"Blogu i Udh\u00ebtarit","link":"https:\/\/www.shqiperia.com\/blog\/category\/blogu-i-udhetarit\/"},"img":{"alt_text":"","src":"https:\/\/i0.wp.com\/www.shqiperia.com\/blog\/wp-content\/uploads\/2019\/12\/76205497_1432191813600205_1150979934575919104_n-600x400.jpg?fit=600%2C338&ssl=1&resize=350%2C200","width":350,"height":200,"srcset":"https:\/\/i0.wp.com\/www.shqiperia.com\/blog\/wp-content\/uploads\/2019\/12\/76205497_1432191813600205_1150979934575919104_n-600x400.jpg?fit=600%2C338&ssl=1&resize=350%2C200 1x, https:\/\/i0.wp.com\/www.shqiperia.com\/blog\/wp-content\/uploads\/2019\/12\/76205497_1432191813600205_1150979934575919104_n-600x400.jpg?fit=600%2C338&ssl=1&resize=525%2C300 1.5x"},"classes":[]},{"id":98252,"url":"https:\/\/www.shqiperia.com\/blog\/rama-sot-i-beri-karshillek-shba-se-per-porto-romanon-poli-hoxha-kane-nisur-hetimet-spak-do-kerkoje-pezullimin-e-kryeministrit-kompania-offshore-fillon-ne-greqi-e-perfundon-ne-r\/","url_meta":{"origin":29830,"position":1},"title":"\u201cRama sot i b\u00ebri karshill\u00ebk SHBA-s\u00eb p\u00ebr Porto Romanon\u201d- Poli Hoxha: &#8211; Kan\u00eb nisur hetimet, SPAK do k\u00ebrkoj\u00eb pezullimin e kryeministrit! Kompania offshore fillon n\u00eb Greqi e p\u00ebrfundon n\u00eb Rusi","author":"Kurt Farka","date":"March 10, 2026","format":false,"excerpt":"10 Mars 2026 Gazetari Poli Hoxha ishte mbr\u00ebmjen e sotme n\u00eb Studio24, teksa foli mbi \u00e7\u00ebshtjen e pezullimit t\u00eb Belinda Ballukut, p\u00ebr t\u00eb cil\u00ebn PS mbajtiu nj\u00eb qendim t\u00eb qart\u00eb q\u00eb nuk do i heq\u00eb imunitetin pavar\u00ebsisht k\u00ebrkes\u00ebs s\u00eb SPAK. M\u00eb tej, Hoxha u ndal edhe te ajo q\u00eb e\u2026","rel":"","context":"In &quot;Blogu i Udh\u00ebtarit&quot;","block_context":{"text":"Blogu i Udh\u00ebtarit","link":"https:\/\/www.shqiperia.com\/blog\/category\/blogu-i-udhetarit\/"},"img":{"alt_text":"","src":"https:\/\/i0.wp.com\/www.shqiperia.com\/blog\/wp-content\/uploads\/2026\/03\/poli-hoxha.jpg?fit=1103%2C775&ssl=1&resize=350%2C200","width":350,"height":200,"srcset":"https:\/\/i0.wp.com\/www.shqiperia.com\/blog\/wp-content\/uploads\/2026\/03\/poli-hoxha.jpg?fit=1103%2C775&ssl=1&resize=350%2C200 1x, https:\/\/i0.wp.com\/www.shqiperia.com\/blog\/wp-content\/uploads\/2026\/03\/poli-hoxha.jpg?fit=1103%2C775&ssl=1&resize=525%2C300 1.5x, https:\/\/i0.wp.com\/www.shqiperia.com\/blog\/wp-content\/uploads\/2026\/03\/poli-hoxha.jpg?fit=1103%2C775&ssl=1&resize=700%2C400 2x, https:\/\/i0.wp.com\/www.shqiperia.com\/blog\/wp-content\/uploads\/2026\/03\/poli-hoxha.jpg?fit=1103%2C775&ssl=1&resize=1050%2C600 3x"},"classes":[]},{"id":68696,"url":"https:\/\/www.shqiperia.com\/blog\/media-kineze-kompania-ku-punonte-dorian-ducka-sponsorizoi-ekspoziten-vetjake-te-edi-rames-ne-hong-kong\/","url_meta":{"origin":29830,"position":2},"title":"Media kineze: &#8211; Kompania ku punonte Dorian Du\u00e7ka sponsorizoi ekspozit\u00ebn vetjake t\u00eb Edi Ram\u00ebs n\u00eb Hong Kong","author":"Kurt Farka","date":"February 27, 2023","format":false,"excerpt":"27 Shkurt 2023 Konglomerati kinez i energjis\u00eb CEFC ku punonte k\u00ebshilltari i Kryeminisrit Edi Rama, Dorian Ducka apo i njohur ne dosjen \u201cMc Gonigal\u201d me emrin \u201cPersoni B\u201d sponsorizoi \u00e7eljen e ekspozit\u00ebs personale te kryeministrit ne Hong Kong. China Energy Company Limited\u00a0sponsorizoi ekspozit\u00ebn e quajtur \u201cCalendar Blossoms\u201d e cila u\u2026","rel":"","context":"In &quot;Blogu i Udh\u00ebtarit&quot;","block_context":{"text":"Blogu i Udh\u00ebtarit","link":"https:\/\/www.shqiperia.com\/blog\/category\/blogu-i-udhetarit\/"},"img":{"alt_text":"","src":"https:\/\/i0.wp.com\/www.shqiperia.com\/blog\/wp-content\/uploads\/2023\/02\/rama-kinezet.jpg?fit=765%2C412&ssl=1&resize=350%2C200","width":350,"height":200,"srcset":"https:\/\/i0.wp.com\/www.shqiperia.com\/blog\/wp-content\/uploads\/2023\/02\/rama-kinezet.jpg?fit=765%2C412&ssl=1&resize=350%2C200 1x, https:\/\/i0.wp.com\/www.shqiperia.com\/blog\/wp-content\/uploads\/2023\/02\/rama-kinezet.jpg?fit=765%2C412&ssl=1&resize=525%2C300 1.5x, https:\/\/i0.wp.com\/www.shqiperia.com\/blog\/wp-content\/uploads\/2023\/02\/rama-kinezet.jpg?fit=765%2C412&ssl=1&resize=700%2C400 2x"},"classes":[]},{"id":92159,"url":"https:\/\/www.shqiperia.com\/blog\/afera-e-anijeve-gjenerator-dhe-heshtja-e-ministres-balluku\/","url_meta":{"origin":29830,"position":3},"title":"Afera e anijeve gjenerator dhe heshtja e Ministres Balluku","author":"Kurt Farka","date":"May 3, 2025","format":false,"excerpt":"3 Maji 2025 Anijet gjenerator\u00eb t\u00eb ardhura nga Bangladeshi, t\u00eb njohura si Tigri 1 dhe Tigri 3, kan\u00eb patur v\u00ebmendjen ton\u00eb p\u00ebr m\u00eb shum\u00eb se tre sezone. Kjo p\u00ebr shkak t\u00eb parregullsive n\u00eb procedurat q\u00eb jan\u00eb ndjekur hap pas hapi, q\u00eb nga blerja e deri tek v\u00ebnia n\u00eb pun\u00eb e\u2026","rel":"","context":"In &quot;Blogu i Udh\u00ebtarit&quot;","block_context":{"text":"Blogu i Udh\u00ebtarit","link":"https:\/\/www.shqiperia.com\/blog\/category\/blogu-i-udhetarit\/"},"img":{"alt_text":"","src":"https:\/\/i0.wp.com\/www.shqiperia.com\/blog\/wp-content\/uploads\/2025\/05\/640-0-1746212906x7df7ae9f-99b9-4dd0-ad64-c627207f8bc2-164.jpg?fit=640%2C360&ssl=1&resize=350%2C200","width":350,"height":200,"srcset":"https:\/\/i0.wp.com\/www.shqiperia.com\/blog\/wp-content\/uploads\/2025\/05\/640-0-1746212906x7df7ae9f-99b9-4dd0-ad64-c627207f8bc2-164.jpg?fit=640%2C360&ssl=1&resize=350%2C200 1x, https:\/\/i0.wp.com\/www.shqiperia.com\/blog\/wp-content\/uploads\/2025\/05\/640-0-1746212906x7df7ae9f-99b9-4dd0-ad64-c627207f8bc2-164.jpg?fit=640%2C360&ssl=1&resize=525%2C300 1.5x"},"classes":[]},{"id":73551,"url":"https:\/\/www.shqiperia.com\/blog\/bresher-i-forte-permbyten-rruget-e-qytetit-te-bulqizes-probleme-per-levizjen-e-qytetareve\/","url_meta":{"origin":29830,"position":4},"title":"Bresh\u00ebr i fort\u00eb, p\u00ebrmbyten rrug\u00ebt e qytetit t\u00eb Bulqiz\u00ebs, probleme p\u00ebr l\u00ebvizjen e qytetar\u00ebve","author":"Kurt Farka","date":"August 15, 2023","format":false,"excerpt":"15 Gusht 2023 Jan\u00eb dashur pak minuta shi dhe bresh\u00ebr q\u00eb rrug\u00ebt e qytetit t\u00eb Bulqiz\u00ebs dhe pedonalja t\u00eb p\u00ebrmbyten. Shiu i rr\u00ebmbyesh\u00ebm i shoq\u00ebruar me er\u00eb t\u00eb fort\u00eb krijoi probleme n\u00eb l\u00ebvizjen e qytetar\u00ebve t\u00eb cil\u00ebt u gjend\u00ebn t\u00eb pap\u00ebrgatitur, megjith\u00ebse kjo nuk \u00ebsht\u00eb hera e par\u00eb q\u00eb rrug\u00ebt\u2026","rel":"","context":"In &quot;Blogu i Udh\u00ebtarit&quot;","block_context":{"text":"Blogu i Udh\u00ebtarit","link":"https:\/\/www.shqiperia.com\/blog\/category\/blogu-i-udhetarit\/"},"img":{"alt_text":"","src":"https:\/\/i0.wp.com\/www.shqiperia.com\/blog\/wp-content\/uploads\/2023\/08\/Bulqize-770x446-770x433-1.png?fit=770%2C433&ssl=1&resize=350%2C200","width":350,"height":200,"srcset":"https:\/\/i0.wp.com\/www.shqiperia.com\/blog\/wp-content\/uploads\/2023\/08\/Bulqize-770x446-770x433-1.png?fit=770%2C433&ssl=1&resize=350%2C200 1x, https:\/\/i0.wp.com\/www.shqiperia.com\/blog\/wp-content\/uploads\/2023\/08\/Bulqize-770x446-770x433-1.png?fit=770%2C433&ssl=1&resize=525%2C300 1.5x, https:\/\/i0.wp.com\/www.shqiperia.com\/blog\/wp-content\/uploads\/2023\/08\/Bulqize-770x446-770x433-1.png?fit=770%2C433&ssl=1&resize=700%2C400 2x"},"classes":[]},{"id":90790,"url":"https:\/\/www.shqiperia.com\/blog\/maskat-te-one-klodiana-lala-jep-detaje-per-ngjarjen-e-fshehur-te-tre-muajve-me-pare\/","url_meta":{"origin":29830,"position":5},"title":"MASKAT TE \u201cONE\u201d, Klodiana Lala jep detaje p\u00ebr ngjarjen e fshehur t\u00eb tre muajve m\u00eb par\u00eb","author":"Kurt Farka","date":"March 28, 2025","format":false,"excerpt":"28 Mars 2025 Kompania \"One\" \u00ebsht\u00eb nj\u00eb nga klientet kryesore t\u00eb Arb\u00ebr Veliajt, q\u00eb \u00ebsht\u00eb v\u00ebllai i kryebashkiakut t\u00eb Tiran\u00ebs, Erion Veliaj. Gazetarja Klodiana Lala shpjegoi n\u00eb emisionin \u201cT\u00eb Paekspozuarit\u201d n\u00eb MCN TV bastisjen e maskave n\u00eb zyrat e kompanis\u00eb telefonike \u201cOne\u201d nat\u00ebn e Krishtlindjeve 2024 dhe njoftimin e policis\u00eb\u2026","rel":"","context":"In &quot;Blogu i Udh\u00ebtarit&quot;","block_context":{"text":"Blogu i Udh\u00ebtarit","link":"https:\/\/www.shqiperia.com\/blog\/category\/blogu-i-udhetarit\/"},"img":{"alt_text":"","src":"https:\/\/i0.wp.com\/www.shqiperia.com\/blog\/wp-content\/uploads\/2025\/03\/Ngjarja-kompania-One-celularet-maskat-prishja-kompjuterat.jpg?fit=1185%2C610&ssl=1&resize=350%2C200","width":350,"height":200,"srcset":"https:\/\/i0.wp.com\/www.shqiperia.com\/blog\/wp-content\/uploads\/2025\/03\/Ngjarja-kompania-One-celularet-maskat-prishja-kompjuterat.jpg?fit=1185%2C610&ssl=1&resize=350%2C200 1x, https:\/\/i0.wp.com\/www.shqiperia.com\/blog\/wp-content\/uploads\/2025\/03\/Ngjarja-kompania-One-celularet-maskat-prishja-kompjuterat.jpg?fit=1185%2C610&ssl=1&resize=525%2C300 1.5x, https:\/\/i0.wp.com\/www.shqiperia.com\/blog\/wp-content\/uploads\/2025\/03\/Ngjarja-kompania-One-celularet-maskat-prishja-kompjuterat.jpg?fit=1185%2C610&ssl=1&resize=700%2C400 2x, https:\/\/i0.wp.com\/www.shqiperia.com\/blog\/wp-content\/uploads\/2025\/03\/Ngjarja-kompania-One-celularet-maskat-prishja-kompjuterat.jpg?fit=1185%2C610&ssl=1&resize=1050%2C600 3x"},"classes":[]}],"_links":{"self":[{"href":"https:\/\/www.shqiperia.com\/blog\/wp-json\/wp\/v2\/posts\/29830","targetHints":{"allow":["GET"]}}],"collection":[{"href":"https:\/\/www.shqiperia.com\/blog\/wp-json\/wp\/v2\/posts"}],"about":[{"href":"https:\/\/www.shqiperia.com\/blog\/wp-json\/wp\/v2\/types\/post"}],"author":[{"embeddable":true,"href":"https:\/\/www.shqiperia.com\/blog\/wp-json\/wp\/v2\/users\/9"}],"replies":[{"embeddable":true,"href":"https:\/\/www.shqiperia.com\/blog\/wp-json\/wp\/v2\/comments?post=29830"}],"version-history":[{"count":1,"href":"https:\/\/www.shqiperia.com\/blog\/wp-json\/wp\/v2\/posts\/29830\/revisions"}],"predecessor-version":[{"id":29833,"href":"https:\/\/www.shqiperia.com\/blog\/wp-json\/wp\/v2\/posts\/29830\/revisions\/29833"}],"wp:featuredmedia":[{"embeddable":true,"href":"https:\/\/www.shqiperia.com\/blog\/wp-json\/wp\/v2\/media\/29831"}],"wp:attachment":[{"href":"https:\/\/www.shqiperia.com\/blog\/wp-json\/wp\/v2\/media?parent=29830"}],"wp:term":[{"taxonomy":"category","embeddable":true,"href":"https:\/\/www.shqiperia.com\/blog\/wp-json\/wp\/v2\/categories?post=29830"},{"taxonomy":"post_tag","embeddable":true,"href":"https:\/\/www.shqiperia.com\/blog\/wp-json\/wp\/v2\/tags?post=29830"}],"curies":[{"name":"wp","href":"https:\/\/api.w.org\/{rel}","templated":true}]}}