{"id":29813,"date":"2019-12-29T08:32:03","date_gmt":"2019-12-29T08:32:03","guid":{"rendered":"https:\/\/www.shqiperia.com\/blog\/?p=29813"},"modified":"2019-12-29T08:32:03","modified_gmt":"2019-12-29T08:32:03","slug":"pse-bashkia-e-tiranes-po-e-rrit-fshehurazi-taksen-e-pastrimit","status":"publish","type":"post","link":"https:\/\/www.shqiperia.com\/blog\/pse-bashkia-e-tiranes-po-e-rrit-fshehurazi-taksen-e-pastrimit\/","title":{"rendered":"Pse Bashkia e Tiran\u00ebs po e rrit fshehurazi taks\u00ebn e pastrimit?"},"content":{"rendered":"<p><img data-recalc-dims=\"1\" loading=\"lazy\" decoding=\"async\" data-attachment-id=\"29814\" data-permalink=\"https:\/\/www.shqiperia.com\/blog\/pse-bashkia-e-tiranes-po-e-rrit-fshehurazi-taksen-e-pastrimit\/klodian-tomorri-compressor-e1575060334521\/\" data-orig-file=\"https:\/\/i0.wp.com\/www.shqiperia.com\/blog\/wp-content\/uploads\/2019\/12\/Klodian-Tomorri-compressor-e1575060334521.jpg?fit=719%2C453&amp;ssl=1\" data-orig-size=\"719,453\" data-comments-opened=\"1\" data-image-meta=\"{&quot;aperture&quot;:&quot;0&quot;,&quot;credit&quot;:&quot;&quot;,&quot;camera&quot;:&quot;&quot;,&quot;caption&quot;:&quot;&quot;,&quot;created_timestamp&quot;:&quot;0&quot;,&quot;copyright&quot;:&quot;&quot;,&quot;focal_length&quot;:&quot;0&quot;,&quot;iso&quot;:&quot;0&quot;,&quot;shutter_speed&quot;:&quot;0&quot;,&quot;title&quot;:&quot;&quot;,&quot;orientation&quot;:&quot;0&quot;}\" data-image-title=\"Klodian-Tomorri-compressor-e1575060334521\" data-image-description=\"\" data-image-caption=\"\" data-medium-file=\"https:\/\/i0.wp.com\/www.shqiperia.com\/blog\/wp-content\/uploads\/2019\/12\/Klodian-Tomorri-compressor-e1575060334521.jpg?fit=300%2C189&amp;ssl=1\" data-large-file=\"https:\/\/i0.wp.com\/www.shqiperia.com\/blog\/wp-content\/uploads\/2019\/12\/Klodian-Tomorri-compressor-e1575060334521.jpg?fit=719%2C453&amp;ssl=1\" class=\"alignnone  wp-image-29814\" alt=\"\" src=\"https:\/\/i0.wp.com\/www.shqiperia.com\/blog\/wp-content\/uploads\/2019\/12\/Klodian-Tomorri-compressor-e1575060334521-300x189.jpg?resize=567%2C357&#038;ssl=1\" width=\"567\" height=\"357\" srcset=\"https:\/\/i0.wp.com\/www.shqiperia.com\/blog\/wp-content\/uploads\/2019\/12\/Klodian-Tomorri-compressor-e1575060334521.jpg?resize=300%2C189&amp;ssl=1 300w, https:\/\/i0.wp.com\/www.shqiperia.com\/blog\/wp-content\/uploads\/2019\/12\/Klodian-Tomorri-compressor-e1575060334521.jpg?resize=450%2C284&amp;ssl=1 450w, https:\/\/i0.wp.com\/www.shqiperia.com\/blog\/wp-content\/uploads\/2019\/12\/Klodian-Tomorri-compressor-e1575060334521.jpg?resize=600%2C378&amp;ssl=1 600w, https:\/\/i0.wp.com\/www.shqiperia.com\/blog\/wp-content\/uploads\/2019\/12\/Klodian-Tomorri-compressor-e1575060334521.jpg?resize=400%2C252&amp;ssl=1 400w, https:\/\/i0.wp.com\/www.shqiperia.com\/blog\/wp-content\/uploads\/2019\/12\/Klodian-Tomorri-compressor-e1575060334521.jpg?w=719&amp;ssl=1 719w\" sizes=\"auto, (max-width: 567px) 100vw, 567px\" \/><\/p>\n<p><strong>Pse Bashkia e Tiran\u00ebs po e rrit fshehurazi taks\u00ebn e pastrimit?<\/strong><\/p>\n<p>28\/12\/19<\/p>\n<p><strong>Nga Klodian Tomorri<\/strong><\/p>\n<p>Politika fiskale nuk \u00ebsht\u00eb loj\u00eb kukudh\u00ebsh<\/p>\n<p>Tarifa e pastrimit p\u00ebr familjet e kryeqytetit do t\u00eb rritet me 750 lek\u00eb vitin e ardhsh\u00ebm. Nga 5 mij\u00eb lek\u00eb n\u00eb vit q\u00eb paguhet tani shkon 5750 lek\u00eb n\u00eb vit.<\/p>\n<p>P\u00ebr bizneset e vogla me xhiro deri n\u00eb 2 milion\u00eb lek\u00eb tarifa barazohet me familjar\u00ebt. Deri m\u00eb tani k\u00ebta kan\u00eb paguar 3500 lek\u00eb n\u00eb vit. Megjithat\u00eb n\u00eb rastin e biznesit ka kompesim sepse ulet taksa e arsimit. Dmth barra finale nuk rritet.<\/p>\n<p>Tani problemi nuk \u00ebsht\u00eb se pse rritet tarifa e pastrimit. E para \u00ebsht\u00eb nj\u00eb rritje e pap\u00ebrfillshme 750 lek\u00eb n\u00eb vit. E dyta, \u00ebsht\u00eb nj\u00eb tarif\u00eb q\u00eb nuk \u00ebsht\u00eb ndryshuar prej 20 vitesh dhe ka sens t\u00eb indeksohet sepse normalisht mund t\u00eb ket\u00eb rritje t\u00eb kostove. Nd\u00ebrsa n\u00eb rastin e biznesit t\u00eb vog\u00ebl nuk ishte normale q\u00eb t\u00eb paguhej m\u00eb pak se familjet.<\/p>\n<p>Problemi \u00ebsht\u00eb se pse rriten fshehurazi. Paketa e re fiskale u votua pardje. U transmetua live nga t\u00eb gjitha mediat e vendit mbledhja e K\u00ebshillit Bashkiak. E pa ndonj\u00ebri lajmin se sa u rrit tarifa e pastrimit? E mori vesh njeri cila tarif\u00eb apo taks\u00eb ndryshoi? Asnj\u00eb media nuk e kishte. Dhe nuk \u00ebsht\u00eb faji i mediave.<\/p>\n<p>Un\u00eb q\u00eb kam akses t\u00eb privilegjuar n\u00eb informacion p\u00ebr shkak t\u00eb profesionit dhe njohjeve m\u00eb \u00ebsht\u00eb dashur gjysm\u00eb dite ta marr vesh \u00e7a u rrit dhe \u00e7a jo. Ex post, pasi ishte votuar vendimi.<\/p>\n<p>Kjo nuk \u00ebsht\u00eb normale fare. Nuk ndryshohen taksat fshehurazi se \u00ebsht\u00eb \u00e7menduri. K\u00ebshilli Bashkiak nuk \u00ebsht\u00eb K\u00ebshill Kukudh\u00ebsh qe merr vendime fshehurazi. Taksat propozohen, konsultohen, diskutohen dhe n\u00eb fund votohen.<\/p>\n<p>Politika fiskale duhet t\u00eb jet\u00eb transparente. E para tregon p\u00ebrgjegjshm\u00ebri ndaj qytetareve. E dyta, e b\u00ebn m\u00eb t\u00eb pranuesh\u00ebm vendimin n\u00eb publik. E treta, duket sh\u00ebmtuar kur ndryshon taksa fshehurazi.<\/p>\n<p>Gazeta Mapo<\/p>\n","protected":false},"excerpt":{"rendered":"<p>Pse Bashkia e Tiran\u00ebs po e rrit fshehurazi taks\u00ebn e pastrimit? 28\/12\/19 Nga Klodian Tomorri Politika fiskale nuk \u00ebsht\u00eb loj\u00eb kukudh\u00ebsh Tarifa e pastrimit p\u00ebr familjet e kryeqytetit do t\u00eb rritet me 750 lek\u00eb vitin e ardhsh\u00ebm. Nga 5 mij\u00eb lek\u00eb n\u00eb vit q\u00eb paguhet tani shkon 5750 lek\u00eb n\u00eb vit. P\u00ebr bizneset e vogla [&hellip;]<\/p>\n","protected":false},"author":9,"featured_media":29814,"comment_status":"open","ping_status":"open","sticky":false,"template":"","format":"standard","meta":{"jetpack_post_was_ever_published":false,"_jetpack_newsletter_access":"","_jetpack_dont_email_post_to_subs":false,"_jetpack_newsletter_tier_id":0,"_jetpack_memberships_contains_paywalled_content":false,"_jetpack_memberships_contains_paid_content":false,"footnotes":"","jetpack_publicize_message":"","jetpack_publicize_feature_enabled":true,"jetpack_social_post_already_shared":true,"jetpack_social_options":{"image_generator_settings":{"template":"highway","default_image_id":0,"font":"","enabled":false},"version":2}},"categories":[27,14],"tags":[],"class_list":["post-29813","post","type-post","status-publish","format-standard","has-post-thumbnail","hentry","category-blogu-i-udhetarit","category-press-releases"],"jetpack_publicize_connections":[],"jetpack_featured_media_url":"https:\/\/i0.wp.com\/www.shqiperia.com\/blog\/wp-content\/uploads\/2019\/12\/Klodian-Tomorri-compressor-e1575060334521.jpg?fit=719%2C453&ssl=1","jetpack_sharing_enabled":true,"jetpack_shortlink":"https:\/\/wp.me\/p5Z6wp-7KR","jetpack-related-posts":[{"id":87149,"url":"https:\/\/www.shqiperia.com\/blog\/nga-1-janari-2025-rritet-cmimi-i-ujit-per-12-bashki-ne-vend-nga-14-ne-2-fish\/","url_meta":{"origin":29813,"position":0},"title":"Nga 1 janari 2025 rritet \u00e7mimi i ujit p\u00ebr 12 bashki n\u00eb vend nga 14% n\u00eb 2-fish","author":"Kurt Farka","date":"December 6, 2024","format":false,"excerpt":"6 Dhjetor 2024 Enti Rregullator i Ujit ka vendosur rritjen e \u00e7mimit t\u00eb ujit pas k\u00ebrkes\u00ebs s\u00eb dy shoq\u00ebrive t\u00eb cilat kan\u00eb n\u00eb administrim 12 nj\u00ebsi apo bashki. Rritja e \u00e7mimit \u00ebsht\u00eb b\u00ebr\u00eb kryesisht p\u00ebr kategorin\u00eb e familjar\u00ebve teksa p\u00ebr bizneset dhe institucionet publike nuk jan\u00eb b\u00ebr\u00eb rishikime me p\u00ebrjashtim\u2026","rel":"","context":"In &quot;Blogu i Udh\u00ebtarit&quot;","block_context":{"text":"Blogu i Udh\u00ebtarit","link":"https:\/\/www.shqiperia.com\/blog\/category\/blogu-i-udhetarit\/"},"img":{"alt_text":"","src":"https:\/\/i0.wp.com\/www.shqiperia.com\/blog\/wp-content\/uploads\/2024\/12\/shutterstock_470832587.jpg?fit=780%2C439&ssl=1&resize=350%2C200","width":350,"height":200,"srcset":"https:\/\/i0.wp.com\/www.shqiperia.com\/blog\/wp-content\/uploads\/2024\/12\/shutterstock_470832587.jpg?fit=780%2C439&ssl=1&resize=350%2C200 1x, https:\/\/i0.wp.com\/www.shqiperia.com\/blog\/wp-content\/uploads\/2024\/12\/shutterstock_470832587.jpg?fit=780%2C439&ssl=1&resize=525%2C300 1.5x, https:\/\/i0.wp.com\/www.shqiperia.com\/blog\/wp-content\/uploads\/2024\/12\/shutterstock_470832587.jpg?fit=780%2C439&ssl=1&resize=700%2C400 2x"},"classes":[]},{"id":17840,"url":"https:\/\/www.shqiperia.com\/blog\/afera-korruptive-ne-sharre-tarifa-te-fshehura-per-ndertuesit-pengojne-investimet-frenohet-ekonomia-vendase\/","url_meta":{"origin":29813,"position":1},"title":"Afera korruptive ne Sharre.  Tarifa te fshehura per ndertuesit pengojne investimet, frenohet ekonomia vendase. &#8211;","author":"Kurt Farka","date":"February 23, 2019","format":false,"excerpt":"Afera korruptive ne Sharre. Tarifa te fshehura per ndertuesit pengojne investimet, frenohet ekonomia vendase. - 23 shkurt 2019 Pasi Shoqata e Nd\u00ebrtuesve shprehu q\u00ebndrimin q\u00eb do t\u00eb mbaj\u00eb ndaj tarif\u00ebs s\u00eb fshehur p\u00ebr derdhjen e dherave t\u00eb punimeve n\u00eb landfillin e Sharr\u00ebs, \u201cNews 24\u201d ka folur direkt me nd\u00ebrtuesit. K\u00ebta\u2026","rel":"","context":"In &quot;Blogu i Udh\u00ebtarit&quot;","block_context":{"text":"Blogu i Udh\u00ebtarit","link":"https:\/\/www.shqiperia.com\/blog\/category\/blogu-i-udhetarit\/"},"img":{"alt_text":"","src":"https:\/\/i0.wp.com\/www.shqiperia.com\/blog\/wp-content\/uploads\/2019\/02\/sharra-tarifat1.jpg?fit=1004%2C508&ssl=1&resize=350%2C200","width":350,"height":200,"srcset":"https:\/\/i0.wp.com\/www.shqiperia.com\/blog\/wp-content\/uploads\/2019\/02\/sharra-tarifat1.jpg?fit=1004%2C508&ssl=1&resize=350%2C200 1x, https:\/\/i0.wp.com\/www.shqiperia.com\/blog\/wp-content\/uploads\/2019\/02\/sharra-tarifat1.jpg?fit=1004%2C508&ssl=1&resize=525%2C300 1.5x, https:\/\/i0.wp.com\/www.shqiperia.com\/blog\/wp-content\/uploads\/2019\/02\/sharra-tarifat1.jpg?fit=1004%2C508&ssl=1&resize=700%2C400 2x"},"classes":[]},{"id":87139,"url":"https:\/\/www.shqiperia.com\/blog\/nga-1-janari-2025-rritet-cmimi-i-ujit-per-bashkite-shkoder-sh-a-e-cila-ka-ne-mbulim-shkodren-vaun-e-dejes-puken-fushe-arrzin-dhe-malesine-e-madhe\/","url_meta":{"origin":29813,"position":2},"title":"Nga 1 janari 2025 rritet \u00e7mimi i ujit p\u00ebr Bashkite: &#8211; Shkod\u00ebr sh.a e cila ka n\u00eb mbulim Shkodr\u00ebn, Vaun e Dej\u00ebs, Puk\u00ebn, Fush\u00eb Arrzin dhe Mal\u00ebsin\u00eb e Madhe.","author":"Kurt Farka","date":"December 6, 2024","format":false,"excerpt":"6 Dhjetor 2024 Enti Rregullator i Ujit ka vendosur rritjen e \u00e7mimit t\u00eb ujit pas k\u00ebrkes\u00ebs s\u00eb dy shoq\u00ebrive t\u00eb cilat kan\u00eb n\u00eb administrim 12 nj\u00ebsi apo bashki. Rritja e \u00e7mimit \u00ebsht\u00eb b\u00ebr\u00eb kryesisht p\u00ebr kategorin\u00eb e familjar\u00ebve teksa p\u00ebr bizneset dhe institucionet publike nuk jan\u00eb b\u00ebr\u00eb rishikime me p\u00ebrjashtim\u2026","rel":"","context":"In &quot;Blogu i Udh\u00ebtarit&quot;","block_context":{"text":"Blogu i Udh\u00ebtarit","link":"https:\/\/www.shqiperia.com\/blog\/category\/blogu-i-udhetarit\/"},"img":{"alt_text":"","src":"https:\/\/i0.wp.com\/www.shqiperia.com\/blog\/wp-content\/uploads\/2024\/12\/uji.jpg?fit=746%2C453&ssl=1&resize=350%2C200","width":350,"height":200,"srcset":"https:\/\/i0.wp.com\/www.shqiperia.com\/blog\/wp-content\/uploads\/2024\/12\/uji.jpg?fit=746%2C453&ssl=1&resize=350%2C200 1x, https:\/\/i0.wp.com\/www.shqiperia.com\/blog\/wp-content\/uploads\/2024\/12\/uji.jpg?fit=746%2C453&ssl=1&resize=525%2C300 1.5x, https:\/\/i0.wp.com\/www.shqiperia.com\/blog\/wp-content\/uploads\/2024\/12\/uji.jpg?fit=746%2C453&ssl=1&resize=700%2C400 2x"},"classes":[]},{"id":90564,"url":"https:\/\/www.shqiperia.com\/blog\/zysha-eshte-privat-ne-qendren-kulturore-te-bashkise-kurset-behen-me-leke\/","url_meta":{"origin":29813,"position":3},"title":"\u201cZysha \u00ebsht\u00eb privat\u201d, n\u00eb Qendr\u00ebn Kulturore t\u00eb bashkis\u00eb kurset b\u00ebhen me lek\u00eb","author":"Kurt Farka","date":"March 19, 2025","format":false,"excerpt":"18 Mars 2025 Nj\u00eb prind solli shqet\u00ebsimin e tij p\u00ebr Qendr\u00ebn Kulturore t\u00eb f\u00ebmij\u00ebve n\u00eb Lezh\u00eb, q\u00eb \u00ebsht\u00eb n\u00eb var\u00ebsi t\u00eb bashkis\u00eb. P\u00ebr kurset jasht\u00ebshkollore t\u00eb kantos apo veglave muzikore prind\u00ebrit paguajn\u00eb deri n\u00eb 30 mij\u00eb Lek\u00eb ora. \u201cUn\u00eb jam nj\u00eb prind nga qyteti i Lezh\u00ebs, kam nj\u00eb vajz\u00eb t\u00eb\u2026","rel":"","context":"In &quot;Blogu i Udh\u00ebtarit&quot;","block_context":{"text":"Blogu i Udh\u00ebtarit","link":"https:\/\/www.shqiperia.com\/blog\/category\/blogu-i-udhetarit\/"},"img":{"alt_text":"","src":"https:\/\/i0.wp.com\/www.shqiperia.com\/blog\/wp-content\/uploads\/2025\/03\/stop3-web-1024x577-1.jpg?fit=1024%2C577&ssl=1&resize=350%2C200","width":350,"height":200,"srcset":"https:\/\/i0.wp.com\/www.shqiperia.com\/blog\/wp-content\/uploads\/2025\/03\/stop3-web-1024x577-1.jpg?fit=1024%2C577&ssl=1&resize=350%2C200 1x, https:\/\/i0.wp.com\/www.shqiperia.com\/blog\/wp-content\/uploads\/2025\/03\/stop3-web-1024x577-1.jpg?fit=1024%2C577&ssl=1&resize=525%2C300 1.5x, https:\/\/i0.wp.com\/www.shqiperia.com\/blog\/wp-content\/uploads\/2025\/03\/stop3-web-1024x577-1.jpg?fit=1024%2C577&ssl=1&resize=700%2C400 2x"},"classes":[]},{"id":97212,"url":"https:\/\/www.shqiperia.com\/blog\/hije-skandali-ministria-e-shendetesise-rrit-cmimet-e-ilaceve-brenda-dites-me-4000\/","url_meta":{"origin":29813,"position":4},"title":"HIJE SKANDALI\/ &#8220;Ministria e Sh\u00ebndet\u00ebsis\u00eb rrit \u00e7mimet e ila\u00e7eve brenda dit\u00ebs me 4000%&#8221;","author":"Kurt Farka","date":"February 1, 2026","format":false,"excerpt":"1 Shkurt v2026 Nj\u00eb list\u00eb e gjer\u00eb barnash kan\u00eb p\u00ebsuar rritje t\u00eb \u00e7mimit duke filluar nga muaji janar i k\u00ebtij viti. Madje, disa prej tyre kan\u00eb p\u00ebsuar rritje m\u00eb shum\u00eb se 100 p\u00ebr qind t\u00eb shifr\u00ebs. Nj\u00eb antibiotik q\u00eb njeh p\u00ebrdorim t\u00eb gjer\u00eb si Cefazolina ka p\u00ebsuar rritje prej rreth\u2026","rel":"","context":"In &quot;Blogu i Udh\u00ebtarit&quot;","block_context":{"text":"Blogu i Udh\u00ebtarit","link":"https:\/\/www.shqiperia.com\/blog\/category\/blogu-i-udhetarit\/"},"img":{"alt_text":"","src":"https:\/\/i0.wp.com\/www.shqiperia.com\/blog\/wp-content\/uploads\/2026\/02\/640-0-29334c6cfaf53a3ead79425a9a6a38d5.png?fit=640%2C427&ssl=1&resize=350%2C200","width":350,"height":200,"srcset":"https:\/\/i0.wp.com\/www.shqiperia.com\/blog\/wp-content\/uploads\/2026\/02\/640-0-29334c6cfaf53a3ead79425a9a6a38d5.png?fit=640%2C427&ssl=1&resize=350%2C200 1x, https:\/\/i0.wp.com\/www.shqiperia.com\/blog\/wp-content\/uploads\/2026\/02\/640-0-29334c6cfaf53a3ead79425a9a6a38d5.png?fit=640%2C427&ssl=1&resize=525%2C300 1.5x"},"classes":[]},{"id":56169,"url":"https:\/\/www.shqiperia.com\/blog\/zbulohen-tenderat-e-zotos-fitoi-4-kontrata-per-pastrim-te-lumenjve-akuzohet-per-pune-te-pakryera\/","url_meta":{"origin":29813,"position":5},"title":"Zbulohen tenderat e Zotos. &#8211; Fitoi 4 kontrata p\u00ebr pastrim t\u00eb lumenjve, akuzohet p\u00ebr pun\u00eb t\u00eb pakryera","author":"Kurt Farka","date":"April 1, 2022","format":false,"excerpt":"Zbulohen tenderat e Zotos. - Fitoi 4 kontrata p\u00ebr pastrim t\u00eb lumenjve, akuzohet p\u00ebr pun\u00eb t\u00eb pakryera 31 Mars 2022 \u201c\u2026K\u00ebto impiante nuk jan\u00eb marr\u00eb ende n\u00eb dor\u00ebzim nga Ministria e Mjedisit pasi nuk ka nj\u00eb investim real\u201d. Incinerator\u00ebt ku SPAK ka konkluduar n\u00eb abuzime miliona euroshe, nuk jan\u00eb rastet\u2026","rel":"","context":"In &quot;Blogu i Udh\u00ebtarit&quot;","block_context":{"text":"Blogu i Udh\u00ebtarit","link":"https:\/\/www.shqiperia.com\/blog\/category\/blogu-i-udhetarit\/"},"img":{"alt_text":"","src":"https:\/\/i0.wp.com\/www.shqiperia.com\/blog\/wp-content\/uploads\/2022\/04\/Klodian-Zoto.jpg?fit=1200%2C677&ssl=1&resize=350%2C200","width":350,"height":200,"srcset":"https:\/\/i0.wp.com\/www.shqiperia.com\/blog\/wp-content\/uploads\/2022\/04\/Klodian-Zoto.jpg?fit=1200%2C677&ssl=1&resize=350%2C200 1x, https:\/\/i0.wp.com\/www.shqiperia.com\/blog\/wp-content\/uploads\/2022\/04\/Klodian-Zoto.jpg?fit=1200%2C677&ssl=1&resize=525%2C300 1.5x, https:\/\/i0.wp.com\/www.shqiperia.com\/blog\/wp-content\/uploads\/2022\/04\/Klodian-Zoto.jpg?fit=1200%2C677&ssl=1&resize=700%2C400 2x, https:\/\/i0.wp.com\/www.shqiperia.com\/blog\/wp-content\/uploads\/2022\/04\/Klodian-Zoto.jpg?fit=1200%2C677&ssl=1&resize=1050%2C600 3x"},"classes":[]}],"_links":{"self":[{"href":"https:\/\/www.shqiperia.com\/blog\/wp-json\/wp\/v2\/posts\/29813","targetHints":{"allow":["GET"]}}],"collection":[{"href":"https:\/\/www.shqiperia.com\/blog\/wp-json\/wp\/v2\/posts"}],"about":[{"href":"https:\/\/www.shqiperia.com\/blog\/wp-json\/wp\/v2\/types\/post"}],"author":[{"embeddable":true,"href":"https:\/\/www.shqiperia.com\/blog\/wp-json\/wp\/v2\/users\/9"}],"replies":[{"embeddable":true,"href":"https:\/\/www.shqiperia.com\/blog\/wp-json\/wp\/v2\/comments?post=29813"}],"version-history":[{"count":1,"href":"https:\/\/www.shqiperia.com\/blog\/wp-json\/wp\/v2\/posts\/29813\/revisions"}],"predecessor-version":[{"id":29815,"href":"https:\/\/www.shqiperia.com\/blog\/wp-json\/wp\/v2\/posts\/29813\/revisions\/29815"}],"wp:featuredmedia":[{"embeddable":true,"href":"https:\/\/www.shqiperia.com\/blog\/wp-json\/wp\/v2\/media\/29814"}],"wp:attachment":[{"href":"https:\/\/www.shqiperia.com\/blog\/wp-json\/wp\/v2\/media?parent=29813"}],"wp:term":[{"taxonomy":"category","embeddable":true,"href":"https:\/\/www.shqiperia.com\/blog\/wp-json\/wp\/v2\/categories?post=29813"},{"taxonomy":"post_tag","embeddable":true,"href":"https:\/\/www.shqiperia.com\/blog\/wp-json\/wp\/v2\/tags?post=29813"}],"curies":[{"name":"wp","href":"https:\/\/api.w.org\/{rel}","templated":true}]}}