{"id":29809,"date":"2019-12-28T18:26:39","date_gmt":"2019-12-28T18:26:39","guid":{"rendered":"https:\/\/www.shqiperia.com\/blog\/?p=29809"},"modified":"2019-12-28T18:26:39","modified_gmt":"2019-12-28T18:26:39","slug":"fshati-ne-kosove-ku-te-gjithe-banoret-kane-mbiemrin-gashi-por-kane-dy-fe","status":"publish","type":"post","link":"https:\/\/www.shqiperia.com\/blog\/fshati-ne-kosove-ku-te-gjithe-banoret-kane-mbiemrin-gashi-por-kane-dy-fe\/","title":{"rendered":"Fshati n\u00eb Kosov\u00eb ku t\u00eb gjith\u00eb banor\u00ebt kan\u00eb mbiemrin Gashi, por kan\u00eb dy fe. &#8211;"},"content":{"rendered":"<div id=\"attachment_29811\" style=\"width: 547px\" class=\"wp-caption alignnone\"><img data-recalc-dims=\"1\" loading=\"lazy\" decoding=\"async\" aria-describedby=\"caption-attachment-29811\" data-attachment-id=\"29811\" data-permalink=\"https:\/\/www.shqiperia.com\/blog\/fshati-ne-kosove-ku-te-gjithe-banoret-kane-mbiemrin-gashi-por-kane-dy-fe\/brus-catholic-church-brus-kosovo-2\/\" data-orig-file=\"https:\/\/i0.wp.com\/www.shqiperia.com\/blog\/wp-content\/uploads\/2019\/12\/Fshati-Brus-1200x630-2.jpg?fit=1200%2C630&amp;ssl=1\" data-orig-size=\"1200,630\" data-comments-opened=\"1\" data-image-meta=\"{&quot;aperture&quot;:&quot;0&quot;,&quot;credit&quot;:&quot;Paul Diming&quot;,&quot;camera&quot;:&quot;NIKON D7000&quot;,&quot;caption&quot;:&quot;All Images \\u00a9 2015 Paul Diming - All Rights Reserved - Unauthorized Use Prohibited.  Please visit www.pauldiming.com!&quot;,&quot;created_timestamp&quot;:&quot;1430870696&quot;,&quot;copyright&quot;:&quot;(C)2015 Paul Diming, all rights reserved.  To purchase, please visit: www.pauldiming.com&quot;,&quot;focal_length&quot;:&quot;86&quot;,&quot;iso&quot;:&quot;160&quot;,&quot;shutter_speed&quot;:&quot;0.016666666666667&quot;,&quot;title&quot;:&quot;Brus Catholic Church - Brus, Kosovo&quot;,&quot;orientation&quot;:&quot;0&quot;}\" data-image-title=\"Fshati n\u00eb Kosov\u00eb ku t\u00eb gjith\u00eb banor\u00ebt kan\u00eb mbiemrin Gashi, por kan\u00eb dy fe\" data-image-description=\"\" data-image-caption=\"&lt;p&gt;Fshati n\u00eb Kosov\u00eb ku t\u00eb gjith\u00eb banor\u00ebt kan\u00eb mbiemrin Gashi, por kan\u00eb dy fe&lt;\/p&gt;\n\" data-medium-file=\"https:\/\/i0.wp.com\/www.shqiperia.com\/blog\/wp-content\/uploads\/2019\/12\/Fshati-Brus-1200x630-2.jpg?fit=300%2C158&amp;ssl=1\" data-large-file=\"https:\/\/i0.wp.com\/www.shqiperia.com\/blog\/wp-content\/uploads\/2019\/12\/Fshati-Brus-1200x630-2.jpg?fit=1024%2C538&amp;ssl=1\" class=\" wp-image-29811\" alt=\"\" src=\"https:\/\/i0.wp.com\/www.shqiperia.com\/blog\/wp-content\/uploads\/2019\/12\/Fshati-Brus-1200x630-2.jpg?resize=537%2C283&#038;ssl=1\" width=\"537\" height=\"283\" srcset=\"https:\/\/i0.wp.com\/www.shqiperia.com\/blog\/wp-content\/uploads\/2019\/12\/Fshati-Brus-1200x630-2.jpg?resize=300%2C158&amp;ssl=1 300w, https:\/\/i0.wp.com\/www.shqiperia.com\/blog\/wp-content\/uploads\/2019\/12\/Fshati-Brus-1200x630-2.jpg?resize=1024%2C538&amp;ssl=1 1024w, https:\/\/i0.wp.com\/www.shqiperia.com\/blog\/wp-content\/uploads\/2019\/12\/Fshati-Brus-1200x630-2.jpg?resize=768%2C403&amp;ssl=1 768w, https:\/\/i0.wp.com\/www.shqiperia.com\/blog\/wp-content\/uploads\/2019\/12\/Fshati-Brus-1200x630-2.jpg?resize=450%2C236&amp;ssl=1 450w, https:\/\/i0.wp.com\/www.shqiperia.com\/blog\/wp-content\/uploads\/2019\/12\/Fshati-Brus-1200x630-2.jpg?resize=600%2C315&amp;ssl=1 600w, https:\/\/i0.wp.com\/www.shqiperia.com\/blog\/wp-content\/uploads\/2019\/12\/Fshati-Brus-1200x630-2.jpg?resize=400%2C210&amp;ssl=1 400w, https:\/\/i0.wp.com\/www.shqiperia.com\/blog\/wp-content\/uploads\/2019\/12\/Fshati-Brus-1200x630-2.jpg?w=1200&amp;ssl=1 1200w\" sizes=\"auto, (max-width: 537px) 100vw, 537px\" \/><p id=\"caption-attachment-29811\" class=\"wp-caption-text\">Fshati n\u00eb Kosov\u00eb ku t\u00eb gjith\u00eb banor\u00ebt kan\u00eb mbiemrin Gashi, por kan\u00eb dy fe<\/p><\/div>\n<p><strong>Fshati n\u00eb Kosov\u00eb ku t\u00eb gjith\u00eb banor\u00ebt kan\u00eb mbiemrin Gashi, por kan\u00eb dy fe<\/strong><\/p>\n<p><strong>Fshati Brus, i cili gjendet n\u00eb zon\u00ebn m\u00eb t\u00eb thell\u00eb t\u00eb komun\u00ebs s\u00eb Lipjanit ka dy karakteristika shum\u00eb interesante. T\u00eb gjith\u00eb banor\u00ebt kan\u00eb mbiemrin Gashi, dhe kan\u00eb dy fe, islamin dhe krisht\u00ebrizmin.<\/strong><\/p>\n<p>Fshati \u00ebsht\u00eb ngritur prej tre v\u00ebllez\u00ebrve t\u00eb cil\u00ebt kan\u00eb p\u00ebrqafuar besime t\u00eb ndryshme. N\u00eb mes t\u00eb fshatit jan\u00eb varrezat n\u00eb t\u00eb cilat deri para nj\u00eb dekade jan\u00eb varrosur s\u00eb bashku katolik\u00eb e mysliman\u00eb, nd\u00ebrsa koh\u00ebt e fundit ato jan\u00eb t\u00eb ndara. N\u00eb Brus ka sht\u00ebpi t\u00eb vjetra mbi 200 vjet, por edhe t\u00eb reja.<\/p>\n<p>Bursi me asnj\u00eb rrug\u00eb t\u00eb vetme nuk lidhet me pjes\u00ebt e tjera t\u00eb komun\u00ebs s\u00eb Lipjanit. P\u00ebr t\u00eb arritur n\u00eb t\u00eb duhet kaluar n\u00ebp\u00ebr territorin e dy komunave, Prishtin\u00ebs dhe Artan\u00ebs.<\/p>\n<p>Edhe pse u takojn\u00eb dy feve, toleranca nd\u00ebrfetare \u00ebsht\u00eb n\u00eb maksimum.<\/p>\n<p>Prodhimi i th\u00ebngjillit dhe shitja e tij \u00ebsht\u00eb profesioni i vet\u00ebm i shumic\u00ebs s\u00eb banor\u00ebve t\u00eb Brusit. N\u00eb k\u00ebt\u00eb fshat ka 30 furra t\u00eb posa\u00e7me n\u00eb t\u00eb cilat drur\u00ebt digjen duke u shnd\u00ebrruar n\u00eb th\u00ebngjill p\u00ebr skar\u00eb.<\/p>\n<div id=\"attachment_29811\" style=\"width: 807px\" class=\"wp-caption alignnone\"><img data-recalc-dims=\"1\" loading=\"lazy\" decoding=\"async\" aria-describedby=\"caption-attachment-29811\" data-attachment-id=\"29811\" data-permalink=\"https:\/\/www.shqiperia.com\/blog\/fshati-ne-kosove-ku-te-gjithe-banoret-kane-mbiemrin-gashi-por-kane-dy-fe\/brus-catholic-church-brus-kosovo-2\/\" data-orig-file=\"https:\/\/i0.wp.com\/www.shqiperia.com\/blog\/wp-content\/uploads\/2019\/12\/Fshati-Brus-1200x630-2.jpg?fit=1200%2C630&amp;ssl=1\" data-orig-size=\"1200,630\" data-comments-opened=\"1\" data-image-meta=\"{&quot;aperture&quot;:&quot;0&quot;,&quot;credit&quot;:&quot;Paul Diming&quot;,&quot;camera&quot;:&quot;NIKON D7000&quot;,&quot;caption&quot;:&quot;All Images \\u00a9 2015 Paul Diming - All Rights Reserved - Unauthorized Use Prohibited.  Please visit www.pauldiming.com!&quot;,&quot;created_timestamp&quot;:&quot;1430870696&quot;,&quot;copyright&quot;:&quot;(C)2015 Paul Diming, all rights reserved.  To purchase, please visit: www.pauldiming.com&quot;,&quot;focal_length&quot;:&quot;86&quot;,&quot;iso&quot;:&quot;160&quot;,&quot;shutter_speed&quot;:&quot;0.016666666666667&quot;,&quot;title&quot;:&quot;Brus Catholic Church - Brus, Kosovo&quot;,&quot;orientation&quot;:&quot;0&quot;}\" data-image-title=\"Fshati n\u00eb Kosov\u00eb ku t\u00eb gjith\u00eb banor\u00ebt kan\u00eb mbiemrin Gashi, por kan\u00eb dy fe\" data-image-description=\"\" data-image-caption=\"&lt;p&gt;Fshati n\u00eb Kosov\u00eb ku t\u00eb gjith\u00eb banor\u00ebt kan\u00eb mbiemrin Gashi, por kan\u00eb dy fe&lt;\/p&gt;\n\" data-medium-file=\"https:\/\/i0.wp.com\/www.shqiperia.com\/blog\/wp-content\/uploads\/2019\/12\/Fshati-Brus-1200x630-2.jpg?fit=300%2C158&amp;ssl=1\" data-large-file=\"https:\/\/i0.wp.com\/www.shqiperia.com\/blog\/wp-content\/uploads\/2019\/12\/Fshati-Brus-1200x630-2.jpg?fit=1024%2C538&amp;ssl=1\" class=\" wp-image-29811\" alt=\"\" src=\"https:\/\/i0.wp.com\/www.shqiperia.com\/blog\/wp-content\/uploads\/2019\/12\/Fshati-Brus-1200x630-2.jpg?resize=797%2C420&#038;ssl=1\" width=\"797\" height=\"420\" srcset=\"https:\/\/i0.wp.com\/www.shqiperia.com\/blog\/wp-content\/uploads\/2019\/12\/Fshati-Brus-1200x630-2.jpg?resize=300%2C158&amp;ssl=1 300w, https:\/\/i0.wp.com\/www.shqiperia.com\/blog\/wp-content\/uploads\/2019\/12\/Fshati-Brus-1200x630-2.jpg?resize=1024%2C538&amp;ssl=1 1024w, https:\/\/i0.wp.com\/www.shqiperia.com\/blog\/wp-content\/uploads\/2019\/12\/Fshati-Brus-1200x630-2.jpg?resize=450%2C236&amp;ssl=1 450w, https:\/\/i0.wp.com\/www.shqiperia.com\/blog\/wp-content\/uploads\/2019\/12\/Fshati-Brus-1200x630-2.jpg?resize=600%2C315&amp;ssl=1 600w, https:\/\/i0.wp.com\/www.shqiperia.com\/blog\/wp-content\/uploads\/2019\/12\/Fshati-Brus-1200x630-2.jpg?resize=400%2C210&amp;ssl=1 400w\" sizes=\"auto, (max-width: 797px) 100vw, 797px\" \/><p id=\"caption-attachment-29811\" class=\"wp-caption-text\">Fshati n\u00eb Kosov\u00eb ku t\u00eb gjith\u00eb banor\u00ebt kan\u00eb mbiemrin Gashi, por kan\u00eb dy fe<\/p><\/div>\n","protected":false},"excerpt":{"rendered":"<p>Fshati n\u00eb Kosov\u00eb ku t\u00eb gjith\u00eb banor\u00ebt kan\u00eb mbiemrin Gashi, por kan\u00eb dy fe Fshati Brus, i cili gjendet n\u00eb zon\u00ebn m\u00eb t\u00eb thell\u00eb t\u00eb komun\u00ebs s\u00eb Lipjanit ka dy karakteristika shum\u00eb interesante. T\u00eb gjith\u00eb banor\u00ebt kan\u00eb mbiemrin Gashi, dhe kan\u00eb dy fe, islamin dhe krisht\u00ebrizmin. Fshati \u00ebsht\u00eb ngritur prej tre v\u00ebllez\u00ebrve t\u00eb cil\u00ebt kan\u00eb [&hellip;]<\/p>\n","protected":false},"author":9,"featured_media":29810,"comment_status":"open","ping_status":"open","sticky":false,"template":"","format":"standard","meta":{"jetpack_post_was_ever_published":false,"_jetpack_newsletter_access":"","_jetpack_dont_email_post_to_subs":false,"_jetpack_newsletter_tier_id":0,"_jetpack_memberships_contains_paywalled_content":false,"_jetpack_memberships_contains_paid_content":false,"footnotes":"","jetpack_publicize_message":"","jetpack_publicize_feature_enabled":true,"jetpack_social_post_already_shared":true,"jetpack_social_options":{"image_generator_settings":{"template":"highway","default_image_id":0,"font":"","enabled":false},"version":2}},"categories":[27,35],"tags":[],"class_list":["post-29809","post","type-post","status-publish","format-standard","has-post-thumbnail","hentry","category-blogu-i-udhetarit","category-shoqerore"],"jetpack_publicize_connections":[],"jetpack_featured_media_url":"https:\/\/i0.wp.com\/www.shqiperia.com\/blog\/wp-content\/uploads\/2019\/12\/Fshati-Brus-1200x630-1.jpg?fit=1200%2C630&ssl=1","jetpack_sharing_enabled":true,"jetpack_shortlink":"https:\/\/wp.me\/p5Z6wp-7KN","jetpack-related-posts":[{"id":9003,"url":"https:\/\/www.shqiperia.com\/blog\/kulla-e-mazrekajve-drenovc-kosove-trashegimi-kulturore-foto\/","url_meta":{"origin":29809,"position":0},"title":"Kulla e Mazrekajve Drenovc \u2013Kosove \u2013 Trash\u00ebgimi Kulturore. (foto). &#8211;","author":"Kurt Farka","date":"June 22, 2018","format":false,"excerpt":"Kulla e Mazrekajve Drenovc \u2013Kosove \u2013 Trash\u00ebgimi Kulturore (foto). - Fshati Drenoc i cili \u00ebsht\u00eb n\u00ebn administrimin e komun\u00ebs s\u00eb De\u00e7anit, p\u00ebrve\u00e7 pamjes s\u00eb bukur t\u00eb nj\u00eb fshati me karakteristika shqiptare me t\u00eb cilat\u00a0 mund t\u00eb mburret ka edhe arsye t\u00eb tjera p\u00ebr tu krenuar. Drenoci ndryshe njihet edhe si\u2026","rel":"","context":"In &quot;Histori&quot;","block_context":{"text":"Histori","link":"https:\/\/www.shqiperia.com\/blog\/category\/histori\/"},"img":{"alt_text":"","src":"https:\/\/i0.wp.com\/www.shqiperia.com\/blog\/wp-content\/uploads\/2018\/06\/1-Kulla-e-Mazrekajve-2-Copy.jpg?fit=760%2C478&ssl=1&resize=350%2C200","width":350,"height":200,"srcset":"https:\/\/i0.wp.com\/www.shqiperia.com\/blog\/wp-content\/uploads\/2018\/06\/1-Kulla-e-Mazrekajve-2-Copy.jpg?fit=760%2C478&ssl=1&resize=350%2C200 1x, https:\/\/i0.wp.com\/www.shqiperia.com\/blog\/wp-content\/uploads\/2018\/06\/1-Kulla-e-Mazrekajve-2-Copy.jpg?fit=760%2C478&ssl=1&resize=525%2C300 1.5x, https:\/\/i0.wp.com\/www.shqiperia.com\/blog\/wp-content\/uploads\/2018\/06\/1-Kulla-e-Mazrekajve-2-Copy.jpg?fit=760%2C478&ssl=1&resize=700%2C400 2x"},"classes":[]},{"id":56912,"url":"https:\/\/www.shqiperia.com\/blog\/kosove-fshati-pa-banore\/","url_meta":{"origin":29809,"position":1},"title":"Kosove: &#8211; Fshati pa banor\u00eb","author":"Kurt Farka","date":"April 19, 2022","format":false,"excerpt":"Kosove: - Fshati pa banor\u00eb Nga: Nexhat Tov\u00ebrlani 18 Prill 2022 Disa fshatra t\u00eb Komun\u00ebs s\u00eb Podujev\u00ebs ka koh\u00eb q\u00eb kan\u00eb mbetur pa asnj\u00eb banor\u00eb. Nj\u00ebri prej tyre \u00ebsht\u00eb edhe T\u00ebrrnavica q\u00eb gjendet n\u00eb veri t\u00eb Podujev\u00eb, n\u00eb kufi me Serbin\u00eb. Nj\u00eb nga banor\u00ebt e m\u00ebhersh\u00ebm q\u00eb \u00ebsht\u00eb ngjitur n\u00eb\u2026","rel":"","context":"In &quot;Blogu i Udh\u00ebtarit&quot;","block_context":{"text":"Blogu i Udh\u00ebtarit","link":"https:\/\/www.shqiperia.com\/blog\/category\/blogu-i-udhetarit\/"},"img":{"alt_text":"","src":"https:\/\/i0.wp.com\/www.shqiperia.com\/blog\/wp-content\/uploads\/2022\/04\/Kosove-Fshati-pa-banore.jpg?fit=900%2C405&ssl=1&resize=350%2C200","width":350,"height":200,"srcset":"https:\/\/i0.wp.com\/www.shqiperia.com\/blog\/wp-content\/uploads\/2022\/04\/Kosove-Fshati-pa-banore.jpg?fit=900%2C405&ssl=1&resize=350%2C200 1x, https:\/\/i0.wp.com\/www.shqiperia.com\/blog\/wp-content\/uploads\/2022\/04\/Kosove-Fshati-pa-banore.jpg?fit=900%2C405&ssl=1&resize=525%2C300 1.5x, https:\/\/i0.wp.com\/www.shqiperia.com\/blog\/wp-content\/uploads\/2022\/04\/Kosove-Fshati-pa-banore.jpg?fit=900%2C405&ssl=1&resize=700%2C400 2x"},"classes":[]},{"id":26410,"url":"https:\/\/www.shqiperia.com\/blog\/fshatrat-e-shqiperise-lura\/","url_meta":{"origin":29809,"position":2},"title":"Fshatrat e Shqiperise: LURA. &#8211;","author":"Kurt Farka","date":"September 29, 2019","format":false,"excerpt":"Fshatrat e Shqiperise: LURA Fshati Lure nje nga fshatrat me te bukur te Ballkani eshte ne mes te rretheve Mirdite dhe Diber. Fshat shume i vjeter ku bashkejetojne dy besimet ne harmoni, myslimane dhe katolike. Ka disa banesa Kulle te cilat jane ndertuar me shije dhe arkitekture tradicionale. Ka disa\u2026","rel":"","context":"In &quot;Histori&quot;","block_context":{"text":"Histori","link":"https:\/\/www.shqiperia.com\/blog\/category\/histori\/"},"img":{"alt_text":"","src":"https:\/\/i0.wp.com\/www.shqiperia.com\/blog\/wp-content\/uploads\/2019\/09\/Fshatrat-e-Shqiperise-LURA-2.jpg?fit=1200%2C800&ssl=1&resize=350%2C200","width":350,"height":200,"srcset":"https:\/\/i0.wp.com\/www.shqiperia.com\/blog\/wp-content\/uploads\/2019\/09\/Fshatrat-e-Shqiperise-LURA-2.jpg?fit=1200%2C800&ssl=1&resize=350%2C200 1x, https:\/\/i0.wp.com\/www.shqiperia.com\/blog\/wp-content\/uploads\/2019\/09\/Fshatrat-e-Shqiperise-LURA-2.jpg?fit=1200%2C800&ssl=1&resize=525%2C300 1.5x, https:\/\/i0.wp.com\/www.shqiperia.com\/blog\/wp-content\/uploads\/2019\/09\/Fshatrat-e-Shqiperise-LURA-2.jpg?fit=1200%2C800&ssl=1&resize=700%2C400 2x, https:\/\/i0.wp.com\/www.shqiperia.com\/blog\/wp-content\/uploads\/2019\/09\/Fshatrat-e-Shqiperise-LURA-2.jpg?fit=1200%2C800&ssl=1&resize=1050%2C600 3x"},"classes":[]},{"id":10086,"url":"https:\/\/www.shqiperia.com\/blog\/kuriozitet-fshati-ku-flitet-vetem-me-shenja\/","url_meta":{"origin":29809,"position":3},"title":"Kuriozitet: &#8211; Fshati ku flitet vet\u00ebm me shenja. &#8211;","author":"Kurt Farka","date":"July 22, 2018","format":false,"excerpt":"Kuriozitet: - Fshati ku flitet vet\u00ebm me shenja. - N\u00eb xhungl\u00ebn e madhe t\u00eb Balit, n\u00eb Indonezi, gjendet nj\u00eb fshat i vog\u00ebl i quajtur Bengkala, i cili \u00ebsht\u00eb shum\u00eb i ve\u00e7ant\u00eb. Banor\u00ebt e tij prej 7 brezash praktikojn\u00eb gjuh\u00ebn e shenjave. N\u00eb fshatin e larg\u00ebt nga 3003 banor\u00eb, 44 prej\u2026","rel":"","context":"In &quot;Blogu i Udh\u00ebtarit&quot;","block_context":{"text":"Blogu i Udh\u00ebtarit","link":"https:\/\/www.shqiperia.com\/blog\/category\/blogu-i-udhetarit\/"},"img":{"alt_text":"","src":"https:\/\/i0.wp.com\/www.shqiperia.com\/blog\/wp-content\/uploads\/2018\/07\/img_lgomez_20160703-155800_imagenes_lv_otras_fuentes_indonesia-kwc-U4029386263424fB-992x558%40LaVanguardia-Web1-768x432.jpg?fit=768%2C432&ssl=1&resize=350%2C200","width":350,"height":200,"srcset":"https:\/\/i0.wp.com\/www.shqiperia.com\/blog\/wp-content\/uploads\/2018\/07\/img_lgomez_20160703-155800_imagenes_lv_otras_fuentes_indonesia-kwc-U4029386263424fB-992x558%40LaVanguardia-Web1-768x432.jpg?fit=768%2C432&ssl=1&resize=350%2C200 1x, https:\/\/i0.wp.com\/www.shqiperia.com\/blog\/wp-content\/uploads\/2018\/07\/img_lgomez_20160703-155800_imagenes_lv_otras_fuentes_indonesia-kwc-U4029386263424fB-992x558%40LaVanguardia-Web1-768x432.jpg?fit=768%2C432&ssl=1&resize=525%2C300 1.5x, https:\/\/i0.wp.com\/www.shqiperia.com\/blog\/wp-content\/uploads\/2018\/07\/img_lgomez_20160703-155800_imagenes_lv_otras_fuentes_indonesia-kwc-U4029386263424fB-992x558%40LaVanguardia-Web1-768x432.jpg?fit=768%2C432&ssl=1&resize=700%2C400 2x"},"classes":[]},{"id":80233,"url":"https:\/\/www.shqiperia.com\/blog\/fshtra-te-braktisur-kuci-i-devollit-me-nga-dy-pleq-per-shtepi-rinia-ne-emigrimin-ne-dekaden-e-fundit-iken-me-shume-se-gjysma-e-banoreve-shkolla-mbetet-me-9-nxenes\/","url_meta":{"origin":29809,"position":4},"title":"Fshtra t\u00eb Braktisur: &#8211; Ku\u00e7i i Devollit me nga dy pleq p\u00ebr sht\u00ebpi! Rinia n\u00eb emigrimin, n\u00eb dekad\u00ebn e fundit ik\u00ebn m\u00eb shum\u00eb se gjysma e banor\u00ebve! Shkolla mbetet me 9 nx\u00ebn\u00ebs","author":"Kurt Farka","date":"April 17, 2024","format":false,"excerpt":"17 Prill 2024 Fshati Ku\u00e7 i cili ndodhet vet\u00ebm 3 km larg Bilishtit gjendet n\u00eb nj\u00eb situat\u00eb t\u00eb v\u00ebshtir\u00eb. T\u00eb gjith\u00eb t\u00eb rinjt\u00eb e k\u00ebtij fshati jan\u00eb larguar ndaj n\u00eb shumic\u00ebn e dyerve t\u00eb fshatit Ku\u00e7 shikon vet\u00ebm dryna. \u00a0Familjet q\u00eb m\u00eb her\u00ebt jetonin n\u00eb to jan\u00eb larguar n\u00eb emigrim\u2026","rel":"","context":"In &quot;Blogu i Udh\u00ebtarit&quot;","block_context":{"text":"Blogu i Udh\u00ebtarit","link":"https:\/\/www.shqiperia.com\/blog\/category\/blogu-i-udhetarit\/"},"img":{"alt_text":"","src":"https:\/\/i0.wp.com\/www.shqiperia.com\/blog\/wp-content\/uploads\/2024\/04\/1713357243_bilisht.jpg?fit=780%2C440&ssl=1&resize=350%2C200","width":350,"height":200,"srcset":"https:\/\/i0.wp.com\/www.shqiperia.com\/blog\/wp-content\/uploads\/2024\/04\/1713357243_bilisht.jpg?fit=780%2C440&ssl=1&resize=350%2C200 1x, https:\/\/i0.wp.com\/www.shqiperia.com\/blog\/wp-content\/uploads\/2024\/04\/1713357243_bilisht.jpg?fit=780%2C440&ssl=1&resize=525%2C300 1.5x, https:\/\/i0.wp.com\/www.shqiperia.com\/blog\/wp-content\/uploads\/2024\/04\/1713357243_bilisht.jpg?fit=780%2C440&ssl=1&resize=700%2C400 2x"},"classes":[]},{"id":76296,"url":"https:\/\/www.shqiperia.com\/blog\/delbnishti-i-historise-i-lene-si-ne-mesjete-banoret-po-na-ikin-femijet-se-nuk-ka-rruge-fshati\/","url_meta":{"origin":29809,"position":5},"title":"Delbnishti i historis\u00eb i l\u00ebn\u00eb si n\u00eb Mesjet\u00eb, banor\u00ebt: Po na ikin f\u00ebmij\u00ebt se nuk ka rrug\u00eb fshati","author":"Kurt Farka","date":"December 12, 2023","format":false,"excerpt":"12 Dhjetor 2023 Emisioni \u201cFol\u201d n\u00eb MCN TV \u00ebsht\u00eb ndalur n\u00eb fshatin Delbnisht t\u00eb Kurbinit i cili \u00ebsht\u00eb l\u00ebn\u00eb si n\u00eb Mesjet\u00eb, pasi nuk ka rrug\u00eb, uj\u00eb, drita dhe shkoll\u00eb. Banor\u00ebt ankohen se n\u00eb 30 vjet demokraci nuk kan\u00eb asnj\u00eb p\u00ebrkrahje dhe ndon\u00ebse jan\u00eb b\u00ebr\u00eb shum\u00eb tendera p\u00ebr rrug\u00ebn, nuk\u2026","rel":"","context":"In &quot;Blogu i Udh\u00ebtarit&quot;","block_context":{"text":"Blogu i Udh\u00ebtarit","link":"https:\/\/www.shqiperia.com\/blog\/category\/blogu-i-udhetarit\/"},"img":{"alt_text":"","src":"https:\/\/i0.wp.com\/www.shqiperia.com\/blog\/wp-content\/uploads\/2023\/12\/erjon-fol-1.jpg?fit=1200%2C669&ssl=1&resize=350%2C200","width":350,"height":200,"srcset":"https:\/\/i0.wp.com\/www.shqiperia.com\/blog\/wp-content\/uploads\/2023\/12\/erjon-fol-1.jpg?fit=1200%2C669&ssl=1&resize=350%2C200 1x, https:\/\/i0.wp.com\/www.shqiperia.com\/blog\/wp-content\/uploads\/2023\/12\/erjon-fol-1.jpg?fit=1200%2C669&ssl=1&resize=525%2C300 1.5x, https:\/\/i0.wp.com\/www.shqiperia.com\/blog\/wp-content\/uploads\/2023\/12\/erjon-fol-1.jpg?fit=1200%2C669&ssl=1&resize=700%2C400 2x, https:\/\/i0.wp.com\/www.shqiperia.com\/blog\/wp-content\/uploads\/2023\/12\/erjon-fol-1.jpg?fit=1200%2C669&ssl=1&resize=1050%2C600 3x"},"classes":[]}],"_links":{"self":[{"href":"https:\/\/www.shqiperia.com\/blog\/wp-json\/wp\/v2\/posts\/29809","targetHints":{"allow":["GET"]}}],"collection":[{"href":"https:\/\/www.shqiperia.com\/blog\/wp-json\/wp\/v2\/posts"}],"about":[{"href":"https:\/\/www.shqiperia.com\/blog\/wp-json\/wp\/v2\/types\/post"}],"author":[{"embeddable":true,"href":"https:\/\/www.shqiperia.com\/blog\/wp-json\/wp\/v2\/users\/9"}],"replies":[{"embeddable":true,"href":"https:\/\/www.shqiperia.com\/blog\/wp-json\/wp\/v2\/comments?post=29809"}],"version-history":[{"count":1,"href":"https:\/\/www.shqiperia.com\/blog\/wp-json\/wp\/v2\/posts\/29809\/revisions"}],"predecessor-version":[{"id":29812,"href":"https:\/\/www.shqiperia.com\/blog\/wp-json\/wp\/v2\/posts\/29809\/revisions\/29812"}],"wp:featuredmedia":[{"embeddable":true,"href":"https:\/\/www.shqiperia.com\/blog\/wp-json\/wp\/v2\/media\/29810"}],"wp:attachment":[{"href":"https:\/\/www.shqiperia.com\/blog\/wp-json\/wp\/v2\/media?parent=29809"}],"wp:term":[{"taxonomy":"category","embeddable":true,"href":"https:\/\/www.shqiperia.com\/blog\/wp-json\/wp\/v2\/categories?post=29809"},{"taxonomy":"post_tag","embeddable":true,"href":"https:\/\/www.shqiperia.com\/blog\/wp-json\/wp\/v2\/tags?post=29809"}],"curies":[{"name":"wp","href":"https:\/\/api.w.org\/{rel}","templated":true}]}}