{"id":29806,"date":"2019-12-28T15:49:18","date_gmt":"2019-12-28T15:49:18","guid":{"rendered":"https:\/\/www.shqiperia.com\/blog\/?p=29806"},"modified":"2019-12-28T15:49:18","modified_gmt":"2019-12-28T15:49:18","slug":"astronomet-ngrene-alarmin-konstelacioni-satelitor-do-konkurroje-yjet","status":"publish","type":"post","link":"https:\/\/www.shqiperia.com\/blog\/astronomet-ngrene-alarmin-konstelacioni-satelitor-do-konkurroje-yjet\/","title":{"rendered":"Astronom\u00ebt ngren\u00eb alarmin: \u201cKonstelacioni\u201d satelitor do konkurroj\u00eb yjet. &#8211;"},"content":{"rendered":"<p><img data-recalc-dims=\"1\" loading=\"lazy\" decoding=\"async\" data-attachment-id=\"29807\" data-permalink=\"https:\/\/www.shqiperia.com\/blog\/astronomet-ngrene-alarmin-konstelacioni-satelitor-do-konkurroje-yjet\/constellation-du-taureau-all-photographs-taken-by-till-credner-and-sven-kohle-905x450\/\" data-orig-file=\"https:\/\/i0.wp.com\/www.shqiperia.com\/blog\/wp-content\/uploads\/2019\/12\/Constellation-du-Taureau-%C2%A9-all-photographs-taken-by-Till-Credner-and-Sven-Kohle-905x450-1.jpg?fit=905%2C450&amp;ssl=1\" data-orig-size=\"905,450\" data-comments-opened=\"1\" data-image-meta=\"{&quot;aperture&quot;:&quot;0&quot;,&quot;credit&quot;:&quot;&quot;,&quot;camera&quot;:&quot;&quot;,&quot;caption&quot;:&quot;&quot;,&quot;created_timestamp&quot;:&quot;0&quot;,&quot;copyright&quot;:&quot;&quot;,&quot;focal_length&quot;:&quot;0&quot;,&quot;iso&quot;:&quot;0&quot;,&quot;shutter_speed&quot;:&quot;0&quot;,&quot;title&quot;:&quot;&quot;,&quot;orientation&quot;:&quot;0&quot;}\" data-image-title=\"Constellation-du-Taureau-\u00a9-all-photographs-taken-by-Till-Credner-and-Sven-Kohle-905&#215;450\" data-image-description=\"\" data-image-caption=\"\" data-medium-file=\"https:\/\/i0.wp.com\/www.shqiperia.com\/blog\/wp-content\/uploads\/2019\/12\/Constellation-du-Taureau-%C2%A9-all-photographs-taken-by-Till-Credner-and-Sven-Kohle-905x450-1.jpg?fit=300%2C149&amp;ssl=1\" data-large-file=\"https:\/\/i0.wp.com\/www.shqiperia.com\/blog\/wp-content\/uploads\/2019\/12\/Constellation-du-Taureau-%C2%A9-all-photographs-taken-by-Till-Credner-and-Sven-Kohle-905x450-1.jpg?fit=905%2C450&amp;ssl=1\" class=\"alignnone  wp-image-29807\" alt=\"\" src=\"https:\/\/i0.wp.com\/www.shqiperia.com\/blog\/wp-content\/uploads\/2019\/12\/Constellation-du-Taureau-%C2%A9-all-photographs-taken-by-Till-Credner-and-Sven-Kohle-905x450-1.jpg?resize=513%2C255&#038;ssl=1\" width=\"513\" height=\"255\" srcset=\"https:\/\/i0.wp.com\/www.shqiperia.com\/blog\/wp-content\/uploads\/2019\/12\/Constellation-du-Taureau-%C2%A9-all-photographs-taken-by-Till-Credner-and-Sven-Kohle-905x450-1.jpg?resize=300%2C149&amp;ssl=1 300w, https:\/\/i0.wp.com\/www.shqiperia.com\/blog\/wp-content\/uploads\/2019\/12\/Constellation-du-Taureau-%C2%A9-all-photographs-taken-by-Till-Credner-and-Sven-Kohle-905x450-1.jpg?resize=768%2C382&amp;ssl=1 768w, https:\/\/i0.wp.com\/www.shqiperia.com\/blog\/wp-content\/uploads\/2019\/12\/Constellation-du-Taureau-%C2%A9-all-photographs-taken-by-Till-Credner-and-Sven-Kohle-905x450-1.jpg?resize=450%2C224&amp;ssl=1 450w, https:\/\/i0.wp.com\/www.shqiperia.com\/blog\/wp-content\/uploads\/2019\/12\/Constellation-du-Taureau-%C2%A9-all-photographs-taken-by-Till-Credner-and-Sven-Kohle-905x450-1.jpg?resize=600%2C298&amp;ssl=1 600w, https:\/\/i0.wp.com\/www.shqiperia.com\/blog\/wp-content\/uploads\/2019\/12\/Constellation-du-Taureau-%C2%A9-all-photographs-taken-by-Till-Credner-and-Sven-Kohle-905x450-1.jpg?resize=400%2C199&amp;ssl=1 400w, https:\/\/i0.wp.com\/www.shqiperia.com\/blog\/wp-content\/uploads\/2019\/12\/Constellation-du-Taureau-%C2%A9-all-photographs-taken-by-Till-Credner-and-Sven-Kohle-905x450-1.jpg?w=905&amp;ssl=1 905w\" sizes=\"auto, (max-width: 513px) 100vw, 513px\" \/><\/p>\n<p><strong>Astronom\u00ebt ngren\u00eb alarmin: \u201cKonstelacioni\u201d satelitor do konkurroj\u00eb yjet.<\/strong><\/p>\n<p>27, dhjetor 2019.<\/p>\n<p>M\u00ebnyra se si ne e shohim universin mund t\u00eb ndryshoj\u00eb p\u00ebrgjithmon\u00eb.<\/p>\n<p>Alarmi \u00ebsht\u00eb l\u00ebshuar nga disa astronom\u00eb q\u00eb b\u00ebjn\u00eb me dije se jav\u00ebn e ardhshme do t\u00eb nis\u00eb nj\u00eb fushat\u00eb p\u00ebr l\u00ebshimin e mij\u00ebra satelit\u00ebve t\u00eb rinj, q\u00eb do t\u00eb mund\u00ebsojn\u00eb qasje n\u00eb internet me shpejt\u00ebsit\u00eb lart\u00eb n\u00eb hap\u00ebsir\u00eb.<\/p>\n<p>Por flota e par\u00eb e k\u00ebtyre anijeve kozmike, q\u00eb \u00ebsht\u00eb l\u00ebshuar n\u00eb orbit\u00eb nga kompania amerikane \u201cSpaceX\u201d, po ndikojn\u00eb at\u00eb q\u00eb ne shohim n\u00eb qiell gjat\u00eb nat\u00ebs.<\/p>\n<p>Satelit\u00ebt duken shum\u00eb t\u00eb bardh\u00eb dhe vezullues saq\u00eb po konkurrojn\u00eb yjet, si\u00e7 raporton BBC.<\/p>\n<p>Shkenc\u00ebtar\u00ebt jan\u00eb t\u00eb shqet\u00ebsuar pasi \u201cmega-konstelacionet\u201d e ardhshme t\u00eb satelit\u00ebve mund t\u00eb err\u00ebsojn\u00eb imazhet n\u00eb optikat e teleskop\u00ebve dhe t\u00eb nd\u00ebrhyjn\u00eb n\u00eb observimet astronomike.<\/p>\n<p>Kompanit\u00eb e p\u00ebrfshira njoftuan se po punojn\u00eb me astronom\u00ebt p\u00ebr t\u00eb minimizuar ndikimin e satelit\u00ebve n\u00eb univers.<\/p>\n<p>Aktualisht n\u00eb hap\u00ebsir\u00eb jan\u00eb 2200 satelit\u00eb aktiv\u00eb q\u00eb fluturojn\u00eb p\u00ebrreth tok\u00ebs dhe sipas planifikimeve deri n\u00eb gjysm\u00ebn e 2020, p\u00ebrreth planetit ton\u00eb do t\u00eb sillen 12 mij\u00eb satelit\u00eb.<\/p>\n<p><em>j.l.\/ dita<\/em><\/p>\n","protected":false},"excerpt":{"rendered":"<p>Astronom\u00ebt ngren\u00eb alarmin: \u201cKonstelacioni\u201d satelitor do konkurroj\u00eb yjet. 27, dhjetor 2019. M\u00ebnyra se si ne e shohim universin mund t\u00eb ndryshoj\u00eb p\u00ebrgjithmon\u00eb. Alarmi \u00ebsht\u00eb l\u00ebshuar nga disa astronom\u00eb q\u00eb b\u00ebjn\u00eb me dije se jav\u00ebn e ardhshme do t\u00eb nis\u00eb nj\u00eb fushat\u00eb p\u00ebr l\u00ebshimin e mij\u00ebra satelit\u00ebve t\u00eb rinj, q\u00eb do t\u00eb mund\u00ebsojn\u00eb qasje n\u00eb internet [&hellip;]<\/p>\n","protected":false},"author":9,"featured_media":29807,"comment_status":"open","ping_status":"open","sticky":false,"template":"","format":"standard","meta":{"jetpack_post_was_ever_published":false,"_jetpack_newsletter_access":"","_jetpack_dont_email_post_to_subs":false,"_jetpack_newsletter_tier_id":0,"_jetpack_memberships_contains_paywalled_content":false,"_jetpack_memberships_contains_paid_content":false,"footnotes":"","jetpack_publicize_message":"","jetpack_publicize_feature_enabled":true,"jetpack_social_post_already_shared":true,"jetpack_social_options":{"image_generator_settings":{"template":"highway","default_image_id":0,"font":"","enabled":false},"version":2}},"categories":[27,14],"tags":[],"class_list":["post-29806","post","type-post","status-publish","format-standard","has-post-thumbnail","hentry","category-blogu-i-udhetarit","category-press-releases"],"jetpack_publicize_connections":[],"jetpack_featured_media_url":"https:\/\/i0.wp.com\/www.shqiperia.com\/blog\/wp-content\/uploads\/2019\/12\/Constellation-du-Taureau-%C2%A9-all-photographs-taken-by-Till-Credner-and-Sven-Kohle-905x450-1.jpg?fit=905%2C450&ssl=1","jetpack_sharing_enabled":true,"jetpack_shortlink":"https:\/\/wp.me\/p5Z6wp-7KK","jetpack-related-posts":[{"id":30509,"url":"https:\/\/www.shqiperia.com\/blog\/perplasja-jone-me-galaktiken-tjeter-ka-filluar-tashme-po-formohen-yje-te-reja\/","url_meta":{"origin":29806,"position":0},"title":"P\u00ebrplasja jon\u00eb me galaktik\u00ebn tjet\u00ebr ka filluar, tashm\u00eb po formohen yje t\u00eb reja.","author":"Kurt Farka","date":"January 20, 2020","format":false,"excerpt":"P\u00ebrplasja jon\u00eb me galaktik\u00ebn tjet\u00ebr ka filluar, tashm\u00eb po formohen yje t\u00eb reja. Kur d\u00ebgjojm\u00eb p\u00ebr p\u00ebrplasjen e galaktik\u00ebs son\u00eb t\u00eb Rrug\u00ebs s\u00eb Qum\u00ebshtit me dik\u00eb tjet\u00ebr, menj\u00ebher\u00eb mendojm\u00eb p\u00ebr Andromeda \u2013 nj\u00eb galaktik\u00eb e madhe spirale q\u00eb duhet t\u00eb p\u00ebrplaset me ton\u00ebn pas rreth kat\u00ebr miliard\u00eb vjet\u00ebsh. Por kjo\u2026","rel":"","context":"In &quot;Blogu i Udh\u00ebtarit&quot;","block_context":{"text":"Blogu i Udh\u00ebtarit","link":"https:\/\/www.shqiperia.com\/blog\/category\/blogu-i-udhetarit\/"},"img":{"alt_text":"","src":"https:\/\/i0.wp.com\/www.shqiperia.com\/blog\/wp-content\/uploads\/2020\/01\/twsal-1-905x450-1.jpg?fit=905%2C450&ssl=1&resize=350%2C200","width":350,"height":200,"srcset":"https:\/\/i0.wp.com\/www.shqiperia.com\/blog\/wp-content\/uploads\/2020\/01\/twsal-1-905x450-1.jpg?fit=905%2C450&ssl=1&resize=350%2C200 1x, https:\/\/i0.wp.com\/www.shqiperia.com\/blog\/wp-content\/uploads\/2020\/01\/twsal-1-905x450-1.jpg?fit=905%2C450&ssl=1&resize=525%2C300 1.5x, https:\/\/i0.wp.com\/www.shqiperia.com\/blog\/wp-content\/uploads\/2020\/01\/twsal-1-905x450-1.jpg?fit=905%2C450&ssl=1&resize=700%2C400 2x"},"classes":[]},{"id":66459,"url":"https:\/\/www.shqiperia.com\/blog\/astronomet-ngrene-alarmin-e-papritur\/","url_meta":{"origin":29806,"position":1},"title":"Astronom\u00ebt ngren\u00eb alarmin e papritur","author":"Kurt Farka","date":"January 19, 2023","format":false,"excerpt":"19 Janar 2023 Ndotja nga drita q\u00eb zvog\u00eblon dukshm\u00ebrin\u00eb e yjeve po rritet shum\u00eb m\u00eb shpejt nga sa prisnin shkenc\u00ebtar\u00ebt, edhe p\u00ebrkund\u00ebr p\u00ebrpjekjeve p\u00ebr ta kufizuar at\u00eb. Ndotja nga drita mund t\u00eb ket\u00eb pasoja drastike, jo vet\u00ebm p\u00ebr dukshm\u00ebrin\u00eb e qiellit t\u00eb nat\u00ebs, por edhe p\u00ebr mjedisin, me ndikime negative\u2026","rel":"","context":"In &quot;Blogu i Udh\u00ebtarit&quot;","block_context":{"text":"Blogu i Udh\u00ebtarit","link":"https:\/\/www.shqiperia.com\/blog\/category\/blogu-i-udhetarit\/"},"img":{"alt_text":"","src":"https:\/\/i0.wp.com\/www.shqiperia.com\/blog\/wp-content\/uploads\/2023\/01\/800-0-a32f2a434dab06d2ce45df0730803c8a.jpg?fit=800%2C400&ssl=1&resize=350%2C200","width":350,"height":200,"srcset":"https:\/\/i0.wp.com\/www.shqiperia.com\/blog\/wp-content\/uploads\/2023\/01\/800-0-a32f2a434dab06d2ce45df0730803c8a.jpg?fit=800%2C400&ssl=1&resize=350%2C200 1x, https:\/\/i0.wp.com\/www.shqiperia.com\/blog\/wp-content\/uploads\/2023\/01\/800-0-a32f2a434dab06d2ce45df0730803c8a.jpg?fit=800%2C400&ssl=1&resize=525%2C300 1.5x, https:\/\/i0.wp.com\/www.shqiperia.com\/blog\/wp-content\/uploads\/2023\/01\/800-0-a32f2a434dab06d2ce45df0730803c8a.jpg?fit=800%2C400&ssl=1&resize=700%2C400 2x"},"classes":[]},{"id":56123,"url":"https:\/\/www.shqiperia.com\/blog\/rama-per-ngritjen-e-sateliteve-ne-hapesire-ne-kujtim-te-servantesin-me-mullite-e-eres\/","url_meta":{"origin":29806,"position":2},"title":"Rama per ngritjen e satelit\u00ebve n\u00eb hap\u00ebsir\u00eb ne kujtim te Servantesin me \u201cMullite e Eres\u201d","author":"Kurt Farka","date":"March 31, 2022","format":false,"excerpt":"Rama per ngritjen e satelit\u00ebve n\u00eb hap\u00ebsir\u00eb ne kujtim te Servantesin me \u201cMullite e Eres.\u201d - 31.03.22 \u201cShqip\u00ebria n\u00eb orbit\u00eb, e pabesueshme por e v\u00ebrtet\u00eb\u201d. K\u00ebshtu do t\u00eb shprehej Kryeministri Edi Rama, n\u00eb dat\u00ebn 20 tetor, nd\u00ebrsa publikoi nj\u00eb videokomunikim mbi p\u00ebrgatitjet q\u00eb po b\u00ebhen p\u00ebr l\u00ebshimin e satelit\u00ebve Albania\u2026","rel":"","context":"In &quot;Blogu i Udh\u00ebtarit&quot;","block_context":{"text":"Blogu i Udh\u00ebtarit","link":"https:\/\/www.shqiperia.com\/blog\/category\/blogu-i-udhetarit\/"},"img":{"alt_text":"","src":"https:\/\/i0.wp.com\/www.shqiperia.com\/blog\/wp-content\/uploads\/2022\/03\/640-0-61687a5fa54ae.jpg?fit=640%2C434&ssl=1&resize=350%2C200","width":350,"height":200,"srcset":"https:\/\/i0.wp.com\/www.shqiperia.com\/blog\/wp-content\/uploads\/2022\/03\/640-0-61687a5fa54ae.jpg?fit=640%2C434&ssl=1&resize=350%2C200 1x, https:\/\/i0.wp.com\/www.shqiperia.com\/blog\/wp-content\/uploads\/2022\/03\/640-0-61687a5fa54ae.jpg?fit=640%2C434&ssl=1&resize=525%2C300 1.5x"},"classes":[]},{"id":61753,"url":"https:\/\/www.shqiperia.com\/blog\/tani-e-dime-sa-vjec-eshte-dielli-dhe-kur-do-te-vdese-ai\/","url_meta":{"origin":29806,"position":3},"title":"Tani e dim\u00eb sa vje\u00e7 \u00ebsht\u00eb Dielli dhe kur do t\u00eb vdes\u00eb ai","author":"Kurt Farka","date":"September 3, 2022","format":false,"excerpt":"3 Shtator 2022 Si do t\u00eb evoluoj\u00eb Dielli n\u00eb t\u00eb ardhmen? Cila do t\u00eb jet\u00eb data e \u201cvdekjes\u201d s\u00eb tij? Tani astronom\u00ebt kan\u00eb t\u00eb dh\u00ebna t\u00eb reja n\u00eb dispozicion p\u00ebr t\u2019iu p\u00ebrgjigjur k\u00ebtyre pyetjeve, fal\u00eb misionit Gaia t\u00eb Agjencis\u00eb Evropiane t\u00eb Hap\u00ebsir\u00ebs dhe informacionit t\u00eb ri t\u00eb mbledhur, i cili\u2026","rel":"","context":"In &quot;Blogu i Udh\u00ebtarit&quot;","block_context":{"text":"Blogu i Udh\u00ebtarit","link":"https:\/\/www.shqiperia.com\/blog\/category\/blogu-i-udhetarit\/"},"img":{"alt_text":"","src":"https:\/\/i0.wp.com\/www.shqiperia.com\/blog\/wp-content\/uploads\/2022\/09\/Tani-e-dime-sa-vjec-eshte-Dielli-dhe-kur-do-te-vdese-ai.png?fit=569%2C319&ssl=1&resize=350%2C200","width":350,"height":200,"srcset":"https:\/\/i0.wp.com\/www.shqiperia.com\/blog\/wp-content\/uploads\/2022\/09\/Tani-e-dime-sa-vjec-eshte-Dielli-dhe-kur-do-te-vdese-ai.png?fit=569%2C319&ssl=1&resize=350%2C200 1x, https:\/\/i0.wp.com\/www.shqiperia.com\/blog\/wp-content\/uploads\/2022\/09\/Tani-e-dime-sa-vjec-eshte-Dielli-dhe-kur-do-te-vdese-ai.png?fit=569%2C319&ssl=1&resize=525%2C300 1.5x"},"classes":[]},{"id":87909,"url":"https:\/\/www.shqiperia.com\/blog\/dielli-yne-mund-te-kete-pasur-dikur-nje-binjak-cfare-ndodhi-me-kete-vella-yjor\/","url_meta":{"origin":29806,"position":4},"title":"Dielli yn\u00eb mund t\u00eb ket\u00eb pasur dikur nj\u00eb binjak. &#8211; \u00c7far\u00eb ndodhi me k\u00ebt\u00eb v\u00eblla yjor?","author":"Kurt Farka","date":"December 30, 2024","format":false,"excerpt":"30 Dhjetor 2024 Shum\u00eb yje n\u00eb galaktik\u00ebn ton\u00eb ekzistojn\u00eb n\u00eb \u00e7ifte, por Dielli yn\u00eb \u00ebsht\u00eb nj\u00eb p\u00ebrjashtim i duksh\u00ebm. Tani shkenc\u00ebtar\u00ebt po gjejn\u00eb t\u00eb dh\u00ebna, se dikur mund t\u00eb ket\u00eb pasur nj\u00eb shoq\u00ebrues t\u00eb vetin. Pyetja \u00ebsht\u00eb, ku shkoi? Dielli yn\u00eb \u00ebsht\u00eb paksa nj\u00eb nomad i izoluar. Duke orbituar n\u00eb\u2026","rel":"","context":"In &quot;Blogu i Udh\u00ebtarit&quot;","block_context":{"text":"Blogu i Udh\u00ebtarit","link":"https:\/\/www.shqiperia.com\/blog\/category\/blogu-i-udhetarit\/"},"img":{"alt_text":"","src":"https:\/\/i0.wp.com\/www.shqiperia.com\/blog\/wp-content\/uploads\/2024\/12\/auto_YLLI1735216478.webp?fit=1024%2C576&ssl=1&resize=350%2C200","width":350,"height":200,"srcset":"https:\/\/i0.wp.com\/www.shqiperia.com\/blog\/wp-content\/uploads\/2024\/12\/auto_YLLI1735216478.webp?fit=1024%2C576&ssl=1&resize=350%2C200 1x, https:\/\/i0.wp.com\/www.shqiperia.com\/blog\/wp-content\/uploads\/2024\/12\/auto_YLLI1735216478.webp?fit=1024%2C576&ssl=1&resize=525%2C300 1.5x, https:\/\/i0.wp.com\/www.shqiperia.com\/blog\/wp-content\/uploads\/2024\/12\/auto_YLLI1735216478.webp?fit=1024%2C576&ssl=1&resize=700%2C400 2x"},"classes":[]},{"id":77781,"url":"https:\/\/www.shqiperia.com\/blog\/astronomet-zbulojne-nje-lloj-te-ri-ylli-te-fshehur-ne-qender-te-galaktikes\/","url_meta":{"origin":29806,"position":5},"title":"Astronom\u00ebt zbulojn\u00eb nj\u00eb lloj t\u00eb ri ylli t\u00eb fshehur n\u00eb qend\u00ebr t\u00eb galaktik\u00ebs","author":"Kurt Farka","date":"January 31, 2024","format":false,"excerpt":"31 Janar 2024 Nj\u00eb studim i gjat\u00eb 10-vje\u00e7ar ka zbuluar nj\u00eb lloj t\u00eb ri yjesh n\u00eb hap\u00ebsir\u00eb. Sipas CNN, astronom\u00ebt v\u00ebzhguan yjet p\u00ebr her\u00eb t\u00eb par\u00eb gjat\u00eb nj\u00eb sondazhi q\u00eb p\u00ebrfshinte monitorimin e afro nj\u00eb miliard yjeve n\u00eb rrezen infra t\u00eb kuqe, e cila \u00ebsht\u00eb e padukshme p\u00ebr syrin e\u2026","rel":"","context":"In &quot;Blogu i Udh\u00ebtarit&quot;","block_context":{"text":"Blogu i Udh\u00ebtarit","link":"https:\/\/www.shqiperia.com\/blog\/category\/blogu-i-udhetarit\/"},"img":{"alt_text":"","src":"https:\/\/i0.wp.com\/www.shqiperia.com\/blog\/wp-content\/uploads\/2024\/01\/640-0-yll-1706686398.jpg?fit=640%2C359&ssl=1&resize=350%2C200","width":350,"height":200,"srcset":"https:\/\/i0.wp.com\/www.shqiperia.com\/blog\/wp-content\/uploads\/2024\/01\/640-0-yll-1706686398.jpg?fit=640%2C359&ssl=1&resize=350%2C200 1x, https:\/\/i0.wp.com\/www.shqiperia.com\/blog\/wp-content\/uploads\/2024\/01\/640-0-yll-1706686398.jpg?fit=640%2C359&ssl=1&resize=525%2C300 1.5x"},"classes":[]}],"_links":{"self":[{"href":"https:\/\/www.shqiperia.com\/blog\/wp-json\/wp\/v2\/posts\/29806","targetHints":{"allow":["GET"]}}],"collection":[{"href":"https:\/\/www.shqiperia.com\/blog\/wp-json\/wp\/v2\/posts"}],"about":[{"href":"https:\/\/www.shqiperia.com\/blog\/wp-json\/wp\/v2\/types\/post"}],"author":[{"embeddable":true,"href":"https:\/\/www.shqiperia.com\/blog\/wp-json\/wp\/v2\/users\/9"}],"replies":[{"embeddable":true,"href":"https:\/\/www.shqiperia.com\/blog\/wp-json\/wp\/v2\/comments?post=29806"}],"version-history":[{"count":1,"href":"https:\/\/www.shqiperia.com\/blog\/wp-json\/wp\/v2\/posts\/29806\/revisions"}],"predecessor-version":[{"id":29808,"href":"https:\/\/www.shqiperia.com\/blog\/wp-json\/wp\/v2\/posts\/29806\/revisions\/29808"}],"wp:featuredmedia":[{"embeddable":true,"href":"https:\/\/www.shqiperia.com\/blog\/wp-json\/wp\/v2\/media\/29807"}],"wp:attachment":[{"href":"https:\/\/www.shqiperia.com\/blog\/wp-json\/wp\/v2\/media?parent=29806"}],"wp:term":[{"taxonomy":"category","embeddable":true,"href":"https:\/\/www.shqiperia.com\/blog\/wp-json\/wp\/v2\/categories?post=29806"},{"taxonomy":"post_tag","embeddable":true,"href":"https:\/\/www.shqiperia.com\/blog\/wp-json\/wp\/v2\/tags?post=29806"}],"curies":[{"name":"wp","href":"https:\/\/api.w.org\/{rel}","templated":true}]}}