{"id":29801,"date":"2019-12-28T12:03:59","date_gmt":"2019-12-28T12:03:59","guid":{"rendered":"https:\/\/www.shqiperia.com\/blog\/?p=29801"},"modified":"2019-12-28T12:03:59","modified_gmt":"2019-12-28T12:03:59","slug":"nje-fenomen-i-ri-sizmik-shkencetaret-termete-dhe-pas-stuhive","status":"publish","type":"post","link":"https:\/\/www.shqiperia.com\/blog\/nje-fenomen-i-ri-sizmik-shkencetaret-termete-dhe-pas-stuhive\/","title":{"rendered":"Nj\u00eb fenomen i ri sizmik, shkenc\u00ebtar\u00ebt: T\u00ebrmete dhe pas stuhive. &#8211;"},"content":{"rendered":"<p><img data-recalc-dims=\"1\" loading=\"lazy\" decoding=\"async\" data-attachment-id=\"29803\" data-permalink=\"https:\/\/www.shqiperia.com\/blog\/nje-fenomen-i-ri-sizmik-shkencetaret-termete-dhe-pas-stuhive\/1-92-2\/\" data-orig-file=\"https:\/\/i0.wp.com\/www.shqiperia.com\/blog\/wp-content\/uploads\/2019\/12\/1-92-1.jpg?fit=800%2C450&amp;ssl=1\" data-orig-size=\"800,450\" data-comments-opened=\"1\" data-image-meta=\"{&quot;aperture&quot;:&quot;0&quot;,&quot;credit&quot;:&quot;&quot;,&quot;camera&quot;:&quot;&quot;,&quot;caption&quot;:&quot;&quot;,&quot;created_timestamp&quot;:&quot;0&quot;,&quot;copyright&quot;:&quot;&quot;,&quot;focal_length&quot;:&quot;0&quot;,&quot;iso&quot;:&quot;0&quot;,&quot;shutter_speed&quot;:&quot;0&quot;,&quot;title&quot;:&quot;&quot;,&quot;orientation&quot;:&quot;0&quot;}\" data-image-title=\"1-92\" data-image-description=\"\" data-image-caption=\"\" data-medium-file=\"https:\/\/i0.wp.com\/www.shqiperia.com\/blog\/wp-content\/uploads\/2019\/12\/1-92-1.jpg?fit=300%2C169&amp;ssl=1\" data-large-file=\"https:\/\/i0.wp.com\/www.shqiperia.com\/blog\/wp-content\/uploads\/2019\/12\/1-92-1.jpg?fit=800%2C450&amp;ssl=1\" class=\"alignnone  wp-image-29803\" alt=\"\" src=\"https:\/\/i0.wp.com\/www.shqiperia.com\/blog\/wp-content\/uploads\/2019\/12\/1-92-1.jpg?resize=456%2C257&#038;ssl=1\" width=\"456\" height=\"257\" srcset=\"https:\/\/i0.wp.com\/www.shqiperia.com\/blog\/wp-content\/uploads\/2019\/12\/1-92-1.jpg?resize=300%2C169&amp;ssl=1 300w, https:\/\/i0.wp.com\/www.shqiperia.com\/blog\/wp-content\/uploads\/2019\/12\/1-92-1.jpg?resize=768%2C432&amp;ssl=1 768w, https:\/\/i0.wp.com\/www.shqiperia.com\/blog\/wp-content\/uploads\/2019\/12\/1-92-1.jpg?resize=450%2C253&amp;ssl=1 450w, https:\/\/i0.wp.com\/www.shqiperia.com\/blog\/wp-content\/uploads\/2019\/12\/1-92-1.jpg?resize=600%2C338&amp;ssl=1 600w, https:\/\/i0.wp.com\/www.shqiperia.com\/blog\/wp-content\/uploads\/2019\/12\/1-92-1.jpg?resize=400%2C225&amp;ssl=1 400w, https:\/\/i0.wp.com\/www.shqiperia.com\/blog\/wp-content\/uploads\/2019\/12\/1-92-1.jpg?w=800&amp;ssl=1 800w\" sizes=\"auto, (max-width: 456px) 100vw, 456px\" \/><\/p>\n<p><strong>Nj\u00eb fenomen i ri sizmik, shkenc\u00ebtar\u00ebt: T\u00ebrmete dhe pas stuhive.\u00a0<\/strong><\/p>\n<p><strong>28 Dhjetor 2019 <\/strong><\/p>\n<p>Studiuesit kan\u00eb zbuluar nj\u00eb tjet\u00ebr fenomen sizmik, t\u00eb panjohur m\u00eb par\u00eb, q\u00eb e kan\u00eb quajtur stormquakes, t\u00ebrmete t\u00eb shkaktuara nga stuhit\u00eb. K\u00ebto ngjarje jan\u00eb impulse t\u00eb val\u00ebve sizmike t\u00eb lindura nga energjia e madhe n\u00eb stuhi masive.<\/p>\n<p>Sipas \u201cNational geographic\u201d, b\u00ebhet fjal\u00eb p\u00ebr l\u00ebkundje t\u00eb fundit t\u00eb oqeaneve, q\u00eb provokohen nga stuhi shum\u00eb t\u00eb forta q\u00eb prekin zakonisht brigjet e kontinenteve.<\/p>\n<p>Ky fenomen u zbulua rast\u00ebsisht, nd\u00ebrsa dridhjet jan\u00eb t\u00eb nj\u00eb frekuence t\u00eb vog\u00ebl q\u00eb nuk mund t\u00eb zbulohen pa instrumentat e duhur. Sipas shkenc\u00ebtar\u00ebve, uragane t\u00eb fuqishme mund t\u00eb gjenerojn\u00eb val\u00eb sizmike n\u00eb dyshemen\u00eb detare, mjaftuesh\u00ebm energjike sa t\u00eb shkaktojn\u00eb nj\u00eb t\u00ebrmet me intensitet deri n\u00eb 3.5 t\u00eb shkall\u00ebs Rihter.<\/p>\n<p><img data-recalc-dims=\"1\" loading=\"lazy\" decoding=\"async\" data-attachment-id=\"29804\" data-permalink=\"https:\/\/www.shqiperia.com\/blog\/nje-fenomen-i-ri-sizmik-shkencetaret-termete-dhe-pas-stuhive\/1-92-3\/\" data-orig-file=\"https:\/\/i0.wp.com\/www.shqiperia.com\/blog\/wp-content\/uploads\/2019\/12\/1-92-2.jpg?fit=800%2C450&amp;ssl=1\" data-orig-size=\"800,450\" data-comments-opened=\"1\" data-image-meta=\"{&quot;aperture&quot;:&quot;0&quot;,&quot;credit&quot;:&quot;&quot;,&quot;camera&quot;:&quot;&quot;,&quot;caption&quot;:&quot;&quot;,&quot;created_timestamp&quot;:&quot;0&quot;,&quot;copyright&quot;:&quot;&quot;,&quot;focal_length&quot;:&quot;0&quot;,&quot;iso&quot;:&quot;0&quot;,&quot;shutter_speed&quot;:&quot;0&quot;,&quot;title&quot;:&quot;&quot;,&quot;orientation&quot;:&quot;0&quot;}\" data-image-title=\"1-92\" data-image-description=\"\" data-image-caption=\"\" data-medium-file=\"https:\/\/i0.wp.com\/www.shqiperia.com\/blog\/wp-content\/uploads\/2019\/12\/1-92-2.jpg?fit=300%2C169&amp;ssl=1\" data-large-file=\"https:\/\/i0.wp.com\/www.shqiperia.com\/blog\/wp-content\/uploads\/2019\/12\/1-92-2.jpg?fit=800%2C450&amp;ssl=1\" class=\"alignnone  wp-image-29804\" alt=\"\" src=\"https:\/\/i0.wp.com\/www.shqiperia.com\/blog\/wp-content\/uploads\/2019\/12\/1-92-2.jpg?resize=786%2C443&#038;ssl=1\" width=\"786\" height=\"443\" srcset=\"https:\/\/i0.wp.com\/www.shqiperia.com\/blog\/wp-content\/uploads\/2019\/12\/1-92-2.jpg?resize=300%2C169&amp;ssl=1 300w, https:\/\/i0.wp.com\/www.shqiperia.com\/blog\/wp-content\/uploads\/2019\/12\/1-92-2.jpg?resize=768%2C432&amp;ssl=1 768w, https:\/\/i0.wp.com\/www.shqiperia.com\/blog\/wp-content\/uploads\/2019\/12\/1-92-2.jpg?resize=450%2C253&amp;ssl=1 450w, https:\/\/i0.wp.com\/www.shqiperia.com\/blog\/wp-content\/uploads\/2019\/12\/1-92-2.jpg?resize=600%2C338&amp;ssl=1 600w, https:\/\/i0.wp.com\/www.shqiperia.com\/blog\/wp-content\/uploads\/2019\/12\/1-92-2.jpg?resize=400%2C225&amp;ssl=1 400w, https:\/\/i0.wp.com\/www.shqiperia.com\/blog\/wp-content\/uploads\/2019\/12\/1-92-2.jpg?w=800&amp;ssl=1 800w\" sizes=\"auto, (max-width: 786px) 100vw, 786px\" \/><\/p>\n<p><strong>\u00a9Copyright Gazeta SHQIP<\/strong><\/p>\n","protected":false},"excerpt":{"rendered":"<p>Nj\u00eb fenomen i ri sizmik, shkenc\u00ebtar\u00ebt: T\u00ebrmete dhe pas stuhive.\u00a0 28 Dhjetor 2019 Studiuesit kan\u00eb zbuluar nj\u00eb tjet\u00ebr fenomen sizmik, t\u00eb panjohur m\u00eb par\u00eb, q\u00eb e kan\u00eb quajtur stormquakes, t\u00ebrmete t\u00eb shkaktuara nga stuhit\u00eb. K\u00ebto ngjarje jan\u00eb impulse t\u00eb val\u00ebve sizmike t\u00eb lindura nga energjia e madhe n\u00eb stuhi masive. Sipas \u201cNational geographic\u201d, b\u00ebhet fjal\u00eb [&hellip;]<\/p>\n","protected":false},"author":9,"featured_media":29802,"comment_status":"open","ping_status":"open","sticky":false,"template":"","format":"standard","meta":{"jetpack_post_was_ever_published":false,"_jetpack_newsletter_access":"","_jetpack_dont_email_post_to_subs":false,"_jetpack_newsletter_tier_id":0,"_jetpack_memberships_contains_paywalled_content":false,"_jetpack_memberships_contains_paid_content":false,"footnotes":"","jetpack_publicize_message":"","jetpack_publicize_feature_enabled":true,"jetpack_social_post_already_shared":true,"jetpack_social_options":{"image_generator_settings":{"template":"highway","default_image_id":0,"font":"","enabled":false},"version":2}},"categories":[27,14],"tags":[],"class_list":["post-29801","post","type-post","status-publish","format-standard","has-post-thumbnail","hentry","category-blogu-i-udhetarit","category-press-releases"],"jetpack_publicize_connections":[],"jetpack_featured_media_url":"https:\/\/i0.wp.com\/www.shqiperia.com\/blog\/wp-content\/uploads\/2019\/12\/1-92.jpg?fit=800%2C450&ssl=1","jetpack_sharing_enabled":true,"jetpack_shortlink":"https:\/\/wp.me\/p5Z6wp-7KF","jetpack-related-posts":[{"id":92761,"url":"https:\/\/www.shqiperia.com\/blog\/dridhet-shqiperia-sizmologu-koxhaj-termeti-i-sotem-eshte-shoqeruar-me-disa-pasgoditje-para-tij-kane-rene-27-termete-te-tjera\/","url_meta":{"origin":29801,"position":0},"title":"Dridhet Shqip\u00ebria, sizmologu Koxhaj: &#8211; T\u00ebrmeti i sot\u00ebm \u00ebsht\u00eb shoq\u00ebruar me disa pasgoditje, para tij kan\u00eb r\u00ebn\u00eb 27 t\u00ebrmete t\u00eb tjera","author":"Kurt Farka","date":"June 24, 2025","format":false,"excerpt":"24 Qershor 2025 L\u00ebkundje sizmike jan\u00eb regjistruar n\u00eb or\u00ebt e para t\u00eb m\u00ebngjesit t\u00eb k\u00ebsaj t\u00eb marte n\u00eb vendin ton\u00eb. Sipas Institutit t\u00eb Gjeoshkencave, t\u00ebrmeti ishte me magnitud\u00eb 4.2 e shkall\u00ebs Rihter, teksa epiqendra e tij ka qen\u00eb n\u00eb Nik\u00ebl. L\u00ebkundjet jan\u00eb ndjer\u00eb n\u00eb zon\u00ebn e Tiran\u00ebs, Fush\u00eb-Kruj\u00ebs dhe Durr\u00ebsit.\u2026","rel":"","context":"In &quot;Blogu i Udh\u00ebtarit&quot;","block_context":{"text":"Blogu i Udh\u00ebtarit","link":"https:\/\/www.shqiperia.com\/blog\/category\/blogu-i-udhetarit\/"},"img":{"alt_text":"","src":"https:\/\/i0.wp.com\/www.shqiperia.com\/blog\/wp-content\/uploads\/2025\/06\/640-0-d693d06878532810fd050f9a862cd5b2.jpg?fit=640%2C360&ssl=1&resize=350%2C200","width":350,"height":200,"srcset":"https:\/\/i0.wp.com\/www.shqiperia.com\/blog\/wp-content\/uploads\/2025\/06\/640-0-d693d06878532810fd050f9a862cd5b2.jpg?fit=640%2C360&ssl=1&resize=350%2C200 1x, https:\/\/i0.wp.com\/www.shqiperia.com\/blog\/wp-content\/uploads\/2025\/06\/640-0-d693d06878532810fd050f9a862cd5b2.jpg?fit=640%2C360&ssl=1&resize=525%2C300 1.5x"},"classes":[]},{"id":70318,"url":"https:\/\/www.shqiperia.com\/blog\/thyen-shkembinjte-brenda-vullkanit-nevado-del-ruiz-shkencetaret-aktivizohet-alarmi-portokalli-pritet-te-shpertheje-per-pak-dite\/","url_meta":{"origin":29801,"position":1},"title":"Thyen shk\u00ebmbinjt\u00eb brenda vullkanit &#8220;Nevado del Ruiz&#8221;\/ Shkenc\u00ebtar\u00ebt: &#8211; Aktivizohet alarmi portokalli, pritet t\u00eb shp\u00ebrthej\u00eb p\u00ebr pak dit\u00eb","author":"Kurt Farka","date":"March 31, 2023","format":false,"excerpt":"31 Mars 2023 Sh\u00ebrbimi Gjeologjik Kolumbian (SGC) njofton se vullkani Nevado del Ruiz mund t\u00eb shp\u00ebrthej\u00eb n\u00eb dit\u00ebt ose jav\u00ebt e ardhshme. Rrjedhimisht, ai ndryshoi nivelin e alarmit nga e verdha n\u00eb portokalli. SGC p\u00ebrmendi se niveli i ri i alarmit \u00ebsht\u00eb p\u00ebr shkak t\u00eb rritjes s\u00eb aktivitetit sizmik q\u00eb\u2026","rel":"","context":"In &quot;Blogu i Udh\u00ebtarit&quot;","block_context":{"text":"Blogu i Udh\u00ebtarit","link":"https:\/\/www.shqiperia.com\/blog\/category\/blogu-i-udhetarit\/"},"img":{"alt_text":"","src":"https:\/\/i0.wp.com\/www.shqiperia.com\/blog\/wp-content\/uploads\/2023\/03\/800-0-07050a87c71015dfd884ba5f6593788c.jpg?fit=800%2C420&ssl=1&resize=350%2C200","width":350,"height":200,"srcset":"https:\/\/i0.wp.com\/www.shqiperia.com\/blog\/wp-content\/uploads\/2023\/03\/800-0-07050a87c71015dfd884ba5f6593788c.jpg?fit=800%2C420&ssl=1&resize=350%2C200 1x, https:\/\/i0.wp.com\/www.shqiperia.com\/blog\/wp-content\/uploads\/2023\/03\/800-0-07050a87c71015dfd884ba5f6593788c.jpg?fit=800%2C420&ssl=1&resize=525%2C300 1.5x, https:\/\/i0.wp.com\/www.shqiperia.com\/blog\/wp-content\/uploads\/2023\/03\/800-0-07050a87c71015dfd884ba5f6593788c.jpg?fit=800%2C420&ssl=1&resize=700%2C400 2x"},"classes":[]},{"id":70395,"url":"https:\/\/www.shqiperia.com\/blog\/sizmologu-i-njohur-tregon-3-qytetet-me-te-rrezikuara-nga-termetet-dhe-zonat-ku-nuk-ka-thuajse-fare-lekundje-ne-vendin-tone\/","url_meta":{"origin":29801,"position":2},"title":"Sizmologu i njohur tregon 3 qytetet m\u00eb t\u00eb rrezikuara nga t\u00ebrmetet dhe zonat ku nuk ka thuajse fare l\u00ebkundje n\u00eb vendin ton\u00eb","author":"Kurt Farka","date":"April 2, 2023","format":false,"excerpt":"2 Prill 023 Durr\u00ebsi, Elbasani dhe Dibra konsiderohen si pjesa m\u00eb e rrezikuar nga t\u00ebrmetet n\u00eb vendin ton\u00eb. Detajet i p\u00ebrcolli sizmologu Edmond Dushi, n\u00eb nj\u00eb bised\u00eb me gazetarin Besard Jacaj n\u00eb studion e Klan News. \u201cMund t\u00eb themi q\u00eb pjes\u00eb jugper\u00ebndimore e vendit p\u00ebr shkak t\u00eb t\u00ebrmeteve autokton\u00eb\/historik\u00eb, q\u00eb\u2026","rel":"","context":"In &quot;Blogu i Udh\u00ebtarit&quot;","block_context":{"text":"Blogu i Udh\u00ebtarit","link":"https:\/\/www.shqiperia.com\/blog\/category\/blogu-i-udhetarit\/"},"img":{"alt_text":"","src":"https:\/\/i0.wp.com\/www.shqiperia.com\/blog\/wp-content\/uploads\/2023\/04\/800-0-d35e0e1f0908099750c9dd5423726bf6.jpg?fit=800%2C381&ssl=1&resize=350%2C200","width":350,"height":200,"srcset":"https:\/\/i0.wp.com\/www.shqiperia.com\/blog\/wp-content\/uploads\/2023\/04\/800-0-d35e0e1f0908099750c9dd5423726bf6.jpg?fit=800%2C381&ssl=1&resize=350%2C200 1x, https:\/\/i0.wp.com\/www.shqiperia.com\/blog\/wp-content\/uploads\/2023\/04\/800-0-d35e0e1f0908099750c9dd5423726bf6.jpg?fit=800%2C381&ssl=1&resize=525%2C300 1.5x, https:\/\/i0.wp.com\/www.shqiperia.com\/blog\/wp-content\/uploads\/2023\/04\/800-0-d35e0e1f0908099750c9dd5423726bf6.jpg?fit=800%2C381&ssl=1&resize=700%2C400 2x"},"classes":[]},{"id":67701,"url":"https:\/\/www.shqiperia.com\/blog\/sizmologu-shyqyri-aliaj-ju-tregoj-cilat-jane-zonat-me-sizmike-ne-shqiperi\/","url_meta":{"origin":29801,"position":3},"title":"Sizmologu Shyqyri Aliaj: &#8211; Ju tregoj cilat jan\u00eb zonat m\u00eb sizmike n\u00eb Shqip\u00ebri!","author":"Kurt Farka","date":"February 10, 2023","format":false,"excerpt":"10 Shkurt 2023 Sizmologu Shyqyri Aliaj i ftuar n\u00eb Shqip nga Rudina Xhunga n\u00eb Dritare TV tha se Shqip\u00ebria nuk ka asnj\u00eb ligj p\u00ebr rrezikun sizmik. Profesori veteran i fush\u00ebs u shpreh se duhet t\u00eb nxirren m\u00ebsime nga k\u00ebto t\u00ebrmete shkat\u00ebrrues dhe t\u00eb b\u00ebhet nj\u00eb ligj si\u00e7 e ka gjith\u00eb\u2026","rel":"","context":"In &quot;Blogu i Udh\u00ebtarit&quot;","block_context":{"text":"Blogu i Udh\u00ebtarit","link":"https:\/\/www.shqiperia.com\/blog\/category\/blogu-i-udhetarit\/"},"img":{"alt_text":"","src":"https:\/\/i0.wp.com\/www.shqiperia.com\/blog\/wp-content\/uploads\/2023\/02\/sizmologu.jpeg?fit=640%2C373&ssl=1&resize=350%2C200","width":350,"height":200,"srcset":"https:\/\/i0.wp.com\/www.shqiperia.com\/blog\/wp-content\/uploads\/2023\/02\/sizmologu.jpeg?fit=640%2C373&ssl=1&resize=350%2C200 1x, https:\/\/i0.wp.com\/www.shqiperia.com\/blog\/wp-content\/uploads\/2023\/02\/sizmologu.jpeg?fit=640%2C373&ssl=1&resize=525%2C300 1.5x"},"classes":[]},{"id":548,"url":"https:\/\/www.shqiperia.com\/blog\/sizmologet-durresi-rreziku-termeteve\/","url_meta":{"origin":29801,"position":4},"title":"Sizmolog\u00ebt: Durr\u00ebsi, rreziku i t\u00ebrmeteve","author":"Kurt Farka","date":"January 7, 2018","format":false,"excerpt":"Nga Thanas Muztaqi. DY T\u00cbRMETE T\u00cb M\u00cbDHA Durr\u00ebsi \u00ebsht\u00eb prekur r\u00ebnd\u00eb n\u00eb historin\u00eb e tij t\u00eb gjat\u00eb nga t\u00ebrmetet, sidomos n\u00eb vitet 334 dhe 506 t\u00eb er\u00ebs son\u00eb, si dhe n\u00eb vitin 1273. Sipas sizmolog\u00ebve, t\u00ebrmeti i fundit ka sh\u00ebnuar 25 mij\u00eb viktima n\u00eb at\u00eb koh\u00eb dhe ka shkat\u00ebrruar plot\u00ebsisht\u2026","rel":"","context":"In &quot;Blogu i Udh\u00ebtarit&quot;","block_context":{"text":"Blogu i Udh\u00ebtarit","link":"https:\/\/www.shqiperia.com\/blog\/category\/blogu-i-udhetarit\/"},"img":{"alt_text":"","src":"https:\/\/i0.wp.com\/www.shqiperia.com\/blog\/wp-content\/uploads\/2018\/01\/Thanas-Mustaqi.jpg?fit=686%2C960&ssl=1&resize=350%2C200","width":350,"height":200,"srcset":"https:\/\/i0.wp.com\/www.shqiperia.com\/blog\/wp-content\/uploads\/2018\/01\/Thanas-Mustaqi.jpg?fit=686%2C960&ssl=1&resize=350%2C200 1x, https:\/\/i0.wp.com\/www.shqiperia.com\/blog\/wp-content\/uploads\/2018\/01\/Thanas-Mustaqi.jpg?fit=686%2C960&ssl=1&resize=525%2C300 1.5x"},"classes":[]},{"id":70727,"url":"https:\/\/www.shqiperia.com\/blog\/6-mije-termete-ne-dite-ekspertet-ngrejne-alarmin-po-zgjohet-perbindeshi-qe-vrau-25-mije-persona-38-vjet-me-pare\/","url_meta":{"origin":29801,"position":5},"title":"6 mij\u00eb t\u00ebrmete n\u00eb dit\u00eb\/ Ekspert\u00ebt ngrejn\u00eb alarmin: &#8211; Po zgjohet \u201cp\u00ebrbind\u00ebshi\u201d q\u00eb vrau 25 mij\u00eb persona 38 vjet m\u00eb par\u00eb","author":"Kurt Farka","date":"April 13, 2023","format":false,"excerpt":"13 Prill 2023 Nj\u00eb nga vullkanet m\u00eb vdekjeprur\u00ebse n\u00eb bot\u00eb, i cili nuk ka qen\u00eb aktiv q\u00eb prej vitit t\u00eb larg\u00ebt 1985, ka rritur ndjesh\u00ebm aktivitetin sizmik n\u00eb dit\u00ebt e fundit, nd\u00ebrsa ekspert\u00ebt jan\u00eb shprehur t\u00eb frik\u00ebsuar se mund t\u00eb ket\u00eb nj\u00eb riaktivizim t\u00eb tij. Mbi 6 mij\u00eb t\u00ebrmete n\u00eb\u2026","rel":"","context":"In &quot;Blogu i Udh\u00ebtarit&quot;","block_context":{"text":"Blogu i Udh\u00ebtarit","link":"https:\/\/www.shqiperia.com\/blog\/category\/blogu-i-udhetarit\/"},"img":{"alt_text":"","src":"https:\/\/i0.wp.com\/www.shqiperia.com\/blog\/wp-content\/uploads\/2023\/04\/termeti-5-1.jpg?fit=780%2C440&ssl=1&resize=350%2C200","width":350,"height":200,"srcset":"https:\/\/i0.wp.com\/www.shqiperia.com\/blog\/wp-content\/uploads\/2023\/04\/termeti-5-1.jpg?fit=780%2C440&ssl=1&resize=350%2C200 1x, https:\/\/i0.wp.com\/www.shqiperia.com\/blog\/wp-content\/uploads\/2023\/04\/termeti-5-1.jpg?fit=780%2C440&ssl=1&resize=525%2C300 1.5x, https:\/\/i0.wp.com\/www.shqiperia.com\/blog\/wp-content\/uploads\/2023\/04\/termeti-5-1.jpg?fit=780%2C440&ssl=1&resize=700%2C400 2x"},"classes":[]}],"_links":{"self":[{"href":"https:\/\/www.shqiperia.com\/blog\/wp-json\/wp\/v2\/posts\/29801","targetHints":{"allow":["GET"]}}],"collection":[{"href":"https:\/\/www.shqiperia.com\/blog\/wp-json\/wp\/v2\/posts"}],"about":[{"href":"https:\/\/www.shqiperia.com\/blog\/wp-json\/wp\/v2\/types\/post"}],"author":[{"embeddable":true,"href":"https:\/\/www.shqiperia.com\/blog\/wp-json\/wp\/v2\/users\/9"}],"replies":[{"embeddable":true,"href":"https:\/\/www.shqiperia.com\/blog\/wp-json\/wp\/v2\/comments?post=29801"}],"version-history":[{"count":1,"href":"https:\/\/www.shqiperia.com\/blog\/wp-json\/wp\/v2\/posts\/29801\/revisions"}],"predecessor-version":[{"id":29805,"href":"https:\/\/www.shqiperia.com\/blog\/wp-json\/wp\/v2\/posts\/29801\/revisions\/29805"}],"wp:featuredmedia":[{"embeddable":true,"href":"https:\/\/www.shqiperia.com\/blog\/wp-json\/wp\/v2\/media\/29802"}],"wp:attachment":[{"href":"https:\/\/www.shqiperia.com\/blog\/wp-json\/wp\/v2\/media?parent=29801"}],"wp:term":[{"taxonomy":"category","embeddable":true,"href":"https:\/\/www.shqiperia.com\/blog\/wp-json\/wp\/v2\/categories?post=29801"},{"taxonomy":"post_tag","embeddable":true,"href":"https:\/\/www.shqiperia.com\/blog\/wp-json\/wp\/v2\/tags?post=29801"}],"curies":[{"name":"wp","href":"https:\/\/api.w.org\/{rel}","templated":true}]}}