{"id":298,"date":"2016-05-09T13:24:19","date_gmt":"2016-05-09T13:24:19","guid":{"rendered":"http:\/\/www.shqiperia.com\/blog\/?p=298"},"modified":"2016-05-09T13:25:36","modified_gmt":"2016-05-09T13:25:36","slug":"te-perdoresh-open-data-kunder-korrupsionit-gjykata-kushtetuese-heq-mandatin-e-nje-deputeti","status":"publish","type":"post","link":"https:\/\/www.shqiperia.com\/blog\/te-perdoresh-open-data-kunder-korrupsionit-gjykata-kushtetuese-heq-mandatin-e-nje-deputeti\/","title":{"rendered":"T\u00eb p\u00ebrdor\u00ebsh Open Data kund\u00ebr korrupsionit. Gjykata Kushtetuese heq mandatin e nj\u00eb deputeti"},"content":{"rendered":"<p>N\u00eb vitin 2014 p\u00ebr her\u00eb t\u00eb par\u00eb n\u00eb Shqip\u00ebri p\u00ebrmes nj\u00eb projekti t\u00eb shoq\u00ebris\u00eb civile u zbardh\u00ebn p\u00ebr publikun t\u00eb dh\u00ebna p\u00ebr \u00e7do transaksion t\u00eb Thesarit t\u00eb Shtetit duke dh\u00ebn\u00eb dat\u00ebn, q\u00ebllimin e transaksionit, numrin e fatur\u00ebs dhe p\u00ebrfituesin. P\u00ebrmes Open Spending Albania[1] rubrika Transaksione Thesari qytetari shqiptar kishte t\u00eb drejt\u00eb t\u00eb kuptonte se si shpenzoheshin parat\u00eb e taksapaguesve (Where does my Money Go).<\/p>\n<p>N\u00eb muajin Gusht 2014, opinioni publik p\u00ebrmes t\u00eb dh\u00ebnave t\u00eb hapura tej Transaksione Thesari, mori dijeni p\u00ebr dhjet\u00ebra pagesa nga disa institucione buxhetore kundrejt nj\u00eb shoq\u00ebrie tregtare ABISSNET[2] aksionet e t\u00eb cil\u00ebs i p\u00ebrkasin (n\u00eb dat\u00ebn e transaksioneve dhe kontratave q\u00eb mund\u00ebsojn\u00eb pagesat) deputetit t\u00eb mazhoranc\u00ebs zoti Koco Kok\u00ebdhima. Tabletat e transaksioneve u shfaq\u00ebn n\u00eb faqet e para t\u00eb t\u00eb gjitha gazetave si Tema[3], RD[4] , Ora News, Gazeta Shqiptare, ABC &#8230; u b\u00ebn\u00eb pjes\u00eb e statuseve n\u00eb Facebook[5] e Twiter t\u00eb njer\u00ebzve t\u00eb r\u00ebnd\u00ebsish\u00ebm t\u00eb debatit publik e n\u00eb fund shkaktuan edhe reagimin mediatik e m\u00eb pas institucional t\u00eb grupit parlamentar opozitar Partia Demokratike.<\/p>\n<p>Nj\u00eb grup deputet\u00ebsh i k\u00ebrkoi Gjykat\u00ebs Kushtetuese t\u00eb Heq\u00eb Mandatin e Deputetit p\u00ebr zotin Koco Kokedhima, bazuar n\u00eb nenin 70 pika 3 dhe 4 e Kushtetut\u00ebs. Ky nen i Kushtetut\u00ebs ndalon deputet\u00ebt t\u00eb ushtrojn\u00eb aktivitet ekonomik e p\u00ebrfitime me para publike. K\u00ebrkesa e deputet\u00ebve t\u00eb grupit parlamentar opozitar bazohej gjithashtu n\u00eb nenet 7 dhe 13 t\u00eb rregullores s\u00eb Kuvendit dhe neni 28 i Ligjit nr. 9367, dat\u00eb 7. 04. 2005 \u201cP\u00ebr parandalimin e konfliktit t\u00eb interesave n\u00eb ushtrimin e funksioneve publike\u201d. Mocioni dhe Padia e dor\u00ebzuar nga deputet\u00ebt, n\u00eb Gjykat\u00ebn Kushtetuese kishte si prova tabela edhe nga databaza open data e portalit ton\u00eb Spending Data Albania (faqja 2 dhe 3 n\u00ebn\u00e7\u00ebshtja Fakte dhe Rrethana). Pas disa mbledhjeve t\u00eb Komisionit Kuvendor p\u00ebr Shqyrtimin e Mandateve, dhe nj\u00eb procesi t\u00eb gjat\u00eb gjyq\u00ebsor iniciuar nga Deputet t\u00eb Grupit Parlamentar Opozitar sot n\u00eb dat\u00ebn 9 maj 2015 Gjykata Kushtetuese konstatoi Papajtueshm\u00ebrin\u00eb e mandatit t\u00eb Deputetit Koc Kok\u00ebdhima dhe vendosi Heqjen e mandatit e Deputetit. Q\u00eb prej vitit 2014 jan\u00eb me dhjet\u00ebra artikujt mediatik dhe deklaratat mediatike t\u00eb bazuara n\u00eb t\u00eb dh\u00ebna t\u00eb hapura t\u00eb Transaksione Thesari Spending Data Albania.<\/p>\n<p>Ky rast \u00ebsht\u00eb tipik nj\u00eb rast i mir\u00eb i p\u00ebrdorimit t\u00eb #OpenData dhe #OpenKnowledge p\u00ebr t\u00eb kontrolluar konfliktin e interesit, nepotizmin, shp\u00ebrndarjen e paras\u00eb publike, abuzimin apo korrupsionin p\u00ebrmes saj. AIS[6] nj\u00eb organizat\u00eb joqeveritare shqiptare vijon t\u00eb hap\u00eb t\u00eb dh\u00ebna p\u00ebr Transaksione Thesari, Kontrata dhe Tender Publik, Buxhete Publike, Pasuri t\u00eb Pushtetar\u00ebve dhe Gjyqtar\u00ebve t\u00eb nivelit t\u00eb Lart\u00eb, Shpenzime Elektorale. Kjo me q\u00ebllim nxitje t\u00eb transparenc\u00ebs dhe monitorim qytetar p\u00ebrmes hapjes s\u00eb t\u00eb dh\u00ebnave publike. Projektet tona Para, Qeverisje dhe Politik\u00eb #MGP, dhe #ProkurimeTransparente vijojn\u00eb t\u00eb krijojn\u00eb instrumente p\u00ebr fuqizim qytetar p\u00ebrmes Informacionit, transparenc\u00ebs dhe monitorim qytetar p\u00ebrmes hapjes s\u00eb t\u00eb dh\u00ebnave publike.<\/p>\n<ol>\n<li><a target=\"_blank\" href=\"http:\/\/www.spending.data.al\/sq\/\">http:\/\/www.spending.data.al\/sq\/<\/a><\/li>\n<li><a target=\"_blank\" href=\"http:\/\/www.spending.data.al\/sq\/treasury\/list\/faqe\/1\/year\/2014\/perf_id\/ABISSNET\">http:\/\/www.spending.data.al\/sq\/treasury\/list\/faqe\/1\/year\/2014\/perf_id\/ABISSNET <\/a><\/li>\n<li><a target=\"_blank\" href=\"http:\/\/www.open.data.al\/sq\/lajme\/lajm\/id\/1231\/Kontratat-e-Abissnet-it-rrezikojne-mandatin-e-Kokedhimes\">http:\/\/www.open.data.al\/sq\/lajme\/lajm\/id\/1231\/Kontratat-e-Abissnet-it-rrezikojne-mandatin-e-Kokedhimes<\/a><\/li>\n<li><a target=\"_blank\" href=\"http:\/\/www.open.data.al\/sq\/lajme\/lajm\/id\/1225\/Koco-si-Beqja-i-iken-mandati-i-deputetit\">http:\/\/www.open.data.al\/sq\/lajme\/lajm\/id\/1225\/Koco-si-Beqja-i-iken-mandati-i-deputetit <\/a><\/li>\n<li><a target=\"_blank\" href=\"http:\/\/www.open.data.al\/sq\/lajme\/lajm\/id\/1222\/Aplikacioni-Monitoro-Thesarin-si-pjese-e-open-spending-Albanian-ndihmon-opoziten-te-zbardhe-perfitues-privat-ne-konflikt-interesit\">http:\/\/www.open.data.al\/sq\/lajme\/lajm\/id\/1222\/Aplikacioni-Monitoro-Thesarin-si-pjese-e-open-spending-Albanian-ndihmon-opoziten-te-zbardhe-perfitues-privat-ne-konflikt-interesit <\/a><\/li>\n<li><a target=\"_blank\" href=\"http:\/\/ais.al\/new\/en\/\">http:\/\/ais.al\/new\/en\/<\/a><\/li>\n<\/ol>\n","protected":false},"excerpt":{"rendered":"<p>N\u00eb vitin 2014 p\u00ebr her\u00eb t\u00eb par\u00eb n\u00eb Shqip\u00ebri p\u00ebrmes nj\u00eb projekti t\u00eb shoq\u00ebris\u00eb civile u zbardh\u00ebn p\u00ebr publikun t\u00eb dh\u00ebna p\u00ebr \u00e7do transaksion t\u00eb Thesarit t\u00eb Shtetit duke dh\u00ebn\u00eb dat\u00ebn, q\u00ebllimin e transaksionit, numrin e fatur\u00ebs dhe p\u00ebrfituesin. P\u00ebrmes Open Spending Albania[1] rubrika Transaksione Thesari qytetari shqiptar kishte t\u00eb drejt\u00eb t\u00eb kuptonte se si [&hellip;]<\/p>\n","protected":false},"author":6,"featured_media":301,"comment_status":"open","ping_status":"open","sticky":false,"template":"","format":"standard","meta":{"jetpack_post_was_ever_published":false,"_jetpack_newsletter_access":"","_jetpack_dont_email_post_to_subs":false,"_jetpack_newsletter_tier_id":0,"_jetpack_memberships_contains_paywalled_content":false,"_jetpack_memberships_contains_paid_content":false,"footnotes":"","jetpack_publicize_message":"","jetpack_publicize_feature_enabled":true,"jetpack_social_post_already_shared":true,"jetpack_social_options":{"image_generator_settings":{"template":"highway","default_image_id":0,"font":"","enabled":false},"version":2}},"categories":[2],"tags":[64,65],"class_list":["post-298","post","type-post","status-publish","format-standard","has-post-thumbnail","hentry","category-politika","tag-koco-kokedhima","tag-open-data-success-stories"],"jetpack_publicize_connections":[],"jetpack_featured_media_url":"https:\/\/i0.wp.com\/www.shqiperia.com\/blog\/wp-content\/uploads\/2016\/05\/img-advocacy.jpg?fit=987%2C428&ssl=1","jetpack_sharing_enabled":true,"jetpack_shortlink":"https:\/\/wp.me\/p5Z6wp-4O","jetpack-related-posts":[{"id":100431,"url":"https:\/\/www.shqiperia.com\/blog\/misteri-zgjidhet-nga-shkencetaret-thesari-3-mije-vjecar-ne-spanje-permbante-hekur-nga-hapesira\/","url_meta":{"origin":298,"position":0},"title":"Misteri zgjidhet nga shkenc\u00ebtar\u00ebt, thesari 3 mij\u00eb-vje\u00e7ar n\u00eb Spanj\u00eb p\u00ebrmbante hekur nga hap\u00ebsira","author":"Kurt Farka","date":"May 19, 2026","format":false,"excerpt":"19 Maji 2026 Dy objekte t\u00eb vogla metalike, t\u00eb fshehura mes nj\u00eb thesari t\u00eb jasht\u00ebzakonsh\u00ebm ari t\u00eb Epok\u00ebs s\u00eb Bronzit, kan\u00eb mbajtur p\u00ebr m\u00eb shum\u00eb se gjasht\u00eb dekada nj\u00eb sekret q\u00eb sfidonte historin\u00eb e njohur t\u00eb metalurgjis\u00eb. Tani, shkenc\u00ebtar\u00ebt kan\u00eb konfirmuar se metali i tyre nuk vinte nga Toka, por\u2026","rel":"","context":"In &quot;Blogu i Udh\u00ebtarit&quot;","block_context":{"text":"Blogu i Udh\u00ebtarit","link":"https:\/\/www.shqiperia.com\/blog\/category\/blogu-i-udhetarit\/"},"img":{"alt_text":"","src":"https:\/\/i0.wp.com\/www.shqiperia.com\/blog\/wp-content\/uploads\/2026\/05\/738b95e0-11111.jpg?fit=701%2C420&ssl=1&resize=350%2C200","width":350,"height":200,"srcset":"https:\/\/i0.wp.com\/www.shqiperia.com\/blog\/wp-content\/uploads\/2026\/05\/738b95e0-11111.jpg?fit=701%2C420&ssl=1&resize=350%2C200 1x, https:\/\/i0.wp.com\/www.shqiperia.com\/blog\/wp-content\/uploads\/2026\/05\/738b95e0-11111.jpg?fit=701%2C420&ssl=1&resize=525%2C300 1.5x, https:\/\/i0.wp.com\/www.shqiperia.com\/blog\/wp-content\/uploads\/2026\/05\/738b95e0-11111.jpg?fit=701%2C420&ssl=1&resize=700%2C400 2x"},"classes":[]},{"id":100894,"url":"https:\/\/www.shqiperia.com\/blog\/izraelitet-po-marrin-token-lala-flet-mbi-pretendimin-qe-qarkullon-letrat-e-pronave-jane-falsifikuar-vite-me-pare-nje-rus-dhe-nje-bullgar\/","url_meta":{"origin":298,"position":1},"title":"\u201cIzraelit\u00ebt po marrin tok\u00ebn\u201d\/ Lala flet mbi pretendimin q\u00eb qarkullon: &#8211; Letrat e pronave jan\u00eb falsifikuar vite m\u00eb par\u00eb! Nj\u00eb rus dhe nj\u00eb bullgar\u2026","author":"Kurt Farka","date":"June 1, 2026","format":false,"excerpt":"1 Qershor 2026 Pas ngjarjeve t\u00eb r\u00ebnda dhe dhun\u00ebs ndaj qytetar\u00ebve n\u00eb Zv\u00ebrnec, gazetarja e njohur e kronik\u00ebs, Klodiana Lala, ka l\u00ebshuar akuza t\u00eb forta n\u00eb emisionin \u201cStudio24\u201d, duke zbuluar se e gjith\u00eb historia e pronave n\u00eb k\u00ebt\u00eb zon\u00eb \u00ebsht\u00eb e p\u00ebrfshir\u00eb n\u00eb falsifikime dhe tashm\u00eb ndodhet n\u00ebn hetim nga\u2026","rel":"","context":"In &quot;Blogu i Udh\u00ebtarit&quot;","block_context":{"text":"Blogu i Udh\u00ebtarit","link":"https:\/\/www.shqiperia.com\/blog\/category\/blogu-i-udhetarit\/"},"img":{"alt_text":"","src":"https:\/\/i0.wp.com\/www.shqiperia.com\/blog\/wp-content\/uploads\/2026\/06\/Etleva-Lala.jpg?fit=1200%2C648&ssl=1&resize=350%2C200","width":350,"height":200,"srcset":"https:\/\/i0.wp.com\/www.shqiperia.com\/blog\/wp-content\/uploads\/2026\/06\/Etleva-Lala.jpg?fit=1200%2C648&ssl=1&resize=350%2C200 1x, https:\/\/i0.wp.com\/www.shqiperia.com\/blog\/wp-content\/uploads\/2026\/06\/Etleva-Lala.jpg?fit=1200%2C648&ssl=1&resize=525%2C300 1.5x, https:\/\/i0.wp.com\/www.shqiperia.com\/blog\/wp-content\/uploads\/2026\/06\/Etleva-Lala.jpg?fit=1200%2C648&ssl=1&resize=700%2C400 2x, https:\/\/i0.wp.com\/www.shqiperia.com\/blog\/wp-content\/uploads\/2026\/06\/Etleva-Lala.jpg?fit=1200%2C648&ssl=1&resize=1050%2C600 3x"},"classes":[]},{"id":105404,"url":"https:\/\/www.shqiperia.com\/blog\/vidhet-thesari-3-mijevjecar-grabitesit-moren-objektet-e-rralla-ne-nje-muze-ne-spanje\/","url_meta":{"origin":298,"position":2},"title":"VIDHET THESARI 3-MIJ\u00cbVJE\u00c7AR\/ Grabit\u00ebsit mor\u00ebn objektet e rralla n\u00eb nj\u00eb muze n\u00eb Spanj\u00eb","author":"Kurt Farka","date":"August 28, 2026","format":false,"excerpt":"28 Gusht 2026 Nj\u00eb prej thesareve m\u00eb t\u00eb \u00e7muara arkeologjike t\u00eb Evrop\u00ebs \u00ebsht\u00eb zhdukur nga nj\u00eb muze n\u00eb Spanj\u00eb, m\u00eb shum\u00eb se 3 mij\u00eb vite pasi ishte krijuar. Persona ende t\u00eb paidentifikuar kan\u00eb grabitur nj\u00eb pjes\u00eb ose t\u00eb gjith\u00eb Thesarin e Villen\u00ebs, nd\u00ebrsa policia ka nisur hetimet p\u00ebr t\u00eb zbardhur\u2026","rel":"","context":"In &quot;Blogu i Udh\u00ebtarit&quot;","block_context":{"text":"Blogu i Udh\u00ebtarit","link":"https:\/\/www.shqiperia.com\/blog\/category\/blogu-i-udhetarit\/"},"img":{"alt_text":"","src":"https:\/\/i0.wp.com\/www.shqiperia.com\/blog\/wp-content\/uploads\/2026\/08\/Spanje-VIDHET-THESARI-3-MIJEVJECAR.png?fit=640%2C356&ssl=1&resize=350%2C200","width":350,"height":200,"srcset":"https:\/\/i0.wp.com\/www.shqiperia.com\/blog\/wp-content\/uploads\/2026\/08\/Spanje-VIDHET-THESARI-3-MIJEVJECAR.png?fit=640%2C356&ssl=1&resize=350%2C200 1x, https:\/\/i0.wp.com\/www.shqiperia.com\/blog\/wp-content\/uploads\/2026\/08\/Spanje-VIDHET-THESARI-3-MIJEVJECAR.png?fit=640%2C356&ssl=1&resize=525%2C300 1.5x"},"classes":[]},{"id":105481,"url":"https:\/\/www.shqiperia.com\/blog\/gjirokastra-bashkon-folklorin-e-trevave-shqiptare\/","url_meta":{"origin":298,"position":3},"title":"Gjirokastra bashkon folklorin e trevave shqiptare","author":"Kurt Farka","date":"August 29, 2026","format":false,"excerpt":"29 Gusht 2026 P\u00ebr dy net\u00eb me radh\u00eb, tradita, muzika dhe folklori u b\u00ebn\u00eb bashk\u00eb n\u00eb edicionin e 12-t\u00eb t\u00eb \u201cDivanit Lunxhot\u201d. N\u00eb fshatrat Kakoz dhe Erind, atmosfera festive u shoq\u00ebrua nga performancat e grupeve folklorike, t\u00eb ardhura nga treva t\u00eb ndryshme, duke sjell\u00eb k\u00ebng\u00eb, valle dhe element\u00eb t\u00eb tradit\u00ebs\u2026","rel":"","context":"In &quot;Arte&quot;","block_context":{"text":"Arte","link":"https:\/\/www.shqiperia.com\/blog\/category\/arte\/"},"img":{"alt_text":"","src":"https:\/\/i0.wp.com\/www.shqiperia.com\/blog\/wp-content\/uploads\/2026\/08\/Netet-e-Divanit-Lunxhot-gusht-2026-1.jpg?fit=1024%2C492&ssl=1&resize=350%2C200","width":350,"height":200,"srcset":"https:\/\/i0.wp.com\/www.shqiperia.com\/blog\/wp-content\/uploads\/2026\/08\/Netet-e-Divanit-Lunxhot-gusht-2026-1.jpg?fit=1024%2C492&ssl=1&resize=350%2C200 1x, https:\/\/i0.wp.com\/www.shqiperia.com\/blog\/wp-content\/uploads\/2026\/08\/Netet-e-Divanit-Lunxhot-gusht-2026-1.jpg?fit=1024%2C492&ssl=1&resize=525%2C300 1.5x, https:\/\/i0.wp.com\/www.shqiperia.com\/blog\/wp-content\/uploads\/2026\/08\/Netet-e-Divanit-Lunxhot-gusht-2026-1.jpg?fit=1024%2C492&ssl=1&resize=700%2C400 2x"},"classes":[]},{"id":102618,"url":"https:\/\/www.shqiperia.com\/blog\/mauritania-thesari-i-fshehur-i-saharase-qytete-antike-oaze-dhe-nje-bregdet-qe-shihet-edhe-nga-hapesira\/","url_meta":{"origin":298,"position":4},"title":"Mauritania, thesari i fshehur i Saharas\u00eb: qytete antike, oaze dhe nj\u00eb bregdet q\u00eb shihet edhe nga hap\u00ebsira","author":"Kurt Farka","date":"July 13, 2026","format":false,"excerpt":"13 Korrik 2026 E vendosur pothuajse t\u00ebr\u00ebsisht n\u00eb shkret\u00ebtir\u00ebn e Saharas\u00eb, Mauritania mbetet nj\u00eb nga vendet m\u00eb pak t\u00eb vizituara n\u00eb bot\u00eb, por fsheh brenda saj histori mij\u00ebravje\u00e7are, qytete t\u00eb lashta tregtare, oaze t\u00eb gjelbra dhe nj\u00eb spektak\u00ebl natyror q\u00eb mund t\u00eb shihet edhe nga hap\u00ebsira. Rreth 90% e territorit\u2026","rel":"","context":"In &quot;Blogu i Udh\u00ebtarit&quot;","block_context":{"text":"Blogu i Udh\u00ebtarit","link":"https:\/\/www.shqiperia.com\/blog\/category\/blogu-i-udhetarit\/"},"img":{"alt_text":"","src":"https:\/\/i0.wp.com\/www.shqiperia.com\/blog\/wp-content\/uploads\/2026\/07\/640-0-mq-1783943256.png?fit=640%2C371&ssl=1&resize=350%2C200","width":350,"height":200,"srcset":"https:\/\/i0.wp.com\/www.shqiperia.com\/blog\/wp-content\/uploads\/2026\/07\/640-0-mq-1783943256.png?fit=640%2C371&ssl=1&resize=350%2C200 1x, https:\/\/i0.wp.com\/www.shqiperia.com\/blog\/wp-content\/uploads\/2026\/07\/640-0-mq-1783943256.png?fit=640%2C371&ssl=1&resize=525%2C300 1.5x"},"classes":[]},{"id":102832,"url":"https:\/\/www.shqiperia.com\/blog\/rama-eshte-ne-vdekje-klinike-politike-pensionisti-kjo-qeveri-e-ka-cuar-shoqerine-ne-gremine-kryeministri-ka-ardhur-permes-dhunes-te-ik-permes-dhunes\/","url_meta":{"origin":298,"position":5},"title":"\u201cRama \u00ebsht\u00eb n\u00eb vdekje klinike politike!\u201d- Pensionisti: &#8211; Kjo qeveri e ka \u00e7uar shoq\u00ebrin\u00eb n\u00eb gremin\u00eb! Kryeministri ka ardhur p\u00ebrmes dhun\u00ebs, t\u00eb ik p\u00ebrmes dhun\u00ebs","author":"Kurt Farka","date":"July 17, 2026","format":false,"excerpt":"17 Korrik 2026 N\u00eb protest\u00ebn e 48-t\u00eb kund\u00ebr qeveris\u00eb dhe kryeministrit Edi Rama, nj\u00eb pensionist ka akuzuar mazhoranc\u00ebn se sipas tij ka d\u00ebshtuar n\u00eb drejtimin e vendit dhe e ka \u00e7uar shtetin n\u00eb gremin\u00eb Ai\u00a0deklaroi se qeveria nuk ka b\u00ebr\u00eb asgj\u00eb p\u00ebr p\u00ebrmir\u00ebsimin e jet\u00ebs s\u00eb qytetar\u00ebve, nd\u00ebrsa e cil\u00ebsoi\u2026","rel":"","context":"In &quot;Blogu i Udh\u00ebtarit&quot;","block_context":{"text":"Blogu i Udh\u00ebtarit","link":"https:\/\/www.shqiperia.com\/blog\/category\/blogu-i-udhetarit\/"},"img":{"alt_text":"","src":"https:\/\/i0.wp.com\/www.shqiperia.com\/blog\/wp-content\/uploads\/2026\/07\/Screenshot-2026-07-17-192741-433x300-1.jpg?fit=433%2C300&ssl=1&resize=350%2C200","width":350,"height":200},"classes":[]}],"_links":{"self":[{"href":"https:\/\/www.shqiperia.com\/blog\/wp-json\/wp\/v2\/posts\/298","targetHints":{"allow":["GET"]}}],"collection":[{"href":"https:\/\/www.shqiperia.com\/blog\/wp-json\/wp\/v2\/posts"}],"about":[{"href":"https:\/\/www.shqiperia.com\/blog\/wp-json\/wp\/v2\/types\/post"}],"author":[{"embeddable":true,"href":"https:\/\/www.shqiperia.com\/blog\/wp-json\/wp\/v2\/users\/6"}],"replies":[{"embeddable":true,"href":"https:\/\/www.shqiperia.com\/blog\/wp-json\/wp\/v2\/comments?post=298"}],"version-history":[{"count":3,"href":"https:\/\/www.shqiperia.com\/blog\/wp-json\/wp\/v2\/posts\/298\/revisions"}],"predecessor-version":[{"id":302,"href":"https:\/\/www.shqiperia.com\/blog\/wp-json\/wp\/v2\/posts\/298\/revisions\/302"}],"wp:featuredmedia":[{"embeddable":true,"href":"https:\/\/www.shqiperia.com\/blog\/wp-json\/wp\/v2\/media\/301"}],"wp:attachment":[{"href":"https:\/\/www.shqiperia.com\/blog\/wp-json\/wp\/v2\/media?parent=298"}],"wp:term":[{"taxonomy":"category","embeddable":true,"href":"https:\/\/www.shqiperia.com\/blog\/wp-json\/wp\/v2\/categories?post=298"},{"taxonomy":"post_tag","embeddable":true,"href":"https:\/\/www.shqiperia.com\/blog\/wp-json\/wp\/v2\/tags?post=298"}],"curies":[{"name":"wp","href":"https:\/\/api.w.org\/{rel}","templated":true}]}}