{"id":29797,"date":"2019-12-28T11:23:08","date_gmt":"2019-12-28T11:23:08","guid":{"rendered":"https:\/\/www.shqiperia.com\/blog\/?p=29797"},"modified":"2019-12-28T11:23:08","modified_gmt":"2019-12-28T11:23:08","slug":"ku-ndodhen-malet-e-vetetimes","status":"publish","type":"post","link":"https:\/\/www.shqiperia.com\/blog\/ku-ndodhen-malet-e-vetetimes\/","title":{"rendered":"Ku ndodhen Malet e Vet\u00ebtim\u00ebs. &#8211;"},"content":{"rendered":"<p><img data-recalc-dims=\"1\" loading=\"lazy\" decoding=\"async\" data-attachment-id=\"29798\" data-permalink=\"https:\/\/www.shqiperia.com\/blog\/ku-ndodhen-malet-e-vetetimes\/llogara\/\" data-orig-file=\"https:\/\/i0.wp.com\/www.shqiperia.com\/blog\/wp-content\/uploads\/2019\/12\/Llogara.jpg?fit=905%2C395&amp;ssl=1\" data-orig-size=\"905,395\" data-comments-opened=\"1\" data-image-meta=\"{&quot;aperture&quot;:&quot;0&quot;,&quot;credit&quot;:&quot;&quot;,&quot;camera&quot;:&quot;&quot;,&quot;caption&quot;:&quot;&quot;,&quot;created_timestamp&quot;:&quot;0&quot;,&quot;copyright&quot;:&quot;&quot;,&quot;focal_length&quot;:&quot;0&quot;,&quot;iso&quot;:&quot;0&quot;,&quot;shutter_speed&quot;:&quot;0&quot;,&quot;title&quot;:&quot;&quot;,&quot;orientation&quot;:&quot;0&quot;}\" data-image-title=\"Llogara\" data-image-description=\"\" data-image-caption=\"\" data-medium-file=\"https:\/\/i0.wp.com\/www.shqiperia.com\/blog\/wp-content\/uploads\/2019\/12\/Llogara.jpg?fit=300%2C131&amp;ssl=1\" data-large-file=\"https:\/\/i0.wp.com\/www.shqiperia.com\/blog\/wp-content\/uploads\/2019\/12\/Llogara.jpg?fit=905%2C395&amp;ssl=1\" class=\"alignnone  wp-image-29798\" alt=\"\" src=\"https:\/\/i0.wp.com\/www.shqiperia.com\/blog\/wp-content\/uploads\/2019\/12\/Llogara.jpg?resize=545%2C238&#038;ssl=1\" width=\"545\" height=\"238\" srcset=\"https:\/\/i0.wp.com\/www.shqiperia.com\/blog\/wp-content\/uploads\/2019\/12\/Llogara.jpg?resize=300%2C131&amp;ssl=1 300w, https:\/\/i0.wp.com\/www.shqiperia.com\/blog\/wp-content\/uploads\/2019\/12\/Llogara.jpg?resize=768%2C335&amp;ssl=1 768w, https:\/\/i0.wp.com\/www.shqiperia.com\/blog\/wp-content\/uploads\/2019\/12\/Llogara.jpg?resize=450%2C196&amp;ssl=1 450w, https:\/\/i0.wp.com\/www.shqiperia.com\/blog\/wp-content\/uploads\/2019\/12\/Llogara.jpg?resize=600%2C262&amp;ssl=1 600w, https:\/\/i0.wp.com\/www.shqiperia.com\/blog\/wp-content\/uploads\/2019\/12\/Llogara.jpg?resize=400%2C175&amp;ssl=1 400w, https:\/\/i0.wp.com\/www.shqiperia.com\/blog\/wp-content\/uploads\/2019\/12\/Llogara.jpg?w=905&amp;ssl=1 905w\" sizes=\"auto, (max-width: 545px) 100vw, 545px\" \/><\/p>\n<p><strong>Ku ndodhen Malet e Vet\u00ebtim\u00ebs<\/strong><\/p>\n<p>Malet e Vet\u00ebtim\u00ebs jan\u00eb nj\u00eb pjes\u00eb e malit t\u00eb \u00c7ik\u00ebs, faqja per\u00ebndimore e tij q\u00eb ngrihet menj\u00ebher\u00eb mbi fshatrat Palas\u00eb, Dh\u00ebrmi e Vuno.<\/p>\n<p>P\u00ebrb\u00ebjn\u00eb pjes\u00ebn m\u00eb t\u00eb lart\u00eb, m\u00eb t\u00eb ashp\u00ebr dhe m\u00eb t\u00eb thyer t\u00eb gjith\u00eb \u00c7ik\u00ebs, p\u00ebr shkak t\u00eb shtrirjes s\u00eb tyre n\u00eb kontaktin e zon\u00ebs tektonike Jonike me at\u00eb t\u00eb Sazanit.<\/p>\n<p>Malet e vet\u00ebtim\u00ebs jan\u00eb t\u00eb p\u00ebr\u00e7ar\u00eb nga p\u00ebrrenj t\u00eb that\u00eb e humnera shum\u00eb t\u00eb thella.<\/p>\n<p>Jan\u00eb t\u00eb veshur dob\u00ebt me bim\u00ebsi, n\u00eb pjes\u00ebn e ul\u00ebt me makje e n\u00eb pjes\u00ebn e lart\u00eb me halor\u00eb.<\/p>\n<p>Malet e Vet\u00ebtim\u00ebs p\u00ebrmenden nga autor\u00ebt antik\u00eb me emrin Akrokeraune dhe sh\u00ebnohen edhe n\u00eb hartat e vjetra.<\/p>\n<p><img data-recalc-dims=\"1\" loading=\"lazy\" decoding=\"async\" data-attachment-id=\"29799\" data-permalink=\"https:\/\/www.shqiperia.com\/blog\/ku-ndodhen-malet-e-vetetimes\/mali-cikes\/\" data-orig-file=\"https:\/\/i0.wp.com\/www.shqiperia.com\/blog\/wp-content\/uploads\/2019\/12\/mali-cikes.jpg?fit=905%2C395&amp;ssl=1\" data-orig-size=\"905,395\" data-comments-opened=\"1\" data-image-meta=\"{&quot;aperture&quot;:&quot;0&quot;,&quot;credit&quot;:&quot;&quot;,&quot;camera&quot;:&quot;&quot;,&quot;caption&quot;:&quot;&quot;,&quot;created_timestamp&quot;:&quot;0&quot;,&quot;copyright&quot;:&quot;&quot;,&quot;focal_length&quot;:&quot;0&quot;,&quot;iso&quot;:&quot;0&quot;,&quot;shutter_speed&quot;:&quot;0&quot;,&quot;title&quot;:&quot;&quot;,&quot;orientation&quot;:&quot;0&quot;}\" data-image-title=\"mali cikes\" data-image-description=\"\" data-image-caption=\"\" data-medium-file=\"https:\/\/i0.wp.com\/www.shqiperia.com\/blog\/wp-content\/uploads\/2019\/12\/mali-cikes.jpg?fit=300%2C131&amp;ssl=1\" data-large-file=\"https:\/\/i0.wp.com\/www.shqiperia.com\/blog\/wp-content\/uploads\/2019\/12\/mali-cikes.jpg?fit=905%2C395&amp;ssl=1\" class=\"alignnone  wp-image-29799\" alt=\"\" src=\"https:\/\/i0.wp.com\/www.shqiperia.com\/blog\/wp-content\/uploads\/2019\/12\/mali-cikes.jpg?resize=843%2C368&#038;ssl=1\" width=\"843\" height=\"368\" srcset=\"https:\/\/i0.wp.com\/www.shqiperia.com\/blog\/wp-content\/uploads\/2019\/12\/mali-cikes.jpg?resize=300%2C131&amp;ssl=1 300w, https:\/\/i0.wp.com\/www.shqiperia.com\/blog\/wp-content\/uploads\/2019\/12\/mali-cikes.jpg?resize=768%2C335&amp;ssl=1 768w, https:\/\/i0.wp.com\/www.shqiperia.com\/blog\/wp-content\/uploads\/2019\/12\/mali-cikes.jpg?resize=450%2C196&amp;ssl=1 450w, https:\/\/i0.wp.com\/www.shqiperia.com\/blog\/wp-content\/uploads\/2019\/12\/mali-cikes.jpg?resize=600%2C262&amp;ssl=1 600w, https:\/\/i0.wp.com\/www.shqiperia.com\/blog\/wp-content\/uploads\/2019\/12\/mali-cikes.jpg?resize=400%2C175&amp;ssl=1 400w, https:\/\/i0.wp.com\/www.shqiperia.com\/blog\/wp-content\/uploads\/2019\/12\/mali-cikes.jpg?w=905&amp;ssl=1 905w\" sizes=\"auto, (max-width: 843px) 100vw, 843px\" \/><\/p>\n<p>Nga Akrokeraunet sigurohej dikur l\u00ebnda e drurit p\u00ebr nd\u00ebrtimin e anijeve t\u00eb forta.<\/p>\n<p>Em\u00ebrtimi i tyre \u00ebsht\u00eb i p\u00ebrligjur: mbi to v\u00ebrehen shum\u00eb vet\u00ebtima.<\/p>\n<p><strong>d.a. \/ dita<\/strong><\/p>\n","protected":false},"excerpt":{"rendered":"<p>Ku ndodhen Malet e Vet\u00ebtim\u00ebs Malet e Vet\u00ebtim\u00ebs jan\u00eb nj\u00eb pjes\u00eb e malit t\u00eb \u00c7ik\u00ebs, faqja per\u00ebndimore e tij q\u00eb ngrihet menj\u00ebher\u00eb mbi fshatrat Palas\u00eb, Dh\u00ebrmi e Vuno. P\u00ebrb\u00ebjn\u00eb pjes\u00ebn m\u00eb t\u00eb lart\u00eb, m\u00eb t\u00eb ashp\u00ebr dhe m\u00eb t\u00eb thyer t\u00eb gjith\u00eb \u00c7ik\u00ebs, p\u00ebr shkak t\u00eb shtrirjes s\u00eb tyre n\u00eb kontaktin e zon\u00ebs tektonike Jonike [&hellip;]<\/p>\n","protected":false},"author":9,"featured_media":29798,"comment_status":"open","ping_status":"open","sticky":false,"template":"","format":"standard","meta":{"jetpack_post_was_ever_published":false,"_jetpack_newsletter_access":"","_jetpack_dont_email_post_to_subs":false,"_jetpack_newsletter_tier_id":0,"_jetpack_memberships_contains_paywalled_content":false,"_jetpack_memberships_contains_paid_content":false,"footnotes":"","jetpack_publicize_message":"","jetpack_publicize_feature_enabled":true,"jetpack_social_post_already_shared":true,"jetpack_social_options":{"image_generator_settings":{"template":"highway","default_image_id":0,"font":"","enabled":false},"version":2}},"categories":[14],"tags":[],"class_list":["post-29797","post","type-post","status-publish","format-standard","has-post-thumbnail","hentry","category-press-releases"],"jetpack_publicize_connections":[],"jetpack_featured_media_url":"https:\/\/i0.wp.com\/www.shqiperia.com\/blog\/wp-content\/uploads\/2019\/12\/Llogara.jpg?fit=905%2C395&ssl=1","jetpack_sharing_enabled":true,"jetpack_shortlink":"https:\/\/wp.me\/p5Z6wp-7KB","jetpack-related-posts":[{"id":10155,"url":"https:\/\/www.shqiperia.com\/blog\/doni-te-dini-si-ka-qene-shqiperia-e-pare-ajo-para-120-vjetesh\/","url_meta":{"origin":29797,"position":0},"title":"Doni t\u00eb dini si ka qen\u00eb Shqip\u00ebria e par\u00eb, ajo para 120 vjet\u00ebsh?\u2026-","author":"Kurt Farka","date":"July 23, 2018","format":false,"excerpt":"Doni t\u00eb dini si ka qen\u00eb Shqip\u00ebria e par\u00eb, ajo para 120 vjet\u00ebsh?\u2026- (pjesa I. ) \u00a0 \u2026Ja si e p\u00ebrshkruan at\u00eb Lumo Sk\u00ebndo n\u00eb v\u00ebllimin e dyt\u00eb t\u00eb \u201cKalendarit Kombiar\u201d t\u00eb vitit 1898 Si\u00e7 \u00ebsht\u00eb b\u00ebr\u00eb e njohur, para disa muajsh fondacioni arsimor, kulturor dhe humanitar Alternativa p\u00ebr t\u00eb\u2026","rel":"","context":"In &quot;Blogu i Udh\u00ebtarit&quot;","block_context":{"text":"Blogu i Udh\u00ebtarit","link":"https:\/\/www.shqiperia.com\/blog\/category\/blogu-i-udhetarit\/"},"img":{"alt_text":"","src":"https:\/\/i0.wp.com\/www.shqiperia.com\/blog\/wp-content\/uploads\/2018\/07\/Kalendari-Kombiar-.jpg?fit=730%2C440&ssl=1&resize=350%2C200","width":350,"height":200,"srcset":"https:\/\/i0.wp.com\/www.shqiperia.com\/blog\/wp-content\/uploads\/2018\/07\/Kalendari-Kombiar-.jpg?fit=730%2C440&ssl=1&resize=350%2C200 1x, https:\/\/i0.wp.com\/www.shqiperia.com\/blog\/wp-content\/uploads\/2018\/07\/Kalendari-Kombiar-.jpg?fit=730%2C440&ssl=1&resize=525%2C300 1.5x, https:\/\/i0.wp.com\/www.shqiperia.com\/blog\/wp-content\/uploads\/2018\/07\/Kalendari-Kombiar-.jpg?fit=730%2C440&ssl=1&resize=700%2C400 2x"},"classes":[]},{"id":84254,"url":"https:\/\/www.shqiperia.com\/blog\/fenomen-i-rralle-natyrore-ne-koje-malesi-te-madhe-ne-rrethinat-e-tuzit\/","url_meta":{"origin":29797,"position":1},"title":"Fenomen i rrall\u00eb natyror\u00eb n\u00eb Koj\u00eb,  Mal\u00ebsi t\u00eb Madhe n\u00eb rrethinat e Tuzit","author":"Kurt Farka","date":"September 9, 2024","format":false,"excerpt":"9 Shtator 2024 Nga Anton Pllumaj Para do kohe kemi zhvillua nji ekspedit\u00eb hulumtuese n\u00ebp\u00ebr katundet e Koj\u00ebs, n\u00eb krahin\u00ebn Mal\u00ebsi e Madhe, rrethinat e Tuzit. N\u00eb livadhet e katundit Radof\u00e7\u00eb kishte humbur toka, di\u00e7ka e rrall\u00eb n\u00eb malet tona! Kjo \u00ebsht\u00eb d\u00ebshmi se luginat, lugjet dhe vorbullat karstike jan\u00eb\u2026","rel":"","context":"In &quot;Blogu i Udh\u00ebtarit&quot;","block_context":{"text":"Blogu i Udh\u00ebtarit","link":"https:\/\/www.shqiperia.com\/blog\/category\/blogu-i-udhetarit\/"},"img":{"alt_text":"","src":"https:\/\/i0.wp.com\/www.shqiperia.com\/blog\/wp-content\/uploads\/2024\/09\/458977663_483732387960048_9014403779978025694_n.jpg?fit=640%2C490&ssl=1&resize=350%2C200","width":350,"height":200,"srcset":"https:\/\/i0.wp.com\/www.shqiperia.com\/blog\/wp-content\/uploads\/2024\/09\/458977663_483732387960048_9014403779978025694_n.jpg?fit=640%2C490&ssl=1&resize=350%2C200 1x, https:\/\/i0.wp.com\/www.shqiperia.com\/blog\/wp-content\/uploads\/2024\/09\/458977663_483732387960048_9014403779978025694_n.jpg?fit=640%2C490&ssl=1&resize=525%2C300 1.5x"},"classes":[]},{"id":95097,"url":"https:\/\/www.shqiperia.com\/blog\/ulen-temperaturat-malet-e-vendit-mbulohen-me-debore\/","url_meta":{"origin":29797,"position":2},"title":"Ulen temperaturat, malet e vendit mbulohen me d\u00ebbor\u00eb","author":"Kurt Farka","date":"November 23, 2025","format":false,"excerpt":"23 Nentor 2025 Pas reshjeve t\u00eb dendura t\u00eb shiut, q\u00eb shkaktuan shum\u00eb probleme n\u00eb disa akse rrugore nacionale dhe rurale, moti ka ndryshuar duke i hapur rrug\u00eb d\u00ebbor\u00ebs. Gjat\u00eb nat\u00ebs dhe m\u00ebngjesit t\u00eb sot\u00ebm, malet jan\u00eb mbuluar me d\u00ebbor\u00eb n\u00eb lart\u00ebsin\u00eb 500 metra mbi nivelin e detit, e shoq\u00ebruar me\u2026","rel":"","context":"In &quot;Blogu i Udh\u00ebtarit&quot;","block_context":{"text":"Blogu i Udh\u00ebtarit","link":"https:\/\/www.shqiperia.com\/blog\/category\/blogu-i-udhetarit\/"},"img":{"alt_text":"","src":"https:\/\/i0.wp.com\/www.shqiperia.com\/blog\/wp-content\/uploads\/2025\/11\/640-0-ipiccy-image-8-2-1536x768-1763886288.webp?fit=640%2C320&ssl=1&resize=350%2C200","width":350,"height":200,"srcset":"https:\/\/i0.wp.com\/www.shqiperia.com\/blog\/wp-content\/uploads\/2025\/11\/640-0-ipiccy-image-8-2-1536x768-1763886288.webp?fit=640%2C320&ssl=1&resize=350%2C200 1x, https:\/\/i0.wp.com\/www.shqiperia.com\/blog\/wp-content\/uploads\/2025\/11\/640-0-ipiccy-image-8-2-1536x768-1763886288.webp?fit=640%2C320&ssl=1&resize=525%2C300 1.5x"},"classes":[]},{"id":97621,"url":"https:\/\/www.shqiperia.com\/blog\/ne-malet-e-botes-po-zhvillohet-nje-krize-e-fshehur\/","url_meta":{"origin":29797,"position":3},"title":"N\u00eb malet e bot\u00ebs po zhvillohet nj\u00eb kriz\u00eb e fshehur","author":"Kurt Farka","date":"February 12, 2026","format":false,"excerpt":"12 Shkurt 2026 N\u00eb majat e larta t\u00eb bot\u00ebs, nj\u00eb ndryshim i shpejt\u00eb klimatik po ndodh me pasoja globale. Nj\u00eb rishikim i madh nd\u00ebrkomb\u00ebtar tregon se ndryshimet klimatike po p\u00ebrshpejtohen m\u00eb shpejt n\u00eb zonat malore sesa n\u00eb ult\u00ebsirat p\u00ebrreth. Shkenc\u00ebtar\u00ebt paralajm\u00ebrojn\u00eb se kjo ngrohje e pabarabart\u00eb mund t\u00eb ket\u00eb pasoja\u2026","rel":"","context":"In &quot;Njoftime Shtypi&quot;","block_context":{"text":"Njoftime Shtypi","link":"https:\/\/www.shqiperia.com\/blog\/category\/njoftime-shtypi\/"},"img":{"alt_text":"","src":"https:\/\/i0.wp.com\/www.shqiperia.com\/blog\/wp-content\/uploads\/2026\/02\/auto_Mountains-Ftan-Scuol-Switzerland-Early-Spring-777x5181770020869-1.jpg?fit=900%2C600&ssl=1&resize=350%2C200","width":350,"height":200,"srcset":"https:\/\/i0.wp.com\/www.shqiperia.com\/blog\/wp-content\/uploads\/2026\/02\/auto_Mountains-Ftan-Scuol-Switzerland-Early-Spring-777x5181770020869-1.jpg?fit=900%2C600&ssl=1&resize=350%2C200 1x, https:\/\/i0.wp.com\/www.shqiperia.com\/blog\/wp-content\/uploads\/2026\/02\/auto_Mountains-Ftan-Scuol-Switzerland-Early-Spring-777x5181770020869-1.jpg?fit=900%2C600&ssl=1&resize=525%2C300 1.5x, https:\/\/i0.wp.com\/www.shqiperia.com\/blog\/wp-content\/uploads\/2026\/02\/auto_Mountains-Ftan-Scuol-Switzerland-Early-Spring-777x5181770020869-1.jpg?fit=900%2C600&ssl=1&resize=700%2C400 2x"},"classes":[]},{"id":80085,"url":"https:\/\/www.shqiperia.com\/blog\/meta-qeveria-ka-korruptuar-bashen-izolimi-i-berishes-per-arsye-politike-pl-uragan-lirie\/","url_meta":{"origin":29797,"position":4},"title":"Meta: Qeveria ka korruptuar Bash\u00ebn! &#8211; Izolimi i Berish\u00ebs p\u00ebr arsye politike. &#8211; PL uragan lirie","author":"Kurt Farka","date":"April 13, 2024","format":false,"excerpt":"13 Prill 2024 Kryetari i Partis\u00eb s\u00eb Liris\u00eb Ilir Meta n\u00eb nj\u00eb konferenc\u00eb p\u00ebr mediat nga Kor\u00e7a deklaroi se qeverisja e Edi Ram\u00ebs ka korruptuar Lulzim Bash\u00ebn. Meta tha se izolimi i Sali Berish\u00ebs \u00ebsht\u00eb b\u00ebr\u00eb p\u00ebr arsye t\u00eb pastra politike. Nd\u00ebrsa, shtoi se PL \u00ebsht\u00eb nj\u00eb uragan i v\u00ebrtet\u00eb\u2026","rel":"","context":"In &quot;Blogu i Udh\u00ebtarit&quot;","block_context":{"text":"Blogu i Udh\u00ebtarit","link":"https:\/\/www.shqiperia.com\/blog\/category\/blogu-i-udhetarit\/"},"img":{"alt_text":"","src":"https:\/\/i0.wp.com\/www.shqiperia.com\/blog\/wp-content\/uploads\/2024\/04\/600-388-bf1c76d7982b12446d6a87e89acfacc1.jpg?fit=600%2C384&ssl=1&resize=350%2C200","width":350,"height":200,"srcset":"https:\/\/i0.wp.com\/www.shqiperia.com\/blog\/wp-content\/uploads\/2024\/04\/600-388-bf1c76d7982b12446d6a87e89acfacc1.jpg?fit=600%2C384&ssl=1&resize=350%2C200 1x, https:\/\/i0.wp.com\/www.shqiperia.com\/blog\/wp-content\/uploads\/2024\/04\/600-388-bf1c76d7982b12446d6a87e89acfacc1.jpg?fit=600%2C384&ssl=1&resize=525%2C300 1.5x"},"classes":[]},{"id":96682,"url":"https:\/\/www.shqiperia.com\/blog\/nen-debore-puka-shnderrohet-ne-kartoline-alpine\/","url_meta":{"origin":29797,"position":5},"title":"N\u00ebn d\u00ebbor\u00eb, Puka shnd\u00ebrrohet n\u00eb kartolin\u00eb alpine","author":"Kurt Farka","date":"January 18, 2026","format":false,"excerpt":"18 Janar 2026 Qyteti i Puk\u00ebs i mbuluar nga d\u00ebbora e dit\u00ebve t\u00eb fundit ofron pamje magjeps\u00ebse p\u00ebr syrin e vizitorit. D\u00ebbora ka zbardhur gjith\u00e7ka, duke krijuar pamje mbres\u00ebl\u00ebn\u00ebse ku liqeni dhe malet nd\u00ebrthuren n\u00eb harmoni t\u00eb plot\u00eb. Kryeministri Edi Rama ndau sot n\u00eb rrjetet sociale pamje nga peizazhet e\u2026","rel":"","context":"In &quot;Blogu i Udh\u00ebtarit&quot;","block_context":{"text":"Blogu i Udh\u00ebtarit","link":"https:\/\/www.shqiperia.com\/blog\/category\/blogu-i-udhetarit\/"},"img":{"alt_text":"","src":"https:\/\/i0.wp.com\/www.shqiperia.com\/blog\/wp-content\/uploads\/2026\/01\/640-0-puka-1768661531-Copy.png?fit=640%2C458&ssl=1&resize=350%2C200","width":350,"height":200,"srcset":"https:\/\/i0.wp.com\/www.shqiperia.com\/blog\/wp-content\/uploads\/2026\/01\/640-0-puka-1768661531-Copy.png?fit=640%2C458&ssl=1&resize=350%2C200 1x, https:\/\/i0.wp.com\/www.shqiperia.com\/blog\/wp-content\/uploads\/2026\/01\/640-0-puka-1768661531-Copy.png?fit=640%2C458&ssl=1&resize=525%2C300 1.5x"},"classes":[]}],"_links":{"self":[{"href":"https:\/\/www.shqiperia.com\/blog\/wp-json\/wp\/v2\/posts\/29797","targetHints":{"allow":["GET"]}}],"collection":[{"href":"https:\/\/www.shqiperia.com\/blog\/wp-json\/wp\/v2\/posts"}],"about":[{"href":"https:\/\/www.shqiperia.com\/blog\/wp-json\/wp\/v2\/types\/post"}],"author":[{"embeddable":true,"href":"https:\/\/www.shqiperia.com\/blog\/wp-json\/wp\/v2\/users\/9"}],"replies":[{"embeddable":true,"href":"https:\/\/www.shqiperia.com\/blog\/wp-json\/wp\/v2\/comments?post=29797"}],"version-history":[{"count":1,"href":"https:\/\/www.shqiperia.com\/blog\/wp-json\/wp\/v2\/posts\/29797\/revisions"}],"predecessor-version":[{"id":29800,"href":"https:\/\/www.shqiperia.com\/blog\/wp-json\/wp\/v2\/posts\/29797\/revisions\/29800"}],"wp:featuredmedia":[{"embeddable":true,"href":"https:\/\/www.shqiperia.com\/blog\/wp-json\/wp\/v2\/media\/29798"}],"wp:attachment":[{"href":"https:\/\/www.shqiperia.com\/blog\/wp-json\/wp\/v2\/media?parent=29797"}],"wp:term":[{"taxonomy":"category","embeddable":true,"href":"https:\/\/www.shqiperia.com\/blog\/wp-json\/wp\/v2\/categories?post=29797"},{"taxonomy":"post_tag","embeddable":true,"href":"https:\/\/www.shqiperia.com\/blog\/wp-json\/wp\/v2\/tags?post=29797"}],"curies":[{"name":"wp","href":"https:\/\/api.w.org\/{rel}","templated":true}]}}