{"id":29794,"date":"2019-12-28T10:57:16","date_gmt":"2019-12-28T10:57:16","guid":{"rendered":"https:\/\/www.shqiperia.com\/blog\/?p=29794"},"modified":"2019-12-28T10:57:16","modified_gmt":"2019-12-28T10:57:16","slug":"miniera-qe-nxori-2-miliarde-dollare-flori-brenda-vitit-2019","status":"publish","type":"post","link":"https:\/\/www.shqiperia.com\/blog\/miniera-qe-nxori-2-miliarde-dollare-flori-brenda-vitit-2019\/","title":{"rendered":"Miniera q\u00eb nxori 2 miliard\u00eb dollar\u00eb flori brenda vitit 2019. &#8211;"},"content":{"rendered":"<p><strong><img data-recalc-dims=\"1\" loading=\"lazy\" decoding=\"async\" data-attachment-id=\"29795\" data-permalink=\"https:\/\/www.shqiperia.com\/blog\/miniera-qe-nxori-2-miliarde-dollare-flori-brenda-vitit-2019\/5dd6a2b885f54014bf26b136-905x450\/\" data-orig-file=\"https:\/\/i0.wp.com\/www.shqiperia.com\/blog\/wp-content\/uploads\/2019\/12\/5dd6a2b885f54014bf26b136-905x450-1.jpg?fit=827%2C450&amp;ssl=1\" data-orig-size=\"827,450\" data-comments-opened=\"1\" data-image-meta=\"{&quot;aperture&quot;:&quot;0&quot;,&quot;credit&quot;:&quot;&quot;,&quot;camera&quot;:&quot;&quot;,&quot;caption&quot;:&quot;&quot;,&quot;created_timestamp&quot;:&quot;0&quot;,&quot;copyright&quot;:&quot;&quot;,&quot;focal_length&quot;:&quot;0&quot;,&quot;iso&quot;:&quot;0&quot;,&quot;shutter_speed&quot;:&quot;0&quot;,&quot;title&quot;:&quot;&quot;,&quot;orientation&quot;:&quot;0&quot;}\" data-image-title=\"5dd6a2b885f54014bf26b136-905&#215;450\" data-image-description=\"\" data-image-caption=\"\" data-medium-file=\"https:\/\/i0.wp.com\/www.shqiperia.com\/blog\/wp-content\/uploads\/2019\/12\/5dd6a2b885f54014bf26b136-905x450-1.jpg?fit=300%2C163&amp;ssl=1\" data-large-file=\"https:\/\/i0.wp.com\/www.shqiperia.com\/blog\/wp-content\/uploads\/2019\/12\/5dd6a2b885f54014bf26b136-905x450-1.jpg?fit=827%2C450&amp;ssl=1\" class=\"alignnone  wp-image-29795\" alt=\"\" src=\"https:\/\/i0.wp.com\/www.shqiperia.com\/blog\/wp-content\/uploads\/2019\/12\/5dd6a2b885f54014bf26b136-905x450-1.jpg?resize=563%2C306&#038;ssl=1\" width=\"563\" height=\"306\" srcset=\"https:\/\/i0.wp.com\/www.shqiperia.com\/blog\/wp-content\/uploads\/2019\/12\/5dd6a2b885f54014bf26b136-905x450-1.jpg?resize=300%2C163&amp;ssl=1 300w, https:\/\/i0.wp.com\/www.shqiperia.com\/blog\/wp-content\/uploads\/2019\/12\/5dd6a2b885f54014bf26b136-905x450-1.jpg?resize=768%2C418&amp;ssl=1 768w, https:\/\/i0.wp.com\/www.shqiperia.com\/blog\/wp-content\/uploads\/2019\/12\/5dd6a2b885f54014bf26b136-905x450-1.jpg?resize=450%2C245&amp;ssl=1 450w, https:\/\/i0.wp.com\/www.shqiperia.com\/blog\/wp-content\/uploads\/2019\/12\/5dd6a2b885f54014bf26b136-905x450-1.jpg?resize=600%2C326&amp;ssl=1 600w, https:\/\/i0.wp.com\/www.shqiperia.com\/blog\/wp-content\/uploads\/2019\/12\/5dd6a2b885f54014bf26b136-905x450-1.jpg?resize=400%2C218&amp;ssl=1 400w, https:\/\/i0.wp.com\/www.shqiperia.com\/blog\/wp-content\/uploads\/2019\/12\/5dd6a2b885f54014bf26b136-905x450-1.jpg?w=827&amp;ssl=1 827w\" sizes=\"auto, (max-width: 563px) 100vw, 563px\" \/><\/strong><\/p>\n<p><strong>Miniera q\u00eb nxori 2 miliard\u00eb dollar\u00eb flori brenda vitit 2019<\/strong><\/p>\n<p>25, 2019 15:13<\/p>\n<p>Miniera e Magadanin, n\u00eb nj\u00eb zon\u00eb t\u00eb larg\u00ebt n\u00eb lindje t\u00eb Rusis\u00eb, ka nxjerr\u00eb m\u00eb shum\u00eb flori brenda nj\u00eb viti se \u00e7\u2019kan\u00eb si rezerv\u00eb nj\u00eb pjes\u00eb e mir\u00eb e vendeve.<\/p>\n<p>Autoritetet thon\u00eb se miniera mund t\u00eb nxjerr\u00eb edhe 50 ton deri n\u00eb fund t\u00eb vitit, nd\u00ebrkoh\u00eb q\u00eb deri m\u00eb 1 n\u00ebntor kan\u00eb qen\u00eb 40.23 ton\u00eb, nj\u00eb sasi rekord.<\/p>\n<p>N\u00eb t\u00eb nj\u00ebjt\u00ebn koh\u00eb jan\u00eb nxjerr\u00eb edhe 560 ton argjend.<\/p>\n<p>Kjo vjen n\u00eb nj\u00eb koh\u00eb kur \u00e7mimi i floririt sa vjen e rritet. T\u00eb premten nj\u00eb kg vlente 47.200 dollar\u00eb. Kjo do t\u00eb thot\u00eb q\u00eb 40.23 ton\u00ebt kushtojn\u00eb 1.9 miliard\u00eb dollar\u00eb.<\/p>\n<p><strong><em>l.h\/ dita<\/em><\/strong><\/p>\n","protected":false},"excerpt":{"rendered":"<p>Miniera q\u00eb nxori 2 miliard\u00eb dollar\u00eb flori brenda vitit 2019 25, 2019 15:13 Miniera e Magadanin, n\u00eb nj\u00eb zon\u00eb t\u00eb larg\u00ebt n\u00eb lindje t\u00eb Rusis\u00eb, ka nxjerr\u00eb m\u00eb shum\u00eb flori brenda nj\u00eb viti se \u00e7\u2019kan\u00eb si rezerv\u00eb nj\u00eb pjes\u00eb e mir\u00eb e vendeve. Autoritetet thon\u00eb se miniera mund t\u00eb nxjerr\u00eb edhe 50 ton deri n\u00eb [&hellip;]<\/p>\n","protected":false},"author":9,"featured_media":29795,"comment_status":"open","ping_status":"open","sticky":false,"template":"","format":"standard","meta":{"jetpack_post_was_ever_published":false,"_jetpack_newsletter_access":"","_jetpack_dont_email_post_to_subs":false,"_jetpack_newsletter_tier_id":0,"_jetpack_memberships_contains_paywalled_content":false,"_jetpack_memberships_contains_paid_content":false,"footnotes":"","jetpack_publicize_message":"","jetpack_publicize_feature_enabled":true,"jetpack_social_post_already_shared":true,"jetpack_social_options":{"image_generator_settings":{"template":"highway","default_image_id":0,"font":"","enabled":false},"version":2}},"categories":[14],"tags":[],"class_list":["post-29794","post","type-post","status-publish","format-standard","has-post-thumbnail","hentry","category-press-releases"],"jetpack_publicize_connections":[],"jetpack_featured_media_url":"https:\/\/i0.wp.com\/www.shqiperia.com\/blog\/wp-content\/uploads\/2019\/12\/5dd6a2b885f54014bf26b136-905x450-1.jpg?fit=827%2C450&ssl=1","jetpack_sharing_enabled":true,"jetpack_shortlink":"https:\/\/wp.me\/p5Z6wp-7Ky","jetpack-related-posts":[{"id":80403,"url":"https:\/\/www.shqiperia.com\/blog\/pentagoni-1-miliard-dollare-ndihme-te-re-ushtarake-per-ukrainen\/","url_meta":{"origin":29794,"position":0},"title":"Pentagoni, 1 miliard dollar\u00eb ndihm\u00eb t\u00eb re ushtarake p\u00ebr Ukrain\u00ebn","author":"Kurt Farka","date":"April 23, 2024","format":false,"excerpt":"23 Prill 2024 Zyrtar\u00ebt amerikan\u00eb thon\u00eb se Pentagoni \u00ebsht\u00eb gati t\u00eb d\u00ebrgoj\u00eb 1 miliard dollar\u00eb ndihm\u00eb t\u00eb re ushtarake n\u00eb Ukrain\u00eb. Njoftimi vjen nd\u00ebrsa Senati fillon debatin mbi ligjin e shum\u00ebpritur, q\u00eb parashikon ndihm\u00eb ushtarake p\u00ebr Kievit, p\u00ebr t\u00eb zmbrapsur trupat ruse. Vendimi i b\u00ebr\u00eb publik t\u00eb mart\u00ebn vjen pas\u2026","rel":"","context":"In &quot;Blogu i Udh\u00ebtarit&quot;","block_context":{"text":"Blogu i Udh\u00ebtarit","link":"https:\/\/www.shqiperia.com\/blog\/category\/blogu-i-udhetarit\/"},"img":{"alt_text":"","src":"https:\/\/i0.wp.com\/www.shqiperia.com\/blog\/wp-content\/uploads\/2024\/04\/Pentagon-1.jpg?fit=919%2C525&ssl=1&resize=350%2C200","width":350,"height":200,"srcset":"https:\/\/i0.wp.com\/www.shqiperia.com\/blog\/wp-content\/uploads\/2024\/04\/Pentagon-1.jpg?fit=919%2C525&ssl=1&resize=350%2C200 1x, https:\/\/i0.wp.com\/www.shqiperia.com\/blog\/wp-content\/uploads\/2024\/04\/Pentagon-1.jpg?fit=919%2C525&ssl=1&resize=525%2C300 1.5x, https:\/\/i0.wp.com\/www.shqiperia.com\/blog\/wp-content\/uploads\/2024\/04\/Pentagon-1.jpg?fit=919%2C525&ssl=1&resize=700%2C400 2x"},"classes":[]},{"id":29985,"url":"https:\/\/www.shqiperia.com\/blog\/dhjete-rekordet-e-vitit-qe-lame-pas\/","url_meta":{"origin":29794,"position":1},"title":"Dhjet\u00eb rekordet e vitit q\u00eb lam\u00eb pas. &#8211;","author":"Kurt Farka","date":"January 4, 2020","format":false,"excerpt":"Dhjet\u00eb rekordet e vitit q\u00eb lam\u00eb pas. Muaji m\u00eb i nxeht\u00eb, maratona m\u00eb e shpejt\u00eb, gjoba m\u00eb e r\u00ebnd\u00eb, nj\u00eb retrospektiv\u00eb e vitit 2019 p\u00ebrmes 10 rekordeve n\u00eb fush\u00ebn e klim\u00ebs, ekonomis\u00eb, kultur\u00ebs dhe sportit. Korriku, muaji m\u00eb i nxeht\u00eb Korriku i vitit 2019 \u00ebsht\u00eb muaji m\u00eb i nxeht\u00eb i\u2026","rel":"","context":"In &quot;Blogu i Udh\u00ebtarit&quot;","block_context":{"text":"Blogu i Udh\u00ebtarit","link":"https:\/\/www.shqiperia.com\/blog\/category\/blogu-i-udhetarit\/"},"img":{"alt_text":"","src":"https:\/\/i0.wp.com\/www.shqiperia.com\/blog\/wp-content\/uploads\/2020\/01\/191204-banksys_16ecf77dfae_original-ratio-768x512-1-905x450-1.jpg?fit=905%2C450&ssl=1&resize=350%2C200","width":350,"height":200,"srcset":"https:\/\/i0.wp.com\/www.shqiperia.com\/blog\/wp-content\/uploads\/2020\/01\/191204-banksys_16ecf77dfae_original-ratio-768x512-1-905x450-1.jpg?fit=905%2C450&ssl=1&resize=350%2C200 1x, https:\/\/i0.wp.com\/www.shqiperia.com\/blog\/wp-content\/uploads\/2020\/01\/191204-banksys_16ecf77dfae_original-ratio-768x512-1-905x450-1.jpg?fit=905%2C450&ssl=1&resize=525%2C300 1.5x, https:\/\/i0.wp.com\/www.shqiperia.com\/blog\/wp-content\/uploads\/2020\/01\/191204-banksys_16ecf77dfae_original-ratio-768x512-1-905x450-1.jpg?fit=905%2C450&ssl=1&resize=700%2C400 2x"},"classes":[]},{"id":64432,"url":"https:\/\/www.shqiperia.com\/blog\/jeff-bezos-keshillon-konsumatoret-perpara-te-premtes-se-zeze-mos-beni-pazar-po-vjen-nje-recesion-i-madh\/","url_meta":{"origin":29794,"position":2},"title":"Jeff Bezos k\u00ebshillon konsumator\u00ebt p\u00ebrpara t\u00eb \u2018Premtes s\u00eb Zez\u00eb\u2019: &#8211; Mos b\u00ebni pazar, po vjen nj\u00eb recesion i madh!","author":"Kurt Farka","date":"November 18, 2022","format":false,"excerpt":"18 Nentor 2022 Nj\u00eb deklarat\u00eb q\u00eb befasoi shum\u00eb u b\u00eb nga CEO i Amazon, Jeff Bezos p\u00ebrpara Black Friday, q\u00eb \u00ebsht\u00eb t\u00eb premten, m\u00eb 25 n\u00ebntor. Njeriu i kat\u00ebrt m\u00eb i pasur n\u00eb bot\u00eb me nj\u00eb pasuri prej 118.2 miliard\u00eb dollar\u00ebsh kishte disa k\u00ebshilla p\u00ebr shpenzimet e bot\u00ebs. Shumica e\u2026","rel":"","context":"In &quot;Blogu i Udh\u00ebtarit&quot;","block_context":{"text":"Blogu i Udh\u00ebtarit","link":"https:\/\/www.shqiperia.com\/blog\/category\/blogu-i-udhetarit\/"},"img":{"alt_text":"","src":"https:\/\/i0.wp.com\/www.shqiperia.com\/blog\/wp-content\/uploads\/2022\/11\/yjhghghhg-770x433-1.jpg?fit=770%2C433&ssl=1&resize=350%2C200","width":350,"height":200,"srcset":"https:\/\/i0.wp.com\/www.shqiperia.com\/blog\/wp-content\/uploads\/2022\/11\/yjhghghhg-770x433-1.jpg?fit=770%2C433&ssl=1&resize=350%2C200 1x, https:\/\/i0.wp.com\/www.shqiperia.com\/blog\/wp-content\/uploads\/2022\/11\/yjhghghhg-770x433-1.jpg?fit=770%2C433&ssl=1&resize=525%2C300 1.5x, https:\/\/i0.wp.com\/www.shqiperia.com\/blog\/wp-content\/uploads\/2022\/11\/yjhghghhg-770x433-1.jpg?fit=770%2C433&ssl=1&resize=700%2C400 2x"},"classes":[]},{"id":58911,"url":"https:\/\/www.shqiperia.com\/blog\/tre-milione-numra-telefoni-te-shqiptareve-per-shitje-online-mister-kush-i-nxori\/","url_meta":{"origin":29794,"position":3},"title":"Tre milion\u00eb numra telefoni t\u00eb shqiptar\u00ebve p\u00ebr shitje online\/ Mister kush i nxori","author":"Kurt Farka","date":"June 12, 2022","format":false,"excerpt":"\u00a012 Qershor 2022 ...\" dentifikohet nj\u00eb faqe n\u00eb internet e cila disponon\u00a0 nj\u00eb database me 3 milion numra celular\u00ebsh, s\u00eb bashku me emrat e p\u00ebrdoruesve t\u00eb k\u00ebtyre numrave dhe pozicionin e pun\u00ebs t\u00eb personit q\u00eb i p\u00ebrket numri telefonit\". P\u00ebrdorimi telefonave celular p\u00ebr t\u00eb gjith\u00eb ne \u00ebsht\u00eb kthyer n\u00eb nj\u00eb\u2026","rel":"","context":"In &quot;Blogu i Udh\u00ebtarit&quot;","block_context":{"text":"Blogu i Udh\u00ebtarit","link":"https:\/\/www.shqiperia.com\/blog\/category\/blogu-i-udhetarit\/"},"img":{"alt_text":"","src":"https:\/\/i0.wp.com\/www.shqiperia.com\/blog\/wp-content\/uploads\/2022\/06\/Tre-milione-numra-telefoni-te-shqiptareve-per-shitje-online-Mister-kush-i-nxori.jpg?fit=640%2C355&ssl=1&resize=350%2C200","width":350,"height":200,"srcset":"https:\/\/i0.wp.com\/www.shqiperia.com\/blog\/wp-content\/uploads\/2022\/06\/Tre-milione-numra-telefoni-te-shqiptareve-per-shitje-online-Mister-kush-i-nxori.jpg?fit=640%2C355&ssl=1&resize=350%2C200 1x, https:\/\/i0.wp.com\/www.shqiperia.com\/blog\/wp-content\/uploads\/2022\/06\/Tre-milione-numra-telefoni-te-shqiptareve-per-shitje-online-Mister-kush-i-nxori.jpg?fit=640%2C355&ssl=1&resize=525%2C300 1.5x"},"classes":[]},{"id":90080,"url":"https:\/\/www.shqiperia.com\/blog\/floriri-metali-i-pare-qe-u-perdor-nga-njeriu\/","url_meta":{"origin":29794,"position":4},"title":"Floriri, metali i par\u00eb q\u00eb u p\u00ebrdor nga njeriu","author":"Kurt Farka","date":"March 3, 2025","format":false,"excerpt":"3 Mars 2025 Kur mendojm\u00eb p\u00ebr metale t\u00eb \u00e7muara dhe t\u00eb rralla, i pari q\u00eb vjen n\u00eb mendje \u00ebsht\u00eb floriri. Shk\u00eblqimi dhe vlera e kan\u00eb b\u00ebr\u00eb nd\u00ebr shekuj p\u00ebr njer\u00ebzimin simbol t\u00eb pasuris\u00eb, pushtetit e prestigjit. \u00cbsht\u00eb p\u00ebrdorur nga njer\u00ebzimi q\u00eb n\u00eb koh\u00ebn prehistorike, madje sipas gjurm\u00ebve t\u00eb gjetura \u00ebsht\u00eb\u2026","rel":"","context":"In &quot;Arte&quot;","block_context":{"text":"Arte","link":"https:\/\/www.shqiperia.com\/blog\/category\/arte\/"},"img":{"alt_text":"","src":"https:\/\/i0.wp.com\/www.shqiperia.com\/blog\/wp-content\/uploads\/2025\/03\/floriri-1024x502-1.png?fit=1024%2C502&ssl=1&resize=350%2C200","width":350,"height":200,"srcset":"https:\/\/i0.wp.com\/www.shqiperia.com\/blog\/wp-content\/uploads\/2025\/03\/floriri-1024x502-1.png?fit=1024%2C502&ssl=1&resize=350%2C200 1x, https:\/\/i0.wp.com\/www.shqiperia.com\/blog\/wp-content\/uploads\/2025\/03\/floriri-1024x502-1.png?fit=1024%2C502&ssl=1&resize=525%2C300 1.5x, https:\/\/i0.wp.com\/www.shqiperia.com\/blog\/wp-content\/uploads\/2025\/03\/floriri-1024x502-1.png?fit=1024%2C502&ssl=1&resize=700%2C400 2x"},"classes":[]},{"id":7639,"url":"https:\/\/www.shqiperia.com\/blog\/diamanti-historik-blu-ne-ankand-per-6-7-mln-dollare\/","url_meta":{"origin":29794,"position":5},"title":"Diamanti historik blu n\u00eb ankand p\u00ebr 6.7 mln dollar\u00eb.-","author":"Kurt Farka","date":"May 19, 2018","format":false,"excerpt":"Diamanti historik blu n\u00eb ankand p\u00ebr 6.7 mln dollar\u00eb. -6.7 milion\u00eb dollar u shit sot n\u00eb nj\u00eb ankand t\u00eb Gjenev\u00ebs diamanti historik i cili p\u00ebr 300 vjet kaloi n\u00ebp\u00ebr sht\u00ebpit\u00eb mbret\u00ebore t\u00eb Europ\u00ebs. The Farnese Blue i ishte dh\u00ebn\u00eb si dhurat\u00eb martese Elisabeth Farnese, vajz\u00ebs s\u00eb duk\u00ebs s\u00eb parm\u00ebs, kur\u2026","rel":"","context":"In &quot;Blogu i Udh\u00ebtarit&quot;","block_context":{"text":"Blogu i Udh\u00ebtarit","link":"https:\/\/www.shqiperia.com\/blog\/category\/blogu-i-udhetarit\/"},"img":{"alt_text":"","src":"https:\/\/i0.wp.com\/www.shqiperia.com\/blog\/wp-content\/uploads\/2018\/05\/9760198d1bf4968a258751098150098b_XL.jpg?fit=800%2C603&ssl=1&resize=350%2C200","width":350,"height":200,"srcset":"https:\/\/i0.wp.com\/www.shqiperia.com\/blog\/wp-content\/uploads\/2018\/05\/9760198d1bf4968a258751098150098b_XL.jpg?fit=800%2C603&ssl=1&resize=350%2C200 1x, https:\/\/i0.wp.com\/www.shqiperia.com\/blog\/wp-content\/uploads\/2018\/05\/9760198d1bf4968a258751098150098b_XL.jpg?fit=800%2C603&ssl=1&resize=525%2C300 1.5x, https:\/\/i0.wp.com\/www.shqiperia.com\/blog\/wp-content\/uploads\/2018\/05\/9760198d1bf4968a258751098150098b_XL.jpg?fit=800%2C603&ssl=1&resize=700%2C400 2x"},"classes":[]}],"_links":{"self":[{"href":"https:\/\/www.shqiperia.com\/blog\/wp-json\/wp\/v2\/posts\/29794","targetHints":{"allow":["GET"]}}],"collection":[{"href":"https:\/\/www.shqiperia.com\/blog\/wp-json\/wp\/v2\/posts"}],"about":[{"href":"https:\/\/www.shqiperia.com\/blog\/wp-json\/wp\/v2\/types\/post"}],"author":[{"embeddable":true,"href":"https:\/\/www.shqiperia.com\/blog\/wp-json\/wp\/v2\/users\/9"}],"replies":[{"embeddable":true,"href":"https:\/\/www.shqiperia.com\/blog\/wp-json\/wp\/v2\/comments?post=29794"}],"version-history":[{"count":1,"href":"https:\/\/www.shqiperia.com\/blog\/wp-json\/wp\/v2\/posts\/29794\/revisions"}],"predecessor-version":[{"id":29796,"href":"https:\/\/www.shqiperia.com\/blog\/wp-json\/wp\/v2\/posts\/29794\/revisions\/29796"}],"wp:featuredmedia":[{"embeddable":true,"href":"https:\/\/www.shqiperia.com\/blog\/wp-json\/wp\/v2\/media\/29795"}],"wp:attachment":[{"href":"https:\/\/www.shqiperia.com\/blog\/wp-json\/wp\/v2\/media?parent=29794"}],"wp:term":[{"taxonomy":"category","embeddable":true,"href":"https:\/\/www.shqiperia.com\/blog\/wp-json\/wp\/v2\/categories?post=29794"},{"taxonomy":"post_tag","embeddable":true,"href":"https:\/\/www.shqiperia.com\/blog\/wp-json\/wp\/v2\/tags?post=29794"}],"curies":[{"name":"wp","href":"https:\/\/api.w.org\/{rel}","templated":true}]}}