{"id":29787,"date":"2019-12-27T23:55:38","date_gmt":"2019-12-27T23:55:38","guid":{"rendered":"https:\/\/www.shqiperia.com\/blog\/?p=29787"},"modified":"2019-12-27T23:55:38","modified_gmt":"2019-12-27T23:55:38","slug":"plani-per-shitjen-e-pasaportave-shqiptare-tek-investitoret-e-pasur-parlamenti-holandez-seri-pyetjesh-per-ramen","status":"publish","type":"post","link":"https:\/\/www.shqiperia.com\/blog\/plani-per-shitjen-e-pasaportave-shqiptare-tek-investitoret-e-pasur-parlamenti-holandez-seri-pyetjesh-per-ramen\/","title":{"rendered":"Plani p\u00ebr shitjen e pasaportave shqiptare tek investitor\u00ebt e pasur, parlamenti holandez seri pyetjesh p\u00ebr Ram\u00ebn"},"content":{"rendered":"<p><img data-recalc-dims=\"1\" loading=\"lazy\" decoding=\"async\" data-attachment-id=\"29788\" data-permalink=\"https:\/\/www.shqiperia.com\/blog\/plani-per-shitjen-e-pasaportave-shqiptare-tek-investitoret-e-pasur-parlamenti-holandez-seri-pyetjesh-per-ramen\/dydyd-666x365\/\" data-orig-file=\"https:\/\/i0.wp.com\/www.shqiperia.com\/blog\/wp-content\/uploads\/2019\/12\/DYDYD-666x365-1.jpg?fit=666%2C365&amp;ssl=1\" data-orig-size=\"666,365\" data-comments-opened=\"1\" data-image-meta=\"{&quot;aperture&quot;:&quot;0&quot;,&quot;credit&quot;:&quot;&quot;,&quot;camera&quot;:&quot;&quot;,&quot;caption&quot;:&quot;&quot;,&quot;created_timestamp&quot;:&quot;0&quot;,&quot;copyright&quot;:&quot;&quot;,&quot;focal_length&quot;:&quot;0&quot;,&quot;iso&quot;:&quot;0&quot;,&quot;shutter_speed&quot;:&quot;0&quot;,&quot;title&quot;:&quot;&quot;,&quot;orientation&quot;:&quot;0&quot;}\" data-image-title=\"DYDYD-666&#215;365\" data-image-description=\"\" data-image-caption=\"\" data-medium-file=\"https:\/\/i0.wp.com\/www.shqiperia.com\/blog\/wp-content\/uploads\/2019\/12\/DYDYD-666x365-1.jpg?fit=300%2C164&amp;ssl=1\" data-large-file=\"https:\/\/i0.wp.com\/www.shqiperia.com\/blog\/wp-content\/uploads\/2019\/12\/DYDYD-666x365-1.jpg?fit=666%2C365&amp;ssl=1\" class=\"alignnone  wp-image-29788\" alt=\"\" src=\"https:\/\/i0.wp.com\/www.shqiperia.com\/blog\/wp-content\/uploads\/2019\/12\/DYDYD-666x365-1.jpg?resize=582%2C318&#038;ssl=1\" width=\"582\" height=\"318\" srcset=\"https:\/\/i0.wp.com\/www.shqiperia.com\/blog\/wp-content\/uploads\/2019\/12\/DYDYD-666x365-1.jpg?resize=300%2C164&amp;ssl=1 300w, https:\/\/i0.wp.com\/www.shqiperia.com\/blog\/wp-content\/uploads\/2019\/12\/DYDYD-666x365-1.jpg?resize=450%2C247&amp;ssl=1 450w, https:\/\/i0.wp.com\/www.shqiperia.com\/blog\/wp-content\/uploads\/2019\/12\/DYDYD-666x365-1.jpg?resize=600%2C329&amp;ssl=1 600w, https:\/\/i0.wp.com\/www.shqiperia.com\/blog\/wp-content\/uploads\/2019\/12\/DYDYD-666x365-1.jpg?resize=400%2C219&amp;ssl=1 400w, https:\/\/i0.wp.com\/www.shqiperia.com\/blog\/wp-content\/uploads\/2019\/12\/DYDYD-666x365-1.jpg?w=666&amp;ssl=1 666w\" sizes=\"auto, (max-width: 582px) 100vw, 582px\" \/><\/p>\n<p>Plani p\u00ebr shitjen e pasaportave shqiptare tek investitor\u00ebt e pasur, parlamenti holandez seri pyetjesh p\u00ebr Ram\u00ebn<\/p>\n<p>Politikani holandez Pieter Omtzigt ka parashtruar nj\u00eb seri pyetjesh n\u00eb parlamentin holandez n\u00eb lidhje me planin e kryeministrit Rama p\u00ebr t\u2019i shitur n\u00ebnshtet\u00ebsin\u00eb shqiptare investitor\u00ebve t\u00eb pasur. Nj\u00eb nd\u00ebr pyetjet drejtuar kryeministri holandez ishte n\u00ebse do ta konsideronte p\u00ebrdorimin e \u201cprocedur\u00ebs emergjente t\u00eb pezullimit\u201d t\u00eb l\u00ebvizjes pa viza n\u00eb vendet e Shengenit p\u00ebr shqiptar\u00ebt.<\/p>\n<p>Drejtuar kryeministrit dhe ministrit t\u00eb pun\u00ebve t\u00eb Jashtme, pyetjet ngrit\u00ebn nj\u00eb s\u00ebr\u00eb \u00e7\u00ebshtjesh se si kjo skem\u00eb do t\u2019i mund\u00ebsoj\u00eb njer\u00ebzve t\u00eb pasur q\u00eb nuk jan\u00eb europian\u00eb, t\u00eb udh\u00ebtojn\u00eb lirsh\u00ebm n\u00eb zon\u00ebn e Shengenit.<\/p>\n<p>Zoti Omtzigt i ka k\u00ebrkuar kryeministrit t\u2019i p\u00ebrgjigjet pyetjeve brenda 3 jav\u00ebsh. Pyetjet jan\u00eb hartuar duke u bazuar n\u00eb shkrime t\u00eb Exit News ku shpjegohet qart\u00eb deklarata e Ram\u00ebs p\u00ebr skem\u00ebn e shitjes s\u00eb pasaportave, gjat\u00eb Konfer\u00ebnc\u00ebs bot\u00ebrore p\u00ebr N\u00ebnshtet\u00ebsin\u00eb n\u00eb Lond\u00ebr, organizuar nga kompania Henley dhe Partners, n\u00eb tetor 2019.<\/p>\n<p><strong>Exit News sjell m\u00eb posht\u00eb pyetjet e plota:<\/strong><\/p>\n<ol>\n<li>A i keni lexuar dy artikujt me tituj \u201cRama do t\u00eb shes\u00eb me para n\u00ebnshtet\u00ebsin\u00eb shqiptare, me nj\u00eb skem\u00eb \u201cfantastikisht t\u00eb korruptuar\u201d dhe \u201cMbr\u00ebmje n\u00eb Lond\u00ebr p\u00ebr t\u00eb promovuar \u201cpasaportat e arta\u201d?<\/li>\n<li>A \u00ebsht\u00eb e v\u00ebrtet\u00eb q\u00eb n\u00eb n\u00eb konferenc\u00eb organizuar nga kompania Henley dhe Partners, n\u00eb Lond\u00ebr, kryeministri shqiptar Edi Rama ka deklaruar se Shqip\u00ebria do t\u00eb shes\u00eb pasaposta?<\/li>\n<li>A \u00ebsht\u00eb e v\u00ebrtet\u00eb q\u00eb p\u00ebrve\u00e7 pasaport\u00ebs shqiptare, ata do t\u00eb p\u00ebrfitojn\u00eb dhe p\u00ebrjashtim nga taksat p\u00ebr 10 vjet dhe TVSH vet\u00ebm 6 p\u00ebr qind nga 20 p\u00ebr qind q\u00eb \u00ebsht\u00eb p\u00ebr pjes\u00ebn tjet\u00ebr? \u00c7far\u00eb mendoni p\u00ebr k\u00ebt\u00eb?<\/li>\n<li>A mundet q\u00eb nj\u00eb shtet kandidat p\u00ebr tu b\u00ebr\u00eb pjes\u00eb e BE-s\u00eb t\u2019i premtoj\u00eb njer\u00ebzve q\u00eb blejn\u00eb pasaport\u00ebn p\u00ebrjashtime dhe taksa preferenciale?<\/li>\n<li>Si e vler\u00ebsoni vendimin e Shqip\u00ebris\u00eb p\u00ebr t\u00eb shitur pasaporta duke pasur parasysh faktin se qytetar\u00ebt shqiptar\u00eb mund t\u00eb udh\u00ebtojn\u00eb pa viza n\u00ebp\u00ebr Evrop\u00eb?<\/li>\n<li>A ndikon vendimi i Shqip\u00ebris\u00eb p\u00ebr t\u00eb shitur pasaporta n\u00eb sigurin\u00eb komb\u00ebtare?<\/li>\n<li>A e mbani mend d\u00ebshir\u00ebn e parlamentit holandez p\u00ebr t\u00eb ndaluar udh\u00ebtimin pa viza n\u00ebp\u00ebr Evrop\u00eb p\u00ebr shqiptar\u00ebt sipas me mocionin t\u00eb deputetit Van Toorenburg p\u00ebr pezullimin e liberalizimit t\u00eb vizave p\u00ebr Shqip\u00ebrin\u00eb p\u00ebrmes v\u00ebnies n\u00eb pun\u00eb t\u00eb mekanizmit t\u00eb pezullimit emergjent?<\/li>\n<li>A \u00ebsht\u00eb e v\u00ebrtet\u00eb q\u00eb Komisioni Evropian ka vler\u00ebsuar se nuk jan\u00eb p\u00ebrmbushur kriteret zyrtare t\u00eb Rregullores 2018\/1806? N\u00ebse po, si \u00ebsht\u00eb e angazhuar tani Hollanda p\u00ebr t\u00eb pezulluar udh\u00ebtimin pa viza p\u00ebr shqiptar\u00ebt?<\/li>\n<li>A jeni i gatsh\u00ebm t\u00eb nxisni Bashkimin Evropian q\u00eb t\u00eb p\u00ebrdor\u00eb mekanizmin e pezullimit emergjent t\u00eb vizave?<\/li>\n<li>A jeni i gatsh\u00ebm t\u00eb konsultoheni me Komisionin Evropian p\u00ebr faktin se Kryeministrat e dy vendeve kandidate (Shqip\u00ebria dhe Mali i Zi) kan\u00eb treguar q\u00eb do t\u00eb shesin pasaporta pasi kjo ka pasoja p\u00ebr integritetin e Bashkimit Evropian? N\u00ebse po, kur do ta b\u00ebni k\u00ebt\u00eb dhe a mund ta informoni parlamentin p\u00ebr k\u00ebt\u00eb n\u00eb janar?<\/li>\n<\/ol>\n<p>Komisionerja e Drejt\u00ebsis\u00eb e BE-s\u00eb,<a href=\"https:\/\/exit.al\/2019\/12\/eurokomisionerja-per-drejtesine-nese-doni-te-hyni-ne-be-braktisni-projektin-e-shitjes-se-pasaportaveitja-e-pasaportave-nese-deshiron-te-anetaresohet-ne-be\/\">\u00a0Vera Jourova<\/a>\u00a0dhe<a href=\"https:\/\/exit.al\/2019\/12\/delegacioni-i-be-se-kunder-skemes-se-rames-per-shitjen-e-pasaportave\/\">\u00a0Delegacioni i BE<\/a>\u00a0n\u00eb Tiran\u00eb, n\u00eb nj\u00eb intervist\u00eb p\u00ebr \u00a0Exit News deklaruan se nuk do ta k\u00ebshillojn\u00eb Ram\u00ebn q\u00eb ta p\u00ebrdor\u00eb k\u00ebt\u00eb skem\u00eb, pasi kjo mund t\u00eb procesin e integrimit t\u00eb Shqip\u00ebris\u00eb n\u00eb BE. N\u00eb nj\u00eb video t\u00eb fjalimit t\u00eb Ram\u00ebs n\u00eb k\u00ebt\u00eb aktivitet, par\u00eb nga Exit News, ai shprehet se e di q\u00eb BE nuk \u00ebsht\u00eb dakord me k\u00ebt\u00eb skem\u00eb, por se ai do ta aplikoj\u00eb at\u00eb sidoqoft\u00eb. \/EXIT NEWS<\/p>\n<p>Nga. 27. Al.<\/p>\n","protected":false},"excerpt":{"rendered":"<p>Plani p\u00ebr shitjen e pasaportave shqiptare tek investitor\u00ebt e pasur, parlamenti holandez seri pyetjesh p\u00ebr Ram\u00ebn Politikani holandez Pieter Omtzigt ka parashtruar nj\u00eb seri pyetjesh n\u00eb parlamentin holandez n\u00eb lidhje me planin e kryeministrit Rama p\u00ebr t\u2019i shitur n\u00ebnshtet\u00ebsin\u00eb shqiptare investitor\u00ebve t\u00eb pasur. Nj\u00eb nd\u00ebr pyetjet drejtuar kryeministri holandez ishte n\u00ebse do ta konsideronte p\u00ebrdorimin [&hellip;]<\/p>\n","protected":false},"author":9,"featured_media":29788,"comment_status":"open","ping_status":"open","sticky":false,"template":"","format":"standard","meta":{"jetpack_post_was_ever_published":false,"_jetpack_newsletter_access":"","_jetpack_dont_email_post_to_subs":false,"_jetpack_newsletter_tier_id":0,"_jetpack_memberships_contains_paywalled_content":false,"_jetpack_memberships_contains_paid_content":false,"footnotes":"","jetpack_publicize_message":"","jetpack_publicize_feature_enabled":true,"jetpack_social_post_already_shared":true,"jetpack_social_options":{"image_generator_settings":{"template":"highway","default_image_id":0,"font":"","enabled":false},"version":2}},"categories":[27,2],"tags":[],"class_list":["post-29787","post","type-post","status-publish","format-standard","has-post-thumbnail","hentry","category-blogu-i-udhetarit","category-politika"],"jetpack_publicize_connections":[],"jetpack_featured_media_url":"https:\/\/i0.wp.com\/www.shqiperia.com\/blog\/wp-content\/uploads\/2019\/12\/DYDYD-666x365-1.jpg?fit=666%2C365&ssl=1","jetpack_sharing_enabled":true,"jetpack_shortlink":"https:\/\/wp.me\/p5Z6wp-7Kr","jetpack-related-posts":[{"id":46332,"url":"https:\/\/www.shqiperia.com\/blog\/mbani-premtimin-tuaj-ish-ambasadori-holandez-leter-kryeministrit-rama-ja-cfare-i-kerkon\/","url_meta":{"origin":29787,"position":0},"title":"\u201cMbani premtimin tuaj\u201d, ish-ambasadori holandez let\u00ebr kryeministrit Rama, ja \u00e7far\u00eb i k\u00ebrkon","author":"Kurt Farka","date":"April 13, 2021","format":false,"excerpt":"\u201cMbani premtimin tuaj\u201d, ish-ambasadori holandez let\u00ebr kryeministrit Rama, ja \u00e7far\u00eb i k\u00ebrkon 12 PRILL 2021 Ish-ambasadori holandez n\u00eb Tiran\u00eb, Hans Teunissen, n\u00eb nj\u00eb let\u00ebr d\u00ebrguar kryeministrit Edi Rama, ka shprehur shqet\u00ebsimin e shum\u00eb organizatave jo-qeveritare n\u00eb Europ\u00eb p\u00ebr sa i p\u00ebrket Vjos\u00ebs dhe i b\u00ebn apel qeveris\u00eb shqiptare p\u00ebr kthimin\u2026","rel":"","context":"In &quot;Blogu i Udh\u00ebtarit&quot;","block_context":{"text":"Blogu i Udh\u00ebtarit","link":"https:\/\/www.shqiperia.com\/blog\/category\/blogu-i-udhetarit\/"},"img":{"alt_text":"","src":"https:\/\/i0.wp.com\/www.shqiperia.com\/blog\/wp-content\/uploads\/2021\/04\/640-0-60747c3c36c8d.jpg?fit=498%2C240&ssl=1&resize=350%2C200","width":350,"height":200},"classes":[]},{"id":58824,"url":"https:\/\/www.shqiperia.com\/blog\/qeveria-holandeze-kerkon-shqiperine-ne-be-por-qytetaret-dhe-parlamenti-i-dalin-kunder-kthese-e-papritur\/","url_meta":{"origin":29787,"position":1},"title":"Qeveria holandeze k\u00ebrkon Shqip\u00ebrin\u00eb n\u00eb BE, por qytetar\u00ebt dhe Parlamenti i dalin kund\u00ebr. &#8211; Kthese e Papritur&#8221;.","author":"Kurt Farka","date":"June 9, 2022","format":false,"excerpt":"\u00a0- 09.06.22 Qeveria e kryeministrit holandez Rutte \u00ebsht\u00eb duke ushtruar presion mbi parlamentin e vendit t\u00eb saj p\u00ebr t\u00eb mb\u00ebshtetur hapjen e negociatave me Shqip\u00ebrin\u00eb. Megjithat\u00eb, sipas\u00a0mediave holandeze\u00a0shumica e qytetar\u00ebve dhe nj\u00eb pjes\u00eb e Dhom\u00ebs s\u00eb P\u00ebrfaq\u00ebsuesve t\u00eb Parlamentit holandez nuk jan\u00eb dakord p\u00ebr t\u00eb zgjeruar familjen evropiane. Ata jan\u00eb\u2026","rel":"","context":"In &quot;Blogu i Udh\u00ebtarit&quot;","block_context":{"text":"Blogu i Udh\u00ebtarit","link":"https:\/\/www.shqiperia.com\/blog\/category\/blogu-i-udhetarit\/"},"img":{"alt_text":"","src":"https:\/\/i0.wp.com\/www.shqiperia.com\/blog\/wp-content\/uploads\/2022\/06\/Mark-Rutte-rama-770x433-1.jpg?fit=770%2C417&ssl=1&resize=350%2C200","width":350,"height":200,"srcset":"https:\/\/i0.wp.com\/www.shqiperia.com\/blog\/wp-content\/uploads\/2022\/06\/Mark-Rutte-rama-770x433-1.jpg?fit=770%2C417&ssl=1&resize=350%2C200 1x, https:\/\/i0.wp.com\/www.shqiperia.com\/blog\/wp-content\/uploads\/2022\/06\/Mark-Rutte-rama-770x433-1.jpg?fit=770%2C417&ssl=1&resize=525%2C300 1.5x, https:\/\/i0.wp.com\/www.shqiperia.com\/blog\/wp-content\/uploads\/2022\/06\/Mark-Rutte-rama-770x433-1.jpg?fit=770%2C417&ssl=1&resize=700%2C400 2x"},"classes":[]},{"id":16265,"url":"https:\/\/www.shqiperia.com\/blog\/tender-pa-gare-kompanive-turke-deputeti-holandez-8-pyetje-ministrit-blok-per-shqiperine\/","url_meta":{"origin":29787,"position":2},"title":"Tender pa gar\u00eb kompanive turke, deputeti holandez 8 pyetje ministrit Blok p\u00ebr Shqip\u00ebrin\u00eb. &#8211;","author":"Kurt Farka","date":"January 18, 2019","format":false,"excerpt":"Tender pa gar\u00eb kompanive turke, deputeti holandez 8 pyetje ministrit Blok p\u00ebr Shqip\u00ebrin\u00eb. - 16 janar 2019. \u00a0 Deputeti hollandez Pieter Omtzigt vizitoi Shqip\u00ebrin\u00eb bashk\u00eb me nj\u00eb 8 koleg\u00eb t\u00eb tij nga Dhoma e Ul\u00ebt n\u00eb datat 6-7 maj 2018, afro 7 jav\u00eb para vendimit p\u00ebr hapjen ose jo t\u00eb\u2026","rel":"","context":"In &quot;Blogu i Udh\u00ebtarit&quot;","block_context":{"text":"Blogu i Udh\u00ebtarit","link":"https:\/\/www.shqiperia.com\/blog\/category\/blogu-i-udhetarit\/"},"img":{"alt_text":"","src":"https:\/\/i0.wp.com\/www.shqiperia.com\/blog\/wp-content\/uploads\/2019\/01\/download-11.jpg?fit=694%2C426&ssl=1&resize=350%2C200","width":350,"height":200,"srcset":"https:\/\/i0.wp.com\/www.shqiperia.com\/blog\/wp-content\/uploads\/2019\/01\/download-11.jpg?fit=694%2C426&ssl=1&resize=350%2C200 1x, https:\/\/i0.wp.com\/www.shqiperia.com\/blog\/wp-content\/uploads\/2019\/01\/download-11.jpg?fit=694%2C426&ssl=1&resize=525%2C300 1.5x"},"classes":[]},{"id":7262,"url":"https:\/\/www.shqiperia.com\/blog\/holandezet-projekt-per-te-shnderruar-nivicen-ne-nje-fshat-turistik\/","url_meta":{"origin":29787,"position":3},"title":"Holandez\u00ebt, projekt p\u00ebr t\u00eb shnd\u00ebrruar Nivic\u00ebn n\u00eb nj\u00eb fshat turistik. &#8211;","author":"Kurt Farka","date":"May 9, 2018","format":false,"excerpt":"Holandez\u00ebt, projekt p\u00ebr t\u00eb shnd\u00ebrruar Nivic\u00ebn n\u00eb nj\u00eb fshat turistik Nj\u00eb ekip holandez i p\u00ebrb\u00ebr\u00eb nga arkitekt\u00eb t\u00eb peizazheve, urbanist\u00eb, muzeolog\u00eb dhe botanist\u00eb nga universitete t\u00eb Amsterdamit dhe Groningenit jan\u00eb duke hartuar nj\u00eb plan urbanistik t\u00eb fshatit Nivic\u00eb n\u00eb Kurvelesh, p\u00ebr ta shnd\u00ebrruar at\u00eb n\u00eb nj\u00eb prej fshatrave t\u00eb par\u00eb\u2026","rel":"","context":"In &quot;Blogu i Udh\u00ebtarit&quot;","block_context":{"text":"Blogu i Udh\u00ebtarit","link":"https:\/\/www.shqiperia.com\/blog\/category\/blogu-i-udhetarit\/"},"img":{"alt_text":"","src":"https:\/\/i0.wp.com\/www.shqiperia.com\/blog\/wp-content\/uploads\/2018\/05\/Nivica-Projekti-turistik-hollandez-3.jpg?fit=905%2C395&ssl=1&resize=350%2C200","width":350,"height":200,"srcset":"https:\/\/i0.wp.com\/www.shqiperia.com\/blog\/wp-content\/uploads\/2018\/05\/Nivica-Projekti-turistik-hollandez-3.jpg?fit=905%2C395&ssl=1&resize=350%2C200 1x, https:\/\/i0.wp.com\/www.shqiperia.com\/blog\/wp-content\/uploads\/2018\/05\/Nivica-Projekti-turistik-hollandez-3.jpg?fit=905%2C395&ssl=1&resize=525%2C300 1.5x, https:\/\/i0.wp.com\/www.shqiperia.com\/blog\/wp-content\/uploads\/2018\/05\/Nivica-Projekti-turistik-hollandez-3.jpg?fit=905%2C395&ssl=1&resize=700%2C400 2x"},"classes":[]},{"id":19732,"url":"https:\/\/www.shqiperia.com\/blog\/parlamenti-holandez-voton-per-heqjen-e-levisjes-shengen-me-shqiperine-por-fjalen-e-fundit-e-thote\/","url_meta":{"origin":29787,"position":4},"title":"Parlamenti Holandez voton p\u00ebr heqjen e Levisjes Shengen me Shqip\u00ebrin\u00eb, por fjal\u00ebn e fundit e thot\u00eb\u2026","author":"Kurt Farka","date":"April 16, 2019","format":false,"excerpt":"Parlamenti Holandez voton p\u00ebr heqjen e Levisjes Shengen me Shqip\u00ebrin\u00eb, por fjal\u00ebn e fundit e thot\u00eb\u2026 16 prill 2019 Holanda ka votuar p\u00ebr rikthimin e vizave p\u00ebr Shqip\u00ebrin\u00eb. Pes\u00eb partit\u00eb politike n\u00eb Holand\u00eb, VVD, CDA, PVV, SP, CU kan\u00eb b\u00ebr\u00eb bashk\u00eb 92 deputet\u00eb, nga 150 duke votuar me shumic\u00eb votash\u2026","rel":"","context":"In &quot;Njoftime Shtypi&quot;","block_context":{"text":"Njoftime Shtypi","link":"https:\/\/www.shqiperia.com\/blog\/category\/njoftime-shtypi\/"},"img":{"alt_text":"","src":"https:\/\/i0.wp.com\/www.shqiperia.com\/blog\/wp-content\/uploads\/2019\/04\/teei-587x352.jpg?fit=587%2C308&ssl=1&resize=350%2C200","width":350,"height":200,"srcset":"https:\/\/i0.wp.com\/www.shqiperia.com\/blog\/wp-content\/uploads\/2019\/04\/teei-587x352.jpg?fit=587%2C308&ssl=1&resize=350%2C200 1x, https:\/\/i0.wp.com\/www.shqiperia.com\/blog\/wp-content\/uploads\/2019\/04\/teei-587x352.jpg?fit=587%2C308&ssl=1&resize=525%2C300 1.5x"},"classes":[]},{"id":61165,"url":"https:\/\/www.shqiperia.com\/blog\/the-guardian-zbulon-projektin-holandez-nje-qiellgervishtes-ne-qender-te-tiranes-ne-formen-e-profilit-te-skenderbeut\/","url_meta":{"origin":29787,"position":5},"title":"\u201cThe Guardian\u201d zbulon projektin holandez: &#8211;  Nj\u00eb qiellg\u00ebrvisht\u00ebs n\u00eb qend\u00ebr t\u00eb Tiran\u00ebs n\u00eb form\u00ebn e profilit t\u00eb Sk\u00ebnderbeut!","author":"Kurt Farka","date":"August 15, 2022","format":false,"excerpt":"- 15.08.22 \"... Banor\u00ebt e pasur t\u00eb ardhsh\u00ebm do t\u00eb jen\u00eb n\u00eb gjendje t\u00eb shikojn\u00eb nga syt\u00eb e luft\u00ebtarit, t\u00eb rrin\u00eb n\u00eb vesh\u00ebt e tij ose t\u00eb darkojn\u00eb n\u00eb fresk n\u00eb fund t\u00eb hund\u00ebs s\u00eb tij \u2013 nga e cila gjelb\u00ebrimi do t\u00eb varet n\u00eb nj\u00eb pik\u00ebllim fatkeq t\u00eb ngjash\u00ebm\u2026","rel":"","context":"In &quot;Arte&quot;","block_context":{"text":"Arte","link":"https:\/\/www.shqiperia.com\/blog\/category\/arte\/"},"img":{"alt_text":"","src":"https:\/\/i0.wp.com\/www.shqiperia.com\/blog\/wp-content\/uploads\/2022\/08\/Banoret-e-pasur-te-ardhshem-do-te-jene-ne-gjendje-te-shikojne-nga-syte-e-luftetarit-te-rrine-ne-veshet-e-tij-ose-te-darkojne-ne-afresk-ne-fund-te-hundes-se-tij-%E2%80%93-nga-e-cila-gjelberimi-do.jpg?fit=770%2C433&ssl=1&resize=350%2C200","width":350,"height":200,"srcset":"https:\/\/i0.wp.com\/www.shqiperia.com\/blog\/wp-content\/uploads\/2022\/08\/Banoret-e-pasur-te-ardhshem-do-te-jene-ne-gjendje-te-shikojne-nga-syte-e-luftetarit-te-rrine-ne-veshet-e-tij-ose-te-darkojne-ne-afresk-ne-fund-te-hundes-se-tij-%E2%80%93-nga-e-cila-gjelberimi-do.jpg?fit=770%2C433&ssl=1&resize=350%2C200 1x, https:\/\/i0.wp.com\/www.shqiperia.com\/blog\/wp-content\/uploads\/2022\/08\/Banoret-e-pasur-te-ardhshem-do-te-jene-ne-gjendje-te-shikojne-nga-syte-e-luftetarit-te-rrine-ne-veshet-e-tij-ose-te-darkojne-ne-afresk-ne-fund-te-hundes-se-tij-%E2%80%93-nga-e-cila-gjelberimi-do.jpg?fit=770%2C433&ssl=1&resize=525%2C300 1.5x, https:\/\/i0.wp.com\/www.shqiperia.com\/blog\/wp-content\/uploads\/2022\/08\/Banoret-e-pasur-te-ardhshem-do-te-jene-ne-gjendje-te-shikojne-nga-syte-e-luftetarit-te-rrine-ne-veshet-e-tij-ose-te-darkojne-ne-afresk-ne-fund-te-hundes-se-tij-%E2%80%93-nga-e-cila-gjelberimi-do.jpg?fit=770%2C433&ssl=1&resize=700%2C400 2x"},"classes":[]}],"_links":{"self":[{"href":"https:\/\/www.shqiperia.com\/blog\/wp-json\/wp\/v2\/posts\/29787","targetHints":{"allow":["GET"]}}],"collection":[{"href":"https:\/\/www.shqiperia.com\/blog\/wp-json\/wp\/v2\/posts"}],"about":[{"href":"https:\/\/www.shqiperia.com\/blog\/wp-json\/wp\/v2\/types\/post"}],"author":[{"embeddable":true,"href":"https:\/\/www.shqiperia.com\/blog\/wp-json\/wp\/v2\/users\/9"}],"replies":[{"embeddable":true,"href":"https:\/\/www.shqiperia.com\/blog\/wp-json\/wp\/v2\/comments?post=29787"}],"version-history":[{"count":1,"href":"https:\/\/www.shqiperia.com\/blog\/wp-json\/wp\/v2\/posts\/29787\/revisions"}],"predecessor-version":[{"id":29789,"href":"https:\/\/www.shqiperia.com\/blog\/wp-json\/wp\/v2\/posts\/29787\/revisions\/29789"}],"wp:featuredmedia":[{"embeddable":true,"href":"https:\/\/www.shqiperia.com\/blog\/wp-json\/wp\/v2\/media\/29788"}],"wp:attachment":[{"href":"https:\/\/www.shqiperia.com\/blog\/wp-json\/wp\/v2\/media?parent=29787"}],"wp:term":[{"taxonomy":"category","embeddable":true,"href":"https:\/\/www.shqiperia.com\/blog\/wp-json\/wp\/v2\/categories?post=29787"},{"taxonomy":"post_tag","embeddable":true,"href":"https:\/\/www.shqiperia.com\/blog\/wp-json\/wp\/v2\/tags?post=29787"}],"curies":[{"name":"wp","href":"https:\/\/api.w.org\/{rel}","templated":true}]}}