{"id":29778,"date":"2019-12-27T20:36:54","date_gmt":"2019-12-27T20:36:54","guid":{"rendered":"https:\/\/www.shqiperia.com\/blog\/?p=29778"},"modified":"2019-12-27T21:28:55","modified_gmt":"2019-12-27T21:28:55","slug":"veton-surroi-shqiperia-po-shkrin-me-serbine-por-ngre-barriera-me-kosoven","status":"publish","type":"post","link":"https:\/\/www.shqiperia.com\/blog\/veton-surroi-shqiperia-po-shkrin-me-serbine-por-ngre-barriera-me-kosoven\/","title":{"rendered":"Veton Surroi: Shqip\u00ebria po shkrin me Serbin\u00eb, por ngre barriera me Kosov\u00ebn. &#8211;"},"content":{"rendered":"<p><img data-recalc-dims=\"1\" loading=\"lazy\" decoding=\"async\" data-attachment-id=\"29779\" data-permalink=\"https:\/\/www.shqiperia.com\/blog\/veton-surroi-shqiperia-po-shkrin-me-serbine-por-ngre-barriera-me-kosoven\/veton-surroi-2\/\" data-orig-file=\"https:\/\/i0.wp.com\/www.shqiperia.com\/blog\/wp-content\/uploads\/2019\/12\/Veton-Surroi.jpg?fit=750%2C375&amp;ssl=1\" data-orig-size=\"750,375\" data-comments-opened=\"1\" data-image-meta=\"{&quot;aperture&quot;:&quot;5.6&quot;,&quot;credit&quot;:&quot;Picasa&quot;,&quot;camera&quot;:&quot;NIKON D90&quot;,&quot;caption&quot;:&quot;&quot;,&quot;created_timestamp&quot;:&quot;1271111541&quot;,&quot;copyright&quot;:&quot;&quot;,&quot;focal_length&quot;:&quot;105&quot;,&quot;iso&quot;:&quot;1250&quot;,&quot;shutter_speed&quot;:&quot;0.016666666666667&quot;,&quot;title&quot;:&quot;&quot;,&quot;orientation&quot;:&quot;0&quot;}\" data-image-title=\"Veton Surroi\" data-image-description=\"\" data-image-caption=\"\" data-medium-file=\"https:\/\/i0.wp.com\/www.shqiperia.com\/blog\/wp-content\/uploads\/2019\/12\/Veton-Surroi.jpg?fit=300%2C150&amp;ssl=1\" data-large-file=\"https:\/\/i0.wp.com\/www.shqiperia.com\/blog\/wp-content\/uploads\/2019\/12\/Veton-Surroi.jpg?fit=750%2C375&amp;ssl=1\" class=\"alignnone wp-image-29779\" alt=\"\" src=\"https:\/\/i0.wp.com\/www.shqiperia.com\/blog\/wp-content\/uploads\/2019\/12\/Veton-Surroi.jpg?resize=646%2C323&#038;ssl=1\" width=\"646\" height=\"323\" srcset=\"https:\/\/i0.wp.com\/www.shqiperia.com\/blog\/wp-content\/uploads\/2019\/12\/Veton-Surroi.jpg?resize=300%2C150&amp;ssl=1 300w, https:\/\/i0.wp.com\/www.shqiperia.com\/blog\/wp-content\/uploads\/2019\/12\/Veton-Surroi.jpg?resize=450%2C225&amp;ssl=1 450w, https:\/\/i0.wp.com\/www.shqiperia.com\/blog\/wp-content\/uploads\/2019\/12\/Veton-Surroi.jpg?resize=600%2C300&amp;ssl=1 600w, https:\/\/i0.wp.com\/www.shqiperia.com\/blog\/wp-content\/uploads\/2019\/12\/Veton-Surroi.jpg?resize=400%2C200&amp;ssl=1 400w, https:\/\/i0.wp.com\/www.shqiperia.com\/blog\/wp-content\/uploads\/2019\/12\/Veton-Surroi.jpg?w=750&amp;ssl=1 750w\" sizes=\"auto, (max-width: 646px) 100vw, 646px\" \/><\/p>\n<p>Veton Surroi: Shqip\u00ebria po shkrin me Serbin\u00eb, por ngre barriera me Kosov\u00ebn<\/p>\n<p><a href=\"https:\/\/kohajone.com\/veton-surroi-shqiperia-po-shkrin-me-serbine-por-ngre-barriera-me-kosoven\/\">27\/12\/2019 <\/a><\/p>\n<p><strong>Nga Veton Surroi\/<\/strong><\/p>\n<p>Kosova, ajo q\u00eb \u00ebsht\u00eb identifikuar me vot\u00ebn e 6 tetorit, nuk ka mundur t\u00eb marr\u00eb pjes\u00eb n\u00eb iniciativ\u00ebn mini-Shengen. Dhe rrjedhimisht, \u00e7far\u00ebdo p\u00ebrshkrimi p\u00ebr Kosov\u00ebn si vend q\u00eb ka zgjedhur rrug\u00eb qorre \u00ebsht\u00eb i pashije<\/p>\n<p><strong>1.<\/strong><\/p>\n<p>Nd\u00ebrsa po synohet t\u00eb rr\u00ebnohen barrierat mes Shqip\u00ebris\u00eb dhe kat\u00ebr vendeve t\u00eb Ballkanit Per\u00ebndimor, po ngrihen barrierat mes Shqip\u00ebris\u00eb dhe Kosov\u00ebs.<\/p>\n<p>K\u00ebshtu duket rezultati i deritanish\u00ebm i iniciativ\u00ebs mini-Shengen. S\u00eb fundmi, n\u00eb Tiran\u00eb jav\u00ebn e kaluar u n\u00ebnshkruan marr\u00ebveshje mes krer\u00ebve t\u00eb Shqip\u00ebris\u00eb, Serbis\u00eb, Maqedonis\u00eb Veriore, Malit t\u00eb Zi (n\u00eb nivel krer\u00ebsh shtetesh a qeverish) dhe Bosnj\u00eb-Hercegovin\u00ebs me synim heqje barrierash n\u00eb qarkullim mallrash e njer\u00ebzish m\u00eb 2020-n.<\/p>\n<p>N\u00eb po t\u00eb nj\u00ebjt\u00ebn koh\u00eb, kryeministri i Shqip\u00ebris\u00eb e quajti at\u00eb t\u00eb Kosov\u00ebs g\u00ebnjeshtar, nd\u00ebrsa elit\u00ebn politike t\u00eb saj t\u00eb pap\u00ebrgjegjshme e me p\u00ebrcaktim q\u00eb ta \u00e7oj\u00eb m\u00eb tutje vendin n\u00eb nj\u00eb rrug\u00eb qorre. Debati q\u00eb po zhvillohet k\u00ebto dit\u00eb n\u00eb media dhe rrjete sociale, n\u00eb relacionin Kosov\u00eb- Shqip\u00ebri, tejkalon politik\u00ebn dhe ka mb\u00ebrritur t\u00eb p\u00ebrfshij\u00eb madje edhe nj\u00eb artist t\u00eb famsh\u00ebm kosovar, tenor i shquar n\u00eb disa prej sht\u00ebpive t\u00eb oper\u00ebs n\u00eb bot\u00eb. Ai e quajti publikisht kryeministrin \u201cpsikopat\u201d dhe mesazhi i tij u rip\u00ebrs\u00ebrit n\u00eb media sociale n\u00eb nivele rekorde.<\/p>\n<p>Po t\u00eb b\u00ebhej fjal\u00eb p\u00ebr dy shtete t\u00eb tjera, mund ta imagjinoj situat\u00ebn ku SHBA-ja dhe Bashkimi Evropian nisin t\u00eb d\u00ebrguar t\u00eb ve\u00e7ant\u00eb p\u00ebr t\u00eb afruar q\u00ebndrimet mes Shqip\u00ebris\u00eb dhe Kosov\u00ebs. N\u00eb terminologjin\u00eb e tenorit, kjo do t\u00eb ishte pjes\u00eb e kontekstit t\u00eb oper\u00ebs.<\/p>\n<p>Por, b\u00ebhet fjal\u00eb p\u00ebr mu k\u00ebto dy shtete, pra Shqip\u00ebrin\u00eb dhe Kosov\u00ebn, dhe n\u00eb terminologjin\u00eb e tenorit, k\u00ebtu kemi t\u00eb b\u00ebjm\u00eb me nj\u00eb operet\u00eb. \u00cbsht\u00eb kategori m\u00eb e leht\u00eb se opera ky k\u00ebmbim verbal Kosov\u00eb-Shqip\u00ebri dhe ka nj\u00eb n\u00ebn-kontekst komik; ting\u00ebllojn\u00eb si batutat e m\u00ebhall\u00ebs q\u00eb duhet t\u00eb ofendojn\u00eb, por edhe t\u00eb harrohen pas disa dit\u00ebsh.<\/p>\n<p><strong>2.<\/strong><\/p>\n<p>Ekzistimi i operet\u00ebs paraqet problem m\u00eb vete dhe ka t\u00eb b\u00ebj\u00eb me n\u00ebnkuptueshm\u00ebri, k\u00ebsaj here etnike.<\/p>\n<p>\u00ebsht\u00eb e n\u00ebnkuptueshme q\u00eb kryeministri i Shqip\u00ebris\u00eb t\u00eb ket\u00eb t\u00eb drejt\u00eb t\u00eb vler\u00ebsoj\u00eb se \u00e7ka \u00ebsht\u00eb apo jo n\u00eb interes t\u00eb Kosov\u00ebs dhe \u00ebsht\u00eb e n\u00ebnkuptueshme ta quaj\u00eb kryeministrin e Kosov\u00ebs g\u00ebnjeshtar, ndon\u00ebse nj\u00eb formulim i k\u00ebtill\u00eb nuk do t\u00eb shqiptohej nga ai p\u00ebr nj\u00eb prij\u00ebs t\u00eb Serbis\u00eb a ndonj\u00eb vendi tjet\u00ebr-ani pse s\u2019do mend q\u00eb prij\u00ebsi i Serbis\u00eb a ndonj\u00eb vendi tjet\u00ebr do t\u00eb ket\u00eb shqiptuar ndonj\u00ebher\u00eb apo shum\u00eb her\u00eb t\u00eb pav\u00ebrteta.<\/p>\n<p>Dhe, \u00ebsht\u00eb e n\u00ebnkuptueshme q\u00eb ve\u00e7 e ve\u00e7 apo n\u00eb kor nga Kosova t\u00eb vler\u00ebsohet se cili veprim i Edi Ram\u00ebs \u00ebsht\u00eb apo jo \u201ckomb\u00ebtar\u201d. Dhe b\u00ebhet e n\u00ebnkuptueshme q\u00eb t\u00eb kemi t\u00eb drejt\u00eb ta quajm\u00eb \u201cpsikopat\u201d kur ai takohet me Vu\u00e7iqin, por ky p\u00ebrshkrim i aft\u00ebsive mendore e shpirt\u00ebrore nuk i jepet cilitdo prej lider\u00ebve kosovar\u00eb q\u00eb jo vet\u00ebm \u00ebsht\u00eb takuar me t\u00eb, por ka n\u00ebnshkruar marr\u00ebveshje p\u00ebr \u201cbosnj\u00ebzim\u201d t\u00eb Kosov\u00ebs apo ka vizatuar harta p\u00ebr cop\u00ebtimin territorial t\u00eb saj.<\/p>\n<p>N\u00ebnkuptueshm\u00ebria etnike p\u00ebrcakton, si\u00e7 po shihet gabimisht, se Edi Rama ka kompetenca e p\u00ebrgjegj\u00ebsi edhe p\u00ebr Kosov\u00ebn. Nuk duhet t\u00eb jet\u00eb e n\u00ebnkuptueshme q\u00eb ai t\u00eb vler\u00ebsoj\u00eb se \u00e7ka \u00ebsht\u00eb n\u00eb interes t\u00eb Kosov\u00ebs apo jo; k\u00ebt\u00eb duhet ta vler\u00ebsojn\u00eb t\u00eb zgjedhurit politik\u00eb t\u00eb Kosov\u00ebs. Dhe nuk duhet t\u00eb jet\u00eb e n\u00ebnkuptueshme q\u00eb kur kryeministri i Shqip\u00ebris\u00eb mbron nj\u00eb interes t\u00eb shtetit t\u00eb tij- e \u201ckat\u00ebr lirit\u00eb evropiane\u201d n\u00eb Ballkan jan\u00eb n\u00eb interes t\u00eb Shqip\u00ebris\u00eb \u2013 t\u00eb detyrohet t\u2019i jap\u00eb shpjegime dhe p\u00ebrgjegj\u00ebsi opinionit kosovar. K\u00ebt\u00eb obligim e kan\u00eb t\u00eb zgjedhurit kosovar\u00eb.<\/p>\n<p><strong>3.<\/strong><\/p>\n<p>T\u00eb zgjedhurit kosovar\u00eb nuk kan\u00eb mundur t\u00eb japin shpjegime m\u00eb t\u00eb holl\u00ebsishme e t\u00eb strukturuara p\u00ebr nj\u00eb arsye t\u00eb thjesht\u00eb: Kosova po kalon n\u00eb nj\u00eb gjendje q\u00eb mund t\u00eb jet\u00eb p\u00ebrtej rotacionit t\u00eb r\u00ebndomt\u00eb politik. E t\u00ebr\u00eb gjysma e dyt\u00eb e k\u00ebtij viti ka kaluar duke u b\u00ebr\u00eb gati p\u00ebr nj\u00eb Qeveri dhe, m\u00eb me r\u00ebnd\u00ebsi, p\u00ebr mund\u00ebsin\u00eb e nj\u00eb qeverisjeje t\u00eb re.<\/p>\n<p>Iniciativa mini-Shengen, e cila ndodhi si nj\u00eb p\u00ebrpjekje p\u00ebr t\u00eb tejkaluar ngatht\u00ebsit\u00eb e deritanishme evropiane p\u00ebr integrim t\u00eb Ballkanit Per\u00ebndimor (p\u00ebrfshir\u00eb edhe \u201cdialogun\u201d e Brukselit) e zuri Kosov\u00ebn n\u00eb k\u00ebt\u00eb lloj transicioni, i cili ende \u00ebsht\u00eb duke u zhvilluar. Pra, nd\u00ebrsa shtetet e Ballkanit Per\u00ebndimor jan\u00eb nisur n\u00eb nj\u00eb proces q\u00eb shkon p\u00ebrtej atij t\u00eb Berlinit, Kosova ende merret me p\u00ebrpjekjen p\u00ebr Qeveri dhe qeverisje t\u00eb re.<\/p>\n<p>Rrjedhimisht, Kosova, ajo q\u00eb \u00ebsht\u00eb identifikuar me vot\u00ebn e 6 tetorit, nuk ka mundur t\u00eb marr\u00eb pjes\u00eb n\u00eb iniciativ\u00ebn mini-Shengen. Dhe rrjedhimisht, \u00e7far\u00ebdo p\u00ebrshkrimi p\u00ebr Kosov\u00ebn si vend q\u00eb ka zgjedhur rrug\u00eb qorre \u00ebsht\u00eb i pashije. Kosova, n\u00eb fakt, po p\u00ebrpiqet t\u00eb dal\u00eb nga rruga qorre ku e kan\u00eb futur, mes tjerash, kap\u00ebsit e shtetit, me t\u00eb cil\u00ebt, Tirana zyrtare p\u00ebr fat t\u00eb keq ka bashk\u00ebpunuar n\u00eb projektin e k\u00ebmbimit t\u00eb territoreve mes Kosov\u00ebs dhe Serbis\u00eb.<\/p>\n<p>Kosova pritet q\u00eb s\u00eb shpejti ta ket\u00eb z\u00ebrin e vet legjitim t\u00eb qeverisjes. At\u00ebbot\u00eb mund t\u00eb kontribuoj\u00eb n\u00eb nj\u00eb debat q\u00eb shkon p\u00ebrtej operet\u00ebs.<\/p>\n<p><strong>4.<\/strong><\/p>\n<p>E tash opera.<\/p>\n<p>Kryeministri i Shqip\u00ebris\u00eb i \u00ebsht\u00eb bashk\u00ebngjitur korit t\u00eb bonsensit evropian dhe amerikan q\u00eb thot\u00eb se problemet zgjidhen duke biseduar dhe se popujt q\u00eb kan\u00eb luftuar mund t\u00eb arrijn\u00eb n\u00eb paqe e bashk\u00ebpunim, dhe ja shembulli i Bashkimit evropian. Pra, iniciativa e mini-Shengenit, sipas korit, \u00ebsht\u00eb nj\u00eb p\u00ebrpjekje e nj\u00eb modeli evropian p\u00ebr gjasht\u00eb vendet e Ballkanit Per\u00ebndimor. Dhe ky kor ngrihet kund\u00ebr \u00e7dokujt q\u00eb shtron pik\u00ebpyetje rreth k\u00ebtij modeli, duke i cil\u00ebsuar si udh\u00ebtar\u00eb t\u00eb \u201crrug\u00ebs qorre\u201d.<\/p>\n<p>Por, ekziston nj\u00eb dallim n\u00eb thelb. Modeli i cili po p\u00ebrpiqet t\u00eb nd\u00ebrtohet me mini-Shengenin nuk ka precedent. Bashkimi Evropian u nd\u00ebrtua si model pajtimi e bashk\u00ebjetese mes kombeve dhe shteteve t\u00eb lira pas p\u00ebrfundimit t\u00eb konfliktit dhe vendosjes s\u00eb marr\u00ebdh\u00ebnieve bazike t\u00eb respektit mes shteteve t\u00eb dala nga konflikti.<\/p>\n<p>N\u00eb Ballkanin Per\u00ebndimor nuk \u00ebsht\u00eb arritur ende kjo gjendje, meq\u00eb Kosova dhe Serbia jetojn\u00eb n\u00eb gjendje konflikti t\u00eb pap\u00ebrfunduar. Shteti i Serbis\u00eb ende mban n\u00eb paqe caqet politike t\u00eb cilat u p\u00ebrpoq t\u2019i arrij\u00eb me luft\u00eb, madje n\u00eb nj\u00eb luft\u00eb n\u00eb t\u00eb cil\u00ebn n\u00eb form\u00eb sistematike arriti n\u00eb kufijt\u00eb e gjenocidit.<\/p>\n<p>Ky \u00ebsht\u00eb nj\u00eb model krejt\u00ebsisht i ri dhe i paprovuar, andaj edhe potenciali i madh i zbrazjes emocionale nd\u00ebr shqiptar\u00eb e serb\u00eb. Kjo \u00ebsht\u00eb p\u00ebrpjekja, ende e pad\u00ebgjuar n\u00eb bot\u00eb, p\u00ebr t\u00eb nd\u00ebrtuar pajtimin e bashk\u00ebjetes\u00ebn e kombeve dhe shteteve t\u00eb lira ende pa p\u00ebrfunduar konflikti.<\/p>\n<p>P\u00ebr k\u00ebt\u00eb, ende nuk ka libretto.<\/p>\n<p>Gazeta Koha e Jone<\/p>\n","protected":false},"excerpt":{"rendered":"<p>Veton Surroi: Shqip\u00ebria po shkrin me Serbin\u00eb, por ngre barriera me Kosov\u00ebn 27\/12\/2019 Nga Veton Surroi\/ Kosova, ajo q\u00eb \u00ebsht\u00eb identifikuar me vot\u00ebn e 6 tetorit, nuk ka mundur t\u00eb marr\u00eb pjes\u00eb n\u00eb iniciativ\u00ebn mini-Shengen. Dhe rrjedhimisht, \u00e7far\u00ebdo p\u00ebrshkrimi p\u00ebr Kosov\u00ebn si vend q\u00eb ka zgjedhur rrug\u00eb qorre \u00ebsht\u00eb i pashije 1. Nd\u00ebrsa po synohet [&hellip;]<\/p>\n","protected":false},"author":9,"featured_media":29779,"comment_status":"open","ping_status":"open","sticky":false,"template":"","format":"standard","meta":{"jetpack_post_was_ever_published":false,"_jetpack_newsletter_access":"","_jetpack_dont_email_post_to_subs":false,"_jetpack_newsletter_tier_id":0,"_jetpack_memberships_contains_paywalled_content":false,"_jetpack_memberships_contains_paid_content":false,"footnotes":"","jetpack_publicize_message":"","jetpack_publicize_feature_enabled":true,"jetpack_social_post_already_shared":true,"jetpack_social_options":{"image_generator_settings":{"template":"highway","default_image_id":0,"font":"","enabled":false},"version":2}},"categories":[27,2,35],"tags":[],"class_list":["post-29778","post","type-post","status-publish","format-standard","has-post-thumbnail","hentry","category-blogu-i-udhetarit","category-politika","category-shoqerore"],"jetpack_publicize_connections":[],"jetpack_featured_media_url":"https:\/\/i0.wp.com\/www.shqiperia.com\/blog\/wp-content\/uploads\/2019\/12\/Veton-Surroi.jpg?fit=750%2C375&ssl=1","jetpack_sharing_enabled":true,"jetpack_shortlink":"https:\/\/wp.me\/p5Z6wp-7Ki","jetpack-related-posts":[{"id":18254,"url":"https:\/\/www.shqiperia.com\/blog\/surroi-rama-nuk-eshte-burre-shteti-por-provokator-estetik\/","url_meta":{"origin":29778,"position":0},"title":"Surroi: Rama nuk \u00ebsht\u00eb burr\u00eb shteti, por provokator estetik.-","author":"Kurt Farka","date":"March 13, 2019","format":false,"excerpt":"Surroi: Rama nuk \u00ebsht\u00eb burr\u00eb shteti por provokator estetik Publicisti Veton Surroi deklaroi gjat\u00eb emisionit \u201cA show\u201d se Edi Rama \u00ebsht\u00eb nj\u00eb provokator estetik. Lidhur me parimet si burr\u00eb shtetit, Surroi tha se Rama ka gabuar pasi nuk \u00ebsht\u00eb shprehur p\u00ebr \u00e7\u00ebshtjen e kufijve Kosov\u00eb-Serbi. \u201cKryeministri i Shqip\u00ebris\u00eb nj\u00eb burr\u00eb\u2026","rel":"","context":"In &quot;Blogu i Udh\u00ebtarit&quot;","block_context":{"text":"Blogu i Udh\u00ebtarit","link":"https:\/\/www.shqiperia.com\/blog\/category\/blogu-i-udhetarit\/"},"img":{"alt_text":"","src":"https:\/\/i0.wp.com\/www.shqiperia.com\/blog\/wp-content\/uploads\/2019\/03\/edi-rama-veton-surroi-2.jpg?fit=800%2C416&ssl=1&resize=350%2C200","width":350,"height":200,"srcset":"https:\/\/i0.wp.com\/www.shqiperia.com\/blog\/wp-content\/uploads\/2019\/03\/edi-rama-veton-surroi-2.jpg?fit=800%2C416&ssl=1&resize=350%2C200 1x, https:\/\/i0.wp.com\/www.shqiperia.com\/blog\/wp-content\/uploads\/2019\/03\/edi-rama-veton-surroi-2.jpg?fit=800%2C416&ssl=1&resize=525%2C300 1.5x, https:\/\/i0.wp.com\/www.shqiperia.com\/blog\/wp-content\/uploads\/2019\/03\/edi-rama-veton-surroi-2.jpg?fit=800%2C416&ssl=1&resize=700%2C400 2x"},"classes":[]},{"id":26846,"url":"https:\/\/www.shqiperia.com\/blog\/ne-vend-te-celjes-se-negociatave-me-be-shqiperia-merr-shengenin-ballkanik\/","url_meta":{"origin":29778,"position":1},"title":"N\u00eb vend t\u00eb \u00e7eljes s\u00eb negociatave me BE, Shqip\u00ebria merr \u201cShengenin Ballkanik\u201d. &#8211;","author":"Kurt Farka","date":"October 10, 2019","format":false,"excerpt":"N\u00eb vend t\u00eb \u00e7eljes s\u00eb negociatave me BE, Shqip\u00ebria merr \u201cShengenin Ballkanik\u201d 10 tetor 2019 Shumica e shqiptar\u00ebve jan\u00eb n\u00eb pritje t\u00eb hapjes s\u00eb negociatave me BE-n\u00eb, por atyre po u ofrohet tjet\u00ebr gj\u00eb, \u201cSchengeni i vog\u00ebl\u201d. N\u00eb Novi Sad t\u00eb Serbis\u00eb, kryeministri Edi Rama s\u00ebbashku me kryeministrin maqedonas, Zoran\u2026","rel":"","context":"In &quot;Politika&quot;","block_context":{"text":"Politika","link":"https:\/\/www.shqiperia.com\/blog\/category\/politika\/"},"img":{"alt_text":"","src":"https:\/\/i0.wp.com\/www.shqiperia.com\/blog\/wp-content\/uploads\/2019\/10\/RAMA-VUCIC-ZAEV-2-905x450.jpeg?fit=905%2C450&ssl=1&resize=350%2C200","width":350,"height":200,"srcset":"https:\/\/i0.wp.com\/www.shqiperia.com\/blog\/wp-content\/uploads\/2019\/10\/RAMA-VUCIC-ZAEV-2-905x450.jpeg?fit=905%2C450&ssl=1&resize=350%2C200 1x, https:\/\/i0.wp.com\/www.shqiperia.com\/blog\/wp-content\/uploads\/2019\/10\/RAMA-VUCIC-ZAEV-2-905x450.jpeg?fit=905%2C450&ssl=1&resize=525%2C300 1.5x, https:\/\/i0.wp.com\/www.shqiperia.com\/blog\/wp-content\/uploads\/2019\/10\/RAMA-VUCIC-ZAEV-2-905x450.jpeg?fit=905%2C450&ssl=1&resize=700%2C400 2x"},"classes":[]},{"id":21277,"url":"https:\/\/www.shqiperia.com\/blog\/politikani-francez-do-vendosim-veton-per-negociatat-shqiperia-eshte-nje-vend-i-korruptuar\/","url_meta":{"origin":29778,"position":2},"title":"Politikani francez: &#8211; Do vendosim veton p\u00ebr negociatat . Shqip\u00ebria- \u00ebsht\u00eb nj\u00eb vend i korruptuar.\u00a0","author":"Kurt Farka","date":"May 17, 2019","format":false,"excerpt":"Politikani francez: - Do vendosim veton p\u00ebr negociatat . Shqip\u00ebria- \u00ebsht\u00eb nj\u00eb vend i korruptuar. 17 maji 2019 Nj\u00eb deklarat\u00eb e fort\u00eb ka qen\u00eb ajo e kryetarit t\u00eb Partis\u00eb Republikane franceze, Laurent Wauquiez,\u00a0 i cili tha se Shqip\u00ebria \u00ebsht\u00eb nj\u00eb vend i korruptuar dhe nuk do t\u00eb lejoj\u00eb \u00e7eljen e\u2026","rel":"","context":"In &quot;Blogu i Udh\u00ebtarit&quot;","block_context":{"text":"Blogu i Udh\u00ebtarit","link":"https:\/\/www.shqiperia.com\/blog\/category\/blogu-i-udhetarit\/"},"img":{"alt_text":"","src":"https:\/\/i0.wp.com\/www.shqiperia.com\/blog\/wp-content\/uploads\/2019\/05\/francezi-768x414-120x70-1.jpg?resize=350%2C200","width":350,"height":200},"classes":[]},{"id":49873,"url":"https:\/\/www.shqiperia.com\/blog\/serbia-eshte-problemi-kurti-mesazh-rames-detyre-e-shqiptarit-te-beje-presion-mbi-te-dhe-jo-mbi-kosoven\/","url_meta":{"origin":29778,"position":3},"title":"&#8220;Serbia \u00ebsht\u00eb problemi&#8221;. Kurti mesazh Ram\u00ebs: &#8211; Detyr\u00eb e shqiptarit t\u00eb b\u00ebj\u00eb presion mbi t\u00eb dhe jo mbi Kosov\u00ebn.","author":"Kurt Farka","date":"September 14, 2021","format":false,"excerpt":"\"Serbia \u00ebsht\u00eb problemi\". Kurti mesazh Ram\u00ebs: - Detyr\u00eb e shqiptarit t\u00eb b\u00ebj\u00eb presion mbi t\u00eb dhe jo mbi Kosov\u00ebn. 14 Shtator 2021 \"\u00cbsht\u00eb detyr\u00eb e shqiptarit t\u00eb b\u00ebj\u00eb presion mbi Serbin\u00eb dhe jo mbi Kosov\u00ebn\". Ky \u00ebsht\u00eb mesazhi q\u00eb Albin Kurti i p\u00ebrcolli p\u00ebrmes mediave homologut t\u00eb tij shqiptar Edi\u2026","rel":"","context":"In &quot;Blogu i Udh\u00ebtarit&quot;","block_context":{"text":"Blogu i Udh\u00ebtarit","link":"https:\/\/www.shqiperia.com\/blog\/category\/blogu-i-udhetarit\/"},"img":{"alt_text":"","src":"https:\/\/i0.wp.com\/www.shqiperia.com\/blog\/wp-content\/uploads\/2021\/09\/56961397_303.jpg?fit=700%2C394&ssl=1&resize=350%2C200","width":350,"height":200,"srcset":"https:\/\/i0.wp.com\/www.shqiperia.com\/blog\/wp-content\/uploads\/2021\/09\/56961397_303.jpg?fit=700%2C394&ssl=1&resize=350%2C200 1x, https:\/\/i0.wp.com\/www.shqiperia.com\/blog\/wp-content\/uploads\/2021\/09\/56961397_303.jpg?fit=700%2C394&ssl=1&resize=525%2C300 1.5x, https:\/\/i0.wp.com\/www.shqiperia.com\/blog\/wp-content\/uploads\/2021\/09\/56961397_303.jpg?fit=700%2C394&ssl=1&resize=700%2C400 2x"},"classes":[]},{"id":50137,"url":"https:\/\/www.shqiperia.com\/blog\/serbia-po-e-ben-mizen-buall-rama-mesazh-vucicit-nga-kosova-qendrimi-i-shqiperise-eshte-i-qarte\/","url_meta":{"origin":29778,"position":4},"title":"&#8220;Serbia po e b\u00ebn miz\u00ebn buall&#8221;. &#8211; \u00a0Rama mesazh Vu\u00e7i\u00e7it nga Kosova: Q\u00ebndrimi i Shqip\u00ebris\u00eb \u00ebsht\u00eb i qart\u00eb&#8230;","author":"Kurt Farka","date":"September 27, 2021","format":false,"excerpt":"\"Serbia po e b\u00ebn miz\u00ebn buall\". - \u00a0Rama mesazh Vu\u00e7i\u00e7it nga Kosova: Q\u00ebndrimi i Shqip\u00ebris\u00eb \u00ebsht\u00eb i qart\u00eb... 27 SHTATOR 2021 Kryeministri Edi Rama, n\u00eb konferenc\u00ebn e p\u00ebrbashk\u00ebt me homologun e tij kosovar, Albin Kurti, e b\u00ebri t\u00eb qart\u00eb se Shqip\u00ebria \u00ebsht\u00eb krah Kosov\u00ebs, n\u00eb konfliktin e fundit me Serbin\u00eb,\u2026","rel":"","context":"In &quot;Blogu i Udh\u00ebtarit&quot;","block_context":{"text":"Blogu i Udh\u00ebtarit","link":"https:\/\/www.shqiperia.com\/blog\/category\/blogu-i-udhetarit\/"},"img":{"alt_text":"","src":"https:\/\/i0.wp.com\/www.shqiperia.com\/blog\/wp-content\/uploads\/2021\/09\/640-0-0ca10581e41553f9299d240624dc79fd-300x163.jpg?resize=350%2C200&ssl=1","width":350,"height":200,"srcset":"https:\/\/i0.wp.com\/www.shqiperia.com\/blog\/wp-content\/uploads\/2021\/09\/640-0-0ca10581e41553f9299d240624dc79fd-300x163.jpg?resize=350%2C200&ssl=1 1x, https:\/\/i0.wp.com\/www.shqiperia.com\/blog\/wp-content\/uploads\/2021\/09\/640-0-0ca10581e41553f9299d240624dc79fd-300x163.jpg?resize=525%2C300&ssl=1 1.5x"},"classes":[]},{"id":50139,"url":"https:\/\/www.shqiperia.com\/blog\/reciprociteti-i-targave-rama-e-drejta-ketu-eshte-me-kosoven-e-pike-nuk-eshte-me-serbine-qe-mizen-po-e-ben-buall\/","url_meta":{"origin":29778,"position":5},"title":"Reciprociteti i targave. Rama: &#8211; E drejta k\u00ebtu \u00ebsht\u00eb me Kosov\u00ebn e pik\u00eb! Nuk \u00ebsht\u00eb me Serbin\u00eb q\u00eb miz\u00ebn po e b\u00ebn buall","author":"Kurt Farka","date":"September 27, 2021","format":false,"excerpt":"Reciprociteti i targave. Rama: - E drejta k\u00ebtu \u00ebsht\u00eb me Kosov\u00ebn e pik\u00eb! Nuk \u00ebsht\u00eb me Serbin\u00eb q\u00eb miz\u00ebn po e b\u00ebn buall 27 Shtator 2021 Kryeministri Edi Rama tregon q\u00ebndrimin zyrtar e Shqip\u00ebris\u00eb. E drejta k\u00ebtu \u00ebsht\u00eb me Kosov\u00ebn dhe pik\u00eb. Nuk \u00ebsht\u00eb me Serbin\u00eb. \"Nuk ka asnj\u00eb diskutim\u2026","rel":"","context":"In &quot;Blogu i Udh\u00ebtarit&quot;","block_context":{"text":"Blogu i Udh\u00ebtarit","link":"https:\/\/www.shqiperia.com\/blog\/category\/blogu-i-udhetarit\/"},"img":{"alt_text":"","src":"https:\/\/i0.wp.com\/www.shqiperia.com\/blog\/wp-content\/uploads\/2021\/09\/1632731886_rama1.jpg?fit=539%2C305&ssl=1&resize=350%2C200","width":350,"height":200,"srcset":"https:\/\/i0.wp.com\/www.shqiperia.com\/blog\/wp-content\/uploads\/2021\/09\/1632731886_rama1.jpg?fit=539%2C305&ssl=1&resize=350%2C200 1x, https:\/\/i0.wp.com\/www.shqiperia.com\/blog\/wp-content\/uploads\/2021\/09\/1632731886_rama1.jpg?fit=539%2C305&ssl=1&resize=525%2C300 1.5x"},"classes":[]}],"_links":{"self":[{"href":"https:\/\/www.shqiperia.com\/blog\/wp-json\/wp\/v2\/posts\/29778","targetHints":{"allow":["GET"]}}],"collection":[{"href":"https:\/\/www.shqiperia.com\/blog\/wp-json\/wp\/v2\/posts"}],"about":[{"href":"https:\/\/www.shqiperia.com\/blog\/wp-json\/wp\/v2\/types\/post"}],"author":[{"embeddable":true,"href":"https:\/\/www.shqiperia.com\/blog\/wp-json\/wp\/v2\/users\/9"}],"replies":[{"embeddable":true,"href":"https:\/\/www.shqiperia.com\/blog\/wp-json\/wp\/v2\/comments?post=29778"}],"version-history":[{"count":4,"href":"https:\/\/www.shqiperia.com\/blog\/wp-json\/wp\/v2\/posts\/29778\/revisions"}],"predecessor-version":[{"id":29783,"href":"https:\/\/www.shqiperia.com\/blog\/wp-json\/wp\/v2\/posts\/29778\/revisions\/29783"}],"wp:featuredmedia":[{"embeddable":true,"href":"https:\/\/www.shqiperia.com\/blog\/wp-json\/wp\/v2\/media\/29779"}],"wp:attachment":[{"href":"https:\/\/www.shqiperia.com\/blog\/wp-json\/wp\/v2\/media?parent=29778"}],"wp:term":[{"taxonomy":"category","embeddable":true,"href":"https:\/\/www.shqiperia.com\/blog\/wp-json\/wp\/v2\/categories?post=29778"},{"taxonomy":"post_tag","embeddable":true,"href":"https:\/\/www.shqiperia.com\/blog\/wp-json\/wp\/v2\/tags?post=29778"}],"curies":[{"name":"wp","href":"https:\/\/api.w.org\/{rel}","templated":true}]}}