{"id":29773,"date":"2019-12-27T19:22:45","date_gmt":"2019-12-27T19:22:45","guid":{"rendered":"https:\/\/www.shqiperia.com\/blog\/?p=29773"},"modified":"2019-12-27T19:24:20","modified_gmt":"2019-12-27T19:24:20","slug":"ska-me-cmime-100-leke-rriten-biletat-e-muzeve-e-parqeve-arkeologjike-kategorite-qe-perfitojne-hyrje-falas","status":"publish","type":"post","link":"https:\/\/www.shqiperia.com\/blog\/ska-me-cmime-100-leke-rriten-biletat-e-muzeve-e-parqeve-arkeologjike-kategorite-qe-perfitojne-hyrje-falas\/","title":{"rendered":"S\u2019ka m\u00eb \u00e7mime 100 lek\u00eb, rriten biletat e muzeve e parqeve arkeologjike. Kategorit\u00eb q\u00eb p\u00ebrfitojn\u00eb hyrje falas. &#8211;"},"content":{"rendered":"<p><img data-recalc-dims=\"1\" loading=\"lazy\" decoding=\"async\" data-attachment-id=\"29774\" data-permalink=\"https:\/\/www.shqiperia.com\/blog\/ska-me-cmime-100-leke-rriten-biletat-e-muzeve-e-parqeve-arkeologjike-kategorite-qe-perfitojne-hyrje-falas\/margariti-2\/\" data-orig-file=\"https:\/\/i0.wp.com\/www.shqiperia.com\/blog\/wp-content\/uploads\/2019\/12\/margariti.jpg?fit=1200%2C619&amp;ssl=1\" data-orig-size=\"1200,619\" data-comments-opened=\"1\" data-image-meta=\"{&quot;aperture&quot;:&quot;0&quot;,&quot;credit&quot;:&quot;&quot;,&quot;camera&quot;:&quot;&quot;,&quot;caption&quot;:&quot;&quot;,&quot;created_timestamp&quot;:&quot;0&quot;,&quot;copyright&quot;:&quot;&quot;,&quot;focal_length&quot;:&quot;0&quot;,&quot;iso&quot;:&quot;0&quot;,&quot;shutter_speed&quot;:&quot;0&quot;,&quot;title&quot;:&quot;&quot;,&quot;orientation&quot;:&quot;0&quot;}\" data-image-title=\"margariti\" data-image-description=\"\" data-image-caption=\"\" data-medium-file=\"https:\/\/i0.wp.com\/www.shqiperia.com\/blog\/wp-content\/uploads\/2019\/12\/margariti.jpg?fit=300%2C155&amp;ssl=1\" data-large-file=\"https:\/\/i0.wp.com\/www.shqiperia.com\/blog\/wp-content\/uploads\/2019\/12\/margariti.jpg?fit=1024%2C528&amp;ssl=1\" class=\"alignnone wp-image-29774\" alt=\"\" src=\"https:\/\/i0.wp.com\/www.shqiperia.com\/blog\/wp-content\/uploads\/2019\/12\/margariti.jpg?resize=581%2C300&#038;ssl=1\" width=\"581\" height=\"300\" srcset=\"https:\/\/i0.wp.com\/www.shqiperia.com\/blog\/wp-content\/uploads\/2019\/12\/margariti.jpg?resize=300%2C155&amp;ssl=1 300w, https:\/\/i0.wp.com\/www.shqiperia.com\/blog\/wp-content\/uploads\/2019\/12\/margariti.jpg?resize=1024%2C528&amp;ssl=1 1024w, https:\/\/i0.wp.com\/www.shqiperia.com\/blog\/wp-content\/uploads\/2019\/12\/margariti.jpg?resize=768%2C396&amp;ssl=1 768w, https:\/\/i0.wp.com\/www.shqiperia.com\/blog\/wp-content\/uploads\/2019\/12\/margariti.jpg?resize=450%2C232&amp;ssl=1 450w, https:\/\/i0.wp.com\/www.shqiperia.com\/blog\/wp-content\/uploads\/2019\/12\/margariti.jpg?resize=600%2C310&amp;ssl=1 600w, https:\/\/i0.wp.com\/www.shqiperia.com\/blog\/wp-content\/uploads\/2019\/12\/margariti.jpg?resize=400%2C206&amp;ssl=1 400w, https:\/\/i0.wp.com\/www.shqiperia.com\/blog\/wp-content\/uploads\/2019\/12\/margariti.jpg?w=1200&amp;ssl=1 1200w\" sizes=\"auto, (max-width: 581px) 100vw, 581px\" \/><\/p>\n<p>S\u2019ka m\u00eb \u00e7mime 100 lek\u00eb, rriten biletat e muzeve e parqeve arkeologjike. Kategorit\u00eb q\u00eb p\u00ebrfitojn\u00eb hyrje falas<\/p>\n<p><em>27 dhjetor 2019.<\/em><\/p>\n<p><strong>Prej janarit t\u00eb vitit 2020 ndryshojn\u00eb \u00e7mimet e biletave p\u00ebr t\u00eb vizituar muzet\u00eb komb\u00ebtar\u00eb, monumentet e kultur\u00ebs dhe parqet arkeologjike, n\u00eb var\u00ebsi t\u00eb Ministris\u00eb s\u00eb Kultur\u00ebs.\u00a0<\/strong><\/p>\n<p>Ministrja e Kultur\u00ebs, Elva Margariti<\/p>\n<p>P\u00ebrve\u00e7 Parkut t\u00eb Butrintit, i cili ka funksionuar mbi nj\u00eb skem\u00eb tjet\u00ebr menaxhimi dhe dy muzeve t\u00eb ngritur s\u00eb fundmi, ai i Fotografis\u00eb \u201cMarubi\u201d n\u00eb Shkod\u00ebr dhe \u201cSht\u00ebpia me gjethe\u201d, ku \u00ebsht\u00eb aplikuar nj\u00eb bilet\u00eb me vler\u00eb 700 lek\u00eb, tarifat p\u00ebr t\u00eb vizituar muzet\u00eb, kalat\u00eb dhe parqet e tjera, n\u00eb Shqip\u00ebri, kan\u00eb qen\u00eb t\u00ebr\u00ebsisht qesharake. P\u00ebr t\u00eb vizituar Kalan\u00eb e Beratit, pjes\u00eb e trash\u00ebgimis\u00eb kulturore bot\u00ebrore, n\u00ebn mbrojtjen e UNESCO-s, mjaftonte t\u00eb paguaje 100 lek\u00eb apo 1 euro.<\/p>\n<p>Nd\u00ebrsa p\u00ebr t\u00eb vizituar Muzeun Historik Komb\u00ebtar, mjaftonte t\u00eb paguaje 200 lek\u00eb. \u00c7mimet e rritura do t\u00eb variojn\u00eb nga 200 lek\u00eb n\u00eb 1 mij\u00eb lek\u00eb. \u00c7mimin m\u00eb t\u00eb lart\u00eb do t\u00eb vazhdoj\u00eb ta ket\u00eb Parku Komb\u00ebtar i Butrintit, i cili do t\u00eb jet\u00eb 1 mij\u00eb lek\u00eb. Sipas ministres s\u00eb Kultur\u00ebs, Margariti, e cila ka firmosur urdhrin p\u00ebr rritjen e \u00e7mimit t\u00eb biletave, kjo nism\u00eb \u00ebsht\u00eb nd\u00ebrmarr\u00eb pas konsultimit me grupet e interesit, p\u00ebr t\u00eb siguruar m\u00eb tep\u00ebr mir\u00ebmbajtje p\u00ebr monumentet e kultur\u00ebs dhe shtimin e sh\u00ebrbimeve karshi vizitor\u00ebve, shpenzime k\u00ebto, q\u00eb nuk mund t\u00eb mbuloheshin nga t\u00eb ardhurat e siguruara nga biletat q\u00eb kushtonin vet\u00ebm 100 lek\u00eb.<\/p>\n<p>Sipas saj, kjo rritje ka ardhur si nj\u00eb k\u00ebrkes\u00eb e vazhdueshme me vet\u00eb institucioneve, sipas t\u00eb cilave tarifat e deritanishme nuk justifikonin shpenzimet q\u00eb k\u00ebrkon mir\u00ebmbajtja e nj\u00eb monumenti. Rritje p\u00ebsojn\u00eb edhe \u00e7mimet e biletave q\u00eb blihen online, por, sipas politikave t\u00eb Ministris\u00eb s\u00eb Kultur\u00ebs, ato do t\u00eb jen\u00eb m\u00eb t\u00eb ul\u00ebta se biletat q\u00eb priten n\u00eb sportel. Kjo b\u00ebhet p\u00ebr t\u00eb nxitur shfryt\u00ebzimin e k\u00ebtij sh\u00ebrbimi t\u00eb ri, q\u00eb ka nisur t\u00eb aplikohet prej muajit shtator dhe q\u00eb u vjen n\u00eb ndihm\u00eb vizitor\u00ebve, kudo ku ata jetojn\u00eb dhe operator\u00ebve turistik\u00eb.<\/p>\n<div id=\"attachment_29775\" style=\"width: 696px\" class=\"wp-caption alignnone\"><img data-recalc-dims=\"1\" loading=\"lazy\" decoding=\"async\" aria-describedby=\"caption-attachment-29775\" data-attachment-id=\"29775\" data-permalink=\"https:\/\/www.shqiperia.com\/blog\/ska-me-cmime-100-leke-rriten-biletat-e-muzeve-e-parqeve-arkeologjike-kategorite-qe-perfitojne-hyrje-falas\/onufri-2\/\" data-orig-file=\"https:\/\/i0.wp.com\/www.shqiperia.com\/blog\/wp-content\/uploads\/2019\/12\/Onufri-2.png?fit=979%2C715&amp;ssl=1\" data-orig-size=\"979,715\" data-comments-opened=\"1\" data-image-meta=\"{&quot;aperture&quot;:&quot;0&quot;,&quot;credit&quot;:&quot;&quot;,&quot;camera&quot;:&quot;&quot;,&quot;caption&quot;:&quot;&quot;,&quot;created_timestamp&quot;:&quot;0&quot;,&quot;copyright&quot;:&quot;&quot;,&quot;focal_length&quot;:&quot;0&quot;,&quot;iso&quot;:&quot;0&quot;,&quot;shutter_speed&quot;:&quot;0&quot;,&quot;title&quot;:&quot;&quot;,&quot;orientation&quot;:&quot;0&quot;}\" data-image-title=\"Muzeu Onufri Berat\" data-image-description=\"\" data-image-caption=\"&lt;p&gt;Muzeu Onufri Berat&lt;\/p&gt;\n\" data-medium-file=\"https:\/\/i0.wp.com\/www.shqiperia.com\/blog\/wp-content\/uploads\/2019\/12\/Onufri-2.png?fit=300%2C219&amp;ssl=1\" data-large-file=\"https:\/\/i0.wp.com\/www.shqiperia.com\/blog\/wp-content\/uploads\/2019\/12\/Onufri-2.png?fit=979%2C715&amp;ssl=1\" class=\" wp-image-29775\" alt=\"\" src=\"https:\/\/i0.wp.com\/www.shqiperia.com\/blog\/wp-content\/uploads\/2019\/12\/Onufri-2.png?resize=686%2C501&#038;ssl=1\" width=\"686\" height=\"501\" srcset=\"https:\/\/i0.wp.com\/www.shqiperia.com\/blog\/wp-content\/uploads\/2019\/12\/Onufri-2.png?resize=300%2C219&amp;ssl=1 300w, https:\/\/i0.wp.com\/www.shqiperia.com\/blog\/wp-content\/uploads\/2019\/12\/Onufri-2.png?resize=768%2C561&amp;ssl=1 768w, https:\/\/i0.wp.com\/www.shqiperia.com\/blog\/wp-content\/uploads\/2019\/12\/Onufri-2.png?resize=450%2C329&amp;ssl=1 450w, https:\/\/i0.wp.com\/www.shqiperia.com\/blog\/wp-content\/uploads\/2019\/12\/Onufri-2.png?resize=600%2C438&amp;ssl=1 600w, https:\/\/i0.wp.com\/www.shqiperia.com\/blog\/wp-content\/uploads\/2019\/12\/Onufri-2.png?resize=400%2C292&amp;ssl=1 400w, https:\/\/i0.wp.com\/www.shqiperia.com\/blog\/wp-content\/uploads\/2019\/12\/Onufri-2.png?w=979&amp;ssl=1 979w\" sizes=\"auto, (max-width: 686px) 100vw, 686px\" \/><p id=\"caption-attachment-29775\" class=\"wp-caption-text\">Muzeu Onufri Berat<\/p><\/div>\n<p><strong>KATEGORIT\u00cb Q\u00cb P\u00cbRFITOJN\u00cb<\/strong><\/p>\n<p>Urdhri p\u00ebr rritjen e \u00e7mimeve t\u00eb biletave p\u00ebr t\u00eb vizituar muzet\u00eb dhe sitet arkeologjike parashikon edhe kategorit\u00eb q\u00eb p\u00ebrjashtohen nga ky urdh\u00ebr. Ministrja Elva Margariti shprehet se bashk\u00eb me rritjen e biletave vjen edhe shtimi i kategorive q\u00eb p\u00ebrfitojn\u00eb hyrje falas apo reduktim t\u00eb \u00e7mimit p\u00ebr t\u00eb hyr\u00eb n\u00eb muze, parqe e monumente.<\/p>\n<p>T\u00eb gjith\u00eb vizitor\u00ebt p\u00ebrfitojn\u00eb hyrje falas gjat\u00eb disa festave komb\u00ebtare e dit\u00ebve kushtuar trash\u00ebgimis\u00eb kulturore. Po ashtu, hyrja falas garantohet t\u00eb diel\u00ebn e fundit t\u00eb \u00e7do muaji. Nd\u00ebr kategorit\u00eb q\u00eb p\u00ebrfitojn\u00eb hyrje falas jan\u00eb banor\u00ebt e zonave, individ\u00ebt q\u00eb ushtrojn\u00eb veprimtari t\u00eb ndryshme brenda kufijve t\u00eb parqeve apo monumenteve, t\u00eb pajisur me lejen p\u00ebrkat\u00ebse, f\u00ebmij\u00ebt deri n\u00eb mosh\u00ebn 12-vje\u00e7are, ish-t\u00eb p\u00ebrndjekurit politik\u00eb, veteran\u00ebt e luft\u00ebs, studiuesit apo student\u00ebt q\u00eb kryejn\u00eb ekspedita m\u00ebsimore, guidat etj.<\/p>\n<p>Nd\u00ebrsa p\u00ebrfitojn\u00eb \u00e7mime t\u00eb reduktuara nx\u00ebn\u00ebsit nga 12-18 vje\u00e7, student\u00ebt, jetim\u00ebt, invalid\u00ebt, pensionist\u00ebt, grupet e vizitor\u00ebve, m\u00eb t\u00eb m\u00ebdha se 12 persona etj. M\u00ebsohet se p\u00ebr vitin 2020, nj\u00eb pjes\u00eb e t\u00eb ardhurave q\u00eb vijn\u00eb nga shitja e biletave kalojn\u00eb n\u00eb fondin e emergjencave civile, p\u00ebr t\u00eb ndihmuar n\u00eb procesin e rind\u00ebrtimit t\u00eb zonave t\u00eb d\u00ebmtuara nga t\u00ebrmeti i 26 n\u00ebntorit 2019.<\/p>\n<p>Gazeta Panorama<\/p>\n","protected":false},"excerpt":{"rendered":"<p>S\u2019ka m\u00eb \u00e7mime 100 lek\u00eb, rriten biletat e muzeve e parqeve arkeologjike. Kategorit\u00eb q\u00eb p\u00ebrfitojn\u00eb hyrje falas 27 dhjetor 2019. Prej janarit t\u00eb vitit 2020 ndryshojn\u00eb \u00e7mimet e biletave p\u00ebr t\u00eb vizituar muzet\u00eb komb\u00ebtar\u00eb, monumentet e kultur\u00ebs dhe parqet arkeologjike, n\u00eb var\u00ebsi t\u00eb Ministris\u00eb s\u00eb Kultur\u00ebs.\u00a0 Ministrja e Kultur\u00ebs, Elva Margariti P\u00ebrve\u00e7 Parkut t\u00eb Butrintit, [&hellip;]<\/p>\n","protected":false},"author":9,"featured_media":29774,"comment_status":"open","ping_status":"open","sticky":false,"template":"","format":"standard","meta":{"jetpack_post_was_ever_published":false,"_jetpack_newsletter_access":"","_jetpack_dont_email_post_to_subs":false,"_jetpack_newsletter_tier_id":0,"_jetpack_memberships_contains_paywalled_content":false,"_jetpack_memberships_contains_paid_content":false,"footnotes":"","jetpack_publicize_message":"","jetpack_publicize_feature_enabled":true,"jetpack_social_post_already_shared":true,"jetpack_social_options":{"image_generator_settings":{"template":"highway","default_image_id":0,"font":"","enabled":false},"version":2}},"categories":[27,86],"tags":[],"class_list":["post-29773","post","type-post","status-publish","format-standard","has-post-thumbnail","hentry","category-blogu-i-udhetarit","category-trashegimi-kulturore"],"jetpack_publicize_connections":[],"jetpack_featured_media_url":"https:\/\/i0.wp.com\/www.shqiperia.com\/blog\/wp-content\/uploads\/2019\/12\/margariti.jpg?fit=1200%2C619&ssl=1","jetpack_sharing_enabled":true,"jetpack_shortlink":"https:\/\/wp.me\/p5Z6wp-7Kd","jetpack-related-posts":[{"id":50091,"url":"https:\/\/www.shqiperia.com\/blog\/dokumenti-ruajtja-dhe-administrimi-i-siteve-arkeologjike-zbardhet-raporti-i-klsh-se-ja-shkeljet-e-gjetura-ne-ministrine-e-kultures-dhe-institucionet-ne-varesi-te-saj\/","url_meta":{"origin":29773,"position":0},"title":"DOKUMENTI: &#8211; \u00a0Ruajtja dhe administrimi i siteve arkeologjike, zbardhet raporti i KLSH-s\u00eb, ja shkeljet e gjetura n\u00eb Ministrin\u00eb e Kultur\u00ebs dhe institucionet n\u00eb var\u00ebsi t\u00eb saj","author":"Kurt Farka","date":"September 25, 2021","format":false,"excerpt":"DOKUMENTI: - \u00a0Ruajtja dhe administrimi i siteve arkeologjike, zbardhet raporti i KLSH-s\u00eb, ja shkeljet e gjetura n\u00eb Ministrin\u00eb e Kultur\u00ebs dhe institucionet n\u00eb var\u00ebsi t\u00eb saj 16 shtator 2021 Sitet arkeologjike n\u00eb vendin ton\u00eb, p\u00ebr periudh\u00ebn 2016-2019 sipas Kontrollit t\u00eb Lart\u00eb t\u00eb Shtetit kan\u00eb qen\u00eb n\u00eb \u201cm\u00ebshir\u00eb t\u00eb fatit\u201d sa\u2026","rel":"","context":"In &quot;Njoftime Shtypi&quot;","block_context":{"text":"Njoftime Shtypi","link":"https:\/\/www.shqiperia.com\/blog\/category\/njoftime-shtypi\/"},"img":{"alt_text":"","src":"https:\/\/i0.wp.com\/www.shqiperia.com\/blog\/wp-content\/uploads\/2021\/09\/bylis-amantia-apolloni-butrint-433x300-1.jpg?fit=433%2C256&ssl=1&resize=350%2C200","width":350,"height":200},"classes":[]},{"id":54873,"url":"https:\/\/www.shqiperia.com\/blog\/jaho-brahaj-ministria-e-kultures-e-ka-goditur-pasurine-arkeologjike-shqiptare-mirembajtja-ne-parqet-arkeologjike-le-per-te-deshiruar\/","url_meta":{"origin":29773,"position":1},"title":"Jaho Brahaj: &#8211; Ministria e Kultur\u00ebs e ka goditur pasurine arkeologjike shqiptare, mir\u00ebmbajtja n\u00eb parqet arkeologjike l\u00eb p\u00ebr t\u00eb d\u00ebshiruar","author":"Kurt Farka","date":"March 5, 2022","format":false,"excerpt":"Jaho Brahaj: - Ministria e Kultur\u00ebs e ka goditur pasurine arkeologjike shqiptare, mir\u00ebmbajtja n\u00eb parqet arkeologjike l\u00eb p\u00ebr t\u00eb d\u00ebshiruar Nga: JULIA VRAPI 4 MARS 2022 ...\"Guidat q\u00eb shpjegojn\u00eb edhe sot e k\u00ebsaj dite n\u00eb Butrint nuk jan\u00eb t\u00eb azhornuara me studimet shkencore arkeologjike shqiptare, por kan\u00eb shpjegime dhe vler\u00ebsime\u2026","rel":"","context":"In &quot;Histori&quot;","block_context":{"text":"Histori","link":"https:\/\/www.shqiperia.com\/blog\/category\/histori\/"},"img":{"alt_text":"","src":"https:\/\/i0.wp.com\/www.shqiperia.com\/blog\/wp-content\/uploads\/2022\/03\/Shkrimi-nga-Jaho-Brahaj.jpg?fit=843%2C539&ssl=1&resize=350%2C200","width":350,"height":200,"srcset":"https:\/\/i0.wp.com\/www.shqiperia.com\/blog\/wp-content\/uploads\/2022\/03\/Shkrimi-nga-Jaho-Brahaj.jpg?fit=843%2C539&ssl=1&resize=350%2C200 1x, https:\/\/i0.wp.com\/www.shqiperia.com\/blog\/wp-content\/uploads\/2022\/03\/Shkrimi-nga-Jaho-Brahaj.jpg?fit=843%2C539&ssl=1&resize=525%2C300 1.5x, https:\/\/i0.wp.com\/www.shqiperia.com\/blog\/wp-content\/uploads\/2022\/03\/Shkrimi-nga-Jaho-Brahaj.jpg?fit=843%2C539&ssl=1&resize=700%2C400 2x"},"classes":[]},{"id":81169,"url":"https:\/\/www.shqiperia.com\/blog\/sot-dita-e-muzeve-por-ne-durres-nuk-ekzistojne-te-gjitha-te-mbyllura-arkeologjiku-i-kycur-per-me-shume-se-1-vit\/","url_meta":{"origin":29773,"position":2},"title":"Sot, Dita e Muzeve, por n\u00eb Durr\u00ebs \u201cnuk ekzistojn\u00eb\u201d. &#8211; T\u00eb gjitha t\u00eb mbyllura, Arkeologjiku i ky\u00e7ur p\u00ebr m\u00eb shum\u00eb se 1 vit","author":"Kurt Farka","date":"May 18, 2024","format":false,"excerpt":"18 maji, Dita Nd\u00ebrkomb\u00ebtare e Muzeve i gjen muzet\u00eb e Durr\u00ebsit t\u00eb mbyllura. Muzeu Arkeologjik q\u00ebndron i mbyllur p\u00ebr m\u00eb shum\u00eb se nj\u00eb viti, pasi i \u00ebsht\u00eb n\u00ebnshtruar rikonstruksionit p\u00ebr shkak t\u00eb d\u00ebmtimeve t\u00eb marra nga t\u00ebrmeti i vitit 2019. Gazetarja Klodjana Haxhiaj raporton p\u00ebr Balkanweb se situata \u00ebsht\u00eb edhe\u2026","rel":"","context":"In &quot;Blogu i Udh\u00ebtarit&quot;","block_context":{"text":"Blogu i Udh\u00ebtarit","link":"https:\/\/www.shqiperia.com\/blog\/category\/blogu-i-udhetarit\/"},"img":{"alt_text":"","src":"https:\/\/i0.wp.com\/www.shqiperia.com\/blog\/wp-content\/uploads\/2024\/05\/640-0-9668c47d5fc0b320f438c6de4449198b.jpg?fit=640%2C334&ssl=1&resize=350%2C200","width":350,"height":200,"srcset":"https:\/\/i0.wp.com\/www.shqiperia.com\/blog\/wp-content\/uploads\/2024\/05\/640-0-9668c47d5fc0b320f438c6de4449198b.jpg?fit=640%2C334&ssl=1&resize=350%2C200 1x, https:\/\/i0.wp.com\/www.shqiperia.com\/blog\/wp-content\/uploads\/2024\/05\/640-0-9668c47d5fc0b320f438c6de4449198b.jpg?fit=640%2C334&ssl=1&resize=525%2C300 1.5x"},"classes":[]},{"id":99003,"url":"https:\/\/www.shqiperia.com\/blog\/renditja-e-100-muzeve-me-te-vizituar-ne-bote-surprizat-e-2025-es\/","url_meta":{"origin":29773,"position":3},"title":"Renditja e 100 muzeve m\u00eb t\u00eb vizituar n\u00eb bot\u00eb, surprizat e 2025-\u00ebs","author":"Kurt Farka","date":"April 2, 2026","format":false,"excerpt":"2 Prill 2026 Revista nd\u00ebrkomb\u00ebtare\u00a0The Art Newspaper\u00a0ka publikuar raportin p\u00ebr vitin 2025 mbi muzet\u00eb m\u00eb t\u00eb vizituar n\u00eb bot\u00eb, duke dh\u00ebn\u00eb nj\u00eb panoram\u00eb t\u00eb qart\u00eb t\u00eb tendencave globale dhe flukseve turistike kulturore. N\u00eb krye t\u00eb renditjes vijon t\u00eb q\u00ebndroj\u00eb\u00a0Muzeu i Luvrit\u00a0n\u00eb Paris, i cili ka regjistruar mbi 9 milion\u00eb vizitor\u00eb\u2026","rel":"","context":"In &quot;Histori&quot;","block_context":{"text":"Histori","link":"https:\/\/www.shqiperia.com\/blog\/category\/histori\/"},"img":{"alt_text":"","src":"https:\/\/i0.wp.com\/www.shqiperia.com\/blog\/wp-content\/uploads\/2026\/04\/qqqqq-1024x581-1.jpg?fit=1024%2C581&ssl=1&resize=350%2C200","width":350,"height":200,"srcset":"https:\/\/i0.wp.com\/www.shqiperia.com\/blog\/wp-content\/uploads\/2026\/04\/qqqqq-1024x581-1.jpg?fit=1024%2C581&ssl=1&resize=350%2C200 1x, https:\/\/i0.wp.com\/www.shqiperia.com\/blog\/wp-content\/uploads\/2026\/04\/qqqqq-1024x581-1.jpg?fit=1024%2C581&ssl=1&resize=525%2C300 1.5x, https:\/\/i0.wp.com\/www.shqiperia.com\/blog\/wp-content\/uploads\/2026\/04\/qqqqq-1024x581-1.jpg?fit=1024%2C581&ssl=1&resize=700%2C400 2x"},"classes":[]},{"id":99491,"url":"https:\/\/www.shqiperia.com\/blog\/shpallen-pasuri-kulturore-te-paluajtshme-parqet-arkeologjike-bylis-e-orikum\/","url_meta":{"origin":29773,"position":4},"title":"Shpallen \u201cpasuri kulturore t\u00eb paluajtshme\u201d parqet arkeologjike Bylis e Orikum","author":"Kurt Farka","date":"April 18, 2026","format":false,"excerpt":"18 Prill 2026 K\u00ebshilli i Ministrave miratoi vendimin p\u00ebr shpalljen \u201cPasuri kulturore e paluajtshme\u201d t\u00eb disa zonave t\u00eb r\u00ebnd\u00ebsishme n\u00eb vend, me propozimin e ministrit t\u00eb Turizmit, Kultur\u00ebs dhe Sportit. N\u00eb mbledhjen e sotme, K\u00ebshilli i Ministrave miratoi vendimin p\u00ebr deklarimin \u201cPasuri kulturore e paluajtshme\u201d t\u00eb Parkut Arkeologjik Bylis dhe\u2026","rel":"","context":"In &quot;Arte&quot;","block_context":{"text":"Arte","link":"https:\/\/www.shqiperia.com\/blog\/category\/arte\/"},"img":{"alt_text":"","src":"https:\/\/i0.wp.com\/www.shqiperia.com\/blog\/wp-content\/uploads\/2026\/04\/Bylis-vato.al-1800-750x422-1.jpg?fit=750%2C422&ssl=1&resize=350%2C200","width":350,"height":200,"srcset":"https:\/\/i0.wp.com\/www.shqiperia.com\/blog\/wp-content\/uploads\/2026\/04\/Bylis-vato.al-1800-750x422-1.jpg?fit=750%2C422&ssl=1&resize=350%2C200 1x, https:\/\/i0.wp.com\/www.shqiperia.com\/blog\/wp-content\/uploads\/2026\/04\/Bylis-vato.al-1800-750x422-1.jpg?fit=750%2C422&ssl=1&resize=525%2C300 1.5x, https:\/\/i0.wp.com\/www.shqiperia.com\/blog\/wp-content\/uploads\/2026\/04\/Bylis-vato.al-1800-750x422-1.jpg?fit=750%2C422&ssl=1&resize=700%2C400 2x"},"classes":[]},{"id":81247,"url":"https:\/\/www.shqiperia.com\/blog\/jaho-brahaj-kemi-mungesa-ne-muzete-tane-ne-pasurimin-e-artefakteve-muzeale-nga-periudha-e-viteve-1990-dhe-deri-me-sot\/","url_meta":{"origin":29773,"position":5},"title":"Jaho Brahaj: &#8211; Kemi mungesa n\u00eb muzet\u00eb tan\u00eb n\u00eb pasurimin e artefakteve muzeale nga periudha e viteve 1990 dhe deri m\u00eb sot","author":"Kurt Farka","date":"May 23, 2024","format":false,"excerpt":"23 Maji 2024 Intervistoi: Julia Vrapi, - Gazeta Sot. Dita Nd\u00ebrkomb\u00ebtare e Muzeve q\u00eb u sh\u00ebnua pak dit\u00eb m\u00eb par\u00eb riktheu v\u00ebmendjen te r\u00ebnd\u00ebsia, por dhe gjendjen q\u00eb kan\u00eb k\u00ebto institucione . P\u00ebr studiuesin Jaho Brahaj shqet\u00ebsim \u00ebsht\u00eb dhe pasurimi q\u00eb duhet t\u00eb b\u00ebhet me objekte. N\u00eb intervist\u00ebn p\u00ebr gazet\u00ebn\u2026","rel":"","context":"In &quot;Arte&quot;","block_context":{"text":"Arte","link":"https:\/\/www.shqiperia.com\/blog\/category\/arte\/"},"img":{"alt_text":"","src":"https:\/\/i0.wp.com\/www.shqiperia.com\/blog\/wp-content\/uploads\/2024\/05\/437557487_3846928602197081_6277144919171724456_n.jpg?fit=1197%2C766&ssl=1&resize=350%2C200","width":350,"height":200,"srcset":"https:\/\/i0.wp.com\/www.shqiperia.com\/blog\/wp-content\/uploads\/2024\/05\/437557487_3846928602197081_6277144919171724456_n.jpg?fit=1197%2C766&ssl=1&resize=350%2C200 1x, https:\/\/i0.wp.com\/www.shqiperia.com\/blog\/wp-content\/uploads\/2024\/05\/437557487_3846928602197081_6277144919171724456_n.jpg?fit=1197%2C766&ssl=1&resize=525%2C300 1.5x, https:\/\/i0.wp.com\/www.shqiperia.com\/blog\/wp-content\/uploads\/2024\/05\/437557487_3846928602197081_6277144919171724456_n.jpg?fit=1197%2C766&ssl=1&resize=700%2C400 2x, https:\/\/i0.wp.com\/www.shqiperia.com\/blog\/wp-content\/uploads\/2024\/05\/437557487_3846928602197081_6277144919171724456_n.jpg?fit=1197%2C766&ssl=1&resize=1050%2C600 3x"},"classes":[]}],"_links":{"self":[{"href":"https:\/\/www.shqiperia.com\/blog\/wp-json\/wp\/v2\/posts\/29773","targetHints":{"allow":["GET"]}}],"collection":[{"href":"https:\/\/www.shqiperia.com\/blog\/wp-json\/wp\/v2\/posts"}],"about":[{"href":"https:\/\/www.shqiperia.com\/blog\/wp-json\/wp\/v2\/types\/post"}],"author":[{"embeddable":true,"href":"https:\/\/www.shqiperia.com\/blog\/wp-json\/wp\/v2\/users\/9"}],"replies":[{"embeddable":true,"href":"https:\/\/www.shqiperia.com\/blog\/wp-json\/wp\/v2\/comments?post=29773"}],"version-history":[{"count":2,"href":"https:\/\/www.shqiperia.com\/blog\/wp-json\/wp\/v2\/posts\/29773\/revisions"}],"predecessor-version":[{"id":29777,"href":"https:\/\/www.shqiperia.com\/blog\/wp-json\/wp\/v2\/posts\/29773\/revisions\/29777"}],"wp:featuredmedia":[{"embeddable":true,"href":"https:\/\/www.shqiperia.com\/blog\/wp-json\/wp\/v2\/media\/29774"}],"wp:attachment":[{"href":"https:\/\/www.shqiperia.com\/blog\/wp-json\/wp\/v2\/media?parent=29773"}],"wp:term":[{"taxonomy":"category","embeddable":true,"href":"https:\/\/www.shqiperia.com\/blog\/wp-json\/wp\/v2\/categories?post=29773"},{"taxonomy":"post_tag","embeddable":true,"href":"https:\/\/www.shqiperia.com\/blog\/wp-json\/wp\/v2\/tags?post=29773"}],"curies":[{"name":"wp","href":"https:\/\/api.w.org\/{rel}","templated":true}]}}