{"id":29767,"date":"2019-12-27T18:38:48","date_gmt":"2019-12-27T18:38:48","guid":{"rendered":"https:\/\/www.shqiperia.com\/blog\/?p=29767"},"modified":"2019-12-27T18:38:48","modified_gmt":"2019-12-27T18:38:48","slug":"ja-vendi-i-pare-ku-cdo-person-ha-8-8-kg-kinezet-nuk-hane-fare-cokollata","status":"publish","type":"post","link":"https:\/\/www.shqiperia.com\/blog\/ja-vendi-i-pare-ku-cdo-person-ha-8-8-kg-kinezet-nuk-hane-fare-cokollata\/","title":{"rendered":"Ja vendi i par\u00eb ku \u00e7do person ha 8.8 kg. Kinez\u00ebt nuk han\u00eb fare \u00e7okollata, &#8211;"},"content":{"rendered":"<p><img data-recalc-dims=\"1\" loading=\"lazy\" decoding=\"async\" data-attachment-id=\"29768\" data-permalink=\"https:\/\/www.shqiperia.com\/blog\/ja-vendi-i-pare-ku-cdo-person-ha-8-8-kg-kinezet-nuk-hane-fare-cokollata\/cokollate-zeze-konsumim-kujdes-cdo-765x510-1-905x395\/\" data-orig-file=\"https:\/\/i0.wp.com\/www.shqiperia.com\/blog\/wp-content\/uploads\/2019\/12\/cokollate-zeze-konsumim-kujdes-cdo-765x510-1-905x395-1.jpg?fit=905%2C395&amp;ssl=1\" data-orig-size=\"905,395\" data-comments-opened=\"1\" data-image-meta=\"{&quot;aperture&quot;:&quot;0&quot;,&quot;credit&quot;:&quot;&quot;,&quot;camera&quot;:&quot;&quot;,&quot;caption&quot;:&quot;&quot;,&quot;created_timestamp&quot;:&quot;0&quot;,&quot;copyright&quot;:&quot;&quot;,&quot;focal_length&quot;:&quot;0&quot;,&quot;iso&quot;:&quot;0&quot;,&quot;shutter_speed&quot;:&quot;0&quot;,&quot;title&quot;:&quot;&quot;,&quot;orientation&quot;:&quot;0&quot;}\" data-image-title=\"cokollate-zeze-konsumim-kujdes-cdo-765&#215;510-1-905&#215;395\" data-image-description=\"\" data-image-caption=\"\" data-medium-file=\"https:\/\/i0.wp.com\/www.shqiperia.com\/blog\/wp-content\/uploads\/2019\/12\/cokollate-zeze-konsumim-kujdes-cdo-765x510-1-905x395-1.jpg?fit=300%2C131&amp;ssl=1\" data-large-file=\"https:\/\/i0.wp.com\/www.shqiperia.com\/blog\/wp-content\/uploads\/2019\/12\/cokollate-zeze-konsumim-kujdes-cdo-765x510-1-905x395-1.jpg?fit=905%2C395&amp;ssl=1\" class=\"alignnone  wp-image-29768\" alt=\"\" src=\"https:\/\/i0.wp.com\/www.shqiperia.com\/blog\/wp-content\/uploads\/2019\/12\/cokollate-zeze-konsumim-kujdes-cdo-765x510-1-905x395-1.jpg?resize=660%2C288&#038;ssl=1\" width=\"660\" height=\"288\" srcset=\"https:\/\/i0.wp.com\/www.shqiperia.com\/blog\/wp-content\/uploads\/2019\/12\/cokollate-zeze-konsumim-kujdes-cdo-765x510-1-905x395-1.jpg?resize=300%2C131&amp;ssl=1 300w, https:\/\/i0.wp.com\/www.shqiperia.com\/blog\/wp-content\/uploads\/2019\/12\/cokollate-zeze-konsumim-kujdes-cdo-765x510-1-905x395-1.jpg?resize=768%2C335&amp;ssl=1 768w, https:\/\/i0.wp.com\/www.shqiperia.com\/blog\/wp-content\/uploads\/2019\/12\/cokollate-zeze-konsumim-kujdes-cdo-765x510-1-905x395-1.jpg?resize=450%2C196&amp;ssl=1 450w, https:\/\/i0.wp.com\/www.shqiperia.com\/blog\/wp-content\/uploads\/2019\/12\/cokollate-zeze-konsumim-kujdes-cdo-765x510-1-905x395-1.jpg?resize=600%2C262&amp;ssl=1 600w, https:\/\/i0.wp.com\/www.shqiperia.com\/blog\/wp-content\/uploads\/2019\/12\/cokollate-zeze-konsumim-kujdes-cdo-765x510-1-905x395-1.jpg?resize=400%2C175&amp;ssl=1 400w, https:\/\/i0.wp.com\/www.shqiperia.com\/blog\/wp-content\/uploads\/2019\/12\/cokollate-zeze-konsumim-kujdes-cdo-765x510-1-905x395-1.jpg?w=905&amp;ssl=1 905w\" sizes=\"auto, (max-width: 660px) 100vw, 660px\" \/><\/p>\n<p><strong>Ja vendi i par\u00eb ku \u00e7do person ha 8.8 kg. Kinez\u00ebt nuk han\u00eb fare \u00e7okollata,<\/strong><\/p>\n<p>Kur b\u00ebhet fjal\u00eb p\u00ebr \u00e7okollata, Zvicra t\u00eb vjen n\u00eb mendje. Ajo z\u00eb vendin e par\u00eb p\u00ebr konsum vjetor q\u00eb arrin deri n\u00eb 8.8 kg p\u00ebr frym\u00eb.<\/p>\n<p>Vendi \u00ebsht\u00eb i njohur p\u00ebr industrin\u00eb e tij t\u00eb shk\u00eblqyeshme t\u00eb \u00e7okollatave me Toblerone nj\u00eb nga markat \u00a0m\u00eb t\u00eb njohura.<\/p>\n<p><img data-recalc-dims=\"1\" loading=\"lazy\" decoding=\"async\" data-attachment-id=\"29769\" data-permalink=\"https:\/\/www.shqiperia.com\/blog\/ja-vendi-i-pare-ku-cdo-person-ha-8-8-kg-kinezet-nuk-hane-fare-cokollata\/cokollata\/\" data-orig-file=\"https:\/\/i0.wp.com\/www.shqiperia.com\/blog\/wp-content\/uploads\/2019\/12\/cokollata.jpg?fit=830%2C622&amp;ssl=1\" data-orig-size=\"830,622\" data-comments-opened=\"1\" data-image-meta=\"{&quot;aperture&quot;:&quot;0&quot;,&quot;credit&quot;:&quot;&quot;,&quot;camera&quot;:&quot;&quot;,&quot;caption&quot;:&quot;&quot;,&quot;created_timestamp&quot;:&quot;0&quot;,&quot;copyright&quot;:&quot;&quot;,&quot;focal_length&quot;:&quot;0&quot;,&quot;iso&quot;:&quot;0&quot;,&quot;shutter_speed&quot;:&quot;0&quot;,&quot;title&quot;:&quot;&quot;,&quot;orientation&quot;:&quot;0&quot;}\" data-image-title=\"cokollata\" data-image-description=\"\" data-image-caption=\"\" data-medium-file=\"https:\/\/i0.wp.com\/www.shqiperia.com\/blog\/wp-content\/uploads\/2019\/12\/cokollata.jpg?fit=300%2C225&amp;ssl=1\" data-large-file=\"https:\/\/i0.wp.com\/www.shqiperia.com\/blog\/wp-content\/uploads\/2019\/12\/cokollata.jpg?fit=830%2C622&amp;ssl=1\" class=\"alignnone  wp-image-29769\" alt=\"\" src=\"https:\/\/i0.wp.com\/www.shqiperia.com\/blog\/wp-content\/uploads\/2019\/12\/cokollata.jpg?resize=847%2C635&#038;ssl=1\" width=\"847\" height=\"635\" srcset=\"https:\/\/i0.wp.com\/www.shqiperia.com\/blog\/wp-content\/uploads\/2019\/12\/cokollata.jpg?resize=300%2C225&amp;ssl=1 300w, https:\/\/i0.wp.com\/www.shqiperia.com\/blog\/wp-content\/uploads\/2019\/12\/cokollata.jpg?resize=768%2C576&amp;ssl=1 768w, https:\/\/i0.wp.com\/www.shqiperia.com\/blog\/wp-content\/uploads\/2019\/12\/cokollata.jpg?resize=450%2C337&amp;ssl=1 450w, https:\/\/i0.wp.com\/www.shqiperia.com\/blog\/wp-content\/uploads\/2019\/12\/cokollata.jpg?resize=600%2C450&amp;ssl=1 600w, https:\/\/i0.wp.com\/www.shqiperia.com\/blog\/wp-content\/uploads\/2019\/12\/cokollata.jpg?resize=400%2C300&amp;ssl=1 400w, https:\/\/i0.wp.com\/www.shqiperia.com\/blog\/wp-content\/uploads\/2019\/12\/cokollata.jpg?w=830&amp;ssl=1 830w\" sizes=\"auto, (max-width: 847px) 100vw, 847px\" \/><\/p>\n<p>Austria fqinj dhe Gjermania jan\u00eb gjithashtu n\u00eb list\u00eb me p\u00ebrkat\u00ebsisht 8.1 dhe 7.9 kilogram\u00eb. T\u00eb dh\u00ebnat e konsumit u botuan nga \u00e7okollata zvicerane dhe kompania e \u00ebmb\u00eblsirave Lindt.<\/p>\n<p>Vendet q\u00eb konsumojn\u00eb m\u00eb pak \u00e7okollata jan\u00eb dy vendet aziatike, Japonia dhe Kina.<\/p>\n<p><img data-recalc-dims=\"1\" loading=\"lazy\" decoding=\"async\" data-attachment-id=\"29770\" data-permalink=\"https:\/\/www.shqiperia.com\/blog\/ja-vendi-i-pare-ku-cdo-person-ha-8-8-kg-kinezet-nuk-hane-fare-cokollata\/shtetet\/\" data-orig-file=\"https:\/\/i0.wp.com\/www.shqiperia.com\/blog\/wp-content\/uploads\/2019\/12\/shtetet.jpeg?fit=960%2C684&amp;ssl=1\" data-orig-size=\"960,684\" data-comments-opened=\"1\" data-image-meta=\"{&quot;aperture&quot;:&quot;0&quot;,&quot;credit&quot;:&quot;&quot;,&quot;camera&quot;:&quot;&quot;,&quot;caption&quot;:&quot;&quot;,&quot;created_timestamp&quot;:&quot;0&quot;,&quot;copyright&quot;:&quot;&quot;,&quot;focal_length&quot;:&quot;0&quot;,&quot;iso&quot;:&quot;0&quot;,&quot;shutter_speed&quot;:&quot;0&quot;,&quot;title&quot;:&quot;&quot;,&quot;orientation&quot;:&quot;0&quot;}\" data-image-title=\"shtetet\" data-image-description=\"\" data-image-caption=\"\" data-medium-file=\"https:\/\/i0.wp.com\/www.shqiperia.com\/blog\/wp-content\/uploads\/2019\/12\/shtetet.jpeg?fit=300%2C214&amp;ssl=1\" data-large-file=\"https:\/\/i0.wp.com\/www.shqiperia.com\/blog\/wp-content\/uploads\/2019\/12\/shtetet.jpeg?fit=960%2C684&amp;ssl=1\" class=\"alignnone  wp-image-29770\" alt=\"\" src=\"https:\/\/i0.wp.com\/www.shqiperia.com\/blog\/wp-content\/uploads\/2019\/12\/shtetet.jpeg?resize=774%2C552&#038;ssl=1\" width=\"774\" height=\"552\" srcset=\"https:\/\/i0.wp.com\/www.shqiperia.com\/blog\/wp-content\/uploads\/2019\/12\/shtetet.jpeg?resize=300%2C214&amp;ssl=1 300w, https:\/\/i0.wp.com\/www.shqiperia.com\/blog\/wp-content\/uploads\/2019\/12\/shtetet.jpeg?resize=768%2C547&amp;ssl=1 768w, https:\/\/i0.wp.com\/www.shqiperia.com\/blog\/wp-content\/uploads\/2019\/12\/shtetet.jpeg?resize=450%2C321&amp;ssl=1 450w, https:\/\/i0.wp.com\/www.shqiperia.com\/blog\/wp-content\/uploads\/2019\/12\/shtetet.jpeg?resize=600%2C428&amp;ssl=1 600w, https:\/\/i0.wp.com\/www.shqiperia.com\/blog\/wp-content\/uploads\/2019\/12\/shtetet.jpeg?resize=400%2C285&amp;ssl=1 400w, https:\/\/i0.wp.com\/www.shqiperia.com\/blog\/wp-content\/uploads\/2019\/12\/shtetet.jpeg?w=960&amp;ssl=1 960w\" sizes=\"auto, (max-width: 774px) 100vw, 774px\" \/><\/p>\n<p>Gazeta Dita<\/p>\n","protected":false},"excerpt":{"rendered":"<p>Ja vendi i par\u00eb ku \u00e7do person ha 8.8 kg. Kinez\u00ebt nuk han\u00eb fare \u00e7okollata, Kur b\u00ebhet fjal\u00eb p\u00ebr \u00e7okollata, Zvicra t\u00eb vjen n\u00eb mendje. Ajo z\u00eb vendin e par\u00eb p\u00ebr konsum vjetor q\u00eb arrin deri n\u00eb 8.8 kg p\u00ebr frym\u00eb. Vendi \u00ebsht\u00eb i njohur p\u00ebr industrin\u00eb e tij t\u00eb shk\u00eblqyeshme t\u00eb \u00e7okollatave me Toblerone [&hellip;]<\/p>\n","protected":false},"author":9,"featured_media":29768,"comment_status":"open","ping_status":"open","sticky":false,"template":"","format":"standard","meta":{"jetpack_post_was_ever_published":false,"_jetpack_newsletter_access":"","_jetpack_dont_email_post_to_subs":false,"_jetpack_newsletter_tier_id":0,"_jetpack_memberships_contains_paywalled_content":false,"_jetpack_memberships_contains_paid_content":false,"footnotes":"","jetpack_publicize_message":"","jetpack_publicize_feature_enabled":true,"jetpack_social_post_already_shared":true,"jetpack_social_options":{"image_generator_settings":{"template":"highway","default_image_id":0,"font":"","enabled":false},"version":2}},"categories":[27,35],"tags":[],"class_list":["post-29767","post","type-post","status-publish","format-standard","has-post-thumbnail","hentry","category-blogu-i-udhetarit","category-shoqerore"],"jetpack_publicize_connections":[],"jetpack_featured_media_url":"https:\/\/i0.wp.com\/www.shqiperia.com\/blog\/wp-content\/uploads\/2019\/12\/cokollate-zeze-konsumim-kujdes-cdo-765x510-1-905x395-1.jpg?fit=905%2C395&ssl=1","jetpack_sharing_enabled":true,"jetpack_shortlink":"https:\/\/wp.me\/p5Z6wp-7K7","jetpack-related-posts":[{"id":94813,"url":"https:\/\/www.shqiperia.com\/blog\/cokollata-me-insekte-aku-i-kap-ne-rrjetin-e-supermarketeve-diambe-ne-qytetin-e-durresit\/","url_meta":{"origin":29767,"position":0},"title":"\u00c7okollata me insekte, AKU i kap n\u00eb rrjetin e supermarketeve \u201cDiambe\u201d n\u00eb qytetin e Durr\u00ebsit","author":"Kurt Farka","date":"November 11, 2025","format":false,"excerpt":"11 Nentor 2025 Rrjeti i supermarketeve \u201cDiambe\u201d n\u00eb qytetin e Durr\u00ebsit ka shitur p\u00ebr qytetar\u00ebt \u00e7okollata me insekte. \u00c7okollata Talarki Money Euro 100 g, q\u00eb n\u00eb dukje ka pamjen e monedhave europiane, n\u00eb cil\u00ebsi nuk \u00ebsht\u00eb e till\u00eb dhe k\u00ebt\u00eb e konstatojn\u00eb insektet q\u00eb jan\u00eb brenda saj. AKU, pasi ka\u2026","rel":"","context":"In &quot;Blogu i Udh\u00ebtarit&quot;","block_context":{"text":"Blogu i Udh\u00ebtarit","link":"https:\/\/www.shqiperia.com\/blog\/category\/blogu-i-udhetarit\/"},"img":{"alt_text":"","src":"https:\/\/i0.wp.com\/www.shqiperia.com\/blog\/wp-content\/uploads\/2025\/11\/655454_sd-800x450-1.jpg?fit=800%2C450&ssl=1&resize=350%2C200","width":350,"height":200,"srcset":"https:\/\/i0.wp.com\/www.shqiperia.com\/blog\/wp-content\/uploads\/2025\/11\/655454_sd-800x450-1.jpg?fit=800%2C450&ssl=1&resize=350%2C200 1x, https:\/\/i0.wp.com\/www.shqiperia.com\/blog\/wp-content\/uploads\/2025\/11\/655454_sd-800x450-1.jpg?fit=800%2C450&ssl=1&resize=525%2C300 1.5x, https:\/\/i0.wp.com\/www.shqiperia.com\/blog\/wp-content\/uploads\/2025\/11\/655454_sd-800x450-1.jpg?fit=800%2C450&ssl=1&resize=700%2C400 2x"},"classes":[]},{"id":70281,"url":"https:\/\/www.shqiperia.com\/blog\/salep-pije-energjike-kakao-e-cokollata-tenderi-i-luksit-i-albcontrollit-te-ballukut\/","url_meta":{"origin":29767,"position":1},"title":"Salep, pije energjike, kakao e \u00e7okollata\/ Tenderi i luksit i Albcontrollit t\u00eb Ballukut","author":"Kurt Farka","date":"March 30, 2023","format":false,"excerpt":"30 Mars 2023 N\u00eb t\u00eb nj\u00ebjt\u00ebn koh\u00eb, punonj\u00ebsit e superpaguar t\u00eb Albcontrol k\u00ebrkojn\u00eb edhe pije energjike gjat\u00eb orarit t\u00eb pun\u00ebs, por edhe pije freskuese. Kapu\u00e7ino, schweppes, pije energjike, \u00e7okollata, qum\u00ebsht. K\u00ebto nuk jan\u00eb produkte q\u00eb k\u00ebrkohen nga ndonj\u00eb bar n\u00eb Bllok, por jan\u00eb porosi me tender t\u00eb ve\u00e7ant\u00eb nga nj\u00eb\u2026","rel":"","context":"In &quot;Blogu i Udh\u00ebtarit&quot;","block_context":{"text":"Blogu i Udh\u00ebtarit","link":"https:\/\/www.shqiperia.com\/blog\/category\/blogu-i-udhetarit\/"},"img":{"alt_text":"","src":"https:\/\/i0.wp.com\/www.shqiperia.com\/blog\/wp-content\/uploads\/2023\/03\/balluku-1.gif?fit=734%2C418&ssl=1&resize=350%2C200","width":350,"height":200,"srcset":"https:\/\/i0.wp.com\/www.shqiperia.com\/blog\/wp-content\/uploads\/2023\/03\/balluku-1.gif?fit=734%2C418&ssl=1&resize=350%2C200 1x, https:\/\/i0.wp.com\/www.shqiperia.com\/blog\/wp-content\/uploads\/2023\/03\/balluku-1.gif?fit=734%2C418&ssl=1&resize=525%2C300 1.5x, https:\/\/i0.wp.com\/www.shqiperia.com\/blog\/wp-content\/uploads\/2023\/03\/balluku-1.gif?fit=734%2C418&ssl=1&resize=700%2C400 2x"},"classes":[]},{"id":49127,"url":"https:\/\/www.shqiperia.com\/blog\/lende-te-rrezikshme-ne-akullore-dhe-cokollata-aku-kerkon-asgjesimin-e-36-tone-akullore-bounty-snickers-dhe-twix\/","url_meta":{"origin":29767,"position":2},"title":"L\u00ebnd\u00eb t\u00eb rrezikshme n\u00eb akullore dhe \u00e7okollata! &#8211; AKU k\u00ebrkon asgj\u00ebsimin e 36 ton\u00eb akullore &#8220;Bounty&#8221;, &#8220;Snickers&#8221; dhe &#8220;Twix&#8221;","author":"Kurt Farka","date":"August 13, 2021","format":false,"excerpt":"L\u00ebnd\u00eb t\u00eb rrezikshme n\u00eb akullore dhe \u00e7okollata! - AKU k\u00ebrkon asgj\u00ebsimin e 36 ton\u00eb akullore \"Bounty\", \"Snickers\" dhe \"Twix\" 13 GUSHT 2021 N\u00eb \u00e7okollatat dhe akulloret e kompanis\u00eb \u201cMars\u201d \u00ebsht\u00eb konstatuar oksid etileni, nj\u00eb substanc\u00eb shum\u00eb e rrezikshme p\u00ebr sh\u00ebndetin e konsumator\u00ebve. Nga kjo e premte nuk do t`i shihni\u2026","rel":"","context":"In &quot;Blogu i Udh\u00ebtarit&quot;","block_context":{"text":"Blogu i Udh\u00ebtarit","link":"https:\/\/www.shqiperia.com\/blog\/category\/blogu-i-udhetarit\/"},"img":{"alt_text":"","src":"https:\/\/i0.wp.com\/www.shqiperia.com\/blog\/wp-content\/uploads\/2021\/08\/640-0-6116d66961dd4.jpg?fit=640%2C355&ssl=1&resize=350%2C200","width":350,"height":200,"srcset":"https:\/\/i0.wp.com\/www.shqiperia.com\/blog\/wp-content\/uploads\/2021\/08\/640-0-6116d66961dd4.jpg?fit=640%2C355&ssl=1&resize=350%2C200 1x, https:\/\/i0.wp.com\/www.shqiperia.com\/blog\/wp-content\/uploads\/2021\/08\/640-0-6116d66961dd4.jpg?fit=640%2C355&ssl=1&resize=525%2C300 1.5x"},"classes":[]},{"id":70427,"url":"https:\/\/www.shqiperia.com\/blog\/ka-interesin-e-kucedres-qe-po-vendoset-ne-skavice-pd-balluku-po-pasurohet-me-miliona-para-te-vjedhura-eshte-zhvendosur-ne-diber\/","url_meta":{"origin":29767,"position":3},"title":"\u201cKa interesin e \u2018ku\u00e7edr\u00ebs\u2019 q\u00eb po vendoset n\u00eb Skavic\u00eb\u201d- PD: Balluku po pasurohet me miliona para t\u00eb vjedhura. \u00cbsht\u00eb zhvendosur n\u00eb Dib\u00ebr\u2026","author":"Kurt Farka","date":"April 3, 2023","format":false,"excerpt":"3 Prill 2023 \u00c7lirim Gjata n\u00eb nj\u00eb takim n\u00eb Dib\u00ebr ku prezantoi kandidati i Primareve p\u00ebr kryetar bashkie, Ismail Uka, denoncoi paligjshm\u00ebrin\u00eb e z\u00ebvend\u00ebskryeministres Belinda Balluku, nj\u00ebher\u00ebsh ministre e Infrastruktur\u00ebs. Gjat\u00eb fjal\u00ebs s\u00eb tij, Gjata theksoi se Balluku bashk\u00eb me administrat\u00ebn e saj n\u00eb Tiran\u00eb jan\u00eb p\u00ebrqendruar t\u00eb gjith\u00eb n\u00eb\u2026","rel":"","context":"In &quot;Blogu i Udh\u00ebtarit&quot;","block_context":{"text":"Blogu i Udh\u00ebtarit","link":"https:\/\/www.shqiperia.com\/blog\/category\/blogu-i-udhetarit\/"},"img":{"alt_text":"","src":"https:\/\/i0.wp.com\/www.shqiperia.com\/blog\/wp-content\/uploads\/2023\/04\/Balluku.jpg?fit=940%2C628&ssl=1&resize=350%2C200","width":350,"height":200,"srcset":"https:\/\/i0.wp.com\/www.shqiperia.com\/blog\/wp-content\/uploads\/2023\/04\/Balluku.jpg?fit=940%2C628&ssl=1&resize=350%2C200 1x, https:\/\/i0.wp.com\/www.shqiperia.com\/blog\/wp-content\/uploads\/2023\/04\/Balluku.jpg?fit=940%2C628&ssl=1&resize=525%2C300 1.5x, https:\/\/i0.wp.com\/www.shqiperia.com\/blog\/wp-content\/uploads\/2023\/04\/Balluku.jpg?fit=940%2C628&ssl=1&resize=700%2C400 2x"},"classes":[]},{"id":9136,"url":"https:\/\/www.shqiperia.com\/blog\/arrat-heqin-stresin-si-me-magji\/","url_meta":{"origin":29767,"position":4},"title":"Arrat heqin stresin si me magji. &#8211;","author":"Kurt Farka","date":"June 26, 2018","format":false,"excerpt":"Arrat heqin stresin si me magji. - N\u00ebse ndiheni t\u00eb stresuar, mund t\u00eb gjeni ushqime p\u00ebr t\u2019ju b\u00ebr\u00eb t\u00eb ndiheni m\u00eb mir\u00eb. Arrat jan\u00eb nj\u00eb nga ushqimet m\u00eb t\u00eb preferuara p\u00ebr ta menaxhuar dhe luftuar stresin n\u00eb nj\u00eb koh\u00eb t\u00eb ngarkuar qoft\u00eb n\u00eb pun\u00eb, apo n\u00eb jet\u00ebn sentimentale, transmeton tch.\u2026","rel":"","context":"In &quot;Blogu i Udh\u00ebtarit&quot;","block_context":{"text":"Blogu i Udh\u00ebtarit","link":"https:\/\/www.shqiperia.com\/blog\/category\/blogu-i-udhetarit\/"},"img":{"alt_text":"","src":"https:\/\/i0.wp.com\/www.shqiperia.com\/blog\/wp-content\/uploads\/2018\/06\/arrat1_1525970931-2559612.jpg?fit=633%2C347&ssl=1&resize=350%2C200","width":350,"height":200,"srcset":"https:\/\/i0.wp.com\/www.shqiperia.com\/blog\/wp-content\/uploads\/2018\/06\/arrat1_1525970931-2559612.jpg?fit=633%2C347&ssl=1&resize=350%2C200 1x, https:\/\/i0.wp.com\/www.shqiperia.com\/blog\/wp-content\/uploads\/2018\/06\/arrat1_1525970931-2559612.jpg?fit=633%2C347&ssl=1&resize=525%2C300 1.5x"},"classes":[]},{"id":53804,"url":"https:\/\/www.shqiperia.com\/blog\/grafiku-po-shtrenjtohet-gjithcka-dhe-do-vijoje-ne-krye-jane-ushqimet-sa-po-na-kushton-jetesa-krahasuar-me-nje-vit-me-pare\/","url_meta":{"origin":29767,"position":5},"title":"Grafiku: &#8211; Po shtrenjtohet gjith\u00e7ka dhe do vijoj\u00eb! N\u00eb krye jan\u00eb ushqimet, sa po na kushton jetesa, krahasuar me nj\u00eb vit m\u00eb par\u00eb","author":"Kurt Farka","date":"February 7, 2022","format":false,"excerpt":"Grafiku: - Po shtrenjtohet gjith\u00e7ka dhe do vijoj\u00eb! N\u00eb krye jan\u00eb ushqimet, sa po na kushton jetesa, krahasuar me nj\u00eb vit m\u00eb par\u00eb Shkurt 2022 GRAFIKU: Po shtrenjtohet gjith\u00e7ka dhe do vijoj\u00eb! N\u00eb krye jan\u00eb ushqimet, sa po na kushton jetesa, krahasuar me nj\u00eb vit m\u00eb par\u00eb Rritja e \u00e7mimeve\u2026","rel":"","context":"In &quot;Blogu i Udh\u00ebtarit&quot;","block_context":{"text":"Blogu i Udh\u00ebtarit","link":"https:\/\/www.shqiperia.com\/blog\/category\/blogu-i-udhetarit\/"},"img":{"alt_text":"","src":"https:\/\/i0.wp.com\/www.shqiperia.com\/blog\/wp-content\/uploads\/2022\/02\/Screenshot_20220203-094816_Gallery-905x450-1.jpg?fit=905%2C450&ssl=1&resize=350%2C200","width":350,"height":200,"srcset":"https:\/\/i0.wp.com\/www.shqiperia.com\/blog\/wp-content\/uploads\/2022\/02\/Screenshot_20220203-094816_Gallery-905x450-1.jpg?fit=905%2C450&ssl=1&resize=350%2C200 1x, https:\/\/i0.wp.com\/www.shqiperia.com\/blog\/wp-content\/uploads\/2022\/02\/Screenshot_20220203-094816_Gallery-905x450-1.jpg?fit=905%2C450&ssl=1&resize=525%2C300 1.5x, https:\/\/i0.wp.com\/www.shqiperia.com\/blog\/wp-content\/uploads\/2022\/02\/Screenshot_20220203-094816_Gallery-905x450-1.jpg?fit=905%2C450&ssl=1&resize=700%2C400 2x"},"classes":[]}],"_links":{"self":[{"href":"https:\/\/www.shqiperia.com\/blog\/wp-json\/wp\/v2\/posts\/29767","targetHints":{"allow":["GET"]}}],"collection":[{"href":"https:\/\/www.shqiperia.com\/blog\/wp-json\/wp\/v2\/posts"}],"about":[{"href":"https:\/\/www.shqiperia.com\/blog\/wp-json\/wp\/v2\/types\/post"}],"author":[{"embeddable":true,"href":"https:\/\/www.shqiperia.com\/blog\/wp-json\/wp\/v2\/users\/9"}],"replies":[{"embeddable":true,"href":"https:\/\/www.shqiperia.com\/blog\/wp-json\/wp\/v2\/comments?post=29767"}],"version-history":[{"count":1,"href":"https:\/\/www.shqiperia.com\/blog\/wp-json\/wp\/v2\/posts\/29767\/revisions"}],"predecessor-version":[{"id":29771,"href":"https:\/\/www.shqiperia.com\/blog\/wp-json\/wp\/v2\/posts\/29767\/revisions\/29771"}],"wp:featuredmedia":[{"embeddable":true,"href":"https:\/\/www.shqiperia.com\/blog\/wp-json\/wp\/v2\/media\/29768"}],"wp:attachment":[{"href":"https:\/\/www.shqiperia.com\/blog\/wp-json\/wp\/v2\/media?parent=29767"}],"wp:term":[{"taxonomy":"category","embeddable":true,"href":"https:\/\/www.shqiperia.com\/blog\/wp-json\/wp\/v2\/categories?post=29767"},{"taxonomy":"post_tag","embeddable":true,"href":"https:\/\/www.shqiperia.com\/blog\/wp-json\/wp\/v2\/tags?post=29767"}],"curies":[{"name":"wp","href":"https:\/\/api.w.org\/{rel}","templated":true}]}}