{"id":29762,"date":"2019-12-27T16:46:37","date_gmt":"2019-12-27T16:46:37","guid":{"rendered":"https:\/\/www.shqiperia.com\/blog\/?p=29762"},"modified":"2019-12-27T16:47:00","modified_gmt":"2019-12-27T16:47:00","slug":"studimi-besimi-tek-feja-si-ndryshojne-shtetet-e-europes-nga-njeri-tjetri","status":"publish","type":"post","link":"https:\/\/www.shqiperia.com\/blog\/studimi-besimi-tek-feja-si-ndryshojne-shtetet-e-europes-nga-njeri-tjetri\/","title":{"rendered":"Studimi: Besimi tek feja, si ndryshojn\u00eb shtetet e Europ\u00ebs nga nj\u00ebri-tjetri?"},"content":{"rendered":"<p><img data-recalc-dims=\"1\" loading=\"lazy\" decoding=\"async\" data-attachment-id=\"29763\" data-permalink=\"https:\/\/www.shqiperia.com\/blog\/studimi-besimi-tek-feja-si-ndryshojne-shtetet-e-europes-nga-njeri-tjetri\/altar-arch-cathedral-church-wallpaper-preview-905x395\/\" data-orig-file=\"https:\/\/i0.wp.com\/www.shqiperia.com\/blog\/wp-content\/uploads\/2019\/12\/altar-arch-cathedral-church-wallpaper-preview-905x395-1.jpg?fit=905%2C395&amp;ssl=1\" data-orig-size=\"905,395\" data-comments-opened=\"1\" data-image-meta=\"{&quot;aperture&quot;:&quot;0&quot;,&quot;credit&quot;:&quot;&quot;,&quot;camera&quot;:&quot;&quot;,&quot;caption&quot;:&quot;&quot;,&quot;created_timestamp&quot;:&quot;0&quot;,&quot;copyright&quot;:&quot;&quot;,&quot;focal_length&quot;:&quot;0&quot;,&quot;iso&quot;:&quot;0&quot;,&quot;shutter_speed&quot;:&quot;0&quot;,&quot;title&quot;:&quot;&quot;,&quot;orientation&quot;:&quot;0&quot;}\" data-image-title=\"altar-arch-cathedral-church-wallpaper-preview-905&#215;395\" data-image-description=\"\" data-image-caption=\"\" data-medium-file=\"https:\/\/i0.wp.com\/www.shqiperia.com\/blog\/wp-content\/uploads\/2019\/12\/altar-arch-cathedral-church-wallpaper-preview-905x395-1.jpg?fit=300%2C131&amp;ssl=1\" data-large-file=\"https:\/\/i0.wp.com\/www.shqiperia.com\/blog\/wp-content\/uploads\/2019\/12\/altar-arch-cathedral-church-wallpaper-preview-905x395-1.jpg?fit=905%2C395&amp;ssl=1\" class=\"alignnone wp-image-29763\" alt=\"\" src=\"https:\/\/i0.wp.com\/www.shqiperia.com\/blog\/wp-content\/uploads\/2019\/12\/altar-arch-cathedral-church-wallpaper-preview-905x395-1.jpg?resize=676%2C295&#038;ssl=1\" width=\"676\" height=\"295\" srcset=\"https:\/\/i0.wp.com\/www.shqiperia.com\/blog\/wp-content\/uploads\/2019\/12\/altar-arch-cathedral-church-wallpaper-preview-905x395-1.jpg?resize=300%2C131&amp;ssl=1 300w, https:\/\/i0.wp.com\/www.shqiperia.com\/blog\/wp-content\/uploads\/2019\/12\/altar-arch-cathedral-church-wallpaper-preview-905x395-1.jpg?resize=768%2C335&amp;ssl=1 768w, https:\/\/i0.wp.com\/www.shqiperia.com\/blog\/wp-content\/uploads\/2019\/12\/altar-arch-cathedral-church-wallpaper-preview-905x395-1.jpg?resize=450%2C196&amp;ssl=1 450w, https:\/\/i0.wp.com\/www.shqiperia.com\/blog\/wp-content\/uploads\/2019\/12\/altar-arch-cathedral-church-wallpaper-preview-905x395-1.jpg?resize=600%2C262&amp;ssl=1 600w, https:\/\/i0.wp.com\/www.shqiperia.com\/blog\/wp-content\/uploads\/2019\/12\/altar-arch-cathedral-church-wallpaper-preview-905x395-1.jpg?resize=400%2C175&amp;ssl=1 400w, https:\/\/i0.wp.com\/www.shqiperia.com\/blog\/wp-content\/uploads\/2019\/12\/altar-arch-cathedral-church-wallpaper-preview-905x395-1.jpg?w=905&amp;ssl=1 905w\" sizes=\"auto, (max-width: 676px) 100vw, 676px\" \/><\/p>\n<p><strong>Studimi: Besimi tek feja, si ndryshojn\u00eb shtetet e Europ\u00ebs nga nj\u00ebri-tjetri?<\/strong><\/p>\n<p>27 dhjetor\u00a0 2019<\/p>\n<p>Evropian\u00ebt n\u00eb p\u00ebrgjith\u00ebsi jan\u00eb m\u00eb pak fetar\u00eb sesa njer\u00ebzit n\u00eb pjes\u00eb t\u00eb tjera t\u00eb bot\u00ebs.<\/p>\n<p>Por brenda Evrop\u00ebs, ndonj\u00ebher\u00eb ka dallime t\u00eb konsiderueshme n\u00eb nivelet e angazhimit fetar, sipas nj\u00eb analize t\u00eb sondazheve t\u00eb fundit t\u00eb Qendr\u00ebs s\u00eb K\u00ebrkimeve Pew n\u00eb 34 vende.<\/p>\n<p>Ka shum\u00eb m\u00ebnyra p\u00ebr t\u00eb p\u00ebrcaktuar se \u00e7far\u00eb do t\u00eb thot\u00eb t\u00eb jesh fetar, por kjo analiz\u00eb \u00ebsht\u00eb fokusuar n\u00eb kat\u00ebr element\u00eb t\u00eb respektimit fetar: frekuentimin e sh\u00ebrbimit fetar, frekuenc\u00ebn e lutjes, besimin n\u00eb Zot dhe r\u00ebnd\u00ebsin\u00eb e fes\u00eb n\u00eb jet\u00ebn e nj\u00eb personi.<\/p>\n<p>Por \u00e7far\u00eb do t\u00eb thot\u00eb t\u00eb jesh \u201cshum\u00eb fetar\u201d?<\/p>\n<p>N\u00eb k\u00ebt\u00eb analiz\u00eb, kjo p\u00ebrfshin \u00e7do person t\u00eb rritur q\u00eb raporton se \u00ebsht\u00eb shum\u00eb v\u00ebzhgues n\u00eb t\u00eb pakt\u00ebn dy nga kat\u00ebr masat dhe nuk raporton nj\u00eb nivel t\u00eb ul\u00ebt t\u00eb respektimit fetar n\u00eb ndonj\u00eb nga k\u00ebto kat\u00ebr fusha: t\u00eb ndjek\u00ebsh sh\u00ebrbime fetare t\u00eb pakt\u00ebn \u00e7do muaj, t\u00eb lutesh t\u00eb pakt\u00ebn \u00e7do dit\u00eb, duke besuar n\u00eb Zot me siguri absolute dhe duke th\u00ebn\u00eb se feja \u00ebsht\u00eb shum\u00eb e r\u00ebnd\u00ebsishme p\u00ebr ta.<\/p>\n<p>N\u00eb p\u00ebrgjith\u00ebsi, evropian\u00ebt qendror\u00eb dhe lindor\u00eb kan\u00eb m\u00eb shum\u00eb t\u00eb ngjar\u00eb se evropian\u00ebt per\u00ebndimor\u00eb t\u00eb jen\u00eb shum\u00eb fetar\u00eb.<\/p>\n<p><img data-recalc-dims=\"1\" loading=\"lazy\" decoding=\"async\" data-attachment-id=\"29764\" data-permalink=\"https:\/\/www.shqiperia.com\/blog\/studimi-besimi-tek-feja-si-ndryshojne-shtetet-e-europes-nga-njeri-tjetri\/tab-2\/\" data-orig-file=\"https:\/\/i0.wp.com\/www.shqiperia.com\/blog\/wp-content\/uploads\/2019\/12\/tab-2.jpg?fit=679%2C619&amp;ssl=1\" data-orig-size=\"679,619\" data-comments-opened=\"1\" data-image-meta=\"{&quot;aperture&quot;:&quot;0&quot;,&quot;credit&quot;:&quot;Johana&quot;,&quot;camera&quot;:&quot;&quot;,&quot;caption&quot;:&quot;&quot;,&quot;created_timestamp&quot;:&quot;1577459213&quot;,&quot;copyright&quot;:&quot;&quot;,&quot;focal_length&quot;:&quot;0&quot;,&quot;iso&quot;:&quot;0&quot;,&quot;shutter_speed&quot;:&quot;0&quot;,&quot;title&quot;:&quot;&quot;,&quot;orientation&quot;:&quot;0&quot;}\" data-image-title=\"tab-2\" data-image-description=\"\" data-image-caption=\"\" data-medium-file=\"https:\/\/i0.wp.com\/www.shqiperia.com\/blog\/wp-content\/uploads\/2019\/12\/tab-2.jpg?fit=300%2C273&amp;ssl=1\" data-large-file=\"https:\/\/i0.wp.com\/www.shqiperia.com\/blog\/wp-content\/uploads\/2019\/12\/tab-2.jpg?fit=679%2C619&amp;ssl=1\" class=\"alignnone wp-image-29764\" alt=\"\" src=\"https:\/\/i0.wp.com\/www.shqiperia.com\/blog\/wp-content\/uploads\/2019\/12\/tab-2.jpg?resize=748%2C681&#038;ssl=1\" width=\"748\" height=\"681\" srcset=\"https:\/\/i0.wp.com\/www.shqiperia.com\/blog\/wp-content\/uploads\/2019\/12\/tab-2.jpg?resize=300%2C273&amp;ssl=1 300w, https:\/\/i0.wp.com\/www.shqiperia.com\/blog\/wp-content\/uploads\/2019\/12\/tab-2.jpg?resize=450%2C410&amp;ssl=1 450w, https:\/\/i0.wp.com\/www.shqiperia.com\/blog\/wp-content\/uploads\/2019\/12\/tab-2.jpg?resize=600%2C547&amp;ssl=1 600w, https:\/\/i0.wp.com\/www.shqiperia.com\/blog\/wp-content\/uploads\/2019\/12\/tab-2.jpg?resize=400%2C365&amp;ssl=1 400w, https:\/\/i0.wp.com\/www.shqiperia.com\/blog\/wp-content\/uploads\/2019\/12\/tab-2.jpg?w=679&amp;ssl=1 679w\" sizes=\"auto, (max-width: 748px) 100vw, 748px\" \/><\/p>\n<p>Besimi n\u00eb fe sipas shteteve<\/p>\n<p>P\u00ebr shembull, n\u00eb Armeni dhe Greqi, af\u00ebrsisht gjysma e t\u00eb rriturve jan\u00eb shum\u00eb fetar\u00eb.<\/p>\n<p>Nd\u00ebrkoh\u00eb, vet\u00ebm rreth nj\u00eb n\u00eb dhjet\u00eb njer\u00ebz n\u00eb Danimark\u00eb, Suedi dhe Mbret\u00ebria e Bashkuar kualifikohen si mjaft fetar\u00eb sipas k\u00ebtyre kritereve.<\/p>\n<p>Sipas analiz\u00ebs, evropian\u00ebt per\u00ebndimor\u00eb t\u00eb thon\u00eb se feja \u00ebsht\u00eb shum\u00eb e r\u00ebnd\u00ebsishme n\u00eb jet\u00ebn e tyre. Ata ndjekin sh\u00ebrbime fetare t\u00eb pakt\u00ebn \u00e7do muaj, ata luten \u00e7do dit\u00eb, dhe ata besojn\u00eb n\u00eb Zot me siguri absolute.<\/p>\n<p>P\u00ebr shembull, gjysma ose m\u00eb shum\u00eb t\u00eb rritur n\u00eb Armeni, Bosnje, Gjeorgji, Greqi dhe Rumani thon\u00eb se feja \u00ebsht\u00eb shum\u00eb e r\u00ebnd\u00ebsishme n\u00eb jet\u00ebn e tyre, krahasuar me rreth nj\u00eb n\u00eb nj\u00eb dhjet\u00eb n\u00eb Franc\u00eb, Gjermani, Mbret\u00ebrin\u00eb e Bashkuar dhe disa vende t\u00eb tjera t\u00eb Evrop\u00ebs Per\u00ebndimore.<\/p>\n<p>N\u00eb t\u00eb nj\u00ebjt\u00ebn koh\u00eb, jo t\u00eb gjitha vendet n\u00eb Evrop\u00ebn Per\u00ebndimore kan\u00eb nivele t\u00eb ul\u00ebta t\u00eb p\u00ebrkushtimit fetar, dhe jo t\u00eb gjitha vendet n\u00eb Evrop\u00ebn Qendrore dhe Lindore jan\u00eb n\u00eb vendin m\u00eb t\u00eb lart\u00eb t\u00eb indeksit.<\/p>\n<p>P\u00ebr shembull, 37% e t\u00eb rriturve portugez\u00eb jan\u00eb shum\u00eb fetar\u00eb, m\u00eb shum\u00eb se vendet e tjera t\u00eb Evrop\u00ebs Per\u00ebndimore dhe n\u00eb p\u00ebrputhje me Polonin\u00eb.<\/p>\n<p>Dhe Republika \u00c7eke dhe Estonia kan\u00eb nivele fetare t\u00eb ngjashme me Danimark\u00ebn, duksh\u00ebm m\u00eb t\u00eb ul\u00ebta se ato n\u00eb shumic\u00ebn e vendeve t\u00eb tjera t\u00eb Evrop\u00ebs Qendrore dhe Lindore.<\/p>\n<p>Gazeta Dita<\/p>\n","protected":false},"excerpt":{"rendered":"<p>Studimi: Besimi tek feja, si ndryshojn\u00eb shtetet e Europ\u00ebs nga nj\u00ebri-tjetri? 27 dhjetor\u00a0 2019 Evropian\u00ebt n\u00eb p\u00ebrgjith\u00ebsi jan\u00eb m\u00eb pak fetar\u00eb sesa njer\u00ebzit n\u00eb pjes\u00eb t\u00eb tjera t\u00eb bot\u00ebs. Por brenda Evrop\u00ebs, ndonj\u00ebher\u00eb ka dallime t\u00eb konsiderueshme n\u00eb nivelet e angazhimit fetar, sipas nj\u00eb analize t\u00eb sondazheve t\u00eb fundit t\u00eb Qendr\u00ebs s\u00eb K\u00ebrkimeve Pew n\u00eb [&hellip;]<\/p>\n","protected":false},"author":9,"featured_media":29763,"comment_status":"open","ping_status":"open","sticky":false,"template":"","format":"standard","meta":{"jetpack_post_was_ever_published":false,"_jetpack_newsletter_access":"","_jetpack_dont_email_post_to_subs":false,"_jetpack_newsletter_tier_id":0,"_jetpack_memberships_contains_paywalled_content":false,"_jetpack_memberships_contains_paid_content":false,"footnotes":"","jetpack_publicize_message":"","jetpack_publicize_feature_enabled":true,"jetpack_social_post_already_shared":true,"jetpack_social_options":{"image_generator_settings":{"template":"highway","default_image_id":0,"font":"","enabled":false},"version":2}},"categories":[27,35],"tags":[],"class_list":["post-29762","post","type-post","status-publish","format-standard","has-post-thumbnail","hentry","category-blogu-i-udhetarit","category-shoqerore"],"jetpack_publicize_connections":[],"jetpack_featured_media_url":"https:\/\/i0.wp.com\/www.shqiperia.com\/blog\/wp-content\/uploads\/2019\/12\/altar-arch-cathedral-church-wallpaper-preview-905x395-1.jpg?fit=905%2C395&ssl=1","jetpack_sharing_enabled":true,"jetpack_shortlink":"https:\/\/wp.me\/p5Z6wp-7K2","jetpack-related-posts":[{"id":13378,"url":"https:\/\/www.shqiperia.com\/blog\/per-fene-e-ministrave-dhe-politikaneve\/","url_meta":{"origin":29762,"position":0},"title":"P\u00ebr fen\u00eb e ministrave dhe politikan\u00ebve. &#8211;","author":"Kurt Farka","date":"November 4, 2018","format":false,"excerpt":"P\u00ebr fen\u00eb e ministrave dhe politikan\u00ebve. - Feja e ministrave \u00ebsht\u00eb \u00e7\u00ebshtje private e tyre. Ajo nuk duhet t\u00eb b\u00ebhet publike dhe t\u00eb informoj\u00eb gjykimin ton\u00eb (pozitiv apo negativ qoft\u00eb) p\u00ebr ta. Ka tashm\u00eb disa shekuj q\u00eb politika \u00ebsht\u00eb ndar\u00eb edhe prej fes\u00eb edhe prej moralit fetar \u2013 t\u00eb pakt\u00ebn\u2026","rel":"","context":"In &quot;Kultura&quot;","block_context":{"text":"Kultura","link":"https:\/\/www.shqiperia.com\/blog\/category\/kultura\/"},"img":{"alt_text":"","src":"https:\/\/i0.wp.com\/www.shqiperia.com\/blog\/wp-content\/uploads\/2018\/11\/Klementin-Mile.jpg?fit=1024%2C631&ssl=1&resize=350%2C200","width":350,"height":200,"srcset":"https:\/\/i0.wp.com\/www.shqiperia.com\/blog\/wp-content\/uploads\/2018\/11\/Klementin-Mile.jpg?fit=1024%2C631&ssl=1&resize=350%2C200 1x, https:\/\/i0.wp.com\/www.shqiperia.com\/blog\/wp-content\/uploads\/2018\/11\/Klementin-Mile.jpg?fit=1024%2C631&ssl=1&resize=525%2C300 1.5x, https:\/\/i0.wp.com\/www.shqiperia.com\/blog\/wp-content\/uploads\/2018\/11\/Klementin-Mile.jpg?fit=1024%2C631&ssl=1&resize=700%2C400 2x"},"classes":[]},{"id":6861,"url":"https:\/\/www.shqiperia.com\/blog\/zbardhen-detajet-ja-procedurat-qe-ndoqi-enver-hoxha-si-u-prishen-2-200-kisha-e-xhamia\/","url_meta":{"origin":29762,"position":1},"title":"Zbardhen detajet, ja procedurat q\u00eb ndoqi Enver Hoxha, si u prish\u00ebn 2.200 kisha e xhamia. &#8211;","author":"Kurt Farka","date":"April 30, 2018","format":false,"excerpt":"Zbardhen detajet, ja procedurat q\u00eb ndoqi Enver Hoxha p\u00ebr ndalimin e fes\u00eb, si u prish\u00ebn 2.200 kisha e xhamia. - Zbardhen detajet e ndalimit t\u00eb fes\u00eb nga Enver Hoxha. Historiani amerikan James S O\u2019Donnel ka nxjerr t\u00eb tjera fakte si i takon vendimit t\u00eb hoxh\u00ebs. Ai ka treguar se si\u2026","rel":"","context":"In &quot;Kultura&quot;","block_context":{"text":"Kultura","link":"https:\/\/www.shqiperia.com\/blog\/category\/kultura\/"},"img":{"alt_text":"","src":"https:\/\/i0.wp.com\/www.shqiperia.com\/blog\/wp-content\/uploads\/2018\/04\/dosjer_faqe_12_25.4.2018-300x250.jpg?resize=350%2C200","width":350,"height":200},"classes":[]},{"id":34176,"url":"https:\/\/www.shqiperia.com\/blog\/osman-mula-ilir-beqjes-ti-mor-milioner-pa-nje-dite-pune-qe-te-hoqen-si-vjedhes-pensionesh\/","url_meta":{"origin":29762,"position":2},"title":"Osman Mula, Ilir Beqjes: &#8211; Ti mor milioner pa nj\u00eb dit\u00eb pune, q\u00eb t\u00eb hoq\u00ebn si vjedh\u00ebs pensionesh","author":"Kurt Farka","date":"May 3, 2020","format":false,"excerpt":"Osman Mula, Ilir Beqjes: - Ti mor milioner pa nj\u00eb dit\u00eb pune, q\u00eb t\u00eb hoq\u00ebn si vjedh\u00ebs pensionesh - 02.05.20 Regjisori e kompozitori i njohur Osman Mula i \u00ebsht\u00eb p\u00ebrgjigjur ashp\u00ebr, propozimit t\u00eb ish-ministrit socialist Ilir Beqja, q\u00eb k\u00ebrkoi ulje t\u00eb pensioneve suplementare n\u00eb kushtet e pandemis\u00eb dhe d\u00ebmtimit t\u00eb\u2026","rel":"","context":"In &quot;Blogu i Udh\u00ebtarit&quot;","block_context":{"text":"Blogu i Udh\u00ebtarit","link":"https:\/\/www.shqiperia.com\/blog\/category\/blogu-i-udhetarit\/"},"img":{"alt_text":"","src":"https:\/\/i0.wp.com\/www.shqiperia.com\/blog\/wp-content\/uploads\/2020\/05\/Osman-Mula.jpg?fit=770%2C433&ssl=1&resize=350%2C200","width":350,"height":200,"srcset":"https:\/\/i0.wp.com\/www.shqiperia.com\/blog\/wp-content\/uploads\/2020\/05\/Osman-Mula.jpg?fit=770%2C433&ssl=1&resize=350%2C200 1x, https:\/\/i0.wp.com\/www.shqiperia.com\/blog\/wp-content\/uploads\/2020\/05\/Osman-Mula.jpg?fit=770%2C433&ssl=1&resize=525%2C300 1.5x, https:\/\/i0.wp.com\/www.shqiperia.com\/blog\/wp-content\/uploads\/2020\/05\/Osman-Mula.jpg?fit=770%2C433&ssl=1&resize=700%2C400 2x"},"classes":[]},{"id":53986,"url":"https:\/\/www.shqiperia.com\/blog\/a-e-dinit-qe-valentini-nuk-eshte-shenjti-i-dashurise-dhe-qe-nga-1969-nuk-ekziston-me-ne-kalendarin-fetar\/","url_meta":{"origin":29762,"position":3},"title":"A e dinit q\u00eb Valentini nuk \u00ebsht\u00eb \u201cshenjti i dashuris\u00eb\u201d dhe q\u00eb nga 1969 nuk ekziston m\u00eb n\u00eb kalendarin fetar?","author":"Kurt Farka","date":"February 14, 2022","format":false,"excerpt":"A e dinit q\u00eb Valentini nuk \u00ebsht\u00eb \u201cshenjti i dashuris\u00eb\u201d dhe q\u00eb nga 1969 nuk ekziston m\u00eb n\u00eb kalendarin fetar? 14 shkurt 2022 14 shkurti vijon t\u00eb mbaj\u00eb emrin e Valentinit dhe t\u00eb festohet si dit\u00eb e t\u00eb dashuruarve p\u00ebr g\u00ebzimin e tyre dhe t\u00ea tregtar\u00ebve, sigurisht. Sh\u00ebn Valentini \u00ebsht\u00eb\u2026","rel":"","context":"In &quot;Press Releases&quot;","block_context":{"text":"Press Releases","link":"https:\/\/www.shqiperia.com\/blog\/category\/press-releases\/"},"img":{"alt_text":"","src":"https:\/\/i0.wp.com\/www.shqiperia.com\/blog\/wp-content\/uploads\/2022\/02\/st-valentine_getty-695888681-768x492-1.jpg?fit=768%2C492&ssl=1&resize=350%2C200","width":350,"height":200,"srcset":"https:\/\/i0.wp.com\/www.shqiperia.com\/blog\/wp-content\/uploads\/2022\/02\/st-valentine_getty-695888681-768x492-1.jpg?fit=768%2C492&ssl=1&resize=350%2C200 1x, https:\/\/i0.wp.com\/www.shqiperia.com\/blog\/wp-content\/uploads\/2022\/02\/st-valentine_getty-695888681-768x492-1.jpg?fit=768%2C492&ssl=1&resize=525%2C300 1.5x, https:\/\/i0.wp.com\/www.shqiperia.com\/blog\/wp-content\/uploads\/2022\/02\/st-valentine_getty-695888681-768x492-1.jpg?fit=768%2C492&ssl=1&resize=700%2C400 2x"},"classes":[]},{"id":27127,"url":"https:\/\/www.shqiperia.com\/blog\/mocion-mosbesimi-rama-mund-tia-kerkoj-parlamentit-francez-parlamentit-shqiptar-nuk-kam-pse-ia-kerkoj-parlamentit-francez-nuk-ia-kerkoj-dot\/","url_meta":{"origin":29762,"position":4},"title":"Mocion Mosbesimi, Rama: -\u201cMund t\u2019ia k\u00ebrkoj parlamentit francez, parlamentit shqiptar nuk kam pse ia k\u00ebrkoj, Parlamentit francez nuk ia k\u00ebrkoj dot.","author":"Kurt Farka","date":"October 18, 2019","format":false,"excerpt":"Mocion Mosbesimi, Rama: -\u201cMund t\u2019ia k\u00ebrkoj parlamentit francez, parlamentit shqiptar nuk kam pse ia k\u00ebrkoj, Parlamentit francez nuk ia k\u00ebrkoj dot. Mocion besimi nga Parlamenti apo populli? P\u00ebrgjigjet kryeministri Rama: Mund t\u2019ia k\u00ebrkoj\u00eb Parlamentit francez, por\u2026 -18 tetor 2019 Kryeministri Edi Rama thot\u00eb se nuk ka arsye p\u00ebr t\u00eb k\u00ebrkuar\u2026","rel":"","context":"In &quot;Blogu i Udh\u00ebtarit&quot;","block_context":{"text":"Blogu i Udh\u00ebtarit","link":"https:\/\/www.shqiperia.com\/blog\/category\/blogu-i-udhetarit\/"},"img":{"alt_text":"","src":"https:\/\/i0.wp.com\/www.shqiperia.com\/blog\/wp-content\/uploads\/2019\/10\/68546969_1284209978406023_2616833666902392832_n-300x163.jpg?resize=350%2C200&ssl=1","width":350,"height":200,"srcset":"https:\/\/i0.wp.com\/www.shqiperia.com\/blog\/wp-content\/uploads\/2019\/10\/68546969_1284209978406023_2616833666902392832_n-300x163.jpg?resize=350%2C200&ssl=1 1x, https:\/\/i0.wp.com\/www.shqiperia.com\/blog\/wp-content\/uploads\/2019\/10\/68546969_1284209978406023_2616833666902392832_n-300x163.jpg?resize=525%2C300&ssl=1 1.5x"},"classes":[]},{"id":74941,"url":"https:\/\/www.shqiperia.com\/blog\/manastiri-i-ardenices-ne-rrezik-erozioni-po-shkaterron-objektin-e-lashte-fetar\/","url_meta":{"origin":29762,"position":5},"title":"Manastiri i Ardenic\u00ebs n\u00eb rrezik\/ Erozioni po shkat\u00ebrron objektin e lasht\u00eb fetar","author":"Kurt Farka","date":"October 23, 2023","format":false,"excerpt":"23 Tetor 2023 Rr\u00ebshqitja e dherava po t\u00ebrheq pas vetes, muret rrethuese t\u00eb nj\u00eb prej manastir\u00ebve m\u00eb t\u00eb r\u00ebnd\u00ebsish\u00ebm n\u00eb vend. K\u00ebto mure po kthehen n\u00eb k\u00ebrc\u00ebnim edhe p\u00ebr pjes\u00ebn tjet\u00ebr t\u00eb godin\u00ebs, pasi strukturat jan\u00eb t\u00eb lidhura ngusht\u00ebsisht bashk\u00eb. Si\u00e7 e shikoni, dhe n\u00eb k\u00ebto pamje kudo ka krisje\u2026","rel":"","context":"In &quot;Blogu i Udh\u00ebtarit&quot;","block_context":{"text":"Blogu i Udh\u00ebtarit","link":"https:\/\/www.shqiperia.com\/blog\/category\/blogu-i-udhetarit\/"},"img":{"alt_text":"","src":"https:\/\/i0.wp.com\/www.shqiperia.com\/blog\/wp-content\/uploads\/2023\/10\/ardenica-ATSH-foto-Agim-Dobi-17.jpg?fit=900%2C600&ssl=1&resize=350%2C200","width":350,"height":200,"srcset":"https:\/\/i0.wp.com\/www.shqiperia.com\/blog\/wp-content\/uploads\/2023\/10\/ardenica-ATSH-foto-Agim-Dobi-17.jpg?fit=900%2C600&ssl=1&resize=350%2C200 1x, https:\/\/i0.wp.com\/www.shqiperia.com\/blog\/wp-content\/uploads\/2023\/10\/ardenica-ATSH-foto-Agim-Dobi-17.jpg?fit=900%2C600&ssl=1&resize=525%2C300 1.5x, https:\/\/i0.wp.com\/www.shqiperia.com\/blog\/wp-content\/uploads\/2023\/10\/ardenica-ATSH-foto-Agim-Dobi-17.jpg?fit=900%2C600&ssl=1&resize=700%2C400 2x"},"classes":[]}],"_links":{"self":[{"href":"https:\/\/www.shqiperia.com\/blog\/wp-json\/wp\/v2\/posts\/29762","targetHints":{"allow":["GET"]}}],"collection":[{"href":"https:\/\/www.shqiperia.com\/blog\/wp-json\/wp\/v2\/posts"}],"about":[{"href":"https:\/\/www.shqiperia.com\/blog\/wp-json\/wp\/v2\/types\/post"}],"author":[{"embeddable":true,"href":"https:\/\/www.shqiperia.com\/blog\/wp-json\/wp\/v2\/users\/9"}],"replies":[{"embeddable":true,"href":"https:\/\/www.shqiperia.com\/blog\/wp-json\/wp\/v2\/comments?post=29762"}],"version-history":[{"count":2,"href":"https:\/\/www.shqiperia.com\/blog\/wp-json\/wp\/v2\/posts\/29762\/revisions"}],"predecessor-version":[{"id":29766,"href":"https:\/\/www.shqiperia.com\/blog\/wp-json\/wp\/v2\/posts\/29762\/revisions\/29766"}],"wp:featuredmedia":[{"embeddable":true,"href":"https:\/\/www.shqiperia.com\/blog\/wp-json\/wp\/v2\/media\/29763"}],"wp:attachment":[{"href":"https:\/\/www.shqiperia.com\/blog\/wp-json\/wp\/v2\/media?parent=29762"}],"wp:term":[{"taxonomy":"category","embeddable":true,"href":"https:\/\/www.shqiperia.com\/blog\/wp-json\/wp\/v2\/categories?post=29762"},{"taxonomy":"post_tag","embeddable":true,"href":"https:\/\/www.shqiperia.com\/blog\/wp-json\/wp\/v2\/tags?post=29762"}],"curies":[{"name":"wp","href":"https:\/\/api.w.org\/{rel}","templated":true}]}}