{"id":29758,"date":"2019-12-27T16:22:12","date_gmt":"2019-12-27T16:22:12","guid":{"rendered":"https:\/\/www.shqiperia.com\/blog\/?p=29758"},"modified":"2019-12-27T16:22:12","modified_gmt":"2019-12-27T16:22:12","slug":"legjenda-e-tri-krishtlindjeve-nen-dhune","status":"publish","type":"post","link":"https:\/\/www.shqiperia.com\/blog\/legjenda-e-tri-krishtlindjeve-nen-dhune\/","title":{"rendered":"Legjenda e tri Krishtlindjeve n\u00ebn dhun\u00eb. &#8211;"},"content":{"rendered":"<p><img data-recalc-dims=\"1\" loading=\"lazy\" decoding=\"async\" data-attachment-id=\"29759\" data-permalink=\"https:\/\/www.shqiperia.com\/blog\/legjenda-e-tri-krishtlindjeve-nen-dhune\/lazer-radi\/\" data-orig-file=\"https:\/\/i0.wp.com\/www.shqiperia.com\/blog\/wp-content\/uploads\/2019\/12\/Laz%C3%ABr-Radi.jpg?fit=616%2C342&amp;ssl=1\" data-orig-size=\"616,342\" data-comments-opened=\"1\" data-image-meta=\"{&quot;aperture&quot;:&quot;0&quot;,&quot;credit&quot;:&quot;&quot;,&quot;camera&quot;:&quot;&quot;,&quot;caption&quot;:&quot;&quot;,&quot;created_timestamp&quot;:&quot;0&quot;,&quot;copyright&quot;:&quot;&quot;,&quot;focal_length&quot;:&quot;0&quot;,&quot;iso&quot;:&quot;0&quot;,&quot;shutter_speed&quot;:&quot;0&quot;,&quot;title&quot;:&quot;&quot;,&quot;orientation&quot;:&quot;0&quot;}\" data-image-title=\"Laz\u00ebr-Radi\" data-image-description=\"\" data-image-caption=\"\" data-medium-file=\"https:\/\/i0.wp.com\/www.shqiperia.com\/blog\/wp-content\/uploads\/2019\/12\/Laz%C3%ABr-Radi.jpg?fit=300%2C167&amp;ssl=1\" data-large-file=\"https:\/\/i0.wp.com\/www.shqiperia.com\/blog\/wp-content\/uploads\/2019\/12\/Laz%C3%ABr-Radi.jpg?fit=616%2C342&amp;ssl=1\" class=\"alignnone  wp-image-29759\" alt=\"\" src=\"https:\/\/i0.wp.com\/www.shqiperia.com\/blog\/wp-content\/uploads\/2019\/12\/Laz%C3%ABr-Radi.jpg?resize=469%2C261&#038;ssl=1\" width=\"469\" height=\"261\" srcset=\"https:\/\/i0.wp.com\/www.shqiperia.com\/blog\/wp-content\/uploads\/2019\/12\/Laz%C3%ABr-Radi.jpg?resize=300%2C167&amp;ssl=1 300w, https:\/\/i0.wp.com\/www.shqiperia.com\/blog\/wp-content\/uploads\/2019\/12\/Laz%C3%ABr-Radi.jpg?resize=450%2C250&amp;ssl=1 450w, https:\/\/i0.wp.com\/www.shqiperia.com\/blog\/wp-content\/uploads\/2019\/12\/Laz%C3%ABr-Radi.jpg?resize=600%2C333&amp;ssl=1 600w, https:\/\/i0.wp.com\/www.shqiperia.com\/blog\/wp-content\/uploads\/2019\/12\/Laz%C3%ABr-Radi.jpg?resize=400%2C222&amp;ssl=1 400w, https:\/\/i0.wp.com\/www.shqiperia.com\/blog\/wp-content\/uploads\/2019\/12\/Laz%C3%ABr-Radi.jpg?w=616&amp;ssl=1 616w\" sizes=\"auto, (max-width: 469px) 100vw, 469px\" \/><\/p>\n<p><strong>Legjenda e tri Krishtlindjeve n\u00ebn dhun\u00eb. &#8211;<\/strong><\/p>\n<p><a href=\"https:\/\/gazetamapo.al\/legjenda-e-tri-krishtlindjeve-nen-dhune\/\"><strong>Nga:\u00a0 mapo.al<\/strong><\/a><\/p>\n<p><strong><em>Rr\u00ebfim nga Dr. Laz\u00ebr Radi<\/em><\/strong><\/p>\n<p>Krishtlindjet jan\u00eb festa e G\u00ebzimit dhe Paqes\u2026<br \/>\nNji fest\u00eb ku t\u00eb gjith\u00eb duhet t\u00eb ndjehemi ma t\u00eb mir\u00eb, ma zem\u00ebrgjan\u00eb, ma njerzor\u00eb\u2026 dhe na duhet me mendue se krej af\u00ebr nesh asht vuejtja, mjerimi, dhuna, lufta, posht\u00ebrimi\u2026 G\u00ebzimin e k\u00ebsaj feste tashma t\u00eb lasht\u00eb, po e p\u00ebrcjell me tri rr\u00ebfime t\u00eb tim eti, nji d\u00ebshmi q\u00eb edhe e Keqja ma e Fuqishme s\u2019mundet me e thye besimin n\u00eb Zot, s\u2019mundet me e shkatrrue shpirtin e njeriut dhe magjin\u00eb e k\u00ebsaj feste q\u00eb jeton prej shekujsh brenda secilit prej nesh\u2026<br \/>\nLexim t\u00eb mbar\u00eb, dhe G\u00ebzuar Krishtlindjet gjith\u00eb miqve t\u00eb mij kristian\u00eb\u2026<br \/>\nJozef Radi.<\/p>\n<p>***<br \/>\n<strong>24 dhjetori i 1924-\u00ebs! Prizren<\/strong><\/p>\n<p>Dim\u00ebn\u2026<br \/>\nDim\u00ebn i ashp\u00ebr nordik i Alpeve verilindore t\u00eb tok\u00ebs shqiptare. Qyteti i im, me mantelin e bardh\u00eb t\u00eb bor\u00ebs nd\u00ebr krah\u00eb, e sfidonte at bardh\u00ebsi verbuese me drit\u00ebn e zbeht\u00eb t\u00eb han\u00ebs, pa i shpall\u00eb luft\u00eb, ve\u00e7 duke e pranue njeni-tjetrin n\u00eb heshtje. N\u2019at qytet gjithshka zhvillohej n\u00eb heshtje\u2026 edhe krimi\u2026 edhe dashnia!<br \/>\nAi kishte nji pamje t\u00eb \u00e7uditshme!<br \/>\nLuftohej me hap\u00eb nji shteg kalimi n\u2019at rrug\u00eb t\u00eb verb\u00ebr, por l\u00ebvizja e dyshimt\u00eb e bajonetave mbi \u00e7atit\u00eb e mbytuna prej bor\u00ebs kallzonte se pusia qe kurdis\u00eb p\u00ebr me u derdh\u00eb gjak i pafajsh\u00ebm\u2026<br \/>\nKy ishte absurdi i asaj nate t\u00eb shenjt\u00eb.<br \/>\nSi mund t\u00eb mendohej p\u00ebr krim e p\u00ebr gjak n\u00eb at\u00eb nat\u00eb t\u00eb paqme, kur krejt atmosfer\u00ebn e kish mb\u00ebshtjell\u00eb melodia \u00ebngjullore q\u00eb val\u00eb-val\u00eb dilte nga kisha maj\u00ebkodre e shp\u00ebrndahej gjithkah qytetit\u2026 Sa qart\u00eb, sa fuqish\u00ebm shp\u00ebrthenin fjal\u00ebt e melodis\u00eb: \u201cLavdi Zotit nd\u00ebr qiej \u2013 paqe njerzve mbi tok\u00eb\u201d.<br \/>\nIshte nata e qiejve\u2026 nata e paqes p\u00ebr t\u00eb gjith\u00eb.<\/p>\n<p>Qe 24 dhjetori i 1924-\u00ebs!<br \/>\nN\u00eb zem\u00ebr t\u00eb Kosov\u00ebs, Drenica qe kthye n\u00eb nji sk\u00ebterr\u00eb, n\u00eb nji kasaphan\u00eb e v\u00ebrtet\u00eb p\u00ebr pushtuesit. Kryengritja s\u2019po ndalej. Hija e Azemit shfaqej kudo te \u201cHani i Mushkave\u201d, te \u201cKroni i Hirush\u00ebs\u201d, te \u201cShtegu i Drenit\u201d, po atje ku kallte ma shum\u00eb tmerr ishte te zemrat e shkjeve.<br \/>\nEh, sa e vrazhd\u00eb qe ajo hije: kudo kah shkonte, edhe pse pa zhurm\u00eb e pa z\u00e0, ashtu n\u00eb heshtje kallte tmerr! As ushtrit\u00eb e armatosuna s\u2019po mund t\u2019i afroheshin asaj rrezeje ku sundonte fantazma, ku mbret\u00ebronte hija e vrazhd\u00eb e Azem Bejtes\u2026 Ajo krahin\u00eb, p\u00ebr k\u00ebnaq\u00ebsin\u00eb e t\u00eb gjith\u00ebve ne, quhej \u201cShqipnia e Vog\u00ebl\u2026\u201d<\/p>\n<p>Mesnata ishte n\u00eb grahmat e fundit.<br \/>\nN\u00ebn qiellin e zymt\u00eb, nji qet\u00ebsi hyjnore rrinte pezull n\u00ebn at bardh\u00ebsi t\u00eb paskaj natyre\u2026 Ndigjoheshin virtytsh\u00ebm tingujt e kambanave q\u00eb ftonin njer\u00ebzit me marr\u00eb pjes\u00eb n\u00eb ardhjen e \u201cMesias\u201d mbi tok\u00eb. Kambanat vazhdonin\u2026 dhe dukeshin si ndjellse kerubin\u00ebsh q\u00eb fluturonin mbi at\u00eb qiell t\u00eb qelt\u00eb t\u00eb qytetit t\u00eb skajsh\u00ebm. Njer\u00ebzit, i ngutnin hapat e kjo dallohej hijsh\u00ebm n\u00eb rrug\u00ebt e Varoshit, n\u00ebn Kala ku fenerat n\u00eb l\u00ebvizje dukeshin si xixilloja t\u00eb \u00e7uditshme q\u00eb v\u00ebrtiteshin si t\u00eb \u00e7menduna midis atij acari t\u00eb dimri alpin.<br \/>\n\u00c7do \u00e7ast bahej gjithnji e ma emocionues\u2026<\/p>\n<p>na dukej sikur i prekshim me dor\u00eb tingujt e kambanave, sikur e ambla e asaj nate t\u00eb madhnishme futej n\u00eb vesh\u00ebt dhe nd\u00ebr zemrat tona. Nji kang\u00eb baritore e bardh\u00eb si ajo d\u00ebbora verbuese dilte nga gjokset e f\u00ebmij\u00ebve t\u00eb korit t\u00eb kish\u00ebs. Ishte zani i shelbimit q\u00eb kishte pushtue jo ve\u00e7 qiejt e tejduksh\u00ebm t\u00eb asaj nate fatlume, po krejt shpirtnat e njer\u00ebzve qen\u00eb shkri me t\u00eb.<\/p>\n<p>Posa e kaluem Qaf\u00ebn e Pazarit, u gjend\u00ebm p\u00ebrball\u00eb fasat\u00ebs madh\u00ebshtore t\u00eb kish\u00ebs s\u00eb qytetit. Ishte e para her\u00eb q\u00eb prind\u00ebt e mi, m\u00eb merrshin n\u00eb mesh\u00ebn e mesnat\u00ebs. Nji fantazmagori dritash e ngjyrash gjithallojesh m\u2019i l\u00ebbyri syt\u00eb. Oh, sa iu g\u00ebzova asaj pamje magjepse. M\u00eb dukej sikur gjendesha diku jasht\u00eb bote, sikur po shetisja n\u00eb nji vis p\u00ebrrallash. Kambanat s\u2019pushonin\u2026 e nd\u00ebr krah\u00ebt e atyne tingujve l\u00ebshoheshin jonet e korit t\u00eb f\u00ebmij\u00ebve q\u00eb dilnin nga kisha dhe si nji avull i nxeht\u00eb futej drejt e n\u00eb shpirtin tim. Aty n\u00eb mes t\u00eb saj qe ngrit\u00eb nji Betlehem i mrekulluesh\u00ebm.<\/p>\n<p>Dy jav\u00eb ma par\u00eb, motra Angjelina dhe murgeshat e tjera kishin punue duke derdh\u00eb aty krejt dashnin\u00eb dhe artin e tyne. Ai Betlehem, p\u00ebr syt\u00eb e mi t\u00eb pam\u00ebsuem prej f\u00ebmije ishte me t\u2019v\u00ebrtet\u00eb di\u00e7ka magjike, nji poezi q\u00eb derdhesh e gjitha mbrenda meje\u2026<br \/>\nMbresat e asaj nate kambanash, kandilash e kang\u00ebsh m\u00eb krijuen n\u00eb shpirt nji romantik\u00eb t\u00eb till\u00eb q\u00eb m\u00eb ka ndjek\u00eb n\u00eb gjith\u00eb vitet e jet\u00ebs sime\u2026<\/p>\n<p><strong>24 dhjetor 1944 \u2013 Burgu e Ri \u2013 Tiran\u00eb!<\/strong><\/p>\n<p>Ishin dit\u00eb t\u00eb v\u00ebshtira, t\u00eb randa, t\u00eb zeza\u2026<br \/>\nT\u00eb rrethuem gjithkah me tela, me polic\u00eb, me dhun\u00eb, me k\u00ebrc\u00ebnime dhe p\u00ebrndjekje\u2026 Tashma jo nga i huaji serbo-sllav, po nga i joti, v\u00eblla i gjakut, por q\u00eb dukej bash si pjell\u00eb e atij t\u00eb huajit\u2026 lebroz\u00eb t\u00eb indoktrinuem, internacionalist\u00eb, barinj q\u00eb nuk u dukeshim as dele, e q\u00eb meritonin at emnin fatal t\u00eb Greqis\u00eb s\u00eb Lasht\u00eb \u201ca patris\u201d, t\u2019paatdhe\u2026<\/p>\n<p>Burgjet e Shqipnis\u00eb ishin p\u00ebrplot me njer\u00ebz q\u00eb besonin me gjith\u00eb mend n\u00eb hymnin e Per\u00ebndis\u00eb. Asaj nate ata e ndjenin t\u00eb qarkullonte n\u2019ajri kang\u00eb: \u201cLavdi Zotit nd\u00ebr qiej, dhe paqe n\u2019tok\u00eb p\u00ebr njer\u00ebzit vullnetmir\u00eb\u2026\u201d<\/p>\n<p>E ndjenin n\u00eb shpirt, i kapnin n\u00eb fluturim ato jone t\u00eb padukshme kange q\u00eb l\u00ebvrinin amb\u00ebl n\u00ebp\u00ebr at qiell t\u00eb mjegulluem me er\u00eb baroti dhe gjurma gjaku\u2026 Burgu zukiste si nji koshere blet\u00ebsh. Kudo q\u00eb ishte nji p\u00ebllamb\u00eb toke e ngurt\u00eb qindronte nji qenie e gjall\u00eb, tashma e burgosun, e p\u00ebrdhosun, por q\u00eb dikur kish qen\u00eb njeri, e \u00e7far\u00eb njeriu\u2026!<\/p>\n<p>At mbasdreke t\u00eb 24 dhjetorit\u2026 u hap\u00ebn kangjellat e dyfishta t\u00eb burgut dhe n\u00eb korridor t\u00eb frigorifert\u00eb u shfaq Dom Shtjef\u00ebn Kurti, famullitari kosovar, tash guximtari i Tiran\u00ebs. Si rrufe u p\u00ebrhap lajmi se Dom Shtjefni ishte mes nesh dhe se p\u00ebr t\u2019par\u00ebn her\u00eb n\u00eb historin\u00eb e burgjeve shqiptare do t\u00eb celebrohej Mesha e Krishtlindjeve\u2026<\/p>\n<p>Vrapuem t\u00eb gjith\u00eb t\u2019i shkojm\u00eb n\u00eb ndihm\u00eb.<br \/>\nDiku n\u00eb nji cep hap\u00ebm vend dhe sa hap e mbyll syt\u00eb e ngrit\u00ebm Altarin\u2026 I zbeht\u00eb dhe tep\u00ebr i emocionuem, duke marr\u00eb pjes\u00eb shpirtnisht n\u00eb dhimbjet dhe n\u00eb vuejtjet tona \u2013 ai celebroi para gjith\u00eb t\u00eb burgosurve, pa dallim n\u00ebse ishin mysliman\u00eb a t\u00eb krishter\u00eb\u2026<\/p>\n<p>Mesha e Krishtlindjeve at nat\u00eb qe nji mrekulli e v\u00ebrtet\u00eb shprese dhe besimi n\u2019ato katakombe t\u00eb tmerrit shqiptar\u2026<\/p>\n<p>Ma von\u00eb, kur dhuna e kuqe do t\u00eb l\u00ebshohesh si qen i t\u00ebbuem edhe mbi t\u00eb, n\u00eb nji qeli burgu, do t\u00eb m\u00eb rr\u00ebfente se mesha ma e bukur, ma solemnja dhe ma e paharrueshmja e jet\u00ebs s\u00eb tij, do t\u00eb mbetesh ajo mesh\u00eb aty n\u00eb burgun e Tiran\u00ebs, t\u00eb cil\u00ebn p\u00ebr nga emocionet, ai e krahasonte me mesh\u00ebn e par\u00eb q\u00eb kishte than\u00eb kur qe shugurue prift. Sa vet\u00eb n\u00eb bot\u00eb do t\u00eb kishin dasht\u00eb q\u00eb t\u00eb kishin asistue n\u00eb at mesh\u00eb burgu ku elemente besimesh t\u00eb ndryshme asistonin me t\u00eb njejtin devocion, me at\u00eb devocion q\u00eb ka ve\u00e7 shqiptari, p\u00ebr at\u00eb Zot\u2026 q\u00eb na e ka dhan\u00eb jet\u00ebn e t\u00eb gjith\u00ebve\u2026<\/p>\n<p>Si mbaroi mesha, e p\u00ebrcoll\u00ebn Dom Shtjefnin, deri te porta e daljes. Korridori u zbraz mbasi s\u00ebrish do kthehej n\u00eb bujtin\u00eb. Aty pam\u00eb se dyshemeja ishte e lagun prej lot\u00ebve t\u00eb mall\u00ebngjimit\u2026 Ai korridor i ftoft\u00eb qe kthye n\u00eb nji L\u00ebndin\u00eb Lot\u00ebsh apo n\u00eb nji Mur Vajtimi. Ishin lot\u00ebt ton\u00eb, lot\u00ebt e atyne njerzve t\u00eb pafajsh\u00ebm q\u00eb s\u2019po e kuptonin pse ishin krijue aq shum\u00eb burgje n\u00ebp\u00ebr bot\u00eb, apo thjesht p\u00ebr t\u2019i mbajtur nd\u00ebr pranga fajtor\u00ebt e pafaj\u2026<\/p>\n<p>***<br \/>\n<strong>24 Dhjetor 1953: Aeroporti Rinasit, Ura e Hasan Beut.<\/strong><\/p>\n<p>Mesnata e Krishtlindjeve ma e bukura e bot\u00ebs. E denj\u00eb p\u00ebr nj\u00eb skenar t\u00eb mrekulluesh\u00ebm televiziv. N\u00eb kampin e pun\u00ebs t\u00eb gjitha dit\u00ebt ishin t\u00eb njisojta: t\u00eb randomta e t\u00eb rraskapitshme. Nuk njihhesh as mot me shi e as me diell, as balt\u00eb e as tok\u00eb t\u00eb that\u00eb, as diell p\u00ebrv\u00eblues e as bor\u00ebn dy p\u00ebll\u00ebmb\u00eb trash\u00ebsi. Pun\u00eb, vet\u00ebm pun\u00eb, pun\u00eb pa orar, pun\u00eb kafshnore n\u00ebn at qiell t\u00eb hap\u00ebt dhe n\u00ebn m\u00ebshir\u00ebn e Zotit.<\/p>\n<p>Aeroporti ushtarak k\u00ebrkohej me urgjenc\u00eb. P\u00ebrshpejtimi i punimeve bahej me kamxhik o me hunj gardhi q\u00eb edhe ata soseshin duke u thye mbas shpinave ton\u00eb\u2026 Dikur, kur ora as dita s\u2019kishte ma asnji lloj kuptimi, fishk\u00eblleu bilbili i grumbullimit dhe u dha urdhni p\u00ebr kthim. Formuem rreshtat dhe u vum\u00eb p\u00ebr rrug\u00eb. N\u2019at mori njerzish t\u00eb rraskapitun e t\u00eb leckosun, q\u00eb dukej sikur s\u2019kish t\u00eb sosun, i krijue nji treshe \u2013 Pat\u00ebr Meshkalla, Anton Kozma\u00e7i dhe un\u00eb. Gjat\u00eb gjith\u00eb dit\u00ebs kishte ra shi dhe e kishte p\u00ebrbalt\u00eb rrug\u00ebn\u2026 qe krijue nj\u00eb lluc\u00eb ngjit\u00ebse q\u00eb na e v\u00ebshtirsonte s\u00eb tep\u00ebrmi ecjen. Nga ajo mori kamb\u00ebsh q\u00eb hiqeshin zhag, balta qe ntrash\u00eb dhe na i kapte \u201ctullumbat\u201d e na i shkulte nga kamb\u00ebt. I hoq\u00ebm dhe i mor\u00ebm n\u00eb dor\u00eb duke hec\u00eb zbath\u00eb n\u00eb at dit\u00eb t\u00eb akullt dimni.<\/p>\n<p>Dikur mbrrit\u00ebm n\u00eb kamp. Nuk ishim ma as njer\u00ebz e as kafsh\u00eb: ishim reduktue n\u00eb ca fantazma, n\u00eb ca krijesa zvarranike q\u00eb s\u2019dihej prej \u00e7\u2019epoke gjeologjike vinim. E shifnim veten ve\u00e7 te t\u00eb tjer\u00ebt dhe rr\u00ebnqetheshim. Isha i bindun se as nana q\u00eb na e kish b\u00e0 kok\u00ebn, s\u2019do t\u00eb na njihte n\u2019at katandisje t\u00eb mjerueme ku na kishin hedh\u00eb\u2026<\/p>\n<p>E n\u00eb gjith\u00eb at mizerje e zymti q\u00eb na rrethonte, at nat\u00eb vendos\u00ebm me e festue at \u201cdit\u00eb t\u00eb bekueme!\u201d. U lam\u00eb, njashtu keq e keq, dhe nis\u00ebm me sajue di\u00e7ka me hang\u00ebr. Ai sajim, na sh\u00ebrbente p\u00ebr me kalue koh\u00ebn, derisa t\u2019afronte mesnata. Kishim ndez\u00eb tri zjarre t\u00eb fuqishme: n\u00eb njenin zienim grosh\u00ebn, n\u00eb tjetrin orizin dhe n\u00eb t\u00eb tretin hallv\u00ebn. E ftuem edhe Pat\u00ebr M\u00ebshkall\u00ebn, n\u2019at fest\u00eb t\u00eb mjerimit njerzor, por ai s\u2019pranoi asgja, pse do t\u00eb \u201ckungohej\u201d mbas nji ore n\u2019at mesh\u00eb\u2026 Aty pran\u00eb, farfurinte pema e Krishtlindjeve, nji deg\u00eb selvije e sajueme dhe zbukurueme me shporta e figura t\u00eb bame me letra pun\u00ebdore, me ndonji portokall o moll\u00eb nd\u00ebr sqetullore deg\u00ebsh.<\/p>\n<p>Af\u00ebr mesnate u ngrit\u00ebm e sistemuam elterin n\u00eb krye t\u00eb kapanonit. Mbi tavolin\u00eb t\u00eb mbulueme me nji \u00e7ar\u00e7af t\u00eb bardh\u00eb si bora, vendos\u00ebm dy shandanat me qirinj, pem\u00ebn, ungjillin, kupat e mbulueme dhe pem\u00ebn e zbukurueme.<\/p>\n<div id=\"attachment_29760\" style=\"width: 811px\" class=\"wp-caption alignnone\"><img data-recalc-dims=\"1\" loading=\"lazy\" decoding=\"async\" aria-describedby=\"caption-attachment-29760\" data-attachment-id=\"29760\" data-permalink=\"https:\/\/www.shqiperia.com\/blog\/legjenda-e-tri-krishtlindjeve-nen-dhune\/lazer-radi-2\/\" data-orig-file=\"https:\/\/i0.wp.com\/www.shqiperia.com\/blog\/wp-content\/uploads\/2019\/12\/Laz%C3%ABr-Radi-1.jpg?fit=616%2C342&amp;ssl=1\" data-orig-size=\"616,342\" data-comments-opened=\"1\" data-image-meta=\"{&quot;aperture&quot;:&quot;0&quot;,&quot;credit&quot;:&quot;&quot;,&quot;camera&quot;:&quot;&quot;,&quot;caption&quot;:&quot;&quot;,&quot;created_timestamp&quot;:&quot;0&quot;,&quot;copyright&quot;:&quot;&quot;,&quot;focal_length&quot;:&quot;0&quot;,&quot;iso&quot;:&quot;0&quot;,&quot;shutter_speed&quot;:&quot;0&quot;,&quot;title&quot;:&quot;&quot;,&quot;orientation&quot;:&quot;0&quot;}\" data-image-title=\"Laz\u00ebr-Radi\" data-image-description=\"\" data-image-caption=\"&lt;p&gt;Laz\u00ebr-Radi&lt;\/p&gt;\n\" data-medium-file=\"https:\/\/i0.wp.com\/www.shqiperia.com\/blog\/wp-content\/uploads\/2019\/12\/Laz%C3%ABr-Radi-1.jpg?fit=300%2C167&amp;ssl=1\" data-large-file=\"https:\/\/i0.wp.com\/www.shqiperia.com\/blog\/wp-content\/uploads\/2019\/12\/Laz%C3%ABr-Radi-1.jpg?fit=616%2C342&amp;ssl=1\" class=\" wp-image-29760\" alt=\"\" src=\"https:\/\/i0.wp.com\/www.shqiperia.com\/blog\/wp-content\/uploads\/2019\/12\/Laz%C3%ABr-Radi-1.jpg?resize=801%2C446&#038;ssl=1\" width=\"801\" height=\"446\" srcset=\"https:\/\/i0.wp.com\/www.shqiperia.com\/blog\/wp-content\/uploads\/2019\/12\/Laz%C3%ABr-Radi-1.jpg?resize=300%2C167&amp;ssl=1 300w, https:\/\/i0.wp.com\/www.shqiperia.com\/blog\/wp-content\/uploads\/2019\/12\/Laz%C3%ABr-Radi-1.jpg?resize=450%2C250&amp;ssl=1 450w, https:\/\/i0.wp.com\/www.shqiperia.com\/blog\/wp-content\/uploads\/2019\/12\/Laz%C3%ABr-Radi-1.jpg?resize=600%2C333&amp;ssl=1 600w, https:\/\/i0.wp.com\/www.shqiperia.com\/blog\/wp-content\/uploads\/2019\/12\/Laz%C3%ABr-Radi-1.jpg?resize=400%2C222&amp;ssl=1 400w, https:\/\/i0.wp.com\/www.shqiperia.com\/blog\/wp-content\/uploads\/2019\/12\/Laz%C3%ABr-Radi-1.jpg?w=616&amp;ssl=1 616w\" sizes=\"auto, (max-width: 801px) 100vw, 801px\" \/><p id=\"caption-attachment-29760\" class=\"wp-caption-text\">Laz\u00ebr-Radi<\/p><\/div>\n<p>Kur u lajm\u00ebrue mesnata, Pat\u00ebr M\u00ebshkalla, edhe njashtu i pak\u00ebt nga trupi, at nat\u00eb kishte pamjen e nji gjigandi. Krejt kapanoni i burgut ishte n\u00eb kamb\u00eb. Pa dallim feje e krahine, ishin aty n\u00eb Mesh\u00ebn e Krishtlindjeve n\u00eb Ferr.<\/p>\n<p>E nd\u00ebrsa thuhej mesha, u ndez\u00ebn plot qirinj q\u00eb njer\u00ebzit i mbanin nd\u00ebr duer. Mund t\u2019ishin tridhjet\u00eb, pesdhjet\u00eb ndoshta edhe nj\u00ebqind \u2013 di q\u00eb krejt kapanoni mori nji ndri\u00e7im parajse. Ajo stall\u00eb mundimesh u ba si kish\u00eb, ndoshta katedralja ma madh\u00ebshtore e bot\u00ebs\u2026 sepse aty ishin shpirtnat tan\u00eb.<\/p>\n<p>U ba nji nat\u00eb e mrekullueshme, dhe pse jetonim n\u00eb sk\u00ebterr\u00ebn e dhun\u00ebs. Disa nga pjes\u00ebmarr\u00ebsit, (ata t\u00eb kultur\u00ebs gjermane) e dinin kang\u00ebn e famshme t\u00eb Krishtlindjeve \u201cShtilen Naht-in\u201d dhe n\u00ebn z\u00e0 ia nis\u00ebn ta k\u00ebndojn\u00eb\u2026 Pak nga pak tonet e kang\u00ebs erdh\u00ebn duke u rrit\u00eb. Befas u improvizue nji kor i madh, q\u00eb mos t\u2019ia kishe lakmi as Verdit te Nabuko\u2026 E gjith\u00eb mesha u p\u00ebrcoll n\u00ebn melodin\u00eb e asaj kange t\u00eb paharrueshme q\u00eb i dha solemnitet atij \u00e7asti t\u00eb madh\u00ebrish\u00ebm, duke na ngjall\u00eb shpresa t\u00eb pakufishme, se nji dit\u00eb\u2026 do t\u00eb zbriste edhe p\u00ebr ne \u201cpaqja midis njer\u00ebzve me vullnet t\u00eb mir\u00eb!\u201d<\/p>\n","protected":false},"excerpt":{"rendered":"<p>Legjenda e tri Krishtlindjeve n\u00ebn dhun\u00eb. &#8211; Nga:\u00a0 mapo.al Rr\u00ebfim nga Dr. Laz\u00ebr Radi Krishtlindjet jan\u00eb festa e G\u00ebzimit dhe Paqes\u2026 Nji fest\u00eb ku t\u00eb gjith\u00eb duhet t\u00eb ndjehemi ma t\u00eb mir\u00eb, ma zem\u00ebrgjan\u00eb, ma njerzor\u00eb\u2026 dhe na duhet me mendue se krej af\u00ebr nesh asht vuejtja, mjerimi, dhuna, lufta, posht\u00ebrimi\u2026 G\u00ebzimin e k\u00ebsaj feste [&hellip;]<\/p>\n","protected":false},"author":9,"featured_media":29759,"comment_status":"open","ping_status":"open","sticky":false,"template":"","format":"standard","meta":{"jetpack_post_was_ever_published":false,"_jetpack_newsletter_access":"","_jetpack_dont_email_post_to_subs":false,"_jetpack_newsletter_tier_id":0,"_jetpack_memberships_contains_paywalled_content":false,"_jetpack_memberships_contains_paid_content":false,"footnotes":"","jetpack_publicize_message":"","jetpack_publicize_feature_enabled":true,"jetpack_social_post_already_shared":true,"jetpack_social_options":{"image_generator_settings":{"template":"highway","default_image_id":0,"font":"","enabled":false},"version":2}},"categories":[27,35],"tags":[],"class_list":["post-29758","post","type-post","status-publish","format-standard","has-post-thumbnail","hentry","category-blogu-i-udhetarit","category-shoqerore"],"jetpack_publicize_connections":[],"jetpack_featured_media_url":"https:\/\/i0.wp.com\/www.shqiperia.com\/blog\/wp-content\/uploads\/2019\/12\/Laz%C3%ABr-Radi.jpg?fit=616%2C342&ssl=1","jetpack_sharing_enabled":true,"jetpack_shortlink":"https:\/\/wp.me\/p5Z6wp-7JY","jetpack-related-posts":[{"id":43723,"url":"https:\/\/www.shqiperia.com\/blog\/ne-tekstet-biblike-dime-se-krishtlindjet-nuk-kane-ndodhur-ne-dhjetor\/","url_meta":{"origin":29758,"position":0},"title":"N\u00eb tekstet biblike dim\u00eb se Krishtlindjet nuk kan\u00eb ndodhur n\u00eb dhjetor\u2026.","author":"Kurt Farka","date":"February 3, 2021","format":false,"excerpt":"N\u00eb tekstet biblike dim\u00eb se Krishtlindjet nuk kan\u00eb ndodhur n\u00eb dhjetor\u2026. Nga Valeria Dedaj 25 Dhjetor 2020 Krishtlindjet n\u00eb ikonografi dhe arsyet se p\u00ebrse 25 dhjetori \u00ebsht\u00eb festa e lindjes s\u00eb Jezus Krishtit Studiuesi i artit Kosta Jakumis rr\u00ebfen krishtlindjet n\u00eb ikonografi. P\u00ebrmes ikon\u00ebs \u201cBiri i Onufrit\u201d, q\u00eb sot ruhet\u2026","rel":"","context":"In &quot;Arte&quot;","block_context":{"text":"Arte","link":"https:\/\/www.shqiperia.com\/blog\/category\/arte\/"},"img":{"alt_text":"","src":"https:\/\/i0.wp.com\/www.shqiperia.com\/blog\/wp-content\/uploads\/2021\/02\/5fe6227216cb8foto-kultura.jpg?fit=780%2C444&ssl=1&resize=350%2C200","width":350,"height":200,"srcset":"https:\/\/i0.wp.com\/www.shqiperia.com\/blog\/wp-content\/uploads\/2021\/02\/5fe6227216cb8foto-kultura.jpg?fit=780%2C444&ssl=1&resize=350%2C200 1x, https:\/\/i0.wp.com\/www.shqiperia.com\/blog\/wp-content\/uploads\/2021\/02\/5fe6227216cb8foto-kultura.jpg?fit=780%2C444&ssl=1&resize=525%2C300 1.5x, https:\/\/i0.wp.com\/www.shqiperia.com\/blog\/wp-content\/uploads\/2021\/02\/5fe6227216cb8foto-kultura.jpg?fit=780%2C444&ssl=1&resize=700%2C400 2x"},"classes":[]},{"id":4697,"url":"https:\/\/www.shqiperia.com\/blog\/pershkrimi-qe-ben-mehdi-frasheri-qytetit-te-tirones\/","url_meta":{"origin":29758,"position":1},"title":"Pershkrimi qe i ben Mehdi Frasheri qytetit te Tirones. &#8211;","author":"Kurt Farka","date":"March 12, 2018","format":false,"excerpt":"\u00a0 Bukuria topografike Tiranes e ban kryeqytetin shqipetar nji nga vendet ma romantik, ma piktoresk te gjithe botes. Vargu i maleve te Dajtit e te Krrabes perbajn nji kend, nji varg kodra te bukura, te buta edhe gjithmon te gjelbera dimer- vere, ne forme amfiteatrale nuk mbulojne as pamjen e\u2026","rel":"","context":"In &quot;Blogu i Udh\u00ebtarit&quot;","block_context":{"text":"Blogu i Udh\u00ebtarit","link":"https:\/\/www.shqiperia.com\/blog\/category\/blogu-i-udhetarit\/"},"img":{"alt_text":"","src":"https:\/\/i0.wp.com\/www.shqiperia.com\/blog\/wp-content\/uploads\/2018\/03\/Tirana-Foto-Giuseppe-Massani-1940-Copy.jpg?fit=614%2C335&ssl=1&resize=350%2C200","width":350,"height":200,"srcset":"https:\/\/i0.wp.com\/www.shqiperia.com\/blog\/wp-content\/uploads\/2018\/03\/Tirana-Foto-Giuseppe-Massani-1940-Copy.jpg?fit=614%2C335&ssl=1&resize=350%2C200 1x, https:\/\/i0.wp.com\/www.shqiperia.com\/blog\/wp-content\/uploads\/2018\/03\/Tirana-Foto-Giuseppe-Massani-1940-Copy.jpg?fit=614%2C335&ssl=1&resize=525%2C300 1.5x"},"classes":[]},{"id":9328,"url":"https:\/\/www.shqiperia.com\/blog\/biblioteka-muzeume-te-tiranes\/","url_meta":{"origin":29758,"position":2},"title":"Biblioteka- Muzeume t\u00eb Tiran\u00ebs! &#8211;","author":"Kurt Farka","date":"July 1, 2018","format":false,"excerpt":"Biblioteka- Muzeume t\u00eb Tiran\u00ebs! - E sjellim artikullin e m\u00ebposht\u00ebm t\u00eb Arshi Pip\u00ebs, botuar n\u00eb prill 1944, si nj\u00eb sh\u00ebnim krahasues p\u00ebr \u00e7far\u00eb ndodh sot e si shfryt\u00ebzohet qendra muzeale e Tiran\u00ebs. Mjaft specialist\u00eb kan\u00eb sugjeruar q\u00eb p\u00ebrgjat\u00eb bulevardit t\u00eb Tiran\u00ebs t\u00eb ket\u00eb nj\u00eb jet\u00eb t\u00eb pasur muzeale, dhe argumentet\u2026","rel":"","context":"In &quot;Histori&quot;","block_context":{"text":"Histori","link":"https:\/\/www.shqiperia.com\/blog\/category\/histori\/"},"img":{"alt_text":"","src":"https:\/\/i0.wp.com\/www.shqiperia.com\/blog\/wp-content\/uploads\/2018\/07\/tirana1.jpg?fit=794%2C503&ssl=1&resize=350%2C200","width":350,"height":200,"srcset":"https:\/\/i0.wp.com\/www.shqiperia.com\/blog\/wp-content\/uploads\/2018\/07\/tirana1.jpg?fit=794%2C503&ssl=1&resize=350%2C200 1x, https:\/\/i0.wp.com\/www.shqiperia.com\/blog\/wp-content\/uploads\/2018\/07\/tirana1.jpg?fit=794%2C503&ssl=1&resize=525%2C300 1.5x, https:\/\/i0.wp.com\/www.shqiperia.com\/blog\/wp-content\/uploads\/2018\/07\/tirana1.jpg?fit=794%2C503&ssl=1&resize=700%2C400 2x"},"classes":[]},{"id":7257,"url":"https:\/\/www.shqiperia.com\/blog\/libri-thoti-i-pavdekshem-na-zbulon-atlantiden\/","url_meta":{"origin":29758,"position":3},"title":"Libri: \u201cThoti i pavdeksh\u00ebm na zbulon Atlantid\u00ebn. &#8211;","author":"Kurt Farka","date":"May 8, 2018","format":false,"excerpt":"Libri: \u201cThoti i pavdeksh\u00ebm na zbulon Atlantid\u00ebn. - \u00a0 \u00a0 -Historit\u00eb e shkrimeve t\u00eb THOTIT n\u00eb pllaka prej zmeraldi, t\u00eb p\u00ebrkthyeme n\u00eb faqet n\u00eb vazhdim, jan\u00eb t\u00eb \u00e7uditshme dhe jasht\u00eb \u00e7do mendimi t\u00eb shkenc\u00ebs moderne K\u00ebto dy vende, bashk\u00eb me Gjermanin\u00eb e Holland\u00ebn, me sa di un\u00eb, pranojn\u00eb se e\u2026","rel":"","context":"In &quot;Blogu i Udh\u00ebtarit&quot;","block_context":{"text":"Blogu i Udh\u00ebtarit","link":"https:\/\/www.shqiperia.com\/blog\/category\/blogu-i-udhetarit\/"},"img":{"alt_text":"","src":"https:\/\/i0.wp.com\/www.shqiperia.com\/blog\/wp-content\/uploads\/2018\/05\/bilder-thoth-Pllakat-e-zmeraldit.jpg?fit=640%2C447&ssl=1&resize=350%2C200","width":350,"height":200,"srcset":"https:\/\/i0.wp.com\/www.shqiperia.com\/blog\/wp-content\/uploads\/2018\/05\/bilder-thoth-Pllakat-e-zmeraldit.jpg?fit=640%2C447&ssl=1&resize=350%2C200 1x, https:\/\/i0.wp.com\/www.shqiperia.com\/blog\/wp-content\/uploads\/2018\/05\/bilder-thoth-Pllakat-e-zmeraldit.jpg?fit=640%2C447&ssl=1&resize=525%2C300 1.5x"},"classes":[]},{"id":29902,"url":"https:\/\/www.shqiperia.com\/blog\/si-e-njoha-at-shtjefen-gjecovin\/","url_meta":{"origin":29758,"position":4},"title":"Si e njoha At Shtjef\u00ebn Gje\u00e7ovin. &#8211;","author":"Kurt Farka","date":"December 31, 2019","format":false,"excerpt":"Si e njoha At Shtjef\u00ebn Gje\u00e7ovin mapo.al Nd\u00ebrsa vazhdonin kremtimet e fest\u00ebs s\u00eb Shnapremtes, un\u00eb ndiqja gjithkah figur\u00ebn magjike t\u00eb At Shtjefnit, at mrekulli fjal\u00ebsh q\u00eb derdheshin nga goja e tij e nguleshin si gur\u00eb themeli n\u00eb shpirtin tim\u2026 Nga Laz\u00ebr Radi Rrall\u00eb rastis n\u00eb jet\u00eb me ndjek\u00eb n\u00eb kup\u00ebqiell\u00eb\u2026","rel":"","context":"In &quot;Blogu i Udh\u00ebtarit&quot;","block_context":{"text":"Blogu i Udh\u00ebtarit","link":"https:\/\/www.shqiperia.com\/blog\/category\/blogu-i-udhetarit\/"},"img":{"alt_text":"","src":"https:\/\/i0.wp.com\/www.shqiperia.com\/blog\/wp-content\/uploads\/2019\/12\/Prend-e-Lazer-Radi-ne-Prizren.-Copy.jpg?resize=350%2C200&ssl=1","width":350,"height":200,"srcset":"https:\/\/i0.wp.com\/www.shqiperia.com\/blog\/wp-content\/uploads\/2019\/12\/Prend-e-Lazer-Radi-ne-Prizren.-Copy.jpg?resize=350%2C200&ssl=1 1x, https:\/\/i0.wp.com\/www.shqiperia.com\/blog\/wp-content\/uploads\/2019\/12\/Prend-e-Lazer-Radi-ne-Prizren.-Copy.jpg?resize=525%2C300&ssl=1 1.5x, https:\/\/i0.wp.com\/www.shqiperia.com\/blog\/wp-content\/uploads\/2019\/12\/Prend-e-Lazer-Radi-ne-Prizren.-Copy.jpg?resize=700%2C400&ssl=1 2x"},"classes":[]},{"id":51025,"url":"https:\/\/www.shqiperia.com\/blog\/dy-festa-me-mesazhe-te-kunderta-nata-e-shtrigave-dhe-festa-e-te-gjithe-shenjterve\/","url_meta":{"origin":29758,"position":5},"title":"Dy festa me mesazhe t\u00eb kund\u00ebrta: Nata e shtrigave dhe Festa e t\u00eb gjith\u00eb shenjt\u00ebrve","author":"Kurt Farka","date":"November 1, 2021","format":false,"excerpt":"Dy festa me mesazhe t\u00eb kund\u00ebrta: Nata e shtrigave dhe Festa e t\u00eb gjith\u00eb shenjt\u00ebrve NGA DED\u00cb PALOKAJ 31 TETOR 2021 Shqiptar\u00ebt nd\u00ebr popujt m\u00eb t\u00eb lasht\u00eb t\u00eb Evrop\u00ebs, kan\u00eb trash\u00ebguar doke dhe tradita t\u00eb shumta, por Nata e Shtrigave ose Halloween-i, q\u00eb kremtohet me 31 Tetor si fest\u00eb me\u2026","rel":"","context":"In &quot;Kultura&quot;","block_context":{"text":"Kultura","link":"https:\/\/www.shqiperia.com\/blog\/category\/kultura\/"},"img":{"alt_text":"","src":"https:\/\/i0.wp.com\/www.shqiperia.com\/blog\/wp-content\/uploads\/2021\/11\/auto_ras1635664054.jpg?fit=850%2C371&ssl=1&resize=350%2C200","width":350,"height":200,"srcset":"https:\/\/i0.wp.com\/www.shqiperia.com\/blog\/wp-content\/uploads\/2021\/11\/auto_ras1635664054.jpg?fit=850%2C371&ssl=1&resize=350%2C200 1x, https:\/\/i0.wp.com\/www.shqiperia.com\/blog\/wp-content\/uploads\/2021\/11\/auto_ras1635664054.jpg?fit=850%2C371&ssl=1&resize=525%2C300 1.5x, https:\/\/i0.wp.com\/www.shqiperia.com\/blog\/wp-content\/uploads\/2021\/11\/auto_ras1635664054.jpg?fit=850%2C371&ssl=1&resize=700%2C400 2x"},"classes":[]}],"_links":{"self":[{"href":"https:\/\/www.shqiperia.com\/blog\/wp-json\/wp\/v2\/posts\/29758","targetHints":{"allow":["GET"]}}],"collection":[{"href":"https:\/\/www.shqiperia.com\/blog\/wp-json\/wp\/v2\/posts"}],"about":[{"href":"https:\/\/www.shqiperia.com\/blog\/wp-json\/wp\/v2\/types\/post"}],"author":[{"embeddable":true,"href":"https:\/\/www.shqiperia.com\/blog\/wp-json\/wp\/v2\/users\/9"}],"replies":[{"embeddable":true,"href":"https:\/\/www.shqiperia.com\/blog\/wp-json\/wp\/v2\/comments?post=29758"}],"version-history":[{"count":1,"href":"https:\/\/www.shqiperia.com\/blog\/wp-json\/wp\/v2\/posts\/29758\/revisions"}],"predecessor-version":[{"id":29761,"href":"https:\/\/www.shqiperia.com\/blog\/wp-json\/wp\/v2\/posts\/29758\/revisions\/29761"}],"wp:featuredmedia":[{"embeddable":true,"href":"https:\/\/www.shqiperia.com\/blog\/wp-json\/wp\/v2\/media\/29759"}],"wp:attachment":[{"href":"https:\/\/www.shqiperia.com\/blog\/wp-json\/wp\/v2\/media?parent=29758"}],"wp:term":[{"taxonomy":"category","embeddable":true,"href":"https:\/\/www.shqiperia.com\/blog\/wp-json\/wp\/v2\/categories?post=29758"},{"taxonomy":"post_tag","embeddable":true,"href":"https:\/\/www.shqiperia.com\/blog\/wp-json\/wp\/v2\/tags?post=29758"}],"curies":[{"name":"wp","href":"https:\/\/api.w.org\/{rel}","templated":true}]}}