{"id":29753,"date":"2019-12-27T14:08:05","date_gmt":"2019-12-27T14:08:05","guid":{"rendered":"https:\/\/www.shqiperia.com\/blog\/?p=29753"},"modified":"2019-12-27T14:08:05","modified_gmt":"2019-12-27T14:08:05","slug":"te-gjithe-njerezit-qe-jane-mbi-50-ose-60-vjec-duhet-te-pijne-patjeter-caj-me-lekure-mandarine-ja-se-cfare-pro-blemi-sheron","status":"publish","type":"post","link":"https:\/\/www.shqiperia.com\/blog\/te-gjithe-njerezit-qe-jane-mbi-50-ose-60-vjec-duhet-te-pijne-patjeter-caj-me-lekure-mandarine-ja-se-cfare-pro-blemi-sheron\/","title":{"rendered":"Te gjithe njerezit qe jane mbi 50 ose 60 vjec duhet te pijne patjeter \u00e7aj me lekure mandarine, ja se cfare pro\/blemi sheron"},"content":{"rendered":"<p><img data-recalc-dims=\"1\" loading=\"lazy\" decoding=\"async\" data-attachment-id=\"29754\" data-permalink=\"https:\/\/www.shqiperia.com\/blog\/te-gjithe-njerezit-qe-jane-mbi-50-ose-60-vjec-duhet-te-pijne-patjeter-caj-me-lekure-mandarine-ja-se-cfare-pro-blemi-sheron\/bgfdsggn\/\" data-orig-file=\"https:\/\/i0.wp.com\/www.shqiperia.com\/blog\/wp-content\/uploads\/2019\/12\/bgfdsggn.png?fit=653%2C374&amp;ssl=1\" data-orig-size=\"653,374\" data-comments-opened=\"1\" data-image-meta=\"{&quot;aperture&quot;:&quot;0&quot;,&quot;credit&quot;:&quot;&quot;,&quot;camera&quot;:&quot;&quot;,&quot;caption&quot;:&quot;&quot;,&quot;created_timestamp&quot;:&quot;0&quot;,&quot;copyright&quot;:&quot;&quot;,&quot;focal_length&quot;:&quot;0&quot;,&quot;iso&quot;:&quot;0&quot;,&quot;shutter_speed&quot;:&quot;0&quot;,&quot;title&quot;:&quot;&quot;,&quot;orientation&quot;:&quot;0&quot;}\" data-image-title=\"bgfdsggn\" data-image-description=\"\" data-image-caption=\"\" data-medium-file=\"https:\/\/i0.wp.com\/www.shqiperia.com\/blog\/wp-content\/uploads\/2019\/12\/bgfdsggn.png?fit=300%2C172&amp;ssl=1\" data-large-file=\"https:\/\/i0.wp.com\/www.shqiperia.com\/blog\/wp-content\/uploads\/2019\/12\/bgfdsggn.png?fit=653%2C374&amp;ssl=1\" class=\"alignnone  wp-image-29754\" alt=\"\" src=\"https:\/\/i0.wp.com\/www.shqiperia.com\/blog\/wp-content\/uploads\/2019\/12\/bgfdsggn.png?resize=583%2C334&#038;ssl=1\" width=\"583\" height=\"334\" srcset=\"https:\/\/i0.wp.com\/www.shqiperia.com\/blog\/wp-content\/uploads\/2019\/12\/bgfdsggn.png?resize=300%2C172&amp;ssl=1 300w, https:\/\/i0.wp.com\/www.shqiperia.com\/blog\/wp-content\/uploads\/2019\/12\/bgfdsggn.png?resize=450%2C258&amp;ssl=1 450w, https:\/\/i0.wp.com\/www.shqiperia.com\/blog\/wp-content\/uploads\/2019\/12\/bgfdsggn.png?resize=600%2C344&amp;ssl=1 600w, https:\/\/i0.wp.com\/www.shqiperia.com\/blog\/wp-content\/uploads\/2019\/12\/bgfdsggn.png?resize=400%2C229&amp;ssl=1 400w, https:\/\/i0.wp.com\/www.shqiperia.com\/blog\/wp-content\/uploads\/2019\/12\/bgfdsggn.png?w=653&amp;ssl=1 653w\" sizes=\"auto, (max-width: 583px) 100vw, 583px\" \/><\/p>\n<p><strong>Te gjithe njerezit qe jane mbi 50 ose 60 vjec duhet te pijne patjeter \u00e7aj me lekure mandarine, ja se cfare pro\/blemi sheron<\/strong><\/p>\n<p>\u2018\u2019Fli gjum\u00eb, se duhet t\u00eb rritesh\u201d, me siguri kjo \u00ebsht\u00eb nj\u00eb nga ato k\u00ebshilla q\u00eb keni d\u00ebgjuar m\u00eb s\u00eb shumti kur ishit f\u00ebmij\u00eb, nga mamaja ose gjyshja.<\/p>\n<p>Megjithat\u00eb, duket se nuk e kishin ga. bim, pasi n\u00eb mos p\u00ebr t\u2019u rritur sa m\u00eb shpejt, gjumi luan nj\u00eb rol ky\u00e7 n\u00eb nj\u00eb s\u00ebr\u00eb procesesh metabolike, sakaq mungesa e tij t\u00eb sjell\u00eb pasoja t\u00eb r\u00ebnda sh\u00ebndet\u00ebsore, duke rritur rrez. ikun e prekjes nga s\u00ebm. undjet e zemr\u00ebs, god. itjet n\u00eb tru dhe diabet.<\/p>\n<p>Por jo vet\u00ebm, pagjum\u00ebsia ka ndikim neg. ativ n\u00eb gjendjen shpirt\u00ebrore, kujtes\u00ebn, por edhe aktivitetet e tjera t\u00eb p\u00ebrditshme.<\/p>\n<p>N\u00ebse keni koh\u00eb q\u00eb nuk arrini t\u00eb mbyllni syt\u00eb, edhe pse keni provuar teknika dhe receta nga m\u00eb t\u00eb \u00e7uditshme, \u00e7aji i m\u00ebposht\u00ebm \u00ebsht\u00eb ajo q\u00eb ju nevojitet.<\/p>\n<p><img data-recalc-dims=\"1\" loading=\"lazy\" decoding=\"async\" data-attachment-id=\"29754\" data-permalink=\"https:\/\/www.shqiperia.com\/blog\/te-gjithe-njerezit-qe-jane-mbi-50-ose-60-vjec-duhet-te-pijne-patjeter-caj-me-lekure-mandarine-ja-se-cfare-pro-blemi-sheron\/bgfdsggn\/\" data-orig-file=\"https:\/\/i0.wp.com\/www.shqiperia.com\/blog\/wp-content\/uploads\/2019\/12\/bgfdsggn.png?fit=653%2C374&amp;ssl=1\" data-orig-size=\"653,374\" data-comments-opened=\"1\" data-image-meta=\"{&quot;aperture&quot;:&quot;0&quot;,&quot;credit&quot;:&quot;&quot;,&quot;camera&quot;:&quot;&quot;,&quot;caption&quot;:&quot;&quot;,&quot;created_timestamp&quot;:&quot;0&quot;,&quot;copyright&quot;:&quot;&quot;,&quot;focal_length&quot;:&quot;0&quot;,&quot;iso&quot;:&quot;0&quot;,&quot;shutter_speed&quot;:&quot;0&quot;,&quot;title&quot;:&quot;&quot;,&quot;orientation&quot;:&quot;0&quot;}\" data-image-title=\"bgfdsggn\" data-image-description=\"\" data-image-caption=\"\" data-medium-file=\"https:\/\/i0.wp.com\/www.shqiperia.com\/blog\/wp-content\/uploads\/2019\/12\/bgfdsggn.png?fit=300%2C172&amp;ssl=1\" data-large-file=\"https:\/\/i0.wp.com\/www.shqiperia.com\/blog\/wp-content\/uploads\/2019\/12\/bgfdsggn.png?fit=653%2C374&amp;ssl=1\" class=\"alignnone  wp-image-29754\" alt=\"\" src=\"https:\/\/i0.wp.com\/www.shqiperia.com\/blog\/wp-content\/uploads\/2019\/12\/bgfdsggn.png?resize=816%2C468&#038;ssl=1\" width=\"816\" height=\"468\" srcset=\"https:\/\/i0.wp.com\/www.shqiperia.com\/blog\/wp-content\/uploads\/2019\/12\/bgfdsggn.png?resize=300%2C172&amp;ssl=1 300w, https:\/\/i0.wp.com\/www.shqiperia.com\/blog\/wp-content\/uploads\/2019\/12\/bgfdsggn.png?resize=450%2C258&amp;ssl=1 450w, https:\/\/i0.wp.com\/www.shqiperia.com\/blog\/wp-content\/uploads\/2019\/12\/bgfdsggn.png?resize=600%2C344&amp;ssl=1 600w, https:\/\/i0.wp.com\/www.shqiperia.com\/blog\/wp-content\/uploads\/2019\/12\/bgfdsggn.png?resize=400%2C229&amp;ssl=1 400w, https:\/\/i0.wp.com\/www.shqiperia.com\/blog\/wp-content\/uploads\/2019\/12\/bgfdsggn.png?w=653&amp;ssl=1 653w\" sizes=\"auto, (max-width: 816px) 100vw, 816px\" \/><\/p>\n<p>P\u00ebrb\u00ebr\u00ebsit i tij kryesor\u00eb jan\u00eb l\u00ebkurat e mandarin\u00ebs, t\u00eb cilat p\u00ebrdoren gjithashtu p\u00ebr pro. blemet e sistemit tret\u00ebs, st. resin, ulcer\u00ebn gastrike, si dhe ulin nivelet e larta t\u00eb kolesterolit dhe glukoz\u00ebs n\u00eb gj. ak.<\/p>\n<p>Ju nevojiten 500 ml uj\u00eb, 1 lug\u00eb gjelle kamomil i grir\u00eb, disa gjethe sherbel\u00eb e that\u00eb, 1 lug\u00eb gjelle mjalt\u00eb dhe l\u00ebkura mandarinash. Zieni bashk\u00eb t\u00eb gjith\u00eb p\u00ebrb\u00ebr\u00ebsit bashk\u00eb, m\u00eb pas filtrojeni dhe shtojini mjaltin, i cili preferohet t\u00eb jet\u00eb organik. M\u00eb pas pijeni 1 or\u00eb para se t\u00eb shtriheni, do t\u2019iu luteshim te na ndihmonit te mirmbajme faqen vetem duke shtypur(mbi foton ose mbi videon) qe ndodhet me poshte . Faleminderit per mirkuptimin SHQIPE .<\/p>\n","protected":false},"excerpt":{"rendered":"<p>Te gjithe njerezit qe jane mbi 50 ose 60 vjec duhet te pijne patjeter \u00e7aj me lekure mandarine, ja se cfare pro\/blemi sheron \u2018\u2019Fli gjum\u00eb, se duhet t\u00eb rritesh\u201d, me siguri kjo \u00ebsht\u00eb nj\u00eb nga ato k\u00ebshilla q\u00eb keni d\u00ebgjuar m\u00eb s\u00eb shumti kur ishit f\u00ebmij\u00eb, nga mamaja ose gjyshja. Megjithat\u00eb, duket se nuk e [&hellip;]<\/p>\n","protected":false},"author":9,"featured_media":29754,"comment_status":"open","ping_status":"open","sticky":false,"template":"","format":"standard","meta":{"jetpack_post_was_ever_published":false,"_jetpack_newsletter_access":"","_jetpack_dont_email_post_to_subs":false,"_jetpack_newsletter_tier_id":0,"_jetpack_memberships_contains_paywalled_content":false,"_jetpack_memberships_contains_paid_content":false,"footnotes":"","jetpack_publicize_message":"","jetpack_publicize_feature_enabled":true,"jetpack_social_post_already_shared":true,"jetpack_social_options":{"image_generator_settings":{"template":"highway","default_image_id":0,"font":"","enabled":false},"version":2}},"categories":[27,14],"tags":[],"class_list":["post-29753","post","type-post","status-publish","format-standard","has-post-thumbnail","hentry","category-blogu-i-udhetarit","category-press-releases"],"jetpack_publicize_connections":[],"jetpack_featured_media_url":"https:\/\/i0.wp.com\/www.shqiperia.com\/blog\/wp-content\/uploads\/2019\/12\/bgfdsggn.png?fit=653%2C374&ssl=1","jetpack_sharing_enabled":true,"jetpack_shortlink":"https:\/\/wp.me\/p5Z6wp-7JT","jetpack-related-posts":[{"id":17257,"url":"https:\/\/www.shqiperia.com\/blog\/sa-kafe-duhet-te-pijne-ne-dite-personat-qe-vuajne-nga-tensioni-i-larte-i-gjakut\/","url_meta":{"origin":29753,"position":0},"title":"Sa kafe duhet t\u00eb pijn\u00eb n\u00eb dit\u00eb personat q\u00eb vuajn\u00eb nga tensioni i lart\u00eb i gjakut?","author":"Kurt Farka","date":"February 11, 2019","format":false,"excerpt":"Sa kafe duhet t\u00eb pijn\u00eb n\u00eb dit\u00eb personat q\u00eb vuajn\u00eb nga tensioni i lart\u00eb i gjakut? Njer\u00ebzit q\u00eb vuajn\u00eb nga tensioni i lart\u00eb i gjakut duhet t\u00eb tregojn\u00eb kujdes me kafen sepse ajo mund t\u00eb rris\u00eb rrezikun e atakut n\u00eb zem\u00ebr. P\u00ebr t\u00eb arritur n\u00eb k\u00ebt\u00eb konkluzion, nj\u00eb studim Italian\u2026","rel":"","context":"In &quot;Blogu i Udh\u00ebtarit&quot;","block_context":{"text":"Blogu i Udh\u00ebtarit","link":"https:\/\/www.shqiperia.com\/blog\/category\/blogu-i-udhetarit\/"},"img":{"alt_text":"","src":"https:\/\/i0.wp.com\/www.shqiperia.com\/blog\/wp-content\/uploads\/2019\/02\/kafeok-750x500-1-300x250.jpg?resize=350%2C200","width":350,"height":200},"classes":[]},{"id":17252,"url":"https:\/\/www.shqiperia.com\/blog\/sa-kafe-duhet-te-pijne-ne-dite-personat-qe-vuajne-nga-tensioni-i-larte-i-gjakut-njerezit-qe-vuajne-nga-tensioni-i-larte-i-gjakut-duhet-te-tregojne-kujdes-me-kafen-sepse-ajo-mund-te-rrise-rrezikun-e\/","url_meta":{"origin":29753,"position":1},"title":"Sa kafe duhet t\u00eb pijn\u00eb n\u00eb dit\u00eb personat q\u00eb vuajn\u00eb nga tensioni i lart\u00eb i gjakut?","author":"Kurt Farka","date":"February 11, 2019","format":false,"excerpt":"Sa kafe duhet t\u00eb pijn\u00eb n\u00eb dit\u00eb personat q\u00eb vuajn\u00eb nga tensioni i lart\u00eb i gjakut? Njer\u00ebzit q\u00eb vuajn\u00eb nga tensioni i lart\u00eb i gjakut duhet t\u00eb tregojn\u00eb kujdes me kafen sepse ajo mund t\u00eb rris\u00eb rrezikun e atakut n\u00eb zem\u00ebr. P\u00ebr t\u00eb arritur n\u00eb k\u00ebt\u00eb konkluzion, nj\u00eb studim Italian\u2026","rel":"","context":"In &quot;Blogu i Udh\u00ebtarit&quot;","block_context":{"text":"Blogu i Udh\u00ebtarit","link":"https:\/\/www.shqiperia.com\/blog\/category\/blogu-i-udhetarit\/"},"img":{"alt_text":"","src":"https:\/\/i0.wp.com\/www.shqiperia.com\/blog\/wp-content\/uploads\/2019\/02\/kafeok-750x500-300x250.jpg?resize=350%2C200","width":350,"height":200},"classes":[]},{"id":34096,"url":"https:\/\/www.shqiperia.com\/blog\/covid-19-perse-nuk-duhet-te-eksperimentojme-me-suplementet-ekspertet-kane-vene-re-nje-fenomen-shqetesues\/","url_meta":{"origin":29753,"position":2},"title":"COVID-19\/ P\u00ebrse nuk duhet t\u00eb eksperimentojm\u00eb me suplement\u00ebt, ekspert\u00ebt kan\u00eb v\u00ebn\u00eb re nj\u00eb fenomen shqet\u00ebsues","author":"Kurt Farka","date":"May 1, 2020","format":false,"excerpt":"COVID-19\/ P\u00ebrse nuk duhet t\u00eb eksperimentojm\u00eb me suplement\u00ebt, ekspert\u00ebt kan\u00eb v\u00ebn\u00eb re nj\u00eb fenomen shqet\u00ebsues 1 MAJ 2020 Higjena, ushqyerja e sh\u00ebndetshme dhe aktiviteti fizik n\u00eb kushtet e sht\u00ebpis\u00eb jan\u00eb tre hapat m\u00eb t\u00eb r\u00ebnd\u00ebsish\u00ebm t\u00eb p\u00ebrballjes me karantin\u00ebn. Megjithat\u00eb, ekspert\u00ebt kan\u00eb v\u00ebn\u00eb re nj\u00eb p\u00ebrdorim t\u00eb shtuar t\u00eb suplement\u00ebve\u2026","rel":"","context":"In &quot;Blogu i Udh\u00ebtarit&quot;","block_context":{"text":"Blogu i Udh\u00ebtarit","link":"https:\/\/www.shqiperia.com\/blog\/category\/blogu-i-udhetarit\/"},"img":{"alt_text":"","src":"https:\/\/i0.wp.com\/www.shqiperia.com\/blog\/wp-content\/uploads\/2020\/05\/800-0-5eab4a9b3289f.jpg?fit=800%2C533&ssl=1&resize=350%2C200","width":350,"height":200,"srcset":"https:\/\/i0.wp.com\/www.shqiperia.com\/blog\/wp-content\/uploads\/2020\/05\/800-0-5eab4a9b3289f.jpg?fit=800%2C533&ssl=1&resize=350%2C200 1x, https:\/\/i0.wp.com\/www.shqiperia.com\/blog\/wp-content\/uploads\/2020\/05\/800-0-5eab4a9b3289f.jpg?fit=800%2C533&ssl=1&resize=525%2C300 1.5x, https:\/\/i0.wp.com\/www.shqiperia.com\/blog\/wp-content\/uploads\/2020\/05\/800-0-5eab4a9b3289f.jpg?fit=800%2C533&ssl=1&resize=700%2C400 2x"},"classes":[]},{"id":17052,"url":"https:\/\/www.shqiperia.com\/blog\/sa-duhet-ti-keni-rrahjet-e-zemres-sipas-moshes-qe-keni\/","url_meta":{"origin":29753,"position":3},"title":"Sa duhet t\u2019i keni rrahjet e zemr\u00ebs sipas mosh\u00ebs q\u00eb keni.-","author":"Kurt Farka","date":"February 7, 2019","format":false,"excerpt":"Sa duhet t\u2019i keni rrahjet e zemr\u00ebs sipas mosh\u00ebs q\u00eb keni.- Rrahjet e zemr\u00ebs n\u00eb nj\u00eb minut\u00eb jan\u00eb nj\u00eb nga ndikuesit m\u00eb t\u00eb r\u00ebnd\u00ebsish\u00ebm n\u00eb sh\u00ebndetin e njeriut. Shpejt\u00ebsia e rrahjeve t\u00eb zemr\u00ebs varet nga aktiviteti fizik, ndjenjat e siguris\u00eb dhe emocionet. Edhe pse rrahja normale e zemr\u00ebs nuk \u00ebsht\u00eb\u2026","rel":"","context":"In &quot;Blogu i Udh\u00ebtarit&quot;","block_context":{"text":"Blogu i Udh\u00ebtarit","link":"https:\/\/www.shqiperia.com\/blog\/category\/blogu-i-udhetarit\/"},"img":{"alt_text":"","src":"https:\/\/i0.wp.com\/www.shqiperia.com\/blog\/wp-content\/uploads\/2019\/02\/maxresdefault_1_50-Copy-300x195.jpg?resize=350%2C200","width":350,"height":200},"classes":[]},{"id":36759,"url":"https:\/\/www.shqiperia.com\/blog\/doni-te-shkoni-ne-plazh-por-keni-frike-nga-koronavirusi-ndiqni-keto-keshilla\/","url_meta":{"origin":29753,"position":4},"title":"Doni t\u00eb shkoni n\u00eb plazh por keni frik\u00eb nga koronavirusi? Ndiqni k\u00ebto k\u00ebshilla","author":"Kurt Farka","date":"August 1, 2020","format":false,"excerpt":"Doni t\u00eb shkoni n\u00eb plazh por keni frik\u00eb nga koronavirusi? Ndiqni k\u00ebto k\u00ebshilla 1 gusht \u00a02020 P\u00ebr t\u00eb gjith\u00eb asgj\u00eb nuk \u00ebsht\u00eb m\u00eb mir\u00eb se nj\u00eb dit\u00eb e ngroht\u00eb n\u00eb plazh. Pandemia k\u00ebt\u00eb vit na b\u00ebri q\u00eb t\u00eb kufizohemi dhe\u00a0 t\u00eb marrim masa drastike para se t\u00eb shkojm\u00eb t\u00eb pushojm\u00eb.\u2026","rel":"","context":"In &quot;Blogu i Udh\u00ebtarit&quot;","block_context":{"text":"Blogu i Udh\u00ebtarit","link":"https:\/\/www.shqiperia.com\/blog\/category\/blogu-i-udhetarit\/"},"img":{"alt_text":"","src":"https:\/\/i0.wp.com\/www.shqiperia.com\/blog\/wp-content\/uploads\/2020\/08\/Capture-1-905x450-1.png?fit=905%2C450&ssl=1&resize=350%2C200","width":350,"height":200,"srcset":"https:\/\/i0.wp.com\/www.shqiperia.com\/blog\/wp-content\/uploads\/2020\/08\/Capture-1-905x450-1.png?fit=905%2C450&ssl=1&resize=350%2C200 1x, https:\/\/i0.wp.com\/www.shqiperia.com\/blog\/wp-content\/uploads\/2020\/08\/Capture-1-905x450-1.png?fit=905%2C450&ssl=1&resize=525%2C300 1.5x, https:\/\/i0.wp.com\/www.shqiperia.com\/blog\/wp-content\/uploads\/2020\/08\/Capture-1-905x450-1.png?fit=905%2C450&ssl=1&resize=700%2C400 2x"},"classes":[]},{"id":81446,"url":"https:\/\/www.shqiperia.com\/blog\/rrezatimi-i-diellit-cfare-rreziku-sjell-per-lekuren-shikimin-dhe-jeten-si-mbroheni\/","url_meta":{"origin":29753,"position":5},"title":"Rrezatimi i diellit \u2013 \u00e7far\u00eb rreziku sjell p\u00ebr l\u00ebkur\u00ebn, shikimin dhe jet\u00ebn \u2013 si mbroheni","author":"Kurt Farka","date":"May 29, 2024","format":false,"excerpt":"29 Maji 2024 N\u00ebse rrini t\u00eb pambrojtur n\u00ebn drit\u00ebn e diellit t\u00eb fort\u00eb t\u00eb ver\u00ebs, do t\u00eb vendosni veten n\u00eb rrezik. Rrezet e forta t\u00eb diellit ndikojn\u00eb shum\u00eb p\u00ebr d\u00ebmtimin e l\u00ebkur\u00ebs, d\u00ebmtimin e shikimit dhe tumoret e l\u00ebkur\u00ebs. Kjo \u00ebsht\u00eb arsyeja pse \u00ebsht\u00eb tejet e r\u00ebnd\u00ebsishme p\u00ebr sh\u00ebndetin tuaj\u2026","rel":"","context":"In &quot;Blogu i Udh\u00ebtarit&quot;","block_context":{"text":"Blogu i Udh\u00ebtarit","link":"https:\/\/www.shqiperia.com\/blog\/category\/blogu-i-udhetarit\/"},"img":{"alt_text":"","src":"https:\/\/i0.wp.com\/www.shqiperia.com\/blog\/wp-content\/uploads\/2024\/05\/nendiell901-1024x575-1-jpg.jpg?fit=1024%2C575&ssl=1&resize=350%2C200","width":350,"height":200,"srcset":"https:\/\/i0.wp.com\/www.shqiperia.com\/blog\/wp-content\/uploads\/2024\/05\/nendiell901-1024x575-1-jpg.jpg?fit=1024%2C575&ssl=1&resize=350%2C200 1x, https:\/\/i0.wp.com\/www.shqiperia.com\/blog\/wp-content\/uploads\/2024\/05\/nendiell901-1024x575-1-jpg.jpg?fit=1024%2C575&ssl=1&resize=525%2C300 1.5x, https:\/\/i0.wp.com\/www.shqiperia.com\/blog\/wp-content\/uploads\/2024\/05\/nendiell901-1024x575-1-jpg.jpg?fit=1024%2C575&ssl=1&resize=700%2C400 2x"},"classes":[]}],"_links":{"self":[{"href":"https:\/\/www.shqiperia.com\/blog\/wp-json\/wp\/v2\/posts\/29753","targetHints":{"allow":["GET"]}}],"collection":[{"href":"https:\/\/www.shqiperia.com\/blog\/wp-json\/wp\/v2\/posts"}],"about":[{"href":"https:\/\/www.shqiperia.com\/blog\/wp-json\/wp\/v2\/types\/post"}],"author":[{"embeddable":true,"href":"https:\/\/www.shqiperia.com\/blog\/wp-json\/wp\/v2\/users\/9"}],"replies":[{"embeddable":true,"href":"https:\/\/www.shqiperia.com\/blog\/wp-json\/wp\/v2\/comments?post=29753"}],"version-history":[{"count":1,"href":"https:\/\/www.shqiperia.com\/blog\/wp-json\/wp\/v2\/posts\/29753\/revisions"}],"predecessor-version":[{"id":29755,"href":"https:\/\/www.shqiperia.com\/blog\/wp-json\/wp\/v2\/posts\/29753\/revisions\/29755"}],"wp:featuredmedia":[{"embeddable":true,"href":"https:\/\/www.shqiperia.com\/blog\/wp-json\/wp\/v2\/media\/29754"}],"wp:attachment":[{"href":"https:\/\/www.shqiperia.com\/blog\/wp-json\/wp\/v2\/media?parent=29753"}],"wp:term":[{"taxonomy":"category","embeddable":true,"href":"https:\/\/www.shqiperia.com\/blog\/wp-json\/wp\/v2\/categories?post=29753"},{"taxonomy":"post_tag","embeddable":true,"href":"https:\/\/www.shqiperia.com\/blog\/wp-json\/wp\/v2\/tags?post=29753"}],"curies":[{"name":"wp","href":"https:\/\/api.w.org\/{rel}","templated":true}]}}