{"id":29744,"date":"2019-12-26T15:00:42","date_gmt":"2019-12-26T15:00:42","guid":{"rendered":"https:\/\/www.shqiperia.com\/blog\/?p=29744"},"modified":"2019-12-26T15:00:42","modified_gmt":"2019-12-26T15:00:42","slug":"deklarata-e-ashper-nga-kosova-hakmarrje-e-paarsyeshme-e-edi-rames","status":"publish","type":"post","link":"https:\/\/www.shqiperia.com\/blog\/deklarata-e-ashper-nga-kosova-hakmarrje-e-paarsyeshme-e-edi-rames\/","title":{"rendered":"Deklarata e ashp\u00ebr nga Kosova: &#8211; Hakmarrje e paarsyeshme e Edi Ram\u00ebs.-"},"content":{"rendered":"<p><img data-recalc-dims=\"1\" loading=\"lazy\" decoding=\"async\" data-attachment-id=\"29745\" data-permalink=\"https:\/\/www.shqiperia.com\/blog\/deklarata-e-ashper-nga-kosova-hakmarrje-e-paarsyeshme-e-edi-rames\/rama-zaev-vucic-1-780x405-730x405\/\" data-orig-file=\"https:\/\/i0.wp.com\/www.shqiperia.com\/blog\/wp-content\/uploads\/2019\/12\/rama-zaev-vucic-1-780x405-730x405-1.jpg?fit=730%2C405&amp;ssl=1\" data-orig-size=\"730,405\" data-comments-opened=\"1\" data-image-meta=\"{&quot;aperture&quot;:&quot;0&quot;,&quot;credit&quot;:&quot;&quot;,&quot;camera&quot;:&quot;&quot;,&quot;caption&quot;:&quot;&quot;,&quot;created_timestamp&quot;:&quot;0&quot;,&quot;copyright&quot;:&quot;&quot;,&quot;focal_length&quot;:&quot;0&quot;,&quot;iso&quot;:&quot;0&quot;,&quot;shutter_speed&quot;:&quot;0&quot;,&quot;title&quot;:&quot;&quot;,&quot;orientation&quot;:&quot;0&quot;}\" data-image-title=\"rama-zaev-vucic-1-780&#215;405-730&#215;405\" data-image-description=\"\" data-image-caption=\"\" data-medium-file=\"https:\/\/i0.wp.com\/www.shqiperia.com\/blog\/wp-content\/uploads\/2019\/12\/rama-zaev-vucic-1-780x405-730x405-1.jpg?fit=300%2C166&amp;ssl=1\" data-large-file=\"https:\/\/i0.wp.com\/www.shqiperia.com\/blog\/wp-content\/uploads\/2019\/12\/rama-zaev-vucic-1-780x405-730x405-1.jpg?fit=730%2C405&amp;ssl=1\" class=\"alignnone  wp-image-29745\" alt=\"\" src=\"https:\/\/i0.wp.com\/www.shqiperia.com\/blog\/wp-content\/uploads\/2019\/12\/rama-zaev-vucic-1-780x405-730x405-1.jpg?resize=636%2C352&#038;ssl=1\" width=\"636\" height=\"352\" srcset=\"https:\/\/i0.wp.com\/www.shqiperia.com\/blog\/wp-content\/uploads\/2019\/12\/rama-zaev-vucic-1-780x405-730x405-1.jpg?resize=300%2C166&amp;ssl=1 300w, https:\/\/i0.wp.com\/www.shqiperia.com\/blog\/wp-content\/uploads\/2019\/12\/rama-zaev-vucic-1-780x405-730x405-1.jpg?resize=450%2C250&amp;ssl=1 450w, https:\/\/i0.wp.com\/www.shqiperia.com\/blog\/wp-content\/uploads\/2019\/12\/rama-zaev-vucic-1-780x405-730x405-1.jpg?resize=600%2C333&amp;ssl=1 600w, https:\/\/i0.wp.com\/www.shqiperia.com\/blog\/wp-content\/uploads\/2019\/12\/rama-zaev-vucic-1-780x405-730x405-1.jpg?resize=400%2C222&amp;ssl=1 400w, https:\/\/i0.wp.com\/www.shqiperia.com\/blog\/wp-content\/uploads\/2019\/12\/rama-zaev-vucic-1-780x405-730x405-1.jpg?w=730&amp;ssl=1 730w\" sizes=\"auto, (max-width: 636px) 100vw, 636px\" \/><\/p>\n<p>Deklarata e ashp\u00ebr nga Kosova: &#8211; Hakmarrje e paarsyeshme e Edi Ram\u00ebs.-<\/p>\n<p>Akademia e Shkenc\u00ebs dhe e Arteve n\u00eb Kosov\u00eb, ka reaguar lidhur me \u201cmini-Shengeni ballkanik\u201d, duke sqaruar se kjo nism\u00eb shkakton d\u00ebme n\u00eb shtetet shqiptare.<\/p>\n<p>ASHAK shprehet se ka nj\u00eb \u00e7rregullim serioz t\u00eb marr\u00ebdh\u00ebnieve mes Shqip\u00ebris\u00eb dhe Kosov\u00ebs, nd\u00ebrsa shton se Serbia synon q\u00eb t\u00eb defaktorizoj\u00eb faktorin shqiptar n\u00eb procesin integrues t\u00eb Rajonit drejt BE-s\u00eb.<\/p>\n<p>Po ashtu Akademia e Kosov\u00ebs shprehet e zhg\u00ebnjyer ve\u00e7an\u00ebrisht nga heshtja e intelektual\u00ebve shqiptar\u00eb, lidhur me k\u00ebt\u00eb proces, dhe me sulmet e vazhdueshme nga ana e Ram\u00ebs.<\/p>\n<p><strong>Deklarata e plot\u00eb<\/strong>:<\/p>\n<p>T\u00eb p\u00ebrballur me kriza t\u00eb brendshme dhe me d\u00ebshtime t\u00eb nj\u00ebpasnj\u00ebshme n\u00eb \u00e7\u00ebshtje t\u00eb reformave dhe t\u00eb integrimeve evropiane; me rritjen e vazhdueshme t\u00eb autoritarizmit dhe t\u00eb pushtetit t\u00eb pakontrolluar t\u00eb oligark\u00ebve; me cenimin e pashembullt t\u00eb liris\u00eb s\u00eb shprehjes dhe t\u00eb veprimit opozitar; me p\u00ebrfshirjen e pandalur t\u00eb t\u00eb gjith\u00eb pushteteve n\u00eb nj\u00eb paq\u00ebndrueshm\u00ebri institucionale, tre shtete fqinj\u00eb t\u00eb Kosov\u00ebs (Serbia, Maqedonia e Veriut dhe Shqip\u00ebria) s\u00eb fundi b\u00ebn\u00eb nj\u00eb dep\u00ebrtim medial n\u00eb opinionin ton\u00eb me nj\u00eb marr\u00ebveshje q\u00eb duhej t\u00eb imitonte pun\u00ebt e r\u00ebnd\u00ebsishme t\u00eb Europ\u00ebs, me t\u00eb ashtuquajturin \u201cmini-Shengen ballkanik\u201d, duke prodhuar t\u00eb vetmin efekt t\u00eb duksh\u00ebm dhe t\u00eb preksh\u00ebm: \u00e7rregullimin serioz t\u00eb marr\u00ebdh\u00ebnieve Kosov\u00eb-Shqip\u00ebri dhe l\u00ebndimin e krejt ndjeshm\u00ebris\u00eb son\u00eb rreth k\u00ebtyre marr\u00ebdh\u00ebnieve.<\/p>\n<p>Duke e par\u00eb k\u00ebt\u00eb rrethan\u00eb dhe duke v\u00ebrejtur d\u00ebmin e konsideruesh\u00ebm q\u00eb shkaktoi kjo nism\u00eb n\u00eb politik\u00ebb\u00ebrjen shqiptare, Akademia e Shkencave dhe e Arteve e Kosov\u00ebs (ASHAK) \u00ebsht\u00eb e shtr\u00ebnguar t\u00eb reagoj\u00eb, duke konsideruar se nisma e propozuar nga Serbia ka prapavij\u00eb t\u00eb qart\u00eb subversive dhe synon rr\u00ebnimit e perspektiv\u00ebs evropiane t\u00eb rajonit t\u00eb Ballkanit, duke krijuar alternativa minuese dhe defaktorizim t\u00eb potencialit politik shqiptar n\u00eb k\u00ebt\u00eb proces.<\/p>\n<p>Duke e ditur se Kosova nuk mund t\u00eb p\u00ebrfshihet n\u00eb asnj\u00eb proces dhe n\u00eb asnj\u00eb marr\u00ebveshje ku ajo nuk \u00ebsht\u00eb e barabart\u00eb dhe ku asaj nuk i njihet shtet\u00ebsia dhe sovraniteti, fyerja dhe l\u00ebndimi q\u00eb iu b\u00eb asaj n\u00eb takimin e fundit n\u00eb Tiran\u00eb, p\u00ebrfshir\u00eb edhe tiradat p\u00ebr\u00e7muese t\u00eb kryeministrit t\u00eb Shqip\u00ebris\u00eb, kap p\u00ebrmasat e nj\u00eb hakmarrjeje t\u00eb paarsyeshme dhe me konotacion t\u00eb friksh\u00ebm p\u00ebr t\u00eb ardhmen e marr\u00ebdh\u00ebnieve nd\u00ebrmjet Kosov\u00ebs dhe Shqip\u00ebris\u00eb.<\/p>\n<p>N\u00eb Tiran\u00eb, bashk\u00eb me mohimin e agresionit serb mbi Kosov\u00ebn, t\u00eb mij\u00ebra t\u00eb vrar\u00ebve e t\u00eb masakruarve, t\u00eb deportimeve dhe shkat\u00ebrrimeve t\u00eb papara, p\u00ebrve\u00e7 q\u00eb u promovua indiferenca zyrtare e Shqip\u00ebris\u00eb dhe mohimi i k\u00ebsaj memorie komb\u00ebtare, duke e quajtur k\u00ebt\u00eb histori t\u00eb Kosov\u00ebs \u201cpyetje patetike\u201d; edhe m\u00eb i friksh\u00ebm dhe m\u00eb brengos\u00ebs doli t\u00eb ishte reagimi i vak\u00ebt i institucioneve t\u00eb pavarura, i shoq\u00ebris\u00eb civile, i bot\u00ebs akademike dhe i mendjeve t\u00eb lira t\u00eb profileve krijuese, t\u00eb cil\u00ebt ose u shtr\u00ebnguan t\u00eb heshtin, ose paz\u00ebsh\u00ebm mb\u00ebshtet\u00ebn shfryrjet e eg\u00ebrsuara t\u00eb liderit t\u00eb tyre kund\u00ebr Kosov\u00ebs. Po kaq i pakuptuesh\u00ebm dhe thell\u00ebsisht i par\u00ebnd\u00ebsish\u00ebm, madje i zmbrapsur dhe i pavler\u00eb ishte q\u00ebndrimi i faktorit politik shqiptar n\u00eb Maqedonin\u00eb e Veriut, i cili nuk gjeti m\u00ebnyr\u00eb t\u00eb artikuloj\u00eb nj\u00eb q\u00ebndrim q\u00eb do t\u00eb shkonte nj\u00eb hap m\u00eb larg se interesat e ngushta t\u00eb politik\u00ebs provinciale.<\/p>\n<p>ASHAK fuqimisht mb\u00ebshtet q\u00ebndrimin se \u201cmini-Shengeni ballkanik\u201d nuk \u00ebsht\u00eb i mundur n\u00eb nj\u00eb asimetri t\u00eb k\u00ebtill\u00eb politike n\u00eb Ballkan, me dominim t\u00eb theksuar t\u00eb Serbis\u00eb, duke qen\u00eb se ajo nuk njeh Kosov\u00ebn dhe q\u00eb \u00e7do dit\u00eb minon dhe shantazhon progresin e saj, synon ndarjen dhe cop\u00ebtimin e saj, mohon krimet dhe nuk respekton marr\u00ebveshjet e arritura dhe q\u00eb \u00ebsht\u00eb e angazhuar gjer\u00ebsisht n\u00eb pengimin e integrimeve t\u00eb Kosov\u00ebs n\u00eb mekanizmat nd\u00ebrkomb\u00ebtar\u00eb dhe duke nd\u00ebrmarr\u00eb sulme t\u00eb vazhdueshme diplomatike p\u00ebr t\u00eb zvog\u00ebluar numrin e njohjeve.<\/p>\n<p>Mbi t\u00eb gjitha, Kosova nuk mund t\u00eb p\u00ebrfshihet n\u00eb nj\u00eb proces t\u00eb udh\u00ebhequr nga Serbia, p\u00ebrderisa ajo vazhdon ta mbaj\u00eb Kosov\u00ebn n\u00eb kushtetut\u00ebn e saj si pjes\u00eb e k\u00ebtij shteti dhe aq m\u00eb pak t\u00eb p\u00ebrfshihet n\u00eb aleanca q\u00eb shkojn\u00eb kund\u00ebr interesave tona komb\u00ebtare dhe krijojn\u00eb alternativa t\u00eb kund\u00ebrv\u00ebnies ndaj integrimeve europiane dhe euro-atlantike. Kosova nuk mund t\u00eb b\u00ebhet pjes\u00eb e aleancave q\u00eb kan\u00eb k\u00ebrkuar dhe vazhdojn\u00eb t\u00eb k\u00ebrkojn\u00eb zhb\u00ebrjen e saj. Historia m\u00eb e re e Kosov\u00ebs \u00ebsht\u00eb histori e vlerave t\u00eb civilizimit per\u00ebndimor dhe e parimeve t\u00eb liris\u00eb dhe t\u00eb drejt\u00ebs s\u00eb popujve p\u00ebr vet\u00ebvendosje. M\u00eb an\u00eb tjet\u00ebr, Kosova \u00ebsht\u00eb shtet sovran, ka subjektivitetin e saj politik, ka organet e saj legjitime dhe n\u00eb asnj\u00eb rrethan\u00eb nuk mund t\u00eb pranoj\u00eb vendimmarrje t\u00eb imponuar dhe sjellje paternaliste.<\/p>\n<p>Duke u mb\u00ebshtetur n\u00eb k\u00ebto parime, ASHAK gjithnj\u00eb do t\u00eb punoj\u00eb dhe do t\u00eb mb\u00ebshtes\u00eb bashk\u00ebpunimin Kosov\u00eb-Shqip\u00ebri n\u00eb t\u00eb gjitha fushat, do t\u00eb b\u00ebhet pjes\u00eb e t\u00eb gjitha proceseve t\u00eb p\u00ebrbashk\u00ebta integruese dhe do t\u00eb p\u00ebrpiqet t\u00eb minimizoj\u00eb d\u00ebmet q\u00eb shkaktohen n\u00eb k\u00ebto marr\u00ebdh\u00ebnie nga politikat e pamatura dhe kund\u00ebrv\u00ebn\u00ebse ndaj procesit normal t\u00eb integrimit t\u00eb nd\u00ebrvetsh\u00ebm.<\/p>\n","protected":false},"excerpt":{"rendered":"<p>Deklarata e ashp\u00ebr nga Kosova: &#8211; Hakmarrje e paarsyeshme e Edi Ram\u00ebs.- Akademia e Shkenc\u00ebs dhe e Arteve n\u00eb Kosov\u00eb, ka reaguar lidhur me \u201cmini-Shengeni ballkanik\u201d, duke sqaruar se kjo nism\u00eb shkakton d\u00ebme n\u00eb shtetet shqiptare. ASHAK shprehet se ka nj\u00eb \u00e7rregullim serioz t\u00eb marr\u00ebdh\u00ebnieve mes Shqip\u00ebris\u00eb dhe Kosov\u00ebs, nd\u00ebrsa shton se Serbia synon q\u00eb [&hellip;]<\/p>\n","protected":false},"author":9,"featured_media":29745,"comment_status":"open","ping_status":"open","sticky":false,"template":"","format":"standard","meta":{"jetpack_post_was_ever_published":false,"_jetpack_newsletter_access":"","_jetpack_dont_email_post_to_subs":false,"_jetpack_newsletter_tier_id":0,"_jetpack_memberships_contains_paywalled_content":false,"_jetpack_memberships_contains_paid_content":false,"footnotes":"","jetpack_publicize_message":"","jetpack_publicize_feature_enabled":true,"jetpack_social_post_already_shared":true,"jetpack_social_options":{"image_generator_settings":{"template":"highway","default_image_id":0,"font":"","enabled":false},"version":2}},"categories":[27,2,35],"tags":[],"class_list":["post-29744","post","type-post","status-publish","format-standard","has-post-thumbnail","hentry","category-blogu-i-udhetarit","category-politika","category-shoqerore"],"jetpack_publicize_connections":[],"jetpack_featured_media_url":"https:\/\/i0.wp.com\/www.shqiperia.com\/blog\/wp-content\/uploads\/2019\/12\/rama-zaev-vucic-1-780x405-730x405-1.jpg?fit=730%2C405&ssl=1","jetpack_sharing_enabled":true,"jetpack_shortlink":"https:\/\/wp.me\/p5Z6wp-7JK","jetpack-related-posts":[{"id":74619,"url":"https:\/\/www.shqiperia.com\/blog\/deklarata-e-edi-rames-per-financial-times-kosova-eshte-toka-e-askujt\/","url_meta":{"origin":29744,"position":0},"title":"Deklarata e Edi Ram\u00ebs p\u00ebr &#8220;Financial Times&#8221;: &#8211; Kosova \u00ebsht\u00eb toka e askujt!","author":"Kurt Farka","date":"October 4, 2023","format":false,"excerpt":"4 Tetor 2023. Edi Rama, kryeminist\u00ebr i Shqip\u00ebris\u00eb, ka dh\u00ebn\u00eb nj\u00eb prononcim p\u00ebr gazet\u00ebn e njohur britanike \u201cFinancial Times\u201d, ku ka folur p\u00ebr situat\u00ebn politike n\u00eb Kosov\u00eb, pas sulmit terrorist t\u00eb 24 shtatorit. Sipas Ram\u00ebs, Kosova \u00ebsht\u00eb \"nj\u00eb pik\u00eb e nxeht\u00eb\u201d. P\u00ebr m\u00eb shum\u00eb, n\u00eb k\u00ebt\u00eb prononcim, Rama ka p\u00ebrdorur\u2026","rel":"","context":"In &quot;Blogu i Udh\u00ebtarit&quot;","block_context":{"text":"Blogu i Udh\u00ebtarit","link":"https:\/\/www.shqiperia.com\/blog\/category\/blogu-i-udhetarit\/"},"img":{"alt_text":"","src":"https:\/\/i0.wp.com\/www.shqiperia.com\/blog\/wp-content\/uploads\/2023\/10\/156409084_2974822892740994_2033951852931385177_n.jpg?fit=633%2C330&ssl=1&resize=350%2C200","width":350,"height":200,"srcset":"https:\/\/i0.wp.com\/www.shqiperia.com\/blog\/wp-content\/uploads\/2023\/10\/156409084_2974822892740994_2033951852931385177_n.jpg?fit=633%2C330&ssl=1&resize=350%2C200 1x, https:\/\/i0.wp.com\/www.shqiperia.com\/blog\/wp-content\/uploads\/2023\/10\/156409084_2974822892740994_2033951852931385177_n.jpg?fit=633%2C330&ssl=1&resize=525%2C300 1.5x"},"classes":[]},{"id":62447,"url":"https:\/\/www.shqiperia.com\/blog\/takimi-urgjent-kurti-rama-deklarata-e-forte-e-milaim-zekes-kosova-eshte-ne-prag-te-sulmit-nga-serbia-nato-ka-dhene-informacion\/","url_meta":{"origin":29744,"position":1},"title":"Takimi urgjent Kurti-Rama, deklarata e fort\u00eb e Milaim Zek\u00ebs: &#8211; Kosova \u00ebsht\u00eb n\u00eb prag t\u00eb sulmit nga Serbia, NATO ka dh\u00ebn\u00eb informacion","author":"Kurt Farka","date":"September 19, 2022","format":false,"excerpt":"19 Shtator 2022 Analisti dhe gazetari Milaim Zeka ka l\u00ebshuar nj\u00eb deklarat\u00eb t\u00eb fort\u00eb sot lidhur me vizit\u00ebn urgjente t\u00eb Albin Kurtit n\u00eb Tiran\u00eb. Sipas tij takimi urgjent q\u00eb u zhvillua nj\u00eb jav\u00eb m\u00eb par\u00eb mes kryeministrave Kurti dhe Rama nuk ishte p\u00ebr kriz\u00ebn energjitike, por p\u00ebr arsyen se Kosova\u2026","rel":"","context":"In &quot;Blogu i Udh\u00ebtarit&quot;","block_context":{"text":"Blogu i Udh\u00ebtarit","link":"https:\/\/www.shqiperia.com\/blog\/category\/blogu-i-udhetarit\/"},"img":{"alt_text":"","src":"https:\/\/i0.wp.com\/www.shqiperia.com\/blog\/wp-content\/uploads\/2022\/09\/Milaim-Zeka.jpg?fit=760%2C404&ssl=1&resize=350%2C200","width":350,"height":200,"srcset":"https:\/\/i0.wp.com\/www.shqiperia.com\/blog\/wp-content\/uploads\/2022\/09\/Milaim-Zeka.jpg?fit=760%2C404&ssl=1&resize=350%2C200 1x, https:\/\/i0.wp.com\/www.shqiperia.com\/blog\/wp-content\/uploads\/2022\/09\/Milaim-Zeka.jpg?fit=760%2C404&ssl=1&resize=525%2C300 1.5x, https:\/\/i0.wp.com\/www.shqiperia.com\/blog\/wp-content\/uploads\/2022\/09\/Milaim-Zeka.jpg?fit=760%2C404&ssl=1&resize=700%2C400 2x"},"classes":[]},{"id":56611,"url":"https:\/\/www.shqiperia.com\/blog\/armatosja-e-serbise-dhe-deklarata-e-edi-rames-acaron-analistin-kosovar\/","url_meta":{"origin":29744,"position":2},"title":"Armatosja e Serbis\u00eb dhe deklarata e Edi Ram\u00ebs acaron analistin kosovar","author":"Kurt Farka","date":"April 12, 2022","format":false,"excerpt":"Armatosja e Serbis\u00eb dhe deklarata e Edi Ram\u00ebs acaron analistin kosovar 12 PRILL 2022 Serbia po armatoset p\u00ebr vet\u00ebmbrojtje, paska th\u00ebn\u00eb Rama. Do t\u00eb thot\u00eb Serbia na qenka e rrezikuar. Po prej kujt? Armatosja e Serbis\u00eb dhe deklarata e Edi Ram\u00ebs acaron analistin kosovar Kryeminsitri i vendit, Edi Rama, dit\u00ebn\u2026","rel":"","context":"In &quot;Blogu i Udh\u00ebtarit&quot;","block_context":{"text":"Blogu i Udh\u00ebtarit","link":"https:\/\/www.shqiperia.com\/blog\/category\/blogu-i-udhetarit\/"},"img":{"alt_text":"","src":"https:\/\/i0.wp.com\/www.shqiperia.com\/blog\/wp-content\/uploads\/2022\/04\/edi-rama-5.jpg?fit=696%2C417&ssl=1&resize=350%2C200","width":350,"height":200,"srcset":"https:\/\/i0.wp.com\/www.shqiperia.com\/blog\/wp-content\/uploads\/2022\/04\/edi-rama-5.jpg?fit=696%2C417&ssl=1&resize=350%2C200 1x, https:\/\/i0.wp.com\/www.shqiperia.com\/blog\/wp-content\/uploads\/2022\/04\/edi-rama-5.jpg?fit=696%2C417&ssl=1&resize=525%2C300 1.5x"},"classes":[]},{"id":45698,"url":"https:\/\/www.shqiperia.com\/blog\/deklarata-nga-franca-e-kryeministrit-tahiri-del-kunder-rames-nderhyri-dhe-beri-gabim-historik\/","url_meta":{"origin":29744,"position":3},"title":"Deklarata nga Franca e kryeministrit, Tahiri del kund\u00ebr Ram\u00ebs: &#8211; Nd\u00ebrhyri dhe b\u00ebri gabim historik!","author":"Kurt Farka","date":"March 24, 2021","format":false,"excerpt":"Deklarata nga Franca e kryeministrit, Tahiri del kund\u00ebr Ram\u00ebs: - Nd\u00ebrhyri dhe b\u00ebri gabim historik! 24 MARS 2021 Ish-ministrja p\u00ebr Dialogun, Edita Tahiri, ka reaguar n\u00eb lidhje me deklarat\u00ebn e kryeministrit Edi Rama sa i takon dialogut Kosov\u00eb-Serbi. P\u00ebrmes nj\u00eb postimi n\u00eb Facebook, Tahiri shkruan se \u00ebsht\u00eb mir\u00eb q\u00eb Rama\u2026","rel":"","context":"In &quot;Blogu i Udh\u00ebtarit&quot;","block_context":{"text":"Blogu i Udh\u00ebtarit","link":"https:\/\/www.shqiperia.com\/blog\/category\/blogu-i-udhetarit\/"},"img":{"alt_text":"","src":"https:\/\/i0.wp.com\/www.shqiperia.com\/blog\/wp-content\/uploads\/2021\/03\/rama-vucic-kosovo.jpg?fit=625%2C337&ssl=1&resize=350%2C200","width":350,"height":200,"srcset":"https:\/\/i0.wp.com\/www.shqiperia.com\/blog\/wp-content\/uploads\/2021\/03\/rama-vucic-kosovo.jpg?fit=625%2C337&ssl=1&resize=350%2C200 1x, https:\/\/i0.wp.com\/www.shqiperia.com\/blog\/wp-content\/uploads\/2021\/03\/rama-vucic-kosovo.jpg?fit=625%2C337&ssl=1&resize=525%2C300 1.5x"},"classes":[]},{"id":74515,"url":"https:\/\/www.shqiperia.com\/blog\/deklarata-e-rames-per-kfor-in-kerkese-e-stervjeteruar-e-presidentit-te-serbise-aleksandar-vucic\/","url_meta":{"origin":29744,"position":4},"title":"Deklarata e Ram\u00ebs p\u00ebr KFOR-in,  k\u00ebrkes\u00eb \u201ce st\u00ebrvjet\u00ebruar e presidentit t\u00eb Serbis\u00eb, Aleksandar Vu\u00e7i\u00e7\u201d.","author":"Kurt Farka","date":"September 29, 2023","format":false,"excerpt":"29 Shtator 2023 Ministra t\u00eb qeveris\u00eb s\u00eb Albin Kurtit iu p\u00ebrgjigj\u00ebn deklarat\u00ebs s\u00eb kryeministrit Rama, i cili tha dje se situat\u00ebn n\u00eb veri t\u00eb Kosov\u00ebs duhet ta marr\u00eb n\u00ebn kontroll KFOR-i. Ministrja e Drejt\u00ebsis\u00eb, Albulena Haxhiu, n\u00eb nj\u00eb postim n\u00eb Facebook tha se kjo \u00ebsht\u00eb e panevojshme, por shtoi se\u2026","rel":"","context":"In &quot;Blogu i Udh\u00ebtarit&quot;","block_context":{"text":"Blogu i Udh\u00ebtarit","link":"https:\/\/www.shqiperia.com\/blog\/category\/blogu-i-udhetarit\/"},"img":{"alt_text":"","src":"https:\/\/i0.wp.com\/www.shqiperia.com\/blog\/wp-content\/uploads\/2023\/09\/800-0-64f5e96609e78-1.jpg?fit=800%2C461&ssl=1&resize=350%2C200","width":350,"height":200,"srcset":"https:\/\/i0.wp.com\/www.shqiperia.com\/blog\/wp-content\/uploads\/2023\/09\/800-0-64f5e96609e78-1.jpg?fit=800%2C461&ssl=1&resize=350%2C200 1x, https:\/\/i0.wp.com\/www.shqiperia.com\/blog\/wp-content\/uploads\/2023\/09\/800-0-64f5e96609e78-1.jpg?fit=800%2C461&ssl=1&resize=525%2C300 1.5x, https:\/\/i0.wp.com\/www.shqiperia.com\/blog\/wp-content\/uploads\/2023\/09\/800-0-64f5e96609e78-1.jpg?fit=800%2C461&ssl=1&resize=700%2C400 2x"},"classes":[]},{"id":28037,"url":"https:\/\/www.shqiperia.com\/blog\/spartak-ngjela-shba-do-e-flakin-ramen-si-lecke-u-rreshtua-me-pro-serbet-kunder-kosoves\/","url_meta":{"origin":29744,"position":5},"title":"Spartak Ngjela: SHBA do e flakin Ram\u00ebn si leck\u00eb, u rreshtua me pro serb\u00ebt kund\u00ebr Kosov\u00ebs. &#8211;","author":"Kurt Farka","date":"November 13, 2019","format":false,"excerpt":"Spartak Ngjela: SHBA do e flakin Ram\u00ebn si leck\u00eb, u rreshtua me pro serb\u00ebt kund\u00ebr Kosov\u00ebs 11 Nentor, 2019 Avokati Spartak Ngjela ka kritikuar ashp\u00ebr q\u00ebndrimin e kryeministrit Edi Rama p\u00ebr izolimin e Kosov\u00ebs nga marr\u00ebveshjet rajonale. Duke u ndalur n\u00eb takimin e Oh\u00ebrit, ku Edi Rama sulmoi drejtuesit e\u2026","rel":"","context":"In &quot;Blogu i Udh\u00ebtarit&quot;","block_context":{"text":"Blogu i Udh\u00ebtarit","link":"https:\/\/www.shqiperia.com\/blog\/category\/blogu-i-udhetarit\/"},"img":{"alt_text":"","src":"https:\/\/i0.wp.com\/www.shqiperia.com\/blog\/wp-content\/uploads\/2019\/11\/ngjela-rama-.jpg?fit=863%2C432&ssl=1&resize=350%2C200","width":350,"height":200,"srcset":"https:\/\/i0.wp.com\/www.shqiperia.com\/blog\/wp-content\/uploads\/2019\/11\/ngjela-rama-.jpg?fit=863%2C432&ssl=1&resize=350%2C200 1x, https:\/\/i0.wp.com\/www.shqiperia.com\/blog\/wp-content\/uploads\/2019\/11\/ngjela-rama-.jpg?fit=863%2C432&ssl=1&resize=525%2C300 1.5x, https:\/\/i0.wp.com\/www.shqiperia.com\/blog\/wp-content\/uploads\/2019\/11\/ngjela-rama-.jpg?fit=863%2C432&ssl=1&resize=700%2C400 2x"},"classes":[]}],"_links":{"self":[{"href":"https:\/\/www.shqiperia.com\/blog\/wp-json\/wp\/v2\/posts\/29744","targetHints":{"allow":["GET"]}}],"collection":[{"href":"https:\/\/www.shqiperia.com\/blog\/wp-json\/wp\/v2\/posts"}],"about":[{"href":"https:\/\/www.shqiperia.com\/blog\/wp-json\/wp\/v2\/types\/post"}],"author":[{"embeddable":true,"href":"https:\/\/www.shqiperia.com\/blog\/wp-json\/wp\/v2\/users\/9"}],"replies":[{"embeddable":true,"href":"https:\/\/www.shqiperia.com\/blog\/wp-json\/wp\/v2\/comments?post=29744"}],"version-history":[{"count":1,"href":"https:\/\/www.shqiperia.com\/blog\/wp-json\/wp\/v2\/posts\/29744\/revisions"}],"predecessor-version":[{"id":29746,"href":"https:\/\/www.shqiperia.com\/blog\/wp-json\/wp\/v2\/posts\/29744\/revisions\/29746"}],"wp:featuredmedia":[{"embeddable":true,"href":"https:\/\/www.shqiperia.com\/blog\/wp-json\/wp\/v2\/media\/29745"}],"wp:attachment":[{"href":"https:\/\/www.shqiperia.com\/blog\/wp-json\/wp\/v2\/media?parent=29744"}],"wp:term":[{"taxonomy":"category","embeddable":true,"href":"https:\/\/www.shqiperia.com\/blog\/wp-json\/wp\/v2\/categories?post=29744"},{"taxonomy":"post_tag","embeddable":true,"href":"https:\/\/www.shqiperia.com\/blog\/wp-json\/wp\/v2\/tags?post=29744"}],"curies":[{"name":"wp","href":"https:\/\/api.w.org\/{rel}","templated":true}]}}