{"id":29728,"date":"2019-12-26T13:35:17","date_gmt":"2019-12-26T13:35:17","guid":{"rendered":"https:\/\/www.shqiperia.com\/blog\/?p=29728"},"modified":"2019-12-26T13:39:32","modified_gmt":"2019-12-26T13:39:32","slug":"specialistet-e-trashegimise-inspektim-te-teqja-e-dollmes-ne-kruje-ajo-pesoi-edhe-deme-ne-strukture-dhe","status":"publish","type":"post","link":"https:\/\/www.shqiperia.com\/blog\/specialistet-e-trashegimise-inspektim-te-teqja-e-dollmes-ne-kruje-ajo-pesoi-edhe-deme-ne-strukture-dhe\/","title":{"rendered":"Specialist\u00ebt e trash\u00ebgimis\u00eb, inspektim te teqja e Dollm\u00ebs n\u00eb Kruj\u00eb. &#8211; Ajo p\u00ebsoi edhe d\u00ebme n\u00eb strukture dhe \u2026"},"content":{"rendered":"<p><img data-recalc-dims=\"1\" loading=\"lazy\" decoding=\"async\" data-attachment-id=\"29729\" data-permalink=\"https:\/\/www.shqiperia.com\/blog\/specialistet-e-trashegimise-inspektim-te-teqja-e-dollmes-ne-kruje-ajo-pesoi-edhe-deme-ne-strukture-dhe\/81176462_1371990216306109_1937761258224746496_o-copy\/\" data-orig-file=\"https:\/\/i0.wp.com\/www.shqiperia.com\/blog\/wp-content\/uploads\/2019\/12\/81176462_1371990216306109_1937761258224746496_o-Copy.jpg?fit=720%2C422&amp;ssl=1\" data-orig-size=\"720,422\" data-comments-opened=\"1\" data-image-meta=\"{&quot;aperture&quot;:&quot;0&quot;,&quot;credit&quot;:&quot;&quot;,&quot;camera&quot;:&quot;&quot;,&quot;caption&quot;:&quot;&quot;,&quot;created_timestamp&quot;:&quot;0&quot;,&quot;copyright&quot;:&quot;&quot;,&quot;focal_length&quot;:&quot;0&quot;,&quot;iso&quot;:&quot;0&quot;,&quot;shutter_speed&quot;:&quot;0&quot;,&quot;title&quot;:&quot;&quot;,&quot;orientation&quot;:&quot;0&quot;}\" data-image-title=\"81176462_1371990216306109_1937761258224746496_o &#8211; Copy\" data-image-description=\"\" data-image-caption=\"\" data-medium-file=\"https:\/\/i0.wp.com\/www.shqiperia.com\/blog\/wp-content\/uploads\/2019\/12\/81176462_1371990216306109_1937761258224746496_o-Copy.jpg?fit=300%2C176&amp;ssl=1\" data-large-file=\"https:\/\/i0.wp.com\/www.shqiperia.com\/blog\/wp-content\/uploads\/2019\/12\/81176462_1371990216306109_1937761258224746496_o-Copy.jpg?fit=720%2C422&amp;ssl=1\" class=\"alignnone wp-image-29729\" alt=\"\" src=\"https:\/\/i0.wp.com\/www.shqiperia.com\/blog\/wp-content\/uploads\/2019\/12\/81176462_1371990216306109_1937761258224746496_o-Copy.jpg?resize=653%2C383&#038;ssl=1\" width=\"653\" height=\"383\" srcset=\"https:\/\/i0.wp.com\/www.shqiperia.com\/blog\/wp-content\/uploads\/2019\/12\/81176462_1371990216306109_1937761258224746496_o-Copy.jpg?resize=300%2C176&amp;ssl=1 300w, https:\/\/i0.wp.com\/www.shqiperia.com\/blog\/wp-content\/uploads\/2019\/12\/81176462_1371990216306109_1937761258224746496_o-Copy.jpg?resize=450%2C264&amp;ssl=1 450w, https:\/\/i0.wp.com\/www.shqiperia.com\/blog\/wp-content\/uploads\/2019\/12\/81176462_1371990216306109_1937761258224746496_o-Copy.jpg?resize=600%2C352&amp;ssl=1 600w, https:\/\/i0.wp.com\/www.shqiperia.com\/blog\/wp-content\/uploads\/2019\/12\/81176462_1371990216306109_1937761258224746496_o-Copy.jpg?resize=400%2C234&amp;ssl=1 400w, https:\/\/i0.wp.com\/www.shqiperia.com\/blog\/wp-content\/uploads\/2019\/12\/81176462_1371990216306109_1937761258224746496_o-Copy.jpg?w=720&amp;ssl=1 720w\" sizes=\"auto, (max-width: 653px) 100vw, 653px\" \/><\/p>\n<p><strong>Specialist\u00ebt e trash\u00ebgimis\u00eb, inspektim te teqja e Dollm\u00ebs n\u00eb Kruj\u00eb. &#8211; <\/strong>Ajo p\u00ebsoi edhe d\u00ebme n\u00eb strukture dhe \u2026<\/p>\n<p><strong>26\/12\/2019 <\/strong><\/p>\n<p>N\u00eb Institutin Komb\u00ebtar t\u00eb Trash\u00ebgimis\u00eb Kulturore jan\u00eb ngritur grupe teknike p\u00ebr inspektime n\u00eb pasurit\u00eb kulturore, si dhe n\u00eb institucionet e artit, kultur\u00ebs dhe muzet\u00eb n\u00ebn administrimin e Ministris\u00eb s\u00eb Kultur\u00ebs. IKTK shprehet se grupet jan\u00eb ngritur me q\u00ebllim raportimin e situat\u00ebs dhe vler\u00ebsimit t\u00eb gjendjes n\u00eb objektet me status monumente kulture (t\u00eb gjinive dhe tipologjive t\u00eb ndryshme si banesa\/ fortifikime\/ objekte kulti\/ vepra inxhinierike, etj) n\u00eb t\u00eb gjith\u00eb vendin.<\/p>\n<div id=\"attachment_29737\" style=\"width: 838px\" class=\"wp-caption alignnone\"><img data-recalc-dims=\"1\" loading=\"lazy\" decoding=\"async\" aria-describedby=\"caption-attachment-29737\" data-attachment-id=\"29737\" data-permalink=\"https:\/\/www.shqiperia.com\/blog\/specialistet-e-trashegimise-inspektim-te-teqja-e-dollmes-ne-kruje-ajo-pesoi-edhe-deme-ne-strukture-dhe\/teqja-e-dollmes-ne-kruje-4-2\/\" data-orig-file=\"https:\/\/i0.wp.com\/www.shqiperia.com\/blog\/wp-content\/uploads\/2019\/12\/Teqja-e-Dollm%C3%ABs-n%C3%AB-Kruj%C3%AB.-4.jpg?fit=720%2C422&amp;ssl=1\" data-orig-size=\"720,422\" data-comments-opened=\"1\" data-image-meta=\"{&quot;aperture&quot;:&quot;0&quot;,&quot;credit&quot;:&quot;&quot;,&quot;camera&quot;:&quot;&quot;,&quot;caption&quot;:&quot;&quot;,&quot;created_timestamp&quot;:&quot;0&quot;,&quot;copyright&quot;:&quot;&quot;,&quot;focal_length&quot;:&quot;0&quot;,&quot;iso&quot;:&quot;0&quot;,&quot;shutter_speed&quot;:&quot;0&quot;,&quot;title&quot;:&quot;&quot;,&quot;orientation&quot;:&quot;0&quot;}\" data-image-title=\"Teqja e Dollm\u00ebs n\u00eb Kruj\u00eb. (4)\" data-image-description=\"\" data-image-caption=\"&lt;p&gt;Teqja e Dollm\u00ebs n\u00eb Kruj\u00eb.&lt;\/p&gt;\n\" data-medium-file=\"https:\/\/i0.wp.com\/www.shqiperia.com\/blog\/wp-content\/uploads\/2019\/12\/Teqja-e-Dollm%C3%ABs-n%C3%AB-Kruj%C3%AB.-4.jpg?fit=300%2C176&amp;ssl=1\" data-large-file=\"https:\/\/i0.wp.com\/www.shqiperia.com\/blog\/wp-content\/uploads\/2019\/12\/Teqja-e-Dollm%C3%ABs-n%C3%AB-Kruj%C3%AB.-4.jpg?fit=720%2C422&amp;ssl=1\" class=\" wp-image-29737\" alt=\"\" src=\"https:\/\/i0.wp.com\/www.shqiperia.com\/blog\/wp-content\/uploads\/2019\/12\/Teqja-e-Dollm%C3%ABs-n%C3%AB-Kruj%C3%AB.-4.jpg?resize=828%2C486&#038;ssl=1\" width=\"828\" height=\"486\" srcset=\"https:\/\/i0.wp.com\/www.shqiperia.com\/blog\/wp-content\/uploads\/2019\/12\/Teqja-e-Dollm%C3%ABs-n%C3%AB-Kruj%C3%AB.-4.jpg?resize=300%2C176&amp;ssl=1 300w, https:\/\/i0.wp.com\/www.shqiperia.com\/blog\/wp-content\/uploads\/2019\/12\/Teqja-e-Dollm%C3%ABs-n%C3%AB-Kruj%C3%AB.-4.jpg?resize=450%2C264&amp;ssl=1 450w, https:\/\/i0.wp.com\/www.shqiperia.com\/blog\/wp-content\/uploads\/2019\/12\/Teqja-e-Dollm%C3%ABs-n%C3%AB-Kruj%C3%AB.-4.jpg?resize=600%2C352&amp;ssl=1 600w, https:\/\/i0.wp.com\/www.shqiperia.com\/blog\/wp-content\/uploads\/2019\/12\/Teqja-e-Dollm%C3%ABs-n%C3%AB-Kruj%C3%AB.-4.jpg?resize=400%2C234&amp;ssl=1 400w, https:\/\/i0.wp.com\/www.shqiperia.com\/blog\/wp-content\/uploads\/2019\/12\/Teqja-e-Dollm%C3%ABs-n%C3%AB-Kruj%C3%AB.-4.jpg?w=720&amp;ssl=1 720w\" sizes=\"auto, (max-width: 828px) 100vw, 828px\" \/><p id=\"caption-attachment-29737\" class=\"wp-caption-text\">Teqja e Dollm\u00ebs n\u00eb Kruj\u00eb.<\/p><\/div>\n<p>Gjat\u00eb k\u00ebtyre dit\u00ebve, specialist\u00ebt e Institutit Komb\u00ebtar t\u00eb Trash\u00ebgimis\u00eb Kulturore dhe ata t\u00eb Drejtoris\u00eb Rajonale t\u00eb Trash\u00ebgimis\u00eb Kulturore t\u00eb Tiran\u00ebs kryen nj\u00eb inspektim n\u00eb teqen\u00eb e Dollm\u00ebs, n\u00eb kalan\u00eb e Kruj\u00ebs. Sipas Institutit Komb\u00ebtar t\u00eb Trash\u00ebgimis\u00eb Kulturore, inspektimi pati si q\u00ebllim mbledhjen e fragmenteve t\u00eb afreskut t\u00eb teqes\u00eb, t\u00eb cilat ishin shk\u00ebputur nga muret e saj.<\/p>\n<div id=\"attachment_29730\" style=\"width: 725px\" class=\"wp-caption alignnone\"><img data-recalc-dims=\"1\" loading=\"lazy\" decoding=\"async\" aria-describedby=\"caption-attachment-29730\" data-attachment-id=\"29730\" data-permalink=\"https:\/\/www.shqiperia.com\/blog\/specialistet-e-trashegimise-inspektim-te-teqja-e-dollmes-ne-kruje-ajo-pesoi-edhe-deme-ne-strukture-dhe\/teqja-e-dollmes-ne-kruje\/\" data-orig-file=\"https:\/\/i0.wp.com\/www.shqiperia.com\/blog\/wp-content\/uploads\/2019\/12\/Teqja-e-Dollm%C3%ABs-n%C3%AB-Kruj%C3%AB..jpg?fit=720%2C530&amp;ssl=1\" data-orig-size=\"720,530\" data-comments-opened=\"1\" data-image-meta=\"{&quot;aperture&quot;:&quot;0&quot;,&quot;credit&quot;:&quot;&quot;,&quot;camera&quot;:&quot;&quot;,&quot;caption&quot;:&quot;&quot;,&quot;created_timestamp&quot;:&quot;0&quot;,&quot;copyright&quot;:&quot;&quot;,&quot;focal_length&quot;:&quot;0&quot;,&quot;iso&quot;:&quot;0&quot;,&quot;shutter_speed&quot;:&quot;0&quot;,&quot;title&quot;:&quot;&quot;,&quot;orientation&quot;:&quot;0&quot;}\" data-image-title=\"Teqja e Dollm\u00ebs n\u00eb Kruj\u00eb.\" data-image-description=\"\" data-image-caption=\"&lt;p&gt;Teqja e Dollm\u00ebs n\u00eb Kruj\u00eb.&lt;\/p&gt;\n\" data-medium-file=\"https:\/\/i0.wp.com\/www.shqiperia.com\/blog\/wp-content\/uploads\/2019\/12\/Teqja-e-Dollm%C3%ABs-n%C3%AB-Kruj%C3%AB..jpg?fit=300%2C221&amp;ssl=1\" data-large-file=\"https:\/\/i0.wp.com\/www.shqiperia.com\/blog\/wp-content\/uploads\/2019\/12\/Teqja-e-Dollm%C3%ABs-n%C3%AB-Kruj%C3%AB..jpg?fit=720%2C530&amp;ssl=1\" class=\" wp-image-29730\" alt=\"\" src=\"https:\/\/i0.wp.com\/www.shqiperia.com\/blog\/wp-content\/uploads\/2019\/12\/Teqja-e-Dollm%C3%ABs-n%C3%AB-Kruj%C3%AB..jpg?resize=715%2C527&#038;ssl=1\" width=\"715\" height=\"527\" srcset=\"https:\/\/i0.wp.com\/www.shqiperia.com\/blog\/wp-content\/uploads\/2019\/12\/Teqja-e-Dollm%C3%ABs-n%C3%AB-Kruj%C3%AB..jpg?resize=300%2C221&amp;ssl=1 300w, https:\/\/i0.wp.com\/www.shqiperia.com\/blog\/wp-content\/uploads\/2019\/12\/Teqja-e-Dollm%C3%ABs-n%C3%AB-Kruj%C3%AB..jpg?resize=450%2C331&amp;ssl=1 450w, https:\/\/i0.wp.com\/www.shqiperia.com\/blog\/wp-content\/uploads\/2019\/12\/Teqja-e-Dollm%C3%ABs-n%C3%AB-Kruj%C3%AB..jpg?resize=600%2C442&amp;ssl=1 600w, https:\/\/i0.wp.com\/www.shqiperia.com\/blog\/wp-content\/uploads\/2019\/12\/Teqja-e-Dollm%C3%ABs-n%C3%AB-Kruj%C3%AB..jpg?resize=400%2C294&amp;ssl=1 400w, https:\/\/i0.wp.com\/www.shqiperia.com\/blog\/wp-content\/uploads\/2019\/12\/Teqja-e-Dollm%C3%ABs-n%C3%AB-Kruj%C3%AB..jpg?w=720&amp;ssl=1 720w\" sizes=\"auto, (max-width: 715px) 100vw, 715px\" \/><p id=\"caption-attachment-29730\" class=\"wp-caption-text\">Teqja e Dollm\u00ebs n\u00eb Kruj\u00eb.<\/p><\/div>\n<p>\u201cTeqeja \u00ebsht\u00eb monument kulture i kategoris\u00eb s\u00eb par\u00eb i nd\u00ebrtuar n\u00eb vitin 1778 dhe \u00ebsht\u00eb nj\u00eb nga monumentet m\u00eb t\u00eb r\u00ebnd\u00ebsish\u00ebm t\u00eb Kruj\u00ebs. Si rezultat i l\u00ebkundjeve ajo p\u00ebsoi edhe d\u00ebme n\u00eb struktur\u00eb.<\/p>\n<div id=\"attachment_29731\" style=\"width: 757px\" class=\"wp-caption alignnone\"><img data-recalc-dims=\"1\" loading=\"lazy\" decoding=\"async\" aria-describedby=\"caption-attachment-29731\" data-attachment-id=\"29731\" data-permalink=\"https:\/\/www.shqiperia.com\/blog\/specialistet-e-trashegimise-inspektim-te-teqja-e-dollmes-ne-kruje-ajo-pesoi-edhe-deme-ne-strukture-dhe\/teqja-e-dollmes-ne-kruje-6\/\" data-orig-file=\"https:\/\/i0.wp.com\/www.shqiperia.com\/blog\/wp-content\/uploads\/2019\/12\/Teqja-e-Dollm%C3%ABs-n%C3%AB-Kruj%C3%AB.-6.jpg?fit=720%2C732&amp;ssl=1\" data-orig-size=\"720,732\" data-comments-opened=\"1\" data-image-meta=\"{&quot;aperture&quot;:&quot;0&quot;,&quot;credit&quot;:&quot;&quot;,&quot;camera&quot;:&quot;&quot;,&quot;caption&quot;:&quot;&quot;,&quot;created_timestamp&quot;:&quot;0&quot;,&quot;copyright&quot;:&quot;&quot;,&quot;focal_length&quot;:&quot;0&quot;,&quot;iso&quot;:&quot;0&quot;,&quot;shutter_speed&quot;:&quot;0&quot;,&quot;title&quot;:&quot;&quot;,&quot;orientation&quot;:&quot;0&quot;}\" data-image-title=\"Teqja e Dollm\u00ebs n\u00eb Kruj\u00eb. (6)\" data-image-description=\"\" data-image-caption=\"&lt;p&gt;Teqja e Dollm\u00ebs n\u00eb Kruj\u00eb.&lt;\/p&gt;\n\" data-medium-file=\"https:\/\/i0.wp.com\/www.shqiperia.com\/blog\/wp-content\/uploads\/2019\/12\/Teqja-e-Dollm%C3%ABs-n%C3%AB-Kruj%C3%AB.-6.jpg?fit=295%2C300&amp;ssl=1\" data-large-file=\"https:\/\/i0.wp.com\/www.shqiperia.com\/blog\/wp-content\/uploads\/2019\/12\/Teqja-e-Dollm%C3%ABs-n%C3%AB-Kruj%C3%AB.-6.jpg?fit=720%2C732&amp;ssl=1\" class=\" wp-image-29731\" alt=\"\" src=\"https:\/\/i0.wp.com\/www.shqiperia.com\/blog\/wp-content\/uploads\/2019\/12\/Teqja-e-Dollm%C3%ABs-n%C3%AB-Kruj%C3%AB.-6.jpg?resize=747%2C760&#038;ssl=1\" width=\"747\" height=\"760\" srcset=\"https:\/\/i0.wp.com\/www.shqiperia.com\/blog\/wp-content\/uploads\/2019\/12\/Teqja-e-Dollm%C3%ABs-n%C3%AB-Kruj%C3%AB.-6.jpg?resize=295%2C300&amp;ssl=1 295w, https:\/\/i0.wp.com\/www.shqiperia.com\/blog\/wp-content\/uploads\/2019\/12\/Teqja-e-Dollm%C3%ABs-n%C3%AB-Kruj%C3%AB.-6.jpg?resize=450%2C458&amp;ssl=1 450w, https:\/\/i0.wp.com\/www.shqiperia.com\/blog\/wp-content\/uploads\/2019\/12\/Teqja-e-Dollm%C3%ABs-n%C3%AB-Kruj%C3%AB.-6.jpg?resize=600%2C610&amp;ssl=1 600w, https:\/\/i0.wp.com\/www.shqiperia.com\/blog\/wp-content\/uploads\/2019\/12\/Teqja-e-Dollm%C3%ABs-n%C3%AB-Kruj%C3%AB.-6.jpg?resize=65%2C65&amp;ssl=1 65w, https:\/\/i0.wp.com\/www.shqiperia.com\/blog\/wp-content\/uploads\/2019\/12\/Teqja-e-Dollm%C3%ABs-n%C3%AB-Kruj%C3%AB.-6.jpg?resize=50%2C50&amp;ssl=1 50w, https:\/\/i0.wp.com\/www.shqiperia.com\/blog\/wp-content\/uploads\/2019\/12\/Teqja-e-Dollm%C3%ABs-n%C3%AB-Kruj%C3%AB.-6.jpg?resize=400%2C407&amp;ssl=1 400w, https:\/\/i0.wp.com\/www.shqiperia.com\/blog\/wp-content\/uploads\/2019\/12\/Teqja-e-Dollm%C3%ABs-n%C3%AB-Kruj%C3%AB.-6.jpg?w=720&amp;ssl=1 720w\" sizes=\"auto, (max-width: 747px) 100vw, 747px\" \/><p id=\"caption-attachment-29731\" class=\"wp-caption-text\">Teqja e Dollm\u00ebs n\u00eb Kruj\u00eb.<\/p><\/div>\n<p>P\u00ebr k\u00ebt\u00eb po punohet p\u00ebr nj\u00eb projekt restaurimi t\u00eb nd\u00ebrtes\u00ebs dhe p\u00ebr restaurimin e mundsh\u00ebm t\u00eb afreskut n\u00eb laboratorin e IKTK-s\u00eb\u201d, shprehet instituti. Teqja e Dollm\u00ebs e cila, ndon\u00ebse e vog\u00ebl, \u00ebsht\u00eb foltore e besimit mysliman. Pran\u00eb k\u00ebsaj teqeje, dallohet silueta e tambureve t\u00eb hamamit t\u00eb kalas\u00eb me \u00e7atin\u00eb e bukur t\u00eb shekullit t\u00eb 15. Gjat\u00eb rrug\u00ebs drejt kalas\u00eb, gjendet pjes\u00eb e pazarit 450-vje\u00e7ar t\u00eb Kruj\u00ebs i cili, n\u00eb kulmin e tij mbante m\u00eb shum\u00eb se 150 tregtar\u00eb. Tani, aty shiten objekte artizanale tradicionale dhe antike. E k\u00ebshtu me radh\u00eb, vendet e bukura e historike nuk mbarojn\u00eb n\u00eb k\u00ebt\u00eb qytet t\u00eb vog\u00ebl, simboli i guximit dhe vazhdueshm\u00ebris\u00eb s\u00eb popullit shqiptar nd\u00ebr shekuj. Prej shekujsh, kalaja e Kruj\u00ebs q\u00ebndron mbi nj\u00eb kod\u00ebr shk\u00ebmbore, d\u00ebshmitare e luft\u00ebrave dhe e jet\u00ebs s\u00eb eg\u00ebr t\u00eb qytetit t\u00eb Kruj\u00ebs, nj\u00eb her\u00eb e nj\u00eb koh\u00eb, qendra e shtetit t\u00eb arbrit. Kalaja q\u00ebndron n\u00eb 557 metra lart\u00ebsi. P\u00ebrball\u00eb muzeut shihen rr\u00ebnojat e nj\u00eb kishe t\u00eb dikurshme, e cila gjat\u00eb pushtimit osman, u kthye n\u00eb xhami.<\/p>\n<div id=\"attachment_29732\" style=\"width: 654px\" class=\"wp-caption alignnone\"><img data-recalc-dims=\"1\" loading=\"lazy\" decoding=\"async\" aria-describedby=\"caption-attachment-29732\" data-attachment-id=\"29732\" data-permalink=\"https:\/\/www.shqiperia.com\/blog\/specialistet-e-trashegimise-inspektim-te-teqja-e-dollmes-ne-kruje-ajo-pesoi-edhe-deme-ne-strukture-dhe\/teqja-e-dollmes-ne-kruje-2\/\" data-orig-file=\"https:\/\/i0.wp.com\/www.shqiperia.com\/blog\/wp-content\/uploads\/2019\/12\/Teqja-e-Dollm%C3%ABs-n%C3%AB-Kruj%C3%AB.-2.jpg?fit=720%2C694&amp;ssl=1\" data-orig-size=\"720,694\" data-comments-opened=\"1\" data-image-meta=\"{&quot;aperture&quot;:&quot;0&quot;,&quot;credit&quot;:&quot;&quot;,&quot;camera&quot;:&quot;&quot;,&quot;caption&quot;:&quot;&quot;,&quot;created_timestamp&quot;:&quot;0&quot;,&quot;copyright&quot;:&quot;&quot;,&quot;focal_length&quot;:&quot;0&quot;,&quot;iso&quot;:&quot;0&quot;,&quot;shutter_speed&quot;:&quot;0&quot;,&quot;title&quot;:&quot;&quot;,&quot;orientation&quot;:&quot;0&quot;}\" data-image-title=\"Teqja e Dollm\u00ebs n\u00eb Kruj\u00eb. (2)\" data-image-description=\"\" data-image-caption=\"&lt;p&gt;Teqja e Dollm\u00ebs n\u00eb Kruj\u00eb.&lt;\/p&gt;\n\" data-medium-file=\"https:\/\/i0.wp.com\/www.shqiperia.com\/blog\/wp-content\/uploads\/2019\/12\/Teqja-e-Dollm%C3%ABs-n%C3%AB-Kruj%C3%AB.-2.jpg?fit=300%2C289&amp;ssl=1\" data-large-file=\"https:\/\/i0.wp.com\/www.shqiperia.com\/blog\/wp-content\/uploads\/2019\/12\/Teqja-e-Dollm%C3%ABs-n%C3%AB-Kruj%C3%AB.-2.jpg?fit=720%2C694&amp;ssl=1\" class=\" wp-image-29732\" alt=\"\" src=\"https:\/\/i0.wp.com\/www.shqiperia.com\/blog\/wp-content\/uploads\/2019\/12\/Teqja-e-Dollm%C3%ABs-n%C3%AB-Kruj%C3%AB.-2.jpg?resize=644%2C620&#038;ssl=1\" width=\"644\" height=\"620\" srcset=\"https:\/\/i0.wp.com\/www.shqiperia.com\/blog\/wp-content\/uploads\/2019\/12\/Teqja-e-Dollm%C3%ABs-n%C3%AB-Kruj%C3%AB.-2.jpg?resize=300%2C289&amp;ssl=1 300w, https:\/\/i0.wp.com\/www.shqiperia.com\/blog\/wp-content\/uploads\/2019\/12\/Teqja-e-Dollm%C3%ABs-n%C3%AB-Kruj%C3%AB.-2.jpg?resize=450%2C434&amp;ssl=1 450w, https:\/\/i0.wp.com\/www.shqiperia.com\/blog\/wp-content\/uploads\/2019\/12\/Teqja-e-Dollm%C3%ABs-n%C3%AB-Kruj%C3%AB.-2.jpg?resize=600%2C578&amp;ssl=1 600w, https:\/\/i0.wp.com\/www.shqiperia.com\/blog\/wp-content\/uploads\/2019\/12\/Teqja-e-Dollm%C3%ABs-n%C3%AB-Kruj%C3%AB.-2.jpg?resize=400%2C386&amp;ssl=1 400w, https:\/\/i0.wp.com\/www.shqiperia.com\/blog\/wp-content\/uploads\/2019\/12\/Teqja-e-Dollm%C3%ABs-n%C3%AB-Kruj%C3%AB.-2.jpg?w=720&amp;ssl=1 720w\" sizes=\"auto, (max-width: 644px) 100vw, 644px\" \/><p id=\"caption-attachment-29732\" class=\"wp-caption-text\">Teqja e Dollm\u00ebs n\u00eb Kruj\u00eb.<\/p><\/div>\n<p><img data-recalc-dims=\"1\" loading=\"lazy\" decoding=\"async\" data-attachment-id=\"29733\" data-permalink=\"https:\/\/www.shqiperia.com\/blog\/specialistet-e-trashegimise-inspektim-te-teqja-e-dollmes-ne-kruje-ajo-pesoi-edhe-deme-ne-strukture-dhe\/teqja-e-dollmes-ne-kruje-3\/\" data-orig-file=\"https:\/\/i0.wp.com\/www.shqiperia.com\/blog\/wp-content\/uploads\/2019\/12\/Teqja-e-Dollm%C3%ABs-n%C3%AB-Kruj%C3%AB.-3.jpg?fit=720%2C960&amp;ssl=1\" data-orig-size=\"720,960\" data-comments-opened=\"1\" data-image-meta=\"{&quot;aperture&quot;:&quot;0&quot;,&quot;credit&quot;:&quot;&quot;,&quot;camera&quot;:&quot;&quot;,&quot;caption&quot;:&quot;&quot;,&quot;created_timestamp&quot;:&quot;0&quot;,&quot;copyright&quot;:&quot;&quot;,&quot;focal_length&quot;:&quot;0&quot;,&quot;iso&quot;:&quot;0&quot;,&quot;shutter_speed&quot;:&quot;0&quot;,&quot;title&quot;:&quot;&quot;,&quot;orientation&quot;:&quot;0&quot;}\" data-image-title=\"Teqja e Dollm\u00ebs n\u00eb Kruj\u00eb. (3)\" data-image-description=\"\" data-image-caption=\"\" data-medium-file=\"https:\/\/i0.wp.com\/www.shqiperia.com\/blog\/wp-content\/uploads\/2019\/12\/Teqja-e-Dollm%C3%ABs-n%C3%AB-Kruj%C3%AB.-3.jpg?fit=225%2C300&amp;ssl=1\" data-large-file=\"https:\/\/i0.wp.com\/www.shqiperia.com\/blog\/wp-content\/uploads\/2019\/12\/Teqja-e-Dollm%C3%ABs-n%C3%AB-Kruj%C3%AB.-3.jpg?fit=720%2C960&amp;ssl=1\" class=\"alignnone wp-image-29733\" alt=\"\" src=\"https:\/\/i0.wp.com\/www.shqiperia.com\/blog\/wp-content\/uploads\/2019\/12\/Teqja-e-Dollm%C3%ABs-n%C3%AB-Kruj%C3%AB.-3.jpg?resize=617%2C823&#038;ssl=1\" width=\"617\" height=\"823\" srcset=\"https:\/\/i0.wp.com\/www.shqiperia.com\/blog\/wp-content\/uploads\/2019\/12\/Teqja-e-Dollm%C3%ABs-n%C3%AB-Kruj%C3%AB.-3.jpg?resize=225%2C300&amp;ssl=1 225w, https:\/\/i0.wp.com\/www.shqiperia.com\/blog\/wp-content\/uploads\/2019\/12\/Teqja-e-Dollm%C3%ABs-n%C3%AB-Kruj%C3%AB.-3.jpg?resize=450%2C600&amp;ssl=1 450w, https:\/\/i0.wp.com\/www.shqiperia.com\/blog\/wp-content\/uploads\/2019\/12\/Teqja-e-Dollm%C3%ABs-n%C3%AB-Kruj%C3%AB.-3.jpg?resize=600%2C800&amp;ssl=1 600w, https:\/\/i0.wp.com\/www.shqiperia.com\/blog\/wp-content\/uploads\/2019\/12\/Teqja-e-Dollm%C3%ABs-n%C3%AB-Kruj%C3%AB.-3.jpg?resize=400%2C533&amp;ssl=1 400w, https:\/\/i0.wp.com\/www.shqiperia.com\/blog\/wp-content\/uploads\/2019\/12\/Teqja-e-Dollm%C3%ABs-n%C3%AB-Kruj%C3%AB.-3.jpg?w=720&amp;ssl=1 720w\" sizes=\"auto, (max-width: 617px) 100vw, 617px\" \/> <img data-recalc-dims=\"1\" loading=\"lazy\" decoding=\"async\" data-attachment-id=\"29734\" data-permalink=\"https:\/\/www.shqiperia.com\/blog\/specialistet-e-trashegimise-inspektim-te-teqja-e-dollmes-ne-kruje-ajo-pesoi-edhe-deme-ne-strukture-dhe\/teqja-e-dollmes-ne-kruje-5\/\" data-orig-file=\"https:\/\/i0.wp.com\/www.shqiperia.com\/blog\/wp-content\/uploads\/2019\/12\/Teqja-e-Dollm%C3%ABs-n%C3%AB-Kruj%C3%AB.-5.jpg?fit=720%2C792&amp;ssl=1\" data-orig-size=\"720,792\" data-comments-opened=\"1\" data-image-meta=\"{&quot;aperture&quot;:&quot;0&quot;,&quot;credit&quot;:&quot;&quot;,&quot;camera&quot;:&quot;&quot;,&quot;caption&quot;:&quot;&quot;,&quot;created_timestamp&quot;:&quot;0&quot;,&quot;copyright&quot;:&quot;&quot;,&quot;focal_length&quot;:&quot;0&quot;,&quot;iso&quot;:&quot;0&quot;,&quot;shutter_speed&quot;:&quot;0&quot;,&quot;title&quot;:&quot;&quot;,&quot;orientation&quot;:&quot;0&quot;}\" data-image-title=\"Teqja e Dollm\u00ebs n\u00eb Kruj\u00eb. (5)\" data-image-description=\"\" data-image-caption=\"\" data-medium-file=\"https:\/\/i0.wp.com\/www.shqiperia.com\/blog\/wp-content\/uploads\/2019\/12\/Teqja-e-Dollm%C3%ABs-n%C3%AB-Kruj%C3%AB.-5.jpg?fit=273%2C300&amp;ssl=1\" data-large-file=\"https:\/\/i0.wp.com\/www.shqiperia.com\/blog\/wp-content\/uploads\/2019\/12\/Teqja-e-Dollm%C3%ABs-n%C3%AB-Kruj%C3%AB.-5.jpg?fit=720%2C792&amp;ssl=1\" class=\"alignnone wp-image-29734\" alt=\"\" src=\"https:\/\/i0.wp.com\/www.shqiperia.com\/blog\/wp-content\/uploads\/2019\/12\/Teqja-e-Dollm%C3%ABs-n%C3%AB-Kruj%C3%AB.-5.jpg?resize=485%2C533&#038;ssl=1\" width=\"485\" height=\"533\" srcset=\"https:\/\/i0.wp.com\/www.shqiperia.com\/blog\/wp-content\/uploads\/2019\/12\/Teqja-e-Dollm%C3%ABs-n%C3%AB-Kruj%C3%AB.-5.jpg?resize=273%2C300&amp;ssl=1 273w, https:\/\/i0.wp.com\/www.shqiperia.com\/blog\/wp-content\/uploads\/2019\/12\/Teqja-e-Dollm%C3%ABs-n%C3%AB-Kruj%C3%AB.-5.jpg?resize=450%2C495&amp;ssl=1 450w, https:\/\/i0.wp.com\/www.shqiperia.com\/blog\/wp-content\/uploads\/2019\/12\/Teqja-e-Dollm%C3%ABs-n%C3%AB-Kruj%C3%AB.-5.jpg?resize=600%2C660&amp;ssl=1 600w, https:\/\/i0.wp.com\/www.shqiperia.com\/blog\/wp-content\/uploads\/2019\/12\/Teqja-e-Dollm%C3%ABs-n%C3%AB-Kruj%C3%AB.-5.jpg?resize=400%2C440&amp;ssl=1 400w, https:\/\/i0.wp.com\/www.shqiperia.com\/blog\/wp-content\/uploads\/2019\/12\/Teqja-e-Dollm%C3%ABs-n%C3%AB-Kruj%C3%AB.-5.jpg?w=720&amp;ssl=1 720w\" sizes=\"auto, (max-width: 485px) 100vw, 485px\" \/> <img data-recalc-dims=\"1\" loading=\"lazy\" decoding=\"async\" data-attachment-id=\"29735\" data-permalink=\"https:\/\/www.shqiperia.com\/blog\/specialistet-e-trashegimise-inspektim-te-teqja-e-dollmes-ne-kruje-ajo-pesoi-edhe-deme-ne-strukture-dhe\/teqja-e-dollmes-ne-kruje-4\/\" data-orig-file=\"https:\/\/i0.wp.com\/www.shqiperia.com\/blog\/wp-content\/uploads\/2019\/12\/Teqja-e-Dollm%C3%ABs-n%C3%AB-Kruj%C3%AB.-1.jpg?fit=720%2C530&amp;ssl=1\" data-orig-size=\"720,530\" data-comments-opened=\"1\" data-image-meta=\"{&quot;aperture&quot;:&quot;0&quot;,&quot;credit&quot;:&quot;&quot;,&quot;camera&quot;:&quot;&quot;,&quot;caption&quot;:&quot;&quot;,&quot;created_timestamp&quot;:&quot;0&quot;,&quot;copyright&quot;:&quot;&quot;,&quot;focal_length&quot;:&quot;0&quot;,&quot;iso&quot;:&quot;0&quot;,&quot;shutter_speed&quot;:&quot;0&quot;,&quot;title&quot;:&quot;&quot;,&quot;orientation&quot;:&quot;0&quot;}\" data-image-title=\"Teqja e Dollm\u00ebs n\u00eb Kruj\u00eb.\" data-image-description=\"\" data-image-caption=\"\" data-medium-file=\"https:\/\/i0.wp.com\/www.shqiperia.com\/blog\/wp-content\/uploads\/2019\/12\/Teqja-e-Dollm%C3%ABs-n%C3%AB-Kruj%C3%AB.-1.jpg?fit=300%2C221&amp;ssl=1\" data-large-file=\"https:\/\/i0.wp.com\/www.shqiperia.com\/blog\/wp-content\/uploads\/2019\/12\/Teqja-e-Dollm%C3%ABs-n%C3%AB-Kruj%C3%AB.-1.jpg?fit=720%2C530&amp;ssl=1\" class=\"alignnone wp-image-29735\" alt=\"\" src=\"https:\/\/i0.wp.com\/www.shqiperia.com\/blog\/wp-content\/uploads\/2019\/12\/Teqja-e-Dollm%C3%ABs-n%C3%AB-Kruj%C3%AB.-1.jpg?resize=597%2C440&#038;ssl=1\" width=\"597\" height=\"440\" srcset=\"https:\/\/i0.wp.com\/www.shqiperia.com\/blog\/wp-content\/uploads\/2019\/12\/Teqja-e-Dollm%C3%ABs-n%C3%AB-Kruj%C3%AB.-1.jpg?resize=300%2C221&amp;ssl=1 300w, https:\/\/i0.wp.com\/www.shqiperia.com\/blog\/wp-content\/uploads\/2019\/12\/Teqja-e-Dollm%C3%ABs-n%C3%AB-Kruj%C3%AB.-1.jpg?resize=450%2C331&amp;ssl=1 450w, https:\/\/i0.wp.com\/www.shqiperia.com\/blog\/wp-content\/uploads\/2019\/12\/Teqja-e-Dollm%C3%ABs-n%C3%AB-Kruj%C3%AB.-1.jpg?resize=600%2C442&amp;ssl=1 600w, https:\/\/i0.wp.com\/www.shqiperia.com\/blog\/wp-content\/uploads\/2019\/12\/Teqja-e-Dollm%C3%ABs-n%C3%AB-Kruj%C3%AB.-1.jpg?resize=400%2C294&amp;ssl=1 400w, https:\/\/i0.wp.com\/www.shqiperia.com\/blog\/wp-content\/uploads\/2019\/12\/Teqja-e-Dollm%C3%ABs-n%C3%AB-Kruj%C3%AB.-1.jpg?w=720&amp;ssl=1 720w\" sizes=\"auto, (max-width: 597px) 100vw, 597px\" \/><\/p>\n<p><strong>\/Agjensia e Lajmeve Sot News\/<\/strong><\/p>\n","protected":false},"excerpt":{"rendered":"<p>Specialist\u00ebt e trash\u00ebgimis\u00eb, inspektim te teqja e Dollm\u00ebs n\u00eb Kruj\u00eb. &#8211; Ajo p\u00ebsoi edhe d\u00ebme n\u00eb strukture dhe \u2026 26\/12\/2019 N\u00eb Institutin Komb\u00ebtar t\u00eb Trash\u00ebgimis\u00eb Kulturore jan\u00eb ngritur grupe teknike p\u00ebr inspektime n\u00eb pasurit\u00eb kulturore, si dhe n\u00eb institucionet e artit, kultur\u00ebs dhe muzet\u00eb n\u00ebn administrimin e Ministris\u00eb s\u00eb Kultur\u00ebs. IKTK shprehet se grupet jan\u00eb [&hellip;]<\/p>\n","protected":false},"author":9,"featured_media":29729,"comment_status":"open","ping_status":"open","sticky":false,"template":"","format":"standard","meta":{"jetpack_post_was_ever_published":false,"_jetpack_newsletter_access":"","_jetpack_dont_email_post_to_subs":false,"_jetpack_newsletter_tier_id":0,"_jetpack_memberships_contains_paywalled_content":false,"_jetpack_memberships_contains_paid_content":false,"footnotes":"","jetpack_publicize_message":"","jetpack_publicize_feature_enabled":true,"jetpack_social_post_already_shared":true,"jetpack_social_options":{"image_generator_settings":{"template":"highway","default_image_id":0,"font":"","enabled":false},"version":2}},"categories":[85,10,86],"tags":[],"class_list":["post-29728","post","type-post","status-publish","format-standard","has-post-thumbnail","hentry","category-histori","category-kultura","category-trashegimi-kulturore"],"jetpack_publicize_connections":[],"jetpack_featured_media_url":"https:\/\/i0.wp.com\/www.shqiperia.com\/blog\/wp-content\/uploads\/2019\/12\/81176462_1371990216306109_1937761258224746496_o-Copy.jpg?fit=720%2C422&ssl=1","jetpack_sharing_enabled":true,"jetpack_shortlink":"https:\/\/wp.me\/p5Z6wp-7Ju","jetpack-related-posts":[{"id":29851,"url":"https:\/\/www.shqiperia.com\/blog\/kalaja-e-krujes-specialistet-inspektim-per-perforcimin-e-struktures\/","url_meta":{"origin":29728,"position":0},"title":"Kalaja e Kruj\u00ebs, specialist\u00ebt inspektim p\u00ebr p\u00ebrforcimin e struktur\u00ebs. &#8211;","author":"Kurt Farka","date":"December 30, 2019","format":false,"excerpt":"Kalaja e Kruj\u00ebs, specialist\u00ebt inspektim p\u00ebr p\u00ebrforcimin e struktur\u00ebs 29\/12\/2019 Specialist\u00ebt e Institutit Komb\u00ebtar t\u00eb Trash\u00ebgimis\u00eb Kulturore, s\u00eb bashku me specialist\u00ebt e Drejtoris\u00eb Rajonale t\u00eb Trash\u00ebgimis\u00eb Kulturore t\u00eb Tiran\u00ebs dhe me gjeolog\u00eb e konstruktor\u00eb kryen nj\u00eb inspektim n\u00eb kalan\u00eb e Kruj\u00ebs. IKTK shprehet se kjo u b\u00eb p\u00ebr studimin e\u2026","rel":"","context":"In &quot;Histori&quot;","block_context":{"text":"Histori","link":"https:\/\/www.shqiperia.com\/blog\/category\/histori\/"},"img":{"alt_text":"","src":"https:\/\/i0.wp.com\/www.shqiperia.com\/blog\/wp-content\/uploads\/2019\/12\/1574861051_kulla.jpg?fit=780%2C440&ssl=1&resize=350%2C200","width":350,"height":200,"srcset":"https:\/\/i0.wp.com\/www.shqiperia.com\/blog\/wp-content\/uploads\/2019\/12\/1574861051_kulla.jpg?fit=780%2C440&ssl=1&resize=350%2C200 1x, https:\/\/i0.wp.com\/www.shqiperia.com\/blog\/wp-content\/uploads\/2019\/12\/1574861051_kulla.jpg?fit=780%2C440&ssl=1&resize=525%2C300 1.5x, https:\/\/i0.wp.com\/www.shqiperia.com\/blog\/wp-content\/uploads\/2019\/12\/1574861051_kulla.jpg?fit=780%2C440&ssl=1&resize=700%2C400 2x"},"classes":[]},{"id":16244,"url":"https:\/\/www.shqiperia.com\/blog\/forumi-per-trashegimine-kumbaro-u-largua-me-ndjenje-turpi\/","url_meta":{"origin":29728,"position":1},"title":"Forumi p\u00ebr Trash\u00ebgimin\u00eb: Kumbaro u largua me ndjenj\u00eb turpi. &#8211;","author":"Kurt Farka","date":"January 17, 2019","format":false,"excerpt":"Forumi p\u00ebr Trash\u00ebgimin\u00eb: Kumbaro u largua me ndjenj\u00eb turpi. - 17\/01\/2019. \u00a0Forumi p\u00ebr Mbrojtjen e Trash\u00ebgimis\u00eb Kulturore shkruan se Mirela Kumbaro u largua nga drejtimi i Ministris\u00eb s\u00eb Kultur\u00ebs duke l\u00ebn\u00eb pas pun\u00ebn e dob\u00ebt n\u00eb trash\u00ebgimin\u00eb kulturore. Forumi jo pak kritik gjat\u00eb mandatit t\u00eb par\u00eb dhe n\u00eb vijim t\u00eb\u2026","rel":"","context":"In &quot;Histori&quot;","block_context":{"text":"Histori","link":"https:\/\/www.shqiperia.com\/blog\/category\/histori\/"},"img":{"alt_text":"","src":"https:\/\/i0.wp.com\/www.shqiperia.com\/blog\/wp-content\/uploads\/2019\/01\/gjirokastra.jpg?fit=900%2C500&ssl=1&resize=350%2C200","width":350,"height":200,"srcset":"https:\/\/i0.wp.com\/www.shqiperia.com\/blog\/wp-content\/uploads\/2019\/01\/gjirokastra.jpg?fit=900%2C500&ssl=1&resize=350%2C200 1x, https:\/\/i0.wp.com\/www.shqiperia.com\/blog\/wp-content\/uploads\/2019\/01\/gjirokastra.jpg?fit=900%2C500&ssl=1&resize=525%2C300 1.5x, https:\/\/i0.wp.com\/www.shqiperia.com\/blog\/wp-content\/uploads\/2019\/01\/gjirokastra.jpg?fit=900%2C500&ssl=1&resize=700%2C400 2x"},"classes":[]},{"id":6266,"url":"https:\/\/www.shqiperia.com\/blog\/shtepia-e-vellezerve-frasheri-ne-rrezik-nis-nderhyrja-per-muret-e-catine\/","url_meta":{"origin":29728,"position":2},"title":"Sht\u00ebpia e V\u00ebllez\u00ebrve Frash\u00ebri n\u00eb rrezik, nis nd\u00ebrhyrja p\u00ebr muret e \u00e7atin\u00eb. &#8211;","author":"Kurt Farka","date":"April 12, 2018","format":false,"excerpt":"N\u00eb hyrje t\u00eb fshatit Frash\u00ebr pozicionohet banesa madh\u00ebshtore e v\u00ebllez\u00ebrve Frash\u00ebri. N\u00eb vitin 1974, mbi rr\u00ebnojat e banes\u00ebs s\u00eb vjet\u00ebr t\u00eb shkat\u00ebrruar \u00ebsht\u00eb ringritur \u201cBanesa e V\u00ebllez\u00ebrve Frash\u00ebri\u201d, monument kulture i kategoris\u00eb I-r\u00eb, duke u p\u00ebrshtatur si sht\u00ebpi-muze. Sht\u00ebpia-muze u rikonceptua si nj\u00eb p\u00ebrmbledhje e historikut t\u00eb zon\u00ebs, e veprimtaris\u00eb\u2026","rel":"","context":"In &quot;Njoftime Shtypi&quot;","block_context":{"text":"Njoftime Shtypi","link":"https:\/\/www.shqiperia.com\/blog\/category\/njoftime-shtypi\/"},"img":{"alt_text":"","src":"https:\/\/i0.wp.com\/www.shqiperia.com\/blog\/wp-content\/uploads\/2018\/04\/1-Sht%C3%ABpia-e-V%C3%ABllez%C3%ABrve-Frash%C3%ABri-4-Copy.jpg?fit=500%2C343&ssl=1&resize=350%2C200","width":350,"height":200},"classes":[]},{"id":94301,"url":"https:\/\/www.shqiperia.com\/blog\/specialistet-iktk-larg-detyrave-dhe-perspektives-se-mbrojtjes-se-monumenteve-keshillat-nuk-mund-te-krijohen-me\/","url_meta":{"origin":29728,"position":3},"title":"Specialist\u00ebt: IKTK larg detyrave dhe perspektiv\u00ebs s\u00eb mbrojtjes s\u00eb monumenteve, k\u00ebshillat nuk mund t\u00eb krijohen me\u2026","author":"Kurt Farka","date":"October 15, 2025","format":false,"excerpt":"15 Tetor 2025 Nga Julia Vrapi Ruajtja, dokumentimi, mbrojtja dhe promovimi i trash\u00ebgimis\u00eb kulturore ka v\u00ebn\u00eb her\u00eb pas here institucionet p\u00ebrgjegj\u00ebse p\u00ebrball\u00eb kritikave. Specialist\u00eb t\u00eb fush\u00ebs s\u00eb trash\u00ebgimis\u00eb kulturore, q\u00eb k\u00ebrkojn\u00eb mbrojtje institucionale , restaurim dhe jo nd\u00ebrhyrjeje t\u00eb paligjshme shprehen me kritika p\u00ebr Institutin Komb\u00ebtar t\u00eb Trash\u00ebgimis\u00eb Kulturore (IKTK),\u2026","rel":"","context":"In &quot;Histori&quot;","block_context":{"text":"Histori","link":"https:\/\/www.shqiperia.com\/blog\/category\/histori\/"},"img":{"alt_text":"","src":"https:\/\/i0.wp.com\/www.shqiperia.com\/blog\/wp-content\/uploads\/2025\/10\/Capture-317.jpg?fit=827%2C626&ssl=1&resize=350%2C200","width":350,"height":200,"srcset":"https:\/\/i0.wp.com\/www.shqiperia.com\/blog\/wp-content\/uploads\/2025\/10\/Capture-317.jpg?fit=827%2C626&ssl=1&resize=350%2C200 1x, https:\/\/i0.wp.com\/www.shqiperia.com\/blog\/wp-content\/uploads\/2025\/10\/Capture-317.jpg?fit=827%2C626&ssl=1&resize=525%2C300 1.5x, https:\/\/i0.wp.com\/www.shqiperia.com\/blog\/wp-content\/uploads\/2025\/10\/Capture-317.jpg?fit=827%2C626&ssl=1&resize=700%2C400 2x"},"classes":[]},{"id":12295,"url":"https:\/\/www.shqiperia.com\/blog\/specialistet-akuza-kumbaros-beratit-po-i-pergjysmohet-lista-e-monumenteve-te-kultures-nga-harresa\/","url_meta":{"origin":29728,"position":4},"title":"Specialist\u00ebt, akuza Kumbaros: Beratit po i p\u00ebrgjysmohet lista e monumenteve t\u00eb kultur\u00ebs nga harresa. &#8211;","author":"Kurt Farka","date":"October 5, 2018","format":false,"excerpt":"Specialist\u00ebt, akuza Kumbaros: Beratit po i p\u00ebrgjysmohet lista e monumenteve t\u00eb kultur\u00ebs nga harresa. - Qendra historike e Beratit \u00ebsht\u00eb e rrezikuar p\u00ebr specialist\u00ebt e trash\u00ebgimis\u00eb kulturore n\u00eb munges\u00eb t\u00eb projekteve p\u00ebr nd\u00ebrhyrje n\u00eb banesat monument kulture. Berati eshte qytet n\u00eb UNESCO, por p\u00ebr specialist\u00ebt e trash\u00ebgimis\u00eb p\u00ebrgjegj\u00ebsia p\u00ebr gjendjen\u2026","rel":"","context":"In &quot;Kultura&quot;","block_context":{"text":"Kultura","link":"https:\/\/www.shqiperia.com\/blog\/category\/kultura\/"},"img":{"alt_text":"","src":"https:\/\/i0.wp.com\/www.shqiperia.com\/blog\/wp-content\/uploads\/2018\/10\/degraduar_banesa_berat_foto_e_duhur_faqe_18-1_specialistet-Copy-1-300x173.jpg?resize=350%2C200","width":350,"height":200},"classes":[]},{"id":90890,"url":"https:\/\/www.shqiperia.com\/blog\/specialistet-e-iktk-nje-ekspedite-per-projektin-e-restaurimi-te-piktures-murale-ne-kishen-e-manastirit-te-shen-merise-ne-dhermi\/","url_meta":{"origin":29728,"position":5},"title":"Specialist\u00ebt e IKTK nj\u00eb ekspedit\u00eb p\u00ebr projektin e restaurimi t\u00eb piktur\u00ebs murale n\u00eb kish\u00ebn e Manastirit t\u00eb Sh\u00ebn M\u00ebris\u00eb ne Dhermi","author":"Kurt Farka","date":"March 30, 2025","format":false,"excerpt":"30 Mars 2025 Kisha e Manastirit t\u00eb Sh\u00ebn M\u00ebris\u00eb n\u00eb Dh\u00ebrmi ruan vlera t\u00eb \u00e7muara t\u00eb artit bizantin dhe pasbizantin, me piktura murale t\u00eb realizuara n\u00eb disa faza, nga shek. XII-XIII deri n\u00eb shek. XVIII. - Specialist\u00ebt e Institutit Komb\u00ebtar t\u00eb Trash\u00ebgimis\u00eb Kulturore (IKTK) zhvilluan nj\u00eb ekspedit\u00eb dokumentuese p\u00ebr hartimin\u2026","rel":"","context":"In &quot;Arte&quot;","block_context":{"text":"Arte","link":"https:\/\/www.shqiperia.com\/blog\/category\/arte\/"},"img":{"alt_text":"","src":"https:\/\/i0.wp.com\/www.shqiperia.com\/blog\/wp-content\/uploads\/2025\/03\/kisha-faqe-18-2-Copy-1140x570-1.jpg?fit=1140%2C570&ssl=1&resize=350%2C200","width":350,"height":200,"srcset":"https:\/\/i0.wp.com\/www.shqiperia.com\/blog\/wp-content\/uploads\/2025\/03\/kisha-faqe-18-2-Copy-1140x570-1.jpg?fit=1140%2C570&ssl=1&resize=350%2C200 1x, https:\/\/i0.wp.com\/www.shqiperia.com\/blog\/wp-content\/uploads\/2025\/03\/kisha-faqe-18-2-Copy-1140x570-1.jpg?fit=1140%2C570&ssl=1&resize=525%2C300 1.5x, https:\/\/i0.wp.com\/www.shqiperia.com\/blog\/wp-content\/uploads\/2025\/03\/kisha-faqe-18-2-Copy-1140x570-1.jpg?fit=1140%2C570&ssl=1&resize=700%2C400 2x, https:\/\/i0.wp.com\/www.shqiperia.com\/blog\/wp-content\/uploads\/2025\/03\/kisha-faqe-18-2-Copy-1140x570-1.jpg?fit=1140%2C570&ssl=1&resize=1050%2C600 3x"},"classes":[]}],"_links":{"self":[{"href":"https:\/\/www.shqiperia.com\/blog\/wp-json\/wp\/v2\/posts\/29728","targetHints":{"allow":["GET"]}}],"collection":[{"href":"https:\/\/www.shqiperia.com\/blog\/wp-json\/wp\/v2\/posts"}],"about":[{"href":"https:\/\/www.shqiperia.com\/blog\/wp-json\/wp\/v2\/types\/post"}],"author":[{"embeddable":true,"href":"https:\/\/www.shqiperia.com\/blog\/wp-json\/wp\/v2\/users\/9"}],"replies":[{"embeddable":true,"href":"https:\/\/www.shqiperia.com\/blog\/wp-json\/wp\/v2\/comments?post=29728"}],"version-history":[{"count":5,"href":"https:\/\/www.shqiperia.com\/blog\/wp-json\/wp\/v2\/posts\/29728\/revisions"}],"predecessor-version":[{"id":29741,"href":"https:\/\/www.shqiperia.com\/blog\/wp-json\/wp\/v2\/posts\/29728\/revisions\/29741"}],"wp:featuredmedia":[{"embeddable":true,"href":"https:\/\/www.shqiperia.com\/blog\/wp-json\/wp\/v2\/media\/29729"}],"wp:attachment":[{"href":"https:\/\/www.shqiperia.com\/blog\/wp-json\/wp\/v2\/media?parent=29728"}],"wp:term":[{"taxonomy":"category","embeddable":true,"href":"https:\/\/www.shqiperia.com\/blog\/wp-json\/wp\/v2\/categories?post=29728"},{"taxonomy":"post_tag","embeddable":true,"href":"https:\/\/www.shqiperia.com\/blog\/wp-json\/wp\/v2\/tags?post=29728"}],"curies":[{"name":"wp","href":"https:\/\/api.w.org\/{rel}","templated":true}]}}