{"id":29723,"date":"2019-12-26T11:58:23","date_gmt":"2019-12-26T11:58:23","guid":{"rendered":"https:\/\/www.shqiperia.com\/blog\/?p=29723"},"modified":"2019-12-26T11:59:19","modified_gmt":"2019-12-26T11:59:19","slug":"prostitucion-politik","status":"publish","type":"post","link":"https:\/\/www.shqiperia.com\/blog\/prostitucion-politik\/","title":{"rendered":"Prostitucion politik."},"content":{"rendered":"<p><img data-recalc-dims=\"1\" loading=\"lazy\" decoding=\"async\" data-attachment-id=\"29724\" data-permalink=\"https:\/\/www.shqiperia.com\/blog\/prostitucion-politik\/prostitucion-politik-copy\/\" data-orig-file=\"https:\/\/i0.wp.com\/www.shqiperia.com\/blog\/wp-content\/uploads\/2019\/12\/Prostitucion-politik-Copy.jpg?fit=831%2C452&amp;ssl=1\" data-orig-size=\"831,452\" data-comments-opened=\"1\" data-image-meta=\"{&quot;aperture&quot;:&quot;0&quot;,&quot;credit&quot;:&quot;&quot;,&quot;camera&quot;:&quot;&quot;,&quot;caption&quot;:&quot;&quot;,&quot;created_timestamp&quot;:&quot;0&quot;,&quot;copyright&quot;:&quot;&quot;,&quot;focal_length&quot;:&quot;0&quot;,&quot;iso&quot;:&quot;0&quot;,&quot;shutter_speed&quot;:&quot;0&quot;,&quot;title&quot;:&quot;&quot;,&quot;orientation&quot;:&quot;0&quot;}\" data-image-title=\"Prostitucion politik &#8211; Copy\" data-image-description=\"\" data-image-caption=\"\" data-medium-file=\"https:\/\/i0.wp.com\/www.shqiperia.com\/blog\/wp-content\/uploads\/2019\/12\/Prostitucion-politik-Copy.jpg?fit=300%2C163&amp;ssl=1\" data-large-file=\"https:\/\/i0.wp.com\/www.shqiperia.com\/blog\/wp-content\/uploads\/2019\/12\/Prostitucion-politik-Copy.jpg?fit=831%2C452&amp;ssl=1\" class=\"alignnone wp-image-29724\" alt=\"\" src=\"https:\/\/i0.wp.com\/www.shqiperia.com\/blog\/wp-content\/uploads\/2019\/12\/Prostitucion-politik-Copy.jpg?resize=571%2C310&#038;ssl=1\" width=\"571\" height=\"310\" srcset=\"https:\/\/i0.wp.com\/www.shqiperia.com\/blog\/wp-content\/uploads\/2019\/12\/Prostitucion-politik-Copy.jpg?resize=300%2C163&amp;ssl=1 300w, https:\/\/i0.wp.com\/www.shqiperia.com\/blog\/wp-content\/uploads\/2019\/12\/Prostitucion-politik-Copy.jpg?resize=768%2C418&amp;ssl=1 768w, https:\/\/i0.wp.com\/www.shqiperia.com\/blog\/wp-content\/uploads\/2019\/12\/Prostitucion-politik-Copy.jpg?resize=450%2C245&amp;ssl=1 450w, https:\/\/i0.wp.com\/www.shqiperia.com\/blog\/wp-content\/uploads\/2019\/12\/Prostitucion-politik-Copy.jpg?resize=600%2C326&amp;ssl=1 600w, https:\/\/i0.wp.com\/www.shqiperia.com\/blog\/wp-content\/uploads\/2019\/12\/Prostitucion-politik-Copy.jpg?resize=400%2C218&amp;ssl=1 400w, https:\/\/i0.wp.com\/www.shqiperia.com\/blog\/wp-content\/uploads\/2019\/12\/Prostitucion-politik-Copy.jpg?w=831&amp;ssl=1 831w\" sizes=\"auto, (max-width: 571px) 100vw, 571px\" \/><\/p>\n<p>Prostitucion politik.<\/p>\n<ul>\n<li>Karikature nga Bujar Kapexhiu.<\/li>\n<\/ul>\n<div id=\"attachment_29725\" style=\"width: 664px\" class=\"wp-caption alignnone\"><img data-recalc-dims=\"1\" loading=\"lazy\" decoding=\"async\" aria-describedby=\"caption-attachment-29725\" data-attachment-id=\"29725\" data-permalink=\"https:\/\/www.shqiperia.com\/blog\/prostitucion-politik\/prostitucion-politik\/\" data-orig-file=\"https:\/\/i0.wp.com\/www.shqiperia.com\/blog\/wp-content\/uploads\/2019\/12\/Prostitucion-politik.jpg?fit=831%2C960&amp;ssl=1\" data-orig-size=\"831,960\" data-comments-opened=\"1\" data-image-meta=\"{&quot;aperture&quot;:&quot;0&quot;,&quot;credit&quot;:&quot;&quot;,&quot;camera&quot;:&quot;&quot;,&quot;caption&quot;:&quot;&quot;,&quot;created_timestamp&quot;:&quot;0&quot;,&quot;copyright&quot;:&quot;&quot;,&quot;focal_length&quot;:&quot;0&quot;,&quot;iso&quot;:&quot;0&quot;,&quot;shutter_speed&quot;:&quot;0&quot;,&quot;title&quot;:&quot;&quot;,&quot;orientation&quot;:&quot;0&quot;}\" data-image-title=\"Prostitucion politik\" data-image-description=\"\" data-image-caption=\"&lt;p&gt;Prostitucion politik.&lt;\/p&gt;\n\" data-medium-file=\"https:\/\/i0.wp.com\/www.shqiperia.com\/blog\/wp-content\/uploads\/2019\/12\/Prostitucion-politik.jpg?fit=260%2C300&amp;ssl=1\" data-large-file=\"https:\/\/i0.wp.com\/www.shqiperia.com\/blog\/wp-content\/uploads\/2019\/12\/Prostitucion-politik.jpg?fit=831%2C960&amp;ssl=1\" class=\" wp-image-29725\" alt=\"\" src=\"https:\/\/i0.wp.com\/www.shqiperia.com\/blog\/wp-content\/uploads\/2019\/12\/Prostitucion-politik.jpg?resize=654%2C755&#038;ssl=1\" width=\"654\" height=\"755\" srcset=\"https:\/\/i0.wp.com\/www.shqiperia.com\/blog\/wp-content\/uploads\/2019\/12\/Prostitucion-politik.jpg?resize=260%2C300&amp;ssl=1 260w, https:\/\/i0.wp.com\/www.shqiperia.com\/blog\/wp-content\/uploads\/2019\/12\/Prostitucion-politik.jpg?resize=768%2C887&amp;ssl=1 768w, https:\/\/i0.wp.com\/www.shqiperia.com\/blog\/wp-content\/uploads\/2019\/12\/Prostitucion-politik.jpg?resize=450%2C520&amp;ssl=1 450w, https:\/\/i0.wp.com\/www.shqiperia.com\/blog\/wp-content\/uploads\/2019\/12\/Prostitucion-politik.jpg?resize=600%2C693&amp;ssl=1 600w, https:\/\/i0.wp.com\/www.shqiperia.com\/blog\/wp-content\/uploads\/2019\/12\/Prostitucion-politik.jpg?resize=400%2C462&amp;ssl=1 400w, https:\/\/i0.wp.com\/www.shqiperia.com\/blog\/wp-content\/uploads\/2019\/12\/Prostitucion-politik.jpg?w=831&amp;ssl=1 831w\" sizes=\"auto, (max-width: 654px) 100vw, 654px\" \/><p id=\"caption-attachment-29725\" class=\"wp-caption-text\">Prostitucion politik.<\/p><\/div>\n","protected":false},"excerpt":{"rendered":"<p>Prostitucion politik. Karikature nga Bujar Kapexhiu.<\/p>\n","protected":false},"author":9,"featured_media":29724,"comment_status":"open","ping_status":"open","sticky":false,"template":"","format":"standard","meta":{"jetpack_post_was_ever_published":false,"_jetpack_newsletter_access":"","_jetpack_dont_email_post_to_subs":false,"_jetpack_newsletter_tier_id":0,"_jetpack_memberships_contains_paywalled_content":false,"_jetpack_memberships_contains_paid_content":false,"footnotes":"","jetpack_publicize_message":"","jetpack_publicize_feature_enabled":true,"jetpack_social_post_already_shared":true,"jetpack_social_options":{"image_generator_settings":{"template":"highway","default_image_id":0,"font":"","enabled":false},"version":2}},"categories":[87,27,14],"tags":[],"class_list":["post-29723","post","type-post","status-publish","format-standard","has-post-thumbnail","hentry","category-arte","category-blogu-i-udhetarit","category-press-releases"],"jetpack_publicize_connections":[],"jetpack_featured_media_url":"https:\/\/i0.wp.com\/www.shqiperia.com\/blog\/wp-content\/uploads\/2019\/12\/Prostitucion-politik-Copy.jpg?fit=831%2C452&ssl=1","jetpack_sharing_enabled":true,"jetpack_shortlink":"https:\/\/wp.me\/p5Z6wp-7Jp","jetpack-related-posts":[{"id":75943,"url":"https:\/\/www.shqiperia.com\/blog\/kupola-eshte-qeveria-lubonja-per-mafien-shqiptare-jemi-si-kalabria-e-viteve-60-shtet-inkubator-krimi\/","url_meta":{"origin":29723,"position":0},"title":"\u201cKupola \u00ebsht\u00eb qeveria\u201d- Lubonja p\u00ebr mafien shqiptare: &#8211; Jemi si Kalabria e viteve \u201960. Shtet inkubator krimi","author":"Kurt Farka","date":"December 1, 2023","format":false,"excerpt":"1 Dhjetor 2023 Nj\u00eb dit\u00eb m\u00eb par\u00eb, kryeprokurori i Napolit, Nicola Gratteri deklaroi se mafia shqiptare \u00ebsht\u00eb nd\u00ebr tre m\u00eb t\u00eb rrezikshmet n\u00eb Evrop\u00eb. Analisti Fatos Lubonja komentoi k\u00ebt\u00eb deklarat\u00eb, nd\u00ebrsa theksoi se sipas tij, n\u00eb fakt kupola e mafies n\u00eb Shqip\u00ebri \u00ebsht\u00eb qeveria. Sipas tij,\u00a0\u201cshqiptar\u00ebt e kan\u00eb filluar ekonomin\u00eb\u2026","rel":"","context":"In &quot;Blogu i Udh\u00ebtarit&quot;","block_context":{"text":"Blogu i Udh\u00ebtarit","link":"https:\/\/www.shqiperia.com\/blog\/category\/blogu-i-udhetarit\/"},"img":{"alt_text":"","src":"https:\/\/i0.wp.com\/www.shqiperia.com\/blog\/wp-content\/uploads\/2023\/12\/lubonja-2-754x450-754x433-1.jpg?fit=754%2C433&ssl=1&resize=350%2C200","width":350,"height":200,"srcset":"https:\/\/i0.wp.com\/www.shqiperia.com\/blog\/wp-content\/uploads\/2023\/12\/lubonja-2-754x450-754x433-1.jpg?fit=754%2C433&ssl=1&resize=350%2C200 1x, https:\/\/i0.wp.com\/www.shqiperia.com\/blog\/wp-content\/uploads\/2023\/12\/lubonja-2-754x450-754x433-1.jpg?fit=754%2C433&ssl=1&resize=525%2C300 1.5x, https:\/\/i0.wp.com\/www.shqiperia.com\/blog\/wp-content\/uploads\/2023\/12\/lubonja-2-754x450-754x433-1.jpg?fit=754%2C433&ssl=1&resize=700%2C400 2x"},"classes":[]},{"id":78946,"url":"https:\/\/www.shqiperia.com\/blog\/njihni-nje-prej-tyre-kush-po-e-mbush-tiranen-dhe-durresin-me-vajza-latine-per-seks-me-pagese\/","url_meta":{"origin":29723,"position":1},"title":"&#8211; Kush po e mbush Tiran\u00ebn dhe Durr\u00ebsin me vajza latine p\u00ebr s*eks me pages\u00eb?","author":"Kurt Farka","date":"March 6, 2024","format":false,"excerpt":"6 Mars 2024 Pes\u00eb vajza me origjin\u00eb nga Venezuela, Kolumbia dhe Spanja jan\u00eb proceduar penalisht pasi ushtronin prostitucion n\u00eb nj\u00eb banes\u00eb t\u00eb marr\u00eb me qira n\u00eb Durr\u00ebs. Zbulimi i k\u00ebsaj \u2018streh\u00ebze\u2019 prostitucioni ka ardhur pasi nj\u00eb dit\u00eb m\u00eb par\u00eb, nj\u00ebra prej tyre u konfliktua me nj\u00eb klient nga Shijaku. 23-vje\u00e7arja\u2026","rel":"","context":"In &quot;Blogu i Udh\u00ebtarit&quot;","block_context":{"text":"Blogu i Udh\u00ebtarit","link":"https:\/\/www.shqiperia.com\/blog\/category\/blogu-i-udhetarit\/"},"img":{"alt_text":"","src":"https:\/\/i0.wp.com\/www.shqiperia.com\/blog\/wp-content\/uploads\/2024\/03\/Screenshot_20240306_151350_Chrome.jpg?fit=620%2C457&ssl=1&resize=350%2C200","width":350,"height":200,"srcset":"https:\/\/i0.wp.com\/www.shqiperia.com\/blog\/wp-content\/uploads\/2024\/03\/Screenshot_20240306_151350_Chrome.jpg?fit=620%2C457&ssl=1&resize=350%2C200 1x, https:\/\/i0.wp.com\/www.shqiperia.com\/blog\/wp-content\/uploads\/2024\/03\/Screenshot_20240306_151350_Chrome.jpg?fit=620%2C457&ssl=1&resize=525%2C300 1.5x"},"classes":[]},{"id":80014,"url":"https:\/\/www.shqiperia.com\/blog\/raporti-shqiptaret-skllave-moderne-ne-angli-prostituohen-detyrohen-te-lypin-vjedhin-dhe-te-shesin-droge\/","url_meta":{"origin":29723,"position":2},"title":"Raporti: Shqiptar\u00ebt, \u2018skllav\u00eb modern\u00eb\u2019 n\u00eb Angli! Prostituohen, detyrohen t\u00eb lypin, vjedhin dhe t\u00eb shesin drog\u00eb","author":"Kurt Farka","date":"April 10, 2024","format":false,"excerpt":"10 Prill 2024 M\u00eb shum\u00eb se 15 raste t\u00eb \u201cskllav\u00ebris\u00eb moderne\u201d regjistrohen n\u00eb Oxfordshire \u00e7do muaj, thot\u00eb nj\u00eb raport i publikuar nga BBC M\u00eb shum\u00eb se 15 raste t\u00eb \u201cskllav\u00ebris\u00eb moderne\u201d regjistrohen n\u00eb Oxfordshire n\u00eb Angli \u00e7do muaj, thot\u00eb nj\u00eb raport i publikuar nga\u00a0BBC. Me raste t\u00eb skllav\u00ebris\u00eb raporti n\u00ebnkupton\u2026","rel":"","context":"In &quot;Blogu i Udh\u00ebtarit&quot;","block_context":{"text":"Blogu i Udh\u00ebtarit","link":"https:\/\/www.shqiperia.com\/blog\/category\/blogu-i-udhetarit\/"},"img":{"alt_text":"","src":"https:\/\/i0.wp.com\/www.shqiperia.com\/blog\/wp-content\/uploads\/2024\/04\/1712762929_angli.jpg?fit=780%2C440&ssl=1&resize=350%2C200","width":350,"height":200,"srcset":"https:\/\/i0.wp.com\/www.shqiperia.com\/blog\/wp-content\/uploads\/2024\/04\/1712762929_angli.jpg?fit=780%2C440&ssl=1&resize=350%2C200 1x, https:\/\/i0.wp.com\/www.shqiperia.com\/blog\/wp-content\/uploads\/2024\/04\/1712762929_angli.jpg?fit=780%2C440&ssl=1&resize=525%2C300 1.5x, https:\/\/i0.wp.com\/www.shqiperia.com\/blog\/wp-content\/uploads\/2024\/04\/1712762929_angli.jpg?fit=780%2C440&ssl=1&resize=700%2C400 2x"},"classes":[]},{"id":35363,"url":"https:\/\/www.shqiperia.com\/blog\/zhvillim-i-papritur-braktis-mbledhjen-e-keshillit-politik-damian-gjiknuri-largohet-nga-rezidenca-e-yuri-kim-cfare-ndodhi\/","url_meta":{"origin":29723,"position":3},"title":"Zhvillim i PAPRITUR\/ Braktis mbledhjen e K\u00ebshillit Politik Damian Gjiknuri, largohet nga rezidenca e Yuri Kim, \u00e7far\u00eb ndodhi?","author":"Kurt Farka","date":"June 3, 2020","format":false,"excerpt":"Zhvillim i PAPRITUR\/ Braktis mbledhjen e K\u00ebshillit Politik Damian Gjiknuri, largohet nga rezidenca e Yuri Kim, \u00e7far\u00eb ndodhi? 3 QERSHOR 2020 Mbledhja q\u00eb ka nisur pak minuta m\u00eb par\u00eb n\u00eb rezidenc\u00ebn e Yuri Kim, duket q\u00eb nuk ka shkuar sipas parashikimeve. P\u00ebrfaq\u00ebsuesi i mazhoranc\u00ebs Damian Gjiknuri \u00ebsht\u00eb larguar nga mbledhja\u2026","rel":"","context":"In &quot;Blogu i Udh\u00ebtarit&quot;","block_context":{"text":"Blogu i Udh\u00ebtarit","link":"https:\/\/www.shqiperia.com\/blog\/category\/blogu-i-udhetarit\/"},"img":{"alt_text":"","src":"https:\/\/i0.wp.com\/www.shqiperia.com\/blog\/wp-content\/uploads\/2020\/06\/800-0-5ed778af9f4ba-3.jpg?fit=764%2C387&ssl=1&resize=350%2C200","width":350,"height":200,"srcset":"https:\/\/i0.wp.com\/www.shqiperia.com\/blog\/wp-content\/uploads\/2020\/06\/800-0-5ed778af9f4ba-3.jpg?fit=764%2C387&ssl=1&resize=350%2C200 1x, https:\/\/i0.wp.com\/www.shqiperia.com\/blog\/wp-content\/uploads\/2020\/06\/800-0-5ed778af9f4ba-3.jpg?fit=764%2C387&ssl=1&resize=525%2C300 1.5x, https:\/\/i0.wp.com\/www.shqiperia.com\/blog\/wp-content\/uploads\/2020\/06\/800-0-5ed778af9f4ba-3.jpg?fit=764%2C387&ssl=1&resize=700%2C400 2x"},"classes":[]},{"id":38414,"url":"https:\/\/www.shqiperia.com\/blog\/pritet-te-mblidhet-keshilli-politik-diten-e-sotme-opozita-e-bashkuar-merr-vendimin\/","url_meta":{"origin":29723,"position":4},"title":"Pritet t\u00eb mblidhet K\u00ebshilli Politik dit\u00ebn e sotme, opozita e bashkuar merr vendimin","author":"Kurt Farka","date":"September 14, 2020","format":false,"excerpt":"Pritet t\u00eb mblidhet K\u00ebshilli Politik dit\u00ebn e sotme, opozita e bashkuar merr vendimin 14 SHTATOR 2020 Opozita e bashkuar ka konfirmuar pjesmarrjen n\u00eb mbledhjen e sotme t\u00eb K\u00ebshilli Politik, q\u00eb u thirr nga Damian Gjiknuri disa dit\u00eb m\u00eb par\u00eb. Opozita jasht\u00ebparlamentare b\u00ebn me dije se do t\u00eb marr\u00eb pjes\u00eb n\u00eb\u2026","rel":"","context":"In &quot;Blogu i Udh\u00ebtarit&quot;","block_context":{"text":"Blogu i Udh\u00ebtarit","link":"https:\/\/www.shqiperia.com\/blog\/category\/blogu-i-udhetarit\/"},"img":{"alt_text":"","src":"https:\/\/i0.wp.com\/www.shqiperia.com\/blog\/wp-content\/uploads\/2020\/09\/800-0-5f5f699b60f9d.jpg?fit=800%2C448&ssl=1&resize=350%2C200","width":350,"height":200,"srcset":"https:\/\/i0.wp.com\/www.shqiperia.com\/blog\/wp-content\/uploads\/2020\/09\/800-0-5f5f699b60f9d.jpg?fit=800%2C448&ssl=1&resize=350%2C200 1x, https:\/\/i0.wp.com\/www.shqiperia.com\/blog\/wp-content\/uploads\/2020\/09\/800-0-5f5f699b60f9d.jpg?fit=800%2C448&ssl=1&resize=525%2C300 1.5x, https:\/\/i0.wp.com\/www.shqiperia.com\/blog\/wp-content\/uploads\/2020\/09\/800-0-5f5f699b60f9d.jpg?fit=800%2C448&ssl=1&resize=700%2C400 2x"},"classes":[]},{"id":39102,"url":"https:\/\/www.shqiperia.com\/blog\/politik-on-nis-fort-nuk-do-ti-leme-te-ikin-me-tepsi-e-timon-e-te-na-lene-rroten\/","url_meta":{"origin":29723,"position":5},"title":"Politik ON nis fort: &#8211; Nuk do ti l\u00ebm\u00eb te ikin me tepsi e timon e t\u00eb na l\u00ebn\u00eb rrot\u00ebn","author":"Kurt Farka","date":"September 30, 2020","format":false,"excerpt":"Politik ON nis fort: - Nuk do ti l\u00ebm\u00eb te ikin me tepsi e timon e t\u00eb na l\u00ebn\u00eb rrot\u00ebn 28\/09\/2020 Mbr\u00ebmjen e sotme ka nisur p\u00ebr her\u00eb t\u00eb par\u00eb emisioni \u201cPolitik ON\u201d n\u00eb RTV Ora, nj\u00eb emision i cili vjen nga gazetari i mir\u00ebnjohur, Alfred Lela. \u201cPolitik ON\u201d do\u2026","rel":"","context":"In &quot;Blogu i Udh\u00ebtarit&quot;","block_context":{"text":"Blogu i Udh\u00ebtarit","link":"https:\/\/www.shqiperia.com\/blog\/category\/blogu-i-udhetarit\/"},"img":{"alt_text":"","src":"https:\/\/i0.wp.com\/www.shqiperia.com\/blog\/wp-content\/uploads\/2020\/09\/alfred-lela.jpg?fit=1200%2C675&ssl=1&resize=350%2C200","width":350,"height":200,"srcset":"https:\/\/i0.wp.com\/www.shqiperia.com\/blog\/wp-content\/uploads\/2020\/09\/alfred-lela.jpg?fit=1200%2C675&ssl=1&resize=350%2C200 1x, https:\/\/i0.wp.com\/www.shqiperia.com\/blog\/wp-content\/uploads\/2020\/09\/alfred-lela.jpg?fit=1200%2C675&ssl=1&resize=525%2C300 1.5x, https:\/\/i0.wp.com\/www.shqiperia.com\/blog\/wp-content\/uploads\/2020\/09\/alfred-lela.jpg?fit=1200%2C675&ssl=1&resize=700%2C400 2x, https:\/\/i0.wp.com\/www.shqiperia.com\/blog\/wp-content\/uploads\/2020\/09\/alfred-lela.jpg?fit=1200%2C675&ssl=1&resize=1050%2C600 3x"},"classes":[]}],"_links":{"self":[{"href":"https:\/\/www.shqiperia.com\/blog\/wp-json\/wp\/v2\/posts\/29723","targetHints":{"allow":["GET"]}}],"collection":[{"href":"https:\/\/www.shqiperia.com\/blog\/wp-json\/wp\/v2\/posts"}],"about":[{"href":"https:\/\/www.shqiperia.com\/blog\/wp-json\/wp\/v2\/types\/post"}],"author":[{"embeddable":true,"href":"https:\/\/www.shqiperia.com\/blog\/wp-json\/wp\/v2\/users\/9"}],"replies":[{"embeddable":true,"href":"https:\/\/www.shqiperia.com\/blog\/wp-json\/wp\/v2\/comments?post=29723"}],"version-history":[{"count":2,"href":"https:\/\/www.shqiperia.com\/blog\/wp-json\/wp\/v2\/posts\/29723\/revisions"}],"predecessor-version":[{"id":29727,"href":"https:\/\/www.shqiperia.com\/blog\/wp-json\/wp\/v2\/posts\/29723\/revisions\/29727"}],"wp:featuredmedia":[{"embeddable":true,"href":"https:\/\/www.shqiperia.com\/blog\/wp-json\/wp\/v2\/media\/29724"}],"wp:attachment":[{"href":"https:\/\/www.shqiperia.com\/blog\/wp-json\/wp\/v2\/media?parent=29723"}],"wp:term":[{"taxonomy":"category","embeddable":true,"href":"https:\/\/www.shqiperia.com\/blog\/wp-json\/wp\/v2\/categories?post=29723"},{"taxonomy":"post_tag","embeddable":true,"href":"https:\/\/www.shqiperia.com\/blog\/wp-json\/wp\/v2\/tags?post=29723"}],"curies":[{"name":"wp","href":"https:\/\/api.w.org\/{rel}","templated":true}]}}