{"id":29718,"date":"2019-12-26T10:00:00","date_gmt":"2019-12-26T10:00:00","guid":{"rendered":"https:\/\/www.shqiperia.com\/blog\/?p=29718"},"modified":"2019-12-26T10:00:00","modified_gmt":"2019-12-26T10:00:00","slug":"sot-eklipsi-i-fundit-per-vitin-2019-hena-mbuloi-rreth-97-perqind-te-diellit","status":"publish","type":"post","link":"https:\/\/www.shqiperia.com\/blog\/sot-eklipsi-i-fundit-per-vitin-2019-hena-mbuloi-rreth-97-perqind-te-diellit\/","title":{"rendered":"Sot eklipsi i fundit p\u00ebr vitin 2019, H\u00ebna mbuloi rreth 97 p\u00ebrqind t\u00eb Diellit"},"content":{"rendered":"<p><img data-recalc-dims=\"1\" loading=\"lazy\" decoding=\"async\" data-attachment-id=\"29719\" data-permalink=\"https:\/\/www.shqiperia.com\/blog\/sot-eklipsi-i-fundit-per-vitin-2019-hena-mbuloi-rreth-97-perqind-te-diellit\/5e046c9222848m_i2bm\/\" data-orig-file=\"https:\/\/i0.wp.com\/www.shqiperia.com\/blog\/wp-content\/uploads\/2019\/12\/5e046c9222848m_i2bm.jpg?fit=640%2C360&amp;ssl=1\" data-orig-size=\"640,360\" data-comments-opened=\"1\" data-image-meta=\"{&quot;aperture&quot;:&quot;0&quot;,&quot;credit&quot;:&quot;&quot;,&quot;camera&quot;:&quot;&quot;,&quot;caption&quot;:&quot;&quot;,&quot;created_timestamp&quot;:&quot;0&quot;,&quot;copyright&quot;:&quot;&quot;,&quot;focal_length&quot;:&quot;0&quot;,&quot;iso&quot;:&quot;0&quot;,&quot;shutter_speed&quot;:&quot;0&quot;,&quot;title&quot;:&quot;&quot;,&quot;orientation&quot;:&quot;0&quot;}\" data-image-title=\"5e046c9222848m_i2bm\" data-image-description=\"\" data-image-caption=\"\" data-medium-file=\"https:\/\/i0.wp.com\/www.shqiperia.com\/blog\/wp-content\/uploads\/2019\/12\/5e046c9222848m_i2bm.jpg?fit=300%2C169&amp;ssl=1\" data-large-file=\"https:\/\/i0.wp.com\/www.shqiperia.com\/blog\/wp-content\/uploads\/2019\/12\/5e046c9222848m_i2bm.jpg?fit=640%2C360&amp;ssl=1\" class=\"alignnone  wp-image-29719\" alt=\"\" src=\"https:\/\/i0.wp.com\/www.shqiperia.com\/blog\/wp-content\/uploads\/2019\/12\/5e046c9222848m_i2bm.jpg?resize=566%2C319&#038;ssl=1\" width=\"566\" height=\"319\" srcset=\"https:\/\/i0.wp.com\/www.shqiperia.com\/blog\/wp-content\/uploads\/2019\/12\/5e046c9222848m_i2bm.jpg?resize=300%2C169&amp;ssl=1 300w, https:\/\/i0.wp.com\/www.shqiperia.com\/blog\/wp-content\/uploads\/2019\/12\/5e046c9222848m_i2bm.jpg?resize=450%2C253&amp;ssl=1 450w, https:\/\/i0.wp.com\/www.shqiperia.com\/blog\/wp-content\/uploads\/2019\/12\/5e046c9222848m_i2bm.jpg?resize=600%2C338&amp;ssl=1 600w, https:\/\/i0.wp.com\/www.shqiperia.com\/blog\/wp-content\/uploads\/2019\/12\/5e046c9222848m_i2bm.jpg?resize=400%2C225&amp;ssl=1 400w, https:\/\/i0.wp.com\/www.shqiperia.com\/blog\/wp-content\/uploads\/2019\/12\/5e046c9222848m_i2bm.jpg?w=640&amp;ssl=1 640w\" sizes=\"auto, (max-width: 566px) 100vw, 566px\" \/><\/p>\n<p><strong>Sot eklipsi i fundit p\u00ebr vitin 2019, H\u00ebna mbuloi rreth 97 p\u00ebrqind t\u00eb Diellit<\/strong><\/p>\n<p><em>Jo i duksh\u00ebm n\u00eb kontinentin e vjet\u00ebr, ku dielli lind shum\u00eb m\u00eb von\u00eb, eklipsi u pa qart\u00eb nga Australia n\u00eb Indi duke kaluar n\u00ebp\u00ebr Filipine, Singapor dhe mbi t\u00eb gjitha gadishullin Arabik<\/em><\/p>\n<p>26 Dhjetor 2019<\/p>\n<p>Me kok\u00ebn lart p\u00ebr t\u00eb admiruar eklipsin e fundit t\u00eb diellit p\u00ebr vitin 2019, dukuri e cila ndodhi sot kur n\u00eb Europ\u00eb ishte ende err\u00ebsir\u00eb por agimi kishte zbardhur n\u00eb ishullin e Santo Stefano, n\u00eb detin Tirren, mes brigjeve t\u00eb Lazios dhe Campanias rreth or\u00ebs 4 e 45 minuta.<\/p>\n<p>Jo i duksh\u00ebm n\u00eb kontinentin e vjet\u00ebr, ku dielli lind shum\u00eb m\u00eb von\u00eb, eklipsi u pa qart\u00eb nga Australia n\u00eb Indi duke kaluar n\u00ebp\u00ebr Filipine, Singapor dhe mbi t\u00eb gjitha gadishullin Arabik.<\/p>\n<p><img data-recalc-dims=\"1\" loading=\"lazy\" decoding=\"async\" data-attachment-id=\"29720\" data-permalink=\"https:\/\/www.shqiperia.com\/blog\/sot-eklipsi-i-fundit-per-vitin-2019-hena-mbuloi-rreth-97-perqind-te-diellit\/1577348254_c1-00492114-still218\/\" data-orig-file=\"https:\/\/i0.wp.com\/www.shqiperia.com\/blog\/wp-content\/uploads\/2019\/12\/1577348254_C1.00492114.Still218.jpg?fit=780%2C440&amp;ssl=1\" data-orig-size=\"780,440\" data-comments-opened=\"1\" data-image-meta=\"{&quot;aperture&quot;:&quot;0&quot;,&quot;credit&quot;:&quot;&quot;,&quot;camera&quot;:&quot;&quot;,&quot;caption&quot;:&quot;&quot;,&quot;created_timestamp&quot;:&quot;0&quot;,&quot;copyright&quot;:&quot;&quot;,&quot;focal_length&quot;:&quot;0&quot;,&quot;iso&quot;:&quot;0&quot;,&quot;shutter_speed&quot;:&quot;0&quot;,&quot;title&quot;:&quot;&quot;,&quot;orientation&quot;:&quot;0&quot;}\" data-image-title=\"1577348254_C1.00492114.Still218\" data-image-description=\"\" data-image-caption=\"\" data-medium-file=\"https:\/\/i0.wp.com\/www.shqiperia.com\/blog\/wp-content\/uploads\/2019\/12\/1577348254_C1.00492114.Still218.jpg?fit=300%2C169&amp;ssl=1\" data-large-file=\"https:\/\/i0.wp.com\/www.shqiperia.com\/blog\/wp-content\/uploads\/2019\/12\/1577348254_C1.00492114.Still218.jpg?fit=780%2C440&amp;ssl=1\" class=\"alignnone  wp-image-29720\" alt=\"\" src=\"https:\/\/i0.wp.com\/www.shqiperia.com\/blog\/wp-content\/uploads\/2019\/12\/1577348254_C1.00492114.Still218.jpg?resize=644%2C363&#038;ssl=1\" width=\"644\" height=\"363\" srcset=\"https:\/\/i0.wp.com\/www.shqiperia.com\/blog\/wp-content\/uploads\/2019\/12\/1577348254_C1.00492114.Still218.jpg?resize=300%2C169&amp;ssl=1 300w, https:\/\/i0.wp.com\/www.shqiperia.com\/blog\/wp-content\/uploads\/2019\/12\/1577348254_C1.00492114.Still218.jpg?resize=768%2C433&amp;ssl=1 768w, https:\/\/i0.wp.com\/www.shqiperia.com\/blog\/wp-content\/uploads\/2019\/12\/1577348254_C1.00492114.Still218.jpg?resize=450%2C254&amp;ssl=1 450w, https:\/\/i0.wp.com\/www.shqiperia.com\/blog\/wp-content\/uploads\/2019\/12\/1577348254_C1.00492114.Still218.jpg?resize=600%2C338&amp;ssl=1 600w, https:\/\/i0.wp.com\/www.shqiperia.com\/blog\/wp-content\/uploads\/2019\/12\/1577348254_C1.00492114.Still218.jpg?resize=400%2C226&amp;ssl=1 400w, https:\/\/i0.wp.com\/www.shqiperia.com\/blog\/wp-content\/uploads\/2019\/12\/1577348254_C1.00492114.Still218.jpg?w=780&amp;ssl=1 780w\" sizes=\"auto, (max-width: 644px) 100vw, 644px\" \/><\/p>\n<p>H\u00ebna mbuloi rreth 97 p\u00ebrqind t\u00eb diellit, prej t\u00eb cilit mbeti nj\u00eb unaz\u00eb e ndritshme.<\/p>\n<p>Takimi tjet\u00ebr me nj\u00eb eklips diellor do t\u00eb jet\u00eb 21 qershor t\u00eb vitit 2020.<\/p>\n<p>I.C.\/Shqiptarja.com<\/p>\n","protected":false},"excerpt":{"rendered":"<p>Sot eklipsi i fundit p\u00ebr vitin 2019, H\u00ebna mbuloi rreth 97 p\u00ebrqind t\u00eb Diellit Jo i duksh\u00ebm n\u00eb kontinentin e vjet\u00ebr, ku dielli lind shum\u00eb m\u00eb von\u00eb, eklipsi u pa qart\u00eb nga Australia n\u00eb Indi duke kaluar n\u00ebp\u00ebr Filipine, Singapor dhe mbi t\u00eb gjitha gadishullin Arabik 26 Dhjetor 2019 Me kok\u00ebn lart p\u00ebr t\u00eb admiruar [&hellip;]<\/p>\n","protected":false},"author":9,"featured_media":29719,"comment_status":"open","ping_status":"open","sticky":false,"template":"","format":"standard","meta":{"jetpack_post_was_ever_published":false,"_jetpack_newsletter_access":"","_jetpack_dont_email_post_to_subs":false,"_jetpack_newsletter_tier_id":0,"_jetpack_memberships_contains_paywalled_content":false,"_jetpack_memberships_contains_paid_content":false,"footnotes":"","jetpack_publicize_message":"","jetpack_publicize_feature_enabled":true,"jetpack_social_post_already_shared":true,"jetpack_social_options":{"image_generator_settings":{"template":"highway","default_image_id":0,"font":"","enabled":false},"version":2}},"categories":[27,14],"tags":[],"class_list":["post-29718","post","type-post","status-publish","format-standard","has-post-thumbnail","hentry","category-blogu-i-udhetarit","category-press-releases"],"jetpack_publicize_connections":[],"jetpack_featured_media_url":"https:\/\/i0.wp.com\/www.shqiperia.com\/blog\/wp-content\/uploads\/2019\/12\/5e046c9222848m_i2bm.jpg?fit=640%2C360&ssl=1","jetpack_sharing_enabled":true,"jetpack_shortlink":"https:\/\/wp.me\/p5Z6wp-7Jk","jetpack-related-posts":[{"id":77875,"url":"https:\/\/www.shqiperia.com\/blog\/dita-do-te-kthehet-ne-nate-kur-do-te-ndodhe-eklipsi-total-diellor\/","url_meta":{"origin":29718,"position":0},"title":"Dita do t\u00eb kthehet n\u00eb nat\u00eb, kur do t\u00eb ndodh\u00eb eklipsi total diellor","author":"Kurt Farka","date":"February 2, 2024","format":false,"excerpt":"2 Shkurt 2024 M\u00eb 8 prill, miliona njer\u00ebz n\u00eb t\u00eb gjith\u00eb Amerik\u00ebn e Veriut do t\u00eb d\u00ebshmojn\u00eb se dita do t\u00eb kthehet n\u00eb nat\u00eb nd\u00ebrsa h\u00ebna bllokon drit\u00ebn nga dielli, por do t\u00eb ket\u00eb m\u00eb shum\u00eb n\u00eb spektaklin qiellor nga sa mendojn\u00eb shum\u00eb. Nd\u00ebrsa shumica e njer\u00ebzve p\u00ebrqendrojn\u00eb v\u00ebmendjen e\u2026","rel":"","context":"In &quot;Blogu i Udh\u00ebtarit&quot;","block_context":{"text":"Blogu i Udh\u00ebtarit","link":"https:\/\/www.shqiperia.com\/blog\/category\/blogu-i-udhetarit\/"},"img":{"alt_text":"","src":"https:\/\/i0.wp.com\/www.shqiperia.com\/blog\/wp-content\/uploads\/2024\/02\/gvg.jpg?fit=1197%2C761&ssl=1&resize=350%2C200","width":350,"height":200,"srcset":"https:\/\/i0.wp.com\/www.shqiperia.com\/blog\/wp-content\/uploads\/2024\/02\/gvg.jpg?fit=1197%2C761&ssl=1&resize=350%2C200 1x, https:\/\/i0.wp.com\/www.shqiperia.com\/blog\/wp-content\/uploads\/2024\/02\/gvg.jpg?fit=1197%2C761&ssl=1&resize=525%2C300 1.5x, https:\/\/i0.wp.com\/www.shqiperia.com\/blog\/wp-content\/uploads\/2024\/02\/gvg.jpg?fit=1197%2C761&ssl=1&resize=700%2C400 2x, https:\/\/i0.wp.com\/www.shqiperia.com\/blog\/wp-content\/uploads\/2024\/02\/gvg.jpg?fit=1197%2C761&ssl=1&resize=1050%2C600 3x"},"classes":[]},{"id":51522,"url":"https:\/\/www.shqiperia.com\/blog\/ndodh-kete-te-premte-eklipsi-me-i-gjate-henor-ne-500-vitet-e-fundit\/","url_meta":{"origin":29718,"position":1},"title":"Ndodh k\u00ebt\u00eb t\u00eb premte eklipsi m\u00eb i gjat\u00eb h\u00ebnor n\u00eb 500 vitet e fundit","author":"Kurt Farka","date":"November 19, 2021","format":false,"excerpt":"Ndodh k\u00ebt\u00eb t\u00eb premte eklipsi m\u00eb i gjat\u00eb h\u00ebnor n\u00eb 500 vitet e fundit 17 Nentor 2021 Ndodh k\u00ebt\u00eb t\u00eb premte eklipsi m\u00eb i gjat\u00eb h\u00ebnor n\u00eb 500 vitet e fundit Eklipsi m\u00eb i gjat\u00eb h\u00ebnor n\u00eb 500 vitet e fundit do t\u00eb ndodh\u00eb dit\u00ebn e premte n\u00eb 19 n\u00ebntor.\u2026","rel":"","context":"In &quot;Blogu i Udh\u00ebtarit&quot;","block_context":{"text":"Blogu i Udh\u00ebtarit","link":"https:\/\/www.shqiperia.com\/blog\/category\/blogu-i-udhetarit\/"},"img":{"alt_text":"","src":"https:\/\/i0.wp.com\/www.shqiperia.com\/blog\/wp-content\/uploads\/2021\/11\/Te-premte-eklipsi-me-i-gjate-henor-ne-500-vitet-e-fundit.jpg?fit=905%2C450&ssl=1&resize=350%2C200","width":350,"height":200,"srcset":"https:\/\/i0.wp.com\/www.shqiperia.com\/blog\/wp-content\/uploads\/2021\/11\/Te-premte-eklipsi-me-i-gjate-henor-ne-500-vitet-e-fundit.jpg?fit=905%2C450&ssl=1&resize=350%2C200 1x, https:\/\/i0.wp.com\/www.shqiperia.com\/blog\/wp-content\/uploads\/2021\/11\/Te-premte-eklipsi-me-i-gjate-henor-ne-500-vitet-e-fundit.jpg?fit=905%2C450&ssl=1&resize=525%2C300 1.5x, https:\/\/i0.wp.com\/www.shqiperia.com\/blog\/wp-content\/uploads\/2021\/11\/Te-premte-eklipsi-me-i-gjate-henor-ne-500-vitet-e-fundit.jpg?fit=905%2C450&ssl=1&resize=700%2C400 2x"},"classes":[]},{"id":73542,"url":"https:\/\/www.shqiperia.com\/blog\/po-vjen-eklipsi-diellor-me-i-rralle-i-historise-pse-quhet-unaza-e-zjarrit\/","url_meta":{"origin":29718,"position":2},"title":"Po vjen eklipsi diellor m\u00eb i rrall\u00eb i historis\u00eb, pse quhet \u201cunaza e zjarrit\u201d\u2026","author":"Kurt Farka","date":"August 15, 2023","format":false,"excerpt":"15 Gusht 2023 Nga shirat e mbivendosur t\u00eb meteor\u00ebve deri te nj\u00eb seri superh\u00ebnash, vera ka qen\u00eb nj\u00eb sezon spektakolar p\u00ebr adhuruesit e hap\u00ebsir\u00ebs. M\u00eb 14 tetor, nj\u00eb eklips i rrall\u00eb unazor diellor do t\u00eb jet\u00eb i duksh\u00ebm nga tet\u00eb shtete n\u00eb Shtetet e Bashkuara. I njohur gjithashtu si \u201cunaza\u2026","rel":"","context":"In &quot;Blogu i Udh\u00ebtarit&quot;","block_context":{"text":"Blogu i Udh\u00ebtarit","link":"https:\/\/www.shqiperia.com\/blog\/category\/blogu-i-udhetarit\/"},"img":{"alt_text":"","src":"https:\/\/i0.wp.com\/www.shqiperia.com\/blog\/wp-content\/uploads\/2023\/08\/eklipsi-1200x630-1-600x360-1.jpg?fit=600%2C360&ssl=1&resize=350%2C200","width":350,"height":200,"srcset":"https:\/\/i0.wp.com\/www.shqiperia.com\/blog\/wp-content\/uploads\/2023\/08\/eklipsi-1200x630-1-600x360-1.jpg?fit=600%2C360&ssl=1&resize=350%2C200 1x, https:\/\/i0.wp.com\/www.shqiperia.com\/blog\/wp-content\/uploads\/2023\/08\/eklipsi-1200x630-1-600x360-1.jpg?fit=600%2C360&ssl=1&resize=525%2C300 1.5x"},"classes":[]},{"id":78000,"url":"https:\/\/www.shqiperia.com\/blog\/i-dukshem-per-2-minuta-te-gjithe-syte-nga-qielli-eklipsi-i-plote-diellor-do-te-sjelle-nje-spektakel-ja-kur-pritet-te-ndodhe-fenomeni-i-pazakonte\/","url_meta":{"origin":29718,"position":3},"title":"I duksh\u00ebm p\u00ebr 2 minuta. &#8211; T\u00eb gjith\u00eb syt\u00eb nga qielli, eklipsi i plot\u00eb diellor do t\u00eb sjell\u00eb nj\u00eb spektak\u00ebl. &#8211; Ja kur pritet t\u00eb ndodh\u00eb fenomeni i pazakont\u00eb","author":"Kurt Farka","date":"February 7, 2024","format":false,"excerpt":"7 Shkurt 2024 ... Pas k\u00ebtij eklipsi t\u00eb plot\u00eb diellor, njer\u00ebzit nuk do t\u00eb mund t\u00eb shohin nj\u00eb tjet\u00ebr deri n\u00eb vitin 2044. Eklipsi i plot\u00eb diellor q\u00eb do t\u00eb ndodh m\u00eb 8 prill t\u00eb k\u00ebtij viti, po pritet me gjith\u00eb zell nga shum\u00eb astronom dhe pasionant\u00eb t\u00eb universit. Sipas\u2026","rel":"","context":"In &quot;Blogu i Udh\u00ebtarit&quot;","block_context":{"text":"Blogu i Udh\u00ebtarit","link":"https:\/\/www.shqiperia.com\/blog\/category\/blogu-i-udhetarit\/"},"img":{"alt_text":"","src":"https:\/\/i0.wp.com\/www.shqiperia.com\/blog\/wp-content\/uploads\/2024\/02\/800-0-63e0a9cc6d0fc12a338e4b615e65eebe.jpg?fit=800%2C420&ssl=1&resize=350%2C200","width":350,"height":200,"srcset":"https:\/\/i0.wp.com\/www.shqiperia.com\/blog\/wp-content\/uploads\/2024\/02\/800-0-63e0a9cc6d0fc12a338e4b615e65eebe.jpg?fit=800%2C420&ssl=1&resize=350%2C200 1x, https:\/\/i0.wp.com\/www.shqiperia.com\/blog\/wp-content\/uploads\/2024\/02\/800-0-63e0a9cc6d0fc12a338e4b615e65eebe.jpg?fit=800%2C420&ssl=1&resize=525%2C300 1.5x, https:\/\/i0.wp.com\/www.shqiperia.com\/blog\/wp-content\/uploads\/2024\/02\/800-0-63e0a9cc6d0fc12a338e4b615e65eebe.jpg?fit=800%2C420&ssl=1&resize=700%2C400 2x"},"classes":[]},{"id":92851,"url":"https:\/\/www.shqiperia.com\/blog\/eklipsi-me-i-gjate-qe-nga-viti-1991-ja-kur-pritet-te-ndodhe-fenomeni-qiellor-qe-do-te-magjepse-boten\/","url_meta":{"origin":29718,"position":4},"title":"Eklipsi m\u00eb i gjat\u00eb q\u00eb nga viti 1991, ja kur pritet t\u00eb ndodh\u00eb fenomeni qiellor q\u00eb do t\u00eb magjeps\u00eb bot\u00ebn","author":"Kurt Farka","date":"June 30, 2025","format":false,"excerpt":"30 Qershor 2025 Brenda pak m\u00eb shum\u00eb se dy vjet\u00ebsh, qielli do t\u00eb err\u00ebsohet dhe miliona njer\u00ebz do t\u00eb mbeten n\u00eb heshtje n\u00ebn nj\u00eb muzg gjasht\u00ebminut\u00ebsh n\u00eb mes t\u00eb dit\u00ebs. Ky nuk \u00ebsht\u00eb nj\u00eb skenar fantastiko-shkencor, por eklipsi m\u00eb i madh total diellor i shekullit t\u00eb 21-t\u00eb. Dhe ky moment\u2026","rel":"","context":"In &quot;Blogu i Udh\u00ebtarit&quot;","block_context":{"text":"Blogu i Udh\u00ebtarit","link":"https:\/\/www.shqiperia.com\/blog\/category\/blogu-i-udhetarit\/"},"img":{"alt_text":"","src":"https:\/\/i0.wp.com\/www.shqiperia.com\/blog\/wp-content\/uploads\/2025\/06\/eklips.jpg?fit=883%2C524&ssl=1&resize=350%2C200","width":350,"height":200,"srcset":"https:\/\/i0.wp.com\/www.shqiperia.com\/blog\/wp-content\/uploads\/2025\/06\/eklips.jpg?fit=883%2C524&ssl=1&resize=350%2C200 1x, https:\/\/i0.wp.com\/www.shqiperia.com\/blog\/wp-content\/uploads\/2025\/06\/eklips.jpg?fit=883%2C524&ssl=1&resize=525%2C300 1.5x, https:\/\/i0.wp.com\/www.shqiperia.com\/blog\/wp-content\/uploads\/2025\/06\/eklips.jpg?fit=883%2C524&ssl=1&resize=700%2C400 2x"},"classes":[]},{"id":9999,"url":"https:\/\/www.shqiperia.com\/blog\/kuriozitete-behuni-gati-po-vjen-eklipsi-me-i-gjate-henor-i-shekullit\/","url_meta":{"origin":29718,"position":5},"title":"Kuriozitete: -B\u00ebhuni gati, po vjen eklipsi m\u00eb i gjat\u00eb h\u00ebnor i shekullit. &#8211;","author":"Kurt Farka","date":"July 20, 2018","format":false,"excerpt":"Kuriozitete: -B\u00ebhuni gati, po vjen eklipsi m\u00eb i gjat\u00eb h\u00ebnor i shekullit. - T\u00eb premten, m\u00eb 27 korrik, pritet t\u00eb ndodh\u00eb eklipsi m\u00eb i gjat\u00eb h\u00ebnor q\u00eb ka ndodhur n\u00eb shekullin e 21-t\u00eb, i cili pritet t\u00eb shtrihet n\u00eb pjes\u00ebn m\u00eb t\u00eb madhe t\u00eb Evrop\u00ebs, Azis\u00eb, Australis\u00eb, Afrik\u00ebs dhe n\u00eb\u2026","rel":"","context":"In &quot;Blogu i Udh\u00ebtarit&quot;","block_context":{"text":"Blogu i Udh\u00ebtarit","link":"https:\/\/www.shqiperia.com\/blog\/category\/blogu-i-udhetarit\/"},"img":{"alt_text":"","src":"https:\/\/i0.wp.com\/www.shqiperia.com\/blog\/wp-content\/uploads\/2018\/07\/eklipsi-Henor-Copy.jpg?fit=661%2C374&ssl=1&resize=350%2C200","width":350,"height":200,"srcset":"https:\/\/i0.wp.com\/www.shqiperia.com\/blog\/wp-content\/uploads\/2018\/07\/eklipsi-Henor-Copy.jpg?fit=661%2C374&ssl=1&resize=350%2C200 1x, https:\/\/i0.wp.com\/www.shqiperia.com\/blog\/wp-content\/uploads\/2018\/07\/eklipsi-Henor-Copy.jpg?fit=661%2C374&ssl=1&resize=525%2C300 1.5x"},"classes":[]}],"_links":{"self":[{"href":"https:\/\/www.shqiperia.com\/blog\/wp-json\/wp\/v2\/posts\/29718","targetHints":{"allow":["GET"]}}],"collection":[{"href":"https:\/\/www.shqiperia.com\/blog\/wp-json\/wp\/v2\/posts"}],"about":[{"href":"https:\/\/www.shqiperia.com\/blog\/wp-json\/wp\/v2\/types\/post"}],"author":[{"embeddable":true,"href":"https:\/\/www.shqiperia.com\/blog\/wp-json\/wp\/v2\/users\/9"}],"replies":[{"embeddable":true,"href":"https:\/\/www.shqiperia.com\/blog\/wp-json\/wp\/v2\/comments?post=29718"}],"version-history":[{"count":1,"href":"https:\/\/www.shqiperia.com\/blog\/wp-json\/wp\/v2\/posts\/29718\/revisions"}],"predecessor-version":[{"id":29721,"href":"https:\/\/www.shqiperia.com\/blog\/wp-json\/wp\/v2\/posts\/29718\/revisions\/29721"}],"wp:featuredmedia":[{"embeddable":true,"href":"https:\/\/www.shqiperia.com\/blog\/wp-json\/wp\/v2\/media\/29719"}],"wp:attachment":[{"href":"https:\/\/www.shqiperia.com\/blog\/wp-json\/wp\/v2\/media?parent=29718"}],"wp:term":[{"taxonomy":"category","embeddable":true,"href":"https:\/\/www.shqiperia.com\/blog\/wp-json\/wp\/v2\/categories?post=29718"},{"taxonomy":"post_tag","embeddable":true,"href":"https:\/\/www.shqiperia.com\/blog\/wp-json\/wp\/v2\/tags?post=29718"}],"curies":[{"name":"wp","href":"https:\/\/api.w.org\/{rel}","templated":true}]}}