{"id":29712,"date":"2019-12-26T09:18:12","date_gmt":"2019-12-26T09:18:12","guid":{"rendered":"https:\/\/www.shqiperia.com\/blog\/?p=29712"},"modified":"2019-12-26T09:18:12","modified_gmt":"2019-12-26T09:18:12","slug":"berati-dhe-piktura-ne-krahinen-e-myzeqese-ne-shek-xviii-xix","status":"publish","type":"post","link":"https:\/\/www.shqiperia.com\/blog\/berati-dhe-piktura-ne-krahinen-e-myzeqese-ne-shek-xviii-xix\/","title":{"rendered":"BERATI DHE PIKTURA NE KRAHINEN E MYZEQESE NE SHEK. XVIII- XIX. &#8211;"},"content":{"rendered":"<p><img data-recalc-dims=\"1\" loading=\"lazy\" decoding=\"async\" data-attachment-id=\"29713\" data-permalink=\"https:\/\/www.shqiperia.com\/blog\/berati-dhe-piktura-ne-krahinen-e-myzeqese-ne-shek-xviii-xix\/afreska-ngaberati\/\" data-orig-file=\"https:\/\/i0.wp.com\/www.shqiperia.com\/blog\/wp-content\/uploads\/2019\/12\/Afreska-ngaBerati.jpg?fit=801%2C413&amp;ssl=1\" data-orig-size=\"801,413\" data-comments-opened=\"1\" data-image-meta=\"{&quot;aperture&quot;:&quot;0&quot;,&quot;credit&quot;:&quot;&quot;,&quot;camera&quot;:&quot;&quot;,&quot;caption&quot;:&quot;&quot;,&quot;created_timestamp&quot;:&quot;0&quot;,&quot;copyright&quot;:&quot;&quot;,&quot;focal_length&quot;:&quot;0&quot;,&quot;iso&quot;:&quot;0&quot;,&quot;shutter_speed&quot;:&quot;0&quot;,&quot;title&quot;:&quot;&quot;,&quot;orientation&quot;:&quot;0&quot;}\" data-image-title=\"Afreska ngaBerati\" data-image-description=\"\" data-image-caption=\"\" data-medium-file=\"https:\/\/i0.wp.com\/www.shqiperia.com\/blog\/wp-content\/uploads\/2019\/12\/Afreska-ngaBerati.jpg?fit=300%2C155&amp;ssl=1\" data-large-file=\"https:\/\/i0.wp.com\/www.shqiperia.com\/blog\/wp-content\/uploads\/2019\/12\/Afreska-ngaBerati.jpg?fit=801%2C413&amp;ssl=1\" class=\"alignnone  wp-image-29713\" alt=\"\" src=\"https:\/\/i0.wp.com\/www.shqiperia.com\/blog\/wp-content\/uploads\/2019\/12\/Afreska-ngaBerati.jpg?resize=550%2C284&#038;ssl=1\" width=\"550\" height=\"284\" srcset=\"https:\/\/i0.wp.com\/www.shqiperia.com\/blog\/wp-content\/uploads\/2019\/12\/Afreska-ngaBerati.jpg?resize=300%2C155&amp;ssl=1 300w, https:\/\/i0.wp.com\/www.shqiperia.com\/blog\/wp-content\/uploads\/2019\/12\/Afreska-ngaBerati.jpg?resize=768%2C396&amp;ssl=1 768w, https:\/\/i0.wp.com\/www.shqiperia.com\/blog\/wp-content\/uploads\/2019\/12\/Afreska-ngaBerati.jpg?resize=450%2C232&amp;ssl=1 450w, https:\/\/i0.wp.com\/www.shqiperia.com\/blog\/wp-content\/uploads\/2019\/12\/Afreska-ngaBerati.jpg?resize=600%2C309&amp;ssl=1 600w, https:\/\/i0.wp.com\/www.shqiperia.com\/blog\/wp-content\/uploads\/2019\/12\/Afreska-ngaBerati.jpg?resize=400%2C206&amp;ssl=1 400w, https:\/\/i0.wp.com\/www.shqiperia.com\/blog\/wp-content\/uploads\/2019\/12\/Afreska-ngaBerati.jpg?w=801&amp;ssl=1 801w\" sizes=\"auto, (max-width: 550px) 100vw, 550px\" \/><\/p>\n<p>BERATI DHE PIKTURA NE KRAHINEN<br \/>\nE MYZEQESE NE SHEK. XVIII- XIX<\/p>\n<p>Nga: Sk\u00ebnder MIHAL\u00c7KA<\/p>\n<p>Monumentet e shumta t\u00eb artit mesjetar q\u00eb ruhen n\u00eb Berat, v\u00ebshtruar n\u00eb raport me vendin, koh\u00ebn dhe shoq\u00ebrin\u00eb q\u00eb i krijoi, reflektojn\u00eb vij\u00ebn artistike t\u00eb k\u00ebsj qendre nga shek. XIII- XIV deri n\u00eb shek. XVII- XIX. Kisha bizantine e Sh\u00ebn Triadh\u00ebs me mbetjet e fragmenteve t\u00eb zbuluara nga g\u00eblqerja d\u00ebshmon p\u00ebr shijet artistike t\u00eb fillimit t\u00eb shek. XIV. Q\u00ebndrimi monumental i figurave, forma e p\u00ebrkryer, prirja kasike e k\u00ebtij arti dhe p\u00ebrmendja e dinjitorit bizantin Andronik Paleologut n\u00eb afreskun e narteksit t\u00eb k\u00ebsaj kishe, e lidh Beratin me Kostandinopolin.<\/p>\n<div id=\"attachment_29715\" style=\"width: 659px\" class=\"wp-caption alignnone\"><img data-recalc-dims=\"1\" loading=\"lazy\" decoding=\"async\" aria-describedby=\"caption-attachment-29715\" data-attachment-id=\"29715\" data-permalink=\"https:\/\/www.shqiperia.com\/blog\/berati-dhe-piktura-ne-krahinen-e-myzeqese-ne-shek-xviii-xix\/afreska-ngaberati-2-2\/\" data-orig-file=\"https:\/\/i0.wp.com\/www.shqiperia.com\/blog\/wp-content\/uploads\/2019\/12\/Afreska-ngaBerati-2-1.jpg?fit=960%2C720&amp;ssl=1\" data-orig-size=\"960,720\" data-comments-opened=\"1\" data-image-meta=\"{&quot;aperture&quot;:&quot;0&quot;,&quot;credit&quot;:&quot;&quot;,&quot;camera&quot;:&quot;&quot;,&quot;caption&quot;:&quot;&quot;,&quot;created_timestamp&quot;:&quot;0&quot;,&quot;copyright&quot;:&quot;&quot;,&quot;focal_length&quot;:&quot;0&quot;,&quot;iso&quot;:&quot;0&quot;,&quot;shutter_speed&quot;:&quot;0&quot;,&quot;title&quot;:&quot;&quot;,&quot;orientation&quot;:&quot;0&quot;}\" data-image-title=\"Afreska ngaBerati (2)\" data-image-description=\"\" data-image-caption=\"&lt;p&gt;Afreska ngaBerati&lt;\/p&gt;\n\" data-medium-file=\"https:\/\/i0.wp.com\/www.shqiperia.com\/blog\/wp-content\/uploads\/2019\/12\/Afreska-ngaBerati-2-1.jpg?fit=300%2C225&amp;ssl=1\" data-large-file=\"https:\/\/i0.wp.com\/www.shqiperia.com\/blog\/wp-content\/uploads\/2019\/12\/Afreska-ngaBerati-2-1.jpg?fit=960%2C720&amp;ssl=1\" class=\" wp-image-29715\" alt=\"\" src=\"https:\/\/i0.wp.com\/www.shqiperia.com\/blog\/wp-content\/uploads\/2019\/12\/Afreska-ngaBerati-2-1.jpg?resize=649%2C487&#038;ssl=1\" width=\"649\" height=\"487\" srcset=\"https:\/\/i0.wp.com\/www.shqiperia.com\/blog\/wp-content\/uploads\/2019\/12\/Afreska-ngaBerati-2-1.jpg?resize=300%2C225&amp;ssl=1 300w, https:\/\/i0.wp.com\/www.shqiperia.com\/blog\/wp-content\/uploads\/2019\/12\/Afreska-ngaBerati-2-1.jpg?resize=768%2C576&amp;ssl=1 768w, https:\/\/i0.wp.com\/www.shqiperia.com\/blog\/wp-content\/uploads\/2019\/12\/Afreska-ngaBerati-2-1.jpg?resize=450%2C338&amp;ssl=1 450w, https:\/\/i0.wp.com\/www.shqiperia.com\/blog\/wp-content\/uploads\/2019\/12\/Afreska-ngaBerati-2-1.jpg?resize=600%2C450&amp;ssl=1 600w, https:\/\/i0.wp.com\/www.shqiperia.com\/blog\/wp-content\/uploads\/2019\/12\/Afreska-ngaBerati-2-1.jpg?resize=400%2C300&amp;ssl=1 400w, https:\/\/i0.wp.com\/www.shqiperia.com\/blog\/wp-content\/uploads\/2019\/12\/Afreska-ngaBerati-2-1.jpg?w=960&amp;ssl=1 960w\" sizes=\"auto, (max-width: 649px) 100vw, 649px\" \/><p id=\"caption-attachment-29715\" class=\"wp-caption-text\">Afreska ngaBerati<\/p><\/div>\n<p>Po k\u00ebta \u00c7etir\u00eb, t\u00eb p\u00ebrb\u00ebr\u00eb nga dy- tri gjenerata piktor\u00ebsh, kan\u00eb pikturuar pothuajse, n\u00eb t\u00eb gjitha kishat e Myzeqes\u00eb me piktura murore dhe ikona deri n\u00eb gjysm\u00ebn e par\u00eb t\u00eb shek. XIX. Rikonstruksioni i bazilik\u00ebs \u201cLindja e Sh\u00ebn M\u00ebris\u00eb\u201d (1743- 1745) do t\u00eb sh\u00ebrbej\u00eb si model p\u00ebr dekoracionet murore t\u00eb kishave t\u00eb tjera si: Libofsh\u00eb (1782), Vanaj (1795), Karavasta (1797), Bishqeth\u00ebm (1798), Kozar\u00eb (1806) etj. q\u00eb jan\u00eb n\u00eb zem\u00ebr t\u00eb Myzeqes\u00eb. K\u00ebto krijime do t\u00eb p\u00ebrgjasojn\u00eb shum\u00eb me programet e asimiluara nga Zograf\u00ebt, Kostandini dhe Athanasi, n\u00eb kishat e Voskopoj\u00ebs dhe Vithkuqit, krahin\u00eb nga e cila ata erdh\u00ebn.<\/p>\n<div id=\"attachment_29716\" style=\"width: 727px\" class=\"wp-caption alignnone\"><img data-recalc-dims=\"1\" loading=\"lazy\" decoding=\"async\" aria-describedby=\"caption-attachment-29716\" data-attachment-id=\"29716\" data-permalink=\"https:\/\/www.shqiperia.com\/blog\/berati-dhe-piktura-ne-krahinen-e-myzeqese-ne-shek-xviii-xix\/afreska-ngaberati-3\/\" data-orig-file=\"https:\/\/i0.wp.com\/www.shqiperia.com\/blog\/wp-content\/uploads\/2019\/12\/Afreska-ngaBerati-3.jpg?fit=960%2C720&amp;ssl=1\" data-orig-size=\"960,720\" data-comments-opened=\"1\" data-image-meta=\"{&quot;aperture&quot;:&quot;0&quot;,&quot;credit&quot;:&quot;&quot;,&quot;camera&quot;:&quot;&quot;,&quot;caption&quot;:&quot;&quot;,&quot;created_timestamp&quot;:&quot;0&quot;,&quot;copyright&quot;:&quot;&quot;,&quot;focal_length&quot;:&quot;0&quot;,&quot;iso&quot;:&quot;0&quot;,&quot;shutter_speed&quot;:&quot;0&quot;,&quot;title&quot;:&quot;&quot;,&quot;orientation&quot;:&quot;0&quot;}\" data-image-title=\"Afreska ngaBerati (3)\" data-image-description=\"\" data-image-caption=\"&lt;p&gt;Afreska ngaBerati&lt;\/p&gt;\n\" data-medium-file=\"https:\/\/i0.wp.com\/www.shqiperia.com\/blog\/wp-content\/uploads\/2019\/12\/Afreska-ngaBerati-3.jpg?fit=300%2C225&amp;ssl=1\" data-large-file=\"https:\/\/i0.wp.com\/www.shqiperia.com\/blog\/wp-content\/uploads\/2019\/12\/Afreska-ngaBerati-3.jpg?fit=960%2C720&amp;ssl=1\" class=\" wp-image-29716\" alt=\"\" src=\"https:\/\/i0.wp.com\/www.shqiperia.com\/blog\/wp-content\/uploads\/2019\/12\/Afreska-ngaBerati-3.jpg?resize=717%2C538&#038;ssl=1\" width=\"717\" height=\"538\" srcset=\"https:\/\/i0.wp.com\/www.shqiperia.com\/blog\/wp-content\/uploads\/2019\/12\/Afreska-ngaBerati-3.jpg?resize=300%2C225&amp;ssl=1 300w, https:\/\/i0.wp.com\/www.shqiperia.com\/blog\/wp-content\/uploads\/2019\/12\/Afreska-ngaBerati-3.jpg?resize=768%2C576&amp;ssl=1 768w, https:\/\/i0.wp.com\/www.shqiperia.com\/blog\/wp-content\/uploads\/2019\/12\/Afreska-ngaBerati-3.jpg?resize=450%2C338&amp;ssl=1 450w, https:\/\/i0.wp.com\/www.shqiperia.com\/blog\/wp-content\/uploads\/2019\/12\/Afreska-ngaBerati-3.jpg?resize=600%2C450&amp;ssl=1 600w, https:\/\/i0.wp.com\/www.shqiperia.com\/blog\/wp-content\/uploads\/2019\/12\/Afreska-ngaBerati-3.jpg?resize=400%2C300&amp;ssl=1 400w, https:\/\/i0.wp.com\/www.shqiperia.com\/blog\/wp-content\/uploads\/2019\/12\/Afreska-ngaBerati-3.jpg?w=960&amp;ssl=1 960w\" sizes=\"auto, (max-width: 717px) 100vw, 717px\" \/><p id=\"caption-attachment-29716\" class=\"wp-caption-text\">Afreska ngaBerati<\/p><\/div>\n<p>Botuar ne MONUMENTET<br \/>\n2\/1990 (40) IMK Tiran\u00eb<\/p>\n","protected":false},"excerpt":{"rendered":"<p>BERATI DHE PIKTURA NE KRAHINEN E MYZEQESE NE SHEK. XVIII- XIX Nga: Sk\u00ebnder MIHAL\u00c7KA Monumentet e shumta t\u00eb artit mesjetar q\u00eb ruhen n\u00eb Berat, v\u00ebshtruar n\u00eb raport me vendin, koh\u00ebn dhe shoq\u00ebrin\u00eb q\u00eb i krijoi, reflektojn\u00eb vij\u00ebn artistike t\u00eb k\u00ebsj qendre nga shek. XIII- XIV deri n\u00eb shek. XVII- XIX. Kisha bizantine e Sh\u00ebn Triadh\u00ebs [&hellip;]<\/p>\n","protected":false},"author":9,"featured_media":29713,"comment_status":"open","ping_status":"open","sticky":false,"template":"","format":"standard","meta":{"jetpack_post_was_ever_published":false,"_jetpack_newsletter_access":"","_jetpack_dont_email_post_to_subs":false,"_jetpack_newsletter_tier_id":0,"_jetpack_memberships_contains_paywalled_content":false,"_jetpack_memberships_contains_paid_content":false,"footnotes":"","jetpack_publicize_message":"","jetpack_publicize_feature_enabled":true,"jetpack_social_post_already_shared":true,"jetpack_social_options":{"image_generator_settings":{"template":"highway","default_image_id":0,"font":"","enabled":false},"version":2}},"categories":[87,10,86],"tags":[],"class_list":["post-29712","post","type-post","status-publish","format-standard","has-post-thumbnail","hentry","category-arte","category-kultura","category-trashegimi-kulturore"],"jetpack_publicize_connections":[],"jetpack_featured_media_url":"https:\/\/i0.wp.com\/www.shqiperia.com\/blog\/wp-content\/uploads\/2019\/12\/Afreska-ngaBerati.jpg?fit=801%2C413&ssl=1","jetpack_sharing_enabled":true,"jetpack_shortlink":"https:\/\/wp.me\/p5Z6wp-7Je","jetpack-related-posts":[{"id":12076,"url":"https:\/\/www.shqiperia.com\/blog\/shteti-shqiptar-i-dhuron-unesco-s-ikonen-ngjallja-e-llazarit\/","url_meta":{"origin":29712,"position":0},"title":"Shteti shqiptar i dhuron UNESCO-s ikon\u00ebn &#8216;Ngjallja e Llazarit&#8217;. &#8211;","author":"Kurt Farka","date":"September 30, 2018","format":false,"excerpt":"Shteti shqiptar i dhuron UNESCO-s ikon\u00ebn 'Ngjallja e Llazarit'. - Ikona e fillimit t\u00eb shekullit XIX gjendet n\u00eb Muzeun e Artit Mesjetar n\u00eb Kor\u00e7\u00eb. Ishte e degraduar. U restaurua 6 muaj m\u00eb par\u00eb, ku rifitoi vlerat e \u00e7muara artistike Nga: Dhurata Hamzai.- Ikona \u201cNgjallja e Sh\u00ebn Llazarit\u201d e restauruar 6\u2026","rel":"","context":"In &quot;Kultura&quot;","block_context":{"text":"Kultura","link":"https:\/\/www.shqiperia.com\/blog\/category\/kultura\/"},"img":{"alt_text":"","src":"https:\/\/i0.wp.com\/www.shqiperia.com\/blog\/wp-content\/uploads\/2018\/09\/1538284634_Screenshot1.jpg?fit=780%2C440&ssl=1&resize=350%2C200","width":350,"height":200,"srcset":"https:\/\/i0.wp.com\/www.shqiperia.com\/blog\/wp-content\/uploads\/2018\/09\/1538284634_Screenshot1.jpg?fit=780%2C440&ssl=1&resize=350%2C200 1x, https:\/\/i0.wp.com\/www.shqiperia.com\/blog\/wp-content\/uploads\/2018\/09\/1538284634_Screenshot1.jpg?fit=780%2C440&ssl=1&resize=525%2C300 1.5x, https:\/\/i0.wp.com\/www.shqiperia.com\/blog\/wp-content\/uploads\/2018\/09\/1538284634_Screenshot1.jpg?fit=780%2C440&ssl=1&resize=700%2C400 2x"},"classes":[]},{"id":11207,"url":"https:\/\/www.shqiperia.com\/blog\/kisha-e-shna-ndout-ose-shnanoj-ne-kepin-e-rodonit-durres-12-foto-artistike-te-monumentit\/","url_meta":{"origin":29712,"position":1},"title":"Kisha e Shna Ndout ose Shnanoj n\u00eb Kepin e Rodonit, Durr\u00ebs.- (+12 foto artistike te Monumentit). &#8211;","author":"Kurt Farka","date":"September 3, 2018","format":false,"excerpt":"Kisha e Shna Ndout ose Shnanoj n\u00eb Kepin e Rodonit, Durr\u00ebs.-(+ 12 foto artistike te Monumentit). - Nga Lida Miraj Shqip\u00ebria qendrore dhe veriore paraqet nj\u00eb interes t\u00eb ve\u00e7ant\u00eb n\u00eb studimin e artit monumental bizantin dhe pasbizantin. Arsyeja q\u00ebndron n\u00eb faktin se ky rajon gjat\u00eb Mesjet\u00ebs s\u00eb von\u00eb p\u00ebrb\u00ebnte nj\u00eb\u2026","rel":"","context":"In &quot;Histori&quot;","block_context":{"text":"Histori","link":"https:\/\/www.shqiperia.com\/blog\/category\/histori\/"},"img":{"alt_text":"","src":"https:\/\/i0.wp.com\/www.shqiperia.com\/blog\/wp-content\/uploads\/2018\/09\/Kiha-e-Shna-Ndoit-Rodon-6.jpg?fit=960%2C720&ssl=1&resize=350%2C200","width":350,"height":200,"srcset":"https:\/\/i0.wp.com\/www.shqiperia.com\/blog\/wp-content\/uploads\/2018\/09\/Kiha-e-Shna-Ndoit-Rodon-6.jpg?fit=960%2C720&ssl=1&resize=350%2C200 1x, https:\/\/i0.wp.com\/www.shqiperia.com\/blog\/wp-content\/uploads\/2018\/09\/Kiha-e-Shna-Ndoit-Rodon-6.jpg?fit=960%2C720&ssl=1&resize=525%2C300 1.5x, https:\/\/i0.wp.com\/www.shqiperia.com\/blog\/wp-content\/uploads\/2018\/09\/Kiha-e-Shna-Ndoit-Rodon-6.jpg?fit=960%2C720&ssl=1&resize=700%2C400 2x"},"classes":[]},{"id":6893,"url":"https:\/\/www.shqiperia.com\/blog\/rrenoje-banese-me-arkitekture-interesante-e-fundit-te-shek-xix\/","url_meta":{"origin":29712,"position":2},"title":"Rrenoje banese  me arkitektur\u00eb interesante e fundit te shek XIX. \u2013","author":"Kurt Farka","date":"May 1, 2018","format":false,"excerpt":"Rrenoje banese\u00a0 me arkitektur\u00eb interesante e fundit te shek XIX. \u2013 Nga: Agron Luka Nj\u00eb nga rrug\u00ebt mu n\u00eb Qendr\u00ebn tradicionale dhe historike t\u00eb Piac\u00ebs Shkod\u00ebr, e cila mban emrin e ish presidentit amerikan Woodrov Vilson. K\u00ebtu ndodhet edhe kjo rr\u00ebnoj\u00eb, ish sht\u00ebpi e madhe dhe me nj\u00eb arkitektur\u00eb t\u00eb\u2026","rel":"","context":"In &quot;Kultura&quot;","block_context":{"text":"Kultura","link":"https:\/\/www.shqiperia.com\/blog\/category\/kultura\/"},"img":{"alt_text":"","src":"https:\/\/i0.wp.com\/www.shqiperia.com\/blog\/wp-content\/uploads\/2018\/05\/Banese-rrenoje-ne-Shkoder-2-Copy.jpg?fit=823%2C540&ssl=1&resize=350%2C200","width":350,"height":200,"srcset":"https:\/\/i0.wp.com\/www.shqiperia.com\/blog\/wp-content\/uploads\/2018\/05\/Banese-rrenoje-ne-Shkoder-2-Copy.jpg?fit=823%2C540&ssl=1&resize=350%2C200 1x, https:\/\/i0.wp.com\/www.shqiperia.com\/blog\/wp-content\/uploads\/2018\/05\/Banese-rrenoje-ne-Shkoder-2-Copy.jpg?fit=823%2C540&ssl=1&resize=525%2C300 1.5x, https:\/\/i0.wp.com\/www.shqiperia.com\/blog\/wp-content\/uploads\/2018\/05\/Banese-rrenoje-ne-Shkoder-2-Copy.jpg?fit=823%2C540&ssl=1&resize=700%2C400 2x"},"classes":[]},{"id":2370,"url":"https:\/\/www.shqiperia.com\/blog\/objekte-te-artit-tradicional-balline-arke-e-gdhendur-dhe-2-objekte-te-tjera\/","url_meta":{"origin":29712,"position":3},"title":"Objekte te artit tradicional -Balline arke e gdhendur dhe 2 objekte te tjera.-","author":"Kurt Farka","date":"February 1, 2018","format":false,"excerpt":"Ballin\u00eb Arke (sendeku, baule) e gdhendur, e d\u00ebmtuar, e pa vler\u00ebsuar dhe e ruajtur pa kujdes, gjysma e dyt\u00eb e shek. XIX. Dallohet gdhendja e simbolit kultik t\u00eb shqiponj\u00ebs dykrenare, q\u00eb \u00ebsht\u00eb edhe embleme e Flamurit ton\u00eb Komb\u00ebtar. Tradita e punimit te drurit dhe gdhendja artistike e tij ka\u00a0 qene\u2026","rel":"","context":"In &quot;Arte&quot;","block_context":{"text":"Arte","link":"https:\/\/www.shqiperia.com\/blog\/category\/arte\/"},"img":{"alt_text":"","src":"https:\/\/i0.wp.com\/www.shqiperia.com\/blog\/wp-content\/uploads\/2018\/02\/Balline-arke-druri-fragment-Koleks-J.-Brahaj.jpg?fit=405%2C301&ssl=1&resize=350%2C200","width":350,"height":200},"classes":[]},{"id":26743,"url":"https:\/\/www.shqiperia.com\/blog\/cfare-jane-carshite\/","url_meta":{"origin":29712,"position":4},"title":"\u00c7far\u00eb jan\u00eb \u00e7arshit\u00eb?","author":"Kurt Farka","date":"October 5, 2019","format":false,"excerpt":"\u00c7far\u00eb jan\u00eb \u00e7arshit\u00eb? Kuptimi i par\u00eb i fjal\u00ebs \u00e7arshi \u00ebsht\u00eb pazar i nj\u00eb qyteti, ku dikur (nga shek. XVI) ushtroheshin zejtaria e tregtia, si dhe \u00e7do veprimtari tjet\u00ebr e r\u00ebnd\u00ebsishme publike q\u00eb lidhej me jet\u00ebn ekonomike-shoq\u00ebrore dhe politike t\u00eb vendit. Me zhvillimin dhe lul\u00ebzimin e qyteteve shqiptare n\u00eb shek. XVII-XIX,\u2026","rel":"","context":"In &quot;Histori&quot;","block_context":{"text":"Histori","link":"https:\/\/www.shqiperia.com\/blog\/category\/histori\/"},"img":{"alt_text":"","src":"https:\/\/i0.wp.com\/www.shqiperia.com\/blog\/wp-content\/uploads\/2019\/10\/Carshia-1200x630-905x395.jpg?fit=711%2C339&ssl=1&resize=350%2C200","width":350,"height":200,"srcset":"https:\/\/i0.wp.com\/www.shqiperia.com\/blog\/wp-content\/uploads\/2019\/10\/Carshia-1200x630-905x395.jpg?fit=711%2C339&ssl=1&resize=350%2C200 1x, https:\/\/i0.wp.com\/www.shqiperia.com\/blog\/wp-content\/uploads\/2019\/10\/Carshia-1200x630-905x395.jpg?fit=711%2C339&ssl=1&resize=525%2C300 1.5x, https:\/\/i0.wp.com\/www.shqiperia.com\/blog\/wp-content\/uploads\/2019\/10\/Carshia-1200x630-905x395.jpg?fit=711%2C339&ssl=1&resize=700%2C400 2x"},"classes":[]},{"id":21771,"url":"https:\/\/www.shqiperia.com\/blog\/nje-figure-kultike-me-interes-dhe-zvastika-ne-nje-sixhade-te-shek-xix\/","url_meta":{"origin":29712,"position":5},"title":"Nje figure kultike me interes dhe zvastika ne nje sixhade te shek. XIX.","author":"Kurt Farka","date":"June 9, 2019","format":false,"excerpt":"Nje figure me interes ne nje sixhade te shek. XIX Shenim dhe foto nga Jaho Brahaj. Motive nga sixhadet e punuara ne vendin tone ne menyre atizanale ne shtepi. Tek foto e pare dallohet nje figure me interes si antropomorfe, ndoshta figure e nje qenie mitike. Po ashtu edhe Zvastka.\u2026","rel":"","context":"In &quot;Arte&quot;","block_context":{"text":"Arte","link":"https:\/\/www.shqiperia.com\/blog\/category\/arte\/"},"img":{"alt_text":"","src":"https:\/\/i0.wp.com\/www.shqiperia.com\/blog\/wp-content\/uploads\/2019\/06\/Sixhade-fragment-e-shek.-XIX..jpg?fit=960%2C440&ssl=1&resize=350%2C200","width":350,"height":200,"srcset":"https:\/\/i0.wp.com\/www.shqiperia.com\/blog\/wp-content\/uploads\/2019\/06\/Sixhade-fragment-e-shek.-XIX..jpg?fit=960%2C440&ssl=1&resize=350%2C200 1x, https:\/\/i0.wp.com\/www.shqiperia.com\/blog\/wp-content\/uploads\/2019\/06\/Sixhade-fragment-e-shek.-XIX..jpg?fit=960%2C440&ssl=1&resize=525%2C300 1.5x, https:\/\/i0.wp.com\/www.shqiperia.com\/blog\/wp-content\/uploads\/2019\/06\/Sixhade-fragment-e-shek.-XIX..jpg?fit=960%2C440&ssl=1&resize=700%2C400 2x"},"classes":[]}],"_links":{"self":[{"href":"https:\/\/www.shqiperia.com\/blog\/wp-json\/wp\/v2\/posts\/29712","targetHints":{"allow":["GET"]}}],"collection":[{"href":"https:\/\/www.shqiperia.com\/blog\/wp-json\/wp\/v2\/posts"}],"about":[{"href":"https:\/\/www.shqiperia.com\/blog\/wp-json\/wp\/v2\/types\/post"}],"author":[{"embeddable":true,"href":"https:\/\/www.shqiperia.com\/blog\/wp-json\/wp\/v2\/users\/9"}],"replies":[{"embeddable":true,"href":"https:\/\/www.shqiperia.com\/blog\/wp-json\/wp\/v2\/comments?post=29712"}],"version-history":[{"count":1,"href":"https:\/\/www.shqiperia.com\/blog\/wp-json\/wp\/v2\/posts\/29712\/revisions"}],"predecessor-version":[{"id":29717,"href":"https:\/\/www.shqiperia.com\/blog\/wp-json\/wp\/v2\/posts\/29712\/revisions\/29717"}],"wp:featuredmedia":[{"embeddable":true,"href":"https:\/\/www.shqiperia.com\/blog\/wp-json\/wp\/v2\/media\/29713"}],"wp:attachment":[{"href":"https:\/\/www.shqiperia.com\/blog\/wp-json\/wp\/v2\/media?parent=29712"}],"wp:term":[{"taxonomy":"category","embeddable":true,"href":"https:\/\/www.shqiperia.com\/blog\/wp-json\/wp\/v2\/categories?post=29712"},{"taxonomy":"post_tag","embeddable":true,"href":"https:\/\/www.shqiperia.com\/blog\/wp-json\/wp\/v2\/tags?post=29712"}],"curies":[{"name":"wp","href":"https:\/\/api.w.org\/{rel}","templated":true}]}}