{"id":29606,"date":"2019-12-23T18:40:41","date_gmt":"2019-12-23T18:40:41","guid":{"rendered":"https:\/\/www.shqiperia.com\/blog\/?p=29606"},"modified":"2019-12-23T18:41:49","modified_gmt":"2019-12-23T18:41:49","slug":"germimet-arkeologjike-te-ketij-viti-ne-orikum","status":"publish","type":"post","link":"https:\/\/www.shqiperia.com\/blog\/germimet-arkeologjike-te-ketij-viti-ne-orikum\/","title":{"rendered":"G\u00ebrmimet arkeologjike te ketij viti ne Orikum."},"content":{"rendered":"<p><img data-recalc-dims=\"1\" loading=\"lazy\" decoding=\"async\" data-attachment-id=\"29607\" data-permalink=\"https:\/\/www.shqiperia.com\/blog\/germimet-arkeologjike-te-ketij-viti-ne-orikum\/1-germimet-arkeologjike-2019-ne-orikum-8\/\" data-orig-file=\"https:\/\/i0.wp.com\/www.shqiperia.com\/blog\/wp-content\/uploads\/2019\/12\/1-G%C3%ABrmimet-arkeologjike-2019-ne-Orikum.-8.jpg?fit=960%2C563&amp;ssl=1\" data-orig-size=\"960,563\" data-comments-opened=\"1\" data-image-meta=\"{&quot;aperture&quot;:&quot;0&quot;,&quot;credit&quot;:&quot;&quot;,&quot;camera&quot;:&quot;&quot;,&quot;caption&quot;:&quot;&quot;,&quot;created_timestamp&quot;:&quot;0&quot;,&quot;copyright&quot;:&quot;&quot;,&quot;focal_length&quot;:&quot;0&quot;,&quot;iso&quot;:&quot;0&quot;,&quot;shutter_speed&quot;:&quot;0&quot;,&quot;title&quot;:&quot;&quot;,&quot;orientation&quot;:&quot;0&quot;}\" data-image-title=\"1 G\u00ebrmimet arkeologjike 2019 ne Orikum. (8)\" data-image-description=\"\" data-image-caption=\"\" data-medium-file=\"https:\/\/i0.wp.com\/www.shqiperia.com\/blog\/wp-content\/uploads\/2019\/12\/1-G%C3%ABrmimet-arkeologjike-2019-ne-Orikum.-8.jpg?fit=300%2C176&amp;ssl=1\" data-large-file=\"https:\/\/i0.wp.com\/www.shqiperia.com\/blog\/wp-content\/uploads\/2019\/12\/1-G%C3%ABrmimet-arkeologjike-2019-ne-Orikum.-8.jpg?fit=960%2C563&amp;ssl=1\" class=\"alignnone wp-image-29607\" alt=\"\" src=\"https:\/\/i0.wp.com\/www.shqiperia.com\/blog\/wp-content\/uploads\/2019\/12\/1-G%C3%ABrmimet-arkeologjike-2019-ne-Orikum.-8.jpg?resize=646%2C379&#038;ssl=1\" width=\"646\" height=\"379\" srcset=\"https:\/\/i0.wp.com\/www.shqiperia.com\/blog\/wp-content\/uploads\/2019\/12\/1-G%C3%ABrmimet-arkeologjike-2019-ne-Orikum.-8.jpg?resize=300%2C176&amp;ssl=1 300w, https:\/\/i0.wp.com\/www.shqiperia.com\/blog\/wp-content\/uploads\/2019\/12\/1-G%C3%ABrmimet-arkeologjike-2019-ne-Orikum.-8.jpg?resize=768%2C450&amp;ssl=1 768w, https:\/\/i0.wp.com\/www.shqiperia.com\/blog\/wp-content\/uploads\/2019\/12\/1-G%C3%ABrmimet-arkeologjike-2019-ne-Orikum.-8.jpg?resize=450%2C264&amp;ssl=1 450w, https:\/\/i0.wp.com\/www.shqiperia.com\/blog\/wp-content\/uploads\/2019\/12\/1-G%C3%ABrmimet-arkeologjike-2019-ne-Orikum.-8.jpg?resize=600%2C352&amp;ssl=1 600w, https:\/\/i0.wp.com\/www.shqiperia.com\/blog\/wp-content\/uploads\/2019\/12\/1-G%C3%ABrmimet-arkeologjike-2019-ne-Orikum.-8.jpg?resize=400%2C235&amp;ssl=1 400w, https:\/\/i0.wp.com\/www.shqiperia.com\/blog\/wp-content\/uploads\/2019\/12\/1-G%C3%ABrmimet-arkeologjike-2019-ne-Orikum.-8.jpg?w=960&amp;ssl=1 960w\" sizes=\"auto, (max-width: 646px) 100vw, 646px\" \/><\/p>\n<p>G\u00ebrmimet arkeologjike te ketij viti ne Orikum. (Foto).<a href=\"https:\/\/www.facebook.com\/media\/set\/?set=a.2472831699617809&amp;type=3&amp;__xts__%5B0%5D=68.ARCAJikY2Mz16b4TkU0Zpi-s6WybFaHaSFPAjHQF-5CUG0d_NTgUGjcp4FFXuegywQ5VMe5qbXWVU1qkFu1_K32FcU4Z_VRxi2dOqjHQeiPoblfBIvivxdoOS1YXbuXF4uVWE8XBk0VTnYRQD9h_Xb-ykIf3QXwtqyTc6ZlpoNIgLcfVtH1Vnv9jFMi6_XzIwukANBhmkwjRhWNqEsyBKTyQS310pBaceqO4N2JgZ9yCj9JAPDMTJuVdwqyJqPf_fjJ9JOcfxVf46EYonGnXvB6cBGCTKD2RGGTucxMtD-kmXnNtnk73p9yB_wcjIhe2KyhTqogms86Czvxnq0oiW-yWd-kM-JoZwqwgJ3vopJEGx0k2P-DOA6t6PnoemDIpkML4N80gsbinc88yAJiQzw899tuc4_WgiD8nYcIv1JRFKDg4E_6E5yjNultuGuzfRqSqw9RhdKkJqRL2Cv5qGWNOZA&amp;__tn__=-UC-R\"><\/a><\/p>\n<p>G\u00ebrmimet arkeologjike t\u00eb projektit arkeologjik shqiptaro-zviceran t\u00eb Institutit t\u00eb Arkeologjis\u00eb s\u00eb Tiran\u00ebs dhe Universitetit t\u00eb Gjenev\u00ebs s\u00eb Zvicr\u00ebs, t\u00eb cilat po kryhen n\u00eb bashk\u00ebpunim me D.R.K.K-Vlor\u00eb, n\u00eb parkun arkeologjik t\u00eb Orikut.<\/p>\n<p><img data-recalc-dims=\"1\" loading=\"lazy\" decoding=\"async\" data-attachment-id=\"29608\" data-permalink=\"https:\/\/www.shqiperia.com\/blog\/germimet-arkeologjike-te-ketij-viti-ne-orikum\/germimet-arkeologjike-2019-ne-orikum-2\/\" data-orig-file=\"https:\/\/i0.wp.com\/www.shqiperia.com\/blog\/wp-content\/uploads\/2019\/12\/G%C3%ABrmimet-arkeologjike-2019-ne-Orikum.-2.jpg?fit=960%2C637&amp;ssl=1\" data-orig-size=\"960,637\" data-comments-opened=\"1\" data-image-meta=\"{&quot;aperture&quot;:&quot;0&quot;,&quot;credit&quot;:&quot;&quot;,&quot;camera&quot;:&quot;&quot;,&quot;caption&quot;:&quot;&quot;,&quot;created_timestamp&quot;:&quot;0&quot;,&quot;copyright&quot;:&quot;&quot;,&quot;focal_length&quot;:&quot;0&quot;,&quot;iso&quot;:&quot;0&quot;,&quot;shutter_speed&quot;:&quot;0&quot;,&quot;title&quot;:&quot;&quot;,&quot;orientation&quot;:&quot;0&quot;}\" data-image-title=\"G\u00ebrmimet arkeologjike 2019 ne Orikum. (2)\" data-image-description=\"\" data-image-caption=\"\" data-medium-file=\"https:\/\/i0.wp.com\/www.shqiperia.com\/blog\/wp-content\/uploads\/2019\/12\/G%C3%ABrmimet-arkeologjike-2019-ne-Orikum.-2.jpg?fit=300%2C199&amp;ssl=1\" data-large-file=\"https:\/\/i0.wp.com\/www.shqiperia.com\/blog\/wp-content\/uploads\/2019\/12\/G%C3%ABrmimet-arkeologjike-2019-ne-Orikum.-2.jpg?fit=960%2C637&amp;ssl=1\" class=\"alignnone wp-image-29608\" alt=\"\" src=\"https:\/\/i0.wp.com\/www.shqiperia.com\/blog\/wp-content\/uploads\/2019\/12\/G%C3%ABrmimet-arkeologjike-2019-ne-Orikum.-2.jpg?resize=639%2C424&#038;ssl=1\" width=\"639\" height=\"424\" srcset=\"https:\/\/i0.wp.com\/www.shqiperia.com\/blog\/wp-content\/uploads\/2019\/12\/G%C3%ABrmimet-arkeologjike-2019-ne-Orikum.-2.jpg?resize=300%2C199&amp;ssl=1 300w, https:\/\/i0.wp.com\/www.shqiperia.com\/blog\/wp-content\/uploads\/2019\/12\/G%C3%ABrmimet-arkeologjike-2019-ne-Orikum.-2.jpg?resize=768%2C510&amp;ssl=1 768w, https:\/\/i0.wp.com\/www.shqiperia.com\/blog\/wp-content\/uploads\/2019\/12\/G%C3%ABrmimet-arkeologjike-2019-ne-Orikum.-2.jpg?resize=450%2C299&amp;ssl=1 450w, https:\/\/i0.wp.com\/www.shqiperia.com\/blog\/wp-content\/uploads\/2019\/12\/G%C3%ABrmimet-arkeologjike-2019-ne-Orikum.-2.jpg?resize=600%2C398&amp;ssl=1 600w, https:\/\/i0.wp.com\/www.shqiperia.com\/blog\/wp-content\/uploads\/2019\/12\/G%C3%ABrmimet-arkeologjike-2019-ne-Orikum.-2.jpg?resize=400%2C265&amp;ssl=1 400w, https:\/\/i0.wp.com\/www.shqiperia.com\/blog\/wp-content\/uploads\/2019\/12\/G%C3%ABrmimet-arkeologjike-2019-ne-Orikum.-2.jpg?w=960&amp;ssl=1 960w\" sizes=\"auto, (max-width: 639px) 100vw, 639px\" \/> <img data-recalc-dims=\"1\" loading=\"lazy\" decoding=\"async\" data-attachment-id=\"29609\" data-permalink=\"https:\/\/www.shqiperia.com\/blog\/germimet-arkeologjike-te-ketij-viti-ne-orikum\/germimet-arkeologjike-2019-ne-orikum-3\/\" data-orig-file=\"https:\/\/i0.wp.com\/www.shqiperia.com\/blog\/wp-content\/uploads\/2019\/12\/G%C3%ABrmimet-arkeologjike-2019-ne-Orikum.-3.jpg?fit=960%2C637&amp;ssl=1\" data-orig-size=\"960,637\" data-comments-opened=\"1\" data-image-meta=\"{&quot;aperture&quot;:&quot;0&quot;,&quot;credit&quot;:&quot;&quot;,&quot;camera&quot;:&quot;&quot;,&quot;caption&quot;:&quot;&quot;,&quot;created_timestamp&quot;:&quot;0&quot;,&quot;copyright&quot;:&quot;&quot;,&quot;focal_length&quot;:&quot;0&quot;,&quot;iso&quot;:&quot;0&quot;,&quot;shutter_speed&quot;:&quot;0&quot;,&quot;title&quot;:&quot;&quot;,&quot;orientation&quot;:&quot;0&quot;}\" data-image-title=\"G\u00ebrmimet arkeologjike 2019 ne Orikum. (3)\" data-image-description=\"\" data-image-caption=\"\" data-medium-file=\"https:\/\/i0.wp.com\/www.shqiperia.com\/blog\/wp-content\/uploads\/2019\/12\/G%C3%ABrmimet-arkeologjike-2019-ne-Orikum.-3.jpg?fit=300%2C199&amp;ssl=1\" data-large-file=\"https:\/\/i0.wp.com\/www.shqiperia.com\/blog\/wp-content\/uploads\/2019\/12\/G%C3%ABrmimet-arkeologjike-2019-ne-Orikum.-3.jpg?fit=960%2C637&amp;ssl=1\" class=\"alignnone wp-image-29609\" alt=\"\" src=\"https:\/\/i0.wp.com\/www.shqiperia.com\/blog\/wp-content\/uploads\/2019\/12\/G%C3%ABrmimet-arkeologjike-2019-ne-Orikum.-3.jpg?resize=681%2C452&#038;ssl=1\" width=\"681\" height=\"452\" srcset=\"https:\/\/i0.wp.com\/www.shqiperia.com\/blog\/wp-content\/uploads\/2019\/12\/G%C3%ABrmimet-arkeologjike-2019-ne-Orikum.-3.jpg?resize=300%2C199&amp;ssl=1 300w, https:\/\/i0.wp.com\/www.shqiperia.com\/blog\/wp-content\/uploads\/2019\/12\/G%C3%ABrmimet-arkeologjike-2019-ne-Orikum.-3.jpg?resize=768%2C510&amp;ssl=1 768w, https:\/\/i0.wp.com\/www.shqiperia.com\/blog\/wp-content\/uploads\/2019\/12\/G%C3%ABrmimet-arkeologjike-2019-ne-Orikum.-3.jpg?resize=450%2C299&amp;ssl=1 450w, https:\/\/i0.wp.com\/www.shqiperia.com\/blog\/wp-content\/uploads\/2019\/12\/G%C3%ABrmimet-arkeologjike-2019-ne-Orikum.-3.jpg?resize=600%2C398&amp;ssl=1 600w, https:\/\/i0.wp.com\/www.shqiperia.com\/blog\/wp-content\/uploads\/2019\/12\/G%C3%ABrmimet-arkeologjike-2019-ne-Orikum.-3.jpg?resize=400%2C265&amp;ssl=1 400w, https:\/\/i0.wp.com\/www.shqiperia.com\/blog\/wp-content\/uploads\/2019\/12\/G%C3%ABrmimet-arkeologjike-2019-ne-Orikum.-3.jpg?w=960&amp;ssl=1 960w\" sizes=\"auto, (max-width: 681px) 100vw, 681px\" \/><br \/>\nG\u00ebrmimet e k\u00ebtij viti jan\u00eb fokusuar n\u00eb pjes\u00ebn veriore t\u00eb fontan\u00ebs monumentale, g\u00ebrmimin dhe gjurmimin e fortifikimit antik, si dhe zbulimin t\u00ebr\u00ebsor t\u00eb kish\u00ebs mesjetare.<\/p>\n<p><img data-recalc-dims=\"1\" loading=\"lazy\" decoding=\"async\" data-attachment-id=\"29615\" data-permalink=\"https:\/\/www.shqiperia.com\/blog\/germimet-arkeologjike-te-ketij-viti-ne-orikum\/germimet-arkeologjike-2019-ne-orikum-4-2\/\" data-orig-file=\"https:\/\/i0.wp.com\/www.shqiperia.com\/blog\/wp-content\/uploads\/2019\/12\/G%C3%ABrmimet-arkeologjike-2019-ne-Orikum.-4-1.jpg?fit=960%2C637&amp;ssl=1\" data-orig-size=\"960,637\" data-comments-opened=\"1\" data-image-meta=\"{&quot;aperture&quot;:&quot;0&quot;,&quot;credit&quot;:&quot;&quot;,&quot;camera&quot;:&quot;&quot;,&quot;caption&quot;:&quot;&quot;,&quot;created_timestamp&quot;:&quot;0&quot;,&quot;copyright&quot;:&quot;&quot;,&quot;focal_length&quot;:&quot;0&quot;,&quot;iso&quot;:&quot;0&quot;,&quot;shutter_speed&quot;:&quot;0&quot;,&quot;title&quot;:&quot;&quot;,&quot;orientation&quot;:&quot;0&quot;}\" data-image-title=\"G\u00ebrmimet arkeologjike 2019 ne Orikum. (4)\" data-image-description=\"\" data-image-caption=\"\" data-medium-file=\"https:\/\/i0.wp.com\/www.shqiperia.com\/blog\/wp-content\/uploads\/2019\/12\/G%C3%ABrmimet-arkeologjike-2019-ne-Orikum.-4-1.jpg?fit=300%2C199&amp;ssl=1\" data-large-file=\"https:\/\/i0.wp.com\/www.shqiperia.com\/blog\/wp-content\/uploads\/2019\/12\/G%C3%ABrmimet-arkeologjike-2019-ne-Orikum.-4-1.jpg?fit=960%2C637&amp;ssl=1\" class=\"alignnone wp-image-29615\" alt=\"\" src=\"https:\/\/i0.wp.com\/www.shqiperia.com\/blog\/wp-content\/uploads\/2019\/12\/G%C3%ABrmimet-arkeologjike-2019-ne-Orikum.-4-1.jpg?resize=623%2C413&#038;ssl=1\" width=\"623\" height=\"413\" srcset=\"https:\/\/i0.wp.com\/www.shqiperia.com\/blog\/wp-content\/uploads\/2019\/12\/G%C3%ABrmimet-arkeologjike-2019-ne-Orikum.-4-1.jpg?resize=300%2C199&amp;ssl=1 300w, https:\/\/i0.wp.com\/www.shqiperia.com\/blog\/wp-content\/uploads\/2019\/12\/G%C3%ABrmimet-arkeologjike-2019-ne-Orikum.-4-1.jpg?resize=768%2C510&amp;ssl=1 768w, https:\/\/i0.wp.com\/www.shqiperia.com\/blog\/wp-content\/uploads\/2019\/12\/G%C3%ABrmimet-arkeologjike-2019-ne-Orikum.-4-1.jpg?resize=450%2C299&amp;ssl=1 450w, https:\/\/i0.wp.com\/www.shqiperia.com\/blog\/wp-content\/uploads\/2019\/12\/G%C3%ABrmimet-arkeologjike-2019-ne-Orikum.-4-1.jpg?resize=600%2C398&amp;ssl=1 600w, https:\/\/i0.wp.com\/www.shqiperia.com\/blog\/wp-content\/uploads\/2019\/12\/G%C3%ABrmimet-arkeologjike-2019-ne-Orikum.-4-1.jpg?resize=400%2C265&amp;ssl=1 400w, https:\/\/i0.wp.com\/www.shqiperia.com\/blog\/wp-content\/uploads\/2019\/12\/G%C3%ABrmimet-arkeologjike-2019-ne-Orikum.-4-1.jpg?w=960&amp;ssl=1 960w\" sizes=\"auto, (max-width: 623px) 100vw, 623px\" \/> <img data-recalc-dims=\"1\" loading=\"lazy\" decoding=\"async\" data-attachment-id=\"29616\" data-permalink=\"https:\/\/www.shqiperia.com\/blog\/germimet-arkeologjike-te-ketij-viti-ne-orikum\/germimet-arkeologjike-2019-ne-orikum-5-2\/\" data-orig-file=\"https:\/\/i0.wp.com\/www.shqiperia.com\/blog\/wp-content\/uploads\/2019\/12\/G%C3%ABrmimet-arkeologjike-2019-ne-Orikum.-5-1.jpg?fit=960%2C637&amp;ssl=1\" data-orig-size=\"960,637\" data-comments-opened=\"1\" data-image-meta=\"{&quot;aperture&quot;:&quot;0&quot;,&quot;credit&quot;:&quot;&quot;,&quot;camera&quot;:&quot;&quot;,&quot;caption&quot;:&quot;&quot;,&quot;created_timestamp&quot;:&quot;0&quot;,&quot;copyright&quot;:&quot;&quot;,&quot;focal_length&quot;:&quot;0&quot;,&quot;iso&quot;:&quot;0&quot;,&quot;shutter_speed&quot;:&quot;0&quot;,&quot;title&quot;:&quot;&quot;,&quot;orientation&quot;:&quot;0&quot;}\" data-image-title=\"G\u00ebrmimet arkeologjike 2019 ne Orikum. (5)\" data-image-description=\"\" data-image-caption=\"\" data-medium-file=\"https:\/\/i0.wp.com\/www.shqiperia.com\/blog\/wp-content\/uploads\/2019\/12\/G%C3%ABrmimet-arkeologjike-2019-ne-Orikum.-5-1.jpg?fit=300%2C199&amp;ssl=1\" data-large-file=\"https:\/\/i0.wp.com\/www.shqiperia.com\/blog\/wp-content\/uploads\/2019\/12\/G%C3%ABrmimet-arkeologjike-2019-ne-Orikum.-5-1.jpg?fit=960%2C637&amp;ssl=1\" class=\"alignnone wp-image-29616\" alt=\"\" src=\"https:\/\/i0.wp.com\/www.shqiperia.com\/blog\/wp-content\/uploads\/2019\/12\/G%C3%ABrmimet-arkeologjike-2019-ne-Orikum.-5-1.jpg?resize=621%2C412&#038;ssl=1\" width=\"621\" height=\"412\" srcset=\"https:\/\/i0.wp.com\/www.shqiperia.com\/blog\/wp-content\/uploads\/2019\/12\/G%C3%ABrmimet-arkeologjike-2019-ne-Orikum.-5-1.jpg?resize=300%2C199&amp;ssl=1 300w, https:\/\/i0.wp.com\/www.shqiperia.com\/blog\/wp-content\/uploads\/2019\/12\/G%C3%ABrmimet-arkeologjike-2019-ne-Orikum.-5-1.jpg?resize=768%2C510&amp;ssl=1 768w, https:\/\/i0.wp.com\/www.shqiperia.com\/blog\/wp-content\/uploads\/2019\/12\/G%C3%ABrmimet-arkeologjike-2019-ne-Orikum.-5-1.jpg?resize=450%2C299&amp;ssl=1 450w, https:\/\/i0.wp.com\/www.shqiperia.com\/blog\/wp-content\/uploads\/2019\/12\/G%C3%ABrmimet-arkeologjike-2019-ne-Orikum.-5-1.jpg?resize=600%2C398&amp;ssl=1 600w, https:\/\/i0.wp.com\/www.shqiperia.com\/blog\/wp-content\/uploads\/2019\/12\/G%C3%ABrmimet-arkeologjike-2019-ne-Orikum.-5-1.jpg?resize=400%2C265&amp;ssl=1 400w, https:\/\/i0.wp.com\/www.shqiperia.com\/blog\/wp-content\/uploads\/2019\/12\/G%C3%ABrmimet-arkeologjike-2019-ne-Orikum.-5-1.jpg?w=960&amp;ssl=1 960w\" sizes=\"auto, (max-width: 621px) 100vw, 621px\" \/> <img data-recalc-dims=\"1\" loading=\"lazy\" decoding=\"async\" data-attachment-id=\"29617\" data-permalink=\"https:\/\/www.shqiperia.com\/blog\/germimet-arkeologjike-te-ketij-viti-ne-orikum\/germimet-arkeologjike-2019-ne-orikum-6-2\/\" data-orig-file=\"https:\/\/i0.wp.com\/www.shqiperia.com\/blog\/wp-content\/uploads\/2019\/12\/G%C3%ABrmimet-arkeologjike-2019-ne-Orikum.-6-1.jpg?fit=960%2C637&amp;ssl=1\" data-orig-size=\"960,637\" data-comments-opened=\"1\" data-image-meta=\"{&quot;aperture&quot;:&quot;0&quot;,&quot;credit&quot;:&quot;&quot;,&quot;camera&quot;:&quot;&quot;,&quot;caption&quot;:&quot;&quot;,&quot;created_timestamp&quot;:&quot;0&quot;,&quot;copyright&quot;:&quot;&quot;,&quot;focal_length&quot;:&quot;0&quot;,&quot;iso&quot;:&quot;0&quot;,&quot;shutter_speed&quot;:&quot;0&quot;,&quot;title&quot;:&quot;&quot;,&quot;orientation&quot;:&quot;0&quot;}\" data-image-title=\"G\u00ebrmimet arkeologjike 2019 ne Orikum. (6)\" data-image-description=\"\" data-image-caption=\"\" data-medium-file=\"https:\/\/i0.wp.com\/www.shqiperia.com\/blog\/wp-content\/uploads\/2019\/12\/G%C3%ABrmimet-arkeologjike-2019-ne-Orikum.-6-1.jpg?fit=300%2C199&amp;ssl=1\" data-large-file=\"https:\/\/i0.wp.com\/www.shqiperia.com\/blog\/wp-content\/uploads\/2019\/12\/G%C3%ABrmimet-arkeologjike-2019-ne-Orikum.-6-1.jpg?fit=960%2C637&amp;ssl=1\" class=\"alignnone wp-image-29617\" alt=\"\" src=\"https:\/\/i0.wp.com\/www.shqiperia.com\/blog\/wp-content\/uploads\/2019\/12\/G%C3%ABrmimet-arkeologjike-2019-ne-Orikum.-6-1.jpg?resize=651%2C432&#038;ssl=1\" width=\"651\" height=\"432\" srcset=\"https:\/\/i0.wp.com\/www.shqiperia.com\/blog\/wp-content\/uploads\/2019\/12\/G%C3%ABrmimet-arkeologjike-2019-ne-Orikum.-6-1.jpg?resize=300%2C199&amp;ssl=1 300w, https:\/\/i0.wp.com\/www.shqiperia.com\/blog\/wp-content\/uploads\/2019\/12\/G%C3%ABrmimet-arkeologjike-2019-ne-Orikum.-6-1.jpg?resize=768%2C510&amp;ssl=1 768w, https:\/\/i0.wp.com\/www.shqiperia.com\/blog\/wp-content\/uploads\/2019\/12\/G%C3%ABrmimet-arkeologjike-2019-ne-Orikum.-6-1.jpg?resize=450%2C299&amp;ssl=1 450w, https:\/\/i0.wp.com\/www.shqiperia.com\/blog\/wp-content\/uploads\/2019\/12\/G%C3%ABrmimet-arkeologjike-2019-ne-Orikum.-6-1.jpg?resize=600%2C398&amp;ssl=1 600w, https:\/\/i0.wp.com\/www.shqiperia.com\/blog\/wp-content\/uploads\/2019\/12\/G%C3%ABrmimet-arkeologjike-2019-ne-Orikum.-6-1.jpg?resize=400%2C265&amp;ssl=1 400w, https:\/\/i0.wp.com\/www.shqiperia.com\/blog\/wp-content\/uploads\/2019\/12\/G%C3%ABrmimet-arkeologjike-2019-ne-Orikum.-6-1.jpg?w=960&amp;ssl=1 960w\" sizes=\"auto, (max-width: 651px) 100vw, 651px\" \/> <img data-recalc-dims=\"1\" loading=\"lazy\" decoding=\"async\" data-attachment-id=\"29618\" data-permalink=\"https:\/\/www.shqiperia.com\/blog\/germimet-arkeologjike-te-ketij-viti-ne-orikum\/germimet-arkeologjike-2019-ne-orikum-7-2\/\" data-orig-file=\"https:\/\/i0.wp.com\/www.shqiperia.com\/blog\/wp-content\/uploads\/2019\/12\/G%C3%ABrmimet-arkeologjike-2019-ne-Orikum.-7-1.jpg?fit=960%2C637&amp;ssl=1\" data-orig-size=\"960,637\" data-comments-opened=\"1\" data-image-meta=\"{&quot;aperture&quot;:&quot;0&quot;,&quot;credit&quot;:&quot;&quot;,&quot;camera&quot;:&quot;&quot;,&quot;caption&quot;:&quot;&quot;,&quot;created_timestamp&quot;:&quot;0&quot;,&quot;copyright&quot;:&quot;&quot;,&quot;focal_length&quot;:&quot;0&quot;,&quot;iso&quot;:&quot;0&quot;,&quot;shutter_speed&quot;:&quot;0&quot;,&quot;title&quot;:&quot;&quot;,&quot;orientation&quot;:&quot;0&quot;}\" data-image-title=\"G\u00ebrmimet arkeologjike 2019 ne Orikum. (7)\" data-image-description=\"\" data-image-caption=\"\" data-medium-file=\"https:\/\/i0.wp.com\/www.shqiperia.com\/blog\/wp-content\/uploads\/2019\/12\/G%C3%ABrmimet-arkeologjike-2019-ne-Orikum.-7-1.jpg?fit=300%2C199&amp;ssl=1\" data-large-file=\"https:\/\/i0.wp.com\/www.shqiperia.com\/blog\/wp-content\/uploads\/2019\/12\/G%C3%ABrmimet-arkeologjike-2019-ne-Orikum.-7-1.jpg?fit=960%2C637&amp;ssl=1\" class=\"alignnone wp-image-29618\" alt=\"\" src=\"https:\/\/i0.wp.com\/www.shqiperia.com\/blog\/wp-content\/uploads\/2019\/12\/G%C3%ABrmimet-arkeologjike-2019-ne-Orikum.-7-1.jpg?resize=564%2C374&#038;ssl=1\" width=\"564\" height=\"374\" srcset=\"https:\/\/i0.wp.com\/www.shqiperia.com\/blog\/wp-content\/uploads\/2019\/12\/G%C3%ABrmimet-arkeologjike-2019-ne-Orikum.-7-1.jpg?resize=300%2C199&amp;ssl=1 300w, https:\/\/i0.wp.com\/www.shqiperia.com\/blog\/wp-content\/uploads\/2019\/12\/G%C3%ABrmimet-arkeologjike-2019-ne-Orikum.-7-1.jpg?resize=768%2C510&amp;ssl=1 768w, https:\/\/i0.wp.com\/www.shqiperia.com\/blog\/wp-content\/uploads\/2019\/12\/G%C3%ABrmimet-arkeologjike-2019-ne-Orikum.-7-1.jpg?resize=450%2C299&amp;ssl=1 450w, https:\/\/i0.wp.com\/www.shqiperia.com\/blog\/wp-content\/uploads\/2019\/12\/G%C3%ABrmimet-arkeologjike-2019-ne-Orikum.-7-1.jpg?resize=600%2C398&amp;ssl=1 600w, https:\/\/i0.wp.com\/www.shqiperia.com\/blog\/wp-content\/uploads\/2019\/12\/G%C3%ABrmimet-arkeologjike-2019-ne-Orikum.-7-1.jpg?resize=400%2C265&amp;ssl=1 400w, https:\/\/i0.wp.com\/www.shqiperia.com\/blog\/wp-content\/uploads\/2019\/12\/G%C3%ABrmimet-arkeologjike-2019-ne-Orikum.-7-1.jpg?w=960&amp;ssl=1 960w\" sizes=\"auto, (max-width: 564px) 100vw, 564px\" \/> <img data-recalc-dims=\"1\" loading=\"lazy\" decoding=\"async\" data-attachment-id=\"29619\" data-permalink=\"https:\/\/www.shqiperia.com\/blog\/germimet-arkeologjike-te-ketij-viti-ne-orikum\/germimet-arkeologjike-2019-ne-orikum-9-2\/\" data-orig-file=\"https:\/\/i0.wp.com\/www.shqiperia.com\/blog\/wp-content\/uploads\/2019\/12\/G%C3%ABrmimet-arkeologjike-2019-ne-Orikum.-9-1.jpg?fit=960%2C637&amp;ssl=1\" data-orig-size=\"960,637\" data-comments-opened=\"1\" data-image-meta=\"{&quot;aperture&quot;:&quot;0&quot;,&quot;credit&quot;:&quot;&quot;,&quot;camera&quot;:&quot;&quot;,&quot;caption&quot;:&quot;&quot;,&quot;created_timestamp&quot;:&quot;0&quot;,&quot;copyright&quot;:&quot;&quot;,&quot;focal_length&quot;:&quot;0&quot;,&quot;iso&quot;:&quot;0&quot;,&quot;shutter_speed&quot;:&quot;0&quot;,&quot;title&quot;:&quot;&quot;,&quot;orientation&quot;:&quot;0&quot;}\" data-image-title=\"G\u00ebrmimet arkeologjike 2019 ne Orikum. (9)\" data-image-description=\"\" data-image-caption=\"\" data-medium-file=\"https:\/\/i0.wp.com\/www.shqiperia.com\/blog\/wp-content\/uploads\/2019\/12\/G%C3%ABrmimet-arkeologjike-2019-ne-Orikum.-9-1.jpg?fit=300%2C199&amp;ssl=1\" data-large-file=\"https:\/\/i0.wp.com\/www.shqiperia.com\/blog\/wp-content\/uploads\/2019\/12\/G%C3%ABrmimet-arkeologjike-2019-ne-Orikum.-9-1.jpg?fit=960%2C637&amp;ssl=1\" class=\"alignnone wp-image-29619\" alt=\"\" src=\"https:\/\/i0.wp.com\/www.shqiperia.com\/blog\/wp-content\/uploads\/2019\/12\/G%C3%ABrmimet-arkeologjike-2019-ne-Orikum.-9-1.jpg?resize=585%2C388&#038;ssl=1\" width=\"585\" height=\"388\" srcset=\"https:\/\/i0.wp.com\/www.shqiperia.com\/blog\/wp-content\/uploads\/2019\/12\/G%C3%ABrmimet-arkeologjike-2019-ne-Orikum.-9-1.jpg?resize=300%2C199&amp;ssl=1 300w, https:\/\/i0.wp.com\/www.shqiperia.com\/blog\/wp-content\/uploads\/2019\/12\/G%C3%ABrmimet-arkeologjike-2019-ne-Orikum.-9-1.jpg?resize=768%2C510&amp;ssl=1 768w, https:\/\/i0.wp.com\/www.shqiperia.com\/blog\/wp-content\/uploads\/2019\/12\/G%C3%ABrmimet-arkeologjike-2019-ne-Orikum.-9-1.jpg?resize=450%2C299&amp;ssl=1 450w, https:\/\/i0.wp.com\/www.shqiperia.com\/blog\/wp-content\/uploads\/2019\/12\/G%C3%ABrmimet-arkeologjike-2019-ne-Orikum.-9-1.jpg?resize=600%2C398&amp;ssl=1 600w, https:\/\/i0.wp.com\/www.shqiperia.com\/blog\/wp-content\/uploads\/2019\/12\/G%C3%ABrmimet-arkeologjike-2019-ne-Orikum.-9-1.jpg?resize=400%2C265&amp;ssl=1 400w, https:\/\/i0.wp.com\/www.shqiperia.com\/blog\/wp-content\/uploads\/2019\/12\/G%C3%ABrmimet-arkeologjike-2019-ne-Orikum.-9-1.jpg?w=960&amp;ssl=1 960w\" sizes=\"auto, (max-width: 585px) 100vw, 585px\" \/> <img data-recalc-dims=\"1\" loading=\"lazy\" decoding=\"async\" data-attachment-id=\"29620\" data-permalink=\"https:\/\/www.shqiperia.com\/blog\/germimet-arkeologjike-te-ketij-viti-ne-orikum\/germimet-arkeologjike-2019-ne-orikum-10\/\" data-orig-file=\"https:\/\/i0.wp.com\/www.shqiperia.com\/blog\/wp-content\/uploads\/2019\/12\/G%C3%ABrmimet-arkeologjike-2019-ne-Orikum.-10.jpg?fit=960%2C637&amp;ssl=1\" data-orig-size=\"960,637\" data-comments-opened=\"1\" data-image-meta=\"{&quot;aperture&quot;:&quot;0&quot;,&quot;credit&quot;:&quot;&quot;,&quot;camera&quot;:&quot;&quot;,&quot;caption&quot;:&quot;&quot;,&quot;created_timestamp&quot;:&quot;0&quot;,&quot;copyright&quot;:&quot;&quot;,&quot;focal_length&quot;:&quot;0&quot;,&quot;iso&quot;:&quot;0&quot;,&quot;shutter_speed&quot;:&quot;0&quot;,&quot;title&quot;:&quot;&quot;,&quot;orientation&quot;:&quot;0&quot;}\" data-image-title=\"G\u00ebrmimet arkeologjike 2019 ne Orikum. (10)\" data-image-description=\"\" data-image-caption=\"\" data-medium-file=\"https:\/\/i0.wp.com\/www.shqiperia.com\/blog\/wp-content\/uploads\/2019\/12\/G%C3%ABrmimet-arkeologjike-2019-ne-Orikum.-10.jpg?fit=300%2C199&amp;ssl=1\" data-large-file=\"https:\/\/i0.wp.com\/www.shqiperia.com\/blog\/wp-content\/uploads\/2019\/12\/G%C3%ABrmimet-arkeologjike-2019-ne-Orikum.-10.jpg?fit=960%2C637&amp;ssl=1\" class=\"alignnone wp-image-29620\" alt=\"\" src=\"https:\/\/i0.wp.com\/www.shqiperia.com\/blog\/wp-content\/uploads\/2019\/12\/G%C3%ABrmimet-arkeologjike-2019-ne-Orikum.-10.jpg?resize=504%2C334&#038;ssl=1\" width=\"504\" height=\"334\" srcset=\"https:\/\/i0.wp.com\/www.shqiperia.com\/blog\/wp-content\/uploads\/2019\/12\/G%C3%ABrmimet-arkeologjike-2019-ne-Orikum.-10.jpg?resize=300%2C199&amp;ssl=1 300w, https:\/\/i0.wp.com\/www.shqiperia.com\/blog\/wp-content\/uploads\/2019\/12\/G%C3%ABrmimet-arkeologjike-2019-ne-Orikum.-10.jpg?resize=768%2C510&amp;ssl=1 768w, https:\/\/i0.wp.com\/www.shqiperia.com\/blog\/wp-content\/uploads\/2019\/12\/G%C3%ABrmimet-arkeologjike-2019-ne-Orikum.-10.jpg?resize=450%2C299&amp;ssl=1 450w, https:\/\/i0.wp.com\/www.shqiperia.com\/blog\/wp-content\/uploads\/2019\/12\/G%C3%ABrmimet-arkeologjike-2019-ne-Orikum.-10.jpg?resize=600%2C398&amp;ssl=1 600w, https:\/\/i0.wp.com\/www.shqiperia.com\/blog\/wp-content\/uploads\/2019\/12\/G%C3%ABrmimet-arkeologjike-2019-ne-Orikum.-10.jpg?resize=400%2C265&amp;ssl=1 400w, https:\/\/i0.wp.com\/www.shqiperia.com\/blog\/wp-content\/uploads\/2019\/12\/G%C3%ABrmimet-arkeologjike-2019-ne-Orikum.-10.jpg?w=960&amp;ssl=1 960w\" sizes=\"auto, (max-width: 504px) 100vw, 504px\" \/> <img data-recalc-dims=\"1\" loading=\"lazy\" decoding=\"async\" data-attachment-id=\"29621\" data-permalink=\"https:\/\/www.shqiperia.com\/blog\/germimet-arkeologjike-te-ketij-viti-ne-orikum\/germimet-arkeologjike-2019-ne-orikum\/\" data-orig-file=\"https:\/\/i0.wp.com\/www.shqiperia.com\/blog\/wp-content\/uploads\/2019\/12\/G%C3%ABrmimet-arkeologjike-2019-ne-Orikum..jpg?fit=960%2C640&amp;ssl=1\" data-orig-size=\"960,640\" data-comments-opened=\"1\" data-image-meta=\"{&quot;aperture&quot;:&quot;0&quot;,&quot;credit&quot;:&quot;&quot;,&quot;camera&quot;:&quot;&quot;,&quot;caption&quot;:&quot;&quot;,&quot;created_timestamp&quot;:&quot;0&quot;,&quot;copyright&quot;:&quot;&quot;,&quot;focal_length&quot;:&quot;0&quot;,&quot;iso&quot;:&quot;0&quot;,&quot;shutter_speed&quot;:&quot;0&quot;,&quot;title&quot;:&quot;&quot;,&quot;orientation&quot;:&quot;0&quot;}\" data-image-title=\"G\u00ebrmimet arkeologjike 2019 ne Orikum.\" data-image-description=\"\" data-image-caption=\"\" data-medium-file=\"https:\/\/i0.wp.com\/www.shqiperia.com\/blog\/wp-content\/uploads\/2019\/12\/G%C3%ABrmimet-arkeologjike-2019-ne-Orikum..jpg?fit=300%2C200&amp;ssl=1\" data-large-file=\"https:\/\/i0.wp.com\/www.shqiperia.com\/blog\/wp-content\/uploads\/2019\/12\/G%C3%ABrmimet-arkeologjike-2019-ne-Orikum..jpg?fit=960%2C640&amp;ssl=1\" class=\"alignnone wp-image-29621\" alt=\"\" src=\"https:\/\/i0.wp.com\/www.shqiperia.com\/blog\/wp-content\/uploads\/2019\/12\/G%C3%ABrmimet-arkeologjike-2019-ne-Orikum..jpg?resize=524%2C349&#038;ssl=1\" width=\"524\" height=\"349\" srcset=\"https:\/\/i0.wp.com\/www.shqiperia.com\/blog\/wp-content\/uploads\/2019\/12\/G%C3%ABrmimet-arkeologjike-2019-ne-Orikum..jpg?resize=300%2C200&amp;ssl=1 300w, https:\/\/i0.wp.com\/www.shqiperia.com\/blog\/wp-content\/uploads\/2019\/12\/G%C3%ABrmimet-arkeologjike-2019-ne-Orikum..jpg?resize=768%2C512&amp;ssl=1 768w, https:\/\/i0.wp.com\/www.shqiperia.com\/blog\/wp-content\/uploads\/2019\/12\/G%C3%ABrmimet-arkeologjike-2019-ne-Orikum..jpg?resize=600%2C400&amp;ssl=1 600w, https:\/\/i0.wp.com\/www.shqiperia.com\/blog\/wp-content\/uploads\/2019\/12\/G%C3%ABrmimet-arkeologjike-2019-ne-Orikum..jpg?resize=450%2C300&amp;ssl=1 450w, https:\/\/i0.wp.com\/www.shqiperia.com\/blog\/wp-content\/uploads\/2019\/12\/G%C3%ABrmimet-arkeologjike-2019-ne-Orikum..jpg?resize=400%2C267&amp;ssl=1 400w, https:\/\/i0.wp.com\/www.shqiperia.com\/blog\/wp-content\/uploads\/2019\/12\/G%C3%ABrmimet-arkeologjike-2019-ne-Orikum..jpg?w=960&amp;ssl=1 960w\" sizes=\"auto, (max-width: 524px) 100vw, 524px\" \/><br \/>\nFotot: <a href=\"https:\/\/www.facebook.com\/DRKKVlorefaqjazyrtare\/?__tn__=kC-R&amp;eid=ARBVAQO1y3CAvpvzsmQYIYBb0_eHc3IpzBe4udAkUy8vEGV1YZfMHsX4oBYHJ3ZKfgfourU8IiIRwGKw&amp;hc_ref=ARQftwY6w5whRpVUHVM5p0IvaMsltXKLjevjur0J-NO0dHXEHqRCcyoKnLWCwduaRgU&amp;__xts__%5B0%5D=68.ARCAJikY2Mz16b4TkU0Zpi-s6WybFaHaSFPAjHQF-5CUG0d_NTgUGjcp4FFXuegywQ5VMe5qbXWVU1qkFu1_K32FcU4Z_VRxi2dOqjHQeiPoblfBIvivxdoOS1YXbuXF4uVWE8XBk0VTnYRQD9h_Xb-ykIf3QXwtqyTc6ZlpoNIgLcfVtH1Vnv9jFMi6_XzIwukANBhmkwjRhWNqEsyBKTyQS310pBaceqO4N2JgZ9yCj9JAPDMTJuVdwqyJqPf_fjJ9JOcfxVf46EYonGnXvB6cBGCTKD2RGGTucxMtD-kmXnNtnk73p9yB_wcjIhe2KyhTqogms86Czvxnq0oiW-yWd-kM-JoZwqwgJ3vopJEGx0k2P-DOA6t6PnoemDIpkML4N80gsbinc88yAJiQzw899tuc4_WgiD8nYcIv1JRFKDg4E_6E5yjNultuGuzfRqSqw9RhdKkJqRL2Cv5qGWNOZA\"><strong>DRKK Vlor\u00eb<\/strong><\/a><\/p>\n","protected":false},"excerpt":{"rendered":"<p>G\u00ebrmimet arkeologjike te ketij viti ne Orikum. (Foto). G\u00ebrmimet arkeologjike t\u00eb projektit arkeologjik shqiptaro-zviceran t\u00eb Institutit t\u00eb Arkeologjis\u00eb s\u00eb Tiran\u00ebs dhe Universitetit t\u00eb Gjenev\u00ebs s\u00eb Zvicr\u00ebs, t\u00eb cilat po kryhen n\u00eb bashk\u00ebpunim me D.R.K.K-Vlor\u00eb, n\u00eb parkun arkeologjik t\u00eb Orikut. G\u00ebrmimet e k\u00ebtij viti jan\u00eb fokusuar n\u00eb pjes\u00ebn veriore t\u00eb fontan\u00ebs monumentale, g\u00ebrmimin dhe gjurmimin e [&hellip;]<\/p>\n","protected":false},"author":9,"featured_media":29607,"comment_status":"open","ping_status":"open","sticky":false,"template":"","format":"standard","meta":{"jetpack_post_was_ever_published":false,"_jetpack_newsletter_access":"","_jetpack_dont_email_post_to_subs":false,"_jetpack_newsletter_tier_id":0,"_jetpack_memberships_contains_paywalled_content":false,"_jetpack_memberships_contains_paid_content":false,"footnotes":"","jetpack_publicize_message":"","jetpack_publicize_feature_enabled":true,"jetpack_social_post_already_shared":true,"jetpack_social_options":{"image_generator_settings":{"template":"highway","default_image_id":0,"font":"","enabled":false},"version":2}},"categories":[10],"tags":[],"class_list":["post-29606","post","type-post","status-publish","format-standard","has-post-thumbnail","hentry","category-kultura"],"jetpack_publicize_connections":[],"jetpack_featured_media_url":"https:\/\/i0.wp.com\/www.shqiperia.com\/blog\/wp-content\/uploads\/2019\/12\/1-G%C3%ABrmimet-arkeologjike-2019-ne-Orikum.-8.jpg?fit=960%2C563&ssl=1","jetpack_sharing_enabled":true,"jetpack_shortlink":"https:\/\/wp.me\/p5Z6wp-7Hw","jetpack-related-posts":[{"id":21149,"url":"https:\/\/www.shqiperia.com\/blog\/muzeu-i-butrintit-me-1323-objekte-arkeologjike-destinacion-qe-ia-vlen-te-zbulohet\/","url_meta":{"origin":29606,"position":0},"title":"Muzeu i Butrintit me 1323 objekte arkeologjike, destinacion q\u00eb ia vlen t\u00eb zbulohet. &#8211;","author":"Kurt Farka","date":"May 15, 2019","format":false,"excerpt":"Muzeu i Butrintit me 1323 objekte arkeologjike, destinacion q\u00eb ia vlen t\u00eb zbulohet. - Nga: Adela Alla \u2013 Muzeu i Butrintit ndodhet brenda kalas\u00eb s\u00eb Akropolit t\u00eb qytetit antik t\u00eb Butrintit. Muzeu u hap n\u00eb vitin 1960, me objektet arkeologjike t\u00eb zbuluara nga Misioni Arkeologjik Italian. G\u00ebrmimet e b\u00ebra gjat\u00eb\u2026","rel":"","context":"In &quot;Histori&quot;","block_context":{"text":"Histori","link":"https:\/\/www.shqiperia.com\/blog\/category\/histori\/"},"img":{"alt_text":"","src":"https:\/\/i0.wp.com\/www.shqiperia.com\/blog\/wp-content\/uploads\/2019\/05\/1-Muzeu-Arkeologjik-Butrint.jpg?fit=746%2C420&ssl=1&resize=350%2C200","width":350,"height":200,"srcset":"https:\/\/i0.wp.com\/www.shqiperia.com\/blog\/wp-content\/uploads\/2019\/05\/1-Muzeu-Arkeologjik-Butrint.jpg?fit=746%2C420&ssl=1&resize=350%2C200 1x, https:\/\/i0.wp.com\/www.shqiperia.com\/blog\/wp-content\/uploads\/2019\/05\/1-Muzeu-Arkeologjik-Butrint.jpg?fit=746%2C420&ssl=1&resize=525%2C300 1.5x, https:\/\/i0.wp.com\/www.shqiperia.com\/blog\/wp-content\/uploads\/2019\/05\/1-Muzeu-Arkeologjik-Butrint.jpg?fit=746%2C420&ssl=1&resize=700%2C400 2x"},"classes":[]},{"id":99491,"url":"https:\/\/www.shqiperia.com\/blog\/shpallen-pasuri-kulturore-te-paluajtshme-parqet-arkeologjike-bylis-e-orikum\/","url_meta":{"origin":29606,"position":1},"title":"Shpallen \u201cpasuri kulturore t\u00eb paluajtshme\u201d parqet arkeologjike Bylis e Orikum","author":"Kurt Farka","date":"April 18, 2026","format":false,"excerpt":"18 Prill 2026 K\u00ebshilli i Ministrave miratoi vendimin p\u00ebr shpalljen \u201cPasuri kulturore e paluajtshme\u201d t\u00eb disa zonave t\u00eb r\u00ebnd\u00ebsishme n\u00eb vend, me propozimin e ministrit t\u00eb Turizmit, Kultur\u00ebs dhe Sportit. N\u00eb mbledhjen e sotme, K\u00ebshilli i Ministrave miratoi vendimin p\u00ebr deklarimin \u201cPasuri kulturore e paluajtshme\u201d t\u00eb Parkut Arkeologjik Bylis dhe\u2026","rel":"","context":"In &quot;Arte&quot;","block_context":{"text":"Arte","link":"https:\/\/www.shqiperia.com\/blog\/category\/arte\/"},"img":{"alt_text":"","src":"https:\/\/i0.wp.com\/www.shqiperia.com\/blog\/wp-content\/uploads\/2026\/04\/Bylis-vato.al-1800-750x422-1.jpg?fit=750%2C422&ssl=1&resize=350%2C200","width":350,"height":200,"srcset":"https:\/\/i0.wp.com\/www.shqiperia.com\/blog\/wp-content\/uploads\/2026\/04\/Bylis-vato.al-1800-750x422-1.jpg?fit=750%2C422&ssl=1&resize=350%2C200 1x, https:\/\/i0.wp.com\/www.shqiperia.com\/blog\/wp-content\/uploads\/2026\/04\/Bylis-vato.al-1800-750x422-1.jpg?fit=750%2C422&ssl=1&resize=525%2C300 1.5x, https:\/\/i0.wp.com\/www.shqiperia.com\/blog\/wp-content\/uploads\/2026\/04\/Bylis-vato.al-1800-750x422-1.jpg?fit=750%2C422&ssl=1&resize=700%2C400 2x"},"classes":[]},{"id":84298,"url":"https:\/\/www.shqiperia.com\/blog\/germimet-arkeologjike-ne-kosove-sjellin-prova-te-vazhdimesise-se-popullsise-ilire-dardane-nga-periudha-e-bronzit-dhe-hekurit\/","url_meta":{"origin":29606,"position":2},"title":"G\u00ebrmimet Arkeologjike n\u00eb Kosov\u00eb sjellin prova t\u00eb vazhdim\u00ebsis\u00eb s\u00eb popullsis\u00eb ilire-dardane nga periudha e bronzit dhe hekurit.","author":"Kurt Farka","date":"September 10, 2024","format":false,"excerpt":"10 Shtator 2024 Ministria e Kultur\u00ebs, Rinis\u00eb dhe Sportit ka njoftuar p\u00ebr zbulime t\u00eb reja dhe t\u00eb r\u00ebnd\u00ebsishme arkeologjike n\u00eb lokalitetin e Hisarit n\u00eb Suharek\u00eb. G\u00ebrmimet, t\u00eb udh\u00ebhequra nga Instituti Arkeologjik i Kosov\u00ebs, kan\u00eb sjell\u00eb prova t\u00eb vazhdim\u00ebsis\u00eb s\u00eb popullsis\u00eb ilire-dardane nga periudha e bronzit dhe hekurit. Nd\u00ebr zbulimet m\u00eb\u2026","rel":"","context":"In &quot;Arte&quot;","block_context":{"text":"Arte","link":"https:\/\/www.shqiperia.com\/blog\/category\/arte\/"},"img":{"alt_text":"","src":"https:\/\/i0.wp.com\/www.shqiperia.com\/blog\/wp-content\/uploads\/2024\/09\/458979071_918174390355957_2697712988168848561_n.jpg?fit=1200%2C800&ssl=1&resize=350%2C200","width":350,"height":200,"srcset":"https:\/\/i0.wp.com\/www.shqiperia.com\/blog\/wp-content\/uploads\/2024\/09\/458979071_918174390355957_2697712988168848561_n.jpg?fit=1200%2C800&ssl=1&resize=350%2C200 1x, https:\/\/i0.wp.com\/www.shqiperia.com\/blog\/wp-content\/uploads\/2024\/09\/458979071_918174390355957_2697712988168848561_n.jpg?fit=1200%2C800&ssl=1&resize=525%2C300 1.5x, https:\/\/i0.wp.com\/www.shqiperia.com\/blog\/wp-content\/uploads\/2024\/09\/458979071_918174390355957_2697712988168848561_n.jpg?fit=1200%2C800&ssl=1&resize=700%2C400 2x, https:\/\/i0.wp.com\/www.shqiperia.com\/blog\/wp-content\/uploads\/2024\/09\/458979071_918174390355957_2697712988168848561_n.jpg?fit=1200%2C800&ssl=1&resize=1050%2C600 3x"},"classes":[]},{"id":4335,"url":"https:\/\/www.shqiperia.com\/blog\/gjetjet-arkeologjike-ne-dresnik-te-klines-vlera-te-jashtezakonshme\/","url_meta":{"origin":29606,"position":3},"title":"Gjetjet arkeologjike n\u00eb Dresnik t\u00eb Klin\u00ebs, me vlera t\u00eb jasht\u00ebzakonshme. &#8211;","author":"Kurt Farka","date":"March 4, 2018","format":false,"excerpt":"\u00a0\u2013 G\u00ebrmimet arkeologjike t\u00eb fshatin Dresnik t\u00eb Komun\u00ebs s\u00eb Klin\u00ebs, t\u00eb nisura n\u00eb vitin 2012, kan\u00eb zbuluar n\u00eb gjetje me vler\u00eb t\u00eb jasht\u00ebzakonshme arkeologjike. Ekspert\u00ebt mendojn\u00eb se b\u00ebhet fjal\u00eb p\u00ebr objekte q\u00eb i takojn\u00eb periudh\u00ebs romake. Ky zbulim konsiderohet si nga m\u00eb t\u00eb r\u00ebnd\u00ebsishmit q\u00eb ka ndodhur p\u00ebr disa dekada\u2026","rel":"","context":"In &quot;Trashegimi Kulturore&quot;","block_context":{"text":"Trashegimi Kulturore","link":"https:\/\/www.shqiperia.com\/blog\/category\/trashegimi-kulturore\/"},"img":{"alt_text":"","src":"https:\/\/i0.wp.com\/www.shqiperia.com\/blog\/wp-content\/uploads\/2018\/03\/Bazilika-ne-Dersnik-4-640x424.jpg?fit=640%2C424&ssl=1&resize=350%2C200","width":350,"height":200,"srcset":"https:\/\/i0.wp.com\/www.shqiperia.com\/blog\/wp-content\/uploads\/2018\/03\/Bazilika-ne-Dersnik-4-640x424.jpg?fit=640%2C424&ssl=1&resize=350%2C200 1x, https:\/\/i0.wp.com\/www.shqiperia.com\/blog\/wp-content\/uploads\/2018\/03\/Bazilika-ne-Dersnik-4-640x424.jpg?fit=640%2C424&ssl=1&resize=525%2C300 1.5x"},"classes":[]},{"id":30186,"url":"https:\/\/www.shqiperia.com\/blog\/arkeologji-lokaliteti-arkeologjik-i-dresnikut-kline\/","url_meta":{"origin":29606,"position":4},"title":"ARKEOLOGJI: &#8211; Lokaliteti arkeologjik i Dresnikut Kline.","author":"Kurt Farka","date":"January 10, 2020","format":false,"excerpt":"Lokaliteti arkeologjik i Dresnikut Kline. Lokaliteti arkeologjik i Dresnikut gjendet n\u00eb fshatin Dresnik i Posht\u00ebm, rreth 1.5 km n\u00eb lindje t\u00eb qytetit t\u00eb Klin\u00ebs dhe shtrihet n\u00eb mes t\u00eb fshatit dhe lumit Drini i Bardh\u00eb. Dresniku \u00ebsht\u00eb nj\u00eb prej lokaliteteve arkeologjike m\u00eb t\u00eb r\u00ebnd\u00ebsishme jo vet\u00ebm n\u00eb Kosov\u00eb por edhe\u2026","rel":"","context":"In &quot;Histori&quot;","block_context":{"text":"Histori","link":"https:\/\/www.shqiperia.com\/blog\/category\/histori\/"},"img":{"alt_text":"","src":"https:\/\/i0.wp.com\/www.shqiperia.com\/blog\/wp-content\/uploads\/2020\/01\/Arkeologji-Lokaliteti-arkeologjik-i-Dresnikut-Kline-4.jpg?fit=450%2C257&ssl=1&resize=350%2C200","width":350,"height":200},"classes":[]},{"id":76731,"url":"https:\/\/www.shqiperia.com\/blog\/gobekli-tepe-qender-arkeologjike-qe-daton-nga-mijevjecari-10-8-pes\/","url_meta":{"origin":29606,"position":5},"title":"G\u00f6bekli Tepe qend\u00ebr arkeologjike q\u00eb daton nga mij\u00ebvje\u00e7ari 10\u20138 pes.","author":"Kurt Farka","date":"December 28, 2023","format":false,"excerpt":"28 Dhjetor 2023 G\u00f6bekli Tepe \u00ebsht\u00eb n\u00eb nj\u00eb rrafshnalt\u00eb t\u00eb shesht\u00eb dhe shterp\u00eb, me nd\u00ebrtesa q\u00eb shtrihen n\u00eb t\u00eb gjitha drejtimet. N\u00eb veri, rrafshnalta \u00ebsht\u00eb e lidhur me nj\u00eb varg malesh fqinje. N\u00eb t\u00eb gjitha drejtimet e tjera, kurrizi zbret n\u00eb shpatet dhe shk\u00ebmbinjt\u00eb e pjerr\u00ebt. N\u00eb maj\u00eb t\u00eb kurrizit\u2026","rel":"","context":"In &quot;Arte&quot;","block_context":{"text":"Arte","link":"https:\/\/www.shqiperia.com\/blog\/category\/arte\/"},"img":{"alt_text":"","src":"https:\/\/i0.wp.com\/www.shqiperia.com\/blog\/wp-content\/uploads\/2023\/12\/Gobekli-Tepe-2.jpg?fit=788%2C1200&ssl=1&resize=350%2C200","width":350,"height":200,"srcset":"https:\/\/i0.wp.com\/www.shqiperia.com\/blog\/wp-content\/uploads\/2023\/12\/Gobekli-Tepe-2.jpg?fit=788%2C1200&ssl=1&resize=350%2C200 1x, https:\/\/i0.wp.com\/www.shqiperia.com\/blog\/wp-content\/uploads\/2023\/12\/Gobekli-Tepe-2.jpg?fit=788%2C1200&ssl=1&resize=525%2C300 1.5x, https:\/\/i0.wp.com\/www.shqiperia.com\/blog\/wp-content\/uploads\/2023\/12\/Gobekli-Tepe-2.jpg?fit=788%2C1200&ssl=1&resize=700%2C400 2x"},"classes":[]}],"_links":{"self":[{"href":"https:\/\/www.shqiperia.com\/blog\/wp-json\/wp\/v2\/posts\/29606","targetHints":{"allow":["GET"]}}],"collection":[{"href":"https:\/\/www.shqiperia.com\/blog\/wp-json\/wp\/v2\/posts"}],"about":[{"href":"https:\/\/www.shqiperia.com\/blog\/wp-json\/wp\/v2\/types\/post"}],"author":[{"embeddable":true,"href":"https:\/\/www.shqiperia.com\/blog\/wp-json\/wp\/v2\/users\/9"}],"replies":[{"embeddable":true,"href":"https:\/\/www.shqiperia.com\/blog\/wp-json\/wp\/v2\/comments?post=29606"}],"version-history":[{"count":3,"href":"https:\/\/www.shqiperia.com\/blog\/wp-json\/wp\/v2\/posts\/29606\/revisions"}],"predecessor-version":[{"id":29624,"href":"https:\/\/www.shqiperia.com\/blog\/wp-json\/wp\/v2\/posts\/29606\/revisions\/29624"}],"wp:featuredmedia":[{"embeddable":true,"href":"https:\/\/www.shqiperia.com\/blog\/wp-json\/wp\/v2\/media\/29607"}],"wp:attachment":[{"href":"https:\/\/www.shqiperia.com\/blog\/wp-json\/wp\/v2\/media?parent=29606"}],"wp:term":[{"taxonomy":"category","embeddable":true,"href":"https:\/\/www.shqiperia.com\/blog\/wp-json\/wp\/v2\/categories?post=29606"},{"taxonomy":"post_tag","embeddable":true,"href":"https:\/\/www.shqiperia.com\/blog\/wp-json\/wp\/v2\/tags?post=29606"}],"curies":[{"name":"wp","href":"https:\/\/api.w.org\/{rel}","templated":true}]}}