{"id":29603,"date":"2019-12-23T16:32:50","date_gmt":"2019-12-23T16:32:50","guid":{"rendered":"https:\/\/www.shqiperia.com\/blog\/?p=29603"},"modified":"2019-12-23T16:32:50","modified_gmt":"2019-12-23T16:32:50","slug":"rama-nuk-mund-te-jete-me-kryeminister-spartak-ngjela-per-mini-shengenin-bashkepunimi-misterioz-me","status":"publish","type":"post","link":"https:\/\/www.shqiperia.com\/blog\/rama-nuk-mund-te-jete-me-kryeminister-spartak-ngjela-per-mini-shengenin-bashkepunimi-misterioz-me\/","title":{"rendered":"\u201cRama nuk mund t\u00eb jet\u00eb m\u00eb kryeminist\u00ebr\u201d- Spartak Ngjela p\u00ebr \u201cMini-Shengenin\u201d: Bashk\u00ebpunimi misterioz me\u2026"},"content":{"rendered":"<p><img data-recalc-dims=\"1\" loading=\"lazy\" decoding=\"async\" data-attachment-id=\"29604\" data-permalink=\"https:\/\/www.shqiperia.com\/blog\/rama-nuk-mund-te-jete-me-kryeminister-spartak-ngjela-per-mini-shengenin-bashkepunimi-misterioz-me\/ngjela-rama-vucic-2\/\" data-orig-file=\"https:\/\/i0.wp.com\/www.shqiperia.com\/blog\/wp-content\/uploads\/2019\/12\/ngjela-rama-vucic.jpg?fit=600%2C344&amp;ssl=1\" data-orig-size=\"600,344\" data-comments-opened=\"1\" data-image-meta=\"{&quot;aperture&quot;:&quot;0&quot;,&quot;credit&quot;:&quot;&quot;,&quot;camera&quot;:&quot;&quot;,&quot;caption&quot;:&quot;&quot;,&quot;created_timestamp&quot;:&quot;0&quot;,&quot;copyright&quot;:&quot;&quot;,&quot;focal_length&quot;:&quot;0&quot;,&quot;iso&quot;:&quot;0&quot;,&quot;shutter_speed&quot;:&quot;0&quot;,&quot;title&quot;:&quot;&quot;,&quot;orientation&quot;:&quot;0&quot;}\" data-image-title=\"ngjela-rama-vucic\" data-image-description=\"\" data-image-caption=\"\" data-medium-file=\"https:\/\/i0.wp.com\/www.shqiperia.com\/blog\/wp-content\/uploads\/2019\/12\/ngjela-rama-vucic.jpg?fit=300%2C172&amp;ssl=1\" data-large-file=\"https:\/\/i0.wp.com\/www.shqiperia.com\/blog\/wp-content\/uploads\/2019\/12\/ngjela-rama-vucic.jpg?fit=600%2C344&amp;ssl=1\" class=\"alignnone  wp-image-29604\" alt=\"\" src=\"https:\/\/i0.wp.com\/www.shqiperia.com\/blog\/wp-content\/uploads\/2019\/12\/ngjela-rama-vucic.jpg?resize=555%2C318&#038;ssl=1\" width=\"555\" height=\"318\" srcset=\"https:\/\/i0.wp.com\/www.shqiperia.com\/blog\/wp-content\/uploads\/2019\/12\/ngjela-rama-vucic.jpg?resize=300%2C172&amp;ssl=1 300w, https:\/\/i0.wp.com\/www.shqiperia.com\/blog\/wp-content\/uploads\/2019\/12\/ngjela-rama-vucic.jpg?resize=450%2C258&amp;ssl=1 450w, https:\/\/i0.wp.com\/www.shqiperia.com\/blog\/wp-content\/uploads\/2019\/12\/ngjela-rama-vucic.jpg?resize=400%2C229&amp;ssl=1 400w, https:\/\/i0.wp.com\/www.shqiperia.com\/blog\/wp-content\/uploads\/2019\/12\/ngjela-rama-vucic.jpg?w=600&amp;ssl=1 600w\" sizes=\"auto, (max-width: 555px) 100vw, 555px\" \/><\/p>\n<p>\u201cRama nuk mund t\u00eb jet\u00eb m\u00eb kryeminist\u00ebr\u201d- Spartak Ngjela p\u00ebr \u201cMini-Shengenin\u201d: Bashk\u00ebpunimi misterioz me\u2026<\/p>\n<p><em>23 dhjetor 2019<\/em><\/p>\n<p><strong>Nga Spartak Ngjela<\/strong><\/p>\n<p>Pas skandalit antishqiptar n\u00eb bashk\u00ebpunim misterioz me vras\u00ebsit serb\u00eb t\u00eb shqiptar\u00ebve, Edi Rama nuk mund t\u00eb jet\u00eb m\u00eb kryeministri i Shqip\u00ebris\u00eb.<\/p>\n<p>Q\u00ebndresa e politik\u00ebs kosovare dhe vet\u00eb q\u00ebndresa e opinionit publik kosovar, kund\u00ebr Edi Ram\u00ebs, mund ta shp\u00ebtojn\u00eb t\u00eb gjith\u00eb bot\u00ebn shqiptare n\u00eb Ballkanin Per\u00ebndimor nga nj\u00eb kryeminist\u00ebr antikomb\u00ebtar.<\/p>\n<ol>\n<li>N\u00ebse Partia Socialiste e ka l\u00ebshuar k\u00ebt\u00eb birbo q\u00eb me politik\u00eb antishqiptare t\u00eb shp\u00ebtoj\u00eb dhjet\u00eb t\u00eb korruptuarit e m\u00ebdhenj t\u00eb Shqip\u00ebris\u00eb, gabohet, sepse as Rama e as ata t\u00eb dhjet\u00eb nuk kan\u00eb shp\u00ebtim.<\/li>\n<\/ol>\n<p>Degradimi i nj\u00eb kryeministri t\u00eb trembur q\u00eb k\u00ebrkon t\u00eb shkat\u00ebrroj\u00eb shtetin shqiptar, duhet neutralizuar menj\u00ebher\u00eb. N\u00ebse Partia Socialiste nuk e kupton k\u00ebt\u00eb, do t\u00eb d\u00ebmtohet shum\u00eb r\u00ebnd\u00eb.<\/p>\n<p>Dhe tjetra: urrejtja q\u00eb po tregon opinioni publik i Kosov\u00ebs kund\u00ebr tradh\u00ebtis\u00eb antishqiptare t\u00eb Edi Ram\u00ebs, nuk mund ta lejoj\u00eb m\u00eb k\u00ebt\u00eb krijes\u00eb pa atdhe q\u00eb t\u00eb vijoj\u00eb t\u00eb jet\u00eb kryeminist\u00ebr i Shqip\u00ebris\u00eb.<\/p>\n<ol start=\"2\">\n<li>Si\u00e7 duket jemi n\u00eb t\u00eb nj\u00ebjtin regjist\u00ebr politik: Ahmet Zogu dhunoi Shqip\u00ebrin\u00eb iluministe me hordhit\u00eb serbo-ruse, erdhi n\u00eb pushtet me ta, dhe shiti Kosov\u00ebn; Enver Hoxha erdhi n\u00eb pushtet si pjell\u00eb jugosllave duke tradh\u00ebtuar patriotizmin nacionalist kosovar; kurse Edi Rama po k\u00ebrkon q\u00eb, po me Beogradin, t\u00eb garantoj\u00eb pushtetin e tij korruptiv duke shitur edhe ky \u00e7\u00ebshtjen e Kosov\u00ebs.<\/li>\n<\/ol>\n<p>Por tani ka d\u00ebshtuar: politika e Kosov\u00ebs e kapi dredhin\u00eb e tij, dhe sigurisht q\u00eb po e denoncon. A mund t\u00eb rrij\u00eb kryeminist\u00ebr i Shqip\u00ebris\u00eb nj\u00eb person i cili \u00ebsht\u00eb shpallur nga kosovar\u00ebt armik i Kosov\u00ebs?<\/p>\n<p>Por, n\u00ebse ata dy t\u00eb par\u00ebt, Ahmet Zogun dhe Enver Hoxh\u00ebn, shqiptar\u00ebt nuk i kap\u00ebn dot, k\u00ebt\u00eb t\u00eb fundit duhet ta kapin si nj\u00eb cop\u00eb rreck\u00eb e ta flakin n\u00eb duart e drejt\u00ebsis\u00eb.<\/p>\n<p>Gazeta Panorama<\/p>\n","protected":false},"excerpt":{"rendered":"<p>\u201cRama nuk mund t\u00eb jet\u00eb m\u00eb kryeminist\u00ebr\u201d- Spartak Ngjela p\u00ebr \u201cMini-Shengenin\u201d: Bashk\u00ebpunimi misterioz me\u2026 23 dhjetor 2019 Nga Spartak Ngjela Pas skandalit antishqiptar n\u00eb bashk\u00ebpunim misterioz me vras\u00ebsit serb\u00eb t\u00eb shqiptar\u00ebve, Edi Rama nuk mund t\u00eb jet\u00eb m\u00eb kryeministri i Shqip\u00ebris\u00eb. Q\u00ebndresa e politik\u00ebs kosovare dhe vet\u00eb q\u00ebndresa e opinionit publik kosovar, kund\u00ebr Edi Ram\u00ebs, [&hellip;]<\/p>\n","protected":false},"author":9,"featured_media":29604,"comment_status":"open","ping_status":"open","sticky":false,"template":"","format":"standard","meta":{"jetpack_post_was_ever_published":false,"_jetpack_newsletter_access":"","_jetpack_dont_email_post_to_subs":false,"_jetpack_newsletter_tier_id":0,"_jetpack_memberships_contains_paywalled_content":false,"_jetpack_memberships_contains_paid_content":false,"footnotes":"","jetpack_publicize_message":"","jetpack_publicize_feature_enabled":true,"jetpack_social_post_already_shared":true,"jetpack_social_options":{"image_generator_settings":{"template":"highway","default_image_id":0,"font":"","enabled":false},"version":2}},"categories":[27,35],"tags":[],"class_list":["post-29603","post","type-post","status-publish","format-standard","has-post-thumbnail","hentry","category-blogu-i-udhetarit","category-shoqerore"],"jetpack_publicize_connections":[],"jetpack_featured_media_url":"https:\/\/i0.wp.com\/www.shqiperia.com\/blog\/wp-content\/uploads\/2019\/12\/ngjela-rama-vucic.jpg?fit=600%2C344&ssl=1","jetpack_sharing_enabled":true,"jetpack_shortlink":"https:\/\/wp.me\/p5Z6wp-7Ht","jetpack-related-posts":[{"id":52646,"url":"https:\/\/www.shqiperia.com\/blog\/nga-sot-rama-nuk-eshte-kryeminister-spartak-ngjela-i-ka-rene-shteti-dhe-duhet-te-jape-doreheqjen-ska-siguruar-jeten-ekonomike-te-qytetareve-te-tij\/","url_meta":{"origin":29603,"position":0},"title":"\u201cNga sot Rama nuk \u00ebsht\u00eb kryeminist\u00ebr\u201d. Spartak Ngjela: &#8211; I ka r\u00ebn\u00eb shteti dhe duhet t\u00eb jap\u00eb dor\u00ebheqjen! S\u2019ka siguruar jet\u00ebn ekonomike t\u00eb qytetar\u00ebve t\u00eb tij","author":"Kurt Farka","date":"December 23, 2021","format":false,"excerpt":"\u201cNga sot Rama nuk \u00ebsht\u00eb kryeminist\u00ebr\u201d. Spartak Ngjela: - I ka r\u00ebn\u00eb shteti dhe duhet t\u00eb jap\u00eb dor\u00ebheqjen! S\u2019ka siguruar jet\u00ebn ekonomike t\u00eb qytetar\u00ebve t\u00eb tij 23 dhjetor \u00a02021 Reagimi i Spartak Ngjel\u00ebs Sapo d\u00ebgjova konferenc\u00ebn e shtypit t\u00eb kryeministrit t\u00eb Shqip\u00ebris\u00eb. Flet sikur t\u00eb jet\u00eb nj\u00eb njeri i thjesht\u00eb\u2026","rel":"","context":"In &quot;Politika&quot;","block_context":{"text":"Politika","link":"https:\/\/www.shqiperia.com\/blog\/category\/politika\/"},"img":{"alt_text":"","src":"https:\/\/i0.wp.com\/www.shqiperia.com\/blog\/wp-content\/uploads\/2021\/12\/Edi-Rama-1.jpg?fit=770%2C433&ssl=1&resize=350%2C200","width":350,"height":200,"srcset":"https:\/\/i0.wp.com\/www.shqiperia.com\/blog\/wp-content\/uploads\/2021\/12\/Edi-Rama-1.jpg?fit=770%2C433&ssl=1&resize=350%2C200 1x, https:\/\/i0.wp.com\/www.shqiperia.com\/blog\/wp-content\/uploads\/2021\/12\/Edi-Rama-1.jpg?fit=770%2C433&ssl=1&resize=525%2C300 1.5x, https:\/\/i0.wp.com\/www.shqiperia.com\/blog\/wp-content\/uploads\/2021\/12\/Edi-Rama-1.jpg?fit=770%2C433&ssl=1&resize=700%2C400 2x"},"classes":[]},{"id":38576,"url":"https:\/\/www.shqiperia.com\/blog\/turp-cjane-keta-bastarde-spartak-ngjela-kap-detajin-juridik-ne-ceshtjen-e-nxehte-te-detit-me-greqine-dhe-i-drejton-thirrjen-urgjente-rames-te-terhiqet-sa-me-pare\/","url_meta":{"origin":29603,"position":1},"title":"\u201cTurp! \u00c7\u2019jan\u00eb k\u00ebta bastard\u00eb?!\u201d, Spartak Ngjela kap detajin juridik n\u00eb \u00e7\u00ebshtjen &#8216;e nxeht\u00eb&#8217; t\u00eb detit me Greqin\u00eb dhe i drejton thirrjen urgjente Ram\u00ebs: T\u00eb t\u00ebrhiqet sa m\u00eb par\u00eb!","author":"Kurt Farka","date":"September 18, 2020","format":false,"excerpt":"\u201cTurp! \u00c7\u2019jan\u00eb k\u00ebta bastard\u00eb?!\u201d, Spartak Ngjela kap detajin juridik n\u00eb \u00e7\u00ebshtjen 'e nxeht\u00eb' t\u00eb detit me Greqin\u00eb dhe i drejton thirrjen urgjente Ram\u00ebs: T\u00eb t\u00ebrhiqet sa m\u00eb par\u00eb! 18 SHTATOR 2020 Avokat Spartak Ngjela ka reaguar p\u00ebrmes nj\u00eb statusi n\u00eb rrjetet sociale p\u00ebr deklarat\u00ebn e kryeministrit Rama se \u00e7\u00ebshtja e\u2026","rel":"","context":"In &quot;Blogu i Udh\u00ebtarit&quot;","block_context":{"text":"Blogu i Udh\u00ebtarit","link":"https:\/\/www.shqiperia.com\/blog\/category\/blogu-i-udhetarit\/"},"img":{"alt_text":"","src":"https:\/\/i0.wp.com\/www.shqiperia.com\/blog\/wp-content\/uploads\/2020\/09\/800-0-5f64746846df5.jpg?fit=800%2C492&ssl=1&resize=350%2C200","width":350,"height":200,"srcset":"https:\/\/i0.wp.com\/www.shqiperia.com\/blog\/wp-content\/uploads\/2020\/09\/800-0-5f64746846df5.jpg?fit=800%2C492&ssl=1&resize=350%2C200 1x, https:\/\/i0.wp.com\/www.shqiperia.com\/blog\/wp-content\/uploads\/2020\/09\/800-0-5f64746846df5.jpg?fit=800%2C492&ssl=1&resize=525%2C300 1.5x, https:\/\/i0.wp.com\/www.shqiperia.com\/blog\/wp-content\/uploads\/2020\/09\/800-0-5f64746846df5.jpg?fit=800%2C492&ssl=1&resize=700%2C400 2x"},"classes":[]},{"id":75623,"url":"https:\/\/www.shqiperia.com\/blog\/spartak-ngjela-rama-mendon-meqe-eshte-kryeminister-e-ka-prone-te-tij-shqiperine\/","url_meta":{"origin":29603,"position":2},"title":"Spartak Ngjela: &#8211; Rama mendon meq\u00eb \u00ebsht\u00eb kryeminist\u00ebr, e ka pron\u00eb t\u00eb tij Shqip\u00ebrin\u00eb","author":"Kurt Farka","date":"November 16, 2023","format":false,"excerpt":"16 Nentor 2023 Marr\u00ebveshja mes kryeministrit Edi Rama dhe homologes s\u00eb tij italiane Georgia Meloni p\u00ebr sjelljen e emigrant\u00ebve t\u00eb paligjsh\u00ebm n\u00eb Lezh\u00eb. Avokati Spartak Ngjela ka deklaruar n\u00eb Euronews Albania se kjo marr\u00ebveshje nuk do t\u00eb b\u00ebhej n\u00ebse Shqip\u00ebria do t\u00eb merrte qira nga Italia p\u00ebr territorin q\u00eb do\u2026","rel":"","context":"In &quot;Blogu i Udh\u00ebtarit&quot;","block_context":{"text":"Blogu i Udh\u00ebtarit","link":"https:\/\/www.shqiperia.com\/blog\/category\/blogu-i-udhetarit\/"},"img":{"alt_text":"","src":"https:\/\/i0.wp.com\/www.shqiperia.com\/blog\/wp-content\/uploads\/2023\/11\/ngjela-770x433-1.jpg?fit=770%2C433&ssl=1&resize=350%2C200","width":350,"height":200,"srcset":"https:\/\/i0.wp.com\/www.shqiperia.com\/blog\/wp-content\/uploads\/2023\/11\/ngjela-770x433-1.jpg?fit=770%2C433&ssl=1&resize=350%2C200 1x, https:\/\/i0.wp.com\/www.shqiperia.com\/blog\/wp-content\/uploads\/2023\/11\/ngjela-770x433-1.jpg?fit=770%2C433&ssl=1&resize=525%2C300 1.5x, https:\/\/i0.wp.com\/www.shqiperia.com\/blog\/wp-content\/uploads\/2023\/11\/ngjela-770x433-1.jpg?fit=770%2C433&ssl=1&resize=700%2C400 2x"},"classes":[]},{"id":63229,"url":"https:\/\/www.shqiperia.com\/blog\/spartak-ngjela-nuk-permbahet-ndaj-edi-rames-nje-kryeminister\/","url_meta":{"origin":29603,"position":3},"title":"Spartak Ngjela nuk p\u00ebrmbahet ndaj Edi Ram\u00ebs: &#8211; Nj\u00eb kryeminist\u00ebr &#8230;","author":"Kurt Farka","date":"October 12, 2022","format":false,"excerpt":"12 Tetor 2022 \"Ky \u00ebsht\u00eb nj\u00eb turp historik. Nj\u00eb kryeminist\u00ebr q\u00eb e l\u00eb gjendjen k\u00ebshtu, ose \u00ebsht\u00eb nj\u00eb kryeminist\u00ebr rryp kaishi, q\u00eb s'di asgj\u00eb, ose \u00ebsht\u00eb bashk\u00ebautor n\u00eb d\u00ebmtimin dhe keqtrajtimin e shqiptar\u00ebve me zjarrv\u00ebn\u00ebsit shekullor\u00eb t\u00eb Shqip\u00ebris\u00eb dhe shqiptar\u00ebve\". Avokati Spartak Ngjela n\u00eb nj\u00eb reagim n\u00eb rrjetet sociale ka\u2026","rel":"","context":"In &quot;Blogu i Udh\u00ebtarit&quot;","block_context":{"text":"Blogu i Udh\u00ebtarit","link":"https:\/\/www.shqiperia.com\/blog\/category\/blogu-i-udhetarit\/"},"img":{"alt_text":"","src":"https:\/\/i0.wp.com\/www.shqiperia.com\/blog\/wp-content\/uploads\/2022\/10\/Spartak-Ngjela.jpg?fit=800%2C492&ssl=1&resize=350%2C200","width":350,"height":200,"srcset":"https:\/\/i0.wp.com\/www.shqiperia.com\/blog\/wp-content\/uploads\/2022\/10\/Spartak-Ngjela.jpg?fit=800%2C492&ssl=1&resize=350%2C200 1x, https:\/\/i0.wp.com\/www.shqiperia.com\/blog\/wp-content\/uploads\/2022\/10\/Spartak-Ngjela.jpg?fit=800%2C492&ssl=1&resize=525%2C300 1.5x, https:\/\/i0.wp.com\/www.shqiperia.com\/blog\/wp-content\/uploads\/2022\/10\/Spartak-Ngjela.jpg?fit=800%2C492&ssl=1&resize=700%2C400 2x"},"classes":[]},{"id":28037,"url":"https:\/\/www.shqiperia.com\/blog\/spartak-ngjela-shba-do-e-flakin-ramen-si-lecke-u-rreshtua-me-pro-serbet-kunder-kosoves\/","url_meta":{"origin":29603,"position":4},"title":"Spartak Ngjela: SHBA do e flakin Ram\u00ebn si leck\u00eb, u rreshtua me pro serb\u00ebt kund\u00ebr Kosov\u00ebs. &#8211;","author":"Kurt Farka","date":"November 13, 2019","format":false,"excerpt":"Spartak Ngjela: SHBA do e flakin Ram\u00ebn si leck\u00eb, u rreshtua me pro serb\u00ebt kund\u00ebr Kosov\u00ebs 11 Nentor, 2019 Avokati Spartak Ngjela ka kritikuar ashp\u00ebr q\u00ebndrimin e kryeministrit Edi Rama p\u00ebr izolimin e Kosov\u00ebs nga marr\u00ebveshjet rajonale. Duke u ndalur n\u00eb takimin e Oh\u00ebrit, ku Edi Rama sulmoi drejtuesit e\u2026","rel":"","context":"In &quot;Blogu i Udh\u00ebtarit&quot;","block_context":{"text":"Blogu i Udh\u00ebtarit","link":"https:\/\/www.shqiperia.com\/blog\/category\/blogu-i-udhetarit\/"},"img":{"alt_text":"","src":"https:\/\/i0.wp.com\/www.shqiperia.com\/blog\/wp-content\/uploads\/2019\/11\/ngjela-rama-.jpg?fit=863%2C432&ssl=1&resize=350%2C200","width":350,"height":200,"srcset":"https:\/\/i0.wp.com\/www.shqiperia.com\/blog\/wp-content\/uploads\/2019\/11\/ngjela-rama-.jpg?fit=863%2C432&ssl=1&resize=350%2C200 1x, https:\/\/i0.wp.com\/www.shqiperia.com\/blog\/wp-content\/uploads\/2019\/11\/ngjela-rama-.jpg?fit=863%2C432&ssl=1&resize=525%2C300 1.5x, https:\/\/i0.wp.com\/www.shqiperia.com\/blog\/wp-content\/uploads\/2019\/11\/ngjela-rama-.jpg?fit=863%2C432&ssl=1&resize=700%2C400 2x"},"classes":[]},{"id":74385,"url":"https:\/\/www.shqiperia.com\/blog\/spartak-ngjela-si-mund-te-le-nje-stacion-shqiptar-qe-thote-shqiptaret-nuk-dihet-nga-kane-ardhur\/","url_meta":{"origin":29603,"position":5},"title":"Spartak Ngjela: &#8211; Si mund t\u00eb l\u00eb nj\u00eb stacion shqiptar q\u00eb thot\u00eb shqiptar\u00ebt nuk dihet nga kan\u00eb ardhur.","author":"Kurt Farka","date":"September 21, 2023","format":false,"excerpt":"21 Shtator 2023 \"... Si mund t\u2019i lejoj un\u00eb t\u00eb g\u00ebnjejn\u00eb p\u00ebr historin\u00eb e Shqip\u00ebris\u00eb, si mund t\u00eb l\u00eb nj\u00eb stacion shqiptar q\u00eb thot\u00eb shqiptar\u00ebt nuk dihet nga kan\u00eb ardhur\". Avokati Spartak Ngjela i ftuar n\u00eb Dritare TV, i ka k\u00ebrkuar kryeministrit Edi Rama q\u00eb t\u2019i heq\u00eb licenc\u00ebn televizioneve q\u00eb\u2026","rel":"","context":"In &quot;Blogu i Udh\u00ebtarit&quot;","block_context":{"text":"Blogu i Udh\u00ebtarit","link":"https:\/\/www.shqiperia.com\/blog\/category\/blogu-i-udhetarit\/"},"img":{"alt_text":"","src":"https:\/\/i0.wp.com\/www.shqiperia.com\/blog\/wp-content\/uploads\/2023\/09\/images-3.jpg?resize=350%2C200&ssl=1","width":350,"height":200,"srcset":"https:\/\/i0.wp.com\/www.shqiperia.com\/blog\/wp-content\/uploads\/2023\/09\/images-3.jpg?resize=350%2C200&ssl=1 1x, https:\/\/i0.wp.com\/www.shqiperia.com\/blog\/wp-content\/uploads\/2023\/09\/images-3.jpg?resize=525%2C300&ssl=1 1.5x"},"classes":[]}],"_links":{"self":[{"href":"https:\/\/www.shqiperia.com\/blog\/wp-json\/wp\/v2\/posts\/29603","targetHints":{"allow":["GET"]}}],"collection":[{"href":"https:\/\/www.shqiperia.com\/blog\/wp-json\/wp\/v2\/posts"}],"about":[{"href":"https:\/\/www.shqiperia.com\/blog\/wp-json\/wp\/v2\/types\/post"}],"author":[{"embeddable":true,"href":"https:\/\/www.shqiperia.com\/blog\/wp-json\/wp\/v2\/users\/9"}],"replies":[{"embeddable":true,"href":"https:\/\/www.shqiperia.com\/blog\/wp-json\/wp\/v2\/comments?post=29603"}],"version-history":[{"count":1,"href":"https:\/\/www.shqiperia.com\/blog\/wp-json\/wp\/v2\/posts\/29603\/revisions"}],"predecessor-version":[{"id":29605,"href":"https:\/\/www.shqiperia.com\/blog\/wp-json\/wp\/v2\/posts\/29603\/revisions\/29605"}],"wp:featuredmedia":[{"embeddable":true,"href":"https:\/\/www.shqiperia.com\/blog\/wp-json\/wp\/v2\/media\/29604"}],"wp:attachment":[{"href":"https:\/\/www.shqiperia.com\/blog\/wp-json\/wp\/v2\/media?parent=29603"}],"wp:term":[{"taxonomy":"category","embeddable":true,"href":"https:\/\/www.shqiperia.com\/blog\/wp-json\/wp\/v2\/categories?post=29603"},{"taxonomy":"post_tag","embeddable":true,"href":"https:\/\/www.shqiperia.com\/blog\/wp-json\/wp\/v2\/tags?post=29603"}],"curies":[{"name":"wp","href":"https:\/\/api.w.org\/{rel}","templated":true}]}}