{"id":29600,"date":"2019-12-23T16:02:35","date_gmt":"2019-12-23T16:02:35","guid":{"rendered":"https:\/\/www.shqiperia.com\/blog\/?p=29600"},"modified":"2019-12-23T16:02:35","modified_gmt":"2019-12-23T16:02:35","slug":"intervista-e-2017-vucic-plani-yne-eshte-jugosllavia-plus-shqiperine","status":"publish","type":"post","link":"https:\/\/www.shqiperia.com\/blog\/intervista-e-2017-vucic-plani-yne-eshte-jugosllavia-plus-shqiperine\/","title":{"rendered":"Intervista e 2017, Vu\u00e7i\u00e7: &#8211; Plani yn\u00eb \u00ebsht\u00eb Jugosllavia plus Shqip\u00ebrin\u00eb"},"content":{"rendered":"<p><img data-recalc-dims=\"1\" loading=\"lazy\" decoding=\"async\" data-attachment-id=\"29601\" data-permalink=\"https:\/\/www.shqiperia.com\/blog\/intervista-e-2017-vucic-plani-yne-eshte-jugosllavia-plus-shqiperine\/serbia-750x375-1-905x450\/\" data-orig-file=\"https:\/\/i0.wp.com\/www.shqiperia.com\/blog\/wp-content\/uploads\/2019\/12\/serbia-750x375-1-905x450-1.jpg?fit=905%2C450&amp;ssl=1\" data-orig-size=\"905,450\" data-comments-opened=\"1\" data-image-meta=\"{&quot;aperture&quot;:&quot;0&quot;,&quot;credit&quot;:&quot;&quot;,&quot;camera&quot;:&quot;&quot;,&quot;caption&quot;:&quot;&quot;,&quot;created_timestamp&quot;:&quot;0&quot;,&quot;copyright&quot;:&quot;&quot;,&quot;focal_length&quot;:&quot;0&quot;,&quot;iso&quot;:&quot;0&quot;,&quot;shutter_speed&quot;:&quot;0&quot;,&quot;title&quot;:&quot;&quot;,&quot;orientation&quot;:&quot;0&quot;}\" data-image-title=\"serbia-750&#215;375-1-905&#215;450\" data-image-description=\"\" data-image-caption=\"\" data-medium-file=\"https:\/\/i0.wp.com\/www.shqiperia.com\/blog\/wp-content\/uploads\/2019\/12\/serbia-750x375-1-905x450-1.jpg?fit=300%2C149&amp;ssl=1\" data-large-file=\"https:\/\/i0.wp.com\/www.shqiperia.com\/blog\/wp-content\/uploads\/2019\/12\/serbia-750x375-1-905x450-1.jpg?fit=905%2C450&amp;ssl=1\" class=\"alignnone  wp-image-29601\" alt=\"\" src=\"https:\/\/i0.wp.com\/www.shqiperia.com\/blog\/wp-content\/uploads\/2019\/12\/serbia-750x375-1-905x450-1.jpg?resize=519%2C258&#038;ssl=1\" width=\"519\" height=\"258\" srcset=\"https:\/\/i0.wp.com\/www.shqiperia.com\/blog\/wp-content\/uploads\/2019\/12\/serbia-750x375-1-905x450-1.jpg?resize=300%2C149&amp;ssl=1 300w, https:\/\/i0.wp.com\/www.shqiperia.com\/blog\/wp-content\/uploads\/2019\/12\/serbia-750x375-1-905x450-1.jpg?resize=768%2C382&amp;ssl=1 768w, https:\/\/i0.wp.com\/www.shqiperia.com\/blog\/wp-content\/uploads\/2019\/12\/serbia-750x375-1-905x450-1.jpg?resize=450%2C224&amp;ssl=1 450w, https:\/\/i0.wp.com\/www.shqiperia.com\/blog\/wp-content\/uploads\/2019\/12\/serbia-750x375-1-905x450-1.jpg?resize=600%2C298&amp;ssl=1 600w, https:\/\/i0.wp.com\/www.shqiperia.com\/blog\/wp-content\/uploads\/2019\/12\/serbia-750x375-1-905x450-1.jpg?resize=400%2C199&amp;ssl=1 400w, https:\/\/i0.wp.com\/www.shqiperia.com\/blog\/wp-content\/uploads\/2019\/12\/serbia-750x375-1-905x450-1.jpg?w=905&amp;ssl=1 905w\" sizes=\"auto, (max-width: 519px) 100vw, 519px\" \/><\/p>\n<p><strong>Intervista e 2017, Vu\u00e7i\u00e7: &#8211; Plani yn\u00eb \u00ebsht\u00eb Jugosllavia plus Shqip\u00ebrin\u00eb<\/strong><\/p>\n<p>23 dhjetor \u00a02019<\/p>\n<p>Ajo q\u00eb ndodhi n\u00eb Tiran\u00eb, n\u00eb Samitin e tret\u00eb t\u00eb Shengenit Ballkanik u vesh nj\u00ebher\u00eb me petk amerikan dhe nj\u00ebher\u00eb me petk gjerman.<\/p>\n<p>Por t\u00eb kund\u00ebrt\u00ebn e k\u00ebsaj e tregon intervista e par\u00eb e Aleksand\u00ebr Vu\u00e7i\u00e7 pasi fitoi zgjedhjet.<\/p>\n<p>P\u00ebr nj\u00eb media nd\u00ebrkomb\u00ebtare ai deklaroi se q\u00eb para Samitit t\u00eb Triestes do ta propozonte k\u00ebt\u00eb plan dhe si\u00e7 e p\u00ebrkufizoi ai \u00ebsht\u00eb\u00a0 \u201cJugosllavia+Shqip\u00ebrin\u00eb.\u201d<\/p>\n<p>M\u00eb posht\u00eb po japim intervist\u00ebn e Vu\u00e7i\u00e7 dh\u00ebn\u00eb p\u00ebr Politico.eu.<\/p>\n<p><strong>Plani serb p\u00ebr te risjell\u00eb Jugosllavin\u00eb<\/strong><\/p>\n<p>N\u00eb nj\u00eb intervist\u00eb t\u00eb tij p\u00ebr median nd\u00ebrkomb\u00ebtare Politico.eu, presidenti i sapo zgjedhur i Serbis\u00eb jep nj\u00eb intervist\u00eb p\u00ebr t\u00eb shpjeguar planet e platform\u00ebn e tij.<\/p>\n<p>N\u00eb k\u00ebt\u00eb interviste ai shpjegon se \u00ebsht\u00eb objektivi i tij t\u00eb forconte lidhjet tregtare me vendet e Ballkanit Per\u00ebndimor duke theksuar se sipas tij, lidhjet e forta ekonomike do t\u00eb jen\u00eb ato q\u00eb do t\u00eb tejkalojn\u00eb tensionet rajonale, sidomos me Bosnj\u00eb-Hercegovin\u00ebn q\u00eb sipas tij \u00ebsht\u00eb nj\u00eb fu\u00e7i barbuti.<\/p>\n<p>Vu\u00e7i\u00e7 i shpjegoj Politiko.eu n\u00eb k\u00ebt\u00eb intervist\u00eb t\u00eb par\u00eb q\u00eb ai do te dyfishonte p\u00ebrpjekjet p\u00ebr t\u00eb krijuar nj\u00eb zon\u00eb t\u00eb tregtis\u00eb s\u00eb lir\u00eb pak a shume n\u00eb form\u00ebn e ish Jugosllavis\u00eb, duke p\u00ebrfshir\u00eb k\u00ebtu investime t\u00eb r\u00ebnd\u00ebsishme si\u00e7 \u00ebsht\u00eb ajo e autostrad\u00ebs midis Beogradit e Sarajev\u00ebs .<\/p>\n<p><em>\u201cN\u00ebse vendet e tjera do t\u00eb ishin dakord me k\u00ebt\u00eb ide, do t\u00eb krijohej nj\u00eb treg me 20 milion njer\u00ebz . Ky \u00ebsht\u00eb nj\u00eb treg shum\u00eb atraktiv dhe do t\u00eb t\u00ebrhiqte shum\u00eb investitor\u00eb\u201d.<\/em><\/p>\n<p>K\u00ebshtu u shpreh ai ne zyr\u00ebn e tij ne Beograd midis koh\u00ebs q\u00eb kishte nga takimi me ambasadorin gjerman dhe telefonat\u00ebs me Sekretarin e Jasht\u00ebm Britanik Boris Jonson .<\/p>\n<p>Vu\u00e7i\u00e7 dhe partia e tij fitoi zgjedhjet me 55 perqind t\u00eb votave dhe konfidenca q\u00eb vinte nga kjo fitore ishte e dukshme .<\/p>\n<p>Por n\u00eb t\u00eb gjith\u00eb vendin pati protesta p\u00ebr k\u00ebt\u00eb \u00e7\u00ebshtje lidhur me m\u00ebnyr\u00ebn me te cil\u00ebn ai kishte mbytur fjal\u00ebn e lir\u00eb.<\/p>\n<p>Pavar\u00ebsisht nga nj\u00eb lloj entuziazmi p\u00ebr ket\u00eb \u00e7\u00ebshtje\u00a0 t\u00eb nj\u00eb tregu t\u00eb lir\u00eb n\u00eb form\u00ebn e ish Jugosllavis\u00eb dhe benefiteve q\u00eb mund t\u00eb ket\u00eb prej saj , edhe pse BE dhe Gjermania mund ta mb\u00ebshtesin, n\u00eb Europ\u00eb e Washington ka shqet\u00ebsime lidhur me forca t\u00eb tjera t\u00eb jashtme q\u00eb mund t\u00eb nd\u00ebrhyjn\u00eb e t\u00eb p\u00ebrfitojn\u00eb si\u00e7 \u00ebsht\u00eb Rusia e Turqia, t\u00eb cilat mund t\u00eb bashk\u00ebpunojn\u00eb pas loj\u00ebrave p\u00ebr t\u00eb destabilizuar rajonin .<\/p>\n<p>Edhe pse e konsideron nj\u00eb sfid\u00eb bindjen e vendeve t\u00eb tjera, Vu\u00e7i\u00e7 q\u00eb \u00ebsht\u00eb dhe lideri dominant i k\u00ebsaj zone, \u00ebsht\u00eb konfident\u00a0 q\u00eb \u00e7\u00ebshtjet e nj\u00eb p\u00ebrfitimi ekonomik do te tejkalojn\u00eb \u00e7do \u00e7\u00ebshtje tjet\u00ebr dhe ky projekt te prezantohet dhe me ndihmen e BE n\u00eb Samitin e Triestes.<\/p>\n<p>Edhe pse Bosnja, Shqip\u00ebria, Maqedonia, Mali i Zi, Kosova e Serbia bashk\u00ebpunojn\u00eb brenda korniz\u00ebs s\u00eb marr\u00ebveshjes s\u00eb Tregtis\u00eb s\u00eb Lir\u00eb t\u00eb Evrop\u00ebs Qendrore, s\u00ebrisht Vu\u00e7i\u00e7 mendon q\u00eb nj\u00eb bashk\u00ebpunim m\u00eb i thelle do t\u00eb ket\u00eb benefite m\u00eb t\u00eb m\u00ebdha.<\/p>\n<p>Sipas tij, sidomos n\u00eb fush\u00ebn e infrastruktur\u00ebs mund t\u00eb b\u00ebhet shum\u00eb.<\/p>\n<p>Ai shpjegon n\u00eb harte se nd\u00ebrtimi i autostrad\u00ebs\u00a0 Beograd-Sarajeve\u2013Prishtin\u00eb, jo vet\u00ebm do t\u00eb shkurtonte koh\u00ebn nga pes\u00eb n\u00eb tre, por do t\u00eb sillte pran\u00eb dhe grupet etnike.<\/p>\n<p><em>\u201c\u00cbsht\u00eb Jugosllavia e vjet\u00ebr plus Shqip\u00ebrin\u00eb. \u00cbsht\u00eb nj\u00eb ide, politike por pa d\u00ebmtuar sovranitetin e tyre. Do t\u2019i jepte shum\u00eb hov ekonomive tona\u201d,\u00a0<\/em>tha ai.<\/p>\n<p>Artikulli origjinal :\u00a0<a href=\"https:\/\/www.politico.eu\/article\/for-serbias-vucic-road-to-eu-runs-through-balkans\/\">https:\/\/www.politico.eu\/article\/for-serbias-vucic-road-to-eu-runs-through-balkans\/<\/a><\/p>\n<p><em>j.l.\/ dita<\/em><\/p>\n","protected":false},"excerpt":{"rendered":"<p>Intervista e 2017, Vu\u00e7i\u00e7: &#8211; Plani yn\u00eb \u00ebsht\u00eb Jugosllavia plus Shqip\u00ebrin\u00eb 23 dhjetor \u00a02019 Ajo q\u00eb ndodhi n\u00eb Tiran\u00eb, n\u00eb Samitin e tret\u00eb t\u00eb Shengenit Ballkanik u vesh nj\u00ebher\u00eb me petk amerikan dhe nj\u00ebher\u00eb me petk gjerman. Por t\u00eb kund\u00ebrt\u00ebn e k\u00ebsaj e tregon intervista e par\u00eb e Aleksand\u00ebr Vu\u00e7i\u00e7 pasi fitoi zgjedhjet. P\u00ebr nj\u00eb [&hellip;]<\/p>\n","protected":false},"author":9,"featured_media":29601,"comment_status":"open","ping_status":"open","sticky":false,"template":"","format":"standard","meta":{"jetpack_post_was_ever_published":false,"_jetpack_newsletter_access":"","_jetpack_dont_email_post_to_subs":false,"_jetpack_newsletter_tier_id":0,"_jetpack_memberships_contains_paywalled_content":false,"_jetpack_memberships_contains_paid_content":false,"footnotes":"","jetpack_publicize_message":"","jetpack_publicize_feature_enabled":true,"jetpack_social_post_already_shared":true,"jetpack_social_options":{"image_generator_settings":{"template":"highway","default_image_id":0,"font":"","enabled":false},"version":2}},"categories":[27,2,35],"tags":[],"class_list":["post-29600","post","type-post","status-publish","format-standard","has-post-thumbnail","hentry","category-blogu-i-udhetarit","category-politika","category-shoqerore"],"jetpack_publicize_connections":[],"jetpack_featured_media_url":"https:\/\/i0.wp.com\/www.shqiperia.com\/blog\/wp-content\/uploads\/2019\/12\/serbia-750x375-1-905x450-1.jpg?fit=905%2C450&ssl=1","jetpack_sharing_enabled":true,"jetpack_shortlink":"https:\/\/wp.me\/p5Z6wp-7Hq","jetpack-related-posts":[{"id":27098,"url":"https:\/\/www.shqiperia.com\/blog\/as-jugosllavia-dhe-as-rama-nuk-rilindin-dot\/","url_meta":{"origin":29600,"position":0},"title":"As Jugosllavia dhe as Rama nuk rilindin dot. &#8211;","author":"Kurt Farka","date":"October 18, 2019","format":false,"excerpt":"As Jugosllavia dhe as Rama nuk rilindin dot - 11\/10\/19. Nga Gentian Gaba Kur t\u00eb gjith\u00eb shqiptar\u00ebt jan\u00eb sy e vesh nga kryeqyteti i Bashkimit Europian, Brukseli, lajmet p\u00ebr vendin ton\u00eb vijn\u00eb nga Novi Sadi. Aty ku kryeministri i Shqip\u00ebris\u00eb u takua me Presidentin e Serbis\u00eb dhe homologun e tij\u2026","rel":"","context":"In &quot;Blogu i Udh\u00ebtarit&quot;","block_context":{"text":"Blogu i Udh\u00ebtarit","link":"https:\/\/www.shqiperia.com\/blog\/category\/blogu-i-udhetarit\/"},"img":{"alt_text":"","src":"https:\/\/i0.wp.com\/www.shqiperia.com\/blog\/wp-content\/uploads\/2019\/10\/6-Copy.jpg?fit=530%2C281&ssl=1&resize=350%2C200","width":350,"height":200,"srcset":"https:\/\/i0.wp.com\/www.shqiperia.com\/blog\/wp-content\/uploads\/2019\/10\/6-Copy.jpg?fit=530%2C281&ssl=1&resize=350%2C200 1x, https:\/\/i0.wp.com\/www.shqiperia.com\/blog\/wp-content\/uploads\/2019\/10\/6-Copy.jpg?fit=530%2C281&ssl=1&resize=525%2C300 1.5x"},"classes":[]},{"id":74616,"url":"https:\/\/www.shqiperia.com\/blog\/televizioni-serb-nxjerr-blof-vucicin-ndryshe-flet-per-serbet-ne-cnn-ndryshe-flet-ketu\/","url_meta":{"origin":29600,"position":1},"title":"Televizioni serb nxjerr blof Vu\u00e7i\u00e7in: &#8211; Ndryshe flet p\u00ebr serb\u00ebt n\u00eb CNN, ndryshe flet k\u00ebtu","author":"Kurt Farka","date":"October 4, 2023","format":false,"excerpt":"4 Tetor 2023 Gazetarja e televizionit serb\u00a0N1\u00a0ka nxjerr\u00eb blof presidentin Aleksand\u00ebr Vu\u00e7i\u00e7, n\u00eb nj\u00eb intervist\u00eb t\u00eb tij t\u00eb fundit teksa iu drejtua:\u00a0Ju ndryshe u flisni nd\u00ebrkomb\u00ebtar\u00ebve, ndryshe popullit tuaj.\u00a0 Sipas N1, Vu\u00e7i\u00e7 ndryshe foli n\u00eb CNN dhe ndryshe n\u00eb nj\u00eb intervist\u00eb q\u00eb dha t\u00eb mart\u00ebn p\u00ebr televizionin serb Happy Tv.\u2026","rel":"","context":"In &quot;Blogu i Udh\u00ebtarit&quot;","block_context":{"text":"Blogu i Udh\u00ebtarit","link":"https:\/\/www.shqiperia.com\/blog\/category\/blogu-i-udhetarit\/"},"img":{"alt_text":"","src":"https:\/\/i0.wp.com\/www.shqiperia.com\/blog\/wp-content\/uploads\/2023\/10\/IMG_0725.png?fit=900%2C600&ssl=1&resize=350%2C200","width":350,"height":200,"srcset":"https:\/\/i0.wp.com\/www.shqiperia.com\/blog\/wp-content\/uploads\/2023\/10\/IMG_0725.png?fit=900%2C600&ssl=1&resize=350%2C200 1x, https:\/\/i0.wp.com\/www.shqiperia.com\/blog\/wp-content\/uploads\/2023\/10\/IMG_0725.png?fit=900%2C600&ssl=1&resize=525%2C300 1.5x, https:\/\/i0.wp.com\/www.shqiperia.com\/blog\/wp-content\/uploads\/2023\/10\/IMG_0725.png?fit=900%2C600&ssl=1&resize=700%2C400 2x"},"classes":[]},{"id":67169,"url":"https:\/\/www.shqiperia.com\/blog\/negociatat-me-kosoven-mblidhet-kuvendi-serb-vucic-nuk-guxoj-ta-prezantoj-te-gjithe-planin-evropian\/","url_meta":{"origin":29600,"position":2},"title":"Negociatat me Kosov\u00ebn\/ Mblidhet Kuvendi serb, Vu\u00e7i\u00e7: Nuk guxoj ta prezantoj t\u00eb gjith\u00eb planin evropian","author":"Kurt Farka","date":"February 2, 2023","format":false,"excerpt":"2 Shkurt 2023 Presidenti i Serbis\u00eb, Aleksandar Vu\u00e7i\u00e7, tha gjat\u00eb seanc\u00ebs s\u00eb posa\u00e7me t\u00eb Kuvendit serb se q\u00ebllimi \u201ci dit\u00ebs s\u00eb sotme nuk \u00ebsht\u00eb q\u00eb p\u00ebrgjegj\u00ebsia t\u00eb bartet n\u00eb k\u00ebt\u00eb institucion apo te populli\u201d. \u201cQ\u00ebllimi \u00ebsht\u00eb t\u00eb dal para jush dhe qytetar\u00ebve dhe sinqerisht dhe haptazi t\u00eb ndaj at\u00eb q\u00eb\u2026","rel":"","context":"In &quot;Blogu i Udh\u00ebtarit&quot;","block_context":{"text":"Blogu i Udh\u00ebtarit","link":"https:\/\/www.shqiperia.com\/blog\/category\/blogu-i-udhetarit\/"},"img":{"alt_text":"","src":"https:\/\/i0.wp.com\/www.shqiperia.com\/blog\/wp-content\/uploads\/2023\/02\/Vucic.jpg?fit=929%2C519&ssl=1&resize=350%2C200","width":350,"height":200,"srcset":"https:\/\/i0.wp.com\/www.shqiperia.com\/blog\/wp-content\/uploads\/2023\/02\/Vucic.jpg?fit=929%2C519&ssl=1&resize=350%2C200 1x, https:\/\/i0.wp.com\/www.shqiperia.com\/blog\/wp-content\/uploads\/2023\/02\/Vucic.jpg?fit=929%2C519&ssl=1&resize=525%2C300 1.5x, https:\/\/i0.wp.com\/www.shqiperia.com\/blog\/wp-content\/uploads\/2023\/02\/Vucic.jpg?fit=929%2C519&ssl=1&resize=700%2C400 2x"},"classes":[]},{"id":78705,"url":"https:\/\/www.shqiperia.com\/blog\/tajvani-eshte-kine-vucic-mbeshtet-pretendimet-e-pekinit-analistet-per-voa-terheq-nje-paralele-me-kosoven\/","url_meta":{"origin":29600,"position":3},"title":"\u201cTajvani \u00ebsht\u00eb Kin\u00eb\u201d- Vu\u00e7i\u00e7 mb\u00ebshtet pretendimet e Pekinit, analist\u00ebt p\u00ebr VOA: T\u00ebrheq nj\u00eb paralele me Kosov\u00ebn","author":"Kurt Farka","date":"February 28, 2024","format":false,"excerpt":"28 Shkurt 2024 Presidenti i Serbis\u00eb Aleksandar Vu\u00e7i\u00e7 u shprehu mb\u00ebshtetje t\u00eb vendosur pretendimeve t\u00eb Kin\u00ebs mbi Tajvanin dhe u angazhua p\u00ebr forcimin e lidhjeve me Pekinin, nd\u00ebrsa synon integrimin n\u00eb Bashkimin Evropian, i cili ka nj\u00eb q\u00ebndrim m\u00eb t\u00eb ashp\u00ebr ndaj Kin\u00ebs p\u00ebr shkak t\u00eb mospajtimeve mbi tregtin\u00eb dhe\u2026","rel":"","context":"In &quot;Blogu i Udh\u00ebtarit&quot;","block_context":{"text":"Blogu i Udh\u00ebtarit","link":"https:\/\/www.shqiperia.com\/blog\/category\/blogu-i-udhetarit\/"},"img":{"alt_text":"","src":"https:\/\/i0.wp.com\/www.shqiperia.com\/blog\/wp-content\/uploads\/2024\/02\/vucic-xi.jpg?fit=969%2C540&ssl=1&resize=350%2C200","width":350,"height":200,"srcset":"https:\/\/i0.wp.com\/www.shqiperia.com\/blog\/wp-content\/uploads\/2024\/02\/vucic-xi.jpg?fit=969%2C540&ssl=1&resize=350%2C200 1x, https:\/\/i0.wp.com\/www.shqiperia.com\/blog\/wp-content\/uploads\/2024\/02\/vucic-xi.jpg?fit=969%2C540&ssl=1&resize=525%2C300 1.5x, https:\/\/i0.wp.com\/www.shqiperia.com\/blog\/wp-content\/uploads\/2024\/02\/vucic-xi.jpg?fit=969%2C540&ssl=1&resize=700%2C400 2x"},"classes":[]},{"id":72620,"url":"https:\/\/www.shqiperia.com\/blog\/escobar-ka-indikatore-qe-vucic-do-ta-pranoje-planin-trepikesh\/","url_meta":{"origin":29600,"position":4},"title":"Escobar: &#8211; Ka indikator\u00eb q\u00eb Vu\u00e7i\u00e7 do ta pranoj\u00eb planin trepik\u00ebsh.","author":"Kurt Farka","date":"July 9, 2023","format":false,"excerpt":"9 Korrik 2023 I d\u00ebrguari special i Shteteve t\u00eb Bashkuara p\u00ebr Ballkanin Per\u00ebndimor, Gabriel Escobar, ka th\u00ebn\u00eb se plani evropian p\u00ebr Kosov\u00ebn \u00ebsht\u00eb i mir\u00eb dhe se\u00a0\u201cnuk i p\u00ebrshtatet asnj\u00ebr\u00ebs pal\u00eb\u201d\u00a0dhe se kryeministri i Kosov\u00ebs, Albin Kurti do \u201ct\u00eb humbas\u00eb mund\u00ebsin\u00eb\u201d\u00a0n\u00ebse ai nuk pranon ta zbatoj\u00eb at\u00eb. Largimi i KFOR-it\u2026","rel":"","context":"In &quot;Blogu i Udh\u00ebtarit&quot;","block_context":{"text":"Blogu i Udh\u00ebtarit","link":"https:\/\/www.shqiperia.com\/blog\/category\/blogu-i-udhetarit\/"},"img":{"alt_text":"","src":"https:\/\/i0.wp.com\/www.shqiperia.com\/blog\/wp-content\/uploads\/2023\/07\/6f6b834_1686922925522-000-33bl7lp.jpg?fit=664%2C443&ssl=1&resize=350%2C200","width":350,"height":200,"srcset":"https:\/\/i0.wp.com\/www.shqiperia.com\/blog\/wp-content\/uploads\/2023\/07\/6f6b834_1686922925522-000-33bl7lp.jpg?fit=664%2C443&ssl=1&resize=350%2C200 1x, https:\/\/i0.wp.com\/www.shqiperia.com\/blog\/wp-content\/uploads\/2023\/07\/6f6b834_1686922925522-000-33bl7lp.jpg?fit=664%2C443&ssl=1&resize=525%2C300 1.5x"},"classes":[]},{"id":72124,"url":"https:\/\/www.shqiperia.com\/blog\/rama-eshte-ne-projektin-serbo-rus-te-ndarjes-se-ballkanit-ish-ambasadori-plas-deklaraten-e-forte-dhe-zbardh-biseden-me-sergei-lavrov-ja-cfare-me-ka-thene-vucic-po-tenton-te-kthe\/","url_meta":{"origin":29600,"position":5},"title":"\u201cRama \u00ebsht\u00eb n\u00eb projektin serbo-rus t\u00eb ndarjes s\u00eb Ballkanit\u201d\/ Ish-ambasadori plas deklarat\u00ebn e fort\u00eb dhe zbardh bised\u00ebn me Sergei Lavrov: &#8211; Ja \u00e7far\u00eb m\u00eb ka th\u00ebn\u00eb! Vu\u00e7i\u00e7 po tenton t\u00eb kthej\u00eb&#8230;","author":"Kurt Farka","date":"June 14, 2023","format":false,"excerpt":"14 Qershor 2023 Ish-ambasadori Agim Nesho i ftuar n\u00eb studion e emisionit \u201cLog.\u201d tha se Rama \u00ebsht\u00eb n\u00eb projektin serbo-rus t\u00eb ndarjes s\u00eb Ballkanit. Nesho tregoi edhe nj\u00eb bised\u00eb t\u00eb vitit 2003 me Sergei Lavrov, i cili ka th\u00ebn\u00eb se interesat e Rusis\u00eb n\u00eb Ballkan jan\u00eb rikthimi n\u00eb politik\u00ebn e\u2026","rel":"","context":"In &quot;Blogu i Udh\u00ebtarit&quot;","block_context":{"text":"Blogu i Udh\u00ebtarit","link":"https:\/\/www.shqiperia.com\/blog\/category\/blogu-i-udhetarit\/"},"img":{"alt_text":"","src":"https:\/\/i0.wp.com\/www.shqiperia.com\/blog\/wp-content\/uploads\/2023\/06\/800-0-30f4ed3dc06c41fb5a2d4e8f10671ab4.jpeg?fit=800%2C515&ssl=1&resize=350%2C200","width":350,"height":200,"srcset":"https:\/\/i0.wp.com\/www.shqiperia.com\/blog\/wp-content\/uploads\/2023\/06\/800-0-30f4ed3dc06c41fb5a2d4e8f10671ab4.jpeg?fit=800%2C515&ssl=1&resize=350%2C200 1x, https:\/\/i0.wp.com\/www.shqiperia.com\/blog\/wp-content\/uploads\/2023\/06\/800-0-30f4ed3dc06c41fb5a2d4e8f10671ab4.jpeg?fit=800%2C515&ssl=1&resize=525%2C300 1.5x, https:\/\/i0.wp.com\/www.shqiperia.com\/blog\/wp-content\/uploads\/2023\/06\/800-0-30f4ed3dc06c41fb5a2d4e8f10671ab4.jpeg?fit=800%2C515&ssl=1&resize=700%2C400 2x"},"classes":[]}],"_links":{"self":[{"href":"https:\/\/www.shqiperia.com\/blog\/wp-json\/wp\/v2\/posts\/29600","targetHints":{"allow":["GET"]}}],"collection":[{"href":"https:\/\/www.shqiperia.com\/blog\/wp-json\/wp\/v2\/posts"}],"about":[{"href":"https:\/\/www.shqiperia.com\/blog\/wp-json\/wp\/v2\/types\/post"}],"author":[{"embeddable":true,"href":"https:\/\/www.shqiperia.com\/blog\/wp-json\/wp\/v2\/users\/9"}],"replies":[{"embeddable":true,"href":"https:\/\/www.shqiperia.com\/blog\/wp-json\/wp\/v2\/comments?post=29600"}],"version-history":[{"count":1,"href":"https:\/\/www.shqiperia.com\/blog\/wp-json\/wp\/v2\/posts\/29600\/revisions"}],"predecessor-version":[{"id":29602,"href":"https:\/\/www.shqiperia.com\/blog\/wp-json\/wp\/v2\/posts\/29600\/revisions\/29602"}],"wp:featuredmedia":[{"embeddable":true,"href":"https:\/\/www.shqiperia.com\/blog\/wp-json\/wp\/v2\/media\/29601"}],"wp:attachment":[{"href":"https:\/\/www.shqiperia.com\/blog\/wp-json\/wp\/v2\/media?parent=29600"}],"wp:term":[{"taxonomy":"category","embeddable":true,"href":"https:\/\/www.shqiperia.com\/blog\/wp-json\/wp\/v2\/categories?post=29600"},{"taxonomy":"post_tag","embeddable":true,"href":"https:\/\/www.shqiperia.com\/blog\/wp-json\/wp\/v2\/tags?post=29600"}],"curies":[{"name":"wp","href":"https:\/\/api.w.org\/{rel}","templated":true}]}}