{"id":29588,"date":"2019-12-23T12:03:54","date_gmt":"2019-12-23T12:03:54","guid":{"rendered":"https:\/\/www.shqiperia.com\/blog\/?p=29588"},"modified":"2019-12-23T12:03:54","modified_gmt":"2019-12-23T12:03:54","slug":"dy-me-te-pasurit-ne-planet-jetojne-1-km-larg-njeri-tjetrit","status":"publish","type":"post","link":"https:\/\/www.shqiperia.com\/blog\/dy-me-te-pasurit-ne-planet-jetojne-1-km-larg-njeri-tjetrit\/","title":{"rendered":"Dy m\u00eb t\u00eb pasurit n\u00eb planet jetojn\u00eb 1 km larg nj\u00ebri-tjetrit. &#8211;"},"content":{"rendered":"<p><strong><img data-recalc-dims=\"1\" loading=\"lazy\" decoding=\"async\" data-attachment-id=\"29589\" data-permalink=\"https:\/\/www.shqiperia.com\/blog\/dy-me-te-pasurit-ne-planet-jetojne-1-km-larg-njeri-tjetrit\/koka-768x512-905x450\/\" data-orig-file=\"https:\/\/i0.wp.com\/www.shqiperia.com\/blog\/wp-content\/uploads\/2019\/12\/koka-768x512-905x450-1.jpg?fit=801%2C450&amp;ssl=1\" data-orig-size=\"801,450\" data-comments-opened=\"1\" data-image-meta=\"{&quot;aperture&quot;:&quot;0&quot;,&quot;credit&quot;:&quot;&quot;,&quot;camera&quot;:&quot;&quot;,&quot;caption&quot;:&quot;&quot;,&quot;created_timestamp&quot;:&quot;0&quot;,&quot;copyright&quot;:&quot;&quot;,&quot;focal_length&quot;:&quot;0&quot;,&quot;iso&quot;:&quot;0&quot;,&quot;shutter_speed&quot;:&quot;0&quot;,&quot;title&quot;:&quot;&quot;,&quot;orientation&quot;:&quot;0&quot;}\" data-image-title=\"koka-768&#215;512-905&#215;450\" data-image-description=\"\" data-image-caption=\"\" data-medium-file=\"https:\/\/i0.wp.com\/www.shqiperia.com\/blog\/wp-content\/uploads\/2019\/12\/koka-768x512-905x450-1.jpg?fit=300%2C169&amp;ssl=1\" data-large-file=\"https:\/\/i0.wp.com\/www.shqiperia.com\/blog\/wp-content\/uploads\/2019\/12\/koka-768x512-905x450-1.jpg?fit=801%2C450&amp;ssl=1\" class=\"alignnone  wp-image-29589\" alt=\"\" src=\"https:\/\/i0.wp.com\/www.shqiperia.com\/blog\/wp-content\/uploads\/2019\/12\/koka-768x512-905x450-1.jpg?resize=531%2C299&#038;ssl=1\" width=\"531\" height=\"299\" srcset=\"https:\/\/i0.wp.com\/www.shqiperia.com\/blog\/wp-content\/uploads\/2019\/12\/koka-768x512-905x450-1.jpg?resize=300%2C169&amp;ssl=1 300w, https:\/\/i0.wp.com\/www.shqiperia.com\/blog\/wp-content\/uploads\/2019\/12\/koka-768x512-905x450-1.jpg?resize=768%2C431&amp;ssl=1 768w, https:\/\/i0.wp.com\/www.shqiperia.com\/blog\/wp-content\/uploads\/2019\/12\/koka-768x512-905x450-1.jpg?resize=450%2C253&amp;ssl=1 450w, https:\/\/i0.wp.com\/www.shqiperia.com\/blog\/wp-content\/uploads\/2019\/12\/koka-768x512-905x450-1.jpg?resize=600%2C337&amp;ssl=1 600w, https:\/\/i0.wp.com\/www.shqiperia.com\/blog\/wp-content\/uploads\/2019\/12\/koka-768x512-905x450-1.jpg?resize=400%2C225&amp;ssl=1 400w, https:\/\/i0.wp.com\/www.shqiperia.com\/blog\/wp-content\/uploads\/2019\/12\/koka-768x512-905x450-1.jpg?w=801&amp;ssl=1 801w\" sizes=\"auto, (max-width: 531px) 100vw, 531px\" \/><\/strong><\/p>\n<p><strong>Dy m\u00eb t\u00eb pasurit n\u00eb planet jetojn\u00eb 1 km larg nj\u00ebri-tjetrit. &#8211;<\/strong><\/p>\n<p>Xhef Bezos, pronari i Amazo.com ia kaloi Bill Gejts-it p\u00ebr pasuri.<\/p>\n<p>Ata jan\u00eb tashm\u00eb dy njer\u00ebzit m\u00eb t\u00eb pasur n\u00eb planet, dhe t\u00eb dy bashk\u00eb jetojn\u00eb n\u00eb t\u00eb nj\u00ebjt\u00ebn qytez\u00eb prej 3000 banor\u00ebsh, m\u00eb pak se 1 km larg nj\u00ebri-tjetrit.<\/p>\n<p>Qyteza ku kan\u00eb zgjedhur t\u00eb jetojn\u00eb quhet Medina, shum\u00eb pran\u00eb Siat\u00ebllit, dhe ata nuk jan\u00eb t\u00eb vetmit miliarder\u00eb q\u00eb jetojn\u00eb aty.<\/p>\n<p>Po si duket qyteza ku kan\u00eb zgjedhur t\u00eb jetojn\u00eb dy njer\u00ebzit m\u00eb t\u00eb pasur n\u00eb bot\u00eb?<\/p>\n<p>Shihni fotot:<\/p>\n<p><img data-recalc-dims=\"1\" loading=\"lazy\" decoding=\"async\" data-attachment-id=\"29590\" data-permalink=\"https:\/\/www.shqiperia.com\/blog\/dy-me-te-pasurit-ne-planet-jetojne-1-km-larg-njeri-tjetrit\/librari\/\" data-orig-file=\"https:\/\/i0.wp.com\/www.shqiperia.com\/blog\/wp-content\/uploads\/2019\/12\/librari.jpg?fit=960%2C640&amp;ssl=1\" data-orig-size=\"960,640\" data-comments-opened=\"1\" data-image-meta=\"{&quot;aperture&quot;:&quot;0&quot;,&quot;credit&quot;:&quot;&quot;,&quot;camera&quot;:&quot;&quot;,&quot;caption&quot;:&quot;&quot;,&quot;created_timestamp&quot;:&quot;0&quot;,&quot;copyright&quot;:&quot;&quot;,&quot;focal_length&quot;:&quot;0&quot;,&quot;iso&quot;:&quot;0&quot;,&quot;shutter_speed&quot;:&quot;0&quot;,&quot;title&quot;:&quot;&quot;,&quot;orientation&quot;:&quot;0&quot;}\" data-image-title=\"librari\" data-image-description=\"\" data-image-caption=\"\" data-medium-file=\"https:\/\/i0.wp.com\/www.shqiperia.com\/blog\/wp-content\/uploads\/2019\/12\/librari.jpg?fit=300%2C200&amp;ssl=1\" data-large-file=\"https:\/\/i0.wp.com\/www.shqiperia.com\/blog\/wp-content\/uploads\/2019\/12\/librari.jpg?fit=960%2C640&amp;ssl=1\" class=\"alignnone  wp-image-29590\" alt=\"\" src=\"https:\/\/i0.wp.com\/www.shqiperia.com\/blog\/wp-content\/uploads\/2019\/12\/librari.jpg?resize=614%2C409&#038;ssl=1\" width=\"614\" height=\"409\" srcset=\"https:\/\/i0.wp.com\/www.shqiperia.com\/blog\/wp-content\/uploads\/2019\/12\/librari.jpg?resize=300%2C200&amp;ssl=1 300w, https:\/\/i0.wp.com\/www.shqiperia.com\/blog\/wp-content\/uploads\/2019\/12\/librari.jpg?resize=768%2C512&amp;ssl=1 768w, https:\/\/i0.wp.com\/www.shqiperia.com\/blog\/wp-content\/uploads\/2019\/12\/librari.jpg?resize=600%2C400&amp;ssl=1 600w, https:\/\/i0.wp.com\/www.shqiperia.com\/blog\/wp-content\/uploads\/2019\/12\/librari.jpg?resize=450%2C300&amp;ssl=1 450w, https:\/\/i0.wp.com\/www.shqiperia.com\/blog\/wp-content\/uploads\/2019\/12\/librari.jpg?resize=400%2C267&amp;ssl=1 400w, https:\/\/i0.wp.com\/www.shqiperia.com\/blog\/wp-content\/uploads\/2019\/12\/librari.jpg?w=960&amp;ssl=1 960w\" sizes=\"auto, (max-width: 614px) 100vw, 614px\" \/> <img data-recalc-dims=\"1\" loading=\"lazy\" decoding=\"async\" data-attachment-id=\"29591\" data-permalink=\"https:\/\/www.shqiperia.com\/blog\/dy-me-te-pasurit-ne-planet-jetojne-1-km-larg-njeri-tjetrit\/nga-lart\/\" data-orig-file=\"https:\/\/i0.wp.com\/www.shqiperia.com\/blog\/wp-content\/uploads\/2019\/12\/nga-lart.jpg?fit=960%2C720&amp;ssl=1\" data-orig-size=\"960,720\" data-comments-opened=\"1\" data-image-meta=\"{&quot;aperture&quot;:&quot;0&quot;,&quot;credit&quot;:&quot;&quot;,&quot;camera&quot;:&quot;&quot;,&quot;caption&quot;:&quot;&quot;,&quot;created_timestamp&quot;:&quot;0&quot;,&quot;copyright&quot;:&quot;&quot;,&quot;focal_length&quot;:&quot;0&quot;,&quot;iso&quot;:&quot;0&quot;,&quot;shutter_speed&quot;:&quot;0&quot;,&quot;title&quot;:&quot;&quot;,&quot;orientation&quot;:&quot;0&quot;}\" data-image-title=\"nga-lart\" data-image-description=\"\" data-image-caption=\"\" data-medium-file=\"https:\/\/i0.wp.com\/www.shqiperia.com\/blog\/wp-content\/uploads\/2019\/12\/nga-lart.jpg?fit=300%2C225&amp;ssl=1\" data-large-file=\"https:\/\/i0.wp.com\/www.shqiperia.com\/blog\/wp-content\/uploads\/2019\/12\/nga-lart.jpg?fit=960%2C720&amp;ssl=1\" class=\"alignnone  wp-image-29591\" alt=\"\" src=\"https:\/\/i0.wp.com\/www.shqiperia.com\/blog\/wp-content\/uploads\/2019\/12\/nga-lart.jpg?resize=627%2C470&#038;ssl=1\" width=\"627\" height=\"470\" srcset=\"https:\/\/i0.wp.com\/www.shqiperia.com\/blog\/wp-content\/uploads\/2019\/12\/nga-lart.jpg?resize=300%2C225&amp;ssl=1 300w, https:\/\/i0.wp.com\/www.shqiperia.com\/blog\/wp-content\/uploads\/2019\/12\/nga-lart.jpg?resize=768%2C576&amp;ssl=1 768w, https:\/\/i0.wp.com\/www.shqiperia.com\/blog\/wp-content\/uploads\/2019\/12\/nga-lart.jpg?resize=450%2C338&amp;ssl=1 450w, https:\/\/i0.wp.com\/www.shqiperia.com\/blog\/wp-content\/uploads\/2019\/12\/nga-lart.jpg?resize=600%2C450&amp;ssl=1 600w, https:\/\/i0.wp.com\/www.shqiperia.com\/blog\/wp-content\/uploads\/2019\/12\/nga-lart.jpg?resize=400%2C300&amp;ssl=1 400w, https:\/\/i0.wp.com\/www.shqiperia.com\/blog\/wp-content\/uploads\/2019\/12\/nga-lart.jpg?w=960&amp;ssl=1 960w\" sizes=\"auto, (max-width: 627px) 100vw, 627px\" \/> <img data-recalc-dims=\"1\" loading=\"lazy\" decoding=\"async\" data-attachment-id=\"29592\" data-permalink=\"https:\/\/www.shqiperia.com\/blog\/dy-me-te-pasurit-ne-planet-jetojne-1-km-larg-njeri-tjetrit\/word-dhe-ekscel\/\" data-orig-file=\"https:\/\/i0.wp.com\/www.shqiperia.com\/blog\/wp-content\/uploads\/2019\/12\/word-dhe-ekscel.jpg?fit=960%2C720&amp;ssl=1\" data-orig-size=\"960,720\" data-comments-opened=\"1\" data-image-meta=\"{&quot;aperture&quot;:&quot;0&quot;,&quot;credit&quot;:&quot;&quot;,&quot;camera&quot;:&quot;&quot;,&quot;caption&quot;:&quot;&quot;,&quot;created_timestamp&quot;:&quot;0&quot;,&quot;copyright&quot;:&quot;&quot;,&quot;focal_length&quot;:&quot;0&quot;,&quot;iso&quot;:&quot;0&quot;,&quot;shutter_speed&quot;:&quot;0&quot;,&quot;title&quot;:&quot;&quot;,&quot;orientation&quot;:&quot;0&quot;}\" data-image-title=\"word-dhe-ekscel\" data-image-description=\"\" data-image-caption=\"\" data-medium-file=\"https:\/\/i0.wp.com\/www.shqiperia.com\/blog\/wp-content\/uploads\/2019\/12\/word-dhe-ekscel.jpg?fit=300%2C225&amp;ssl=1\" data-large-file=\"https:\/\/i0.wp.com\/www.shqiperia.com\/blog\/wp-content\/uploads\/2019\/12\/word-dhe-ekscel.jpg?fit=960%2C720&amp;ssl=1\" class=\"alignnone  wp-image-29592\" alt=\"\" src=\"https:\/\/i0.wp.com\/www.shqiperia.com\/blog\/wp-content\/uploads\/2019\/12\/word-dhe-ekscel-300x225.jpg?resize=601%2C451&#038;ssl=1\" width=\"601\" height=\"451\" srcset=\"https:\/\/i0.wp.com\/www.shqiperia.com\/blog\/wp-content\/uploads\/2019\/12\/word-dhe-ekscel.jpg?resize=300%2C225&amp;ssl=1 300w, https:\/\/i0.wp.com\/www.shqiperia.com\/blog\/wp-content\/uploads\/2019\/12\/word-dhe-ekscel.jpg?resize=768%2C576&amp;ssl=1 768w, https:\/\/i0.wp.com\/www.shqiperia.com\/blog\/wp-content\/uploads\/2019\/12\/word-dhe-ekscel.jpg?resize=450%2C338&amp;ssl=1 450w, https:\/\/i0.wp.com\/www.shqiperia.com\/blog\/wp-content\/uploads\/2019\/12\/word-dhe-ekscel.jpg?resize=600%2C450&amp;ssl=1 600w, https:\/\/i0.wp.com\/www.shqiperia.com\/blog\/wp-content\/uploads\/2019\/12\/word-dhe-ekscel.jpg?resize=400%2C300&amp;ssl=1 400w, https:\/\/i0.wp.com\/www.shqiperia.com\/blog\/wp-content\/uploads\/2019\/12\/word-dhe-ekscel.jpg?w=960&amp;ssl=1 960w\" sizes=\"auto, (max-width: 601px) 100vw, 601px\" \/> <img data-recalc-dims=\"1\" loading=\"lazy\" decoding=\"async\" data-attachment-id=\"29593\" data-permalink=\"https:\/\/www.shqiperia.com\/blog\/dy-me-te-pasurit-ne-planet-jetojne-1-km-larg-njeri-tjetrit\/gates\/\" data-orig-file=\"https:\/\/i0.wp.com\/www.shqiperia.com\/blog\/wp-content\/uploads\/2019\/12\/gates.jpg?fit=960%2C659&amp;ssl=1\" data-orig-size=\"960,659\" data-comments-opened=\"1\" data-image-meta=\"{&quot;aperture&quot;:&quot;0&quot;,&quot;credit&quot;:&quot;&quot;,&quot;camera&quot;:&quot;&quot;,&quot;caption&quot;:&quot;&quot;,&quot;created_timestamp&quot;:&quot;0&quot;,&quot;copyright&quot;:&quot;&quot;,&quot;focal_length&quot;:&quot;0&quot;,&quot;iso&quot;:&quot;0&quot;,&quot;shutter_speed&quot;:&quot;0&quot;,&quot;title&quot;:&quot;&quot;,&quot;orientation&quot;:&quot;0&quot;}\" data-image-title=\"gates\" data-image-description=\"\" data-image-caption=\"\" data-medium-file=\"https:\/\/i0.wp.com\/www.shqiperia.com\/blog\/wp-content\/uploads\/2019\/12\/gates.jpg?fit=300%2C206&amp;ssl=1\" data-large-file=\"https:\/\/i0.wp.com\/www.shqiperia.com\/blog\/wp-content\/uploads\/2019\/12\/gates.jpg?fit=960%2C659&amp;ssl=1\" class=\"alignnone  wp-image-29593\" alt=\"\" src=\"https:\/\/i0.wp.com\/www.shqiperia.com\/blog\/wp-content\/uploads\/2019\/12\/gates.jpg?resize=599%2C411&#038;ssl=1\" width=\"599\" height=\"411\" srcset=\"https:\/\/i0.wp.com\/www.shqiperia.com\/blog\/wp-content\/uploads\/2019\/12\/gates.jpg?resize=300%2C206&amp;ssl=1 300w, https:\/\/i0.wp.com\/www.shqiperia.com\/blog\/wp-content\/uploads\/2019\/12\/gates.jpg?resize=768%2C527&amp;ssl=1 768w, https:\/\/i0.wp.com\/www.shqiperia.com\/blog\/wp-content\/uploads\/2019\/12\/gates.jpg?resize=450%2C309&amp;ssl=1 450w, https:\/\/i0.wp.com\/www.shqiperia.com\/blog\/wp-content\/uploads\/2019\/12\/gates.jpg?resize=600%2C412&amp;ssl=1 600w, https:\/\/i0.wp.com\/www.shqiperia.com\/blog\/wp-content\/uploads\/2019\/12\/gates.jpg?resize=235%2C160&amp;ssl=1 235w, https:\/\/i0.wp.com\/www.shqiperia.com\/blog\/wp-content\/uploads\/2019\/12\/gates.jpg?resize=400%2C275&amp;ssl=1 400w, https:\/\/i0.wp.com\/www.shqiperia.com\/blog\/wp-content\/uploads\/2019\/12\/gates.jpg?w=960&amp;ssl=1 960w\" sizes=\"auto, (max-width: 599px) 100vw, 599px\" \/> <img data-recalc-dims=\"1\" loading=\"lazy\" decoding=\"async\" data-attachment-id=\"29594\" data-permalink=\"https:\/\/www.shqiperia.com\/blog\/dy-me-te-pasurit-ne-planet-jetojne-1-km-larg-njeri-tjetrit\/koka-768x512-905x450-2\/\" data-orig-file=\"https:\/\/i0.wp.com\/www.shqiperia.com\/blog\/wp-content\/uploads\/2019\/12\/koka-768x512-905x450-2.jpg?fit=801%2C450&amp;ssl=1\" data-orig-size=\"801,450\" data-comments-opened=\"1\" data-image-meta=\"{&quot;aperture&quot;:&quot;0&quot;,&quot;credit&quot;:&quot;&quot;,&quot;camera&quot;:&quot;&quot;,&quot;caption&quot;:&quot;&quot;,&quot;created_timestamp&quot;:&quot;0&quot;,&quot;copyright&quot;:&quot;&quot;,&quot;focal_length&quot;:&quot;0&quot;,&quot;iso&quot;:&quot;0&quot;,&quot;shutter_speed&quot;:&quot;0&quot;,&quot;title&quot;:&quot;&quot;,&quot;orientation&quot;:&quot;0&quot;}\" data-image-title=\"koka-768&#215;512-905&#215;450\" data-image-description=\"\" data-image-caption=\"\" data-medium-file=\"https:\/\/i0.wp.com\/www.shqiperia.com\/blog\/wp-content\/uploads\/2019\/12\/koka-768x512-905x450-2.jpg?fit=300%2C169&amp;ssl=1\" data-large-file=\"https:\/\/i0.wp.com\/www.shqiperia.com\/blog\/wp-content\/uploads\/2019\/12\/koka-768x512-905x450-2.jpg?fit=801%2C450&amp;ssl=1\" class=\"alignnone  wp-image-29594\" alt=\"\" src=\"https:\/\/i0.wp.com\/www.shqiperia.com\/blog\/wp-content\/uploads\/2019\/12\/koka-768x512-905x450-2.jpg?resize=600%2C338&#038;ssl=1\" width=\"600\" height=\"338\" srcset=\"https:\/\/i0.wp.com\/www.shqiperia.com\/blog\/wp-content\/uploads\/2019\/12\/koka-768x512-905x450-2.jpg?resize=300%2C169&amp;ssl=1 300w, https:\/\/i0.wp.com\/www.shqiperia.com\/blog\/wp-content\/uploads\/2019\/12\/koka-768x512-905x450-2.jpg?resize=768%2C431&amp;ssl=1 768w, https:\/\/i0.wp.com\/www.shqiperia.com\/blog\/wp-content\/uploads\/2019\/12\/koka-768x512-905x450-2.jpg?resize=450%2C253&amp;ssl=1 450w, https:\/\/i0.wp.com\/www.shqiperia.com\/blog\/wp-content\/uploads\/2019\/12\/koka-768x512-905x450-2.jpg?resize=600%2C337&amp;ssl=1 600w, https:\/\/i0.wp.com\/www.shqiperia.com\/blog\/wp-content\/uploads\/2019\/12\/koka-768x512-905x450-2.jpg?resize=400%2C225&amp;ssl=1 400w, https:\/\/i0.wp.com\/www.shqiperia.com\/blog\/wp-content\/uploads\/2019\/12\/koka-768x512-905x450-2.jpg?w=801&amp;ssl=1 801w\" sizes=\"auto, (max-width: 600px) 100vw, 600px\" \/><\/p>\n<p>Gazeta Dita<\/p>\n","protected":false},"excerpt":{"rendered":"<p>Dy m\u00eb t\u00eb pasurit n\u00eb planet jetojn\u00eb 1 km larg nj\u00ebri-tjetrit. &#8211; Xhef Bezos, pronari i Amazo.com ia kaloi Bill Gejts-it p\u00ebr pasuri. Ata jan\u00eb tashm\u00eb dy njer\u00ebzit m\u00eb t\u00eb pasur n\u00eb planet, dhe t\u00eb dy bashk\u00eb jetojn\u00eb n\u00eb t\u00eb nj\u00ebjt\u00ebn qytez\u00eb prej 3000 banor\u00ebsh, m\u00eb pak se 1 km larg nj\u00ebri-tjetrit. Qyteza ku kan\u00eb [&hellip;]<\/p>\n","protected":false},"author":9,"featured_media":29589,"comment_status":"open","ping_status":"open","sticky":false,"template":"","format":"standard","meta":{"jetpack_post_was_ever_published":false,"_jetpack_newsletter_access":"","_jetpack_dont_email_post_to_subs":false,"_jetpack_newsletter_tier_id":0,"_jetpack_memberships_contains_paywalled_content":false,"_jetpack_memberships_contains_paid_content":false,"footnotes":"","jetpack_publicize_message":"","jetpack_publicize_feature_enabled":true,"jetpack_social_post_already_shared":true,"jetpack_social_options":{"image_generator_settings":{"template":"highway","default_image_id":0,"font":"","enabled":false},"version":2}},"categories":[27,14],"tags":[],"class_list":["post-29588","post","type-post","status-publish","format-standard","has-post-thumbnail","hentry","category-blogu-i-udhetarit","category-press-releases"],"jetpack_publicize_connections":[],"jetpack_featured_media_url":"https:\/\/i0.wp.com\/www.shqiperia.com\/blog\/wp-content\/uploads\/2019\/12\/koka-768x512-905x450-1.jpg?fit=801%2C450&ssl=1","jetpack_sharing_enabled":true,"jetpack_shortlink":"https:\/\/wp.me\/p5Z6wp-7He","jetpack-related-posts":[{"id":100799,"url":"https:\/\/www.shqiperia.com\/blog\/zbulohet-grenza-e-detit\/","url_meta":{"origin":29588,"position":0},"title":"Zbulohet \u201cGrenza e Detit\u201d","author":"Kurt Farka","date":"May 31, 2026","format":false,"excerpt":"31 Maji 2026 \u00cbsht\u00eb nj\u00eb lloj kandili deti me nj\u00eb helm shum\u00eb t\u00eb fuqish\u00ebm Zbulohet nj\u00eb kandil deti i ri, pothuajse i paduksh\u00ebm dhe \u00ebsht\u00eb vdekjeprur\u00ebs. E quajtur ndryshe si grenza e detit, klasifikohet tek cubomedusat, q\u00eb deri tani njiheshin vet\u00ebm 3 n\u00eb gjith\u00eb bot\u00ebn n\u00eb gjinin\u00eb e Chironex, dhe\u2026","rel":"","context":"In &quot;Njoftime Shtypi&quot;","block_context":{"text":"Njoftime Shtypi","link":"https:\/\/www.shqiperia.com\/blog\/category\/njoftime-shtypi\/"},"img":{"alt_text":"","src":"https:\/\/i0.wp.com\/www.shqiperia.com\/blog\/wp-content\/uploads\/2026\/05\/Grenza-e-Detit.jpg?fit=1024%2C574&ssl=1&resize=350%2C200","width":350,"height":200,"srcset":"https:\/\/i0.wp.com\/www.shqiperia.com\/blog\/wp-content\/uploads\/2026\/05\/Grenza-e-Detit.jpg?fit=1024%2C574&ssl=1&resize=350%2C200 1x, https:\/\/i0.wp.com\/www.shqiperia.com\/blog\/wp-content\/uploads\/2026\/05\/Grenza-e-Detit.jpg?fit=1024%2C574&ssl=1&resize=525%2C300 1.5x, https:\/\/i0.wp.com\/www.shqiperia.com\/blog\/wp-content\/uploads\/2026\/05\/Grenza-e-Detit.jpg?fit=1024%2C574&ssl=1&resize=700%2C400 2x"},"classes":[]},{"id":105897,"url":"https:\/\/www.shqiperia.com\/blog\/bbc-wildlife-zbulim-i-rralle-ne-brigjet-e-shqiperise-151-specie-jetojne-ne-rrenojat-e-anijes-po-ne-vlore\/","url_meta":{"origin":29588,"position":1},"title":"\u201cBBC Wildlife\u201d: &#8211; Zbulim i rrall\u00eb n\u00eb brigjet e Shqip\u00ebris\u00eb, 151 specie jetojn\u00eb n\u00eb rr\u00ebnojat e anijes \u201cPo\u201d n\u00eb Vlor\u00eb","author":"Kurt Farka","date":"September 3, 2026","format":false,"excerpt":"3 Shtator 2026 Studiuesit kan\u00eb zbuluar 151 specie q\u00eb jetojn\u00eb n\u00eb dhe p\u00ebrreth rr\u00ebnojave t\u00eb saj, p\u00ebrfshir\u00eb edhe fok\u00ebn mesdhetare, nj\u00eb nga gjitar\u00ebt m\u00eb t\u00eb rrall\u00eb dhe m\u00eb t\u00eb rrezikuar t\u00eb Mesdheut. Nj\u00eb anije spitalore e Luft\u00ebs s\u00eb Dyt\u00eb Bot\u00ebrore, e mbytur n\u00eb vitin 1941 n\u00eb brigjet e Shqip\u00ebris\u00eb, \u00ebsht\u00eb\u2026","rel":"","context":"In &quot;Blogu i Udh\u00ebtarit&quot;","block_context":{"text":"Blogu i Udh\u00ebtarit","link":"https:\/\/www.shqiperia.com\/blog\/category\/blogu-i-udhetarit\/"},"img":{"alt_text":"","src":"https:\/\/i0.wp.com\/www.shqiperia.com\/blog\/wp-content\/uploads\/2026\/09\/151-specie-jetojne-ne-rrenojat-e-anijes-Po-ne-Vlore-3.jpeg?fit=640%2C448&ssl=1&resize=350%2C200","width":350,"height":200,"srcset":"https:\/\/i0.wp.com\/www.shqiperia.com\/blog\/wp-content\/uploads\/2026\/09\/151-specie-jetojne-ne-rrenojat-e-anijes-Po-ne-Vlore-3.jpeg?fit=640%2C448&ssl=1&resize=350%2C200 1x, https:\/\/i0.wp.com\/www.shqiperia.com\/blog\/wp-content\/uploads\/2026\/09\/151-specie-jetojne-ne-rrenojat-e-anijes-Po-ne-Vlore-3.jpeg?fit=640%2C448&ssl=1&resize=525%2C300 1.5x"},"classes":[]},{"id":105621,"url":"https:\/\/www.shqiperia.com\/blog\/kriza-e-strehimit-ne-spanje-pse-te-rinjte-po-lene-qytetet-per-fshatrat\/","url_meta":{"origin":29588,"position":2},"title":"Kriza e strehimit n\u00eb Spanj\u00eb: &#8211; Pse t\u00eb rinjt\u00eb po l\u00ebn\u00eb qytetet p\u00ebr fshatrat","author":"Kurt Farka","date":"September 1, 2026","format":false,"excerpt":"1 Shtator 2026 13% e personave q\u00eb synojn\u00eb t\u00eb blejn\u00eb nj\u00eb banes\u00eb planifikojn\u00eb t\u00eb zhvendosen n\u00eb zona me m\u00eb pak se 10 mij\u00eb banor\u00eb. Mes tyre mbizot\u00ebrojn\u00eb t\u00eb rinjt\u00eb rreth 35 vje\u00e7, me t\u00eb ardhura mesatare, t\u00eb cil\u00ebt po i shohin zonat rurale t\u00eb Spanj\u00ebs si nj\u00eb rrug\u00ebdalje nga nj\u00eb\u2026","rel":"","context":"In &quot;Blogu i Udh\u00ebtarit&quot;","block_context":{"text":"Blogu i Udh\u00ebtarit","link":"https:\/\/www.shqiperia.com\/blog\/category\/blogu-i-udhetarit\/"},"img":{"alt_text":"","src":"https:\/\/i0.wp.com\/www.shqiperia.com\/blog\/wp-content\/uploads\/2026\/09\/Spanje.jpeg?fit=1200%2C675&ssl=1&resize=350%2C200","width":350,"height":200,"srcset":"https:\/\/i0.wp.com\/www.shqiperia.com\/blog\/wp-content\/uploads\/2026\/09\/Spanje.jpeg?fit=1200%2C675&ssl=1&resize=350%2C200 1x, https:\/\/i0.wp.com\/www.shqiperia.com\/blog\/wp-content\/uploads\/2026\/09\/Spanje.jpeg?fit=1200%2C675&ssl=1&resize=525%2C300 1.5x, https:\/\/i0.wp.com\/www.shqiperia.com\/blog\/wp-content\/uploads\/2026\/09\/Spanje.jpeg?fit=1200%2C675&ssl=1&resize=700%2C400 2x, https:\/\/i0.wp.com\/www.shqiperia.com\/blog\/wp-content\/uploads\/2026\/09\/Spanje.jpeg?fit=1200%2C675&ssl=1&resize=1050%2C600 3x"},"classes":[]},{"id":27084,"url":"https:\/\/www.shqiperia.com\/blog\/fshatrat-shqiptare-qyteza-e-ulez\/","url_meta":{"origin":29588,"position":3},"title":"Fshatrat Shqiptare &#8211; Qyteza e Ulez.","author":"Kurt Farka","date":"October 18, 2019","format":false,"excerpt":"Fshatrat Shqiptare - Qyteza e Ulez. Nj\u00ebsia administrative Ul\u00ebz\u00a0\u00ebsht\u00eb nj\u00eb\u00a0qytez\u00eb\u00a0n\u00eb\u00a0Bashkin\u00eb e Matit\u00a0n\u00eb\u00a0Shqip\u00ebri.[1]\u00a0Qyteza u nd\u00ebrtuar n\u00eb vitet 1950 pas fillimit t\u00eb punimeve p\u00ebr nd\u00ebrtimin e hidrocentralit t\u00eb Ulz\u00ebs, me nj\u00eb stil sovjetik t\u00eb viteve '50. Qyteza kishte kinema e qend\u00ebr kulturore, dhe num\u00ebronte 2000 banor\u00eb n\u00eb kulmin e saj. Ne vitet\u2026","rel":"","context":"In &quot;Blogu i Udh\u00ebtarit&quot;","block_context":{"text":"Blogu i Udh\u00ebtarit","link":"https:\/\/www.shqiperia.com\/blog\/category\/blogu-i-udhetarit\/"},"img":{"alt_text":"","src":"https:\/\/i0.wp.com\/www.shqiperia.com\/blog\/wp-content\/uploads\/2019\/10\/Uleza-2.png?fit=661%2C340&ssl=1&resize=350%2C200","width":350,"height":200,"srcset":"https:\/\/i0.wp.com\/www.shqiperia.com\/blog\/wp-content\/uploads\/2019\/10\/Uleza-2.png?fit=661%2C340&ssl=1&resize=350%2C200 1x, https:\/\/i0.wp.com\/www.shqiperia.com\/blog\/wp-content\/uploads\/2019\/10\/Uleza-2.png?fit=661%2C340&ssl=1&resize=525%2C300 1.5x"},"classes":[]},{"id":102033,"url":"https:\/\/www.shqiperia.com\/blog\/hiqni-kapelet-tensione-para-kuvendit-protestuesit-perplasen-me-policine-bllokojne-te-gjitha-hyrjet-e-parlamentit\/","url_meta":{"origin":29588,"position":4},"title":"\u201cHiqni kapelet\u201d\/ Tensione para Kuvendit, protestuesit p\u00ebrplasen me policin\u00eb, bllokojn\u00eb t\u00eb gjitha hyrjet e Parlamentit","author":"Kurt Farka","date":"June 30, 2026","format":false,"excerpt":"30 Qershor 2026 Teksa qytetar\u00ebt kan\u00eb tentuar q\u00eb t\u00eb futen n\u00eb Kuvend, ata jan\u00eb p\u00ebrplasur me policin\u00eb. Si\u00e7 shihet nga pamjet, ata jan\u00eb shtyr\u00eb mes nj\u00ebri-tjetrit Qytetar\u00ebt prej dy or\u00ebsh vijojn\u00eb protest\u00ebn e tyre para Kuvendit. Shqiptar\u00ebt prej 31 dit\u00ebsh k\u00ebrkojn\u00eb largimin e kryeministrit Edi Rama. Ata jan\u00eb shprehur se\u2026","rel":"","context":"In &quot;Blogu i Udh\u00ebtarit&quot;","block_context":{"text":"Blogu i Udh\u00ebtarit","link":"https:\/\/www.shqiperia.com\/blog\/category\/blogu-i-udhetarit\/"},"img":{"alt_text":"","src":"https:\/\/i0.wp.com\/www.shqiperia.com\/blog\/wp-content\/uploads\/2026\/06\/1-4.png?fit=780%2C440&ssl=1&resize=350%2C200","width":350,"height":200,"srcset":"https:\/\/i0.wp.com\/www.shqiperia.com\/blog\/wp-content\/uploads\/2026\/06\/1-4.png?fit=780%2C440&ssl=1&resize=350%2C200 1x, https:\/\/i0.wp.com\/www.shqiperia.com\/blog\/wp-content\/uploads\/2026\/06\/1-4.png?fit=780%2C440&ssl=1&resize=525%2C300 1.5x, https:\/\/i0.wp.com\/www.shqiperia.com\/blog\/wp-content\/uploads\/2026\/06\/1-4.png?fit=780%2C440&ssl=1&resize=700%2C400 2x"},"classes":[]},{"id":102752,"url":"https:\/\/www.shqiperia.com\/blog\/afera-120-mln-euro-gazeta-holandeze-skandali-i-inceneratoreve-ve-ne-pozite-te-veshtire-qeverine-e-rames\/","url_meta":{"origin":29588,"position":5},"title":"Afera 120 mln euro\/ Gazeta holandeze: Skandali i incenerator\u00ebve v\u00eb n\u00eb pozit\u00eb t\u00eb v\u00ebshtir\u00eb qeverin\u00eb e Ram\u00ebs","author":"Kurt Farka","date":"July 16, 2026","format":false,"excerpt":"16 Korrik 2026 Struktura shqiptare kund\u00ebr korrupsionit (SPAK) dyshon se dy administrator\u00eb (nj\u00ebri aktual dhe nj\u00eb ish-administrator) t\u00eb kompanis\u00eb Geogenix me seli n\u00eb Eindhoven, e njohur m\u00eb par\u00eb si Integrated Energy, kan\u00eb kryer pastrim parash dhe kan\u00eb qen\u00eb pjes\u00eb e nj\u00eb organizate kriminale. Nj\u00eb kompani bij\u00eb e k\u00ebsaj nd\u00ebrmarrjeje holandeze\u2026","rel":"","context":"In &quot;Blogu i Udh\u00ebtarit&quot;","block_context":{"text":"Blogu i Udh\u00ebtarit","link":"https:\/\/www.shqiperia.com\/blog\/category\/blogu-i-udhetarit\/"},"img":{"alt_text":"","src":"https:\/\/i0.wp.com\/www.shqiperia.com\/blog\/wp-content\/uploads\/2026\/07\/auto_mbetjet1784190294.png?fit=900%2C533&ssl=1&resize=350%2C200","width":350,"height":200,"srcset":"https:\/\/i0.wp.com\/www.shqiperia.com\/blog\/wp-content\/uploads\/2026\/07\/auto_mbetjet1784190294.png?fit=900%2C533&ssl=1&resize=350%2C200 1x, https:\/\/i0.wp.com\/www.shqiperia.com\/blog\/wp-content\/uploads\/2026\/07\/auto_mbetjet1784190294.png?fit=900%2C533&ssl=1&resize=525%2C300 1.5x, https:\/\/i0.wp.com\/www.shqiperia.com\/blog\/wp-content\/uploads\/2026\/07\/auto_mbetjet1784190294.png?fit=900%2C533&ssl=1&resize=700%2C400 2x"},"classes":[]}],"_links":{"self":[{"href":"https:\/\/www.shqiperia.com\/blog\/wp-json\/wp\/v2\/posts\/29588","targetHints":{"allow":["GET"]}}],"collection":[{"href":"https:\/\/www.shqiperia.com\/blog\/wp-json\/wp\/v2\/posts"}],"about":[{"href":"https:\/\/www.shqiperia.com\/blog\/wp-json\/wp\/v2\/types\/post"}],"author":[{"embeddable":true,"href":"https:\/\/www.shqiperia.com\/blog\/wp-json\/wp\/v2\/users\/9"}],"replies":[{"embeddable":true,"href":"https:\/\/www.shqiperia.com\/blog\/wp-json\/wp\/v2\/comments?post=29588"}],"version-history":[{"count":1,"href":"https:\/\/www.shqiperia.com\/blog\/wp-json\/wp\/v2\/posts\/29588\/revisions"}],"predecessor-version":[{"id":29595,"href":"https:\/\/www.shqiperia.com\/blog\/wp-json\/wp\/v2\/posts\/29588\/revisions\/29595"}],"wp:featuredmedia":[{"embeddable":true,"href":"https:\/\/www.shqiperia.com\/blog\/wp-json\/wp\/v2\/media\/29589"}],"wp:attachment":[{"href":"https:\/\/www.shqiperia.com\/blog\/wp-json\/wp\/v2\/media?parent=29588"}],"wp:term":[{"taxonomy":"category","embeddable":true,"href":"https:\/\/www.shqiperia.com\/blog\/wp-json\/wp\/v2\/categories?post=29588"},{"taxonomy":"post_tag","embeddable":true,"href":"https:\/\/www.shqiperia.com\/blog\/wp-json\/wp\/v2\/tags?post=29588"}],"curies":[{"name":"wp","href":"https:\/\/api.w.org\/{rel}","templated":true}]}}