{"id":29542,"date":"2019-12-21T12:47:58","date_gmt":"2019-12-21T12:47:58","guid":{"rendered":"https:\/\/www.shqiperia.com\/blog\/?p=29542"},"modified":"2019-12-21T12:50:50","modified_gmt":"2019-12-21T12:50:50","slug":"turp-turp-u-prit-me-protesta-ne-tirane-ja-si-reagon-presidenti-serb-vucic","status":"publish","type":"post","link":"https:\/\/www.shqiperia.com\/blog\/turp-turp-u-prit-me-protesta-ne-tirane-ja-si-reagon-presidenti-serb-vucic\/","title":{"rendered":"\u2018Turp, turp\u2019, u prit me protesta n\u00eb Tiran\u00eb, ja si reagon presidenti serb Vu\u00e7i\u00e7. &#8211;"},"content":{"rendered":"<p><img data-recalc-dims=\"1\" loading=\"lazy\" decoding=\"async\" data-attachment-id=\"29543\" data-permalink=\"https:\/\/www.shqiperia.com\/blog\/turp-turp-u-prit-me-protesta-ne-tirane-ja-si-reagon-presidenti-serb-vucic\/51762239_401\/\" data-orig-file=\"https:\/\/i0.wp.com\/www.shqiperia.com\/blog\/wp-content\/uploads\/2019\/12\/51762239_401.jpg?fit=700%2C394&amp;ssl=1\" data-orig-size=\"700,394\" data-comments-opened=\"1\" data-image-meta=\"{&quot;aperture&quot;:&quot;0&quot;,&quot;credit&quot;:&quot;&quot;,&quot;camera&quot;:&quot;&quot;,&quot;caption&quot;:&quot;&quot;,&quot;created_timestamp&quot;:&quot;0&quot;,&quot;copyright&quot;:&quot;&quot;,&quot;focal_length&quot;:&quot;0&quot;,&quot;iso&quot;:&quot;0&quot;,&quot;shutter_speed&quot;:&quot;0&quot;,&quot;title&quot;:&quot;&quot;,&quot;orientation&quot;:&quot;0&quot;}\" data-image-title=\"51762239_401\" data-image-description=\"\" data-image-caption=\"\" data-medium-file=\"https:\/\/i0.wp.com\/www.shqiperia.com\/blog\/wp-content\/uploads\/2019\/12\/51762239_401.jpg?fit=300%2C169&amp;ssl=1\" data-large-file=\"https:\/\/i0.wp.com\/www.shqiperia.com\/blog\/wp-content\/uploads\/2019\/12\/51762239_401.jpg?fit=700%2C394&amp;ssl=1\" class=\"alignnone wp-image-29543\" alt=\"\" src=\"https:\/\/i0.wp.com\/www.shqiperia.com\/blog\/wp-content\/uploads\/2019\/12\/51762239_401.jpg?resize=568%2C320&#038;ssl=1\" width=\"568\" height=\"320\" srcset=\"https:\/\/i0.wp.com\/www.shqiperia.com\/blog\/wp-content\/uploads\/2019\/12\/51762239_401.jpg?resize=300%2C169&amp;ssl=1 300w, https:\/\/i0.wp.com\/www.shqiperia.com\/blog\/wp-content\/uploads\/2019\/12\/51762239_401.jpg?resize=450%2C253&amp;ssl=1 450w, https:\/\/i0.wp.com\/www.shqiperia.com\/blog\/wp-content\/uploads\/2019\/12\/51762239_401.jpg?resize=600%2C338&amp;ssl=1 600w, https:\/\/i0.wp.com\/www.shqiperia.com\/blog\/wp-content\/uploads\/2019\/12\/51762239_401.jpg?resize=400%2C225&amp;ssl=1 400w, https:\/\/i0.wp.com\/www.shqiperia.com\/blog\/wp-content\/uploads\/2019\/12\/51762239_401.jpg?w=700&amp;ssl=1 700w\" sizes=\"auto, (max-width: 568px) 100vw, 568px\" \/>\u2018<\/p>\n<p>Turp, turp\u2019, u prit me protesta n\u00eb Tiran\u00eb, ja si reagon presidenti serb Vu\u00e7i\u00e7<\/p>\n<p><em>21 dhjetor\u00a0 2019.<\/em><\/p>\n<p><strong>Ky \u00ebsht\u00eb takimi i tret\u00eb i krer\u00ebve nga Ballkani brenda tre muajve t\u00eb fundit. Synimi: Progres n\u00eb nism\u00ebn e krijimit t\u00eb nj\u00eb zone Schengen n\u00eb Ballkanin Per\u00ebndimor.<\/strong><\/p>\n<p>Protest\u00eb e aktivist\u00ebve t\u00eb\u00a0 Vet\u00ebvendosjes n\u00eb Tiran\u00eb kund\u00ebr kryeministrit serb<\/p>\n<p>Samiti i Tiran\u00ebs sh\u00ebnon takimin e tret\u00eb brenda tre muajve t\u00eb fundit t\u00eb k\u00ebtij viti p\u00ebr t\u00eb b\u00ebr\u00eb progres n\u00eb nism\u00ebn e krijimit t\u00eb nj\u00eb zone Schengen n\u00eb Ballkanin Per\u00ebndimor q\u00eb synon forcimin e bashk\u00ebpunimit rajonal dhe garantimin e kat\u00ebr lirive: l\u00ebvizjes s\u00eb lir\u00eb t\u00eb njer\u00ebzve, mallrave,\u00a0sh\u00ebrbimeve dhe kapitaleve.\u00a0Dy samitet q\u00eb kan\u00eb paraprir\u00eb samitin e sot\u00ebm n\u00eb Tiran\u00eb jan\u00eb zhvilluar n\u00eb Novi Sad, Serbi n\u00eb tetor t\u00eb k\u00ebtij viti dhe n\u00eb Oh\u00ebr, Maqedonia e Veriut, nj\u00eb muaj m\u00eb par\u00eb, n\u00eb n\u00ebntor.<\/p>\n<p>P\u00ebr t\u00eb marr\u00eb pjes\u00eb n\u00eb samitin e Tiran\u00ebs kan\u00eb mb\u00ebrritur n\u00eb kryeqytetin e Shqip\u00ebris\u00eb Presidenti i Serbis\u00eb, Aleksander Vu\u010di\u0107, kryeministri i Maqedonis\u00eb s\u00eb Veriut, Zoran Zaev, presidenti i Malit t\u00eb Zi, Milo Gjukanovi\u04ab. N\u00eb samitin e Tiran\u00ebs ishte ftuar nga Kryeministri Rama dhe Presidenti i Kosov\u00ebs , Hashim Tha\u04abi por ai refuzoi pjes\u00ebmarrjen. N\u00eb nj\u00eb postim n\u00eb Facebook, dit\u00ebt e fundit, Tha\u04abi argumenton mospjes\u00ebmarrjen dhe b\u00ebn me dije q\u00eb Kosova refuzon t\u00eb jet\u00eb n\u00eb nj\u00eb samit ku merr pjes\u00eb Serbia, \u201dq\u00eb ka kryer genocid ndaj qytetar\u00ebve t\u00eb Kosov\u00ebs dhe\u00a0nuk e njeh shtetin e Kosov\u00ebs, \u201dduke theksuar gjithashtu q\u00eb \u201dKosova nuk merr pjes\u00eb n\u00eb nj\u00eb samit q\u00eb e konsideron si pjes\u00eb t\u00eb nismave eksperimentale rajonale\u201d.<\/p>\n<p><img data-recalc-dims=\"1\" loading=\"lazy\" decoding=\"async\" data-attachment-id=\"29544\" data-permalink=\"https:\/\/www.shqiperia.com\/blog\/turp-turp-u-prit-me-protesta-ne-tirane-ja-si-reagon-presidenti-serb-vucic\/51762267_303\/\" data-orig-file=\"https:\/\/i0.wp.com\/www.shqiperia.com\/blog\/wp-content\/uploads\/2019\/12\/51762267_303.jpg?fit=700%2C394&amp;ssl=1\" data-orig-size=\"700,394\" data-comments-opened=\"1\" data-image-meta=\"{&quot;aperture&quot;:&quot;0&quot;,&quot;credit&quot;:&quot;&quot;,&quot;camera&quot;:&quot;&quot;,&quot;caption&quot;:&quot;&quot;,&quot;created_timestamp&quot;:&quot;0&quot;,&quot;copyright&quot;:&quot;&quot;,&quot;focal_length&quot;:&quot;0&quot;,&quot;iso&quot;:&quot;0&quot;,&quot;shutter_speed&quot;:&quot;0&quot;,&quot;title&quot;:&quot;&quot;,&quot;orientation&quot;:&quot;0&quot;}\" data-image-title=\"51762267_303\" data-image-description=\"\" data-image-caption=\"\" data-medium-file=\"https:\/\/i0.wp.com\/www.shqiperia.com\/blog\/wp-content\/uploads\/2019\/12\/51762267_303.jpg?fit=300%2C169&amp;ssl=1\" data-large-file=\"https:\/\/i0.wp.com\/www.shqiperia.com\/blog\/wp-content\/uploads\/2019\/12\/51762267_303.jpg?fit=700%2C394&amp;ssl=1\" class=\"alignnone wp-image-29544\" alt=\"\" src=\"https:\/\/i0.wp.com\/www.shqiperia.com\/blog\/wp-content\/uploads\/2019\/12\/51762267_303.jpg?resize=751%2C423&#038;ssl=1\" width=\"751\" height=\"423\" srcset=\"https:\/\/i0.wp.com\/www.shqiperia.com\/blog\/wp-content\/uploads\/2019\/12\/51762267_303.jpg?resize=300%2C169&amp;ssl=1 300w, https:\/\/i0.wp.com\/www.shqiperia.com\/blog\/wp-content\/uploads\/2019\/12\/51762267_303.jpg?resize=450%2C253&amp;ssl=1 450w, https:\/\/i0.wp.com\/www.shqiperia.com\/blog\/wp-content\/uploads\/2019\/12\/51762267_303.jpg?resize=600%2C338&amp;ssl=1 600w, https:\/\/i0.wp.com\/www.shqiperia.com\/blog\/wp-content\/uploads\/2019\/12\/51762267_303.jpg?resize=400%2C225&amp;ssl=1 400w, https:\/\/i0.wp.com\/www.shqiperia.com\/blog\/wp-content\/uploads\/2019\/12\/51762267_303.jpg?w=700&amp;ssl=1 700w\" sizes=\"auto, (max-width: 751px) 100vw, 751px\" \/><\/p>\n<p><strong>Presidenti Vu\u010di\u0107 pritet n\u00eb Tiran\u00eb me protesta nga Vet\u00ebvendosja<\/strong><\/p>\n<p>Aktivist\u00eb t\u00eb L\u00ebvizjes Vet\u00ebvendosje, n\u00eb Tiran\u00eb protestuan t\u00eb premten para selis\u00eb s\u00eb kryeministris\u00eb kur atje kryeministri Rama po zhvillonte nj\u00eb takim informal me presidentin e Serbis\u00eb, Vu\u010di\u0107 .<\/p>\n<p>Protestuesit n\u00eb parullat e tyre kishin shkruar q\u00eb \u201dnj\u00eb njeri q\u00eb nuk njeh krimet e luft\u00ebs n\u00eb Kosov\u00eb nuk duhet t\u00eb vij\u00eb n\u00eb Shqip\u00ebri\u00a0p\u00ebr l\u00ebvizjen e lire t\u00eb qytetar\u00ebve n\u00eb rajon\u201d Vu\u00e7i\u00e7 komentoi protest\u00ebn e aktivist\u00ebve t\u00eb\u00a0 Vet\u00ebvendosjes n\u00eb Tiran\u00eb, si \u201d nj\u00eb tubim normal n\u00eb nj\u00eb vend demokratik\u201d.\u00a0<strong>DW<\/strong><\/p>\n<p>Nga Gazeta Panorama<\/p>\n","protected":false},"excerpt":{"rendered":"<p>\u2018 Turp, turp\u2019, u prit me protesta n\u00eb Tiran\u00eb, ja si reagon presidenti serb Vu\u00e7i\u00e7 21 dhjetor\u00a0 2019. Ky \u00ebsht\u00eb takimi i tret\u00eb i krer\u00ebve nga Ballkani brenda tre muajve t\u00eb fundit. Synimi: Progres n\u00eb nism\u00ebn e krijimit t\u00eb nj\u00eb zone Schengen n\u00eb Ballkanin Per\u00ebndimor. Protest\u00eb e aktivist\u00ebve t\u00eb\u00a0 Vet\u00ebvendosjes n\u00eb Tiran\u00eb kund\u00ebr kryeministrit serb [&hellip;]<\/p>\n","protected":false},"author":9,"featured_media":29543,"comment_status":"open","ping_status":"open","sticky":false,"template":"","format":"standard","meta":{"jetpack_post_was_ever_published":false,"_jetpack_newsletter_access":"","_jetpack_dont_email_post_to_subs":false,"_jetpack_newsletter_tier_id":0,"_jetpack_memberships_contains_paywalled_content":false,"_jetpack_memberships_contains_paid_content":false,"footnotes":"","jetpack_publicize_message":"","jetpack_publicize_feature_enabled":true,"jetpack_social_post_already_shared":true,"jetpack_social_options":{"image_generator_settings":{"template":"highway","default_image_id":0,"font":"","enabled":false},"version":2}},"categories":[27,2,35],"tags":[],"class_list":["post-29542","post","type-post","status-publish","format-standard","has-post-thumbnail","hentry","category-blogu-i-udhetarit","category-politika","category-shoqerore"],"jetpack_publicize_connections":[],"jetpack_featured_media_url":"https:\/\/i0.wp.com\/www.shqiperia.com\/blog\/wp-content\/uploads\/2019\/12\/51762239_401.jpg?fit=700%2C394&ssl=1","jetpack_sharing_enabled":true,"jetpack_shortlink":"https:\/\/wp.me\/p5Z6wp-7Gu","jetpack-related-posts":[{"id":29547,"url":"https:\/\/www.shqiperia.com\/blog\/turp-turp-u-prit-me-protesta-ne-tirane-ja-si-reagon-presidenti-serb-vucic-2\/","url_meta":{"origin":29542,"position":0},"title":"\u2018Turp, turp\u2019, u prit me protesta n\u00eb Tiran\u00eb, ja si reagon presidenti serb Vu\u00e7i\u00e7","author":"Kurt Farka","date":"December 21, 2019","format":false,"excerpt":"\u2018Turp, turp\u2019, u prit me protesta n\u00eb Tiran\u00eb, ja si reagon presidenti serb Vu\u00e7i\u00e7 21 dhjetor , 2019 Ky \u00ebsht\u00eb takimi i tret\u00eb i krer\u00ebve nga Ballkani brenda tre muajve t\u00eb fundit. Synimi: Progres n\u00eb nism\u00ebn e krijimit t\u00eb nj\u00eb zone Schengen n\u00eb Ballkanin Per\u00ebndimor. Protest\u00eb e aktivist\u00ebve t\u00eb\u00a0 Vet\u00ebvendosjes\u2026","rel":"","context":"In &quot;Blogu i Udh\u00ebtarit&quot;","block_context":{"text":"Blogu i Udh\u00ebtarit","link":"https:\/\/www.shqiperia.com\/blog\/category\/blogu-i-udhetarit\/"},"img":{"alt_text":"","src":"https:\/\/i0.wp.com\/www.shqiperia.com\/blog\/wp-content\/uploads\/2019\/12\/51762267_303-1.jpg?fit=700%2C394&ssl=1&resize=350%2C200","width":350,"height":200,"srcset":"https:\/\/i0.wp.com\/www.shqiperia.com\/blog\/wp-content\/uploads\/2019\/12\/51762267_303-1.jpg?fit=700%2C394&ssl=1&resize=350%2C200 1x, https:\/\/i0.wp.com\/www.shqiperia.com\/blog\/wp-content\/uploads\/2019\/12\/51762267_303-1.jpg?fit=700%2C394&ssl=1&resize=525%2C300 1.5x, https:\/\/i0.wp.com\/www.shqiperia.com\/blog\/wp-content\/uploads\/2019\/12\/51762267_303-1.jpg?fit=700%2C394&ssl=1&resize=700%2C400 2x"},"classes":[]},{"id":78705,"url":"https:\/\/www.shqiperia.com\/blog\/tajvani-eshte-kine-vucic-mbeshtet-pretendimet-e-pekinit-analistet-per-voa-terheq-nje-paralele-me-kosoven\/","url_meta":{"origin":29542,"position":1},"title":"\u201cTajvani \u00ebsht\u00eb Kin\u00eb\u201d- Vu\u00e7i\u00e7 mb\u00ebshtet pretendimet e Pekinit, analist\u00ebt p\u00ebr VOA: T\u00ebrheq nj\u00eb paralele me Kosov\u00ebn","author":"Kurt Farka","date":"February 28, 2024","format":false,"excerpt":"28 Shkurt 2024 Presidenti i Serbis\u00eb Aleksandar Vu\u00e7i\u00e7 u shprehu mb\u00ebshtetje t\u00eb vendosur pretendimeve t\u00eb Kin\u00ebs mbi Tajvanin dhe u angazhua p\u00ebr forcimin e lidhjeve me Pekinin, nd\u00ebrsa synon integrimin n\u00eb Bashkimin Evropian, i cili ka nj\u00eb q\u00ebndrim m\u00eb t\u00eb ashp\u00ebr ndaj Kin\u00ebs p\u00ebr shkak t\u00eb mospajtimeve mbi tregtin\u00eb dhe\u2026","rel":"","context":"In &quot;Blogu i Udh\u00ebtarit&quot;","block_context":{"text":"Blogu i Udh\u00ebtarit","link":"https:\/\/www.shqiperia.com\/blog\/category\/blogu-i-udhetarit\/"},"img":{"alt_text":"","src":"https:\/\/i0.wp.com\/www.shqiperia.com\/blog\/wp-content\/uploads\/2024\/02\/vucic-xi.jpg?fit=969%2C540&ssl=1&resize=350%2C200","width":350,"height":200,"srcset":"https:\/\/i0.wp.com\/www.shqiperia.com\/blog\/wp-content\/uploads\/2024\/02\/vucic-xi.jpg?fit=969%2C540&ssl=1&resize=350%2C200 1x, https:\/\/i0.wp.com\/www.shqiperia.com\/blog\/wp-content\/uploads\/2024\/02\/vucic-xi.jpg?fit=969%2C540&ssl=1&resize=525%2C300 1.5x, https:\/\/i0.wp.com\/www.shqiperia.com\/blog\/wp-content\/uploads\/2024\/02\/vucic-xi.jpg?fit=969%2C540&ssl=1&resize=700%2C400 2x"},"classes":[]},{"id":20638,"url":"https:\/\/www.shqiperia.com\/blog\/presidenti-serb-se-shpejti-ne-tirane-zbulohet-arsyeja-pse\/","url_meta":{"origin":29542,"position":2},"title":"Presidenti serb s\u00eb shpejti n\u00eb Tiran\u00eb, zbulohet arsyeja pse. &#8211;","author":"Kurt Farka","date":"May 2, 2019","format":false,"excerpt":"Presidenti serb s\u00eb shpejti n\u00eb Tiran\u00eb, zbulohet arsyeja pse. - 02\/05\/2019 N\u00eb kuad\u00ebr t\u00eb procesit Brdo-Brioni, samit n\u00eb t\u00eb cilin do t\u00eb takohen lider\u00ebt ballaknik dhe i cili k\u00ebt\u00eb vit do t\u00eb mbahet n\u00eb Tiran\u00eb m\u00eb 8 dhe 9 maj, pritet edhe takimi midis presidentit serb Vu\u00e7i\u00e7 dhe kryeministrit Edi\u2026","rel":"","context":"In &quot;Blogu i Udh\u00ebtarit&quot;","block_context":{"text":"Blogu i Udh\u00ebtarit","link":"https:\/\/www.shqiperia.com\/blog\/category\/blogu-i-udhetarit\/"},"img":{"alt_text":"","src":"https:\/\/i0.wp.com\/www.shqiperia.com\/blog\/wp-content\/uploads\/2019\/05\/photo_verybig_164665_2017_04_06_12-Copy-300x161.jpg?resize=350%2C200","width":350,"height":200,"srcset":"https:\/\/i0.wp.com\/www.shqiperia.com\/blog\/wp-content\/uploads\/2019\/05\/photo_verybig_164665_2017_04_06_12-Copy-300x161.jpg?resize=350%2C200 1x, https:\/\/i0.wp.com\/www.shqiperia.com\/blog\/wp-content\/uploads\/2019\/05\/photo_verybig_164665_2017_04_06_12-Copy-300x161.jpg?resize=525%2C300 1.5x"},"classes":[]},{"id":83887,"url":"https:\/\/www.shqiperia.com\/blog\/shaban-murati-vu%d2%abiq-genjeu-per-putinin-vu%d2%abiq-e-ka-takuar-putin-ne-daten-19-tetor-2023-pra-para-nje-viti\/","url_meta":{"origin":29542,"position":3},"title":"Shaban Murati &#8211; Vu\u04abiq g\u00ebnjeu p\u00ebr Putinin : &#8211; Vu\u04abiq e ka takuar Putin n\u00eb dat\u00ebn 19 tetor 2023, pra para nj\u00eb viti.","author":"Kurt Farka","date":"September 1, 2024","format":false,"excerpt":"1 Shtator 2024 Vu\u04abiq g\u00ebnjeu p\u00ebr Putinin\u201d, Shaban Murati zbardh takimin e tyre t\u00eb fundit Gjat\u00eb dit\u00ebs s\u00eb sitme, presidenti serb, Aleksand\u00ebr Vu\u04abiq deklaroi se nuk ka raporte t\u00eb mira me presidentin rus, Vladimir Putin. Madje ai tha se ka dy vjet e gjys\u00ebm q\u00eb nuk e ka takuar Putinin.\u2026","rel":"","context":"In &quot;Blogu i Udh\u00ebtarit&quot;","block_context":{"text":"Blogu i Udh\u00ebtarit","link":"https:\/\/www.shqiperia.com\/blog\/category\/blogu-i-udhetarit\/"},"img":{"alt_text":"","src":"https:\/\/i0.wp.com\/www.shqiperia.com\/blog\/wp-content\/uploads\/2024\/09\/auto_22271725127309.jpeg?fit=850%2C531&ssl=1&resize=350%2C200","width":350,"height":200,"srcset":"https:\/\/i0.wp.com\/www.shqiperia.com\/blog\/wp-content\/uploads\/2024\/09\/auto_22271725127309.jpeg?fit=850%2C531&ssl=1&resize=350%2C200 1x, https:\/\/i0.wp.com\/www.shqiperia.com\/blog\/wp-content\/uploads\/2024\/09\/auto_22271725127309.jpeg?fit=850%2C531&ssl=1&resize=525%2C300 1.5x, https:\/\/i0.wp.com\/www.shqiperia.com\/blog\/wp-content\/uploads\/2024\/09\/auto_22271725127309.jpeg?fit=850%2C531&ssl=1&resize=700%2C400 2x"},"classes":[]},{"id":78728,"url":"https:\/\/www.shqiperia.com\/blog\/vucic-pas-samitit-ne-tirane-sanksionet-kunder-rusise-nuk-permenden-ne-deklarate-pjesemarresit-rane-dakord-qe\/","url_meta":{"origin":29542,"position":4},"title":"Vu\u00e7i\u00e7 pas Samitit n\u00eb Tiran\u00eb: &#8211; Sanksionet kund\u00ebr Rusis\u00eb nuk p\u00ebrmenden n\u00eb deklarat\u00eb! &#8211; Pjes\u00ebmarr\u00ebsit ran\u00eb dakord q\u00eb\u2026","author":"Kurt Farka","date":"February 28, 2024","format":false,"excerpt":"28 Shkurt 2024 Presidenti i Serbis\u00eb, Aleksandar Vu\u00e7i\u00e7, tha se deklarata e r\u00ebn\u00eb dakord n\u00eb Samitin p\u00ebr Ukrain\u00ebn q\u00eb u mbajt n\u00eb Tiran\u00eb, nuk i p\u00ebrmend sanksionet kund\u00ebr Rusis\u00eb e as ndikimin keqdash\u00ebs rus. Kjo, sipas tij, u b\u00eb e mundur me k\u00ebrkes\u00eb t\u00eb Serbis\u00eb. \u201cPjes\u00ebmarr\u00ebsit ran\u00eb dakord q\u00eb ta\u2026","rel":"","context":"In &quot;Blogu i Udh\u00ebtarit&quot;","block_context":{"text":"Blogu i Udh\u00ebtarit","link":"https:\/\/www.shqiperia.com\/blog\/category\/blogu-i-udhetarit\/"},"img":{"alt_text":"","src":"https:\/\/i0.wp.com\/www.shqiperia.com\/blog\/wp-content\/uploads\/2024\/02\/800-0-5a296e3bd762d335fcdb41ac5f52da5a.jpeg?fit=800%2C447&ssl=1&resize=350%2C200","width":350,"height":200,"srcset":"https:\/\/i0.wp.com\/www.shqiperia.com\/blog\/wp-content\/uploads\/2024\/02\/800-0-5a296e3bd762d335fcdb41ac5f52da5a.jpeg?fit=800%2C447&ssl=1&resize=350%2C200 1x, https:\/\/i0.wp.com\/www.shqiperia.com\/blog\/wp-content\/uploads\/2024\/02\/800-0-5a296e3bd762d335fcdb41ac5f52da5a.jpeg?fit=800%2C447&ssl=1&resize=525%2C300 1.5x, https:\/\/i0.wp.com\/www.shqiperia.com\/blog\/wp-content\/uploads\/2024\/02\/800-0-5a296e3bd762d335fcdb41ac5f52da5a.jpeg?fit=800%2C447&ssl=1&resize=700%2C400 2x"},"classes":[]},{"id":65438,"url":"https:\/\/www.shqiperia.com\/blog\/serbia-kercenoi-se-do-sjelle-ushtrine-ne-kosove-reagon-me-shpejtesi-shba-keni-garanci-te\/","url_meta":{"origin":29542,"position":5},"title":"Serbia k\u00ebrc\u00ebnoi se do sjell\u00eb ushtrin\u00eb n\u00eb Kosov\u00eb, reagon me shpejt\u00ebsi SHBA: Keni garanci t\u00eb&#8230;","author":"Kurt Farka","date":"December 14, 2022","format":false,"excerpt":"13 Dhjetor 2022 I d\u00ebrguari i posa\u00e7\u00ebm amerikan p\u00ebr Ballkanin Per\u00ebndimor, Gabriel Escobar, thot\u00eb se Kosova ka garanci shum\u00eb t\u00eb forta t\u00eb siguris\u00eb nga Shtetet e Bashkuara. Gabriel Escobar, i d\u00ebrguari i SHBA p\u00ebr Ballkanin Per\u00ebndimor kund\u00ebrshton n\u00eb m\u00ebnyr\u00eb t\u00eb ashp\u00ebr k\u00ebrkes\u00ebn e presidentit serb Vu\u00e7i\u00e7, i cili k\u00ebrkon t\u00eb\u2026","rel":"","context":"In &quot;Blogu i Udh\u00ebtarit&quot;","block_context":{"text":"Blogu i Udh\u00ebtarit","link":"https:\/\/www.shqiperia.com\/blog\/category\/blogu-i-udhetarit\/"},"img":{"alt_text":"","src":"https:\/\/i0.wp.com\/www.shqiperia.com\/blog\/wp-content\/uploads\/2022\/12\/640-0-6398b1f51c24d.jpg?fit=640%2C361&ssl=1&resize=350%2C200","width":350,"height":200,"srcset":"https:\/\/i0.wp.com\/www.shqiperia.com\/blog\/wp-content\/uploads\/2022\/12\/640-0-6398b1f51c24d.jpg?fit=640%2C361&ssl=1&resize=350%2C200 1x, https:\/\/i0.wp.com\/www.shqiperia.com\/blog\/wp-content\/uploads\/2022\/12\/640-0-6398b1f51c24d.jpg?fit=640%2C361&ssl=1&resize=525%2C300 1.5x"},"classes":[]}],"_links":{"self":[{"href":"https:\/\/www.shqiperia.com\/blog\/wp-json\/wp\/v2\/posts\/29542","targetHints":{"allow":["GET"]}}],"collection":[{"href":"https:\/\/www.shqiperia.com\/blog\/wp-json\/wp\/v2\/posts"}],"about":[{"href":"https:\/\/www.shqiperia.com\/blog\/wp-json\/wp\/v2\/types\/post"}],"author":[{"embeddable":true,"href":"https:\/\/www.shqiperia.com\/blog\/wp-json\/wp\/v2\/users\/9"}],"replies":[{"embeddable":true,"href":"https:\/\/www.shqiperia.com\/blog\/wp-json\/wp\/v2\/comments?post=29542"}],"version-history":[{"count":2,"href":"https:\/\/www.shqiperia.com\/blog\/wp-json\/wp\/v2\/posts\/29542\/revisions"}],"predecessor-version":[{"id":29546,"href":"https:\/\/www.shqiperia.com\/blog\/wp-json\/wp\/v2\/posts\/29542\/revisions\/29546"}],"wp:featuredmedia":[{"embeddable":true,"href":"https:\/\/www.shqiperia.com\/blog\/wp-json\/wp\/v2\/media\/29543"}],"wp:attachment":[{"href":"https:\/\/www.shqiperia.com\/blog\/wp-json\/wp\/v2\/media?parent=29542"}],"wp:term":[{"taxonomy":"category","embeddable":true,"href":"https:\/\/www.shqiperia.com\/blog\/wp-json\/wp\/v2\/categories?post=29542"},{"taxonomy":"post_tag","embeddable":true,"href":"https:\/\/www.shqiperia.com\/blog\/wp-json\/wp\/v2\/tags?post=29542"}],"curies":[{"name":"wp","href":"https:\/\/api.w.org\/{rel}","templated":true}]}}