{"id":29539,"date":"2019-12-21T12:23:35","date_gmt":"2019-12-21T12:23:35","guid":{"rendered":"https:\/\/www.shqiperia.com\/blog\/?p=29539"},"modified":"2019-12-21T12:23:35","modified_gmt":"2019-12-21T12:23:35","slug":"vjen-njeri-qe-ka-fituar-zgjedhjet-dhe-kujton-se-do-shpetoje-boten-rama-sulmon-albin-kurtin-i-them-atyre-qe-nuk-kane-bere-asnje-pune-se","status":"publish","type":"post","link":"https:\/\/www.shqiperia.com\/blog\/vjen-njeri-qe-ka-fituar-zgjedhjet-dhe-kujton-se-do-shpetoje-boten-rama-sulmon-albin-kurtin-i-them-atyre-qe-nuk-kane-bere-asnje-pune-se\/","title":{"rendered":"\u201cVjen nj\u00ebri q\u00eb ka fituar zgjedhjet dhe kujton se do shp\u00ebtoj\u00eb bot\u00ebn\u201d- Rama sulmon Albin Kurtin: I them atyre q\u00eb nuk kan\u00eb b\u00ebr\u00eb asnj\u00eb pun\u00eb se\u2026"},"content":{"rendered":"<p><img data-recalc-dims=\"1\" loading=\"lazy\" decoding=\"async\" data-attachment-id=\"29540\" data-permalink=\"https:\/\/www.shqiperia.com\/blog\/vjen-njeri-qe-ka-fituar-zgjedhjet-dhe-kujton-se-do-shpetoje-boten-rama-sulmon-albin-kurtin-i-them-atyre-qe-nuk-kane-bere-asnje-pune-se\/i-patitulluar\/\" data-orig-file=\"https:\/\/i0.wp.com\/www.shqiperia.com\/blog\/wp-content\/uploads\/2019\/12\/I-patitulluar.jpg?fit=1024%2C538&amp;ssl=1\" data-orig-size=\"1024,538\" data-comments-opened=\"1\" data-image-meta=\"{&quot;aperture&quot;:&quot;0&quot;,&quot;credit&quot;:&quot;&quot;,&quot;camera&quot;:&quot;&quot;,&quot;caption&quot;:&quot;&quot;,&quot;created_timestamp&quot;:&quot;0&quot;,&quot;copyright&quot;:&quot;&quot;,&quot;focal_length&quot;:&quot;0&quot;,&quot;iso&quot;:&quot;0&quot;,&quot;shutter_speed&quot;:&quot;0&quot;,&quot;title&quot;:&quot;&quot;,&quot;orientation&quot;:&quot;0&quot;}\" data-image-title=\"I-patitulluar\" data-image-description=\"\" data-image-caption=\"\" data-medium-file=\"https:\/\/i0.wp.com\/www.shqiperia.com\/blog\/wp-content\/uploads\/2019\/12\/I-patitulluar.jpg?fit=300%2C158&amp;ssl=1\" data-large-file=\"https:\/\/i0.wp.com\/www.shqiperia.com\/blog\/wp-content\/uploads\/2019\/12\/I-patitulluar.jpg?fit=1024%2C538&amp;ssl=1\" class=\"alignnone  wp-image-29540\" alt=\"\" src=\"https:\/\/i0.wp.com\/www.shqiperia.com\/blog\/wp-content\/uploads\/2019\/12\/I-patitulluar.jpg?resize=518%2C273&#038;ssl=1\" width=\"518\" height=\"273\" srcset=\"https:\/\/i0.wp.com\/www.shqiperia.com\/blog\/wp-content\/uploads\/2019\/12\/I-patitulluar.jpg?resize=300%2C158&amp;ssl=1 300w, https:\/\/i0.wp.com\/www.shqiperia.com\/blog\/wp-content\/uploads\/2019\/12\/I-patitulluar.jpg?resize=768%2C404&amp;ssl=1 768w, https:\/\/i0.wp.com\/www.shqiperia.com\/blog\/wp-content\/uploads\/2019\/12\/I-patitulluar.jpg?resize=450%2C236&amp;ssl=1 450w, https:\/\/i0.wp.com\/www.shqiperia.com\/blog\/wp-content\/uploads\/2019\/12\/I-patitulluar.jpg?resize=600%2C315&amp;ssl=1 600w, https:\/\/i0.wp.com\/www.shqiperia.com\/blog\/wp-content\/uploads\/2019\/12\/I-patitulluar.jpg?resize=400%2C210&amp;ssl=1 400w, https:\/\/i0.wp.com\/www.shqiperia.com\/blog\/wp-content\/uploads\/2019\/12\/I-patitulluar.jpg?w=1024&amp;ssl=1 1024w\" sizes=\"auto, (max-width: 518px) 100vw, 518px\" \/><\/p>\n<p>\u201cVjen nj\u00ebri q\u00eb ka fituar zgjedhjet dhe kujton se do shp\u00ebtoj\u00eb bot\u00ebn\u201d- Rama sulmon Albin Kurtin: I them atyre q\u00eb nuk kan\u00eb b\u00ebr\u00eb asnj\u00eb pun\u00eb se\u2026<\/p>\n<p><em>19 dhjetor 2019<\/em><\/p>\n<p><strong>Kryeministri Edi Rama reagoi ashp\u00ebr ndaj liderit t\u00eb Vet\u00ebvendosje, Albin Kurti, sipas t\u00eb cilit nuk ka b\u00ebr\u00eb asnj\u00eb pun\u00eb n\u00eb jet\u00eb.<\/strong><\/p>\n<p>Duke folur n\u00eb lidhje me takimin e 21 dhjetorit n\u00eb Durr\u00ebs ku i pranish\u00ebm \u00ebsht\u00eb edhe Presidenti serb, Aleksand\u00ebr Vu\u00e7i\u00e7, Rama se gjithkush \u00ebsht\u00eb i hapur p\u00ebr t\u00eb marr\u00eb pjes\u00eb, duke shtuar se projekti nuk do t\u00eb ndalet dhe se p\u00ebr k\u00ebt\u00eb sipas tij, ka mb\u00ebshtetjen e SHBA-ve.<\/p>\n<p>\u201c<em>Nuk ka gj\u00eb m\u00eb t\u00eb gabuar se fitimtari ta kthej\u00eb veten n\u00eb humb\u00ebs. Nuk ka gj\u00eb m\u00eb t\u00eb keqe se t\u00eb vetizolohesh. \u00c7\u00ebshtja e Kosov\u00ebs dhe Serbis\u00eb nuk mund t\u00eb zgjidhet me k\u00ebrcitje dh\u00ebmb\u00ebsh, nuk mund t\u00eb zgjidhet me tarifa q\u00eb jan\u00eb mjete dhe jo q\u00ebllime.<\/em><\/p>\n<p><em>Ai i Durr\u00ebsit \u00ebsht\u00eb nj\u00eb takim q\u00eb \u00ebsht\u00eb i hapur p\u00ebr t\u00eb gjith\u00eb. Palmer m\u00eb ka k\u00ebrkuar 2 vende sepse do t\u00eb d\u00ebrgoj\u00eb dy njer\u00ebz t\u00eb tij n\u00eb Departamentin e Shtetit. Un\u00eb po nuk besova nuk e b\u00ebj. Un\u00eb besoj q\u00eb kjo \u00ebsht\u00eb rruga. E di q\u00eb kur udh\u00ebheq ke edhe koston q\u00eb ata q\u00eb t\u00eb ndjekin mund t\u00eb mos e p\u00eblqejn\u00eb at\u00eb q\u00eb po b\u00ebn.<\/em><\/p>\n<p><em>Un\u00eb e di q\u00eb n\u00eb Kosov\u00eb b\u00ebhet politik\u00eb me mua. Un\u00eb ju them atyre q\u00eb m\u00eb tregojn\u00eb mua nuk kan\u00eb b\u00ebr\u00eb asnj\u00eb pun\u00eb akoma q\u00eb jan\u00eb zgjedhur t\u00eb hapin pak horizontin. Mua nuk m\u00eb ndal dot askush t\u00eb m\u00eb kompleksoj\u00eb duke m\u00eb b\u00ebr\u00eb pis<\/em>.<\/p>\n<p><em>SHBA-t\u00eb nuk do i kishim mb\u00ebshtetje dhe nuk do kishim b\u00ebr\u00eb asnj\u00eb hap n\u00ebse ata nuk do t\u00eb na nxisnin n\u00ebse edhe nga SHBA. N\u00ebse ata do e shikonin me dyshim do na thoshin \u201cstop nj\u00eb her\u00eb, se nuk \u00ebsht\u00eb koha. Vjen nj\u00ebri q\u00eb ka fituar zgjedhjet n\u00eb Kosov\u00eb dhe kujton se do shp\u00ebtoj\u00eb bot\u00ebn dhe m\u00eb thot\u00eb mua mos u ngut<\/em>\u201d, tha ai gjat\u00eb nj\u00eb interviste p\u00ebr Baton Haxhiun.<\/p>\n","protected":false},"excerpt":{"rendered":"<p>\u201cVjen nj\u00ebri q\u00eb ka fituar zgjedhjet dhe kujton se do shp\u00ebtoj\u00eb bot\u00ebn\u201d- Rama sulmon Albin Kurtin: I them atyre q\u00eb nuk kan\u00eb b\u00ebr\u00eb asnj\u00eb pun\u00eb se\u2026 19 dhjetor 2019 Kryeministri Edi Rama reagoi ashp\u00ebr ndaj liderit t\u00eb Vet\u00ebvendosje, Albin Kurti, sipas t\u00eb cilit nuk ka b\u00ebr\u00eb asnj\u00eb pun\u00eb n\u00eb jet\u00eb. Duke folur n\u00eb lidhje me [&hellip;]<\/p>\n","protected":false},"author":9,"featured_media":29540,"comment_status":"open","ping_status":"open","sticky":false,"template":"","format":"standard","meta":{"jetpack_post_was_ever_published":false,"_jetpack_newsletter_access":"","_jetpack_dont_email_post_to_subs":false,"_jetpack_newsletter_tier_id":0,"_jetpack_memberships_contains_paywalled_content":false,"_jetpack_memberships_contains_paid_content":false,"footnotes":"","jetpack_publicize_message":"","jetpack_publicize_feature_enabled":true,"jetpack_social_post_already_shared":true,"jetpack_social_options":{"image_generator_settings":{"template":"highway","default_image_id":0,"font":"","enabled":false},"version":2}},"categories":[27,35],"tags":[],"class_list":["post-29539","post","type-post","status-publish","format-standard","has-post-thumbnail","hentry","category-blogu-i-udhetarit","category-shoqerore"],"jetpack_publicize_connections":[],"jetpack_featured_media_url":"https:\/\/i0.wp.com\/www.shqiperia.com\/blog\/wp-content\/uploads\/2019\/12\/I-patitulluar.jpg?fit=1024%2C538&ssl=1","jetpack_sharing_enabled":true,"jetpack_shortlink":"https:\/\/wp.me\/p5Z6wp-7Gr","jetpack-related-posts":[{"id":26864,"url":"https:\/\/www.shqiperia.com\/blog\/analisti-i-njohur-ben-deklaraten-e-forte-rama-e-ka-frike-albin-kurtin-ja-pse\/","url_meta":{"origin":29539,"position":0},"title":"Analisti i njohur b\u00ebn deklarat\u00ebn e fort\u00eb: Rama e ka frik\u00eb Albin Kurtin, ja pse","author":"Kurt Farka","date":"October 10, 2019","format":false,"excerpt":"Analisti i njohur b\u00ebn deklarat\u00ebn e fort\u00eb: Rama e ka frik\u00eb Albin Kurtin, ja pse \u00a010\/10\/2019 Analisti Armand Shkullaku i ftaur n\u00eb 'Opinion' tha se kryeministri Edi Rama frik\u00ebsohet nga fakti q\u00eb n\u00eb Kosov\u00eb zgjedhjet i fitoi Albin Kurti.Dhe kjo sipas tij, sepse shqiptar\u00ebt e Shqip\u00ebris\u00eb mor\u00ebn nj\u00eb leksion t\u00eb\u2026","rel":"","context":"In &quot;Blogu i Udh\u00ebtarit&quot;","block_context":{"text":"Blogu i Udh\u00ebtarit","link":"https:\/\/www.shqiperia.com\/blog\/category\/blogu-i-udhetarit\/"},"img":{"alt_text":"","src":"https:\/\/i0.wp.com\/www.shqiperia.com\/blog\/wp-content\/uploads\/2019\/10\/rama-dhe-kurti-960x570-300x180.jpg?resize=350%2C200&ssl=1","width":350,"height":200},"classes":[]},{"id":27360,"url":"https:\/\/www.shqiperia.com\/blog\/berisha-flet-per-albin-kurtin-eshte-kafshe-politike-njeri-me\/","url_meta":{"origin":29539,"position":1},"title":"Berisha flet p\u00ebr Albin Kurtin: Esht\u00eb \u201ckafsh\u00eb politike\u201d, njeri me\u2026\u201d","author":"Kurt Farka","date":"October 27, 2019","format":false,"excerpt":"Berisha flet p\u00ebr Albin Kurtin: Esht\u00eb \u201ckafsh\u00eb politike\u201d, njeri me\u2026\u201d 25 tetor 2019 Mbr\u00ebmjen e sotme n\u00eb emisionin \u201cZon\u00eb e Lir\u00eb\u201d \u00ebsht\u00eb i ftuar Sali Berisha, i cili ka folur p\u00ebr marr\u00ebdh\u00ebnien q\u00eb ka me kreun e Vet\u00ebvendosjes, Albin Kurtin. \u201cUn\u00eb mendoj se n\u00eb sked\u00ebn politike shqiptare Albin Kurti \u00ebsht\u00eb\u2026","rel":"","context":"In &quot;Blogu i Udh\u00ebtarit&quot;","block_context":{"text":"Blogu i Udh\u00ebtarit","link":"https:\/\/www.shqiperia.com\/blog\/category\/blogu-i-udhetarit\/"},"img":{"alt_text":"","src":"https:\/\/i0.wp.com\/www.shqiperia.com\/blog\/wp-content\/uploads\/2019\/10\/Berisha-Albin-Kurti.png?fit=600%2C360&ssl=1&resize=350%2C200","width":350,"height":200,"srcset":"https:\/\/i0.wp.com\/www.shqiperia.com\/blog\/wp-content\/uploads\/2019\/10\/Berisha-Albin-Kurti.png?fit=600%2C360&ssl=1&resize=350%2C200 1x, https:\/\/i0.wp.com\/www.shqiperia.com\/blog\/wp-content\/uploads\/2019\/10\/Berisha-Albin-Kurti.png?fit=600%2C360&ssl=1&resize=525%2C300 1.5x"},"classes":[]},{"id":30076,"url":"https:\/\/www.shqiperia.com\/blog\/gropa-vetem-sa-po-thellohet-fatos-lubonja-duket-se-opozites-i-kane-mbaruar-fisheket-dhe-tani-po-kthehet-tek-flet-edhe-per-albin-kurtin\/","url_meta":{"origin":29539,"position":2},"title":"\u201cGropa vet\u00ebm sa po thellohet!\u201d- Fatos Lubonja: Duket se opozit\u00ebs i kan\u00eb mbaruar \u201cfishek\u00ebt\u201d dhe tani po kthehet tek\u2026 Flet edhe p\u00ebr Albin Kurtin","author":"Kurt Farka","date":"January 6, 2020","format":false,"excerpt":"\u201cGropa vet\u00ebm sa po thellohet!\u201d- Fatos Lubonja: Duket se opozit\u00ebs i kan\u00eb mbaruar \u201cfishek\u00ebt\u201d dhe tani po kthehet tek\u2026 Flet edhe p\u00ebr Albin Kurtin 6 janar 2020 Analisti Fatos Lubonja komentoi zhvillimet e fundit politike n\u00eb vend dhe p\u00ebr Albin Kurtin\u00a0 n\u00eb Kosov\u00eb. I ftuar n\u00eb rubrik\u00ebn \u201cOpinion\u201d, n\u00eb News24,\u2026","rel":"","context":"In &quot;Blogu i Udh\u00ebtarit&quot;","block_context":{"text":"Blogu i Udh\u00ebtarit","link":"https:\/\/www.shqiperia.com\/blog\/category\/blogu-i-udhetarit\/"},"img":{"alt_text":"","src":"https:\/\/i0.wp.com\/www.shqiperia.com\/blog\/wp-content\/uploads\/2020\/01\/lubonja-770x400-1.jpg?fit=770%2C400&ssl=1&resize=350%2C200","width":350,"height":200,"srcset":"https:\/\/i0.wp.com\/www.shqiperia.com\/blog\/wp-content\/uploads\/2020\/01\/lubonja-770x400-1.jpg?fit=770%2C400&ssl=1&resize=350%2C200 1x, https:\/\/i0.wp.com\/www.shqiperia.com\/blog\/wp-content\/uploads\/2020\/01\/lubonja-770x400-1.jpg?fit=770%2C400&ssl=1&resize=525%2C300 1.5x, https:\/\/i0.wp.com\/www.shqiperia.com\/blog\/wp-content\/uploads\/2020\/01\/lubonja-770x400-1.jpg?fit=770%2C400&ssl=1&resize=700%2C400 2x"},"classes":[]},{"id":72600,"url":"https:\/\/www.shqiperia.com\/blog\/draft-statuti-i-rames-per-asociacionin-neritan-ceka-nese-nuk-eshte-konsultuar-me-albin-kurtin-eshte-gabim-i-kryeministrit-shqiptar\/","url_meta":{"origin":29539,"position":3},"title":"Draft-statuti i Ram\u00ebs p\u00ebr asociacionin, Neritan Ceka: &#8211; N\u00ebse nuk \u00ebsht\u00eb konsultuar me Albin Kurtin, \u00ebsht\u00eb gabim i kryeministrit shqiptar","author":"Kurt Farka","date":"July 8, 2023","format":false,"excerpt":"8 Korrik 2023 Historiani Neritan Ceka \u00ebsht\u00eb shprehur se n\u00ebse kryeministri Edi Rama nuk \u00ebsht\u00eb konsultuar me kryeministrin e Kosov\u00ebs, Albin Kurtin p\u00ebr draft-statutin p\u00ebr asociacionin e komunave me shumic\u00eb serbe n\u00eb Veri, ka b\u00ebr\u00eb gabim. Komentet Ceka i b\u00ebri n\u00eb emisionin \u201cKjo Jav\u00eb\u201d n\u00eb News24, ku foli p\u00ebr marr\u00ebdh\u00ebniet\u2026","rel":"","context":"In &quot;Blogu i Udh\u00ebtarit&quot;","block_context":{"text":"Blogu i Udh\u00ebtarit","link":"https:\/\/www.shqiperia.com\/blog\/category\/blogu-i-udhetarit\/"},"img":{"alt_text":"","src":"https:\/\/i0.wp.com\/www.shqiperia.com\/blog\/wp-content\/uploads\/2023\/07\/800-0-54685753d6b197c4a1e5f7269f455c1c.jpg?fit=800%2C455&ssl=1&resize=350%2C200","width":350,"height":200,"srcset":"https:\/\/i0.wp.com\/www.shqiperia.com\/blog\/wp-content\/uploads\/2023\/07\/800-0-54685753d6b197c4a1e5f7269f455c1c.jpg?fit=800%2C455&ssl=1&resize=350%2C200 1x, https:\/\/i0.wp.com\/www.shqiperia.com\/blog\/wp-content\/uploads\/2023\/07\/800-0-54685753d6b197c4a1e5f7269f455c1c.jpg?fit=800%2C455&ssl=1&resize=525%2C300 1.5x, https:\/\/i0.wp.com\/www.shqiperia.com\/blog\/wp-content\/uploads\/2023\/07\/800-0-54685753d6b197c4a1e5f7269f455c1c.jpg?fit=800%2C455&ssl=1&resize=700%2C400 2x"},"classes":[]},{"id":16029,"url":"https:\/\/www.shqiperia.com\/blog\/deklarata-e-mustafa-nanos-rama-eshte-i-lodhur-skuptoj-pse-rri-akoma-me-vjen-turp-prej-tij\/","url_meta":{"origin":29539,"position":4},"title":"Deklarata e Mustafa Nanos: &#8211; Rama \u00ebsht\u00eb i lodhur, s\u2019kuptoj pse rri akoma? M\u00eb vjen turp prej tij. &#8211;","author":"Kurt Farka","date":"January 14, 2019","format":false,"excerpt":"Deklarata e Mustafa Nanos: - Rama \u00ebsht\u00eb i lodhur, s\u2019kuptoj pse rri akoma? M\u00eb vjen turp prej tij. - Mustafa Nano gjat\u00eb emisionit \u201cOpinion\u201d\u00a0 ka b\u00ebr\u00eb nj\u00eb deklarat\u00eb t\u00eb fort\u00eb ku ka kritikuar hapur dhe ashp\u00ebr Edi Ram\u00ebn. \u201cUn\u00eb k\u00ebt\u00eb protest\u00eb e kam par\u00eb si nj\u00eb protest\u00eb kund\u00ebr qeveris\u00eb, deri\u2026","rel":"","context":"In &quot;Blogu i Udh\u00ebtarit&quot;","block_context":{"text":"Blogu i Udh\u00ebtarit","link":"https:\/\/www.shqiperia.com\/blog\/category\/blogu-i-udhetarit\/"},"img":{"alt_text":"","src":"https:\/\/i0.wp.com\/www.shqiperia.com\/blog\/wp-content\/uploads\/2019\/01\/nanao.jpg?fit=874%2C523&ssl=1&resize=350%2C200","width":350,"height":200,"srcset":"https:\/\/i0.wp.com\/www.shqiperia.com\/blog\/wp-content\/uploads\/2019\/01\/nanao.jpg?fit=874%2C523&ssl=1&resize=350%2C200 1x, https:\/\/i0.wp.com\/www.shqiperia.com\/blog\/wp-content\/uploads\/2019\/01\/nanao.jpg?fit=874%2C523&ssl=1&resize=525%2C300 1.5x, https:\/\/i0.wp.com\/www.shqiperia.com\/blog\/wp-content\/uploads\/2019\/01\/nanao.jpg?fit=874%2C523&ssl=1&resize=700%2C400 2x"},"classes":[]},{"id":62324,"url":"https:\/\/www.shqiperia.com\/blog\/i-thashe-rames-behu-vete-minister-i-jashtem-meta-perplaset-ashper-me-baton-haxhiun-zbulojne-te-pathenat-e-bisedave-per-ndarjen-e-kosoves-dhe-mosdekretimin-e-gent-cakaj\/","url_meta":{"origin":29539,"position":5},"title":"\u201cI thash\u00eb Ram\u00ebs b\u00ebhu vet\u00eb minist\u00ebr i Jasht\u00ebm\u201d- Meta p\u00ebrplaset ashp\u00ebr me Baton Haxhiun, zbulojn\u00eb t\u00eb path\u00ebnat e bisedave p\u00ebr ndarjen e Kosov\u00ebs dhe mosdekretimin e Gent Cakaj","author":"Kurt Farka","date":"September 16, 2022","format":false,"excerpt":"15 Shtator 2022 Kryetari i Partis\u00eb s\u00eb Liris\u00eb, Ilir Meta, ka folur n\u00eb\u00a0 Syri Tv p\u00ebr debatin e patur me kryeministrin Rama p\u00ebr mosdekretimin e Gent Cakaj si Minist\u00ebr i Jasht\u00ebm. Meta ka deklaruar se i ka propozuar kryeministrit Rama t\u00eb vendos\u00eb nj\u00eb figur\u00eb politike me eksperienc\u00eb n\u00eb postin e\u2026","rel":"","context":"In &quot;Blogu i Udh\u00ebtarit&quot;","block_context":{"text":"Blogu i Udh\u00ebtarit","link":"https:\/\/www.shqiperia.com\/blog\/category\/blogu-i-udhetarit\/"},"img":{"alt_text":"","src":"https:\/\/i0.wp.com\/www.shqiperia.com\/blog\/wp-content\/uploads\/2022\/09\/Gent-Cakaj.jpg?fit=1024%2C610&ssl=1&resize=350%2C200","width":350,"height":200,"srcset":"https:\/\/i0.wp.com\/www.shqiperia.com\/blog\/wp-content\/uploads\/2022\/09\/Gent-Cakaj.jpg?fit=1024%2C610&ssl=1&resize=350%2C200 1x, https:\/\/i0.wp.com\/www.shqiperia.com\/blog\/wp-content\/uploads\/2022\/09\/Gent-Cakaj.jpg?fit=1024%2C610&ssl=1&resize=525%2C300 1.5x, https:\/\/i0.wp.com\/www.shqiperia.com\/blog\/wp-content\/uploads\/2022\/09\/Gent-Cakaj.jpg?fit=1024%2C610&ssl=1&resize=700%2C400 2x"},"classes":[]}],"_links":{"self":[{"href":"https:\/\/www.shqiperia.com\/blog\/wp-json\/wp\/v2\/posts\/29539","targetHints":{"allow":["GET"]}}],"collection":[{"href":"https:\/\/www.shqiperia.com\/blog\/wp-json\/wp\/v2\/posts"}],"about":[{"href":"https:\/\/www.shqiperia.com\/blog\/wp-json\/wp\/v2\/types\/post"}],"author":[{"embeddable":true,"href":"https:\/\/www.shqiperia.com\/blog\/wp-json\/wp\/v2\/users\/9"}],"replies":[{"embeddable":true,"href":"https:\/\/www.shqiperia.com\/blog\/wp-json\/wp\/v2\/comments?post=29539"}],"version-history":[{"count":1,"href":"https:\/\/www.shqiperia.com\/blog\/wp-json\/wp\/v2\/posts\/29539\/revisions"}],"predecessor-version":[{"id":29541,"href":"https:\/\/www.shqiperia.com\/blog\/wp-json\/wp\/v2\/posts\/29539\/revisions\/29541"}],"wp:featuredmedia":[{"embeddable":true,"href":"https:\/\/www.shqiperia.com\/blog\/wp-json\/wp\/v2\/media\/29540"}],"wp:attachment":[{"href":"https:\/\/www.shqiperia.com\/blog\/wp-json\/wp\/v2\/media?parent=29539"}],"wp:term":[{"taxonomy":"category","embeddable":true,"href":"https:\/\/www.shqiperia.com\/blog\/wp-json\/wp\/v2\/categories?post=29539"},{"taxonomy":"post_tag","embeddable":true,"href":"https:\/\/www.shqiperia.com\/blog\/wp-json\/wp\/v2\/tags?post=29539"}],"curies":[{"name":"wp","href":"https:\/\/api.w.org\/{rel}","templated":true}]}}