{"id":29535,"date":"2019-12-20T21:39:30","date_gmt":"2019-12-20T21:39:30","guid":{"rendered":"https:\/\/www.shqiperia.com\/blog\/?p=29535"},"modified":"2019-12-20T21:39:30","modified_gmt":"2019-12-20T21:39:30","slug":"cfare-eshte-ertv","status":"publish","type":"post","link":"https:\/\/www.shqiperia.com\/blog\/cfare-eshte-ertv\/","title":{"rendered":"\u00c7far\u00eb \u00ebsht\u00eb ERTV?"},"content":{"rendered":"<p><img data-recalc-dims=\"1\" loading=\"lazy\" decoding=\"async\" data-attachment-id=\"29536\" data-permalink=\"https:\/\/www.shqiperia.com\/blog\/cfare-eshte-ertv\/ertv\/\" data-orig-file=\"https:\/\/i0.wp.com\/www.shqiperia.com\/blog\/wp-content\/uploads\/2019\/12\/ERTV.png?fit=717%2C450&amp;ssl=1\" data-orig-size=\"717,450\" data-comments-opened=\"1\" data-image-meta=\"{&quot;aperture&quot;:&quot;0&quot;,&quot;credit&quot;:&quot;&quot;,&quot;camera&quot;:&quot;&quot;,&quot;caption&quot;:&quot;&quot;,&quot;created_timestamp&quot;:&quot;0&quot;,&quot;copyright&quot;:&quot;&quot;,&quot;focal_length&quot;:&quot;0&quot;,&quot;iso&quot;:&quot;0&quot;,&quot;shutter_speed&quot;:&quot;0&quot;,&quot;title&quot;:&quot;&quot;,&quot;orientation&quot;:&quot;0&quot;}\" data-image-title=\"ERTV\" data-image-description=\"\" data-image-caption=\"\" data-medium-file=\"https:\/\/i0.wp.com\/www.shqiperia.com\/blog\/wp-content\/uploads\/2019\/12\/ERTV.png?fit=300%2C188&amp;ssl=1\" data-large-file=\"https:\/\/i0.wp.com\/www.shqiperia.com\/blog\/wp-content\/uploads\/2019\/12\/ERTV.png?fit=717%2C450&amp;ssl=1\" class=\"alignnone  wp-image-29536\" alt=\"\" src=\"https:\/\/i0.wp.com\/www.shqiperia.com\/blog\/wp-content\/uploads\/2019\/12\/ERTV.png?resize=527%2C330&#038;ssl=1\" width=\"527\" height=\"330\" srcset=\"https:\/\/i0.wp.com\/www.shqiperia.com\/blog\/wp-content\/uploads\/2019\/12\/ERTV.png?resize=300%2C188&amp;ssl=1 300w, https:\/\/i0.wp.com\/www.shqiperia.com\/blog\/wp-content\/uploads\/2019\/12\/ERTV.png?resize=450%2C282&amp;ssl=1 450w, https:\/\/i0.wp.com\/www.shqiperia.com\/blog\/wp-content\/uploads\/2019\/12\/ERTV.png?resize=600%2C377&amp;ssl=1 600w, https:\/\/i0.wp.com\/www.shqiperia.com\/blog\/wp-content\/uploads\/2019\/12\/ERTV.png?resize=400%2C251&amp;ssl=1 400w, https:\/\/i0.wp.com\/www.shqiperia.com\/blog\/wp-content\/uploads\/2019\/12\/ERTV.png?w=717&amp;ssl=1 717w\" sizes=\"auto, (max-width: 527px) 100vw, 527px\" \/><\/p>\n<p><strong>\u00c7far\u00eb \u00ebsht\u00eb ERTV?<\/strong><\/p>\n<p>Kryeministri Edi Rama ka dh\u00ebn\u00eb sot n\u00eb Parlament nj\u00eb p\u00ebrgjigje p\u00ebr akuzat q\u00eb i jan\u00eb b\u00ebr\u00eb p\u00ebr ERTV.<\/p>\n<p>ERTV kuptohet se \u00ebsht\u00eb Edi Rama Televizion.<\/p>\n<p>T\u00eb pakt\u00ebn k\u00ebt\u00eb kemi kuptuar deri m\u00eb sot.<\/p>\n<p>Kryeministri thot\u00eb t\u00eb kund\u00ebrt\u00ebn.<\/p>\n<p>\u201c\u00c7do logo videoje n\u00eb Facebook e quajn\u00eb televizion\u201d \u2013 tha ai.<\/p>\n<p>Mir\u00ebpo \u00e7far\u00eb \u00ebsht\u00eb ERTV n\u00eb kuptim edhe t\u00eb ligjit q\u00eb po diskutohet?<\/p>\n<p>A mund t\u00eb quhet ai vet\u00ebm nj\u00eb sh\u00ebrbim video i Facebook nd\u00ebrkoh\u00eb q\u00eb ka t\u00eb drejta ekskluzive transmetimi t\u00eb aktiviteteve t\u00eb shumta zyrtare pa asnj\u00eb vendim?<\/p>\n<p>K\u00ebt\u00eb kryeministri nuk e sqaroi, por ka shtuar se ERTV nuk merr para n\u00ebn dor\u00eb dhe se ajo kushton shum\u00eb m\u00eb pak se portali m\u00eb irrelevant.<\/p>\n<p>Sa kushton ERTV?<\/p>\n<p>Si i paguan z. Rama ata q\u00eb punojn\u00eb aty? Dhe \u00e7far\u00eb \u00ebsht\u00eb ERTV?<\/p>\n<p>Pyetje q\u00eb k\u00ebrkojn\u00eb p\u00ebrgjigje zyrtare tashm\u00eb meqen\u00ebse kryeministri \u00ebsht\u00eb shqet\u00ebsuar kaq shum\u00eb.<\/p>\n<p><strong>ResPublica<\/strong><\/p>\n<p><strong>Nga Gazeta Dita<\/strong><\/p>\n","protected":false},"excerpt":{"rendered":"<p>\u00c7far\u00eb \u00ebsht\u00eb ERTV? Kryeministri Edi Rama ka dh\u00ebn\u00eb sot n\u00eb Parlament nj\u00eb p\u00ebrgjigje p\u00ebr akuzat q\u00eb i jan\u00eb b\u00ebr\u00eb p\u00ebr ERTV. ERTV kuptohet se \u00ebsht\u00eb Edi Rama Televizion. T\u00eb pakt\u00ebn k\u00ebt\u00eb kemi kuptuar deri m\u00eb sot. Kryeministri thot\u00eb t\u00eb kund\u00ebrt\u00ebn. \u201c\u00c7do logo videoje n\u00eb Facebook e quajn\u00eb televizion\u201d \u2013 tha ai. Mir\u00ebpo \u00e7far\u00eb \u00ebsht\u00eb ERTV [&hellip;]<\/p>\n","protected":false},"author":9,"featured_media":29536,"comment_status":"open","ping_status":"open","sticky":false,"template":"","format":"standard","meta":{"jetpack_post_was_ever_published":false,"_jetpack_newsletter_access":"","_jetpack_dont_email_post_to_subs":false,"_jetpack_newsletter_tier_id":0,"_jetpack_memberships_contains_paywalled_content":false,"_jetpack_memberships_contains_paid_content":false,"footnotes":"","jetpack_publicize_message":"","jetpack_publicize_feature_enabled":true,"jetpack_social_post_already_shared":true,"jetpack_social_options":{"image_generator_settings":{"template":"highway","default_image_id":0,"font":"","enabled":false},"version":2}},"categories":[27,1,35],"tags":[],"class_list":["post-29535","post","type-post","status-publish","format-standard","has-post-thumbnail","hentry","category-blogu-i-udhetarit","category-njoftime-shtypi","category-shoqerore"],"jetpack_publicize_connections":[],"jetpack_featured_media_url":"https:\/\/i0.wp.com\/www.shqiperia.com\/blog\/wp-content\/uploads\/2019\/12\/ERTV.png?fit=717%2C450&ssl=1","jetpack_sharing_enabled":true,"jetpack_shortlink":"https:\/\/wp.me\/p5Z6wp-7Gn","jetpack-related-posts":[{"id":6771,"url":"https:\/\/www.shqiperia.com\/blog\/6771-2\/","url_meta":{"origin":29535,"position":0},"title":"Raporti DASH\/ LSI akuza t\u00eb forta: Amerika l\u00ebshoi alarmin, Rama po fundos vendin! &#8211;","author":"Kurt Farka","date":"April 21, 2018","format":false,"excerpt":"Publikuar: 2018-04-21 Vasili: Ertv si televizion i ngjajshem i Sadam Husejnit. Kreu i grupit parlamentar t\u00eb LSI-s\u00eb, Petrit Vasili ka l\u00ebshuar nj\u00eb lum akuzash kund\u00ebr kryeministrit. M\u00eb an\u00eb t\u00eb nj\u00eb postimi n\u00eb facebook,Vasili ka reaguar pas raportit t\u00eb DASH p\u00ebr vendin ton\u00eb. Vasili shkruan se \u201cDepartamenti Amerikan i Shtetit, nxjerr\u2026","rel":"","context":"In &quot;Politika&quot;","block_context":{"text":"Politika","link":"https:\/\/www.shqiperia.com\/blog\/category\/politika\/"},"img":{"alt_text":"","src":"https:\/\/i0.wp.com\/www.shqiperia.com\/blog\/wp-content\/uploads\/2018\/04\/vasili-vasili-vasili.jpg?fit=689%2C488&ssl=1&resize=350%2C200","width":350,"height":200,"srcset":"https:\/\/i0.wp.com\/www.shqiperia.com\/blog\/wp-content\/uploads\/2018\/04\/vasili-vasili-vasili.jpg?fit=689%2C488&ssl=1&resize=350%2C200 1x, https:\/\/i0.wp.com\/www.shqiperia.com\/blog\/wp-content\/uploads\/2018\/04\/vasili-vasili-vasili.jpg?fit=689%2C488&ssl=1&resize=525%2C300 1.5x"},"classes":[]},{"id":29303,"url":"https:\/\/www.shqiperia.com\/blog\/alfred-lela-rama-synon-te-ngreje-zyren-e-censures-si-ne-komunizem\/","url_meta":{"origin":29535,"position":1},"title":"Alfred Lela: Rama synon t\u00eb ngrej\u00eb Zyr\u00ebn e Censur\u00ebs si n\u00eb komuniz\u00ebm. &#8211;","author":"Kurt Farka","date":"December 14, 2019","format":false,"excerpt":"Alfred Lela: Rama synon t\u00eb ngrej\u00eb Zyr\u00ebn e Censur\u00ebs si n\u00eb komuniz\u00ebm. - Mazhoranca qeveris\u00ebse n\u00eb Kuvend pritet t\u00eb votoj\u00eb dy projektligje t\u00eb cilat amendojn\u00eb ligjet \u2018p\u00ebr median audiovizive\u2019 dhe \u2018komunikimet elektronike\u2019, t\u00eb kund\u00ebrshtuara fort nga organizatat e mediave dhe nd\u00ebrkomb\u00ebtar\u00ebt duke i konsideruar si cenim t\u00eb \u201cliris\u00eb s\u00eb fjal\u00ebs\u201d.\u2026","rel":"","context":"In &quot;Blogu i Udh\u00ebtarit&quot;","block_context":{"text":"Blogu i Udh\u00ebtarit","link":"https:\/\/www.shqiperia.com\/blog\/category\/blogu-i-udhetarit\/"},"img":{"alt_text":"","src":"https:\/\/i0.wp.com\/www.shqiperia.com\/blog\/wp-content\/uploads\/2019\/12\/Alfred-Lela-300x152.jpg?resize=350%2C200&ssl=1","width":350,"height":200,"srcset":"https:\/\/i0.wp.com\/www.shqiperia.com\/blog\/wp-content\/uploads\/2019\/12\/Alfred-Lela-300x152.jpg?resize=350%2C200&ssl=1 1x, https:\/\/i0.wp.com\/www.shqiperia.com\/blog\/wp-content\/uploads\/2019\/12\/Alfred-Lela-300x152.jpg?resize=525%2C300&ssl=1 1.5x"},"classes":[]},{"id":28970,"url":"https:\/\/www.shqiperia.com\/blog\/do-bej-une-ndonje-gje-per-ato-letrat-vangjush-dako-qeteson-edi-ramen\/","url_meta":{"origin":29535,"position":2},"title":"\u201cDo b\u00ebj un\u00eb ndonj\u00eb gje p\u00ebr ato letrat\u201d, Vangjush Dako qet\u00ebson Edi Ram\u00ebn","author":"Kurt Farka","date":"December 6, 2019","format":false,"excerpt":"\u00a0\u201cDo b\u00ebj un\u00eb ndonj\u00eb gje p\u00ebr ato letrat\u201d, Vangjush Dako qet\u00ebson Edi Ram\u00ebn 05.12.19 Gazeta Shqiptare Ish kryebashkiaku i Durr\u00ebsit, Vangjush Dako, \u00ebsht\u00eb shfaqur n\u00eb fund t\u00eb nj\u00eb transmetimi \u2018live\u2019 t\u00eb kryeministrit Edi Rama n\u00eb ERTV. N\u00eb momentin q\u00eb transmetimi do t\u00eb p\u00ebrfundonte dhe Rama po largohej, n\u00eb kamera shfaqet\u2026","rel":"","context":"In &quot;Blogu i Udh\u00ebtarit&quot;","block_context":{"text":"Blogu i Udh\u00ebtarit","link":"https:\/\/www.shqiperia.com\/blog\/category\/blogu-i-udhetarit\/"},"img":{"alt_text":"","src":"https:\/\/i0.wp.com\/www.shqiperia.com\/blog\/wp-content\/uploads\/2019\/12\/dakooooo-dhe-rama-e1575574465585-770x433.png?fit=770%2C433&ssl=1&resize=350%2C200","width":350,"height":200,"srcset":"https:\/\/i0.wp.com\/www.shqiperia.com\/blog\/wp-content\/uploads\/2019\/12\/dakooooo-dhe-rama-e1575574465585-770x433.png?fit=770%2C433&ssl=1&resize=350%2C200 1x, https:\/\/i0.wp.com\/www.shqiperia.com\/blog\/wp-content\/uploads\/2019\/12\/dakooooo-dhe-rama-e1575574465585-770x433.png?fit=770%2C433&ssl=1&resize=525%2C300 1.5x, https:\/\/i0.wp.com\/www.shqiperia.com\/blog\/wp-content\/uploads\/2019\/12\/dakooooo-dhe-rama-e1575574465585-770x433.png?fit=770%2C433&ssl=1&resize=700%2C400 2x"},"classes":[]},{"id":23042,"url":"https:\/\/www.shqiperia.com\/blog\/dhunimi-i-lirise-se-shprehjes-te-rinjte-mbyllin-gojen-me-ertv-ne-e-rames\/","url_meta":{"origin":29535,"position":3},"title":"Dhunimi i liris\u00eb s\u00eb shprehjes, t\u00eb rinjt\u00eb mbyllin goj\u00ebn me ERTV-n\u00eb e Ram\u00ebs","author":"Kurt Farka","date":"July 10, 2019","format":false,"excerpt":"Nga\u00a0Gazeta Telegraf Protestuesit n\u00eb shenj\u00eb protest\u00eb t\u00eb munges\u00ebs s\u00eb liris\u00eb s\u00eb shprehjes kan\u00eb mbyllur goj\u00ebn me logon ERTV. Nj\u00eb form\u00eb proteste edhe ndaj p\u00ebrpjkejeve t\u00eb qeveris\u00eb dhe Edi Ram\u00ebs p\u00ebr ti mbyllur goj\u00ebn kritik\u00ebve dhe ve\u00e7an\u00ebrisht pas miratimit t\u00eb paket\u00ebs s\u00eb re t\u00eb censur\u00ebs t\u00eb miratuar nga qeveria dhe t\u00eb\u2026","rel":"","context":"In &quot;Blogu i Udh\u00ebtarit&quot;","block_context":{"text":"Blogu i Udh\u00ebtarit","link":"https:\/\/www.shqiperia.com\/blog\/category\/blogu-i-udhetarit\/"},"img":{"alt_text":"","src":"https:\/\/i0.wp.com\/www.shqiperia.com\/blog\/wp-content\/uploads\/2019\/07\/auto_0910e653-738e-4f45-8990-f511a182cb741562611354-696x464-300x143.jpg?resize=350%2C200","width":350,"height":200},"classes":[]},{"id":54376,"url":"https:\/\/www.shqiperia.com\/blog\/plas-keq-debati-ne-komision-rama-i-kthehet-deputetit-nuk-ka-lindur-ai-burre-qe-me\/","url_meta":{"origin":29535,"position":4},"title":"Plas keq debati n\u00eb Komision: &#8211; \u00a0Rama i kthehet deputetit: Nuk ka lindur ai burr\u00eb q\u00eb m\u00eb&#8230;","author":"Kurt Farka","date":"February 23, 2022","format":false,"excerpt":"Plas keq debati n\u00eb Komision: - \u00a0Rama i kthehet deputetit: Nuk ka lindur ai burr\u00eb q\u00eb m\u00eb... 23 SHKURT 2022 Kryeministri ka debatuar me deputetin demokrat Lu\u00e7iano Bo\u00e7i n\u00eb Komisionin Hetimor p\u00ebr Incenerator\u00ebt. Bo\u00e7i e pyeti Ram\u00ebn n\u00ebse ka nj\u00eb VKM q\u00eb ndryshon autoritetin kontraktor n\u00eb vitin 2018 nga Ministria\u2026","rel":"","context":"In &quot;Blogu i Udh\u00ebtarit&quot;","block_context":{"text":"Blogu i Udh\u00ebtarit","link":"https:\/\/www.shqiperia.com\/blog\/category\/blogu-i-udhetarit\/"},"img":{"alt_text":"","src":"https:\/\/i0.wp.com\/www.shqiperia.com\/blog\/wp-content\/uploads\/2022\/02\/800-0-621689854788f.png?fit=664%2C327&ssl=1&resize=350%2C200","width":350,"height":200,"srcset":"https:\/\/i0.wp.com\/www.shqiperia.com\/blog\/wp-content\/uploads\/2022\/02\/800-0-621689854788f.png?fit=664%2C327&ssl=1&resize=350%2C200 1x, https:\/\/i0.wp.com\/www.shqiperia.com\/blog\/wp-content\/uploads\/2022\/02\/800-0-621689854788f.png?fit=664%2C327&ssl=1&resize=525%2C300 1.5x"},"classes":[]},{"id":67477,"url":"https:\/\/www.shqiperia.com\/blog\/cfare-eshte-aplikacioni-ku-flisnin-rama-mcgonigal-evi-kokalari-zbardh-detajet-perdoret-nga-cia\/","url_meta":{"origin":29535,"position":5},"title":"\u00c7far\u00eb \u00ebsht\u00eb aplikacioni ku flisnin Rama-McGonigal? &#8211; Evi Kokalari zbardh detajet: P\u00ebrdoret nga CIA","author":"Kurt Farka","date":"February 6, 2023","format":false,"excerpt":"6 Shkurt 2023 Allison Guerriero, ish-e dashura e Charles McGonigal, zbuloi gjat\u00eb nj\u00eb interviste p\u00ebr emisionin Revie\u00eb n\u00eb Eurone\u00ebs Albania, se kryeministri Rama dhe ish-agjenti i FBI-s\u00eb komunikonin n\u00eb nj\u00eb aplikacion t\u00eb pagjurmuesh\u00ebm q\u00eb quhet \u201cViasat\u201d. E ftuar n\u00eb emision, aktivistja Evi Kokalari tha se \u201cViasat\u201d \u00ebsht\u00eb nj\u00eb aplikacion q\u00eb\u2026","rel":"","context":"In &quot;Blogu i Udh\u00ebtarit&quot;","block_context":{"text":"Blogu i Udh\u00ebtarit","link":"https:\/\/www.shqiperia.com\/blog\/category\/blogu-i-udhetarit\/"},"img":{"alt_text":"","src":"https:\/\/i0.wp.com\/www.shqiperia.com\/blog\/wp-content\/uploads\/2023\/02\/800-0-63e01abb69d50.jpg?fit=800%2C445&ssl=1&resize=350%2C200","width":350,"height":200,"srcset":"https:\/\/i0.wp.com\/www.shqiperia.com\/blog\/wp-content\/uploads\/2023\/02\/800-0-63e01abb69d50.jpg?fit=800%2C445&ssl=1&resize=350%2C200 1x, https:\/\/i0.wp.com\/www.shqiperia.com\/blog\/wp-content\/uploads\/2023\/02\/800-0-63e01abb69d50.jpg?fit=800%2C445&ssl=1&resize=525%2C300 1.5x, https:\/\/i0.wp.com\/www.shqiperia.com\/blog\/wp-content\/uploads\/2023\/02\/800-0-63e01abb69d50.jpg?fit=800%2C445&ssl=1&resize=700%2C400 2x"},"classes":[]}],"_links":{"self":[{"href":"https:\/\/www.shqiperia.com\/blog\/wp-json\/wp\/v2\/posts\/29535","targetHints":{"allow":["GET"]}}],"collection":[{"href":"https:\/\/www.shqiperia.com\/blog\/wp-json\/wp\/v2\/posts"}],"about":[{"href":"https:\/\/www.shqiperia.com\/blog\/wp-json\/wp\/v2\/types\/post"}],"author":[{"embeddable":true,"href":"https:\/\/www.shqiperia.com\/blog\/wp-json\/wp\/v2\/users\/9"}],"replies":[{"embeddable":true,"href":"https:\/\/www.shqiperia.com\/blog\/wp-json\/wp\/v2\/comments?post=29535"}],"version-history":[{"count":1,"href":"https:\/\/www.shqiperia.com\/blog\/wp-json\/wp\/v2\/posts\/29535\/revisions"}],"predecessor-version":[{"id":29537,"href":"https:\/\/www.shqiperia.com\/blog\/wp-json\/wp\/v2\/posts\/29535\/revisions\/29537"}],"wp:featuredmedia":[{"embeddable":true,"href":"https:\/\/www.shqiperia.com\/blog\/wp-json\/wp\/v2\/media\/29536"}],"wp:attachment":[{"href":"https:\/\/www.shqiperia.com\/blog\/wp-json\/wp\/v2\/media?parent=29535"}],"wp:term":[{"taxonomy":"category","embeddable":true,"href":"https:\/\/www.shqiperia.com\/blog\/wp-json\/wp\/v2\/categories?post=29535"},{"taxonomy":"post_tag","embeddable":true,"href":"https:\/\/www.shqiperia.com\/blog\/wp-json\/wp\/v2\/tags?post=29535"}],"curies":[{"name":"wp","href":"https:\/\/api.w.org\/{rel}","templated":true}]}}