{"id":29526,"date":"2019-12-20T15:23:23","date_gmt":"2019-12-20T15:23:23","guid":{"rendered":"https:\/\/www.shqiperia.com\/blog\/?p=29526"},"modified":"2019-12-20T15:23:23","modified_gmt":"2019-12-20T15:23:23","slug":"katrahure-ende-jo-diktature","status":"publish","type":"post","link":"https:\/\/www.shqiperia.com\/blog\/katrahure-ende-jo-diktature\/","title":{"rendered":"Katrahur\u00eb, ende jo Diktatur\u00eb. &#8211;"},"content":{"rendered":"<p><img data-recalc-dims=\"1\" loading=\"lazy\" decoding=\"async\" data-attachment-id=\"29527\" data-permalink=\"https:\/\/www.shqiperia.com\/blog\/katrahure-ende-jo-diktature\/rama-limoook-905x450\/\" data-orig-file=\"https:\/\/i0.wp.com\/www.shqiperia.com\/blog\/wp-content\/uploads\/2019\/12\/rama-limoook-905x450-1.jpg?fit=905%2C450&amp;ssl=1\" data-orig-size=\"905,450\" data-comments-opened=\"1\" data-image-meta=\"{&quot;aperture&quot;:&quot;0&quot;,&quot;credit&quot;:&quot;&quot;,&quot;camera&quot;:&quot;&quot;,&quot;caption&quot;:&quot;&quot;,&quot;created_timestamp&quot;:&quot;0&quot;,&quot;copyright&quot;:&quot;&quot;,&quot;focal_length&quot;:&quot;0&quot;,&quot;iso&quot;:&quot;0&quot;,&quot;shutter_speed&quot;:&quot;0&quot;,&quot;title&quot;:&quot;&quot;,&quot;orientation&quot;:&quot;0&quot;}\" data-image-title=\"rama-limoook-905&#215;450\" data-image-description=\"\" data-image-caption=\"\" data-medium-file=\"https:\/\/i0.wp.com\/www.shqiperia.com\/blog\/wp-content\/uploads\/2019\/12\/rama-limoook-905x450-1.jpg?fit=300%2C149&amp;ssl=1\" data-large-file=\"https:\/\/i0.wp.com\/www.shqiperia.com\/blog\/wp-content\/uploads\/2019\/12\/rama-limoook-905x450-1.jpg?fit=905%2C450&amp;ssl=1\" class=\"alignnone  wp-image-29527\" alt=\"\" src=\"https:\/\/i0.wp.com\/www.shqiperia.com\/blog\/wp-content\/uploads\/2019\/12\/rama-limoook-905x450-1.jpg?resize=656%2C326&#038;ssl=1\" width=\"656\" height=\"326\" srcset=\"https:\/\/i0.wp.com\/www.shqiperia.com\/blog\/wp-content\/uploads\/2019\/12\/rama-limoook-905x450-1.jpg?resize=300%2C149&amp;ssl=1 300w, https:\/\/i0.wp.com\/www.shqiperia.com\/blog\/wp-content\/uploads\/2019\/12\/rama-limoook-905x450-1.jpg?resize=768%2C382&amp;ssl=1 768w, https:\/\/i0.wp.com\/www.shqiperia.com\/blog\/wp-content\/uploads\/2019\/12\/rama-limoook-905x450-1.jpg?resize=450%2C224&amp;ssl=1 450w, https:\/\/i0.wp.com\/www.shqiperia.com\/blog\/wp-content\/uploads\/2019\/12\/rama-limoook-905x450-1.jpg?resize=600%2C298&amp;ssl=1 600w, https:\/\/i0.wp.com\/www.shqiperia.com\/blog\/wp-content\/uploads\/2019\/12\/rama-limoook-905x450-1.jpg?resize=400%2C199&amp;ssl=1 400w, https:\/\/i0.wp.com\/www.shqiperia.com\/blog\/wp-content\/uploads\/2019\/12\/rama-limoook-905x450-1.jpg?w=905&amp;ssl=1 905w\" sizes=\"auto, (max-width: 656px) 100vw, 656px\" \/><\/p>\n<p><strong>Katrahur\u00eb, ende jo Diktatur\u00eb<\/strong><\/p>\n<p>18 dhjetor 2019<\/p>\n<p>Opozita kryesore politike n\u00eb vend, por edhe nj\u00eb pjes\u00eb e gazetar\u00ebve po ngren\u00eb alarmin se Edi Rama po instalon diktatur\u00ebn. Me termin diktatur\u00eb e ke t\u00eb thjesht\u00eb t\u00eb asociosh \u00e7do epitet: enveriste, fashiste, narkopolicore etj..<\/p>\n<p>Me ligjin e ri p\u00ebr mediat elektronike duket se opozita dalloi kepin e shpres\u00ebs s\u00eb mir\u00eb p\u00ebr p\u00ebrligjjen e k\u00ebsaj akuze. Mir\u00ebpo me mendje pak t\u00eb ftoht\u00eb gj\u00ebrat nuk jan\u00eb k\u00ebshtu.<\/p>\n<p>Kritika apo v\u00ebrejtja ndaj k\u00ebsaj sjelljeje politike nis padyshim nga premisa e p\u00ebrbashk\u00ebt se z. Rama e ka mbyllur ciklin e qeverisjes s\u00eb vendit.<\/p>\n<p>Atij i mungon ideja p\u00ebr t\u00eb ardhmen t\u00eb cil\u00ebn m\u00eb kot rreket t\u00eb z\u00ebvend\u00ebsoj\u00eb me kauza menaxheriale si\u00e7 \u00ebsht\u00eb p.sh rind\u00ebrtimi, apo edhe reforma n\u00eb administrat\u00eb.<\/p>\n<p>Zoti Rama ka humbur karizm\u00ebn e dikurshme q\u00eb u ngjiz nga naiviteti i shoq\u00ebris\u00eb, propagand\u00ebs mediatike dhe k\u00ebrkesave t\u00eb ul\u00ebta t\u00eb zhvillimit q\u00eb blen\u00eb p\u00ebr sukses kat\u00ebr mure fasad\u00eb.<\/p>\n<p>Zoti Rama nuk t\u00ebrheq m\u00eb rinin\u00eb, as \u00ebsht\u00eb model i saj dhe k\u00ebtu nuk pi uj\u00eb as sfida e hapur e snobit artist me veshjet atipike q\u00eb m\u00ebtojn\u00eb t\u00eb provokojn\u00eb nj\u00eb lloj showbizi personal.<\/p>\n<p>M\u00eb kryesorja, kryeministrit i \u00ebsht\u00eb g\u00ebrryer besueshm\u00ebria.<\/p>\n<p>Si mund t\u00eb flitet at\u00ebher\u00eb p\u00ebr Diktator dhe Diktatur\u00eb? Arroganca dhe vaniteti jan\u00eb tipare t\u00eb nj\u00eb diktatori, por kur katalizohen nga akte t\u00eb pashembullta.<\/p>\n<p>Qeverisja e z. Rama nuk dallon p\u00ebr vendime t\u00eb guximshme, p\u00ebr reforma thelb\u00ebsore. Ajo \u00ebsht\u00eb nj\u00eb qeverisje si t\u00eb tjerat q\u00eb p\u00ebrpara se t\u00eb matet me kritere t\u00eb sakta, filtrohet si shtojc\u00eb e gjesteve t\u00eb nj\u00eb njeriu. Rrug\u00ebn diktatur\u00ebs ia hap edhe niveli i ambicieve si dhe vullneti p\u00ebr t\u2019i zbatuar ato. Z. Rama paralajm\u00ebron p\u00ebrdit\u00eb qametin por prova e b\u00ebmave t\u00eb tij t\u00eb kujton at\u00eb k\u00ebng\u00ebn \u201cDemua i kapardisur\u201d t\u00eb Vask\u00eb Currit.<\/p>\n<p>Diktatura \u00ebsht\u00eb di\u00e7ka shum\u00eb serioze. Ajo madje \u00ebsht\u00eb serioze edhe n\u00eb zbatimin e ligjit, n\u00eb materializimin e asaj q\u00eb thot\u00eb. Nuk ka di\u00e7ka t\u00eb till\u00eb n\u00eb pushtetin e tanish\u00ebm.<\/p>\n<p>Nj\u00eb diktator shquhet edhe nga lloji i bashk\u00ebpun\u00ebtor\u00ebve t\u00eb vet. Enturazhi i kryeministrit t\u00eb kujton \u00e7do gj\u00eb, por jo at\u00eb q\u00eb parathot\u00eb nj\u00eb Diktatur\u00eb.<\/p>\n<p>Nj\u00eb Diktatur\u00eb k\u00ebrkon kontroll dhe transformim. Pushteti i tanish\u00ebm do vet\u00ebm t\u00eb parin duke q\u00ebndruar po nj\u00ebsoj si \u00e7do pushtet pararend\u00ebs.<\/p>\n<p>Por ka patjet\u00ebr nj\u00eb fill diktature n\u00eb k\u00ebt\u00eb q\u00eb ndodh.<\/p>\n<p>\u00cbsht\u00eb diktatura q\u00eb vjen nga katrahuara, amullia dhe mungesa e simetris\u00eb n\u00eb sistem.<\/p>\n<p>Zoti Rama rezulton m\u00eb i forti brenda nj\u00eb sistemi ku t\u00eb tjer\u00ebt sa vijn\u00eb e dob\u00ebsohen. Patjet\u00ebr q\u00eb kjo peshore e \u00e7bilancon ekuilibrin, por k\u00ebt\u00eb pasoj\u00eb nuk kemi pse ta hiperbolizojm\u00eb si projekt politik.<\/p>\n<p>Zotit Rama i ka ngecur n\u00eb dor\u00eb pushteti q\u00eb i l\u00ebn\u00eb t\u00eb tjer\u00ebt si opozita. Q\u00eb i l\u00eb d\u00ebshtimi dhe diskreditimi i saj.<\/p>\n<p>Ndaj ndon\u00ebse jetojm\u00eb n\u00ebn nj\u00eb qeveri arrogante deri n\u00eb pik\u00ebn sa po cenon pa asnj\u00eb kuptim rregullat minimale t\u00eb bashk\u00ebjetes\u00ebs, s\u00ebrish kjo nuk e justifikon llojin e opozit\u00ebs q\u00eb kemi sot.<\/p>\n<p>E cila teksa b\u00ebrtet diktatura, diktatori, n\u00eb t\u00eb v\u00ebrtet\u00eb po konsumon t\u00eb vetmen kart\u00eb sulmi q\u00eb duket si tez\u00eb e natyrshme politike.<\/p>\n<p>Rama ka d\u00ebshmuar se edhe sikur ta ket\u00eb fush\u00ebn bosh \u00ebsht\u00eb n\u00eb gjendje vet\u00ebm t\u00eb prodhoj\u00eb katrahur\u00eb ligjore dhe politike, nj\u00eb masiv ligjesh me dispozita penale dhe termin burg si pandemi, nd\u00ebrkoh\u00eb q\u00eb n\u00eb heshtje, sigurin\u00eb e vet po e k\u00ebrkon te drejt\u00ebsia \u201ce re\u201d.<\/p>\n<p>\u00c7far\u00eb diktatori t\u2019i themi k\u00ebtij?<\/p>\n<p>Mund t\u00eb jet\u00eb shum\u00eb gj\u00ebra, por sa m\u00eb e trash\u00eb akuza, aq m\u00eb e gjat\u00eb shkon\u00eb edhe t\u00ebrkuza e qeverisjes s\u00eb tij.<\/p>\n<p><strong>Re.Pu.<\/strong><\/p>\n<p><strong>Nga Gazeta Dita.<\/strong><\/p>\n","protected":false},"excerpt":{"rendered":"<p>Katrahur\u00eb, ende jo Diktatur\u00eb 18 dhjetor 2019 Opozita kryesore politike n\u00eb vend, por edhe nj\u00eb pjes\u00eb e gazetar\u00ebve po ngren\u00eb alarmin se Edi Rama po instalon diktatur\u00ebn. Me termin diktatur\u00eb e ke t\u00eb thjesht\u00eb t\u00eb asociosh \u00e7do epitet: enveriste, fashiste, narkopolicore etj.. Me ligjin e ri p\u00ebr mediat elektronike duket se opozita dalloi kepin e [&hellip;]<\/p>\n","protected":false},"author":9,"featured_media":29527,"comment_status":"open","ping_status":"open","sticky":false,"template":"","format":"standard","meta":{"jetpack_post_was_ever_published":false,"_jetpack_newsletter_access":"","_jetpack_dont_email_post_to_subs":false,"_jetpack_newsletter_tier_id":0,"_jetpack_memberships_contains_paywalled_content":false,"_jetpack_memberships_contains_paid_content":false,"footnotes":"","jetpack_publicize_message":"","jetpack_publicize_feature_enabled":true,"jetpack_social_post_already_shared":true,"jetpack_social_options":{"image_generator_settings":{"template":"highway","default_image_id":0,"font":"","enabled":false},"version":2}},"categories":[27,2],"tags":[],"class_list":["post-29526","post","type-post","status-publish","format-standard","has-post-thumbnail","hentry","category-blogu-i-udhetarit","category-politika"],"jetpack_publicize_connections":[],"jetpack_featured_media_url":"https:\/\/i0.wp.com\/www.shqiperia.com\/blog\/wp-content\/uploads\/2019\/12\/rama-limoook-905x450-1.jpg?fit=905%2C450&ssl=1","jetpack_sharing_enabled":true,"jetpack_shortlink":"https:\/\/wp.me\/p5Z6wp-7Ge","jetpack-related-posts":[{"id":71362,"url":"https:\/\/www.shqiperia.com\/blog\/analisti-burimi-vendi-po-rreshqet-ne-diktature-rama-vepron-si-erdogani\/","url_meta":{"origin":29526,"position":0},"title":"Analisti Burimi: &#8211; Vendi po rr\u00ebshqet n\u00eb diktatur\u00eb, Rama vepron si Erdogani","author":"Kurt Farka","date":"May 12, 2023","format":false,"excerpt":"12 Maji 2023 Analisti i njohur Genc Burimi, e ka cil\u00ebsuar akt t\u00eb r\u00ebnd\u00eb arrestimin dy dit\u00eb para zgjedhjeve t\u00eb kandidatit t\u00eb koalicionit \u201cBashk\u00eb Fitojm\u00eb\u201d p\u00ebr Himar\u00ebn, Fredi Beleri. N\u00eb nj\u00eb intervist\u00eb p\u00ebr rubrik\u00ebn \u201cOpinion\u201d n\u00eb News24, ai u shpreh se ky \u00ebsht\u00eb nj\u00eb mesazh q\u00eb Edi Rama k\u00ebrkon t\u2019u\u2026","rel":"","context":"In &quot;Blogu i Udh\u00ebtarit&quot;","block_context":{"text":"Blogu i Udh\u00ebtarit","link":"https:\/\/www.shqiperia.com\/blog\/category\/blogu-i-udhetarit\/"},"img":{"alt_text":"","src":"https:\/\/i0.wp.com\/www.shqiperia.com\/blog\/wp-content\/uploads\/2023\/05\/genc-burimi-1-596x450-1.jpg?fit=596%2C450&ssl=1&resize=350%2C200","width":350,"height":200,"srcset":"https:\/\/i0.wp.com\/www.shqiperia.com\/blog\/wp-content\/uploads\/2023\/05\/genc-burimi-1-596x450-1.jpg?fit=596%2C450&ssl=1&resize=350%2C200 1x, https:\/\/i0.wp.com\/www.shqiperia.com\/blog\/wp-content\/uploads\/2023\/05\/genc-burimi-1-596x450-1.jpg?fit=596%2C450&ssl=1&resize=525%2C300 1.5x"},"classes":[]},{"id":85079,"url":"https:\/\/www.shqiperia.com\/blog\/agim-nesho-e-thote-troc-ne-shqiperi-eshte-instaluar-diktatura-e-bandave-kryeministri-perfaqeson-krimin\/","url_meta":{"origin":29526,"position":1},"title":"Agim Nesho e thot\u00eb tro\u00e7: &#8211; N\u00eb Shqip\u00ebri \u00ebsht\u00eb instaluar diktatura e bandave. &#8211; Kryeministri p\u00ebrfaq\u00ebson krimin","author":"Kurt Farka","date":"September 27, 2024","format":false,"excerpt":"27 Shtator 2024 Ish-ambasadori Agim Nesho, teksa fliste p\u00ebr d\u00ebnimin politik t\u00eb deputeti Ervin Salianji, tha se n\u00eb Shqip\u00ebri \u00ebsht\u00eb instaluar diktatura e bandave ky kryeministri nuk p\u00ebrfaq\u00ebson asgj\u00eb p\u00ebrve\u00e7 se krimit. Ai shprehet se opozita po burgoset si n\u00eb koh\u00ebn e Hitlerit. \u201cRama e shikon q\u00eb \u00ebsht\u00eb n\u00eb nj\u00eb\u2026","rel":"","context":"In &quot;Blogu i Udh\u00ebtarit&quot;","block_context":{"text":"Blogu i Udh\u00ebtarit","link":"https:\/\/www.shqiperia.com\/blog\/category\/blogu-i-udhetarit\/"},"img":{"alt_text":"","src":"https:\/\/i0.wp.com\/www.shqiperia.com\/blog\/wp-content\/uploads\/2024\/09\/Screenshot_13-2.png?fit=647%2C354&ssl=1&resize=350%2C200","width":350,"height":200,"srcset":"https:\/\/i0.wp.com\/www.shqiperia.com\/blog\/wp-content\/uploads\/2024\/09\/Screenshot_13-2.png?fit=647%2C354&ssl=1&resize=350%2C200 1x, https:\/\/i0.wp.com\/www.shqiperia.com\/blog\/wp-content\/uploads\/2024\/09\/Screenshot_13-2.png?fit=647%2C354&ssl=1&resize=525%2C300 1.5x"},"classes":[]},{"id":40752,"url":"https:\/\/www.shqiperia.com\/blog\/mjeku-tritan-kalo-ngre-alarmin-nga-covid-shqiperia-ndodhet-ne-tehun-e-thikes\/","url_meta":{"origin":29526,"position":2},"title":"Mjeku Tritan Kalo ngre alarmin nga Covid: &#8211; Shqip\u00ebria ndodhet n\u00eb tehun e thik\u00ebs","author":"Kurt Farka","date":"November 11, 2020","format":false,"excerpt":"Mjeku Tritan Kalo ngre alarmin nga Covid: - Shqip\u00ebria ndodhet n\u00eb tehun e thik\u00ebs Koha \u00ebsht\u00eb e maskarenjve, por ATDHEU i Shqiptar\u00ebve\u201d (A. A.)\u2026. 11 N\u00cbNTOR 2020 Mjeku i njohur infeksionist, Tritan Kalo, e nis k\u00ebt\u00eb m\u00ebngjes me nj\u00eb mesazh t\u00eb fort\u00eb p\u00ebr t\u00eb gjith\u00eb qytetar\u00ebt, por edhe politikan\u00ebt, teksa\u2026","rel":"","context":"In &quot;Blogu i Udh\u00ebtarit&quot;","block_context":{"text":"Blogu i Udh\u00ebtarit","link":"https:\/\/www.shqiperia.com\/blog\/category\/blogu-i-udhetarit\/"},"img":{"alt_text":"","src":"https:\/\/i0.wp.com\/www.shqiperia.com\/blog\/wp-content\/uploads\/2020\/11\/640-0-9dfc52968c00902ffffbf91eea01c0cb-Copy.jpg?fit=640%2C381&ssl=1&resize=350%2C200","width":350,"height":200,"srcset":"https:\/\/i0.wp.com\/www.shqiperia.com\/blog\/wp-content\/uploads\/2020\/11\/640-0-9dfc52968c00902ffffbf91eea01c0cb-Copy.jpg?fit=640%2C381&ssl=1&resize=350%2C200 1x, https:\/\/i0.wp.com\/www.shqiperia.com\/blog\/wp-content\/uploads\/2020\/11\/640-0-9dfc52968c00902ffffbf91eea01c0cb-Copy.jpg?fit=640%2C381&ssl=1&resize=525%2C300 1.5x"},"classes":[]},{"id":21130,"url":"https:\/\/www.shqiperia.com\/blog\/shqiperia-drejt-nje-diktature-te-re-agim-nesho-rama-ka-kapur-te-gjitha-institucionet\/","url_meta":{"origin":29526,"position":3},"title":"\u201cShqip\u00ebria drejt nj\u00eb diktature t\u00eb re\u201d\/ Agim Nesho: &#8211; Rama ka kapur t\u00eb gjitha institucionet. &#8211;","author":"Kurt Farka","date":"May 14, 2019","format":false,"excerpt":"\u201cShqip\u00ebria drejt nj\u00eb diktature t\u00eb re\u201d\/ Agim Nesho: - Rama ka kapur t\u00eb gjitha institucionet. - Nga: Gazeta Telegraf 13 Maj, 2019 Diplomati i njohur Agim Nesho, i ftuar n\u00eb emisionin \u201c360 Grad\u00eb\u201d n\u00eb Ora News, \u00ebsht\u00eb shprehur se demokracia n\u00eb vend \u00ebsht\u00eb n\u00eb rrezik. Sipas ish-ambasadorit t\u00eb Shqip\u00ebris\u00eb n\u00eb\u2026","rel":"","context":"In &quot;Blogu i Udh\u00ebtarit&quot;","block_context":{"text":"Blogu i Udh\u00ebtarit","link":"https:\/\/www.shqiperia.com\/blog\/category\/blogu-i-udhetarit\/"},"img":{"alt_text":"","src":"https:\/\/i0.wp.com\/www.shqiperia.com\/blog\/wp-content\/uploads\/2019\/05\/agim-nesho-696x405.jpg?fit=696%2C405&ssl=1&resize=350%2C200","width":350,"height":200,"srcset":"https:\/\/i0.wp.com\/www.shqiperia.com\/blog\/wp-content\/uploads\/2019\/05\/agim-nesho-696x405.jpg?fit=696%2C405&ssl=1&resize=350%2C200 1x, https:\/\/i0.wp.com\/www.shqiperia.com\/blog\/wp-content\/uploads\/2019\/05\/agim-nesho-696x405.jpg?fit=696%2C405&ssl=1&resize=525%2C300 1.5x"},"classes":[]},{"id":84466,"url":"https:\/\/www.shqiperia.com\/blog\/xhacka-jo-ne-kushtetuese-maliqi-jemi-ne-diktature-i-bej-thirrje-opozites-qe-te-pergatitemi-per-protesta\/","url_meta":{"origin":29526,"position":4},"title":"Xha\u00e7ka jo n\u00eb Kushtetuese\/ Maliqi: &#8211; Jemi n\u00eb diktatur\u00eb, i b\u00ebj thirrje opozit\u00ebs q\u00eb t\u00eb p\u00ebrgatitemi p\u00ebr protesta","author":"Kurt Farka","date":"September 14, 2024","format":false,"excerpt":"14 Shtator 2024 Ish-deputeti, Lefter Maliqi n\u00eb nj\u00eb intervist\u00eb n\u00eb Ora News u shpreh se mazhoranca ka mbi nj\u00eb vit q\u00eb mbron deputeten Olta Xha\u00e7ka dhe i b\u00ebri thirrje PD-s\u00eb dhe opozit\u00ebs s\u00eb bashkuar q\u00eb t\u00eb p\u00ebrgatiten p\u00ebr protesta. Maliqi:\u00a0U b\u00eb mbi nj\u00eb vit q\u00eb mazhoranca e mbron deputeten Xha\u00e7ka,\u2026","rel":"","context":"In &quot;Blogu i Udh\u00ebtarit&quot;","block_context":{"text":"Blogu i Udh\u00ebtarit","link":"https:\/\/www.shqiperia.com\/blog\/category\/blogu-i-udhetarit\/"},"img":{"alt_text":"","src":"https:\/\/i0.wp.com\/www.shqiperia.com\/blog\/wp-content\/uploads\/2024\/09\/600-388-whatsapp-image-2024-09-13-at-171431-1726244517.jpeg?fit=600%2C388&ssl=1&resize=350%2C200","width":350,"height":200,"srcset":"https:\/\/i0.wp.com\/www.shqiperia.com\/blog\/wp-content\/uploads\/2024\/09\/600-388-whatsapp-image-2024-09-13-at-171431-1726244517.jpeg?fit=600%2C388&ssl=1&resize=350%2C200 1x, https:\/\/i0.wp.com\/www.shqiperia.com\/blog\/wp-content\/uploads\/2024\/09\/600-388-whatsapp-image-2024-09-13-at-171431-1726244517.jpeg?fit=600%2C388&ssl=1&resize=525%2C300 1.5x"},"classes":[]},{"id":26008,"url":"https:\/\/www.shqiperia.com\/blog\/opozita-ka-gati-paketen-anti-krize-kryemadhi-flet-per-dialogun-dhe-negociatat-e-fshehta-eshte-kusht-i-be-sbehet-sa-here-qe-rama-mona-apo-luli-kane\/","url_meta":{"origin":29526,"position":5},"title":"\u201cOpozita ka gati paket\u00ebn anti-kriz\u00eb\u201d, Kryemadhi flet p\u00ebr dialogun dhe negociatat e fshehta: \u00cbsht\u00eb kusht i BE. S\u2019behet sa her\u00eb q\u00eb Rama, Mona apo Luli kan\u00eb\u2026","author":"Kurt Farka","date":"September 17, 2019","format":false,"excerpt":"\u201cOpozita ka gati paket\u00ebn anti-kriz\u00eb\u201d, Kryemadhi flet p\u00ebr dialogun dhe negociatat e fshehta: \u00cbsht\u00eb kusht i BE. S\u2019behet sa her\u00eb q\u00eb Rama, Mona apo Luli kan\u00eb\u2026 \u00a017 shtator 2019 Kryetarja e LSI-s\u00eb, Monika Kryemadhi ka deklaruar sot se opozita e ka gati nj\u00eb paket\u00eb propozimesh p\u00ebr t\u00eb zgjidhur kriz\u00ebn politike\u2026","rel":"","context":"In &quot;Blogu i Udh\u00ebtarit&quot;","block_context":{"text":"Blogu i Udh\u00ebtarit","link":"https:\/\/www.shqiperia.com\/blog\/category\/blogu-i-udhetarit\/"},"img":{"alt_text":"","src":"https:\/\/i0.wp.com\/www.shqiperia.com\/blog\/wp-content\/uploads\/2019\/09\/basha-kryemadhi.jpg?fit=1200%2C603&ssl=1&resize=350%2C200","width":350,"height":200,"srcset":"https:\/\/i0.wp.com\/www.shqiperia.com\/blog\/wp-content\/uploads\/2019\/09\/basha-kryemadhi.jpg?fit=1200%2C603&ssl=1&resize=350%2C200 1x, https:\/\/i0.wp.com\/www.shqiperia.com\/blog\/wp-content\/uploads\/2019\/09\/basha-kryemadhi.jpg?fit=1200%2C603&ssl=1&resize=525%2C300 1.5x, https:\/\/i0.wp.com\/www.shqiperia.com\/blog\/wp-content\/uploads\/2019\/09\/basha-kryemadhi.jpg?fit=1200%2C603&ssl=1&resize=700%2C400 2x, https:\/\/i0.wp.com\/www.shqiperia.com\/blog\/wp-content\/uploads\/2019\/09\/basha-kryemadhi.jpg?fit=1200%2C603&ssl=1&resize=1050%2C600 3x"},"classes":[]}],"_links":{"self":[{"href":"https:\/\/www.shqiperia.com\/blog\/wp-json\/wp\/v2\/posts\/29526","targetHints":{"allow":["GET"]}}],"collection":[{"href":"https:\/\/www.shqiperia.com\/blog\/wp-json\/wp\/v2\/posts"}],"about":[{"href":"https:\/\/www.shqiperia.com\/blog\/wp-json\/wp\/v2\/types\/post"}],"author":[{"embeddable":true,"href":"https:\/\/www.shqiperia.com\/blog\/wp-json\/wp\/v2\/users\/9"}],"replies":[{"embeddable":true,"href":"https:\/\/www.shqiperia.com\/blog\/wp-json\/wp\/v2\/comments?post=29526"}],"version-history":[{"count":1,"href":"https:\/\/www.shqiperia.com\/blog\/wp-json\/wp\/v2\/posts\/29526\/revisions"}],"predecessor-version":[{"id":29528,"href":"https:\/\/www.shqiperia.com\/blog\/wp-json\/wp\/v2\/posts\/29526\/revisions\/29528"}],"wp:featuredmedia":[{"embeddable":true,"href":"https:\/\/www.shqiperia.com\/blog\/wp-json\/wp\/v2\/media\/29527"}],"wp:attachment":[{"href":"https:\/\/www.shqiperia.com\/blog\/wp-json\/wp\/v2\/media?parent=29526"}],"wp:term":[{"taxonomy":"category","embeddable":true,"href":"https:\/\/www.shqiperia.com\/blog\/wp-json\/wp\/v2\/categories?post=29526"},{"taxonomy":"post_tag","embeddable":true,"href":"https:\/\/www.shqiperia.com\/blog\/wp-json\/wp\/v2\/tags?post=29526"}],"curies":[{"name":"wp","href":"https:\/\/api.w.org\/{rel}","templated":true}]}}