{"id":29510,"date":"2019-12-20T06:46:07","date_gmt":"2019-12-20T06:46:07","guid":{"rendered":"https:\/\/www.shqiperia.com\/blog\/?p=29510"},"modified":"2019-12-20T06:46:07","modified_gmt":"2019-12-20T06:46:07","slug":"legjende-aktuale-e-verteta-dhe-genjeshtra","status":"publish","type":"post","link":"https:\/\/www.shqiperia.com\/blog\/legjende-aktuale-e-verteta-dhe-genjeshtra\/","title":{"rendered":"Legjende Aktuale &#8211; E Verteta dhe Genjeshtra. &#8211;"},"content":{"rendered":"<p><img data-recalc-dims=\"1\" loading=\"lazy\" decoding=\"async\" data-attachment-id=\"29511\" data-permalink=\"https:\/\/www.shqiperia.com\/blog\/legjende-aktuale-e-verteta-dhe-genjeshtra\/e-verteta-225x300\/\" data-orig-file=\"https:\/\/i0.wp.com\/www.shqiperia.com\/blog\/wp-content\/uploads\/2019\/12\/e-verteta-225x300-1.jpg?fit=225%2C149&amp;ssl=1\" data-orig-size=\"225,149\" data-comments-opened=\"1\" data-image-meta=\"{&quot;aperture&quot;:&quot;0&quot;,&quot;credit&quot;:&quot;&quot;,&quot;camera&quot;:&quot;&quot;,&quot;caption&quot;:&quot;&quot;,&quot;created_timestamp&quot;:&quot;0&quot;,&quot;copyright&quot;:&quot;&quot;,&quot;focal_length&quot;:&quot;0&quot;,&quot;iso&quot;:&quot;0&quot;,&quot;shutter_speed&quot;:&quot;0&quot;,&quot;title&quot;:&quot;&quot;,&quot;orientation&quot;:&quot;0&quot;}\" data-image-title=\"e-verteta-225&#215;300\" data-image-description=\"\" data-image-caption=\"\" data-medium-file=\"https:\/\/i0.wp.com\/www.shqiperia.com\/blog\/wp-content\/uploads\/2019\/12\/e-verteta-225x300-1.jpg?fit=225%2C149&amp;ssl=1\" data-large-file=\"https:\/\/i0.wp.com\/www.shqiperia.com\/blog\/wp-content\/uploads\/2019\/12\/e-verteta-225x300-1.jpg?fit=225%2C149&amp;ssl=1\" class=\"alignnone  wp-image-29511\" alt=\"\" src=\"https:\/\/i0.wp.com\/www.shqiperia.com\/blog\/wp-content\/uploads\/2019\/12\/e-verteta-225x300-1.jpg?resize=624%2C413&#038;ssl=1\" width=\"624\" height=\"413\" \/><\/p>\n<p>Legjende Aktuale &#8211; E Verteta dhe Genjeshtra\u2019<\/p>\n<p>Keto dite shume flitet e sanksionohet edhe me ligj per tu fshehur E Genjeshterta. Por filozofia Popullore tregon se E Verteta del, sado qe ne e luftojme edhe ne emer te luftes ndaj Genjeshtres. Po e mohove te Genjeshtren per ta zoteruar ate si te vertete te Ligjebersve, ruhu se\u00a0 E Verteta del lakuriq\u2026 .<\/p>\n<p>Nj\u00eb legjend\u00eb e shekullit t\u00eb 19\u2019, thot\u00eb se E V\u00ebrteta dhe G\u00ebnjeshtra u takuan dikur. G\u00ebnjeshtra e p\u00ebrsh\u00ebndeti T\u00eb V\u00ebrtet\u00ebn dhe i tha \u201cDit\u00eb e bukur sot\u201d. E V\u00ebrteta, q\u00eb t\u00eb sigurohej, hodhi nj\u00eb sy rrotull, v\u00ebshtroi qiellin dhe me t\u00eb v\u00ebrtet\u00eb dita ishte e bukur!<\/p>\n<p>Ec\u00ebn p\u00ebr pak s\u00ebbashku dhe arrit\u00ebn tek nj\u00eb pus i madh i mbushur plot me uj\u00eb. G\u00ebnjeshtra zhyti dor\u00ebn n\u00eb uj\u00eb dhe iu kthye t\u00eb v\u00ebrtet\u00ebs duke i th\u00ebn\u00eb: \u201cuji qenka i past\u00ebr dhe i ngroht\u00eb, d\u00ebshiron t\u00eb notojm\u00eb s\u00ebbashku\u201d?<br \/>\nP\u00ebrs\u00ebri, E V\u00ebrteta ishte dyshuese.<br \/>\nE provoi vet\u00eb me dor\u00eb, por uji me t\u00eb v\u00ebrtet\u00eb ishte i ngroht\u00eb!<br \/>\nU fut\u00ebn pra t\u00eb dyja n\u00eb uj\u00eb dhe notuan p\u00ebr nj\u00eb koh\u00eb t\u00eb gjat\u00eb.<br \/>\nKur papritmas G\u00ebnjeshtra doli nga uji, veshi rrobat e S\u00eb V\u00ebrtet\u00ebs dhe u zhduk.<\/p>\n<p><img data-recalc-dims=\"1\" loading=\"lazy\" decoding=\"async\" data-attachment-id=\"29512\" data-permalink=\"https:\/\/www.shqiperia.com\/blog\/legjende-aktuale-e-verteta-dhe-genjeshtra\/e-verteta-225x300-copy\/\" data-orig-file=\"https:\/\/i0.wp.com\/www.shqiperia.com\/blog\/wp-content\/uploads\/2019\/12\/e-verteta-225x300-Copy.jpg?fit=225%2C228&amp;ssl=1\" data-orig-size=\"225,228\" data-comments-opened=\"1\" data-image-meta=\"{&quot;aperture&quot;:&quot;0&quot;,&quot;credit&quot;:&quot;&quot;,&quot;camera&quot;:&quot;&quot;,&quot;caption&quot;:&quot;&quot;,&quot;created_timestamp&quot;:&quot;0&quot;,&quot;copyright&quot;:&quot;&quot;,&quot;focal_length&quot;:&quot;0&quot;,&quot;iso&quot;:&quot;0&quot;,&quot;shutter_speed&quot;:&quot;0&quot;,&quot;title&quot;:&quot;&quot;,&quot;orientation&quot;:&quot;0&quot;}\" data-image-title=\"e-verteta-225&#215;300 &#8211; Copy\" data-image-description=\"\" data-image-caption=\"\" data-medium-file=\"https:\/\/i0.wp.com\/www.shqiperia.com\/blog\/wp-content\/uploads\/2019\/12\/e-verteta-225x300-Copy.jpg?fit=225%2C228&amp;ssl=1\" data-large-file=\"https:\/\/i0.wp.com\/www.shqiperia.com\/blog\/wp-content\/uploads\/2019\/12\/e-verteta-225x300-Copy.jpg?fit=225%2C228&amp;ssl=1\" class=\"alignnone  wp-image-29512\" alt=\"\" src=\"https:\/\/i0.wp.com\/www.shqiperia.com\/blog\/wp-content\/uploads\/2019\/12\/e-verteta-225x300-Copy.jpg?resize=672%2C681&#038;ssl=1\" width=\"672\" height=\"681\" srcset=\"https:\/\/i0.wp.com\/www.shqiperia.com\/blog\/wp-content\/uploads\/2019\/12\/e-verteta-225x300-Copy.jpg?w=225&amp;ssl=1 225w, https:\/\/i0.wp.com\/www.shqiperia.com\/blog\/wp-content\/uploads\/2019\/12\/e-verteta-225x300-Copy.jpg?resize=65%2C65&amp;ssl=1 65w, https:\/\/i0.wp.com\/www.shqiperia.com\/blog\/wp-content\/uploads\/2019\/12\/e-verteta-225x300-Copy.jpg?resize=50%2C50&amp;ssl=1 50w\" sizes=\"auto, (max-width: 672px) 100vw, 672px\" \/><\/p>\n<p>E V\u00ebrteta e zem\u00ebruar doli e zhveshur nga pusi dhe vraponte kudo duke k\u00ebrkuar G\u00ebnjeshtr\u00ebn q\u00eb t\u00eb merrte mbrapsht rrobat e saj.<br \/>\nNjer\u00ebzit q\u00eb e shikonin t\u00eb zhveshur, e hidhnin v\u00ebshtrimin diku tjet\u00ebr, qoft\u00eb nga turpi, qoft\u00eb nga zem\u00ebrimi. E gjora E V\u00ebrtet\u00eb, e turp\u00ebruar, u kthye te pusi dhe u zhyt aty p\u00ebrgjithmon\u00eb.<br \/>\nQ\u00eb prej asaj kohe, G\u00ebnjeshtra sh\u00ebtit e shkujdesur kudo, e veshur me rrobat e S\u00eb V\u00ebrtet\u00ebs duke p\u00ebrmbushur tekat e njer\u00ebzve, t\u00eb cil\u00ebt n\u00eb asnj\u00eb m\u00ebnyre nuk duan t\u00eb shikojn\u00eb T\u00eb V\u00ebrtet\u00ebn ashtu si \u00ebsht\u00eb, t\u00eb zhveshur.<\/p>\n","protected":false},"excerpt":{"rendered":"<p>Legjende Aktuale &#8211; E Verteta dhe Genjeshtra\u2019 Keto dite shume flitet e sanksionohet edhe me ligj per tu fshehur E Genjeshterta. Por filozofia Popullore tregon se E Verteta del, sado qe ne e luftojme edhe ne emer te luftes ndaj Genjeshtres. Po e mohove te Genjeshtren per ta zoteruar ate si te vertete te Ligjebersve, [&hellip;]<\/p>\n","protected":false},"author":9,"featured_media":29511,"comment_status":"open","ping_status":"open","sticky":false,"template":"","format":"standard","meta":{"jetpack_post_was_ever_published":false,"_jetpack_newsletter_access":"","_jetpack_dont_email_post_to_subs":false,"_jetpack_newsletter_tier_id":0,"_jetpack_memberships_contains_paywalled_content":false,"_jetpack_memberships_contains_paid_content":false,"footnotes":"","jetpack_publicize_message":"","jetpack_publicize_feature_enabled":true,"jetpack_social_post_already_shared":true,"jetpack_social_options":{"image_generator_settings":{"template":"highway","default_image_id":0,"font":"","enabled":false},"version":2}},"categories":[27,14,86],"tags":[],"class_list":["post-29510","post","type-post","status-publish","format-standard","has-post-thumbnail","hentry","category-blogu-i-udhetarit","category-press-releases","category-trashegimi-kulturore"],"jetpack_publicize_connections":[],"jetpack_featured_media_url":"https:\/\/i0.wp.com\/www.shqiperia.com\/blog\/wp-content\/uploads\/2019\/12\/e-verteta-225x300-1.jpg?fit=225%2C149&ssl=1","jetpack_sharing_enabled":true,"jetpack_shortlink":"https:\/\/wp.me\/p5Z6wp-7FY","jetpack-related-posts":[{"id":12507,"url":"https:\/\/www.shqiperia.com\/blog\/e-verteta-mesime-nga-mencuria-e-popujve\/","url_meta":{"origin":29510,"position":0},"title":"\u201cE Verteta\u201d \u2013 Mesime nga men\u00e7uria e popujve &#8211;","author":"Kurt Farka","date":"October 10, 2018","format":false,"excerpt":"\u201cE Verteta\u201d \u2013 Mesime nga men\u00e7uria e popujve - Sipas nje legjende te shek 19-te, Genjeshtra dhe e Verteta u takuan nje dite\u2026 Midis te tjerave, Genjeshtra i thote se Vertetes: \u00abEshte kohe shume e bukur sot\u00bb. E Verteta sheh rreth vetes, ngre syte ne qiell: vertet ishte dite e\u2026","rel":"","context":"In &quot;Arte&quot;","block_context":{"text":"Arte","link":"https:\/\/www.shqiperia.com\/blog\/category\/arte\/"},"img":{"alt_text":"","src":"https:\/\/i0.wp.com\/www.shqiperia.com\/blog\/wp-content\/uploads\/2018\/10\/E-verteta-2.jpg?fit=644%2C326&ssl=1&resize=350%2C200","width":350,"height":200,"srcset":"https:\/\/i0.wp.com\/www.shqiperia.com\/blog\/wp-content\/uploads\/2018\/10\/E-verteta-2.jpg?fit=644%2C326&ssl=1&resize=350%2C200 1x, https:\/\/i0.wp.com\/www.shqiperia.com\/blog\/wp-content\/uploads\/2018\/10\/E-verteta-2.jpg?fit=644%2C326&ssl=1&resize=525%2C300 1.5x"},"classes":[]},{"id":35389,"url":"https:\/\/www.shqiperia.com\/blog\/kryeministri-mbron-ne-le-monde-aktin-barbar-me-citate-fallso-shekspiriane-dhe-genjeshtra-te-medha-shqiptare\/","url_meta":{"origin":29510,"position":1},"title":"Kryeministri mbron n\u00eb Le Monde \u201caktin barbar\u201d me citate fallso shekspiriane dhe g\u00ebnjeshtra t\u00eb m\u00ebdha shqiptare","author":"Kurt Farka","date":"June 4, 2020","format":false,"excerpt":"Kryeministri mbron n\u00eb Le Monde \u201caktin barbar\u201d me citate fallso shekspiriane dhe g\u00ebnjeshtra t\u00eb m\u00ebdha shqiptare Nga\u00a0Alba Mborja \u201c\u2019Budallall\u00ebku dhe men\u00e7uria jan\u00eb aq t\u00eb lehta p\u00ebr t\u2019u kapur sa edhe s\u00ebmundjet infektive\u2019, ka shkruar Uilliam Shekspiri. \u2018Pra, zgjidhini miqt\u00eb tuaj me kujdes\u2019, shtoi ai.\u201d Me k\u00ebto fjal\u00eb \u201cshekspiriane\u201d ka hapur\u00a0nj\u00eb\u2026","rel":"","context":"In &quot;Blogu i Udh\u00ebtarit&quot;","block_context":{"text":"Blogu i Udh\u00ebtarit","link":"https:\/\/www.shqiperia.com\/blog\/category\/blogu-i-udhetarit\/"},"img":{"alt_text":"","src":"https:\/\/i0.wp.com\/www.shqiperia.com\/blog\/wp-content\/uploads\/2020\/06\/edi-rama-teatri-kombetar.jpg?fit=800%2C416&ssl=1&resize=350%2C200","width":350,"height":200,"srcset":"https:\/\/i0.wp.com\/www.shqiperia.com\/blog\/wp-content\/uploads\/2020\/06\/edi-rama-teatri-kombetar.jpg?fit=800%2C416&ssl=1&resize=350%2C200 1x, https:\/\/i0.wp.com\/www.shqiperia.com\/blog\/wp-content\/uploads\/2020\/06\/edi-rama-teatri-kombetar.jpg?fit=800%2C416&ssl=1&resize=525%2C300 1.5x, https:\/\/i0.wp.com\/www.shqiperia.com\/blog\/wp-content\/uploads\/2020\/06\/edi-rama-teatri-kombetar.jpg?fit=800%2C416&ssl=1&resize=700%2C400 2x"},"classes":[]},{"id":7515,"url":"https:\/\/www.shqiperia.com\/blog\/rama-dhe-botoksi-i-genjeshtert-me-te-verteten\/","url_meta":{"origin":29510,"position":2},"title":"Rama dhe botoksi i genjeshtert me te verteten. &#8211;","author":"Kurt Farka","date":"May 16, 2018","format":false,"excerpt":"Rama dhe botoksi i genjeshtert me te verteten. - Nga Dritan Laci Opinion.al.- Rama dhe e v\u00ebrteta jan\u00eb si nj\u00eb grua me buz\u00ebt me botoks apo me vithet e b\u00ebra, q\u00eb ti e di qe nuk jane forma natyrale por qe prape ai perpiqet te te mbushe mendjen qe eshte\u2026","rel":"","context":"In &quot;Politika&quot;","block_context":{"text":"Politika","link":"https:\/\/www.shqiperia.com\/blog\/category\/politika\/"},"img":{"alt_text":"","src":"https:\/\/i0.wp.com\/www.shqiperia.com\/blog\/wp-content\/uploads\/2018\/05\/rama-xhafa-Copy.jpg?fit=1024%2C657&ssl=1&resize=350%2C200","width":350,"height":200,"srcset":"https:\/\/i0.wp.com\/www.shqiperia.com\/blog\/wp-content\/uploads\/2018\/05\/rama-xhafa-Copy.jpg?fit=1024%2C657&ssl=1&resize=350%2C200 1x, https:\/\/i0.wp.com\/www.shqiperia.com\/blog\/wp-content\/uploads\/2018\/05\/rama-xhafa-Copy.jpg?fit=1024%2C657&ssl=1&resize=525%2C300 1.5x, https:\/\/i0.wp.com\/www.shqiperia.com\/blog\/wp-content\/uploads\/2018\/05\/rama-xhafa-Copy.jpg?fit=1024%2C657&ssl=1&resize=700%2C400 2x"},"classes":[]},{"id":22921,"url":"https:\/\/www.shqiperia.com\/blog\/samiti-sarajeves-zbardhet-genjeshtra-e-mini-mashtuesit-minister-ne-detyre-gent-cakaj\/","url_meta":{"origin":29510,"position":3},"title":"Samiti i Sarajev\u00ebs &#8211; P\u00ebr t\u00eb p\u00ebrfaq\u00ebsuar vendin ton\u00eb nuk \u00ebsht\u00eb ftuar kryeministri, Edi Rama, por vet\u00ebm presidenti Meta.","author":"Kurt Farka","date":"July 8, 2019","format":false,"excerpt":"SAMITI SARAJEV\u00cbS: - ZBARDHET G\u00cbNJESHTRA E MINI-MASHTUESIT- MINISTER ne detyre GENT CAKAJ. \u2013 Jul 8 korrik \u00a02019 P\u00ebr t\u00eb p\u00ebrfaq\u00ebsuar vendin ton\u00eb nuk \u00ebsht\u00eb ftuar kryeministri, Edi Rama, por vet\u00ebm presidenti Meta. Duke nisur nga dita e sotme 8 korrik, n\u00eb Sarajev\u00eb do t\u00eb mbahet samiti i Procesit t\u00eb Bashk\u00ebpunimit\u2026","rel":"","context":"In &quot;Kultura&quot;","block_context":{"text":"Kultura","link":"https:\/\/www.shqiperia.com\/blog\/category\/kultura\/"},"img":{"alt_text":"","src":"https:\/\/i0.wp.com\/www.shqiperia.com\/blog\/wp-content\/uploads\/2019\/07\/cakaj-meta.jpg?fit=611%2C318&ssl=1&resize=350%2C200","width":350,"height":200,"srcset":"https:\/\/i0.wp.com\/www.shqiperia.com\/blog\/wp-content\/uploads\/2019\/07\/cakaj-meta.jpg?fit=611%2C318&ssl=1&resize=350%2C200 1x, https:\/\/i0.wp.com\/www.shqiperia.com\/blog\/wp-content\/uploads\/2019\/07\/cakaj-meta.jpg?fit=611%2C318&ssl=1&resize=525%2C300 1.5x"},"classes":[]},{"id":15242,"url":"https:\/\/www.shqiperia.com\/blog\/drejtuesit-e-besimeve-te-krishtera-korrupsioni-arroganca-lakmia-genjeshtra-pasurimet-e-jashteligjshme-zoterojne-shqiperine\/","url_meta":{"origin":29510,"position":4},"title":"Drejtuesit e besimeve t\u00eb krishtera: &#8211; Korrupsioni, arroganca, lakmia, g\u00ebnjeshtra, pasurimet e jasht\u00ebligjshme zot\u00ebrojn\u00eb Shqip\u00ebrin\u00eb. &#8211;","author":"Kurt Farka","date":"December 24, 2018","format":false,"excerpt":"Nga Luan Kondi. Mesazhet e krer\u00ebve t\u00eb Kish\u00ebs shqiptare n\u00eb k\u00ebt\u00eb vigjilje Krishtlindjesh, nuk kan\u00eb qen\u00eb kaq alarmante p\u00ebr at\u00eb q\u00eb po ndodh me shqiptar\u00ebt n\u00ebn k\u00ebt\u00eb qeverisje. Urimet p\u00ebr k\u00ebt\u00eb fest\u00eb t\u00eb madhe jan\u00eb b\u00ebr\u00eb \u201cpolitike\u201d, duke ngritur shqet\u00ebsimin q\u00eb ka kapluar \u00e7do familje shqiptare e \u00e7do besimi qoft\u00eb.\u2026","rel":"","context":"In &quot;Kultura&quot;","block_context":{"text":"Kultura","link":"https:\/\/www.shqiperia.com\/blog\/category\/kultura\/"},"img":{"alt_text":"","src":"https:\/\/i0.wp.com\/www.shqiperia.com\/blog\/wp-content\/uploads\/2018\/12\/veri.jpg?fit=1024%2C527&ssl=1&resize=350%2C200","width":350,"height":200,"srcset":"https:\/\/i0.wp.com\/www.shqiperia.com\/blog\/wp-content\/uploads\/2018\/12\/veri.jpg?fit=1024%2C527&ssl=1&resize=350%2C200 1x, https:\/\/i0.wp.com\/www.shqiperia.com\/blog\/wp-content\/uploads\/2018\/12\/veri.jpg?fit=1024%2C527&ssl=1&resize=525%2C300 1.5x, https:\/\/i0.wp.com\/www.shqiperia.com\/blog\/wp-content\/uploads\/2018\/12\/veri.jpg?fit=1024%2C527&ssl=1&resize=700%2C400 2x"},"classes":[]},{"id":25790,"url":"https:\/\/www.shqiperia.com\/blog\/shume-djem-te-rinj-kane-hyre-ne-kete-shpelle-dhe-jane-kthyer-ne-te-vecante-qe-shkelqejne-legjende\/","url_meta":{"origin":29510,"position":5},"title":"Shum\u00eb djem t\u00eb rinj kane\u00a0 hyre\u00a0 ne kete shpelle dhe jane kthyer ne t\u00eb ve\u00e7ant\u00eb q\u00eb shk\u00eblqejn\u00eb.. &#8211; Legjende","author":"Kurt Farka","date":"September 13, 2019","format":false,"excerpt":"Shum\u00eb djem t\u00eb rinj kane\u00a0 hyre\u00a0 ne kete shpelle dhe jane kthyer ne t\u00eb ve\u00e7ant\u00eb q\u00eb shk\u00eblqejn\u00eb.. - Legjende Nj\u00eb tjet\u00ebr legjend\u00eb mjaft interesante \u00ebsht\u00eb edhe e Gizaveshit, fshat i cili ndodhet n\u00eb Librazhd. N\u00eb pamje t\u00eb par\u00eb t\u00eb jep p\u00ebrshtypjen e nj\u00eb fshati historik, sht\u00ebpi karakteristike, njer\u00ebz bujar, por\u2026","rel":"","context":"In &quot;Blogu i Udh\u00ebtarit&quot;","block_context":{"text":"Blogu i Udh\u00ebtarit","link":"https:\/\/www.shqiperia.com\/blog\/category\/blogu-i-udhetarit\/"},"img":{"alt_text":"","src":"https:\/\/i0.wp.com\/www.shqiperia.com\/blog\/wp-content\/uploads\/2019\/09\/Shpella-qe-hane-Djemte-2.jpeg?fit=667%2C349&ssl=1&resize=350%2C200","width":350,"height":200,"srcset":"https:\/\/i0.wp.com\/www.shqiperia.com\/blog\/wp-content\/uploads\/2019\/09\/Shpella-qe-hane-Djemte-2.jpeg?fit=667%2C349&ssl=1&resize=350%2C200 1x, https:\/\/i0.wp.com\/www.shqiperia.com\/blog\/wp-content\/uploads\/2019\/09\/Shpella-qe-hane-Djemte-2.jpeg?fit=667%2C349&ssl=1&resize=525%2C300 1.5x"},"classes":[]}],"_links":{"self":[{"href":"https:\/\/www.shqiperia.com\/blog\/wp-json\/wp\/v2\/posts\/29510","targetHints":{"allow":["GET"]}}],"collection":[{"href":"https:\/\/www.shqiperia.com\/blog\/wp-json\/wp\/v2\/posts"}],"about":[{"href":"https:\/\/www.shqiperia.com\/blog\/wp-json\/wp\/v2\/types\/post"}],"author":[{"embeddable":true,"href":"https:\/\/www.shqiperia.com\/blog\/wp-json\/wp\/v2\/users\/9"}],"replies":[{"embeddable":true,"href":"https:\/\/www.shqiperia.com\/blog\/wp-json\/wp\/v2\/comments?post=29510"}],"version-history":[{"count":1,"href":"https:\/\/www.shqiperia.com\/blog\/wp-json\/wp\/v2\/posts\/29510\/revisions"}],"predecessor-version":[{"id":29513,"href":"https:\/\/www.shqiperia.com\/blog\/wp-json\/wp\/v2\/posts\/29510\/revisions\/29513"}],"wp:featuredmedia":[{"embeddable":true,"href":"https:\/\/www.shqiperia.com\/blog\/wp-json\/wp\/v2\/media\/29511"}],"wp:attachment":[{"href":"https:\/\/www.shqiperia.com\/blog\/wp-json\/wp\/v2\/media?parent=29510"}],"wp:term":[{"taxonomy":"category","embeddable":true,"href":"https:\/\/www.shqiperia.com\/blog\/wp-json\/wp\/v2\/categories?post=29510"},{"taxonomy":"post_tag","embeddable":true,"href":"https:\/\/www.shqiperia.com\/blog\/wp-json\/wp\/v2\/tags?post=29510"}],"curies":[{"name":"wp","href":"https:\/\/api.w.org\/{rel}","templated":true}]}}