{"id":29500,"date":"2019-12-19T15:12:48","date_gmt":"2019-12-19T15:12:48","guid":{"rendered":"https:\/\/www.shqiperia.com\/blog\/?p=29500"},"modified":"2019-12-19T15:12:48","modified_gmt":"2019-12-19T15:12:48","slug":"rama-ik-nis-marshimi-ne-shkoder","status":"publish","type":"post","link":"https:\/\/www.shqiperia.com\/blog\/rama-ik-nis-marshimi-ne-shkoder\/","title":{"rendered":"\u201cRama ik\u201d, nis marshimi n\u00eb Shkod\u00ebr"},"content":{"rendered":"<p><img data-recalc-dims=\"1\" loading=\"lazy\" decoding=\"async\" data-attachment-id=\"29501\" data-permalink=\"https:\/\/www.shqiperia.com\/blog\/rama-ik-nis-marshimi-ne-shkoder\/mitingu-780x405\/\" data-orig-file=\"https:\/\/i0.wp.com\/www.shqiperia.com\/blog\/wp-content\/uploads\/2019\/12\/mitingu-780x405-1.png?fit=780%2C405&amp;ssl=1\" data-orig-size=\"780,405\" data-comments-opened=\"1\" data-image-meta=\"{&quot;aperture&quot;:&quot;0&quot;,&quot;credit&quot;:&quot;&quot;,&quot;camera&quot;:&quot;&quot;,&quot;caption&quot;:&quot;&quot;,&quot;created_timestamp&quot;:&quot;0&quot;,&quot;copyright&quot;:&quot;&quot;,&quot;focal_length&quot;:&quot;0&quot;,&quot;iso&quot;:&quot;0&quot;,&quot;shutter_speed&quot;:&quot;0&quot;,&quot;title&quot;:&quot;&quot;,&quot;orientation&quot;:&quot;0&quot;}\" data-image-title=\"mitingu-780&#215;405\" data-image-description=\"\" data-image-caption=\"\" data-medium-file=\"https:\/\/i0.wp.com\/www.shqiperia.com\/blog\/wp-content\/uploads\/2019\/12\/mitingu-780x405-1.png?fit=300%2C156&amp;ssl=1\" data-large-file=\"https:\/\/i0.wp.com\/www.shqiperia.com\/blog\/wp-content\/uploads\/2019\/12\/mitingu-780x405-1.png?fit=780%2C405&amp;ssl=1\" class=\"alignnone  wp-image-29501\" alt=\"\" src=\"https:\/\/i0.wp.com\/www.shqiperia.com\/blog\/wp-content\/uploads\/2019\/12\/mitingu-780x405-1.png?resize=533%2C277&#038;ssl=1\" width=\"533\" height=\"277\" srcset=\"https:\/\/i0.wp.com\/www.shqiperia.com\/blog\/wp-content\/uploads\/2019\/12\/mitingu-780x405-1.png?resize=300%2C156&amp;ssl=1 300w, https:\/\/i0.wp.com\/www.shqiperia.com\/blog\/wp-content\/uploads\/2019\/12\/mitingu-780x405-1.png?resize=768%2C399&amp;ssl=1 768w, https:\/\/i0.wp.com\/www.shqiperia.com\/blog\/wp-content\/uploads\/2019\/12\/mitingu-780x405-1.png?resize=450%2C234&amp;ssl=1 450w, https:\/\/i0.wp.com\/www.shqiperia.com\/blog\/wp-content\/uploads\/2019\/12\/mitingu-780x405-1.png?resize=600%2C312&amp;ssl=1 600w, https:\/\/i0.wp.com\/www.shqiperia.com\/blog\/wp-content\/uploads\/2019\/12\/mitingu-780x405-1.png?resize=400%2C208&amp;ssl=1 400w, https:\/\/i0.wp.com\/www.shqiperia.com\/blog\/wp-content\/uploads\/2019\/12\/mitingu-780x405-1.png?w=780&amp;ssl=1 780w\" sizes=\"auto, (max-width: 533px) 100vw, 533px\" \/><\/p>\n<p><strong>\u201cRama ik\u201d, nis marshimi n\u00eb Shkod\u00ebr<\/strong><\/p>\n<p>20\/06\/2019<\/p>\n<p>P\u00ebrmes thirrjeve \u201cRama ik\u201d ka nisur edhe marshimi i qytetar\u00ebve dhe militant\u00ebve t\u00eb Partis\u00eb Demokratike n\u00eb qytetin e Shkodr\u00ebs, para fillimit t\u00eb mitingut t\u00eb kryeministrit.<\/p>\n<p>Militant\u00ebt e PD-s\u00eb jan\u00eb duke marshuar n\u00eb pedonalen e qytetit, nd\u00ebrsa qyteti i Shkodr\u00ebs ndodhet n\u00eb shtet-rrethim p\u00ebr takimin e sot\u00ebm, ku qindra forca policie jan\u00eb vendosur n\u00eb terren duke bllokuar \u00e7do rrugic\u00eb q\u00eb t\u00eb lidh me pjes\u00ebt e tjera t\u00eb qytetit, nd\u00ebrsa snajperat ndodhen n\u00eb tarraca duke monitoruar \u00e7do l\u00ebvizje t\u00eb qytetar\u00ebve.<\/p>\n<p>Pjes\u00eb e marshimit \u00ebsht\u00eb edhe kryebashkiakja e Shkdr\u00ebs Voltana Ademi e cila \u00ebsht\u00eb shprehur se: \u201cNe duhet t\u00eb protestojm\u00eb q\u00eb kriminaliteti t\u00eb mos vij\u00eb n\u00eb Shkod\u00ebr\u201d, nd\u00ebrsa b\u00ebhet me dije se p\u00ebr mitingun e sot\u00ebm t\u00eb PS-s\u00eb nuk \u00ebsht\u00eb dh\u00ebn\u00eb leje.<\/p>\n<p>Nga Dosja Al.<\/p>\n","protected":false},"excerpt":{"rendered":"<p>\u201cRama ik\u201d, nis marshimi n\u00eb Shkod\u00ebr 20\/06\/2019 P\u00ebrmes thirrjeve \u201cRama ik\u201d ka nisur edhe marshimi i qytetar\u00ebve dhe militant\u00ebve t\u00eb Partis\u00eb Demokratike n\u00eb qytetin e Shkodr\u00ebs, para fillimit t\u00eb mitingut t\u00eb kryeministrit. Militant\u00ebt e PD-s\u00eb jan\u00eb duke marshuar n\u00eb pedonalen e qytetit, nd\u00ebrsa qyteti i Shkodr\u00ebs ndodhet n\u00eb shtet-rrethim p\u00ebr takimin e sot\u00ebm, ku qindra [&hellip;]<\/p>\n","protected":false},"author":9,"featured_media":29501,"comment_status":"open","ping_status":"open","sticky":false,"template":"","format":"standard","meta":{"jetpack_post_was_ever_published":false,"_jetpack_newsletter_access":"","_jetpack_dont_email_post_to_subs":false,"_jetpack_newsletter_tier_id":0,"_jetpack_memberships_contains_paywalled_content":false,"_jetpack_memberships_contains_paid_content":false,"footnotes":"","jetpack_publicize_message":"","jetpack_publicize_feature_enabled":true,"jetpack_social_post_already_shared":true,"jetpack_social_options":{"image_generator_settings":{"template":"highway","default_image_id":0,"font":"","enabled":false},"version":2}},"categories":[27,2,35],"tags":[],"class_list":["post-29500","post","type-post","status-publish","format-standard","has-post-thumbnail","hentry","category-blogu-i-udhetarit","category-politika","category-shoqerore"],"jetpack_publicize_connections":[],"jetpack_featured_media_url":"https:\/\/i0.wp.com\/www.shqiperia.com\/blog\/wp-content\/uploads\/2019\/12\/mitingu-780x405-1.png?fit=780%2C405&ssl=1","jetpack_sharing_enabled":true,"jetpack_shortlink":"https:\/\/wp.me\/p5Z6wp-7FO","jetpack-related-posts":[{"id":32161,"url":"https:\/\/www.shqiperia.com\/blog\/rama-ik-pritja-e-metes-ne-shkoder\/","url_meta":{"origin":29500,"position":0},"title":"&#8211; Rama ik! Pritja e Metes ne Shkoder.","author":"Kurt Farka","date":"March 8, 2020","format":false,"excerpt":"Rama ik! Pritja e Metes ne Shkoder. \u00a07 mars 2020 Presidenti Ilir Meta, ka qen\u00eb i pranish\u00ebm sot n\u00eb Shkod\u00ebr, ku ka ndjekur derbin e Shqip\u00ebris\u00eb, Vllaznia-Tirana n\u00eb basketboll meshkuj. Kreu i shtetit \u00ebsht\u00eb shfaqur n\u00eb pallatin e sportit \u201cQazim Dervishi\u201d p\u00ebr t\u00eb shijuar emocionet e ndeshjes s\u00eb vlefshme p\u00ebr\u2026","rel":"","context":"In &quot;Blogu i Udh\u00ebtarit&quot;","block_context":{"text":"Blogu i Udh\u00ebtarit","link":"https:\/\/www.shqiperia.com\/blog\/category\/blogu-i-udhetarit\/"},"img":{"alt_text":"","src":"https:\/\/i0.wp.com\/www.shqiperia.com\/blog\/wp-content\/uploads\/2020\/03\/meta5.jpg?fit=960%2C720&ssl=1&resize=350%2C200","width":350,"height":200,"srcset":"https:\/\/i0.wp.com\/www.shqiperia.com\/blog\/wp-content\/uploads\/2020\/03\/meta5.jpg?fit=960%2C720&ssl=1&resize=350%2C200 1x, https:\/\/i0.wp.com\/www.shqiperia.com\/blog\/wp-content\/uploads\/2020\/03\/meta5.jpg?fit=960%2C720&ssl=1&resize=525%2C300 1.5x, https:\/\/i0.wp.com\/www.shqiperia.com\/blog\/wp-content\/uploads\/2020\/03\/meta5.jpg?fit=960%2C720&ssl=1&resize=700%2C400 2x"},"classes":[]},{"id":24866,"url":"https:\/\/www.shqiperia.com\/blog\/konstituimi-i-keshillit-bashkiak-te-shkodres-tensionohet-situata-protestuesit-konfrontohen-me-policine\/","url_meta":{"origin":29500,"position":1},"title":"Konstituimi i k\u00ebshillit bashkiak t\u00eb Shkodr\u00ebs, tensionohet situata. Protestuesit konfrontohen me policin\u00eb","author":"Kurt Farka","date":"August 19, 2019","format":false,"excerpt":"Konstituimi i k\u00ebshillit bashkiak t\u00eb Shkodr\u00ebs, tensionohet situata. Protestuesit konfrontohen me policin\u00eb Aug 19, 2019 Mb\u00ebshtet\u00ebsit e opozit\u00ebs jan\u00eb konfrontuar sot me forcat e rendit, n\u00eb nj\u00eb koh\u00eb q\u00eb n\u00eb ambientet e brendshme t\u00eb Biblotek\u00ebs u zhvillua mbledhja e konstituimit t\u00eb K\u00ebshillit bashkiak t\u00eb Shkodr\u00ebs. Protestuesit kan\u00eb tentuar t\u00eb futen\u2026","rel":"","context":"In &quot;Blogu i Udh\u00ebtarit&quot;","block_context":{"text":"Blogu i Udh\u00ebtarit","link":"https:\/\/www.shqiperia.com\/blog\/category\/blogu-i-udhetarit\/"},"img":{"alt_text":"","src":"https:\/\/i0.wp.com\/www.shqiperia.com\/blog\/wp-content\/uploads\/2019\/08\/mbledhja.jpg?fit=1200%2C602&ssl=1&resize=350%2C200","width":350,"height":200,"srcset":"https:\/\/i0.wp.com\/www.shqiperia.com\/blog\/wp-content\/uploads\/2019\/08\/mbledhja.jpg?fit=1200%2C602&ssl=1&resize=350%2C200 1x, https:\/\/i0.wp.com\/www.shqiperia.com\/blog\/wp-content\/uploads\/2019\/08\/mbledhja.jpg?fit=1200%2C602&ssl=1&resize=525%2C300 1.5x, https:\/\/i0.wp.com\/www.shqiperia.com\/blog\/wp-content\/uploads\/2019\/08\/mbledhja.jpg?fit=1200%2C602&ssl=1&resize=700%2C400 2x, https:\/\/i0.wp.com\/www.shqiperia.com\/blog\/wp-content\/uploads\/2019\/08\/mbledhja.jpg?fit=1200%2C602&ssl=1&resize=1050%2C600 3x"},"classes":[]},{"id":27580,"url":"https:\/\/www.shqiperia.com\/blog\/shperthen-paulin-sterkaj-emerimet-ne-shkoder-jane-kthyer-ne-tendera\/","url_meta":{"origin":29500,"position":2},"title":"Shp\u00ebrthen Paulin Sterkaj: Em\u00ebrimet n\u00eb Shkod\u00ebr jan\u00eb kthyer n\u00eb tendera. &#8211;","author":"Kurt Farka","date":"November 1, 2019","format":false,"excerpt":"Shp\u00ebrthen Paulin Sterkaj: Em\u00ebrimet n\u00eb Shkod\u00ebr jan\u00eb kthyer n\u00eb tendera 01\/11\/19 mapo.al Edi Rama tentoi s\u00ebrish sot t\u00eb ul\u00eb gjakrat mes socialist\u00ebve t\u00eb Shkodr\u00ebs por pa rezultat. Prej gushtit kur ai shkarkoi n\u00eb m\u00ebnyr\u00eb demonstrative t\u00eb gjith\u00eb drejtor\u00ebt nuk ka mundur t\u00eb caktoj\u00eb drejtor\u00ebt e rinj. Dhe jo vet\u00ebm kaq,\u2026","rel":"","context":"In &quot;Blogu i Udh\u00ebtarit&quot;","block_context":{"text":"Blogu i Udh\u00ebtarit","link":"https:\/\/www.shqiperia.com\/blog\/category\/blogu-i-udhetarit\/"},"img":{"alt_text":"","src":"https:\/\/i0.wp.com\/www.shqiperia.com\/blog\/wp-content\/uploads\/2019\/11\/rama3-1024x695.jpg?fit=993%2C493&ssl=1&resize=350%2C200","width":350,"height":200,"srcset":"https:\/\/i0.wp.com\/www.shqiperia.com\/blog\/wp-content\/uploads\/2019\/11\/rama3-1024x695.jpg?fit=993%2C493&ssl=1&resize=350%2C200 1x, https:\/\/i0.wp.com\/www.shqiperia.com\/blog\/wp-content\/uploads\/2019\/11\/rama3-1024x695.jpg?fit=993%2C493&ssl=1&resize=525%2C300 1.5x, https:\/\/i0.wp.com\/www.shqiperia.com\/blog\/wp-content\/uploads\/2019\/11\/rama3-1024x695.jpg?fit=993%2C493&ssl=1&resize=700%2C400 2x"},"classes":[]},{"id":44292,"url":"https:\/\/www.shqiperia.com\/blog\/rama-ne-shkoder-qytetaret-te-revoltuar-miliona-leke-dem-nga-permbytjet-shteti-spo-na-pergjigjet\/","url_meta":{"origin":29500,"position":3},"title":"Rama n\u00eb Shkod\u00ebr\/ Qytetar\u00ebt t\u00eb revoltuar: Miliona lek\u00eb d\u00ebm nga p\u00ebrmbytjet, shteti s\u2019po na p\u00ebrgjigjet","author":"Kurt Farka","date":"February 16, 2021","format":false,"excerpt":"Rama n\u00eb Shkod\u00ebr\/ Qytetar\u00ebt t\u00eb revoltuar: Miliona lek\u00eb d\u00ebm nga p\u00ebrmbytjet, shteti s\u2019po na p\u00ebrgjigjet 16 SHKURT 2021 Me protesta \u00ebsht\u00eb pritur sot n\u00eb Shkod\u00ebr kryeministri Edi Rama, ku qytetar\u00eb nga zonat e p\u00ebrmbytura dol\u00ebn n\u00eb rrug\u00eb, n\u00eb hyrje t\u00eb Shkodr\u00ebs. Nj\u00eb prej qytetar\u00ebve tha se ka nj\u00eb varrez\u00eb makinash\u2026","rel":"","context":"In &quot;Blogu i Udh\u00ebtarit&quot;","block_context":{"text":"Blogu i Udh\u00ebtarit","link":"https:\/\/www.shqiperia.com\/blog\/category\/blogu-i-udhetarit\/"},"img":{"alt_text":"","src":"https:\/\/i0.wp.com\/www.shqiperia.com\/blog\/wp-content\/uploads\/2021\/02\/640-0-602b98fcc4625.jpg?fit=640%2C318&ssl=1&resize=350%2C200","width":350,"height":200,"srcset":"https:\/\/i0.wp.com\/www.shqiperia.com\/blog\/wp-content\/uploads\/2021\/02\/640-0-602b98fcc4625.jpg?fit=640%2C318&ssl=1&resize=350%2C200 1x, https:\/\/i0.wp.com\/www.shqiperia.com\/blog\/wp-content\/uploads\/2021\/02\/640-0-602b98fcc4625.jpg?fit=640%2C318&ssl=1&resize=525%2C300 1.5x"},"classes":[]},{"id":55062,"url":"https:\/\/www.shqiperia.com\/blog\/nisin-protestat-per-rritjen-e-cmimeve-qytetaret-bllokojne-hyrjen-e-shkodres\/","url_meta":{"origin":29500,"position":4},"title":"Nisin protestat p\u00ebr rritjen e \u00e7mimeve. &#8211; Qytetar\u00ebt bllokojn\u00eb hyrjen e Shkodr\u00ebs","author":"Kurt Farka","date":"March 9, 2022","format":false,"excerpt":"Nisin protestat p\u00ebr rritjen e \u00e7mimeve. - Qytetar\u00ebt bllokojn\u00eb hyrjen e Shkodr\u00ebs 9 MARS 2022 \u00c7mimi i naft\u00ebs n\u00eb vend ka kapur shifra rekord duke shkuat n\u00eb 250 lek\u00eb p\u00ebr lit\u00ebr, duke ngjallur shqet\u00ebsimin e qytetar\u00ebve q\u00eb kan\u00eb paralajm\u00ebruar protesta. Dit\u00ebn e sotme nj\u00eb disa t\u00eb rinj bllokuan hyrjen e\u2026","rel":"","context":"In &quot;Blogu i Udh\u00ebtarit&quot;","block_context":{"text":"Blogu i Udh\u00ebtarit","link":"https:\/\/www.shqiperia.com\/blog\/category\/blogu-i-udhetarit\/"},"img":{"alt_text":"","src":"https:\/\/i0.wp.com\/www.shqiperia.com\/blog\/wp-content\/uploads\/2022\/03\/Protesta-per-cmimet-ne-Shkoder.png?fit=640%2C347&ssl=1&resize=350%2C200","width":350,"height":200,"srcset":"https:\/\/i0.wp.com\/www.shqiperia.com\/blog\/wp-content\/uploads\/2022\/03\/Protesta-per-cmimet-ne-Shkoder.png?fit=640%2C347&ssl=1&resize=350%2C200 1x, https:\/\/i0.wp.com\/www.shqiperia.com\/blog\/wp-content\/uploads\/2022\/03\/Protesta-per-cmimet-ne-Shkoder.png?fit=640%2C347&ssl=1&resize=525%2C300 1.5x"},"classes":[]},{"id":22016,"url":"https:\/\/www.shqiperia.com\/blog\/sot-ne-shkoder-ps-miting-kurse-pd-marshim-madheshtor-ne-te-njejtin-vend\/","url_meta":{"origin":29500,"position":5},"title":"Sot ne Shkoder, &#8211; PS miting kurse PD marshim madh\u00ebshtor ne te njejtin vend. &#8211;","author":"Kurt Farka","date":"June 20, 2019","format":false,"excerpt":"Sot ne Shkoder, - PS miting kurse PD marshim madh\u00ebshtor ne te njejtin vend. - 20 Qershor, 2019 Sot n\u00eb or\u00ebn 18:30, n\u00eb pedonalen e Shkodr\u00ebs, Partia Socialiste ka njoftuar nj\u00eb miting, ku i pranish\u00ebm do t\u00eb jet\u00eb Kryeministri Edi Rama, p\u00ebr t\u00eb prezantuar kandidat\u00ebn p\u00ebr zgjedhjet e anuluara t\u00eb\u2026","rel":"","context":"In &quot;Blogu i Udh\u00ebtarit&quot;","block_context":{"text":"Blogu i Udh\u00ebtarit","link":"https:\/\/www.shqiperia.com\/blog\/category\/blogu-i-udhetarit\/"},"img":{"alt_text":"","src":"https:\/\/i0.wp.com\/www.shqiperia.com\/blog\/wp-content\/uploads\/2019\/06\/forcat-speciale-696x431.jpeg?fit=696%2C431&ssl=1&resize=350%2C200","width":350,"height":200,"srcset":"https:\/\/i0.wp.com\/www.shqiperia.com\/blog\/wp-content\/uploads\/2019\/06\/forcat-speciale-696x431.jpeg?fit=696%2C431&ssl=1&resize=350%2C200 1x, https:\/\/i0.wp.com\/www.shqiperia.com\/blog\/wp-content\/uploads\/2019\/06\/forcat-speciale-696x431.jpeg?fit=696%2C431&ssl=1&resize=525%2C300 1.5x"},"classes":[]}],"_links":{"self":[{"href":"https:\/\/www.shqiperia.com\/blog\/wp-json\/wp\/v2\/posts\/29500","targetHints":{"allow":["GET"]}}],"collection":[{"href":"https:\/\/www.shqiperia.com\/blog\/wp-json\/wp\/v2\/posts"}],"about":[{"href":"https:\/\/www.shqiperia.com\/blog\/wp-json\/wp\/v2\/types\/post"}],"author":[{"embeddable":true,"href":"https:\/\/www.shqiperia.com\/blog\/wp-json\/wp\/v2\/users\/9"}],"replies":[{"embeddable":true,"href":"https:\/\/www.shqiperia.com\/blog\/wp-json\/wp\/v2\/comments?post=29500"}],"version-history":[{"count":1,"href":"https:\/\/www.shqiperia.com\/blog\/wp-json\/wp\/v2\/posts\/29500\/revisions"}],"predecessor-version":[{"id":29502,"href":"https:\/\/www.shqiperia.com\/blog\/wp-json\/wp\/v2\/posts\/29500\/revisions\/29502"}],"wp:featuredmedia":[{"embeddable":true,"href":"https:\/\/www.shqiperia.com\/blog\/wp-json\/wp\/v2\/media\/29501"}],"wp:attachment":[{"href":"https:\/\/www.shqiperia.com\/blog\/wp-json\/wp\/v2\/media?parent=29500"}],"wp:term":[{"taxonomy":"category","embeddable":true,"href":"https:\/\/www.shqiperia.com\/blog\/wp-json\/wp\/v2\/categories?post=29500"},{"taxonomy":"post_tag","embeddable":true,"href":"https:\/\/www.shqiperia.com\/blog\/wp-json\/wp\/v2\/tags?post=29500"}],"curies":[{"name":"wp","href":"https:\/\/api.w.org\/{rel}","templated":true}]}}