{"id":29495,"date":"2019-12-19T13:24:16","date_gmt":"2019-12-19T13:24:16","guid":{"rendered":"https:\/\/www.shqiperia.com\/blog\/?p=29495"},"modified":"2019-12-19T13:24:16","modified_gmt":"2019-12-19T13:24:16","slug":"proteste-para-kryeministrise-televizore-ne-toke-pranga-e-etiketa-gjobe-dhjetera-te-shtrire-rreth-tyre-me-shirita-te-zinj-ne-goje-e-pankarta-te-shumta","status":"publish","type":"post","link":"https:\/\/www.shqiperia.com\/blog\/proteste-para-kryeministrise-televizore-ne-toke-pranga-e-etiketa-gjobe-dhjetera-te-shtrire-rreth-tyre-me-shirita-te-zinj-ne-goje-e-pankarta-te-shumta\/","title":{"rendered":"Protest\u00eb para Kryeministris\u00eb\/ Televizor\u00eb n\u00eb tok\u00eb, pranga e etiketa \u2018gjob\u00eb\u2019, dhjet\u00ebra t\u00eb shtrir\u00eb rreth tyre me shirita t\u00eb zinj n\u00eb goj\u00eb e pankarta t\u00eb shumta. &#8211;"},"content":{"rendered":"<p><img data-recalc-dims=\"1\" loading=\"lazy\" decoding=\"async\" data-attachment-id=\"29496\" data-permalink=\"https:\/\/www.shqiperia.com\/blog\/proteste-para-kryeministrise-televizore-ne-toke-pranga-e-etiketa-gjobe-dhjetera-te-shtrire-rreth-tyre-me-shirita-te-zinj-ne-goje-e-pankarta-te-shumta\/protesta-kunder-censures\/\" data-orig-file=\"https:\/\/i0.wp.com\/www.shqiperia.com\/blog\/wp-content\/uploads\/2019\/12\/protesta-kunder-censures-.jpeg?fit=675%2C387&amp;ssl=1\" data-orig-size=\"675,387\" data-comments-opened=\"1\" data-image-meta=\"{&quot;aperture&quot;:&quot;0&quot;,&quot;credit&quot;:&quot;&quot;,&quot;camera&quot;:&quot;&quot;,&quot;caption&quot;:&quot;&quot;,&quot;created_timestamp&quot;:&quot;0&quot;,&quot;copyright&quot;:&quot;&quot;,&quot;focal_length&quot;:&quot;0&quot;,&quot;iso&quot;:&quot;0&quot;,&quot;shutter_speed&quot;:&quot;0&quot;,&quot;title&quot;:&quot;&quot;,&quot;orientation&quot;:&quot;0&quot;}\" data-image-title=\"protesta kunder censures-\" data-image-description=\"\" data-image-caption=\"\" data-medium-file=\"https:\/\/i0.wp.com\/www.shqiperia.com\/blog\/wp-content\/uploads\/2019\/12\/protesta-kunder-censures-.jpeg?fit=300%2C172&amp;ssl=1\" data-large-file=\"https:\/\/i0.wp.com\/www.shqiperia.com\/blog\/wp-content\/uploads\/2019\/12\/protesta-kunder-censures-.jpeg?fit=675%2C387&amp;ssl=1\" class=\"alignnone  wp-image-29496\" alt=\"\" src=\"https:\/\/i0.wp.com\/www.shqiperia.com\/blog\/wp-content\/uploads\/2019\/12\/protesta-kunder-censures-.jpeg?resize=645%2C370&#038;ssl=1\" width=\"645\" height=\"370\" srcset=\"https:\/\/i0.wp.com\/www.shqiperia.com\/blog\/wp-content\/uploads\/2019\/12\/protesta-kunder-censures-.jpeg?resize=300%2C172&amp;ssl=1 300w, https:\/\/i0.wp.com\/www.shqiperia.com\/blog\/wp-content\/uploads\/2019\/12\/protesta-kunder-censures-.jpeg?resize=450%2C258&amp;ssl=1 450w, https:\/\/i0.wp.com\/www.shqiperia.com\/blog\/wp-content\/uploads\/2019\/12\/protesta-kunder-censures-.jpeg?resize=600%2C344&amp;ssl=1 600w, https:\/\/i0.wp.com\/www.shqiperia.com\/blog\/wp-content\/uploads\/2019\/12\/protesta-kunder-censures-.jpeg?resize=400%2C229&amp;ssl=1 400w, https:\/\/i0.wp.com\/www.shqiperia.com\/blog\/wp-content\/uploads\/2019\/12\/protesta-kunder-censures-.jpeg?w=675&amp;ssl=1 675w\" sizes=\"auto, (max-width: 645px) 100vw, 645px\" \/><\/p>\n<p><strong>Protest\u00eb para Kryeministris\u00eb\/ Televizor\u00eb n\u00eb tok\u00eb, pranga e etiketa \u2018gjob\u00eb\u2019, dhjet\u00ebra t\u00eb shtrir\u00eb rreth tyre me shirita t\u00eb zinj n\u00eb goj\u00eb e pankarta t\u00eb shumta.<\/strong><\/p>\n<p><strong>19\/12\/2019 <\/strong><\/p>\n<p>Dhjet\u00ebra student\u00eb t\u00eb Rezistenc\u00ebs Rinore kan\u00eb protestuar sot n\u00eb Bulevardin \u201cD\u00ebshmor\u00ebt e Kombit\u201d para Kryeministris\u00eb kund\u00ebr censur\u00ebs. Nj\u00eb dit\u00eb pasi parlamenti miratoi paket\u00ebn antishpifje, student\u00ebt jan\u00eb organizuar p\u00ebr t\u00eb kund\u00ebrshtuar k\u00ebt\u00eb paket\u00eb q\u00eb i jep kontroll m\u00eb t\u00eb madh AMA-s dhe AKEP-it mbi mediat.<\/p>\n<p>T\u00eb rinjt\u00eb kan\u00eb vendosur disa televizor\u00eb n\u00eb tok\u00eb, pranga e etiketa \u2018gjob\u00eb\u2019 dhe m\u00eb pas jan\u00eb shtrir\u00eb rreth tyre me shirita t\u00eb zinj n\u00eb goj\u00eb e pankarta t\u00eb shumta me mesazhe kund\u00ebr censur\u00ebs.<\/p>\n<p>M\u00eb pas ata i kan\u00eb hedhur n\u00eb kazan\u00ebt e mbeturinave q\u00eb jan\u00eb t\u00eb vendosur anash kryeministris\u00eb.<\/p>\n<p>Arben Meta nj\u00eb prej p\u00ebrfaq\u00ebsuesve t\u00eb rezistenc\u00ebs shpjegoi dhe simbolik\u00ebn e p\u00ebrdorur dhe iu b\u00ebri thirrje atyre q\u00eb e mb\u00ebshtesin paket\u00ebn anti shpifje t\u00eb mendojn\u00eb p\u00ebr f\u00ebmij\u00ebt dhe nipat e tyre.<\/p>\n<p>\u201cRikthim i nenit 55 t\u00eb Republik\u00ebs Popullore t\u00eb Republik\u00ebs s\u00eb Shqip\u00ebris\u00eb p\u00ebr agjitacion e propagand\u00eb. Ky ligj ishte nj\u00eb nga arsyet q\u00eb diktatura q\u00ebndroi aq gjat\u00eb n\u00eb k\u00ebmb\u00eb. Dy jan\u00eb shtyllat kryesore t\u00eb demokracis\u00eb: e para \u00ebsht\u00eb gjykata dhe drejt\u00ebsia q\u00eb ne e dim\u00eb si ka p\u00ebrfunduar dhe e dyta \u00ebsht\u00eb media e lir\u00eb q\u00eb ne po e shikojm\u00eb se si po e p\u00ebson. K\u00ebta televizor\u00eb jan\u00eb p\u00ebr t\u2019i treguar zotit Kryeminist\u00ebr q\u00eb n\u00eb qoft\u00eb se ne para disa viteve kishim vet\u00ebm nj\u00eb kanal q\u00eb ishte TVSH sot kemi nj\u00eb kanal televiziv nga i cili do p\u00ebrcillen t\u00eb gjitha lajmet q\u00eb \u00ebsht\u00eb ERTV. K\u00ebt\u00eb nuk mund ta pranojm\u00eb, ndryshe ne do t\u2019i kthenim kurrizin aspirat\u00ebs son\u00eb p\u00ebr n\u00eb BE. Kam nj\u00eb mesazh p\u00ebr t\u00eb gjith\u00eb mb\u00ebshtet\u00ebsit e k\u00ebsaj pakete, mendoni p\u00ebr f\u00ebmij\u00ebt tuaj. Ky \u00ebsht\u00eb kthim i nj\u00eb diktature moderne\u201d, tha p\u00ebrfaq\u00ebsuesi i student\u00ebve.<\/p>\n<p><img data-recalc-dims=\"1\" loading=\"lazy\" decoding=\"async\" data-attachment-id=\"29497\" data-permalink=\"https:\/\/www.shqiperia.com\/blog\/proteste-para-kryeministrise-televizore-ne-toke-pranga-e-etiketa-gjobe-dhjetera-te-shtrire-rreth-tyre-me-shirita-te-zinj-ne-goje-e-pankarta-te-shumta\/protesta-kunder-censures-2\/\" data-orig-file=\"https:\/\/i0.wp.com\/www.shqiperia.com\/blog\/wp-content\/uploads\/2019\/12\/protesta-kunder-censures.jpeg?fit=675%2C450&amp;ssl=1\" data-orig-size=\"675,450\" data-comments-opened=\"1\" data-image-meta=\"{&quot;aperture&quot;:&quot;0&quot;,&quot;credit&quot;:&quot;&quot;,&quot;camera&quot;:&quot;&quot;,&quot;caption&quot;:&quot;&quot;,&quot;created_timestamp&quot;:&quot;0&quot;,&quot;copyright&quot;:&quot;&quot;,&quot;focal_length&quot;:&quot;0&quot;,&quot;iso&quot;:&quot;0&quot;,&quot;shutter_speed&quot;:&quot;0&quot;,&quot;title&quot;:&quot;&quot;,&quot;orientation&quot;:&quot;0&quot;}\" data-image-title=\"protesta kunder censures\" data-image-description=\"\" data-image-caption=\"\" data-medium-file=\"https:\/\/i0.wp.com\/www.shqiperia.com\/blog\/wp-content\/uploads\/2019\/12\/protesta-kunder-censures.jpeg?fit=300%2C200&amp;ssl=1\" data-large-file=\"https:\/\/i0.wp.com\/www.shqiperia.com\/blog\/wp-content\/uploads\/2019\/12\/protesta-kunder-censures.jpeg?fit=675%2C450&amp;ssl=1\" class=\"alignnone  wp-image-29497\" alt=\"\" src=\"https:\/\/i0.wp.com\/www.shqiperia.com\/blog\/wp-content\/uploads\/2019\/12\/protesta-kunder-censures.jpeg?resize=659%2C439&#038;ssl=1\" width=\"659\" height=\"439\" srcset=\"https:\/\/i0.wp.com\/www.shqiperia.com\/blog\/wp-content\/uploads\/2019\/12\/protesta-kunder-censures.jpeg?resize=300%2C200&amp;ssl=1 300w, https:\/\/i0.wp.com\/www.shqiperia.com\/blog\/wp-content\/uploads\/2019\/12\/protesta-kunder-censures.jpeg?resize=600%2C400&amp;ssl=1 600w, https:\/\/i0.wp.com\/www.shqiperia.com\/blog\/wp-content\/uploads\/2019\/12\/protesta-kunder-censures.jpeg?resize=450%2C300&amp;ssl=1 450w, https:\/\/i0.wp.com\/www.shqiperia.com\/blog\/wp-content\/uploads\/2019\/12\/protesta-kunder-censures.jpeg?resize=400%2C267&amp;ssl=1 400w, https:\/\/i0.wp.com\/www.shqiperia.com\/blog\/wp-content\/uploads\/2019\/12\/protesta-kunder-censures.jpeg?w=675&amp;ssl=1 675w\" sizes=\"auto, (max-width: 659px) 100vw, 659px\" \/><\/p>\n<p><strong>\/Agjensia e Lajmeve Sot News\/<\/strong><\/p>\n","protected":false},"excerpt":{"rendered":"<p>Protest\u00eb para Kryeministris\u00eb\/ Televizor\u00eb n\u00eb tok\u00eb, pranga e etiketa \u2018gjob\u00eb\u2019, dhjet\u00ebra t\u00eb shtrir\u00eb rreth tyre me shirita t\u00eb zinj n\u00eb goj\u00eb e pankarta t\u00eb shumta. 19\/12\/2019 Dhjet\u00ebra student\u00eb t\u00eb Rezistenc\u00ebs Rinore kan\u00eb protestuar sot n\u00eb Bulevardin \u201cD\u00ebshmor\u00ebt e Kombit\u201d para Kryeministris\u00eb kund\u00ebr censur\u00ebs. Nj\u00eb dit\u00eb pasi parlamenti miratoi paket\u00ebn antishpifje, student\u00ebt jan\u00eb organizuar p\u00ebr t\u00eb [&hellip;]<\/p>\n","protected":false},"author":9,"featured_media":29496,"comment_status":"open","ping_status":"open","sticky":false,"template":"","format":"standard","meta":{"jetpack_post_was_ever_published":false,"_jetpack_newsletter_access":"","_jetpack_dont_email_post_to_subs":false,"_jetpack_newsletter_tier_id":0,"_jetpack_memberships_contains_paywalled_content":false,"_jetpack_memberships_contains_paid_content":false,"footnotes":"","jetpack_publicize_message":"","jetpack_publicize_feature_enabled":true,"jetpack_social_post_already_shared":true,"jetpack_social_options":{"image_generator_settings":{"template":"highway","default_image_id":0,"font":"","enabled":false},"version":2}},"categories":[27,2,35],"tags":[],"class_list":["post-29495","post","type-post","status-publish","format-standard","has-post-thumbnail","hentry","category-blogu-i-udhetarit","category-politika","category-shoqerore"],"jetpack_publicize_connections":[],"jetpack_featured_media_url":"https:\/\/i0.wp.com\/www.shqiperia.com\/blog\/wp-content\/uploads\/2019\/12\/protesta-kunder-censures-.jpeg?fit=675%2C387&ssl=1","jetpack_sharing_enabled":true,"jetpack_shortlink":"https:\/\/wp.me\/p5Z6wp-7FJ","jetpack-related-posts":[{"id":14877,"url":"https:\/\/www.shqiperia.com\/blog\/studentet-paralajmerojne-greve-urie-do-ngujohemi-te-korpusi-universitar\/","url_meta":{"origin":29495,"position":0},"title":"Studentet paralajmerojne greve urie: &#8211; Do ngujohemi te Korpusi Universitar. &#8211;","author":"Kurt Farka","date":"December 17, 2018","format":false,"excerpt":"Studentet paralajmerojne greve urie: - Do ngujohemi te Korpusi Universitar. - 17 dhjetor 208. Student\u00ebt e universiteteve publike jan\u00eb mbledhur para Kryeministris\u00eb n\u00eb nj\u00eb protest\u00eb komb\u00ebtare. Ashtu sikur edhe dje, ata i b\u00ebn\u00eb thirrje qytetar\u00ebve shqiptar\u00eb q\u00eb t\u00eb jen\u00eb t\u00eb pranish\u00ebm n\u00eb k\u00ebt\u00eb protest\u00eb paq\u00ebsore. Rreth or\u00ebs 09:00 student\u00ebt nis\u00ebn\u2026","rel":"","context":"In &quot;Blogu i Udh\u00ebtarit&quot;","block_context":{"text":"Blogu i Udh\u00ebtarit","link":"https:\/\/www.shqiperia.com\/blog\/category\/blogu-i-udhetarit\/"},"img":{"alt_text":"","src":"https:\/\/i0.wp.com\/www.shqiperia.com\/blog\/wp-content\/uploads\/2018\/12\/Protesta-okok-1-675x450.jpeg?fit=675%2C450&ssl=1&resize=350%2C200","width":350,"height":200,"srcset":"https:\/\/i0.wp.com\/www.shqiperia.com\/blog\/wp-content\/uploads\/2018\/12\/Protesta-okok-1-675x450.jpeg?fit=675%2C450&ssl=1&resize=350%2C200 1x, https:\/\/i0.wp.com\/www.shqiperia.com\/blog\/wp-content\/uploads\/2018\/12\/Protesta-okok-1-675x450.jpeg?fit=675%2C450&ssl=1&resize=525%2C300 1.5x"},"classes":[]},{"id":65516,"url":"https:\/\/www.shqiperia.com\/blog\/tensionet-ne-veri-te-kosoves-qytetaret-ne-tirane-proteste-perpara-ambasades-serbe-dhe-kryeministrise\/","url_meta":{"origin":29495,"position":1},"title":"Tensionet n\u00eb veri t\u00eb Kosov\u00ebs, qytetar\u00ebt n\u00eb Tiran\u00eb protest\u00eb p\u00ebrpara Ambasad\u00ebs serbe dhe Kryeministris\u00eb","author":"Kurt Farka","date":"December 16, 2022","format":false,"excerpt":"16 Dhjetor 2022 Dhjet\u00ebra qytetar\u00eb kan\u00eb protestuar k\u00ebt\u00eb t\u00eb premte p\u00ebrpara ambasad\u00ebs serbe n\u00eb Tiran\u00eb dhe q\u00eb m\u00eb pas jan\u00eb zhvendosur drejt Kryeministris\u00eb. Me flamuj dhe simbole komb\u00ebtare n\u00eb duar, qytetar\u00ebt kan\u00eb k\u00ebrkuar nga autoritetet diplomatike serbe q\u00eb Beogradi t\u00eb heq dor\u00eb nga p\u00ebrpjekjet p\u00ebr t\u00eb d\u00ebrguar trupat ushtarake n\u00eb\u2026","rel":"","context":"In &quot;Blogu i Udh\u00ebtarit&quot;","block_context":{"text":"Blogu i Udh\u00ebtarit","link":"https:\/\/www.shqiperia.com\/blog\/category\/blogu-i-udhetarit\/"},"img":{"alt_text":"","src":"https:\/\/i0.wp.com\/www.shqiperia.com\/blog\/wp-content\/uploads\/2022\/12\/protestw.png?fit=788%2C464&ssl=1&resize=350%2C200","width":350,"height":200,"srcset":"https:\/\/i0.wp.com\/www.shqiperia.com\/blog\/wp-content\/uploads\/2022\/12\/protestw.png?fit=788%2C464&ssl=1&resize=350%2C200 1x, https:\/\/i0.wp.com\/www.shqiperia.com\/blog\/wp-content\/uploads\/2022\/12\/protestw.png?fit=788%2C464&ssl=1&resize=525%2C300 1.5x, https:\/\/i0.wp.com\/www.shqiperia.com\/blog\/wp-content\/uploads\/2022\/12\/protestw.png?fit=788%2C464&ssl=1&resize=700%2C400 2x"},"classes":[]},{"id":41713,"url":"https:\/\/www.shqiperia.com\/blog\/protestuesit-ngjiten-te-shkallet-e-kryeministrise-tre-furgona-te-fnsh-se-nisen-me-urgjence-drejt-tyre\/","url_meta":{"origin":29495,"position":2},"title":"Protestuesit ngjiten te shkall\u00ebt e Kryeministris\u00eb, tre furgona t\u00eb FNSH-s\u00eb nisen me urgjenc\u00eb drejt tyre","author":"Kurt Farka","date":"December 9, 2020","format":false,"excerpt":"Protestuesit ngjiten te shkall\u00ebt e Kryeministris\u00eb, tre furgona t\u00eb FNSH-s\u00eb nisen me urgjenc\u00eb drejt tyre 9 DHJETOR 2020 P\u00ebrfaq\u00ebsuesit e shoq\u00ebris\u00eb civile dhe t\u00eb forumeve t\u00eb partive politike kan\u00eb nisur sot nj\u00eb protest\u00eb simbolike para Ministris\u00eb s\u00eb Brendshme, pas vrasjes s\u00eb 25-vje\u00e7arit, Klodian Rasha nga nj\u00eb efektiv policie. Aktivist\u00ebt k\u00ebrkojn\u00eb\u2026","rel":"","context":"In &quot;Blogu i Udh\u00ebtarit&quot;","block_context":{"text":"Blogu i Udh\u00ebtarit","link":"https:\/\/www.shqiperia.com\/blog\/category\/blogu-i-udhetarit\/"},"img":{"alt_text":"","src":"https:\/\/i0.wp.com\/www.shqiperia.com\/blog\/wp-content\/uploads\/2020\/12\/640-0-5fd0fb0f13417.jpg?fit=640%2C311&ssl=1&resize=350%2C200","width":350,"height":200,"srcset":"https:\/\/i0.wp.com\/www.shqiperia.com\/blog\/wp-content\/uploads\/2020\/12\/640-0-5fd0fb0f13417.jpg?fit=640%2C311&ssl=1&resize=350%2C200 1x, https:\/\/i0.wp.com\/www.shqiperia.com\/blog\/wp-content\/uploads\/2020\/12\/640-0-5fd0fb0f13417.jpg?fit=640%2C311&ssl=1&resize=525%2C300 1.5x"},"classes":[]},{"id":96877,"url":"https:\/\/www.shqiperia.com\/blog\/snajper-ne-tarrace-dhe-forca-te-shumta-policie-cfare-po-ndodh-te-kryeministria\/","url_meta":{"origin":29495,"position":3},"title":"Snajper n\u00eb tarrac\u00eb dhe forca t\u00eb shumta policie, \u00e7far\u00eb po ndodh te Kryeministria?","author":"Kurt Farka","date":"January 24, 2026","format":false,"excerpt":"24 Janar 2026 Sipas burimeve zyrtare, rreth 1350 efektiv\u00eb policie jan\u00eb angazhuar p\u00ebr mbar\u00ebvajtjen e protest\u00ebs, me fokus t\u00eb ve\u00e7ant\u00eb sigurin\u00eb e godin\u00ebs s\u00eb qeveris\u00eb, e cila \u00ebsht\u00eb blinduar. Policia ka marr\u00eb masa shtes\u00eb p\u00ebr skenar\u00eb t\u00eb mundsh\u00ebm dhune, p\u00ebrfshir\u00eb hedhjen e mjeteve piroteknike, nd\u00ebrsa n\u00eb tarrac\u00ebn e Kryeministris\u00eb raportohet\u2026","rel":"","context":"In &quot;Blogu i Udh\u00ebtarit&quot;","block_context":{"text":"Blogu i Udh\u00ebtarit","link":"https:\/\/www.shqiperia.com\/blog\/category\/blogu-i-udhetarit\/"},"img":{"alt_text":"","src":"https:\/\/i0.wp.com\/www.shqiperia.com\/blog\/wp-content\/uploads\/2026\/01\/600-388-9c64c2c316b511221d9b3736f9f7bd51.jpeg?fit=600%2C388&ssl=1&resize=350%2C200","width":350,"height":200,"srcset":"https:\/\/i0.wp.com\/www.shqiperia.com\/blog\/wp-content\/uploads\/2026\/01\/600-388-9c64c2c316b511221d9b3736f9f7bd51.jpeg?fit=600%2C388&ssl=1&resize=350%2C200 1x, https:\/\/i0.wp.com\/www.shqiperia.com\/blog\/wp-content\/uploads\/2026\/01\/600-388-9c64c2c316b511221d9b3736f9f7bd51.jpeg?fit=600%2C388&ssl=1&resize=525%2C300 1.5x"},"classes":[]},{"id":55200,"url":"https:\/\/www.shqiperia.com\/blog\/poshte-qeveria-e-oligarkeve-qytetaret-per-te-treten-dite-po-fillojne-protesten-para-kryeministrise\/","url_meta":{"origin":29495,"position":4},"title":"\u201cPosht\u00eb Qeveria e oligark\u00ebve\u201d. &#8211; Qytetar\u00ebt p\u00ebr t\u00eb tret\u00ebn dit\u00eb po fillojne protesten para Kryeministris\u00eb.","author":"Kurt Farka","date":"March 11, 2022","format":false,"excerpt":"\u201cPosht\u00eb Qeveria e oligark\u00ebve\u201d. - Qytetar\u00ebt p\u00ebr t\u00eb tret\u00ebn dit\u00eb po fillojne protesten para Kryeministris\u00eb. 11 Mars 2022 Sot Pankartat: - Poshte Qeveria e Oligarkeve. Ashtu si\u00e7 edhe ishte paralajm\u00ebruar, qindra qytetar\u00eb po marshojne drejt Kryeministris\u00eb . Me pankarta n\u00eb duar ku thuhet \u201cPosht\u00eb qeveris\u00eb e oligark\u00ebve\u201d, qytetar\u00eb e aktivist\u00eb,\u2026","rel":"","context":"In &quot;Blogu i Udh\u00ebtarit&quot;","block_context":{"text":"Blogu i Udh\u00ebtarit","link":"https:\/\/www.shqiperia.com\/blog\/category\/blogu-i-udhetarit\/"},"img":{"alt_text":"","src":"https:\/\/i0.wp.com\/www.shqiperia.com\/blog\/wp-content\/uploads\/2022\/03\/640-0-ferghrt-1647014866.jpg?fit=640%2C344&ssl=1&resize=350%2C200","width":350,"height":200,"srcset":"https:\/\/i0.wp.com\/www.shqiperia.com\/blog\/wp-content\/uploads\/2022\/03\/640-0-ferghrt-1647014866.jpg?fit=640%2C344&ssl=1&resize=350%2C200 1x, https:\/\/i0.wp.com\/www.shqiperia.com\/blog\/wp-content\/uploads\/2022\/03\/640-0-ferghrt-1647014866.jpg?fit=640%2C344&ssl=1&resize=525%2C300 1.5x"},"classes":[]},{"id":68934,"url":"https:\/\/www.shqiperia.com\/blog\/te-rinjte-e-frpd-nisin-marshimin-drejt-kryeministrise\/","url_meta":{"origin":29495,"position":5},"title":"T\u00eb rinjt\u00eb e FRPD nisin marshimin drejt kryeministris\u00eb","author":"Kurt Farka","date":"March 3, 2023","format":false,"excerpt":"3 Mars 2023 T\u00eb rinjt\u00eb e Forumit Rinor t\u00eb PD kan\u00eb nisur marshimin drejt Kryeministris\u00eb, p\u00ebr t\u2019iu bashkua m\u00eb pas protest\u00ebs s\u00eb opozit\u00ebs. Qytetar\u00eb, simpatizant\u00eb t\u00eb Partis\u00eb Demokratike jan\u00eb b\u00ebr\u00eb bashk\u00eb p\u00ebr t\u00eb protestuar sot, p\u00ebr keqqeverisjen, sic shprehen ata. Gjithashtu forca t\u00eb shumta policie jan\u00eb pozicionuar p\u00ebrpara Kryeministris\u00eb. P\u00ebrgatitjet\u2026","rel":"","context":"In &quot;Blogu i Udh\u00ebtarit&quot;","block_context":{"text":"Blogu i Udh\u00ebtarit","link":"https:\/\/www.shqiperia.com\/blog\/category\/blogu-i-udhetarit\/"},"img":{"alt_text":"","src":"https:\/\/i0.wp.com\/www.shqiperia.com\/blog\/wp-content\/uploads\/2023\/03\/protesta-1.jpeg?fit=1200%2C679&ssl=1&resize=350%2C200","width":350,"height":200,"srcset":"https:\/\/i0.wp.com\/www.shqiperia.com\/blog\/wp-content\/uploads\/2023\/03\/protesta-1.jpeg?fit=1200%2C679&ssl=1&resize=350%2C200 1x, https:\/\/i0.wp.com\/www.shqiperia.com\/blog\/wp-content\/uploads\/2023\/03\/protesta-1.jpeg?fit=1200%2C679&ssl=1&resize=525%2C300 1.5x, https:\/\/i0.wp.com\/www.shqiperia.com\/blog\/wp-content\/uploads\/2023\/03\/protesta-1.jpeg?fit=1200%2C679&ssl=1&resize=700%2C400 2x, https:\/\/i0.wp.com\/www.shqiperia.com\/blog\/wp-content\/uploads\/2023\/03\/protesta-1.jpeg?fit=1200%2C679&ssl=1&resize=1050%2C600 3x"},"classes":[]}],"_links":{"self":[{"href":"https:\/\/www.shqiperia.com\/blog\/wp-json\/wp\/v2\/posts\/29495","targetHints":{"allow":["GET"]}}],"collection":[{"href":"https:\/\/www.shqiperia.com\/blog\/wp-json\/wp\/v2\/posts"}],"about":[{"href":"https:\/\/www.shqiperia.com\/blog\/wp-json\/wp\/v2\/types\/post"}],"author":[{"embeddable":true,"href":"https:\/\/www.shqiperia.com\/blog\/wp-json\/wp\/v2\/users\/9"}],"replies":[{"embeddable":true,"href":"https:\/\/www.shqiperia.com\/blog\/wp-json\/wp\/v2\/comments?post=29495"}],"version-history":[{"count":1,"href":"https:\/\/www.shqiperia.com\/blog\/wp-json\/wp\/v2\/posts\/29495\/revisions"}],"predecessor-version":[{"id":29498,"href":"https:\/\/www.shqiperia.com\/blog\/wp-json\/wp\/v2\/posts\/29495\/revisions\/29498"}],"wp:featuredmedia":[{"embeddable":true,"href":"https:\/\/www.shqiperia.com\/blog\/wp-json\/wp\/v2\/media\/29496"}],"wp:attachment":[{"href":"https:\/\/www.shqiperia.com\/blog\/wp-json\/wp\/v2\/media?parent=29495"}],"wp:term":[{"taxonomy":"category","embeddable":true,"href":"https:\/\/www.shqiperia.com\/blog\/wp-json\/wp\/v2\/categories?post=29495"},{"taxonomy":"post_tag","embeddable":true,"href":"https:\/\/www.shqiperia.com\/blog\/wp-json\/wp\/v2\/tags?post=29495"}],"curies":[{"name":"wp","href":"https:\/\/api.w.org\/{rel}","templated":true}]}}