{"id":29492,"date":"2019-12-19T12:59:43","date_gmt":"2019-12-19T12:59:43","guid":{"rendered":"https:\/\/www.shqiperia.com\/blog\/?p=29492"},"modified":"2019-12-19T12:59:43","modified_gmt":"2019-12-19T12:59:43","slug":"nje-kriminel-lufte-po-vjen-te-pozoje-si-bamires-lvv-proteste-ne-tirane-kunder-vucic-non-grata-ne-shqiperi","status":"publish","type":"post","link":"https:\/\/www.shqiperia.com\/blog\/nje-kriminel-lufte-po-vjen-te-pozoje-si-bamires-lvv-proteste-ne-tirane-kunder-vucic-non-grata-ne-shqiperi\/","title":{"rendered":"\u201cNj\u00eb kriminel lufte po vjen t\u00eb pozoj\u00eb si bamir\u00ebs\u201d, LVV protest\u00eb n\u00eb Tiran\u00eb kund\u00ebr Vu\u00e7i\u00e7: Non grata n\u00eb Shqip\u00ebri. &#8211;"},"content":{"rendered":"<p><img data-recalc-dims=\"1\" loading=\"lazy\" decoding=\"async\" data-attachment-id=\"29493\" data-permalink=\"https:\/\/www.shqiperia.com\/blog\/nje-kriminel-lufte-po-vjen-te-pozoje-si-bamires-lvv-proteste-ne-tirane-kunder-vucic-non-grata-ne-shqiperi\/vucic\/\" data-orig-file=\"https:\/\/i0.wp.com\/www.shqiperia.com\/blog\/wp-content\/uploads\/2019\/12\/vucic.jpeg?fit=1280%2C720&amp;ssl=1\" data-orig-size=\"1280,720\" data-comments-opened=\"1\" data-image-meta=\"{&quot;aperture&quot;:&quot;0&quot;,&quot;credit&quot;:&quot;&quot;,&quot;camera&quot;:&quot;&quot;,&quot;caption&quot;:&quot;&quot;,&quot;created_timestamp&quot;:&quot;0&quot;,&quot;copyright&quot;:&quot;&quot;,&quot;focal_length&quot;:&quot;0&quot;,&quot;iso&quot;:&quot;0&quot;,&quot;shutter_speed&quot;:&quot;0&quot;,&quot;title&quot;:&quot;&quot;,&quot;orientation&quot;:&quot;0&quot;}\" data-image-title=\"vucic\" data-image-description=\"\" data-image-caption=\"\" data-medium-file=\"https:\/\/i0.wp.com\/www.shqiperia.com\/blog\/wp-content\/uploads\/2019\/12\/vucic.jpeg?fit=300%2C169&amp;ssl=1\" data-large-file=\"https:\/\/i0.wp.com\/www.shqiperia.com\/blog\/wp-content\/uploads\/2019\/12\/vucic.jpeg?fit=1024%2C576&amp;ssl=1\" class=\"alignnone  wp-image-29493\" alt=\"\" src=\"https:\/\/i0.wp.com\/www.shqiperia.com\/blog\/wp-content\/uploads\/2019\/12\/vucic.jpeg?resize=556%2C313&#038;ssl=1\" width=\"556\" height=\"313\" srcset=\"https:\/\/i0.wp.com\/www.shqiperia.com\/blog\/wp-content\/uploads\/2019\/12\/vucic.jpeg?resize=300%2C169&amp;ssl=1 300w, https:\/\/i0.wp.com\/www.shqiperia.com\/blog\/wp-content\/uploads\/2019\/12\/vucic.jpeg?resize=1024%2C576&amp;ssl=1 1024w, https:\/\/i0.wp.com\/www.shqiperia.com\/blog\/wp-content\/uploads\/2019\/12\/vucic.jpeg?resize=768%2C432&amp;ssl=1 768w, https:\/\/i0.wp.com\/www.shqiperia.com\/blog\/wp-content\/uploads\/2019\/12\/vucic.jpeg?resize=450%2C253&amp;ssl=1 450w, https:\/\/i0.wp.com\/www.shqiperia.com\/blog\/wp-content\/uploads\/2019\/12\/vucic.jpeg?resize=600%2C338&amp;ssl=1 600w, https:\/\/i0.wp.com\/www.shqiperia.com\/blog\/wp-content\/uploads\/2019\/12\/vucic.jpeg?resize=400%2C225&amp;ssl=1 400w, https:\/\/i0.wp.com\/www.shqiperia.com\/blog\/wp-content\/uploads\/2019\/12\/vucic.jpeg?w=1280&amp;ssl=1 1280w\" sizes=\"auto, (max-width: 556px) 100vw, 556px\" \/><\/p>\n<p>\u201cNj\u00eb kriminel lufte po vjen t\u00eb pozoj\u00eb si bamir\u00ebs\u201d, LVV protest\u00eb n\u00eb Tiran\u00eb kund\u00ebr Vu\u00e7i\u00e7: Non grata n\u00eb Shqip\u00ebri<\/p>\n<p><em>19 dhjetor 2019<\/em><\/p>\n<p><strong>L\u00ebvizja Vet\u00ebvendosje me qend\u00ebr n\u00eb Shqip\u00ebri ka protestuar n\u00eb kund\u00ebr mb\u00ebrritjes s\u00eb presidentit serb Aleksand\u00ebr Vu\u00e7i\u00e7 n\u00eb Tiran\u00eb n\u00eb Minishegenin Ballkanik.<\/strong><\/p>\n<p>Protestuesit mbanin nj\u00eb banderol\u00eb ku shkruhej: \u201cNj\u00eb kriminel lufte po vjen t\u00eb pozoj\u00eb si bamir\u00ebs\u201d.<\/p>\n<p>Nd\u00ebrsa shoq\u00ebrohej me nj\u00eb foto t\u00eb Vu\u00e7i\u00e7 me mbishkrimin non grata.<\/p>\n<p>P\u00ebrfaq\u00ebsuesit e LVV u shpreh\u00ebn se ai \u00ebsht\u00eb kriminel lufte, i cili gjat\u00eb vizit\u00ebs n\u00eb Shqip\u00ebri do t\u00eb b\u00ebj\u00eb aktivitet n\u00eb form\u00eb bamir\u00ebsie.<\/p>\n<p><em>\u201cBamir\u00ebsia \u00ebsht\u00eb nj\u00eb form\u00eb shp\u00eblarje q\u00eb i b\u00ebhet figur\u00ebs s\u00eb tij si kriminel lufte. Vu\u00e7i\u00e7 ka qene Minist\u00ebr n\u00eb qeverin\u00eb e Milloshevic n\u00eb 1999 ku jan\u00eb b\u00ebr\u00eb krime t\u00eb hatashme ndaj shqiptar\u00ebve. Serbia nuk ka k\u00ebrkuar asnj\u00ebher\u00eb falje p\u00ebr krimet q\u00eb ka b\u00ebr\u00eb. Jan\u00eb mbi 20.000 gra t\u00eb p\u00ebrdhunuara, mbi 10.000 civil\u00eb t\u00eb vrar\u00eb nga k\u00ebta 1000 f\u00ebmij\u00eb. Do udh\u00ebtoj\u00eb n\u00eb Shqip\u00ebri duke u hequr si bamir\u00ebs n\u00eb k\u00ebt\u00eb periudh\u00eb t\u00eb v\u00ebshtir\u00eb p\u00ebr kombin shqiptar.\u201d<\/em><\/p>\n<p>LVV paralajm\u00ebroi se nes\u00ebr n\u00eb or\u00ebn 17:30 do mbajn\u00eb nj\u00eb protest\u00eb paq\u00ebsore p\u00ebr t\u00eb th\u00ebn\u00eb se Vu\u00e7i\u00e7 \u00ebsht\u00eb non grata n\u00eb Shqip\u00ebri.<\/p>\n<p>Vu\u00e7i\u00e7 do marr\u00eb pjes\u00eb n\u00eb Samitin e Minishegenit me ftes\u00eb t\u00eb kryeministrit Edi Rama n\u00eb datat 20 dhe 21 dhjetor 2019, ku do jen\u00eb edhe lider\u00eb t\u00eb tjer\u00eb t\u00eb Ballkanit Per\u00ebndimor.<\/p>\n<p>Nd\u00ebrsa Kosova refuzoi ftes\u00ebn e Ram\u00ebs, d\u00ebrguar presidentit Hashim Tha\u00e7i p\u00ebr pjes\u00ebmarrje n\u00eb Samit.<\/p>\n<p>Gazeta Panorama<\/p>\n","protected":false},"excerpt":{"rendered":"<p>\u201cNj\u00eb kriminel lufte po vjen t\u00eb pozoj\u00eb si bamir\u00ebs\u201d, LVV protest\u00eb n\u00eb Tiran\u00eb kund\u00ebr Vu\u00e7i\u00e7: Non grata n\u00eb Shqip\u00ebri 19 dhjetor 2019 L\u00ebvizja Vet\u00ebvendosje me qend\u00ebr n\u00eb Shqip\u00ebri ka protestuar n\u00eb kund\u00ebr mb\u00ebrritjes s\u00eb presidentit serb Aleksand\u00ebr Vu\u00e7i\u00e7 n\u00eb Tiran\u00eb n\u00eb Minishegenin Ballkanik. Protestuesit mbanin nj\u00eb banderol\u00eb ku shkruhej: \u201cNj\u00eb kriminel lufte po vjen t\u00eb [&hellip;]<\/p>\n","protected":false},"author":9,"featured_media":29493,"comment_status":"open","ping_status":"open","sticky":false,"template":"","format":"standard","meta":{"jetpack_post_was_ever_published":false,"_jetpack_newsletter_access":"","_jetpack_dont_email_post_to_subs":false,"_jetpack_newsletter_tier_id":0,"_jetpack_memberships_contains_paywalled_content":false,"_jetpack_memberships_contains_paid_content":false,"footnotes":"","jetpack_publicize_message":"","jetpack_publicize_feature_enabled":true,"jetpack_social_post_already_shared":true,"jetpack_social_options":{"image_generator_settings":{"template":"highway","default_image_id":0,"font":"","enabled":false},"version":2}},"categories":[27,2,35],"tags":[],"class_list":["post-29492","post","type-post","status-publish","format-standard","has-post-thumbnail","hentry","category-blogu-i-udhetarit","category-politika","category-shoqerore"],"jetpack_publicize_connections":[],"jetpack_featured_media_url":"https:\/\/i0.wp.com\/www.shqiperia.com\/blog\/wp-content\/uploads\/2019\/12\/vucic.jpeg?fit=1280%2C720&ssl=1","jetpack_sharing_enabled":true,"jetpack_shortlink":"https:\/\/wp.me\/p5Z6wp-7FG","jetpack-related-posts":[{"id":61022,"url":"https:\/\/www.shqiperia.com\/blog\/vucic-behet-gati-per-lufte-nis-armatimi-i-serbise-ja-sinjalet-qe-po-jep-presidentit-serb-se-mund-te-plase-nje-konflikt-i-armatosur-ne-ballkan\/","url_meta":{"origin":29492,"position":0},"title":"Vu\u00e7i\u00e7 b\u00ebhet gati p\u00ebr luft\u00eb, nis armatimi i Serbis\u00eb. &#8211; Ja sinjalet q\u00eb po jep presidentit serb se mund t\u00eb plas\u00eb nj\u00eb konflikt i armatosur n\u00eb Ballkan","author":"Kurt Farka","date":"August 12, 2022","format":false,"excerpt":"12 GUSHT 2022 Gazeta Sot Kosova dhe Serbia vijojn\u00eb me p\u00ebrplasjet dhe provokimet n\u00eb distanc\u00eb. Tensionet mes k\u00ebtyre dy shteteve vet\u00ebm sa jan\u00eb shtuar. Pala serbe faj\u00ebson Albin Kurtin si ideatorin e k\u00ebsaj situate, teksa paralajm\u00ebron se ku i fundit po p\u00ebrgatit likuidimin e serb\u00ebve n\u00eb veri t\u00eb Kosov\u00ebs. Presidenti\u2026","rel":"","context":"In &quot;Blogu i Udh\u00ebtarit&quot;","block_context":{"text":"Blogu i Udh\u00ebtarit","link":"https:\/\/www.shqiperia.com\/blog\/category\/blogu-i-udhetarit\/"},"img":{"alt_text":"","src":"https:\/\/i0.wp.com\/www.shqiperia.com\/blog\/wp-content\/uploads\/2022\/08\/aleksandar-vucic-1.jpg?fit=770%2C433&ssl=1&resize=350%2C200","width":350,"height":200,"srcset":"https:\/\/i0.wp.com\/www.shqiperia.com\/blog\/wp-content\/uploads\/2022\/08\/aleksandar-vucic-1.jpg?fit=770%2C433&ssl=1&resize=350%2C200 1x, https:\/\/i0.wp.com\/www.shqiperia.com\/blog\/wp-content\/uploads\/2022\/08\/aleksandar-vucic-1.jpg?fit=770%2C433&ssl=1&resize=525%2C300 1.5x, https:\/\/i0.wp.com\/www.shqiperia.com\/blog\/wp-content\/uploads\/2022\/08\/aleksandar-vucic-1.jpg?fit=770%2C433&ssl=1&resize=700%2C400 2x"},"classes":[]},{"id":56364,"url":"https:\/\/www.shqiperia.com\/blog\/biden-sulmon-ashper-putinin-kriminel-lufte\/","url_meta":{"origin":29492,"position":1},"title":"Biden sulmon ashp\u00ebr Putinin: &#8211; Kriminel lufte!","author":"Kurt Farka","date":"April 5, 2022","format":false,"excerpt":"Biden sulmon ashp\u00ebr Putinin: - Kriminel lufte! - 04\/04\/22 Presidenti amerikan Joe Biden e quajti presidentin rus Vladimir Putin nj\u00eb kriminel lufte dhe tha se do t\u00eb b\u00ebnte thirrje p\u00ebr nj\u00eb gjyq p\u00ebr krimet e luft\u00ebs. \u201cE keni par\u00eb se \u00e7far\u00eb ndodhi n\u00eb Bucha. Putin \u201c\u00ebsht\u00eb nj\u00eb kriminel lufte\u201d Biden\u2026","rel":"","context":"In &quot;Blogu i Udh\u00ebtarit&quot;","block_context":{"text":"Blogu i Udh\u00ebtarit","link":"https:\/\/www.shqiperia.com\/blog\/category\/blogu-i-udhetarit\/"},"img":{"alt_text":"","src":"https:\/\/i0.wp.com\/www.shqiperia.com\/blog\/wp-content\/uploads\/2022\/04\/biden-752x440-1.png?fit=752%2C415&ssl=1&resize=350%2C200","width":350,"height":200,"srcset":"https:\/\/i0.wp.com\/www.shqiperia.com\/blog\/wp-content\/uploads\/2022\/04\/biden-752x440-1.png?fit=752%2C415&ssl=1&resize=350%2C200 1x, https:\/\/i0.wp.com\/www.shqiperia.com\/blog\/wp-content\/uploads\/2022\/04\/biden-752x440-1.png?fit=752%2C415&ssl=1&resize=525%2C300 1.5x, https:\/\/i0.wp.com\/www.shqiperia.com\/blog\/wp-content\/uploads\/2022\/04\/biden-752x440-1.png?fit=752%2C415&ssl=1&resize=700%2C400 2x"},"classes":[]},{"id":74610,"url":"https:\/\/www.shqiperia.com\/blog\/kosoven-e-njohim-si-shtet-te-pavarur-habit-politikani-i-opozites-serbe-vucic-kriminel\/","url_meta":{"origin":29492,"position":2},"title":"\u201cKosov\u00ebn e njohim si shtet t\u00eb pavarur\u201d\/ Habit politikani i opozit\u00ebs serbe: Vu\u00e7i\u00e7 kriminel","author":"Kurt Farka","date":"October 3, 2023","format":false,"excerpt":"3 Tetor 2023 Politikani i opozit\u00ebs serbe, Nikola Sandulovi\u00e7 deklaroi p\u00ebr \u201cNow me Erla M\u00ebhillin\u201d se ata e njohin Kosov\u00ebn si shtet t\u00eb pavarur, nd\u00ebrsa e cil\u00ebsoi presidentin Vu\u00e7i\u00e7 si kriminel. Ky i fundit, sipas Sandulovi\u00e7 ka organizuar sulmin e 24 shtatorit n\u00eb Veri dhe nuk ka asgj\u00eb q\u00eb mund\u2026","rel":"","context":"In &quot;Blogu i Udh\u00ebtarit&quot;","block_context":{"text":"Blogu i Udh\u00ebtarit","link":"https:\/\/www.shqiperia.com\/blog\/category\/blogu-i-udhetarit\/"},"img":{"alt_text":"","src":"https:\/\/i0.wp.com\/www.shqiperia.com\/blog\/wp-content\/uploads\/2023\/10\/800-0-651c78250e7db.jpg?fit=800%2C420&ssl=1&resize=350%2C200","width":350,"height":200,"srcset":"https:\/\/i0.wp.com\/www.shqiperia.com\/blog\/wp-content\/uploads\/2023\/10\/800-0-651c78250e7db.jpg?fit=800%2C420&ssl=1&resize=350%2C200 1x, https:\/\/i0.wp.com\/www.shqiperia.com\/blog\/wp-content\/uploads\/2023\/10\/800-0-651c78250e7db.jpg?fit=800%2C420&ssl=1&resize=525%2C300 1.5x, https:\/\/i0.wp.com\/www.shqiperia.com\/blog\/wp-content\/uploads\/2023\/10\/800-0-651c78250e7db.jpg?fit=800%2C420&ssl=1&resize=700%2C400 2x"},"classes":[]},{"id":40711,"url":"https:\/\/www.shqiperia.com\/blog\/vajza-e-jakup-krasniqit-sulmon-edi-ramen\/","url_meta":{"origin":29492,"position":3},"title":"Vajza e Jakup Krasniqit sulmon Edi Ram\u00ebn","author":"Kurt Farka","date":"November 9, 2020","format":false,"excerpt":"Vajza e Jakup Krasniqit sulmon Edi Ram\u00ebn - 09\/11\/20 Vajza e Jakup Krasniqit, ish-z\u00ebdh\u00ebn\u00ebsit t\u00eb U\u00c7K, q\u00eb u paraqit sot para tribunalit t\u00eb Hag\u00ebs, ka sulmuar kryeministrin Edi Rama me an\u00eb t\u00eb nj\u00eb postimi n\u00eb Facebook, ku teksa nxjerr t\u00eb atin q\u00eb po p\u00ebrballet me nj\u00eb akuz\u00eb q\u00eb besohet se\u2026","rel":"","context":"In &quot;Blogu i Udh\u00ebtarit&quot;","block_context":{"text":"Blogu i Udh\u00ebtarit","link":"https:\/\/www.shqiperia.com\/blog\/category\/blogu-i-udhetarit\/"},"img":{"alt_text":"","src":"https:\/\/i0.wp.com\/www.shqiperia.com\/blog\/wp-content\/uploads\/2020\/11\/gresa-krasniqi_1495716472-2062385.jpg?fit=633%2C347&ssl=1&resize=350%2C200","width":350,"height":200,"srcset":"https:\/\/i0.wp.com\/www.shqiperia.com\/blog\/wp-content\/uploads\/2020\/11\/gresa-krasniqi_1495716472-2062385.jpg?fit=633%2C347&ssl=1&resize=350%2C200 1x, https:\/\/i0.wp.com\/www.shqiperia.com\/blog\/wp-content\/uploads\/2020\/11\/gresa-krasniqi_1495716472-2062385.jpg?fit=633%2C347&ssl=1&resize=525%2C300 1.5x"},"classes":[]},{"id":20727,"url":"https:\/\/www.shqiperia.com\/blog\/vucici-nuk-eshte-i-mirepritur-ne-shqiperi-levizja-vetevendosje-ne-tirane-merr-vendimin-e-papritur\/","url_meta":{"origin":29492,"position":4},"title":"\u2018Vu\u00e7i\u00e7i nuk \u00ebsht\u00eb i mir\u00ebpritur n\u00eb Shqip\u00ebri\u2019, L\u00ebvizja Vet\u00ebvendosje n\u00eb Tiran\u00eb merr vendimin e papritur. &#8211;","author":"Kurt Farka","date":"May 4, 2019","format":false,"excerpt":"\u2018Vu\u00e7i\u00e7i nuk \u00ebsht\u00eb i mir\u00ebpritur n\u00eb Shqip\u00ebri\u2019, L\u00ebvizja Vet\u00ebvendosje n\u00eb Tiran\u00eb merr vendimin e papritur. - \u00a004\/05\/2019 L\u00ebvizja Vet\u00ebvendosje n\u00eb Shqip\u00ebri, e regjistruar para disa dit\u00ebsh n\u00eb Tiran\u00eb, ka kund\u00ebrshtuar vizit\u00ebn e presidentit serb n\u00eb Tiran\u00eb, Aleksand\u00ebr Vu\u00e7i\u00e7. N\u00eb nj\u00eb deklarat\u00eb p\u00ebr mediat, Vet\u00ebvendosje pohon se presidenti serb nuk \u00ebsht\u00eb\u2026","rel":"","context":"In &quot;Blogu i Udh\u00ebtarit&quot;","block_context":{"text":"Blogu i Udh\u00ebtarit","link":"https:\/\/www.shqiperia.com\/blog\/category\/blogu-i-udhetarit\/"},"img":{"alt_text":"","src":"https:\/\/i0.wp.com\/www.shqiperia.com\/blog\/wp-content\/uploads\/2019\/05\/download_1_1091-300x169.jpg?resize=350%2C200","width":350,"height":200,"srcset":"https:\/\/i0.wp.com\/www.shqiperia.com\/blog\/wp-content\/uploads\/2019\/05\/download_1_1091-300x169.jpg?resize=350%2C200 1x, https:\/\/i0.wp.com\/www.shqiperia.com\/blog\/wp-content\/uploads\/2019\/05\/download_1_1091-300x169.jpg?resize=525%2C300 1.5x"},"classes":[]},{"id":62507,"url":"https:\/\/www.shqiperia.com\/blog\/presidenti-serb-aleksander-vucic-ka-paralajmeruar-se-bota-shume-shpejt-mund-te-zhytet-ne-nje-lufte-te-re-duke-komentuar-deklaratat-e-fundit-nga-homologu-i-tij-rus-vladimir-putin-per-vucic-mesazhi\/","url_meta":{"origin":29492,"position":5},"title":"&#8220;Mesazhi ishte i qart\u00eb&#8221;\/ Vu\u00e7i\u00e7 forcon k\u00ebrc\u00ebnimet e Putinit: Pas 1 ose 2 muajsh nis Lufta e Tret\u00eb Bot\u00ebrore","author":"Kurt Farka","date":"September 21, 2022","format":false,"excerpt":"21 Shtator 2022 Presidenti serb Aleksand\u00ebr Vu\u00e7i\u00e7 ka paralajm\u00ebruar se bota shum\u00eb shpejt mund t\u00eb zhytet n\u00eb nj\u00eb luft\u00eb t\u00eb re, duke komentuar deklaratat e fundit nga homologu i tij rus, Vladimir Putin. P\u00ebr Vu\u00e7i\u00e7, mesazhi i Putin \u00ebsht\u00eb shum\u00eb i qart\u00eb, dhe b\u00ebhet fjal\u00eb p\u00ebr luft\u00eb t\u00eb re bot\u00ebrore\u2026","rel":"","context":"In &quot;Blogu i Udh\u00ebtarit&quot;","block_context":{"text":"Blogu i Udh\u00ebtarit","link":"https:\/\/www.shqiperia.com\/blog\/category\/blogu-i-udhetarit\/"},"img":{"alt_text":"","src":"https:\/\/i0.wp.com\/www.shqiperia.com\/blog\/wp-content\/uploads\/2022\/09\/aleksandarvucic-500x297-1.jpg?fit=500%2C297&ssl=1&resize=350%2C200","width":350,"height":200},"classes":[]}],"_links":{"self":[{"href":"https:\/\/www.shqiperia.com\/blog\/wp-json\/wp\/v2\/posts\/29492","targetHints":{"allow":["GET"]}}],"collection":[{"href":"https:\/\/www.shqiperia.com\/blog\/wp-json\/wp\/v2\/posts"}],"about":[{"href":"https:\/\/www.shqiperia.com\/blog\/wp-json\/wp\/v2\/types\/post"}],"author":[{"embeddable":true,"href":"https:\/\/www.shqiperia.com\/blog\/wp-json\/wp\/v2\/users\/9"}],"replies":[{"embeddable":true,"href":"https:\/\/www.shqiperia.com\/blog\/wp-json\/wp\/v2\/comments?post=29492"}],"version-history":[{"count":1,"href":"https:\/\/www.shqiperia.com\/blog\/wp-json\/wp\/v2\/posts\/29492\/revisions"}],"predecessor-version":[{"id":29494,"href":"https:\/\/www.shqiperia.com\/blog\/wp-json\/wp\/v2\/posts\/29492\/revisions\/29494"}],"wp:featuredmedia":[{"embeddable":true,"href":"https:\/\/www.shqiperia.com\/blog\/wp-json\/wp\/v2\/media\/29493"}],"wp:attachment":[{"href":"https:\/\/www.shqiperia.com\/blog\/wp-json\/wp\/v2\/media?parent=29492"}],"wp:term":[{"taxonomy":"category","embeddable":true,"href":"https:\/\/www.shqiperia.com\/blog\/wp-json\/wp\/v2\/categories?post=29492"},{"taxonomy":"post_tag","embeddable":true,"href":"https:\/\/www.shqiperia.com\/blog\/wp-json\/wp\/v2\/tags?post=29492"}],"curies":[{"name":"wp","href":"https:\/\/api.w.org\/{rel}","templated":true}]}}