{"id":29487,"date":"2019-12-19T12:42:32","date_gmt":"2019-12-19T12:42:32","guid":{"rendered":"https:\/\/www.shqiperia.com\/blog\/?p=29487"},"modified":"2019-12-19T12:42:32","modified_gmt":"2019-12-19T12:42:32","slug":"pervjetori-i-normales-se-elbasanit-shkolla-qe-u-hap-110-vite-me-pare","status":"publish","type":"post","link":"https:\/\/www.shqiperia.com\/blog\/pervjetori-i-normales-se-elbasanit-shkolla-qe-u-hap-110-vite-me-pare\/","title":{"rendered":"P\u00ebrvjetori i Normales s\u00eb Elbasanit, shkolla q\u00eb u hap 110 vite m\u00eb par\u00eb"},"content":{"rendered":"<p><img data-recalc-dims=\"1\" loading=\"lazy\" decoding=\"async\" data-attachment-id=\"29488\" data-permalink=\"https:\/\/www.shqiperia.com\/blog\/pervjetori-i-normales-se-elbasanit-shkolla-qe-u-hap-110-vite-me-pare\/normalja-e-elbasanit\/\" data-orig-file=\"https:\/\/i0.wp.com\/www.shqiperia.com\/blog\/wp-content\/uploads\/2019\/12\/Normalja-E-Elbasanit.jpg?fit=750%2C375&amp;ssl=1\" data-orig-size=\"750,375\" data-comments-opened=\"1\" data-image-meta=\"{&quot;aperture&quot;:&quot;0&quot;,&quot;credit&quot;:&quot;&quot;,&quot;camera&quot;:&quot;&quot;,&quot;caption&quot;:&quot;&quot;,&quot;created_timestamp&quot;:&quot;0&quot;,&quot;copyright&quot;:&quot;&quot;,&quot;focal_length&quot;:&quot;0&quot;,&quot;iso&quot;:&quot;0&quot;,&quot;shutter_speed&quot;:&quot;0&quot;,&quot;title&quot;:&quot;&quot;,&quot;orientation&quot;:&quot;0&quot;}\" data-image-title=\"Normalja E Elbasanit\" data-image-description=\"\" data-image-caption=\"\" data-medium-file=\"https:\/\/i0.wp.com\/www.shqiperia.com\/blog\/wp-content\/uploads\/2019\/12\/Normalja-E-Elbasanit.jpg?fit=300%2C150&amp;ssl=1\" data-large-file=\"https:\/\/i0.wp.com\/www.shqiperia.com\/blog\/wp-content\/uploads\/2019\/12\/Normalja-E-Elbasanit.jpg?fit=750%2C375&amp;ssl=1\" class=\"alignnone  wp-image-29488\" alt=\"\" src=\"https:\/\/i0.wp.com\/www.shqiperia.com\/blog\/wp-content\/uploads\/2019\/12\/Normalja-E-Elbasanit-300x150.jpg?resize=406%2C203&#038;ssl=1\" width=\"406\" height=\"203\" srcset=\"https:\/\/i0.wp.com\/www.shqiperia.com\/blog\/wp-content\/uploads\/2019\/12\/Normalja-E-Elbasanit.jpg?resize=300%2C150&amp;ssl=1 300w, https:\/\/i0.wp.com\/www.shqiperia.com\/blog\/wp-content\/uploads\/2019\/12\/Normalja-E-Elbasanit.jpg?resize=450%2C225&amp;ssl=1 450w, https:\/\/i0.wp.com\/www.shqiperia.com\/blog\/wp-content\/uploads\/2019\/12\/Normalja-E-Elbasanit.jpg?resize=600%2C300&amp;ssl=1 600w, https:\/\/i0.wp.com\/www.shqiperia.com\/blog\/wp-content\/uploads\/2019\/12\/Normalja-E-Elbasanit.jpg?resize=400%2C200&amp;ssl=1 400w, https:\/\/i0.wp.com\/www.shqiperia.com\/blog\/wp-content\/uploads\/2019\/12\/Normalja-E-Elbasanit.jpg?w=750&amp;ssl=1 750w\" sizes=\"auto, (max-width: 406px) 100vw, 406px\" \/><\/p>\n<p>P\u00ebrvjetori i Normales s\u00eb Elbasanit, shkolla q\u00eb u hap 110 vite m\u00eb par\u00eb<\/p>\n<p><a href=\"https:\/\/kohajone.com\/pervjetori-i-normales-se-elbasanit-shkolla-qe-u-hap-110-vite-me-pare\/\">12\/12\/2019\u00a0<\/a><\/p>\n<p>110 vite m\u00eb par\u00eb, n\u00eb dhjetor t\u00eb vitit 1909 me vendim t\u00eb Kongresit t\u00eb Elbasanit do t\u00eb krijohej normalja e par\u00eb e Elbasanit, si i par\u00eb institucion n\u00eb vend q\u00eb do t\u00eb p\u00ebrgatiste m\u00ebsues e do t\u00eb p\u00ebrhapte gjuh\u00ebn shqipe n\u00eb t\u00eb gjitha trojet shqipfol\u00ebse.<\/p>\n<p>T\u00eb shumta kan\u00eb qen\u00eb aktivitetet me rastin e k\u00ebsaj dat\u00eb t\u00eb sh\u00ebnuar, jo vet\u00ebm p\u00ebr Elbasanin.<\/p>\n<p>Normalist\u00ebt e ftuar ndan\u00eb mes tyre kujtimet dhe traditat e nj\u00eb arsimi dhe kulture q\u00eb do t\u00eb jetojn\u00eb gjat\u00eb n\u00eb k\u00ebt\u00eb qytet.<\/p>\n<div id=\"attachment_29489\" style=\"width: 698px\" class=\"wp-caption alignnone\"><img data-recalc-dims=\"1\" loading=\"lazy\" decoding=\"async\" aria-describedby=\"caption-attachment-29489\" data-attachment-id=\"29489\" data-permalink=\"https:\/\/www.shqiperia.com\/blog\/pervjetori-i-normales-se-elbasanit-shkolla-qe-u-hap-110-vite-me-pare\/normalja-e-elbasanit-2\/\" data-orig-file=\"https:\/\/i0.wp.com\/www.shqiperia.com\/blog\/wp-content\/uploads\/2019\/12\/Normalja-E-Elbasanit-1.jpg?fit=750%2C375&amp;ssl=1\" data-orig-size=\"750,375\" data-comments-opened=\"1\" data-image-meta=\"{&quot;aperture&quot;:&quot;0&quot;,&quot;credit&quot;:&quot;&quot;,&quot;camera&quot;:&quot;&quot;,&quot;caption&quot;:&quot;&quot;,&quot;created_timestamp&quot;:&quot;0&quot;,&quot;copyright&quot;:&quot;&quot;,&quot;focal_length&quot;:&quot;0&quot;,&quot;iso&quot;:&quot;0&quot;,&quot;shutter_speed&quot;:&quot;0&quot;,&quot;title&quot;:&quot;&quot;,&quot;orientation&quot;:&quot;0&quot;}\" data-image-title=\"Normalja E Elbasanit\" data-image-description=\"\" data-image-caption=\"&lt;p&gt;Normalja E Elbasanit&lt;\/p&gt;\n\" data-medium-file=\"https:\/\/i0.wp.com\/www.shqiperia.com\/blog\/wp-content\/uploads\/2019\/12\/Normalja-E-Elbasanit-1.jpg?fit=300%2C150&amp;ssl=1\" data-large-file=\"https:\/\/i0.wp.com\/www.shqiperia.com\/blog\/wp-content\/uploads\/2019\/12\/Normalja-E-Elbasanit-1.jpg?fit=750%2C375&amp;ssl=1\" class=\" wp-image-29489\" alt=\"\" src=\"https:\/\/i0.wp.com\/www.shqiperia.com\/blog\/wp-content\/uploads\/2019\/12\/Normalja-E-Elbasanit-1.jpg?resize=688%2C344&#038;ssl=1\" width=\"688\" height=\"344\" srcset=\"https:\/\/i0.wp.com\/www.shqiperia.com\/blog\/wp-content\/uploads\/2019\/12\/Normalja-E-Elbasanit-1.jpg?resize=300%2C150&amp;ssl=1 300w, https:\/\/i0.wp.com\/www.shqiperia.com\/blog\/wp-content\/uploads\/2019\/12\/Normalja-E-Elbasanit-1.jpg?resize=450%2C225&amp;ssl=1 450w, https:\/\/i0.wp.com\/www.shqiperia.com\/blog\/wp-content\/uploads\/2019\/12\/Normalja-E-Elbasanit-1.jpg?resize=600%2C300&amp;ssl=1 600w, https:\/\/i0.wp.com\/www.shqiperia.com\/blog\/wp-content\/uploads\/2019\/12\/Normalja-E-Elbasanit-1.jpg?resize=400%2C200&amp;ssl=1 400w, https:\/\/i0.wp.com\/www.shqiperia.com\/blog\/wp-content\/uploads\/2019\/12\/Normalja-E-Elbasanit-1.jpg?w=750&amp;ssl=1 750w\" sizes=\"auto, (max-width: 688px) 100vw, 688px\" \/><p id=\"caption-attachment-29489\" class=\"wp-caption-text\">Normalja E Elbasanit<\/p><\/div>\n<p>M\u00ebsuesit e par\u00eb t\u00eb normales do t\u00eb pushtonin t\u00eb gjitha trojet shqiptare, q\u00eb nga zonat e thella malore, Kosova, \u00c7am\u00ebria apo n\u00eb \u00e7do cep ku duhej p\u00ebrhapur gjuha amtare, pa t\u00eb cil\u00ebn nj\u00eb komb \u00ebsht\u00eb i destinuar t\u00eb zhduket. Normalja e Elbasanit mban titullin e lart\u00eb \u201cNderi i Kombit\u201d akorduar nga Presidenti i Republik\u00ebs.<\/p>\n","protected":false},"excerpt":{"rendered":"<p>P\u00ebrvjetori i Normales s\u00eb Elbasanit, shkolla q\u00eb u hap 110 vite m\u00eb par\u00eb 12\/12\/2019\u00a0 110 vite m\u00eb par\u00eb, n\u00eb dhjetor t\u00eb vitit 1909 me vendim t\u00eb Kongresit t\u00eb Elbasanit do t\u00eb krijohej normalja e par\u00eb e Elbasanit, si i par\u00eb institucion n\u00eb vend q\u00eb do t\u00eb p\u00ebrgatiste m\u00ebsues e do t\u00eb p\u00ebrhapte gjuh\u00ebn shqipe n\u00eb [&hellip;]<\/p>\n","protected":false},"author":9,"featured_media":29488,"comment_status":"open","ping_status":"open","sticky":false,"template":"","format":"standard","meta":{"jetpack_post_was_ever_published":false,"_jetpack_newsletter_access":"","_jetpack_dont_email_post_to_subs":false,"_jetpack_newsletter_tier_id":0,"_jetpack_memberships_contains_paywalled_content":false,"_jetpack_memberships_contains_paid_content":false,"footnotes":"","jetpack_publicize_message":"","jetpack_publicize_feature_enabled":true,"jetpack_social_post_already_shared":true,"jetpack_social_options":{"image_generator_settings":{"template":"highway","default_image_id":0,"font":"","enabled":false},"version":2}},"categories":[27,85,86],"tags":[],"class_list":["post-29487","post","type-post","status-publish","format-standard","has-post-thumbnail","hentry","category-blogu-i-udhetarit","category-histori","category-trashegimi-kulturore"],"jetpack_publicize_connections":[],"jetpack_featured_media_url":"https:\/\/i0.wp.com\/www.shqiperia.com\/blog\/wp-content\/uploads\/2019\/12\/Normalja-E-Elbasanit.jpg?fit=750%2C375&ssl=1","jetpack_sharing_enabled":true,"jetpack_shortlink":"https:\/\/wp.me\/p5Z6wp-7FB","jetpack-related-posts":[{"id":81517,"url":"https:\/\/www.shqiperia.com\/blog\/hapet-per-publikun-mozaiku-i-bazilikes-paleokristiane-te-elbasanit\/","url_meta":{"origin":29487,"position":0},"title":"Hapet p\u00ebr publikun mozaiku i Bazilik\u00ebs Paleokristiane t\u00eb Elbasanit","author":"Kurt Farka","date":"May 31, 2024","format":false,"excerpt":"31 Maji 2024 Mozaiku i Bazilik\u00ebs Paleokristiane t\u00eb Elbasanit nga sot \u00ebsht\u00eb i\u00a0 hapur p\u00ebr publikun. E njohur edhe si \u201cBazilika Paleokristiane Extra-muros n\u00eb Elbasan\u201d, n\u00eb t\u00eb jan\u00eb gjetur shtresa t\u00eb nj\u00eb mozaiku n\u00eb sip\u00ebrfaqen e godin\u00ebs dhe fragmente mozaiku parietal (mural). Ajo \u00ebsht\u00eb e pozicionuar fare pran\u00eb qendr\u00ebs s\u00eb\u2026","rel":"","context":"In &quot;Blogu i Udh\u00ebtarit&quot;","block_context":{"text":"Blogu i Udh\u00ebtarit","link":"https:\/\/www.shqiperia.com\/blog\/category\/blogu-i-udhetarit\/"},"img":{"alt_text":"","src":"https:\/\/i0.wp.com\/www.shqiperia.com\/blog\/wp-content\/uploads\/2024\/05\/auto_Mozaik1539436288-728x430-1.jpg?fit=728%2C430&ssl=1&resize=350%2C200","width":350,"height":200,"srcset":"https:\/\/i0.wp.com\/www.shqiperia.com\/blog\/wp-content\/uploads\/2024\/05\/auto_Mozaik1539436288-728x430-1.jpg?fit=728%2C430&ssl=1&resize=350%2C200 1x, https:\/\/i0.wp.com\/www.shqiperia.com\/blog\/wp-content\/uploads\/2024\/05\/auto_Mozaik1539436288-728x430-1.jpg?fit=728%2C430&ssl=1&resize=525%2C300 1.5x, https:\/\/i0.wp.com\/www.shqiperia.com\/blog\/wp-content\/uploads\/2024\/05\/auto_Mozaik1539436288-728x430-1.jpg?fit=728%2C430&ssl=1&resize=700%2C400 2x"},"classes":[]},{"id":25476,"url":"https:\/\/www.shqiperia.com\/blog\/shkolla-publike-ku-u-investuan-1-3-mln-euro-nga-shteti-i-jepet-fondacionit-te-erdogan\/","url_meta":{"origin":29487,"position":1},"title":"Shkolla publike ku u investuan 1.3 mln euro nga Shteti, i jepet fondacionit t\u00eb Erdogan.","author":"Kurt Farka","date":"September 4, 2019","format":false,"excerpt":"Shkolla publike ku u investuan 1.3 mln euro nga Shteti, i jepet fondacionit t\u00eb Erdogan. Gazeta Panorama. Investimi prej 1.3 milion\u00eb eurosh i qeveris\u00eb shqiptare p\u00ebr nj\u00eb shkoll\u00eb t\u00eb re n\u00eb Bradashesh, pasi u la bosh p\u00ebr disa vite, iu kalua me qira fondacionit shtet\u00ebror turk \u201cMaarif\u201d, nd\u00ebrsa zyrtar\u00eb e\u2026","rel":"","context":"In &quot;Blogu i Udh\u00ebtarit&quot;","block_context":{"text":"Blogu i Udh\u00ebtarit","link":"https:\/\/www.shqiperia.com\/blog\/category\/blogu-i-udhetarit\/"},"img":{"alt_text":"","src":"https:\/\/i0.wp.com\/www.shqiperia.com\/blog\/wp-content\/uploads\/2019\/09\/shkolla-Bradashesh-600x338.jpg?fit=600%2C338&ssl=1&resize=350%2C200","width":350,"height":200,"srcset":"https:\/\/i0.wp.com\/www.shqiperia.com\/blog\/wp-content\/uploads\/2019\/09\/shkolla-Bradashesh-600x338.jpg?fit=600%2C338&ssl=1&resize=350%2C200 1x, https:\/\/i0.wp.com\/www.shqiperia.com\/blog\/wp-content\/uploads\/2019\/09\/shkolla-Bradashesh-600x338.jpg?fit=600%2C338&ssl=1&resize=525%2C300 1.5x"},"classes":[]},{"id":16479,"url":"https:\/\/www.shqiperia.com\/blog\/rama-ne-elbasan-edi-rama-e-mprehu-shpaten-dhe-njehere-per-situaten-kjo-eshte-shpata-qe-pret-koka-krejt-e-zeze-se-mbeshtet-bota-edi-rama-tu-shkurtofte-jeta-sla-ngujime-as-protes\/","url_meta":{"origin":29487,"position":2},"title":"Rama n\u00eb Elbasan: \u201cEdi Rama e mprehu shpat\u00ebn dhe nj\u00ebher\u00eb p\u00ebr situat\u00ebn. Kjo \u00ebsht\u00eb shpata q\u00eb pret koka, krejt e zez\u00eb se mb\u00ebshtet bota. Edi Rama t\u2019u shkurtoft\u00eb jeta s&#8217;la ngujime as protesta. K\u00ebto protesta ti si prite, si kish par\u00eb vendi gjith\u00eb k\u00ebto vite.\u201d","author":"Kurt Farka","date":"January 22, 2019","format":false,"excerpt":"Rama n\u00eb Elbasan: \u201cEdi Rama e mprehu shpat\u00ebn dhe nj\u00ebher\u00eb p\u00ebr situat\u00ebn. Kjo \u00ebsht\u00eb shpata q\u00eb pret koka, krejt e zez\u00eb se mb\u00ebshtet bota. Edi Rama t\u2019u shkurtoft\u00eb jeta s'la ngujime as protesta. K\u00ebto protesta ti si prite, si kish par\u00eb vendi gjith\u00eb k\u00ebto vite.\u201d Kryeministri Edi Rama do t\u00eb\u2026","rel":"","context":"In &quot;Blogu i Udh\u00ebtarit&quot;","block_context":{"text":"Blogu i Udh\u00ebtarit","link":"https:\/\/www.shqiperia.com\/blog\/category\/blogu-i-udhetarit\/"},"img":{"alt_text":"","src":"https:\/\/i0.wp.com\/www.shqiperia.com\/blog\/wp-content\/uploads\/2019\/01\/1548148528_kengeperkryeministrin.jpg?fit=614%2C334&ssl=1&resize=350%2C200","width":350,"height":200,"srcset":"https:\/\/i0.wp.com\/www.shqiperia.com\/blog\/wp-content\/uploads\/2019\/01\/1548148528_kengeperkryeministrin.jpg?fit=614%2C334&ssl=1&resize=350%2C200 1x, https:\/\/i0.wp.com\/www.shqiperia.com\/blog\/wp-content\/uploads\/2019\/01\/1548148528_kengeperkryeministrin.jpg?fit=614%2C334&ssl=1&resize=525%2C300 1.5x"},"classes":[]},{"id":89140,"url":"https:\/\/www.shqiperia.com\/blog\/a-do-kemi-shqiptar-ne-shqiperi-renie-drastike-e-numrit-te-lindjeve-ne-maternitetin-e-elbasanit-numri-lindjeve-me-i-ulet-qe-nga-viti-1934\/","url_meta":{"origin":29487,"position":3},"title":"A do kemi Shqiptar ne Shqiperi? &#8211; R\u00ebnie drastike e numrit t\u00eb lindjeve n\u00eb maternitetin e Elbasanit. &#8211; Numri lindjeve m\u00eb i ul\u00ebt q\u00eb nga viti 1934","author":"Kurt Farka","date":"February 6, 2025","format":false,"excerpt":"6 Shkurt 2025 N\u00eb maternitetin e Elbasanit, numri i lindjeve ka p\u00ebsuar nj\u00eb r\u00ebnie dramatike vit pas viti. Krahasuar me 10 vite m\u00eb par\u00eb, ka nj\u00eb ulje prej 60% t\u00eb lindjeve, nj\u00eb trend q\u00eb \u00ebsht\u00eb reflektuar n\u00eb t\u00eb gjith\u00eb Shqip\u00ebrin\u00eb. Gjat\u00eb vitit 2024, n\u00eb Elbasan jan\u00eb regjistruar vet\u00ebm 1020 lindje,\u2026","rel":"","context":"In &quot;Blogu i Udh\u00ebtarit&quot;","block_context":{"text":"Blogu i Udh\u00ebtarit","link":"https:\/\/www.shqiperia.com\/blog\/category\/blogu-i-udhetarit\/"},"img":{"alt_text":"","src":"https:\/\/i0.wp.com\/www.shqiperia.com\/blog\/wp-content\/uploads\/2025\/02\/bebi.png?fit=885%2C530&ssl=1&resize=350%2C200","width":350,"height":200,"srcset":"https:\/\/i0.wp.com\/www.shqiperia.com\/blog\/wp-content\/uploads\/2025\/02\/bebi.png?fit=885%2C530&ssl=1&resize=350%2C200 1x, https:\/\/i0.wp.com\/www.shqiperia.com\/blog\/wp-content\/uploads\/2025\/02\/bebi.png?fit=885%2C530&ssl=1&resize=525%2C300 1.5x, https:\/\/i0.wp.com\/www.shqiperia.com\/blog\/wp-content\/uploads\/2025\/02\/bebi.png?fit=885%2C530&ssl=1&resize=700%2C400 2x"},"classes":[]},{"id":46893,"url":"https:\/\/www.shqiperia.com\/blog\/zeri-i-amerikes-jehone-konferences-se-presidentit-meta-incidenti-i-elbasanit-mund-te-ishte-shmangur-pd-denoncoi-nje-jave-me-pare\/","url_meta":{"origin":29487,"position":4},"title":"\u2018Z\u00ebri i Amerik\u00ebs\u2019 jehon\u00eb konferenc\u00ebs s\u00eb Presidentit Meta: Incidenti i Elbasanit mund t\u00eb ishte shmangur. PD denoncoi nj\u00eb jav\u00eb m\u00eb par\u00eb","author":"Kurt Farka","date":"April 24, 2021","format":false,"excerpt":"\u2018Z\u00ebri i Amerik\u00ebs\u2019 jehon\u00eb konferenc\u00ebs s\u00eb Presidentit Meta: Incidenti i Elbasanit mund t\u00eb ishte shmangur. PD denoncoi nj\u00eb jav\u00eb m\u00eb par\u00eb 24 prill 2021 Presidenti i Shqip\u00ebris\u00eb, Ilir Meta, deklaroi sot se ngjarja tragjike e Elbasanit ku humbi jet\u00ebn nj\u00eb person dhe u plagos\u00ebn 4 t\u00eb tjer\u00eb mund t\u00eb ishte\u2026","rel":"","context":"In &quot;Blogu i Udh\u00ebtarit&quot;","block_context":{"text":"Blogu i Udh\u00ebtarit","link":"https:\/\/www.shqiperia.com\/blog\/category\/blogu-i-udhetarit\/"},"img":{"alt_text":"","src":"https:\/\/i0.wp.com\/www.shqiperia.com\/blog\/wp-content\/uploads\/2021\/04\/Ilir-Meta-Konferenca-Perplasja-Yuri-Kim-Zgjedhjet-25-prilli-2.jpg?fit=1200%2C683&ssl=1&resize=350%2C200","width":350,"height":200,"srcset":"https:\/\/i0.wp.com\/www.shqiperia.com\/blog\/wp-content\/uploads\/2021\/04\/Ilir-Meta-Konferenca-Perplasja-Yuri-Kim-Zgjedhjet-25-prilli-2.jpg?fit=1200%2C683&ssl=1&resize=350%2C200 1x, https:\/\/i0.wp.com\/www.shqiperia.com\/blog\/wp-content\/uploads\/2021\/04\/Ilir-Meta-Konferenca-Perplasja-Yuri-Kim-Zgjedhjet-25-prilli-2.jpg?fit=1200%2C683&ssl=1&resize=525%2C300 1.5x, https:\/\/i0.wp.com\/www.shqiperia.com\/blog\/wp-content\/uploads\/2021\/04\/Ilir-Meta-Konferenca-Perplasja-Yuri-Kim-Zgjedhjet-25-prilli-2.jpg?fit=1200%2C683&ssl=1&resize=700%2C400 2x, https:\/\/i0.wp.com\/www.shqiperia.com\/blog\/wp-content\/uploads\/2021\/04\/Ilir-Meta-Konferenca-Perplasja-Yuri-Kim-Zgjedhjet-25-prilli-2.jpg?fit=1200%2C683&ssl=1&resize=1050%2C600 3x"},"classes":[]},{"id":12379,"url":"https:\/\/www.shqiperia.com\/blog\/bazilika-e-elbasanit-pas-zbulimit-ne-2007-n-nis-te-dokumentohet\/","url_meta":{"origin":29487,"position":5},"title":"Bazilika e Elbasanit pas zbulimit n\u00eb 2007-n nis t\u00eb dokumentohet. &#8211;","author":"Kurt Farka","date":"October 7, 2018","format":false,"excerpt":"Bazilika e Elbasanit pas zbulimit n\u00eb 2007-n nis t\u00eb dokumentohet. - Specialist\u00eb t\u00eb Institutit t\u00eb Monumenteve t\u00eb Kultur\u00ebs, bashk\u00eb me studiuesen franceze Marie-Patricia Raynaud, ndodhen s\u00ebrish n\u00eb terren p\u00ebr mbledhjen e informacioneve rreth mozaik\u00ebve n\u00eb Shqip\u00ebri. Specialist\u00eb t\u00eb Institutit t\u00eb Monumenteve t\u00eb Kultur\u00ebs, bashk\u00eb me studiuesen franceze Marie-Patricia Raynaud, nj\u00ebherazi\u2026","rel":"","context":"In &quot;Histori&quot;","block_context":{"text":"Histori","link":"https:\/\/www.shqiperia.com\/blog\/category\/histori\/"},"img":{"alt_text":"","src":"https:\/\/i0.wp.com\/www.shqiperia.com\/blog\/wp-content\/uploads\/2018\/10\/1538718422_Capture.jpg?fit=780%2C440&ssl=1&resize=350%2C200","width":350,"height":200,"srcset":"https:\/\/i0.wp.com\/www.shqiperia.com\/blog\/wp-content\/uploads\/2018\/10\/1538718422_Capture.jpg?fit=780%2C440&ssl=1&resize=350%2C200 1x, https:\/\/i0.wp.com\/www.shqiperia.com\/blog\/wp-content\/uploads\/2018\/10\/1538718422_Capture.jpg?fit=780%2C440&ssl=1&resize=525%2C300 1.5x, https:\/\/i0.wp.com\/www.shqiperia.com\/blog\/wp-content\/uploads\/2018\/10\/1538718422_Capture.jpg?fit=780%2C440&ssl=1&resize=700%2C400 2x"},"classes":[]}],"_links":{"self":[{"href":"https:\/\/www.shqiperia.com\/blog\/wp-json\/wp\/v2\/posts\/29487","targetHints":{"allow":["GET"]}}],"collection":[{"href":"https:\/\/www.shqiperia.com\/blog\/wp-json\/wp\/v2\/posts"}],"about":[{"href":"https:\/\/www.shqiperia.com\/blog\/wp-json\/wp\/v2\/types\/post"}],"author":[{"embeddable":true,"href":"https:\/\/www.shqiperia.com\/blog\/wp-json\/wp\/v2\/users\/9"}],"replies":[{"embeddable":true,"href":"https:\/\/www.shqiperia.com\/blog\/wp-json\/wp\/v2\/comments?post=29487"}],"version-history":[{"count":1,"href":"https:\/\/www.shqiperia.com\/blog\/wp-json\/wp\/v2\/posts\/29487\/revisions"}],"predecessor-version":[{"id":29490,"href":"https:\/\/www.shqiperia.com\/blog\/wp-json\/wp\/v2\/posts\/29487\/revisions\/29490"}],"wp:featuredmedia":[{"embeddable":true,"href":"https:\/\/www.shqiperia.com\/blog\/wp-json\/wp\/v2\/media\/29488"}],"wp:attachment":[{"href":"https:\/\/www.shqiperia.com\/blog\/wp-json\/wp\/v2\/media?parent=29487"}],"wp:term":[{"taxonomy":"category","embeddable":true,"href":"https:\/\/www.shqiperia.com\/blog\/wp-json\/wp\/v2\/categories?post=29487"},{"taxonomy":"post_tag","embeddable":true,"href":"https:\/\/www.shqiperia.com\/blog\/wp-json\/wp\/v2\/tags?post=29487"}],"curies":[{"name":"wp","href":"https:\/\/api.w.org\/{rel}","templated":true}]}}