{"id":29480,"date":"2019-12-19T11:38:59","date_gmt":"2019-12-19T11:38:59","guid":{"rendered":"https:\/\/www.shqiperia.com\/blog\/?p=29480"},"modified":"2019-12-19T12:01:25","modified_gmt":"2019-12-19T12:01:25","slug":"diktaturat-fillojne-me-peng-marrjen-e-mediave-per-te-perhapur-genjeshtrat-thote-papa","status":"publish","type":"post","link":"https:\/\/www.shqiperia.com\/blog\/diktaturat-fillojne-me-peng-marrjen-e-mediave-per-te-perhapur-genjeshtrat-thote-papa\/","title":{"rendered":"Diktaturat fillojn\u00eb me peng-marrjen e mediave p\u00ebr t\u00eb p\u00ebrhapur g\u00ebnjeshtra, thot\u00eb Papa"},"content":{"rendered":"<p>Vatikan; 18 Qershor 2018 &#8211; T\u00eb gjitha diktaturat fillojn\u00eb n\u00eb t\u00eb nj\u00ebjt\u00ebn m\u00ebnyr\u00eb: mediat vendosen n\u00eb duart e njer\u00ebzve &#8220;t\u00eb paskrupuj&#8221; q\u00eb p\u00ebrhapin g\u00ebnjeshtra dhe dob\u00ebsojn\u00eb demokracin\u00eb, tha Papa Fran\u00e7esku.<\/p>\n<p>Standardet, normat dhe ligjet tipike n\u00eb lidhje me komunikimet goditen t\u00eb parat, tha Papa n\u00eb kryelart\u00ebsin\u00eb e tij m\u00eb 18 qershor gjat\u00eb mesh\u00ebs n\u00eb m\u00ebngjes n\u00eb Domus Sanctae Marthae.<\/p>\n<p>Me tej, nj\u00eb media e t\u00ebr\u00eb ose nj\u00eb kompani mediatike i dor\u00ebzohet nj\u00eb firme, nj\u00eb biznesi q\u00eb shpif, thot\u00eb g\u00ebnjeshtra, dob\u00ebson demokracin\u00eb; m\u00eb pas gjyqtar\u00ebt\u00a0 gjykojn\u00eb mbi institucione t\u00eb dob\u00ebsuar, mbi njer\u00ebz t\u00eb d\u00ebnuar per t&#8217;i hapur rrugen nj\u00eb diktature &#8211; tha ai.<\/p>\n<p>&#8220;T\u00eb gjitha diktaturat, t\u00eb gjitha filluan keshtu, duke dobesuar komunikimin, duke vendosur komunikime n\u00eb duart e njer\u00ebzve pa turp, t\u00eb qeverive pa skrupuj,&#8221; shtoi ai.<\/p>\n<p>Mesha e Papes e mbajtur me 18 Qershor perfshinte dhe disa raste nga Bibla ku permenden abuzime pushtetaresh nepermjet perhapjes se lajmeve te rreme.<\/p>\n<p>Ka pasur &#8220;kaq shum\u00eb njer\u00ebz, ne aq shum\u00eb vende t\u00eb shkat\u00ebrruara nga diktatura t\u00eb liga&#8221;, tha ai, duke marre si shembull dhe perndjekjen ndaj israeliteve nepermjet propogandes shteterore; duke krijuar precedente si kampet e shfarosjeve ne Aushvic.<\/p>\n<p>&#8220;Ishte nj\u00eb tmerr, por \u00ebsht\u00eb nj\u00eb tmerr q\u00eb ndodh dhe sot sot &#8211; n\u00eb bashk\u00ebsi t\u00eb vogla, p\u00ebr njer\u00ebzit n\u00eb shum\u00eb shtete. Hapi i par\u00eb \u00ebsht\u00eb t\u00eb kap\u00ebsh median, dhe m\u00eb von\u00eb t\u00eb shkat\u00ebrrosh gjykimin [&#8230;]&#8221; tha ai.<\/p>\n<p>Artikulli eshte marre nga <a target=\"_blank\" href=\"https:\/\/www.ncronline.org\/news\/media\/francis-chronicles\/dictatorships-begin-taking-over-media-spread-lies-pope-says\" rel=\"noopener noreferrer\">NCReporter<\/a><\/p>\n","protected":false},"excerpt":{"rendered":"<p>Vatikan; 18 Qershor 2018 &#8211; T\u00eb gjitha diktaturat fillojn\u00eb n\u00eb t\u00eb nj\u00ebjt\u00ebn m\u00ebnyr\u00eb: mediat vendosen n\u00eb duart e njer\u00ebzve &#8220;t\u00eb paskrupuj&#8221; q\u00eb p\u00ebrhapin g\u00ebnjeshtra dhe dob\u00ebsojn\u00eb demokracin\u00eb, tha Papa Fran\u00e7esku. Standardet, normat dhe ligjet tipike n\u00eb lidhje me komunikimet goditen t\u00eb parat, tha Papa n\u00eb kryelart\u00ebsin\u00eb e tij m\u00eb 18 qershor gjat\u00eb mesh\u00ebs n\u00eb m\u00ebngjes [&hellip;]<\/p>\n","protected":false},"author":1,"featured_media":29481,"comment_status":"open","ping_status":"open","sticky":false,"template":"","format":"standard","meta":{"jetpack_post_was_ever_published":false,"_jetpack_newsletter_access":"","_jetpack_dont_email_post_to_subs":false,"_jetpack_newsletter_tier_id":0,"_jetpack_memberships_contains_paywalled_content":false,"_jetpack_memberships_contains_paid_content":false,"footnotes":"","jetpack_publicize_message":"","jetpack_publicize_feature_enabled":true,"jetpack_social_post_already_shared":true,"jetpack_social_options":{"image_generator_settings":{"template":"highway","default_image_id":0,"font":"","enabled":false},"version":2}},"categories":[2,35],"tags":[112],"class_list":["post-29480","post","type-post","status-publish","format-standard","has-post-thumbnail","hentry","category-politika","category-shoqerore","tag-anti-shpifje"],"jetpack_publicize_connections":[],"jetpack_featured_media_url":"https:\/\/i0.wp.com\/www.shqiperia.com\/blog\/wp-content\/uploads\/2019\/12\/20180618T1155-0333-CNS-POPE-HOMILY-MEDIA-DICTATORSHIPS.jpg?fit=960%2C640&ssl=1","jetpack_sharing_enabled":true,"jetpack_shortlink":"https:\/\/wp.me\/p5Z6wp-7Fu","jetpack-related-posts":[{"id":29510,"url":"https:\/\/www.shqiperia.com\/blog\/legjende-aktuale-e-verteta-dhe-genjeshtra\/","url_meta":{"origin":29480,"position":0},"title":"Legjende Aktuale &#8211; E Verteta dhe Genjeshtra. &#8211;","author":"Kurt Farka","date":"December 20, 2019","format":false,"excerpt":"Legjende Aktuale - E Verteta dhe Genjeshtra\u2019 Keto dite shume flitet e sanksionohet edhe me ligj per tu fshehur E Genjeshterta. Por filozofia Popullore tregon se E Verteta del, sado qe ne e luftojme edhe ne emer te luftes ndaj Genjeshtres. Po e mohove te Genjeshtren per ta zoteruar ate\u2026","rel":"","context":"In &quot;Blogu i Udh\u00ebtarit&quot;","block_context":{"text":"Blogu i Udh\u00ebtarit","link":"https:\/\/www.shqiperia.com\/blog\/category\/blogu-i-udhetarit\/"},"img":{"alt_text":"","src":"https:\/\/i0.wp.com\/www.shqiperia.com\/blog\/wp-content\/uploads\/2019\/12\/e-verteta-225x300-1.jpg?resize=350%2C200&ssl=1","width":350,"height":200,"srcset":"https:\/\/i0.wp.com\/www.shqiperia.com\/blog\/wp-content\/uploads\/2019\/12\/e-verteta-225x300-1.jpg?resize=350%2C200&ssl=1 1x, https:\/\/i0.wp.com\/www.shqiperia.com\/blog\/wp-content\/uploads\/2019\/12\/e-verteta-225x300-1.jpg?resize=525%2C300&ssl=1 1.5x"},"classes":[]},{"id":12507,"url":"https:\/\/www.shqiperia.com\/blog\/e-verteta-mesime-nga-mencuria-e-popujve\/","url_meta":{"origin":29480,"position":1},"title":"\u201cE Verteta\u201d \u2013 Mesime nga men\u00e7uria e popujve &#8211;","author":"Kurt Farka","date":"October 10, 2018","format":false,"excerpt":"\u201cE Verteta\u201d \u2013 Mesime nga men\u00e7uria e popujve - Sipas nje legjende te shek 19-te, Genjeshtra dhe e Verteta u takuan nje dite\u2026 Midis te tjerave, Genjeshtra i thote se Vertetes: \u00abEshte kohe shume e bukur sot\u00bb. E Verteta sheh rreth vetes, ngre syte ne qiell: vertet ishte dite e\u2026","rel":"","context":"In &quot;Arte&quot;","block_context":{"text":"Arte","link":"https:\/\/www.shqiperia.com\/blog\/category\/arte\/"},"img":{"alt_text":"","src":"https:\/\/i0.wp.com\/www.shqiperia.com\/blog\/wp-content\/uploads\/2018\/10\/E-verteta-2.jpg?fit=644%2C326&ssl=1&resize=350%2C200","width":350,"height":200,"srcset":"https:\/\/i0.wp.com\/www.shqiperia.com\/blog\/wp-content\/uploads\/2018\/10\/E-verteta-2.jpg?fit=644%2C326&ssl=1&resize=350%2C200 1x, https:\/\/i0.wp.com\/www.shqiperia.com\/blog\/wp-content\/uploads\/2018\/10\/E-verteta-2.jpg?fit=644%2C326&ssl=1&resize=525%2C300 1.5x"},"classes":[]},{"id":28842,"url":"https:\/\/www.shqiperia.com\/blog\/marin-mema-i-thote-rames-media-nuk-eshte-macja-e-zeze-e-kesaj-historie-po-e-kerkojme-fajin-te-media\/","url_meta":{"origin":29480,"position":2},"title":"Marin Mema i thote Rames: &#8211; \u201cMedia nuk \u00ebsht\u00eb macja e zez\u00eb e k\u00ebsaj historie. Po e k\u00ebrkojm\u00eb fajin te media","author":"Kurt Farka","date":"December 2, 2019","format":false,"excerpt":"Marin Mema i thote Rames: - \u201cMedia nuk \u00ebsht\u00eb macja e zez\u00eb e k\u00ebsaj historie. Po e k\u00ebrkojm\u00eb fajin te media 1 dhjetor 2019 Mbledhja e Komitetit Komb\u00ebtar t\u00eb Rind\u00ebrtimit \u00ebsht\u00eb shoq\u00ebruar me nj\u00eb replik\u00eb mes kryeministrit t\u00eb vendit, Edi Rama dhe gazetarit Marin Mema. Rama pjes\u00ebn m\u00eb t\u00eb madhe\u2026","rel":"","context":"In &quot;Blogu i Udh\u00ebtarit&quot;","block_context":{"text":"Blogu i Udh\u00ebtarit","link":"https:\/\/www.shqiperia.com\/blog\/category\/blogu-i-udhetarit\/"},"img":{"alt_text":"","src":"https:\/\/i0.wp.com\/www.shqiperia.com\/blog\/wp-content\/uploads\/2019\/12\/GSH-4-905x450.jpg?fit=905%2C450&ssl=1&resize=350%2C200","width":350,"height":200,"srcset":"https:\/\/i0.wp.com\/www.shqiperia.com\/blog\/wp-content\/uploads\/2019\/12\/GSH-4-905x450.jpg?fit=905%2C450&ssl=1&resize=350%2C200 1x, https:\/\/i0.wp.com\/www.shqiperia.com\/blog\/wp-content\/uploads\/2019\/12\/GSH-4-905x450.jpg?fit=905%2C450&ssl=1&resize=525%2C300 1.5x, https:\/\/i0.wp.com\/www.shqiperia.com\/blog\/wp-content\/uploads\/2019\/12\/GSH-4-905x450.jpg?fit=905%2C450&ssl=1&resize=700%2C400 2x"},"classes":[]},{"id":83151,"url":"https:\/\/www.shqiperia.com\/blog\/diktaturat-nuk-rrezohen-me-cmendet-avokati-i-berishes-ben-thirrje-per-revolte-dilni-rrihni-policet-vrisni\/","url_meta":{"origin":29480,"position":3},"title":"\u201cDiktaturat nuk rr\u00ebzohen me\u2026\u201d\/ \u2018\u00c7mendet\u2019 avokati i Berish\u00ebs, b\u00ebn thirrje p\u00ebr revolt\u00eb: Dilni &#8220;rrihni&#8221; polic\u00ebt, &#8220;vrisni&#8221;\u2026","author":"Kurt Farka","date":"July 27, 2024","format":false,"excerpt":"27 Korrik 2024 Mbr\u00ebmjen e djeshme n\u00eb Kuvend u miratuan ndryshimet n\u00eb Kodin Zgjedhor. Mbi ngjarjen ka reaguar avokati Gend Gjokutaj, i cili \u00ebsht\u00eb shprehur se diktaturat nuk rr\u00ebzohen me kode zgjedhore. N\u00eb nj\u00eb postim n\u00eb rrjetet sociale, ai ka b\u00ebr\u00eb thirrje p\u00ebr revolt\u00eb popullore, nd\u00ebrsa u ka k\u00ebrkuar qytetar\u00ebve\u2026","rel":"","context":"In &quot;Blogu i Udh\u00ebtarit&quot;","block_context":{"text":"Blogu i Udh\u00ebtarit","link":"https:\/\/www.shqiperia.com\/blog\/category\/blogu-i-udhetarit\/"},"img":{"alt_text":"","src":"https:\/\/i0.wp.com\/www.shqiperia.com\/blog\/wp-content\/uploads\/2024\/07\/GJokutaj-genc-Berisha-masa.jpg?fit=719%2C452&ssl=1&resize=350%2C200","width":350,"height":200,"srcset":"https:\/\/i0.wp.com\/www.shqiperia.com\/blog\/wp-content\/uploads\/2024\/07\/GJokutaj-genc-Berisha-masa.jpg?fit=719%2C452&ssl=1&resize=350%2C200 1x, https:\/\/i0.wp.com\/www.shqiperia.com\/blog\/wp-content\/uploads\/2024\/07\/GJokutaj-genc-Berisha-masa.jpg?fit=719%2C452&ssl=1&resize=525%2C300 1.5x, https:\/\/i0.wp.com\/www.shqiperia.com\/blog\/wp-content\/uploads\/2024\/07\/GJokutaj-genc-Berisha-masa.jpg?fit=719%2C452&ssl=1&resize=700%2C400 2x"},"classes":[]},{"id":81834,"url":"https:\/\/www.shqiperia.com\/blog\/papa-francesku-paralajmeron-lideret-boterore-per-rreziqet-nga-inteligjenca-artificiale\/","url_meta":{"origin":29480,"position":4},"title":"Papa Fran\u00e7esku paralajm\u00ebron lider\u00ebt bot\u00ebror\u00eb p\u00ebr rreziqet nga inteligjenca artificiale","author":"Kurt Farka","date":"June 15, 2024","format":false,"excerpt":"15 Qershor 2024 Papa Fran\u00e7esku u b\u00eb Papa i par\u00eb q\u00eb iu drejtua nj\u00eb samiti t\u00eb shtat\u00eb vendeve m\u00eb t\u00eb industrializuara n\u00eb bot\u00eb (G7), duke paralajm\u00ebruar lider\u00ebt bot\u00ebror\u00eb se Inteligjenca Artificiale nuk duhet t\u00eb lejohet kurr\u00eb t\u00eb ket\u00eb ep\u00ebrsi mbi njer\u00ebzimin. Papa tha Inteligjenca Artificiale p\u00ebrfaq\u00ebson nj\u00eb \"transformim epokal\" p\u00ebr\u2026","rel":"","context":"In &quot;Blogu i Udh\u00ebtarit&quot;","block_context":{"text":"Blogu i Udh\u00ebtarit","link":"https:\/\/www.shqiperia.com\/blog\/category\/blogu-i-udhetarit\/"},"img":{"alt_text":"","src":"https:\/\/i0.wp.com\/www.shqiperia.com\/blog\/wp-content\/uploads\/2024\/06\/800-0-f24651a4d89cadb5e681a6d5625ea8ec.jpg?fit=800%2C420&ssl=1&resize=350%2C200","width":350,"height":200,"srcset":"https:\/\/i0.wp.com\/www.shqiperia.com\/blog\/wp-content\/uploads\/2024\/06\/800-0-f24651a4d89cadb5e681a6d5625ea8ec.jpg?fit=800%2C420&ssl=1&resize=350%2C200 1x, https:\/\/i0.wp.com\/www.shqiperia.com\/blog\/wp-content\/uploads\/2024\/06\/800-0-f24651a4d89cadb5e681a6d5625ea8ec.jpg?fit=800%2C420&ssl=1&resize=525%2C300 1.5x, https:\/\/i0.wp.com\/www.shqiperia.com\/blog\/wp-content\/uploads\/2024\/06\/800-0-f24651a4d89cadb5e681a6d5625ea8ec.jpg?fit=800%2C420&ssl=1&resize=700%2C400 2x"},"classes":[]},{"id":61022,"url":"https:\/\/www.shqiperia.com\/blog\/vucic-behet-gati-per-lufte-nis-armatimi-i-serbise-ja-sinjalet-qe-po-jep-presidentit-serb-se-mund-te-plase-nje-konflikt-i-armatosur-ne-ballkan\/","url_meta":{"origin":29480,"position":5},"title":"Vu\u00e7i\u00e7 b\u00ebhet gati p\u00ebr luft\u00eb, nis armatimi i Serbis\u00eb. &#8211; Ja sinjalet q\u00eb po jep presidentit serb se mund t\u00eb plas\u00eb nj\u00eb konflikt i armatosur n\u00eb Ballkan","author":"Kurt Farka","date":"August 12, 2022","format":false,"excerpt":"12 GUSHT 2022 Gazeta Sot Kosova dhe Serbia vijojn\u00eb me p\u00ebrplasjet dhe provokimet n\u00eb distanc\u00eb. Tensionet mes k\u00ebtyre dy shteteve vet\u00ebm sa jan\u00eb shtuar. Pala serbe faj\u00ebson Albin Kurtin si ideatorin e k\u00ebsaj situate, teksa paralajm\u00ebron se ku i fundit po p\u00ebrgatit likuidimin e serb\u00ebve n\u00eb veri t\u00eb Kosov\u00ebs. Presidenti\u2026","rel":"","context":"In &quot;Blogu i Udh\u00ebtarit&quot;","block_context":{"text":"Blogu i Udh\u00ebtarit","link":"https:\/\/www.shqiperia.com\/blog\/category\/blogu-i-udhetarit\/"},"img":{"alt_text":"","src":"https:\/\/i0.wp.com\/www.shqiperia.com\/blog\/wp-content\/uploads\/2022\/08\/aleksandar-vucic-1.jpg?fit=770%2C433&ssl=1&resize=350%2C200","width":350,"height":200,"srcset":"https:\/\/i0.wp.com\/www.shqiperia.com\/blog\/wp-content\/uploads\/2022\/08\/aleksandar-vucic-1.jpg?fit=770%2C433&ssl=1&resize=350%2C200 1x, https:\/\/i0.wp.com\/www.shqiperia.com\/blog\/wp-content\/uploads\/2022\/08\/aleksandar-vucic-1.jpg?fit=770%2C433&ssl=1&resize=525%2C300 1.5x, https:\/\/i0.wp.com\/www.shqiperia.com\/blog\/wp-content\/uploads\/2022\/08\/aleksandar-vucic-1.jpg?fit=770%2C433&ssl=1&resize=700%2C400 2x"},"classes":[]}],"_links":{"self":[{"href":"https:\/\/www.shqiperia.com\/blog\/wp-json\/wp\/v2\/posts\/29480","targetHints":{"allow":["GET"]}}],"collection":[{"href":"https:\/\/www.shqiperia.com\/blog\/wp-json\/wp\/v2\/posts"}],"about":[{"href":"https:\/\/www.shqiperia.com\/blog\/wp-json\/wp\/v2\/types\/post"}],"author":[{"embeddable":true,"href":"https:\/\/www.shqiperia.com\/blog\/wp-json\/wp\/v2\/users\/1"}],"replies":[{"embeddable":true,"href":"https:\/\/www.shqiperia.com\/blog\/wp-json\/wp\/v2\/comments?post=29480"}],"version-history":[{"count":5,"href":"https:\/\/www.shqiperia.com\/blog\/wp-json\/wp\/v2\/posts\/29480\/revisions"}],"predecessor-version":[{"id":29486,"href":"https:\/\/www.shqiperia.com\/blog\/wp-json\/wp\/v2\/posts\/29480\/revisions\/29486"}],"wp:featuredmedia":[{"embeddable":true,"href":"https:\/\/www.shqiperia.com\/blog\/wp-json\/wp\/v2\/media\/29481"}],"wp:attachment":[{"href":"https:\/\/www.shqiperia.com\/blog\/wp-json\/wp\/v2\/media?parent=29480"}],"wp:term":[{"taxonomy":"category","embeddable":true,"href":"https:\/\/www.shqiperia.com\/blog\/wp-json\/wp\/v2\/categories?post=29480"},{"taxonomy":"post_tag","embeddable":true,"href":"https:\/\/www.shqiperia.com\/blog\/wp-json\/wp\/v2\/tags?post=29480"}],"curies":[{"name":"wp","href":"https:\/\/api.w.org\/{rel}","templated":true}]}}