{"id":29412,"date":"2019-12-17T20:28:04","date_gmt":"2019-12-17T20:28:04","guid":{"rendered":"https:\/\/www.shqiperia.com\/blog\/?p=29412"},"modified":"2019-12-17T20:28:04","modified_gmt":"2019-12-17T20:28:04","slug":"tani-eshte-radha-e-rames-karikatura-virale-e-kapexhiu","status":"publish","type":"post","link":"https:\/\/www.shqiperia.com\/blog\/tani-eshte-radha-e-rames-karikatura-virale-e-kapexhiu\/","title":{"rendered":"Tani \u00ebsht\u00eb radha e Ram\u00ebs: &#8211; Karikatura virale e Kapexhiu. &#8211;"},"content":{"rendered":"<p><img data-recalc-dims=\"1\" loading=\"lazy\" decoding=\"async\" data-attachment-id=\"29414\" data-permalink=\"https:\/\/www.shqiperia.com\/blog\/tani-eshte-radha-e-rames-karikatura-virale-e-kapexhiu\/tani-eshte-radhe-jote-e1571594706686\/\" data-orig-file=\"https:\/\/i0.wp.com\/www.shqiperia.com\/blog\/wp-content\/uploads\/2019\/12\/Tani-%C3%ABsht%C3%AB-radhe-jote-e1571594706686.jpg?fit=650%2C390&amp;ssl=1\" data-orig-size=\"650,390\" data-comments-opened=\"1\" data-image-meta=\"{&quot;aperture&quot;:&quot;0&quot;,&quot;credit&quot;:&quot;&quot;,&quot;camera&quot;:&quot;&quot;,&quot;caption&quot;:&quot;&quot;,&quot;created_timestamp&quot;:&quot;0&quot;,&quot;copyright&quot;:&quot;&quot;,&quot;focal_length&quot;:&quot;0&quot;,&quot;iso&quot;:&quot;0&quot;,&quot;shutter_speed&quot;:&quot;0&quot;,&quot;title&quot;:&quot;&quot;,&quot;orientation&quot;:&quot;0&quot;}\" data-image-title=\"Tani-\u00ebsht\u00eb-radhe-jote-e1571594706686\" data-image-description=\"\" data-image-caption=\"\" data-medium-file=\"https:\/\/i0.wp.com\/www.shqiperia.com\/blog\/wp-content\/uploads\/2019\/12\/Tani-%C3%ABsht%C3%AB-radhe-jote-e1571594706686.jpg?fit=300%2C180&amp;ssl=1\" data-large-file=\"https:\/\/i0.wp.com\/www.shqiperia.com\/blog\/wp-content\/uploads\/2019\/12\/Tani-%C3%ABsht%C3%AB-radhe-jote-e1571594706686.jpg?fit=650%2C390&amp;ssl=1\" class=\"alignnone  wp-image-29414\" alt=\"\" src=\"https:\/\/i0.wp.com\/www.shqiperia.com\/blog\/wp-content\/uploads\/2019\/12\/Tani-%C3%ABsht%C3%AB-radhe-jote-e1571594706686-300x180.jpg?resize=502%2C301&#038;ssl=1\" width=\"502\" height=\"301\" srcset=\"https:\/\/i0.wp.com\/www.shqiperia.com\/blog\/wp-content\/uploads\/2019\/12\/Tani-%C3%ABsht%C3%AB-radhe-jote-e1571594706686.jpg?resize=300%2C180&amp;ssl=1 300w, https:\/\/i0.wp.com\/www.shqiperia.com\/blog\/wp-content\/uploads\/2019\/12\/Tani-%C3%ABsht%C3%AB-radhe-jote-e1571594706686.jpg?resize=450%2C270&amp;ssl=1 450w, https:\/\/i0.wp.com\/www.shqiperia.com\/blog\/wp-content\/uploads\/2019\/12\/Tani-%C3%ABsht%C3%AB-radhe-jote-e1571594706686.jpg?resize=600%2C360&amp;ssl=1 600w, https:\/\/i0.wp.com\/www.shqiperia.com\/blog\/wp-content\/uploads\/2019\/12\/Tani-%C3%ABsht%C3%AB-radhe-jote-e1571594706686.jpg?resize=400%2C240&amp;ssl=1 400w, https:\/\/i0.wp.com\/www.shqiperia.com\/blog\/wp-content\/uploads\/2019\/12\/Tani-%C3%ABsht%C3%AB-radhe-jote-e1571594706686.jpg?w=650&amp;ssl=1 650w\" sizes=\"auto, (max-width: 502px) 100vw, 502px\" \/><\/p>\n<p><strong>Tani \u00ebsht\u00eb radha e Ram\u00ebs: &#8211; Karikatura virale e Kapexhiu. &#8211;<\/strong><\/p>\n<p><a href=\"https:\/\/gazetamapo.al\/tani-eshte-radha-e-rames-karikatura-virale-e-kapexhiut\/\"><strong>mapo.al<\/strong><\/a><\/p>\n<p>Pas Kosov\u00ebs, edhe Maqedonia e Veriut po shkon drejt zgjedhjeve t\u00eb parakohshme.<\/p>\n<p>Por edhe pse rajoni po e ushtron demokracin\u00eb n\u00eb m\u00ebnyr\u00eb t\u00eb admirueshme, Shqip\u00ebria po mbetet prapa, edhe pse u citua si vendi m\u00eb problematik kur u diskutua p\u00ebr nisjen e negociatave n\u00eb samitin e Brukselit.<\/p>\n<div id=\"attachment_29415\" style=\"width: 596px\" class=\"wp-caption alignnone\"><img data-recalc-dims=\"1\" loading=\"lazy\" decoding=\"async\" aria-describedby=\"caption-attachment-29415\" data-attachment-id=\"29415\" data-permalink=\"https:\/\/www.shqiperia.com\/blog\/tani-eshte-radha-e-rames-karikatura-virale-e-kapexhiu\/tani-eshte-radhe-jote\/\" data-orig-file=\"https:\/\/i0.wp.com\/www.shqiperia.com\/blog\/wp-content\/uploads\/2019\/12\/Tani-%C3%ABsht%C3%AB-radhe-jote.jpg?fit=650%2C750&amp;ssl=1\" data-orig-size=\"650,750\" data-comments-opened=\"1\" data-image-meta=\"{&quot;aperture&quot;:&quot;0&quot;,&quot;credit&quot;:&quot;&quot;,&quot;camera&quot;:&quot;&quot;,&quot;caption&quot;:&quot;&quot;,&quot;created_timestamp&quot;:&quot;0&quot;,&quot;copyright&quot;:&quot;&quot;,&quot;focal_length&quot;:&quot;0&quot;,&quot;iso&quot;:&quot;0&quot;,&quot;shutter_speed&quot;:&quot;0&quot;,&quot;title&quot;:&quot;&quot;,&quot;orientation&quot;:&quot;0&quot;}\" data-image-title=\"Tani-\u00ebsht\u00eb-radhe-jote\" data-image-description=\"\" data-image-caption=\"&lt;p&gt;Tani \u00ebsht\u00eb radha e Ram\u00ebs: &#8211; Karikatura virale e Kapexhiu. &#8211;&lt;\/p&gt;\n\" data-medium-file=\"https:\/\/i0.wp.com\/www.shqiperia.com\/blog\/wp-content\/uploads\/2019\/12\/Tani-%C3%ABsht%C3%AB-radhe-jote.jpg?fit=260%2C300&amp;ssl=1\" data-large-file=\"https:\/\/i0.wp.com\/www.shqiperia.com\/blog\/wp-content\/uploads\/2019\/12\/Tani-%C3%ABsht%C3%AB-radhe-jote.jpg?fit=650%2C750&amp;ssl=1\" class=\" wp-image-29415\" alt=\"\" src=\"https:\/\/i0.wp.com\/www.shqiperia.com\/blog\/wp-content\/uploads\/2019\/12\/Tani-%C3%ABsht%C3%AB-radhe-jote.jpg?resize=586%2C676&#038;ssl=1\" width=\"586\" height=\"676\" srcset=\"https:\/\/i0.wp.com\/www.shqiperia.com\/blog\/wp-content\/uploads\/2019\/12\/Tani-%C3%ABsht%C3%AB-radhe-jote.jpg?resize=260%2C300&amp;ssl=1 260w, https:\/\/i0.wp.com\/www.shqiperia.com\/blog\/wp-content\/uploads\/2019\/12\/Tani-%C3%ABsht%C3%AB-radhe-jote.jpg?resize=450%2C519&amp;ssl=1 450w, https:\/\/i0.wp.com\/www.shqiperia.com\/blog\/wp-content\/uploads\/2019\/12\/Tani-%C3%ABsht%C3%AB-radhe-jote.jpg?resize=600%2C692&amp;ssl=1 600w, https:\/\/i0.wp.com\/www.shqiperia.com\/blog\/wp-content\/uploads\/2019\/12\/Tani-%C3%ABsht%C3%AB-radhe-jote.jpg?resize=400%2C462&amp;ssl=1 400w, https:\/\/i0.wp.com\/www.shqiperia.com\/blog\/wp-content\/uploads\/2019\/12\/Tani-%C3%ABsht%C3%AB-radhe-jote.jpg?w=650&amp;ssl=1 650w\" sizes=\"auto, (max-width: 586px) 100vw, 586px\" \/><p id=\"caption-attachment-29415\" class=\"wp-caption-text\">Tani \u00ebsht\u00eb radha e Ram\u00ebs: &#8211; Karikatura virale e Kapexhiu. &#8211;<\/p><\/div>\n<p>Menj\u00ebher\u00eb pas k\u00ebtij samiti, kryeministri maqedonas Zoran Zaev tha se do t\u00eb shkoj\u00eb n\u00eb zgjedhje t\u00eb parakohshme, t\u00eb cilat do p\u00ebrgatiten nga nj\u00eb qeveri teknike.<\/p>\n<p>Kurse qeveria shqiptare nuk ka nd\u00ebrmend t\u00eb l\u00ebviz\u00eb nga pozicionet, duke th\u00ebn\u00eb se ata nuk kan\u00eb premtuar hapjen e negociatave, edhe pse p\u00ebr ironi ata e kan\u00eb festuar hapjen e negociatave.<\/p>\n<p>N\u00eb kushtet kur edhe Zoran Zaev po e d\u00ebrgon Maqedonin\u00eb e Veriut n\u00eb zgjedhje, mjeshtri Bujar Kapexhiu vjen me karikatur\u00ebn virale, t\u00eb titulluar: Tani \u00ebsht\u00eb radha jote.<\/p>\n","protected":false},"excerpt":{"rendered":"<p>Tani \u00ebsht\u00eb radha e Ram\u00ebs: &#8211; Karikatura virale e Kapexhiu. &#8211; mapo.al Pas Kosov\u00ebs, edhe Maqedonia e Veriut po shkon drejt zgjedhjeve t\u00eb parakohshme. Por edhe pse rajoni po e ushtron demokracin\u00eb n\u00eb m\u00ebnyr\u00eb t\u00eb admirueshme, Shqip\u00ebria po mbetet prapa, edhe pse u citua si vendi m\u00eb problematik kur u diskutua p\u00ebr nisjen e negociatave [&hellip;]<\/p>\n","protected":false},"author":9,"featured_media":29414,"comment_status":"open","ping_status":"open","sticky":false,"template":"","format":"standard","meta":{"jetpack_post_was_ever_published":false,"_jetpack_newsletter_access":"","_jetpack_dont_email_post_to_subs":false,"_jetpack_newsletter_tier_id":0,"_jetpack_memberships_contains_paywalled_content":false,"_jetpack_memberships_contains_paid_content":false,"footnotes":"","jetpack_publicize_message":"","jetpack_publicize_feature_enabled":true,"jetpack_social_post_already_shared":true,"jetpack_social_options":{"image_generator_settings":{"template":"highway","default_image_id":0,"font":"","enabled":false},"version":2}},"categories":[27,14,35],"tags":[],"class_list":["post-29412","post","type-post","status-publish","format-standard","has-post-thumbnail","hentry","category-blogu-i-udhetarit","category-press-releases","category-shoqerore"],"jetpack_publicize_connections":[],"jetpack_featured_media_url":"https:\/\/i0.wp.com\/www.shqiperia.com\/blog\/wp-content\/uploads\/2019\/12\/Tani-%C3%ABsht%C3%AB-radhe-jote-e1571594706686.jpg?fit=650%2C390&ssl=1","jetpack_sharing_enabled":true,"jetpack_shortlink":"https:\/\/wp.me\/p5Z6wp-7Eo","jetpack-related-posts":[{"id":32360,"url":"https:\/\/www.shqiperia.com\/blog\/mjeshtri-kapexhiu-thumbon-ramen-karikatura-virale\/","url_meta":{"origin":29412,"position":0},"title":"Mjeshtri Kapexhiu thumbon Ram\u00ebn, karikatura virale","author":"Kurt Farka","date":"March 14, 2020","format":false,"excerpt":"Mjeshtri Kapexhiu thumbon Ram\u00ebn, karikatura virale 14\/03\/20 Prezenca kudo e kryeministrit pasi ka shp\u00ebrthyer kriza e koronavirusit, \u00ebsht\u00eb nj\u00eb prej fenomeve q\u00eb po hasin njer\u00ebzit. Ai paraqitet n\u00eb ekran po dhe hap\u00ebsirat m\u00eb private t\u00eb qytetar\u00ebve, si mesazhe, apo doli disa dit\u00eb n\u00eb cdo telefonat\u00eb q\u00eb dikush b\u00ebnte. Kjo nuk\u2026","rel":"","context":"In &quot;Arte&quot;","block_context":{"text":"Arte","link":"https:\/\/www.shqiperia.com\/blog\/category\/arte\/"},"img":{"alt_text":"","src":"https:\/\/i0.wp.com\/www.shqiperia.com\/blog\/wp-content\/uploads\/2020\/03\/Bujar-Kapexhiu.jpeg?fit=1200%2C960&ssl=1&resize=350%2C200","width":350,"height":200,"srcset":"https:\/\/i0.wp.com\/www.shqiperia.com\/blog\/wp-content\/uploads\/2020\/03\/Bujar-Kapexhiu.jpeg?fit=1200%2C960&ssl=1&resize=350%2C200 1x, https:\/\/i0.wp.com\/www.shqiperia.com\/blog\/wp-content\/uploads\/2020\/03\/Bujar-Kapexhiu.jpeg?fit=1200%2C960&ssl=1&resize=525%2C300 1.5x, https:\/\/i0.wp.com\/www.shqiperia.com\/blog\/wp-content\/uploads\/2020\/03\/Bujar-Kapexhiu.jpeg?fit=1200%2C960&ssl=1&resize=700%2C400 2x, https:\/\/i0.wp.com\/www.shqiperia.com\/blog\/wp-content\/uploads\/2020\/03\/Bujar-Kapexhiu.jpeg?fit=1200%2C960&ssl=1&resize=1050%2C600 3x"},"classes":[]},{"id":30557,"url":"https:\/\/www.shqiperia.com\/blog\/edi-rama-eshte-vete-kck-kap-ca-te-kapesh-karikatura-virale\/","url_meta":{"origin":29412,"position":1},"title":"\u2018Edi Rama \u00ebsht\u00eb vet\u00eb K\u00c7K (kap \u00e7a t\u00eb kap\u00ebsh)\u2019: Karikatura virale","author":"Kurt Farka","date":"January 21, 2020","format":false,"excerpt":"\u2018Edi Rama \u00ebsht\u00eb vet\u00eb K\u00c7K (kap \u00e7a t\u00eb kap\u00ebsh)\u2019: Karikatura virale mapo.al Kryeministri Edi Rama deklaroi n\u00eb Kuvend nj\u00eb dit\u00eb m\u00eb par\u00eb se prokuror\u00ebt dhe gjyqtar\u00ebt e larguar nga vetingu jan\u00eb pjes\u00eb e grupimit K\u00c7K (Kap \u00e7a t\u00eb kap\u00ebsh). Megjithat\u00eb, jo t\u00eb pakt\u00eb jan\u00eb ata q\u00eb thon\u00eb se qeverisja e\u2026","rel":"","context":"In &quot;Blogu i Udh\u00ebtarit&quot;","block_context":{"text":"Blogu i Udh\u00ebtarit","link":"https:\/\/www.shqiperia.com\/blog\/category\/blogu-i-udhetarit\/"},"img":{"alt_text":"","src":"https:\/\/i0.wp.com\/www.shqiperia.com\/blog\/wp-content\/uploads\/2020\/01\/Kap-%C3%A7a-t%C3%AB-kap%C3%ABsh-e1570733694973.jpg?fit=780%2C508&ssl=1&resize=350%2C200","width":350,"height":200,"srcset":"https:\/\/i0.wp.com\/www.shqiperia.com\/blog\/wp-content\/uploads\/2020\/01\/Kap-%C3%A7a-t%C3%AB-kap%C3%ABsh-e1570733694973.jpg?fit=780%2C508&ssl=1&resize=350%2C200 1x, https:\/\/i0.wp.com\/www.shqiperia.com\/blog\/wp-content\/uploads\/2020\/01\/Kap-%C3%A7a-t%C3%AB-kap%C3%ABsh-e1570733694973.jpg?fit=780%2C508&ssl=1&resize=525%2C300 1.5x, https:\/\/i0.wp.com\/www.shqiperia.com\/blog\/wp-content\/uploads\/2020\/01\/Kap-%C3%A7a-t%C3%AB-kap%C3%ABsh-e1570733694973.jpg?fit=780%2C508&ssl=1&resize=700%2C400 2x"},"classes":[]},{"id":7528,"url":"https:\/\/www.shqiperia.com\/blog\/karikatura-nga-bujar-kapexhiu\/","url_meta":{"origin":29412,"position":2},"title":"Karikatura nga Bujar Kapexhiu. &#8211;","author":"Kurt Farka","date":"May 16, 2018","format":false,"excerpt":"Karikatura nga Bujar Kapexhiu. Lindur m\u00eb22 mars 1944 n\u00eb Tiran\u00eb) \u00ebsht\u00eb regjisor, skenarist dhe aktor i mir\u00ebnjohur shqiptar. Kapexhiu studioi p\u00ebr aktor n\u00eb shkoll\u00ebn e lart\u00eb pran\u00eb Teatrit Komb\u00ebtar, si edhe kursin e lart\u00eb pasuniversitar p\u00ebr regjisor po aty. M\u00eb 1968 filloi pun\u00eb si regjisor n\u00eb Teatrin e Estrad\u00ebs s\u00eb\u2026","rel":"","context":"In &quot;Arte&quot;","block_context":{"text":"Arte","link":"https:\/\/www.shqiperia.com\/blog\/category\/arte\/"},"img":{"alt_text":"","src":"https:\/\/i0.wp.com\/www.shqiperia.com\/blog\/wp-content\/uploads\/2018\/05\/BZL7IP2CUAAuEe0.jpg?fit=599%2C349&ssl=1&resize=350%2C200","width":350,"height":200,"srcset":"https:\/\/i0.wp.com\/www.shqiperia.com\/blog\/wp-content\/uploads\/2018\/05\/BZL7IP2CUAAuEe0.jpg?fit=599%2C349&ssl=1&resize=350%2C200 1x, https:\/\/i0.wp.com\/www.shqiperia.com\/blog\/wp-content\/uploads\/2018\/05\/BZL7IP2CUAAuEe0.jpg?fit=599%2C349&ssl=1&resize=525%2C300 1.5x"},"classes":[]},{"id":40735,"url":"https:\/\/www.shqiperia.com\/blog\/rames-nuk-i-mjafton-mandati-i-trete-permend-vitin-2029\/","url_meta":{"origin":29412,"position":3},"title":"Ram\u00ebs nuk i mjafton mandati i tret\u00eb, p\u00ebrmend vitin 2029","author":"Kurt Farka","date":"November 10, 2020","format":false,"excerpt":"Ram\u00ebs nuk i mjafton mandati i tret\u00eb, p\u00ebrmend vitin 2029 - 31\/10\/20 Edi Ram\u00ebs tashm\u00eb duket se nuk i mjafton edhe nj\u00eb mandat i tret\u00eb. Duke folur sot n\u00eb Kuk\u00ebs, ai p\u00ebrmendi se ata jan\u00eb m\u00eb t\u00eb mir\u00ebt, dhe deri n\u00eb vitin 2029 nuk sheh se, dikush tjet\u00ebr mund ta\u2026","rel":"","context":"In &quot;Blogu i Udh\u00ebtarit&quot;","block_context":{"text":"Blogu i Udh\u00ebtarit","link":"https:\/\/www.shqiperia.com\/blog\/category\/blogu-i-udhetarit\/"},"img":{"alt_text":"","src":"https:\/\/i0.wp.com\/www.shqiperia.com\/blog\/wp-content\/uploads\/2020\/11\/7b85c60a-9a69-429a-adaf-14ea61f4b937-Copy-300x169.jpg?resize=350%2C200&ssl=1","width":350,"height":200},"classes":[]},{"id":35585,"url":"https:\/\/www.shqiperia.com\/blog\/tre-kambere-ne-nje-dere-ekspozite-me-karikatura-nga-bujar-kapexhiu\/","url_meta":{"origin":29412,"position":4},"title":"\u201cTre kamber\u00eb n\u00eb nj\u00eb der\u00eb\u201d\/ Ekspozit\u00eb me karikatura nga Bujar Kapexhiu","author":"Kurt Farka","date":"June 10, 2020","format":false,"excerpt":"\u201cTre kamber\u00eb n\u00eb nj\u00eb der\u00eb\u201d\/ Ekspozit\u00eb me karikatura nga Bujar Kapexhiu - 09\/06\/20 Karikatur\u00ebn, k\u00ebt\u00eb krijimtari t\u00eb zhanrit figurativ, q\u00eb subjektet dhe tematik\u00ebn i p\u00ebrshtat sipas strukturave origjinale t\u00eb artit komik, fare pak e gjen n\u00eb shtypin periodik. Arti komik aq i p\u00eblqyer e i ndjekur nga lexuesit n\u00eb let\u00ebrsi\u2026","rel":"","context":"In &quot;Arte&quot;","block_context":{"text":"Arte","link":"https:\/\/www.shqiperia.com\/blog\/category\/arte\/"},"img":{"alt_text":"","src":"https:\/\/i0.wp.com\/www.shqiperia.com\/blog\/wp-content\/uploads\/2020\/06\/Bujar-Kapexhiu4.jpg?fit=640%2C343&ssl=1&resize=350%2C200","width":350,"height":200,"srcset":"https:\/\/i0.wp.com\/www.shqiperia.com\/blog\/wp-content\/uploads\/2020\/06\/Bujar-Kapexhiu4.jpg?fit=640%2C343&ssl=1&resize=350%2C200 1x, https:\/\/i0.wp.com\/www.shqiperia.com\/blog\/wp-content\/uploads\/2020\/06\/Bujar-Kapexhiu4.jpg?fit=640%2C343&ssl=1&resize=525%2C300 1.5x"},"classes":[]},{"id":23355,"url":"https:\/\/www.shqiperia.com\/blog\/a-eshte-ky-parlamenti-i-kllouneve-artisti-bujar-kapexhiu-e-ka-nje-pergjigje\/","url_meta":{"origin":29412,"position":5},"title":"A \u00ebsht\u00eb ky parlamenti i klloun\u00ebve? Artisti Bujar Kapexhiu e ka nj\u00eb p\u00ebrgjigje&#8230;.","author":"Kurt Farka","date":"July 21, 2019","format":false,"excerpt":"A \u00ebsht\u00eb ky parlamenti i klloun\u00ebve? Artisti Bujar Kapexhiu e ka nj\u00eb p\u00ebrgjigje.... 14:14,\u00a021\/07\/2019 Karikatura politike po z\u00eb vend \u00e7do dit\u00eb e m\u00eb shum\u00eb n\u00eb punimet e va\u00e7anta t\u00eb artistit shum\u00eb dimensional Bujar Kapexhiu. N\u00eb punimin e fundit ai ka trajtuar nj\u00eb tem\u00eb shum\u00eb t\u00eb nxeht\u00eb t\u00eb debateve publike dhe\u2026","rel":"","context":"In &quot;Arte&quot;","block_context":{"text":"Arte","link":"https:\/\/www.shqiperia.com\/blog\/category\/arte\/"},"img":{"alt_text":"","src":"https:\/\/i0.wp.com\/www.shqiperia.com\/blog\/wp-content\/uploads\/2019\/07\/Parlamenti-i-Kllouneve.jpg?fit=802%2C404&ssl=1&resize=350%2C200","width":350,"height":200,"srcset":"https:\/\/i0.wp.com\/www.shqiperia.com\/blog\/wp-content\/uploads\/2019\/07\/Parlamenti-i-Kllouneve.jpg?fit=802%2C404&ssl=1&resize=350%2C200 1x, https:\/\/i0.wp.com\/www.shqiperia.com\/blog\/wp-content\/uploads\/2019\/07\/Parlamenti-i-Kllouneve.jpg?fit=802%2C404&ssl=1&resize=525%2C300 1.5x, https:\/\/i0.wp.com\/www.shqiperia.com\/blog\/wp-content\/uploads\/2019\/07\/Parlamenti-i-Kllouneve.jpg?fit=802%2C404&ssl=1&resize=700%2C400 2x"},"classes":[]}],"_links":{"self":[{"href":"https:\/\/www.shqiperia.com\/blog\/wp-json\/wp\/v2\/posts\/29412","targetHints":{"allow":["GET"]}}],"collection":[{"href":"https:\/\/www.shqiperia.com\/blog\/wp-json\/wp\/v2\/posts"}],"about":[{"href":"https:\/\/www.shqiperia.com\/blog\/wp-json\/wp\/v2\/types\/post"}],"author":[{"embeddable":true,"href":"https:\/\/www.shqiperia.com\/blog\/wp-json\/wp\/v2\/users\/9"}],"replies":[{"embeddable":true,"href":"https:\/\/www.shqiperia.com\/blog\/wp-json\/wp\/v2\/comments?post=29412"}],"version-history":[{"count":1,"href":"https:\/\/www.shqiperia.com\/blog\/wp-json\/wp\/v2\/posts\/29412\/revisions"}],"predecessor-version":[{"id":29416,"href":"https:\/\/www.shqiperia.com\/blog\/wp-json\/wp\/v2\/posts\/29412\/revisions\/29416"}],"wp:featuredmedia":[{"embeddable":true,"href":"https:\/\/www.shqiperia.com\/blog\/wp-json\/wp\/v2\/media\/29414"}],"wp:attachment":[{"href":"https:\/\/www.shqiperia.com\/blog\/wp-json\/wp\/v2\/media?parent=29412"}],"wp:term":[{"taxonomy":"category","embeddable":true,"href":"https:\/\/www.shqiperia.com\/blog\/wp-json\/wp\/v2\/categories?post=29412"},{"taxonomy":"post_tag","embeddable":true,"href":"https:\/\/www.shqiperia.com\/blog\/wp-json\/wp\/v2\/tags?post=29412"}],"curies":[{"name":"wp","href":"https:\/\/api.w.org\/{rel}","templated":true}]}}