{"id":29409,"date":"2019-12-17T11:42:17","date_gmt":"2019-12-17T11:42:17","guid":{"rendered":"https:\/\/www.shqiperia.com\/blog\/?p=29409"},"modified":"2019-12-17T11:42:17","modified_gmt":"2019-12-17T11:42:17","slug":"komisionerja-e-kie-paketa-anti-shpifje-jo-ne-standartet-europiane-rishikojeni","status":"publish","type":"post","link":"https:\/\/www.shqiperia.com\/blog\/komisionerja-e-kie-paketa-anti-shpifje-jo-ne-standartet-europiane-rishikojeni\/","title":{"rendered":"Komisionerja e KiE: &#8211; Paketa \u2018anti-shpifje\u2019, jo n\u00eb standartet europiane. Rishikojeni! &#8211;"},"content":{"rendered":"<p><img data-recalc-dims=\"1\" loading=\"lazy\" decoding=\"async\" data-attachment-id=\"29410\" data-permalink=\"https:\/\/www.shqiperia.com\/blog\/komisionerja-e-kie-paketa-anti-shpifje-jo-ne-standartet-europiane-rishikojeni\/dunja-mijatovic-komisionere-e-keshillit-te-europes-per-te-drejtat-e-njeriut\/\" data-orig-file=\"https:\/\/i0.wp.com\/www.shqiperia.com\/blog\/wp-content\/uploads\/2019\/12\/Dunja-Mijatovi%C3%A7-komisionere-e-K%C3%ABshillit-t%C3%AB-Europ%C3%ABs-p%C3%ABr-t%C3%AB-Drejtat-e-Njeriut.jpg?fit=905%2C450&amp;ssl=1\" data-orig-size=\"905,450\" data-comments-opened=\"1\" data-image-meta=\"{&quot;aperture&quot;:&quot;0&quot;,&quot;credit&quot;:&quot;&quot;,&quot;camera&quot;:&quot;&quot;,&quot;caption&quot;:&quot;&quot;,&quot;created_timestamp&quot;:&quot;0&quot;,&quot;copyright&quot;:&quot;&quot;,&quot;focal_length&quot;:&quot;0&quot;,&quot;iso&quot;:&quot;0&quot;,&quot;shutter_speed&quot;:&quot;0&quot;,&quot;title&quot;:&quot;&quot;,&quot;orientation&quot;:&quot;0&quot;}\" data-image-title=\"Dunja Mijatovi\u00e7, komisionere e K\u00ebshillit t\u00eb Europ\u00ebs p\u00ebr t\u00eb Drejtat e Njeriut\" data-image-description=\"\" data-image-caption=\"\" data-medium-file=\"https:\/\/i0.wp.com\/www.shqiperia.com\/blog\/wp-content\/uploads\/2019\/12\/Dunja-Mijatovi%C3%A7-komisionere-e-K%C3%ABshillit-t%C3%AB-Europ%C3%ABs-p%C3%ABr-t%C3%AB-Drejtat-e-Njeriut.jpg?fit=300%2C149&amp;ssl=1\" data-large-file=\"https:\/\/i0.wp.com\/www.shqiperia.com\/blog\/wp-content\/uploads\/2019\/12\/Dunja-Mijatovi%C3%A7-komisionere-e-K%C3%ABshillit-t%C3%AB-Europ%C3%ABs-p%C3%ABr-t%C3%AB-Drejtat-e-Njeriut.jpg?fit=905%2C450&amp;ssl=1\" class=\"alignnone  wp-image-29410\" alt=\"\" src=\"https:\/\/i0.wp.com\/www.shqiperia.com\/blog\/wp-content\/uploads\/2019\/12\/Dunja-Mijatovi%C3%A7-komisionere-e-K%C3%ABshillit-t%C3%AB-Europ%C3%ABs-p%C3%ABr-t%C3%AB-Drejtat-e-Njeriut.jpg?resize=572%2C284&#038;ssl=1\" width=\"572\" height=\"284\" srcset=\"https:\/\/i0.wp.com\/www.shqiperia.com\/blog\/wp-content\/uploads\/2019\/12\/Dunja-Mijatovi%C3%A7-komisionere-e-K%C3%ABshillit-t%C3%AB-Europ%C3%ABs-p%C3%ABr-t%C3%AB-Drejtat-e-Njeriut.jpg?resize=300%2C149&amp;ssl=1 300w, https:\/\/i0.wp.com\/www.shqiperia.com\/blog\/wp-content\/uploads\/2019\/12\/Dunja-Mijatovi%C3%A7-komisionere-e-K%C3%ABshillit-t%C3%AB-Europ%C3%ABs-p%C3%ABr-t%C3%AB-Drejtat-e-Njeriut.jpg?resize=768%2C382&amp;ssl=1 768w, https:\/\/i0.wp.com\/www.shqiperia.com\/blog\/wp-content\/uploads\/2019\/12\/Dunja-Mijatovi%C3%A7-komisionere-e-K%C3%ABshillit-t%C3%AB-Europ%C3%ABs-p%C3%ABr-t%C3%AB-Drejtat-e-Njeriut.jpg?resize=450%2C224&amp;ssl=1 450w, https:\/\/i0.wp.com\/www.shqiperia.com\/blog\/wp-content\/uploads\/2019\/12\/Dunja-Mijatovi%C3%A7-komisionere-e-K%C3%ABshillit-t%C3%AB-Europ%C3%ABs-p%C3%ABr-t%C3%AB-Drejtat-e-Njeriut.jpg?resize=600%2C298&amp;ssl=1 600w, https:\/\/i0.wp.com\/www.shqiperia.com\/blog\/wp-content\/uploads\/2019\/12\/Dunja-Mijatovi%C3%A7-komisionere-e-K%C3%ABshillit-t%C3%AB-Europ%C3%ABs-p%C3%ABr-t%C3%AB-Drejtat-e-Njeriut.jpg?resize=400%2C199&amp;ssl=1 400w, https:\/\/i0.wp.com\/www.shqiperia.com\/blog\/wp-content\/uploads\/2019\/12\/Dunja-Mijatovi%C3%A7-komisionere-e-K%C3%ABshillit-t%C3%AB-Europ%C3%ABs-p%C3%ABr-t%C3%AB-Drejtat-e-Njeriut.jpg?w=905&amp;ssl=1 905w\" sizes=\"auto, (max-width: 572px) 100vw, 572px\" \/><\/p>\n<p><strong>Komisionerja e KiE: &#8211; Paketa \u2018anti-shpifje\u2019, jo n\u00eb standartet europiane. Rishikojeni!<\/strong><\/p>\n<p>17, dhjetor 2019<\/p>\n<p>Dunja Mijatovi\u00e7, komisionere e K\u00ebshillit t\u00eb Europ\u00ebs p\u00ebr t\u00eb Drejtat e Njeriut iu bashkua korrit t\u00eb protestave kund\u00ebr projektligjeve t\u00eb qeveris\u00eb Rama duke k\u00ebrkuar rishikimin e tyre nga e para dhe duke i konsideruar ato \u201cnj\u00eb goditje e r\u00ebnd\u00eb p\u00ebr lirin\u00eb e shprehjes.\u201d<\/p>\n<p>Mijatovi\u00e7, e cila ka qen\u00eb m\u00eb her\u00ebt P\u00ebrfaq\u00ebsuese e OSBE-s\u00eb p\u00ebr Lirin\u00eb e Medias, e publikoi deklarat\u00ebn n\u00eb Facebook t\u00eb Mart\u00ebn m\u00eb 17 dhjetor.<\/p>\n<p>\u201cJam thell\u00ebsisht e shqet\u00ebsuar kur m\u00ebsova se k\u00ebt\u00eb jav\u00eb Parlamenti i Shqip\u00ebris\u00eb ka vijuar me ekzaminimin e dy projektligjeve, t\u00eb njohura si \u201cPaketa anti-shpifje.\u201d K\u00ebto ligje kan\u00eb nevoj\u00eb urgjente p\u00ebr p\u00ebrmir\u00ebsim,\u201d deklaroi Mijatovi\u00e7.<\/p>\n<p>\u201cN\u00eb t\u00eb v\u00ebrtet\u00eb, shum\u00eb nene jan\u00eb jo n\u00eb p\u00ebrputhje me standardet nd\u00ebrkomb\u00ebtare dhe europiane t\u00eb t\u00eb drejtave t\u00eb njeriut, t\u00eb cilat mbrojn\u00eb lirin\u00eb e shprehjes dhe lirin\u00eb e medias.<\/p>\n<p>Jam n\u00eb ve\u00e7anti e shqet\u00ebsuar se fuqi diskrecionare i jepen organeve rregullatore, me mund\u00ebsin\u00eb p\u00ebr t\u00eb imponuar gjoba t\u00eb tep\u00ebrta dhe p\u00ebr t\u00eb bllokuar faqe interneti pa nj\u00eb urdh\u00ebr gjykate, si dhe p\u00ebr vendosjen e rregullimit shtet\u00ebror p\u00ebr median online, gj\u00eb q\u00eb mund t\u2019i jap\u00eb nj\u00eb goditje t\u00eb fort\u00eb liris\u00eb s\u00eb shprehjes dhe liris\u00eb s\u00eb medias n\u00eb vend. Ka r\u00ebnd\u00ebsi t\u00eb jasht\u00ebzakonshme q\u00eb t\u00eb sigurohemi q\u00eb interneti t\u00eb mbetet i hapur dhe forum publik dhe q\u00eb t\u00eb mbizot\u00ebroj\u00eb vet\u00ebrregullimi n\u00eb media, p\u00ebrfshir\u00eb median online.\u201d<\/p>\n<p>Mujatovi\u00e7 i b\u00ebri thirrje Parlamentit t\u00eb Shqip\u00ebris\u00eb t\u00eb rishihkoj\u00eb draftet aktuale dhe t\u2019i sjell\u00eb ato n\u00eb p\u00ebrputhje me standardet e K\u00ebshillit t\u00eb Europ\u00ebs dhe \u00e7\u00ebshtjet gjyq\u00ebsore t\u00eb vendosura n\u00eb Gjykat\u00ebn Europiane t\u00eb t\u00eb Drejtave t\u00eb Njeriut.<\/p>\n<p>Mijatovi\u00e7 njihet n\u00eb Shqip\u00ebri p\u00ebr kund\u00ebrshtimin e saj t\u00eb ashp\u00ebr n\u00eb vitin 2015 ndaj nism\u00ebs s\u00eb at\u00ebhershme t\u00eb kryeministrit Edi Rama p\u00ebr \u201ckriminalizimin e shpifjes ndaj zyrtar\u00ebve t\u00eb lart\u00eb\u201d.<\/p>\n<p>o.j\/dita<\/p>\n","protected":false},"excerpt":{"rendered":"<p>Komisionerja e KiE: &#8211; Paketa \u2018anti-shpifje\u2019, jo n\u00eb standartet europiane. Rishikojeni! 17, dhjetor 2019 Dunja Mijatovi\u00e7, komisionere e K\u00ebshillit t\u00eb Europ\u00ebs p\u00ebr t\u00eb Drejtat e Njeriut iu bashkua korrit t\u00eb protestave kund\u00ebr projektligjeve t\u00eb qeveris\u00eb Rama duke k\u00ebrkuar rishikimin e tyre nga e para dhe duke i konsideruar ato \u201cnj\u00eb goditje e r\u00ebnd\u00eb p\u00ebr lirin\u00eb [&hellip;]<\/p>\n","protected":false},"author":9,"featured_media":29410,"comment_status":"open","ping_status":"open","sticky":false,"template":"","format":"standard","meta":{"jetpack_post_was_ever_published":false,"_jetpack_newsletter_access":"","_jetpack_dont_email_post_to_subs":false,"_jetpack_newsletter_tier_id":0,"_jetpack_memberships_contains_paywalled_content":false,"_jetpack_memberships_contains_paid_content":false,"footnotes":"","jetpack_publicize_message":"","jetpack_publicize_feature_enabled":true,"jetpack_social_post_already_shared":true,"jetpack_social_options":{"image_generator_settings":{"template":"highway","default_image_id":0,"font":"","enabled":false},"version":2}},"categories":[27,1],"tags":[],"class_list":["post-29409","post","type-post","status-publish","format-standard","has-post-thumbnail","hentry","category-blogu-i-udhetarit","category-njoftime-shtypi"],"jetpack_publicize_connections":[],"jetpack_featured_media_url":"https:\/\/i0.wp.com\/www.shqiperia.com\/blog\/wp-content\/uploads\/2019\/12\/Dunja-Mijatovi%C3%A7-komisionere-e-K%C3%ABshillit-t%C3%AB-Europ%C3%ABs-p%C3%ABr-t%C3%AB-Drejtat-e-Njeriut.jpg?fit=905%2C450&ssl=1","jetpack_sharing_enabled":true,"jetpack_shortlink":"https:\/\/wp.me\/p5Z6wp-7El","jetpack-related-posts":[{"id":29452,"url":"https:\/\/www.shqiperia.com\/blog\/paketa-anti-shpifje-debat-brenda-grupit-te-ps-bushati-po-nxitohemi\/","url_meta":{"origin":29409,"position":0},"title":"Paketa Anti-shpifje, debat brenda grupit t\u00eb PS, Bushati: Po nxitohemi. &#8211;","author":"Kurt Farka","date":"December 18, 2019","format":false,"excerpt":"Paketa Anti-shpifje, debat brenda grupit t\u00eb PS, Bushati: Po nxitohemi 18 dhjetor 2019 Nderkohe qe perpara Parlamentit, gazetare, njerez te medias dhe qytetare ne mbeshtetje te fjales se lire protestojne kunder paketes se Qeverise, per Anti-shpifjen, pak para nisjes se sences plenare te Kuvendit, ka pasur debate ne mbledhjen e\u2026","rel":"","context":"In &quot;Blogu i Udh\u00ebtarit&quot;","block_context":{"text":"Blogu i Udh\u00ebtarit","link":"https:\/\/www.shqiperia.com\/blog\/category\/blogu-i-udhetarit\/"},"img":{"alt_text":"","src":"https:\/\/i0.wp.com\/www.shqiperia.com\/blog\/wp-content\/uploads\/2019\/12\/protesta-gazetaret4-1.jpg?fit=1200%2C741&ssl=1&resize=350%2C200","width":350,"height":200,"srcset":"https:\/\/i0.wp.com\/www.shqiperia.com\/blog\/wp-content\/uploads\/2019\/12\/protesta-gazetaret4-1.jpg?fit=1200%2C741&ssl=1&resize=350%2C200 1x, https:\/\/i0.wp.com\/www.shqiperia.com\/blog\/wp-content\/uploads\/2019\/12\/protesta-gazetaret4-1.jpg?fit=1200%2C741&ssl=1&resize=525%2C300 1.5x, https:\/\/i0.wp.com\/www.shqiperia.com\/blog\/wp-content\/uploads\/2019\/12\/protesta-gazetaret4-1.jpg?fit=1200%2C741&ssl=1&resize=700%2C400 2x, https:\/\/i0.wp.com\/www.shqiperia.com\/blog\/wp-content\/uploads\/2019\/12\/protesta-gazetaret4-1.jpg?fit=1200%2C741&ssl=1&resize=1050%2C600 3x"},"classes":[]},{"id":29384,"url":"https:\/\/www.shqiperia.com\/blog\/paketa-anti-shpifje-ceka-si-do-beje-kryeministri-me-tifozet-qe-therrasin-rama-ik-do-te-mbylle-stadiumin\/","url_meta":{"origin":29409,"position":1},"title":"Paketa anti-shpifje, Ceka: Si do b\u00ebj\u00eb kryeministri me tifoz\u00ebt q\u00eb th\u00ebrrasin \u2018Rama ik\u2019, do t\u00eb mbyll\u00eb stadiumin?","author":"Kurt Farka","date":"December 16, 2019","format":false,"excerpt":"Paketa anti-shpifje, Ceka: Si do b\u00ebj\u00eb kryeministri me tifoz\u00ebt q\u00eb th\u00ebrrasin \u2018Rama ik\u2019, do t\u00eb mbyll\u00eb stadiumin? 16\/12\/2019 Neritan Ceka tha n\u00eb emisionin se ky ligji p\u00ebr anti-shpifjen \u00a0nuk e b\u00ebn dallimin e krimit nga shkelja. Arkeologu Ceka solli rastin kur tifoz\u00ebt n\u00eb stadium brohorasin \"Rama ik!\" Neritan Ceka: Si\u2026","rel":"","context":"In &quot;Blogu i Udh\u00ebtarit&quot;","block_context":{"text":"Blogu i Udh\u00ebtarit","link":"https:\/\/www.shqiperia.com\/blog\/category\/blogu-i-udhetarit\/"},"img":{"alt_text":"","src":"https:\/\/i0.wp.com\/www.shqiperia.com\/blog\/wp-content\/uploads\/2019\/12\/ceka_5.jpg?resize=350%2C200&ssl=1","width":350,"height":200,"srcset":"https:\/\/i0.wp.com\/www.shqiperia.com\/blog\/wp-content\/uploads\/2019\/12\/ceka_5.jpg?resize=350%2C200&ssl=1 1x, https:\/\/i0.wp.com\/www.shqiperia.com\/blog\/wp-content\/uploads\/2019\/12\/ceka_5.jpg?resize=525%2C300&ssl=1 1.5x"},"classes":[]},{"id":22825,"url":"https:\/\/www.shqiperia.com\/blog\/qeveria-rikthen-projektligjet-drakoniake-kunder-medias\/","url_meta":{"origin":29409,"position":2},"title":"Qeveria rikthen projektligjet drakoniake kund\u00ebr medias","author":"shqiperia","date":"July 4, 2019","format":false,"excerpt":"Gjergj Erebara - Reporter.al Qeveria shqiptare b\u00ebri t\u00eb ditur se ka miratuar dhe ka b\u00ebr\u00eb gati p\u00ebr t\u00eb d\u00ebrguar n\u00eb parlament t\u00eb shum\u00ebdebatuar\u00ebn \u201cpaket\u00eb antishpifje\u201d, por p\u00ebrmbajtja e paket\u00ebs dhe n\u00ebse ajo ndryshon apo jo nga draftet e shum\u00ebkritikuara t\u00eb prezantuara dhjetorin e kaluar, nuk \u00ebsht\u00eb e mundur t\u00eb dihet\u2026","rel":"","context":"In &quot;Politika&quot;","block_context":{"text":"Politika","link":"https:\/\/www.shqiperia.com\/blog\/category\/politika\/"},"img":{"alt_text":"","src":"https:\/\/i0.wp.com\/www.shqiperia.com\/blog\/wp-content\/uploads\/2019\/07\/etilda-gjonaj.jpg?fit=538%2C400&ssl=1&resize=350%2C200","width":350,"height":200,"srcset":"https:\/\/i0.wp.com\/www.shqiperia.com\/blog\/wp-content\/uploads\/2019\/07\/etilda-gjonaj.jpg?fit=538%2C400&ssl=1&resize=350%2C200 1x, https:\/\/i0.wp.com\/www.shqiperia.com\/blog\/wp-content\/uploads\/2019\/07\/etilda-gjonaj.jpg?fit=538%2C400&ssl=1&resize=525%2C300 1.5x"},"classes":[]},{"id":29437,"url":"https:\/\/www.shqiperia.com\/blog\/e-rralle-televizionet-nderpresin-transmetimin-dhe-bojkotojne-kuvendin\/","url_meta":{"origin":29409,"position":3},"title":"E rrall\u00eb, televizionet nd\u00ebrpresin transmetimin dhe bojkotojn\u00eb Kuvendin. &#8211;","author":"Kurt Farka","date":"December 18, 2019","format":false,"excerpt":"E rrall\u00eb, televizionet nd\u00ebrpresin transmetimin dhe bojkotojn\u00eb Kuvendin. 18\/12\/2019 - 10:55 Mediat kan\u00eb bojkotouar si rrall\u00ebher\u00eb seanc\u00ebn plenare t\u00eb Kuvendit ku pritet t\u00eb kaloj\u00eb paketa anti-shpifje. T\u00eb gjitha kamerat jan\u00eb stacionuar te protesta e gazetar\u00ebve t\u00eb cil\u00ebt jan\u00eb duke protestuar kund\u00ebr k\u00ebtij propjektligji.Teksa kreu i Grupi t\u00eb PS mori fjal\u00ebn,\u2026","rel":"","context":"In &quot;Blogu i Udh\u00ebtarit&quot;","block_context":{"text":"Blogu i Udh\u00ebtarit","link":"https:\/\/www.shqiperia.com\/blog\/category\/blogu-i-udhetarit\/"},"img":{"alt_text":"","src":"https:\/\/i0.wp.com\/www.shqiperia.com\/blog\/wp-content\/uploads\/2019\/12\/8_17.jpg?resize=350%2C200&ssl=1","width":350,"height":200,"srcset":"https:\/\/i0.wp.com\/www.shqiperia.com\/blog\/wp-content\/uploads\/2019\/12\/8_17.jpg?resize=350%2C200&ssl=1 1x, https:\/\/i0.wp.com\/www.shqiperia.com\/blog\/wp-content\/uploads\/2019\/12\/8_17.jpg?resize=525%2C300&ssl=1 1.5x"},"classes":[]},{"id":29431,"url":"https:\/\/www.shqiperia.com\/blog\/censura-gazetaret-ne-proteste-te-refuzojme-regjimin-diktatorial\/","url_meta":{"origin":29409,"position":4},"title":"\u201cCensura\u201d, gazetar\u00ebt n\u00eb protest\u00eb: T\u00eb refuzojm\u00eb regjimin diktatorial. &#8211;","author":"Kurt Farka","date":"December 18, 2019","format":false,"excerpt":"\u201cCensura\u201d, gazetar\u00ebt n\u00eb protest\u00eb: T\u00eb refuzojm\u00eb regjimin diktatorial 18 dhjetor 2019 P\u00ebrfaq\u00ebsues t\u00eb mediave dhe aktivist\u00eb t\u00eb Shoq\u00ebris\u00eb Civile jan\u00eb mbledhur para Kuvendit p\u00ebr t\u00eb protestuar kund\u00ebr \u201cpaket\u00ebs Anti-shpifje\u201d, e parashikuar n\u00eb rendin e dit\u00ebs p\u00ebr t\u2019u miratuar sot. Protesta nisi n\u00eb or\u00ebn 09:30, para Parlamentit, pak para se deputet\u00ebt\u2026","rel":"","context":"In &quot;Kultura&quot;","block_context":{"text":"Kultura","link":"https:\/\/www.shqiperia.com\/blog\/category\/kultura\/"},"img":{"alt_text":"","src":"https:\/\/i0.wp.com\/www.shqiperia.com\/blog\/wp-content\/uploads\/2019\/12\/protesta-gazetaret4.jpg?fit=1200%2C900&ssl=1&resize=350%2C200","width":350,"height":200,"srcset":"https:\/\/i0.wp.com\/www.shqiperia.com\/blog\/wp-content\/uploads\/2019\/12\/protesta-gazetaret4.jpg?fit=1200%2C900&ssl=1&resize=350%2C200 1x, https:\/\/i0.wp.com\/www.shqiperia.com\/blog\/wp-content\/uploads\/2019\/12\/protesta-gazetaret4.jpg?fit=1200%2C900&ssl=1&resize=525%2C300 1.5x, https:\/\/i0.wp.com\/www.shqiperia.com\/blog\/wp-content\/uploads\/2019\/12\/protesta-gazetaret4.jpg?fit=1200%2C900&ssl=1&resize=700%2C400 2x, https:\/\/i0.wp.com\/www.shqiperia.com\/blog\/wp-content\/uploads\/2019\/12\/protesta-gazetaret4.jpg?fit=1200%2C900&ssl=1&resize=1050%2C600 3x"},"classes":[]},{"id":30307,"url":"https:\/\/www.shqiperia.com\/blog\/unioni-i-gazetareve-mbeshtet-vendimin-e-presidentit-meta-per-kthimin-ne-kuvend-te-paketes-antishpifje\/","url_meta":{"origin":29409,"position":5},"title":"Unioni i Gazetar\u00ebve mb\u00ebshtet vendimin e Presidentit Meta p\u00ebr kthimin n\u00eb Kuvend t\u00eb paket\u00ebs \u201cantishpifje\u201d.","author":"Kurt Farka","date":"January 13, 2020","format":false,"excerpt":"Unioni i Gazetar\u00ebve mb\u00ebshtet vendimin e Presidentit Meta p\u00ebr kthimin n\u00eb Kuvend t\u00eb paket\u00ebs \u201cantishpifje\u201d. 12 janar 2020 Pas vendimit t\u00eb Presidentit t\u00eb Republik\u00ebs, Ilir Meta p\u00ebr t\u00eb kthyer n\u00eb Kuvendin draftin \u201canti-shpifje\u201d, Unioni i Gazetar\u00ebve Shqiptar\u00eb p\u00ebrsh\u00ebndet vendimin, duke theksuar se paketa u kund\u00ebrshtua gjer\u00ebsisht nga nj\u00eb s\u00ebr\u00eb grupimesh\u2026","rel":"","context":"In &quot;Blogu i Udh\u00ebtarit&quot;","block_context":{"text":"Blogu i Udh\u00ebtarit","link":"https:\/\/www.shqiperia.com\/blog\/category\/blogu-i-udhetarit\/"},"img":{"alt_text":"","src":"https:\/\/i0.wp.com\/www.shqiperia.com\/blog\/wp-content\/uploads\/2020\/01\/5-1-1.jpg?fit=846%2C486&ssl=1&resize=350%2C200","width":350,"height":200,"srcset":"https:\/\/i0.wp.com\/www.shqiperia.com\/blog\/wp-content\/uploads\/2020\/01\/5-1-1.jpg?fit=846%2C486&ssl=1&resize=350%2C200 1x, https:\/\/i0.wp.com\/www.shqiperia.com\/blog\/wp-content\/uploads\/2020\/01\/5-1-1.jpg?fit=846%2C486&ssl=1&resize=525%2C300 1.5x, https:\/\/i0.wp.com\/www.shqiperia.com\/blog\/wp-content\/uploads\/2020\/01\/5-1-1.jpg?fit=846%2C486&ssl=1&resize=700%2C400 2x"},"classes":[]}],"_links":{"self":[{"href":"https:\/\/www.shqiperia.com\/blog\/wp-json\/wp\/v2\/posts\/29409","targetHints":{"allow":["GET"]}}],"collection":[{"href":"https:\/\/www.shqiperia.com\/blog\/wp-json\/wp\/v2\/posts"}],"about":[{"href":"https:\/\/www.shqiperia.com\/blog\/wp-json\/wp\/v2\/types\/post"}],"author":[{"embeddable":true,"href":"https:\/\/www.shqiperia.com\/blog\/wp-json\/wp\/v2\/users\/9"}],"replies":[{"embeddable":true,"href":"https:\/\/www.shqiperia.com\/blog\/wp-json\/wp\/v2\/comments?post=29409"}],"version-history":[{"count":1,"href":"https:\/\/www.shqiperia.com\/blog\/wp-json\/wp\/v2\/posts\/29409\/revisions"}],"predecessor-version":[{"id":29411,"href":"https:\/\/www.shqiperia.com\/blog\/wp-json\/wp\/v2\/posts\/29409\/revisions\/29411"}],"wp:featuredmedia":[{"embeddable":true,"href":"https:\/\/www.shqiperia.com\/blog\/wp-json\/wp\/v2\/media\/29410"}],"wp:attachment":[{"href":"https:\/\/www.shqiperia.com\/blog\/wp-json\/wp\/v2\/media?parent=29409"}],"wp:term":[{"taxonomy":"category","embeddable":true,"href":"https:\/\/www.shqiperia.com\/blog\/wp-json\/wp\/v2\/categories?post=29409"},{"taxonomy":"post_tag","embeddable":true,"href":"https:\/\/www.shqiperia.com\/blog\/wp-json\/wp\/v2\/tags?post=29409"}],"curies":[{"name":"wp","href":"https:\/\/api.w.org\/{rel}","templated":true}]}}